{"id":200300,"date":"2019-02-14T14:32:28","date_gmt":"2019-02-14T16:32:28","guid":{"rendered":"https:\/\/franciscanos.org.br\/noticias\/?p=200300"},"modified":"2021-01-27T08:04:58","modified_gmt":"2021-01-27T11:04:58","slug":"o-papel-do-comunicador-diante-das-politicas-publicas","status":"publish","type":"post","link":"https:\/\/franciscanos.org.br\/noticias\/o-papel-do-comunicador-diante-das-politicas-publicas.html","title":{"rendered":"O papel do comunicador diante das Pol\u00edticas P\u00fablicas"},"content":{"rendered":"<p><img loading=\"lazy\" class=\"alignnone size-full wp-image-200302\" src=\"https:\/\/franciscanos.org.br\/noticias\/wp-content\/uploads\/2019\/02\/comunicacao2_190219.jpg\" alt=\"\" width=\"980\" height=\"551\" srcset=\"https:\/\/franciscanos.org.br\/noticias\/wp-content\/uploads\/2019\/02\/comunicacao2_190219.jpg 980w, https:\/\/franciscanos.org.br\/noticias\/wp-content\/uploads\/2019\/02\/comunicacao2_190219-450x253.jpg 450w, https:\/\/franciscanos.org.br\/noticias\/wp-content\/uploads\/2019\/02\/comunicacao2_190219-768x432.jpg 768w, https:\/\/franciscanos.org.br\/noticias\/wp-content\/uploads\/2019\/02\/comunicacao2_190219-150x84.jpg 150w\" sizes=\"(max-width: 980px) 100vw, 980px\" \/><\/p>\n<p><strong>S\u00e3o Paulo (SP) &#8211;<\/strong> Retomando o Programa de Forma\u00e7\u00e3o Permanente, a Frente da Comunica\u00e7\u00e3o da Prov\u00edncia Franciscana da Imaculada Concei\u00e7\u00e3o realizou nesta quarta-feira (13) o primeiro encontro do ano, via videoconfer\u00eancia, reunindo os colaboradores da Rede Celinauta, de Pato Branco (PR); Funda\u00e7\u00e3o Frei Rog\u00e9rio, de Curitibanos (SC); Grupo Educacional Bom Jesus, de Curitiba (PR); Universidade S\u00e3o Francisco, de Bragan\u00e7a Paulista (SP); Servi\u00e7o Franciscano de Solidariedade (Sefras), de S\u00e3o Paulo (SP); Editora Vozes e os frades estudantes do tempo da Teologia, de Petr\u00f3polis (RJ) e Sede Provincial, em S\u00e3o Paulo (SP).<\/p>\n<p>Neste ano, a CF apresenta o tema &#8220;Fraternidade e Pol\u00edticas P\u00fablicas&#8221; e quer estimular a participa\u00e7\u00e3o dos crist\u00e3os nas Pol\u00edticas P\u00fablicas, tendo sempre no horizonte a Palavra de Deus e a Doutrina Social da Igreja. Para aprofundar este tema, os colaboradores contaram com a assessoria de Frei Gustavo Medella, Vig\u00e1rio Provincial e Secret\u00e1rio para a Evangeliza\u00e7\u00e3o da Prov\u00edncia.<\/p>\n<p>Segundo Frei Medella, muitas vezes, as pessoas n\u00e3o procuram saber como as Pol\u00edticas P\u00fablicas funcionam, ocasionando uma vis\u00e3o distorcida sobre os direitos dos cidad\u00e3os. &#8220;N\u00f3s sabemos que, de fato, falta ao cidad\u00e3o esta no\u00e7\u00e3o. Muitas vezes, todo direito \u00e9 quase que encarado como um favor. Por exemplo, por que um paciente com uma doen\u00e7a grave tem o seu medicamento de alto custo oferecido gratuitamente? Primeiro que n\u00e3o \u00e9 gratuito, \u00e9 um direito, uma pol\u00edtica que se construiu. Assim como a gratuidade para quem tem mais de 60 anos, os projetos de acessibilidade, o Bolsa-fam\u00edlia, uma infinidade de servi\u00e7os que foram sendo implantados e fazem parte das Pol\u00edticas P\u00fablicas, com uma incid\u00eancia central na vida das pessoas. Nem sempre, contudo, os cidad\u00e3os t\u00eam esta consci\u00eancia\u201d, alertou.<\/p>\n<p>Com a aus\u00eancia da participa\u00e7\u00e3o popular, as Pol\u00edticas P\u00fablicas tendem a refletir, como aponta o texto-base da CF, a for\u00e7a dos agentes de mercado, de um agente ou grupo pol\u00edtico ou as burocracias estatais. \u201cQuanto mais temos participa\u00e7\u00e3o popular, menos manipula\u00e7\u00e3o, haver\u00e1 menos sujei\u00e7\u00e3o a interesses particulares de grupos que, geralmente, mant\u00eam a for\u00e7a pelo poder econ\u00f4mico e acabam sujeitando a popula\u00e7\u00e3o e as pessoas. Creio que os exemplos tr\u00e1gicos e tristes de Mariana e, mais recentemente de Brumadinho, revelam esta tens\u00e3o entre o que \u00e9 o interesse p\u00fablico, o bem-estar das pessoas e de uma regi\u00e3o, a preserva\u00e7\u00e3o do meio-ambiente e os interesses privados de uma empresa que atua a partir da \u00f3tica do mercado. A elabora\u00e7\u00e3o das Pol\u00edticas P\u00fablicas visa equilibrar este jogo de for\u00e7as\u201d, acentuou o Vig\u00e1rio Provincial.<\/p>\n<p><strong>Papel do comunicador nas Pol\u00edticas P\u00fablicas<\/strong><\/p>\n<p>Ap\u00f3s a assessoria de Frei Gustavo, Frei Neuri Francisco Reinisch, diretor da Rede Celinauta de Comunica\u00e7\u00e3o e atual coordenador da Frente de Evangeliza\u00e7\u00e3o da Comunica\u00e7\u00e3o, convidou os participantes a partilharem observa\u00e7\u00f5es sobre o tema apresentado e os trabalhos realizados em cada institui\u00e7\u00e3o na \u00f3tica da CF.<\/p>\n<p>O jornalista Betto Rossatti, da TV Sudoeste, em Pato Branco, alertou para a necessidade de conscientizar os cidad\u00e3os a respeito de seu papel nas Pol\u00edticas P\u00fablicas, atuando como agentes do direito. Para ele, o lema da CF deste ano, \u201cSer\u00e1s libertado pelo direito e pela justi\u00e7a\u201d, assume um car\u00e1ter muito concreto na rela\u00e7\u00e3o entre jornalistas e fontes. &#8220;Quando lan\u00e7amos esta frase ao vento, parece um pouco abstrata, mas ela est\u00e1 presente, ligada \u00e0 hist\u00f3ria das pessoas. Quando elas assumem uma face e se materializam atrav\u00e9s de direitos n\u00e3o observados pelas pessoas, percebemos a import\u00e2ncia da CF deste ano\u201d, relatou. O profissional contou que, na manh\u00e3 deste mesmo dia, uma pessoa procurou a reda\u00e7\u00e3o da emissora para pedir ajuda, pois precisava urgentemente ser atendida numa unidade de sa\u00fade, pois corria o risco de perder a vis\u00e3o e n\u00e3o conseguiu atendimento m\u00e9dico. \u201cSomos o elo entre as pessoas que t\u00eam a expectativa de direito e as pessoas que possuem o poder para conceder aquele direito. Temos um papel de conscientiza\u00e7\u00e3o, de cobran\u00e7a, de aplica\u00e7\u00e3o deste direito e justi\u00e7a na pr\u00e1tica, no mundo das pessoas que convivem conosco, que ouvem os nossos meios. N\u00f3s, enquanto ve\u00edculos de comunica\u00e7\u00e3o inseridos neste contexto, temos que fazer valer tudo isso\u201d, afirmou. Para ele, este tipo de den\u00fancia n\u00e3o pode ser feita de forma sensacionalista, fazendo um linchamento virtual das autoridades respons\u00e1veis. &#8220;Isto n\u00e3o resolve nada, apenas diz aquilo que o povo quer ouvir, mas que n\u00e3o cumpre a fun\u00e7\u00e3o social da comunica\u00e7\u00e3o\u201d, frisou Rossatti.<\/p>\n<p>O jornalista Juliano Franco Zemuner, do Grupo Educacional Bom Jesus, alertou que \u00e9 necess\u00e1rio que os cidad\u00e3os tomem consci\u00eancia de seus direitos e os agentes da comunica\u00e7\u00e3o s\u00e3o fundamentais neste processo. \u201cO acesso \u00e0 informa\u00e7\u00e3o \u00e9 a base para que as pessoas se empoderem de seus direitos, saibam que os servi\u00e7os oferecidos pelo Estado s\u00e3o direitos adquiridos. Nossa fun\u00e7\u00e3o \u00e9 levar esta informa\u00e7\u00e3o de maneira did\u00e1tica e ampla\u201d, acrescentou.<\/p>\n<p>Na Universidade S\u00e3o Francisco, o trabalho de fomento das Pol\u00edticas P\u00fablicas \u00e9 feito atrav\u00e9s do atendimento da popula\u00e7\u00e3o nos munic\u00edpios em que a Universidade est\u00e1 presente. \u201cAnualmente, atendemos mais de 200 mil pessoas dentro de programas sociais, de servi\u00e7os na \u00e1rea da sa\u00fade, defensoria p\u00fablica, entre outros\u201d, afirmou Ana Paula Moreira.<\/p>\n<div id=\"attachment_200301\" style=\"width: 990px\" class=\"wp-caption alignnone\"><img aria-describedby=\"caption-attachment-200301\" loading=\"lazy\" class=\"wp-image-200301 size-full\" src=\"https:\/\/franciscanos.org.br\/noticias\/wp-content\/uploads\/2019\/02\/comunicacaoG_140219.jpg\" alt=\"\" width=\"980\" height=\"550\" srcset=\"https:\/\/franciscanos.org.br\/noticias\/wp-content\/uploads\/2019\/02\/comunicacaoG_140219.jpg 980w, https:\/\/franciscanos.org.br\/noticias\/wp-content\/uploads\/2019\/02\/comunicacaoG_140219-450x253.jpg 450w, https:\/\/franciscanos.org.br\/noticias\/wp-content\/uploads\/2019\/02\/comunicacaoG_140219-768x431.jpg 768w, https:\/\/franciscanos.org.br\/noticias\/wp-content\/uploads\/2019\/02\/comunicacaoG_140219-150x84.jpg 150w\" sizes=\"(max-width: 980px) 100vw, 980px\" \/><p id=\"caption-attachment-200301\" class=\"wp-caption-text\">Frei Gustavo Medella<\/p><\/div>\n<p>Frei Neuri alertou que a pol\u00edtica deve visar o bem-comum e que a miss\u00e3o dos meios de comunica\u00e7\u00e3o deve ser a de facilitar este di\u00e1logo entre sociedade e Estado. &#8220;Temos que ter cuidado para n\u00e3o jogar a sociedade contra o Poder P\u00fablico institu\u00eddo. A pol\u00edtica \u00e9 sempre a promo\u00e7\u00e3o do bem comum. Nossa miss\u00e3o, enquanto formadores de opini\u00e3o, \u00e9 encorajar as pessoas para participar dos Conselhos parit\u00e1rios. N\u00e3o podemos ficar distantes dos Conselhos Municipais, que s\u00e3o grandes canais que reivindicam e acompanham o processo de promo\u00e7\u00e3o do ser humano dentro do meio social e de situa\u00e7\u00f5es espec\u00edficas e setoriais. Dentro daquilo que j\u00e1 fazemos, devemos ser os grandes promotores disso\u201d, aconselhou o coordenador da Frente.<\/p>\n<p><strong>Iniciativas para divulga\u00e7\u00e3o da CF<\/strong><\/p>\n<p>Em seguida foram partilhadas iniciativas realizadas em cada local para divulgar e trabalhar a CF. Para Editora Vozes, o fomento ao tema das Pol\u00edticas P\u00fablicas est\u00e1 presente desde a escolha do editorial, atrav\u00e9s de autores que incentivem a consci\u00eancia social e cr\u00edtica, \u201csobretudo neste momento hist\u00f3rico, em que se fala tanto em retirada de direitos e conquistas que a sociedade civil e o Estado tiveram nos \u00faltimos anos\u201d, apontou Teobaldo Heidemann, coordenador nacional de Vendas da Editora.<br \/>\nFrei Gustavo Medella falou sobre a s\u00e9rie de entrevistas sobre a CF, que est\u00e1 sendo produzida pela Frente da Comunica\u00e7\u00e3o. As entrevistas em \u00e1udio ser\u00e3o disponibilizadas em formato <em>podcast<\/em> no <a href=\"https:\/\/soundcloud.com\/provincia-franciscana\" target=\"_blank\" rel=\"noopener noreferrer\">Soundcloud<\/a> e na <a href=\"http:\/\/www.rcr.org.br\/multimidia\/podcasts\" target=\"_blank\" rel=\"noopener noreferrer\">Rede Cat\u00f3lica de R\u00e1dio<\/a> (RCR). O material tamb\u00e9m estar\u00e1 dispon\u00edvel no site da Prov\u00edncia Franciscana. Nesta semana, foi lan\u00e7ada a primeira entrevista, com Dom Leonardo Ulrich Steiner, Secret\u00e1rio-Geral da CNBB. (<strong><a href=\"https:\/\/franciscanos.org.br\/noticias\/d-leonardo-sejamos-ativos-na-construcao-de-politicas-publicas.html\" target=\"_blank\" rel=\"noopener noreferrer\">LEIA AQUI<\/a><\/strong>)<\/p>\n<p>O pr\u00f3ximo encontro de Forma\u00e7\u00e3o Permanente da Frente da Comunica\u00e7\u00e3o acontecer\u00e1 no dia 14 de mar\u00e7o e trabalhar\u00e1 o tema dos discurso de \u00f3dio e ataques nas redes sociais, tema sugerido por Frei Edrian Pasini, da Editora Vozes.<\/p>\n","protected":false},"excerpt":{"rendered":"<p>Frente da Comunica\u00e7\u00e3o <\/p>\n","protected":false},"author":1,"featured_media":200313,"comment_status":"open","ping_status":"open","sticky":false,"template":"","format":"standard","meta":[],"categories":[1],"tags":[550],"acf":[],"yoast_head":"<!-- This site is optimized with the Yoast SEO plugin v19.2 - https:\/\/yoast.com\/wordpress\/plugins\/seo\/ -->\n<title>O papel do comunicador diante das Pol\u00edticas P\u00fablicas - Not\u00edcias - Franciscanos<\/title>\n<meta name=\"robots\" content=\"index, follow, max-snippet:-1, max-image-preview:large, max-video-preview:-1\" \/>\n<link rel=\"canonical\" href=\"https:\/\/franciscanos.org.br\/noticias\/o-papel-do-comunicador-diante-das-politicas-publicas.html\" \/>\n<meta property=\"og:locale\" content=\"pt_BR\" \/>\n<meta property=\"og:type\" content=\"article\" \/>\n<meta property=\"og:title\" content=\"O papel do comunicador diante das Pol\u00edticas P\u00fablicas - Not\u00edcias - Franciscanos\" \/>\n<meta property=\"og:description\" content=\"Frente da Comunica\u00e7\u00e3o\" \/>\n<meta property=\"og:url\" content=\"https:\/\/franciscanos.org.br\/noticias\/o-papel-do-comunicador-diante-das-politicas-publicas.html\" \/>\n<meta property=\"og:site_name\" content=\"Not\u00edcias - Franciscanos\" \/>\n<meta property=\"article:published_time\" content=\"2019-02-14T16:32:28+00:00\" \/>\n<meta property=\"article:modified_time\" content=\"2021-01-27T11:04:58+00:00\" \/>\n<meta property=\"og:image\" content=\"https:\/\/franciscanos.org.br\/noticias\/wp-content\/uploads\/2019\/02\/comunicacaoP_140219-1.jpg\" \/>\n\t<meta property=\"og:image:width\" content=\"273\" \/>\n\t<meta property=\"og:image:height\" content=\"181\" \/>\n\t<meta property=\"og:image:type\" content=\"image\/jpeg\" \/>\n<meta name=\"author\" content=\"admin\" \/>\n<meta name=\"twitter:card\" content=\"summary_large_image\" \/>\n<meta name=\"twitter:label1\" content=\"Escrito por\" \/>\n\t<meta name=\"twitter:data1\" content=\"admin\" \/>\n\t<meta name=\"twitter:label2\" content=\"Est. tempo de leitura\" \/>\n\t<meta name=\"twitter:data2\" content=\"6 minutos\" \/>\n<script type=\"application\/ld+json\" class=\"yoast-schema-graph\">{\"@context\":\"https:\/\/schema.org\",\"@graph\":[{\"@type\":\"WebSite\",\"@id\":\"https:\/\/franciscanos.org.br\/noticias\/#website\",\"url\":\"https:\/\/franciscanos.org.br\/noticias\/\",\"name\":\"Not\u00edcias - Franciscanos\",\"description\":\"Prov\u00edncia Franciscana da Imaculada Concei\u00e7\u00e3o do Brasil - Ordem dos Frades Menores - OFM\",\"potentialAction\":[{\"@type\":\"SearchAction\",\"target\":{\"@type\":\"EntryPoint\",\"urlTemplate\":\"https:\/\/franciscanos.org.br\/noticias\/?s={search_term_string}\"},\"query-input\":\"required name=search_term_string\"}],\"inLanguage\":\"pt-BR\"},{\"@type\":\"ImageObject\",\"inLanguage\":\"pt-BR\",\"@id\":\"https:\/\/franciscanos.org.br\/noticias\/o-papel-do-comunicador-diante-das-politicas-publicas.html#primaryimage\",\"url\":\"https:\/\/franciscanos.org.br\/noticias\/wp-content\/uploads\/2019\/02\/comunicacaoP_140219-1.jpg\",\"contentUrl\":\"https:\/\/franciscanos.org.br\/noticias\/wp-content\/uploads\/2019\/02\/comunicacaoP_140219-1.jpg\",\"width\":273,\"height\":181},{\"@type\":\"WebPage\",\"@id\":\"https:\/\/franciscanos.org.br\/noticias\/o-papel-do-comunicador-diante-das-politicas-publicas.html#webpage\",\"url\":\"https:\/\/franciscanos.org.br\/noticias\/o-papel-do-comunicador-diante-das-politicas-publicas.html\",\"name\":\"O papel do comunicador diante das Pol\u00edticas P\u00fablicas - Not\u00edcias - Franciscanos\",\"isPartOf\":{\"@id\":\"https:\/\/franciscanos.org.br\/noticias\/#website\"},\"primaryImageOfPage\":{\"@id\":\"https:\/\/franciscanos.org.br\/noticias\/o-papel-do-comunicador-diante-das-politicas-publicas.html#primaryimage\"},\"datePublished\":\"2019-02-14T16:32:28+00:00\",\"dateModified\":\"2021-01-27T11:04:58+00:00\",\"author\":{\"@id\":\"https:\/\/franciscanos.org.br\/noticias\/#\/schema\/person\/b38fbf43118f02820bd932f2e4b14ad3\"},\"breadcrumb\":{\"@id\":\"https:\/\/franciscanos.org.br\/noticias\/o-papel-do-comunicador-diante-das-politicas-publicas.html#breadcrumb\"},\"inLanguage\":\"pt-BR\",\"potentialAction\":[{\"@type\":\"ReadAction\",\"target\":[\"https:\/\/franciscanos.org.br\/noticias\/o-papel-do-comunicador-diante-das-politicas-publicas.html\"]}]},{\"@type\":\"BreadcrumbList\",\"@id\":\"https:\/\/franciscanos.org.br\/noticias\/o-papel-do-comunicador-diante-das-politicas-publicas.html#breadcrumb\",\"itemListElement\":[{\"@type\":\"ListItem\",\"position\":1,\"name\":\"Home\",\"item\":\"https:\/\/franciscanos.org.br\/noticias\"},{\"@type\":\"ListItem\",\"position\":2,\"name\":\"O papel do comunicador diante das Pol\u00edticas P\u00fablicas\"}]},{\"@type\":\"Person\",\"@id\":\"https:\/\/franciscanos.org.br\/noticias\/#\/schema\/person\/b38fbf43118f02820bd932f2e4b14ad3\",\"name\":\"admin\",\"image\":{\"@type\":\"ImageObject\",\"inLanguage\":\"pt-BR\",\"@id\":\"https:\/\/franciscanos.org.br\/noticias\/#\/schema\/person\/image\/\",\"url\":\"https:\/\/secure.gravatar.com\/avatar\/e8495742d34d0ba6448ea1c628263b3e?s=96&d=mm&r=g\",\"contentUrl\":\"https:\/\/secure.gravatar.com\/avatar\/e8495742d34d0ba6448ea1c628263b3e?s=96&d=mm&r=g\",\"caption\":\"admin\"},\"url\":\"https:\/\/franciscanos.org.br\/noticias\/author\/admin\"}]}<\/script>\n<!-- \/ Yoast SEO plugin. -->","yoast_head_json":{"title":"O papel do comunicador diante das Pol\u00edticas P\u00fablicas - Not\u00edcias - Franciscanos","robots":{"index":"index","follow":"follow","max-snippet":"max-snippet:-1","max-image-preview":"max-image-preview:large","max-video-preview":"max-video-preview:-1"},"canonical":"https:\/\/franciscanos.org.br\/noticias\/o-papel-do-comunicador-diante-das-politicas-publicas.html","og_locale":"pt_BR","og_type":"article","og_title":"O papel do comunicador diante das Pol\u00edticas P\u00fablicas - Not\u00edcias - Franciscanos","og_description":"Frente da Comunica\u00e7\u00e3o","og_url":"https:\/\/franciscanos.org.br\/noticias\/o-papel-do-comunicador-diante-das-politicas-publicas.html","og_site_name":"Not\u00edcias - Franciscanos","article_published_time":"2019-02-14T16:32:28+00:00","article_modified_time":"2021-01-27T11:04:58+00:00","og_image":[{"width":273,"height":181,"url":"https:\/\/franciscanos.org.br\/noticias\/wp-content\/uploads\/2019\/02\/comunicacaoP_140219-1.jpg","type":"image\/jpeg"}],"author":"admin","twitter_card":"summary_large_image","twitter_misc":{"Escrito por":"admin","Est. tempo de leitura":"6 minutos"},"schema":{"@context":"https:\/\/schema.org","@graph":[{"@type":"WebSite","@id":"https:\/\/franciscanos.org.br\/noticias\/#website","url":"https:\/\/franciscanos.org.br\/noticias\/","name":"Not\u00edcias - Franciscanos","description":"Prov\u00edncia Franciscana da Imaculada Concei\u00e7\u00e3o do Brasil - Ordem dos Frades Menores - OFM","potentialAction":[{"@type":"SearchAction","target":{"@type":"EntryPoint","urlTemplate":"https:\/\/franciscanos.org.br\/noticias\/?s={search_term_string}"},"query-input":"required name=search_term_string"}],"inLanguage":"pt-BR"},{"@type":"ImageObject","inLanguage":"pt-BR","@id":"https:\/\/franciscanos.org.br\/noticias\/o-papel-do-comunicador-diante-das-politicas-publicas.html#primaryimage","url":"https:\/\/franciscanos.org.br\/noticias\/wp-content\/uploads\/2019\/02\/comunicacaoP_140219-1.jpg","contentUrl":"https:\/\/franciscanos.org.br\/noticias\/wp-content\/uploads\/2019\/02\/comunicacaoP_140219-1.jpg","width":273,"height":181},{"@type":"WebPage","@id":"https:\/\/franciscanos.org.br\/noticias\/o-papel-do-comunicador-diante-das-politicas-publicas.html#webpage","url":"https:\/\/franciscanos.org.br\/noticias\/o-papel-do-comunicador-diante-das-politicas-publicas.html","name":"O papel do comunicador diante das Pol\u00edticas P\u00fablicas - Not\u00edcias - Franciscanos","isPartOf":{"@id":"https:\/\/franciscanos.org.br\/noticias\/#website"},"primaryImageOfPage":{"@id":"https:\/\/franciscanos.org.br\/noticias\/o-papel-do-comunicador-diante-das-politicas-publicas.html#primaryimage"},"datePublished":"2019-02-14T16:32:28+00:00","dateModified":"2021-01-27T11:04:58+00:00","author":{"@id":"https:\/\/franciscanos.org.br\/noticias\/#\/schema\/person\/b38fbf43118f02820bd932f2e4b14ad3"},"breadcrumb":{"@id":"https:\/\/franciscanos.org.br\/noticias\/o-papel-do-comunicador-diante-das-politicas-publicas.html#breadcrumb"},"inLanguage":"pt-BR","potentialAction":[{"@type":"ReadAction","target":["https:\/\/franciscanos.org.br\/noticias\/o-papel-do-comunicador-diante-das-politicas-publicas.html"]}]},{"@type":"BreadcrumbList","@id":"https:\/\/franciscanos.org.br\/noticias\/o-papel-do-comunicador-diante-das-politicas-publicas.html#breadcrumb","itemListElement":[{"@type":"ListItem","position":1,"name":"Home","item":"https:\/\/franciscanos.org.br\/noticias"},{"@type":"ListItem","position":2,"name":"O papel do comunicador diante das Pol\u00edticas P\u00fablicas"}]},{"@type":"Person","@id":"https:\/\/franciscanos.org.br\/noticias\/#\/schema\/person\/b38fbf43118f02820bd932f2e4b14ad3","name":"admin","image":{"@type":"ImageObject","inLanguage":"pt-BR","@id":"https:\/\/franciscanos.org.br\/noticias\/#\/schema\/person\/image\/","url":"https:\/\/secure.gravatar.com\/avatar\/e8495742d34d0ba6448ea1c628263b3e?s=96&d=mm&r=g","contentUrl":"https:\/\/secure.gravatar.com\/avatar\/e8495742d34d0ba6448ea1c628263b3e?s=96&d=mm&r=g","caption":"admin"},"url":"https:\/\/franciscanos.org.br\/noticias\/author\/admin"}]}},"_links":{"self":[{"href":"https:\/\/franciscanos.org.br\/noticias\/wp-json\/wp\/v2\/posts\/200300"}],"collection":[{"href":"https:\/\/franciscanos.org.br\/noticias\/wp-json\/wp\/v2\/posts"}],"about":[{"href":"https:\/\/franciscanos.org.br\/noticias\/wp-json\/wp\/v2\/types\/post"}],"author":[{"embeddable":true,"href":"https:\/\/franciscanos.org.br\/noticias\/wp-json\/wp\/v2\/users\/1"}],"replies":[{"embeddable":true,"href":"https:\/\/franciscanos.org.br\/noticias\/wp-json\/wp\/v2\/comments?post=200300"}],"version-history":[{"count":1,"href":"https:\/\/franciscanos.org.br\/noticias\/wp-json\/wp\/v2\/posts\/200300\/revisions"}],"predecessor-version":[{"id":230562,"href":"https:\/\/franciscanos.org.br\/noticias\/wp-json\/wp\/v2\/posts\/200300\/revisions\/230562"}],"wp:featuredmedia":[{"embeddable":true,"href":"https:\/\/franciscanos.org.br\/noticias\/wp-json\/wp\/v2\/media\/200313"}],"wp:attachment":[{"href":"https:\/\/franciscanos.org.br\/noticias\/wp-json\/wp\/v2\/media?parent=200300"}],"wp:term":[{"taxonomy":"category","embeddable":true,"href":"https:\/\/franciscanos.org.br\/noticias\/wp-json\/wp\/v2\/categories?post=200300"},{"taxonomy":"post_tag","embeddable":true,"href":"https:\/\/franciscanos.org.br\/noticias\/wp-json\/wp\/v2\/tags?post=200300"}],"curies":[{"name":"wp","href":"https:\/\/api.w.org\/{rel}","templated":true}]}}