{"id":200278,"date":"2019-02-13T09:20:53","date_gmt":"2019-02-13T11:20:53","guid":{"rendered":"https:\/\/franciscanos.org.br\/noticias\/?p=200278"},"modified":"2020-08-06T16:41:20","modified_gmt":"2020-08-06T19:41:20","slug":"papa-pede-ajuda-da-comunidade-internacional-contra-a-fome","status":"publish","type":"post","link":"https:\/\/franciscanos.org.br\/noticias\/papa-pede-ajuda-da-comunidade-internacional-contra-a-fome.html","title":{"rendered":"Papa pede ajuda da Comunidade internacional contra a fome"},"content":{"rendered":"<p><img loading=\"lazy\" class=\"alignnone size-full wp-image-200279\" src=\"https:\/\/franciscanos.org.br\/noticias\/wp-content\/uploads\/2019\/02\/papa_140219.jpg\" alt=\"\" width=\"890\" height=\"593\" srcset=\"https:\/\/franciscanos.org.br\/noticias\/wp-content\/uploads\/2019\/02\/papa_140219.jpg 890w, https:\/\/franciscanos.org.br\/noticias\/wp-content\/uploads\/2019\/02\/papa_140219-450x300.jpg 450w, https:\/\/franciscanos.org.br\/noticias\/wp-content\/uploads\/2019\/02\/papa_140219-768x512.jpg 768w, https:\/\/franciscanos.org.br\/noticias\/wp-content\/uploads\/2019\/02\/papa_140219-150x100.jpg 150w\" sizes=\"(max-width: 890px) 100vw, 890px\" \/><\/p>\n<p>O Papa Francisco participou, nesta quinta-feira (14\/02), da cerim\u00f4nia de abertura da 42\u00aa sess\u00e3o do Conselho de Governadores do Fundo Internacional de Desenvolvimento Agr\u00edcola (Fida), ag\u00eancia das Na\u00e7\u00f5es Unidas. O encontro realizou-se na sede do Fundo das Na\u00e7\u00f5es Unidas para a Alimenta\u00e7\u00e3o e Agricultura (FAO), em Roma.\u00a0Em seu discurso aos participantes do evento, Francisco agradeceu ao presidente do Fida, Gilbert F. Houngbo, pelo convite feito a ele em nome do organismo. \u201cMinha presen\u00e7a deseja trazer a esta sede os anseios e as necessidades da multid\u00e3o de nossos irm\u00e3os que sofrem no mundo&#8221;, disse, acrescentando: \u201cGostaria que pud\u00e9ssemos olhar para seus rostos sem ficarmos vermelhos de vergonha, pois finalmente seu clamor foi ouvido e suas preocupa\u00e7\u00f5es foram atendidas\u201d.<\/p>\n<p>&#8220;Eles vivem em situa\u00e7\u00f5es prec\u00e1rias: o ar est\u00e1 viciado, os recursos naturais dizimados, os rios polu\u00eddos, os solos acidificados; eles n\u00e3o t\u00eam \u00e1gua suficiente para si ou para suas colheitas; suas infraestruturas de sa\u00fade s\u00e3o prec\u00e1rias, suas casas escassas e defeituosas\u201d.<\/p>\n<p>Segundo Francisco, \u201cessas realidades se prolongam no tempo, quando, por outro lado, a nossa sociedade alcan\u00e7ou grandes conquistas nas \u00e1reas do saber. Isso quer dizer que estamos diante de uma sociedade que \u00e9 capaz de progredir em seus prop\u00f3sitos de bem, e vencer\u00e1 tamb\u00e9m a batalha contra a fome e a mis\u00e9ria se a propor seriamente&#8221;.<\/p>\n<p>Estar decididos nesta luta \u00e9 primordial para que possamos ouvir, n\u00e3o como um slogan, mas realmente: \u201cA fome n\u00e3o tem presente nem futuro. Apenas passado\u201d. Para isso, \u00e9 necess\u00e1ria a ajuda da Comunidade internacional, da sociedade civil e daqueles que possuem recursos. N\u00e3o se foge das responsabilidades, passando-as de uns para outros, mas devem ser assumidas a fim de oferecer solu\u00e7\u00f5es concretas e reais\u201d.<\/p>\n<p><img loading=\"lazy\" class=\"alignnone size-full wp-image-200280\" src=\"https:\/\/franciscanos.org.br\/noticias\/wp-content\/uploads\/2019\/02\/papa_130219_2.jpg\" alt=\"\" width=\"890\" height=\"593\" srcset=\"https:\/\/franciscanos.org.br\/noticias\/wp-content\/uploads\/2019\/02\/papa_130219_2.jpg 890w, https:\/\/franciscanos.org.br\/noticias\/wp-content\/uploads\/2019\/02\/papa_130219_2-450x300.jpg 450w, https:\/\/franciscanos.org.br\/noticias\/wp-content\/uploads\/2019\/02\/papa_130219_2-768x512.jpg 768w, https:\/\/franciscanos.org.br\/noticias\/wp-content\/uploads\/2019\/02\/papa_130219_2-150x100.jpg 150w\" sizes=\"(max-width: 890px) 100vw, 890px\" \/><\/p>\n<p><strong>Incentivo da Santa S\u00e9<\/strong><br \/>\nA Santa S\u00e9 sempre incentivou os esfor\u00e7os feitos pelas ag\u00eancias internacionais para combater a pobreza. Em dezembro de 1964, S\u00e3o Paulo VI pediu, em Bombaim, atual Mumbai, na \u00cdndia, \u201ce depois reiterou em outras circunst\u00e2ncias, a cria\u00e7\u00e3o de um Fundo mundial para combater a mis\u00e9ria e dar um impulso decisivo na promo\u00e7\u00e3o integral das \u00e1reas mais pobres da humanidade. Desde ent\u00e3o, os seus sucessores n\u00e3o deixaram de animar e incentivar iniciativas semelhantes, e um dos exemplos mais conhecidos \u00e9 o Fida\u201d, sublinhou o Papa.<\/p>\n<p>\u201cEsta 42\u00aa sess\u00e3o do Conselho de Governadores do Fida segue essa l\u00f3gica e tem diante de si um trabalho fascinante e crucial: criar possibilidades in\u00e9ditas, dissipar hesita\u00e7\u00f5es e colocar cada povo em condi\u00e7\u00f5es de enfrentar as necessidades que os afligem. A Comunidade internacional, que elaborou a Agenda 2030 para o Desenvolvimento Sustent\u00e1vel, precisa tomar outras medidas a fim de alcan\u00e7ar os 17 objetivos que a comp\u00f5em\u201d.<\/p>\n<p>A esse prop\u00f3sito, Francisco sublinhou que \u201ca contribui\u00e7\u00e3o do Fida \u00e9 imprescind\u00edvel para cumprir os primeiros objetivos da Agenda, os que se referem \u00e0 erradica\u00e7\u00e3o da pobreza, a luta contra a fome e a promo\u00e7\u00e3o da soberania alimentar&#8221;.<\/p>\n<p>\u201cNada disso ser\u00e1 poss\u00edvel sem alcan\u00e7ar o desenvolvimento rural, um desenvolvimento do qual se fala h\u00e1 muito tempo, mas que n\u00e3o se concretiza\u201d, disse. \u201c\u00c9 paradoxal que uma boa parte dos mais de 820 milh\u00f5es de pessoas que sofrem de fome e desnutri\u00e7\u00e3o no mundo vivam nas \u00e1reas rurais, se dedicam \u00e0 produ\u00e7\u00e3o de alimentos e s\u00e3o camponesas. Al\u00e9m disso, o \u00eaxodo do campo para a cidade \u00e9 uma tend\u00eancia global que n\u00e3o podemos ignorar\u201d, lamentou.<\/p>\n<p>\u201cO desenvolvimento local tem valor em si mesmo e n\u00e3o em fun\u00e7\u00e3o de outros objetivos. Trata-se de garantir que cada pessoa e cada comunidade possa desenvolver suas pr\u00f3prias capacidades de maneira plena, vivendo assim uma vida humana digna desse nome\u201d, frisou ainda o Papa.<\/p>\n<p>Francisco exortou os respons\u00e1veis das na\u00e7\u00f5es, as organiza\u00e7\u00f5es intergovernamentais e todos dos setores p\u00fablico e privado, \u201ca desenvolverem os canais necess\u00e1rios para que medidas apropriadas possam ser implementadas nas \u00e1reas rurais da Terra, a fim de que as pessoas possam ser art\u00edfices respons\u00e1veis de sua produ\u00e7\u00e3o e progresso\u201d.<\/p>\n<p><img loading=\"lazy\" class=\"alignnone size-full wp-image-200281\" src=\"https:\/\/franciscanos.org.br\/noticias\/wp-content\/uploads\/2019\/02\/papa_140219_1.jpg\" alt=\"\" width=\"890\" height=\"593\" srcset=\"https:\/\/franciscanos.org.br\/noticias\/wp-content\/uploads\/2019\/02\/papa_140219_1.jpg 890w, https:\/\/franciscanos.org.br\/noticias\/wp-content\/uploads\/2019\/02\/papa_140219_1-450x300.jpg 450w, https:\/\/franciscanos.org.br\/noticias\/wp-content\/uploads\/2019\/02\/papa_140219_1-768x512.jpg 768w, https:\/\/franciscanos.org.br\/noticias\/wp-content\/uploads\/2019\/02\/papa_140219_1-150x100.jpg 150w\" sizes=\"(max-width: 890px) 100vw, 890px\" \/><\/p>\n<p><strong>INSPIRADOR NA LUTA CONTRA A FOME<\/strong><\/p>\n<p>O Papa Francisco tem sido um grande inspirador da luta contra a fome e contra a desigualdade no mundo: palavras do diretor-geral da Organiza\u00e7\u00e3o das Na\u00e7\u00f5es Unidas para Alimenta\u00e7\u00e3o e Agricultura (FAO), Dr. Jos\u00e9 Graziano da Silva. O brasileiro foi um dos anfitri\u00f5es do Papa Francisco na sede da FAO, para a abertura da 42\u00aa Assembleia do Fundo Internacional para o Desenvolvimento Agr\u00edcola (FIDA): \u201cO Papa Francisco tem sido um grande inspirador da luta contra a fome e contra a desigualdade no mundo de modo geral. Particularmente a palavra do Santo Padre no sentido de procurar uma alimenta\u00e7\u00e3o mais saud\u00e1vel e que tenha um menor impacto no uso dos recursos naturais, principalmente das terras e \u00e1guas em todo o mundo, tem sido fundamental para inspirar os nossos programas e projetos\u201d.<\/p>\n<p>Dr. Graziano se declara \u201chonrado\u201d em receber a visita do Papa, recordando que o Pont\u00edfice j\u00e1 esteve outras vezes na sede FAO, mas a visita \u00e9 in\u00e9dita numa confer\u00eancia do FIDA: \u201cO FIDA \u00e9 um dos maiores parceiros da FAO. Na verdade, a nossa colabora\u00e7\u00e3o com as tr\u00eas ag\u00eancias romanas \u2013 FAO, FIDA e PAM \u2013 tem crescido muito nos \u00faltimos anos. Particularmente com o FIDA temos uma a\u00e7\u00e3o com os agricultores familiares. O FIDA \u00e9 um mecanismo de financiamento para os agricultores familiares e a FAO ajuda n\u00e3o s\u00f3 a elaborar os projetos que s\u00e3o apresentados, mas tamb\u00e9m ajuda muitas vezes a implementar esses projetos no terreno. Como voc\u00eas sabem, a agricultura familiar \u00e9 muito importante para a FAO \u2013 s\u00e3o 500 milh\u00f5es de agricultores em todo o mundo \u2013 e o paradoxo \u00e9 que s\u00e3o entre os mais pobres e muitos deles passam fome porque n\u00e3o conseguem nem produzir o suficiente para alimentar a sua fam\u00edlia. S\u00e3o os agricultores de subsist\u00eancia, para quem tamb\u00e9m h\u00e1 um programa especial com o FIDA para torn\u00e1-los mais produtivos e levar a sua produ\u00e7\u00e3o aos mercados locais&#8221;.<\/p>\n<hr \/>\n<p><img loading=\"lazy\" class=\"alignnone size-full wp-image-200282\" src=\"https:\/\/franciscanos.org.br\/noticias\/wp-content\/uploads\/2019\/02\/papa_140219_3.jpg\" alt=\"\" width=\"890\" height=\"593\" srcset=\"https:\/\/franciscanos.org.br\/noticias\/wp-content\/uploads\/2019\/02\/papa_140219_3.jpg 890w, https:\/\/franciscanos.org.br\/noticias\/wp-content\/uploads\/2019\/02\/papa_140219_3-450x300.jpg 450w, https:\/\/franciscanos.org.br\/noticias\/wp-content\/uploads\/2019\/02\/papa_140219_3-768x512.jpg 768w, https:\/\/franciscanos.org.br\/noticias\/wp-content\/uploads\/2019\/02\/papa_140219_3-150x100.jpg 150w\" sizes=\"(max-width: 890px) 100vw, 890px\" \/><\/p>\n<h2>Aos ind\u00edgenas: obrigado por salvaguardar o meio ambiente<\/h2>\n<p>A 4\u00aa reuni\u00e3o do F\u00f3rum dos Povos Ind\u00edgenas convocada pelo Fundo Internacional de Desenvolvimento Agr\u00edcola (FIDA), tem como tema: \u201cFomentar os conhecimentos e as inova\u00e7\u00f5es dos povos origin\u00e1rios em prol da resili\u00eancia \u00e0s mudan\u00e7as clim\u00e1ticas e o desenvolvimento sustent\u00e1vel\u201d. Na ocasi\u00e3o, o Papa encontrou um grupo de 38 delegados de 31 povos ind\u00edgenas provenientes das Am\u00e9ricas, \u00c1frica, \u00c1sia e Pac\u00edfico. O F\u00f3rum, institu\u00eddo em 2011, \u00e9 uma plataforma de di\u00e1logo permanente entre os representantes dos povos ind\u00edgenas, o FIDA e os governos internacionais.<\/p>\n<p>Ao encontrar os participantes do encontro o Papa Francisco observou que \u201ca presen\u00e7a de voc\u00eas aqui mostra que as quest\u00f5es ambientais s\u00e3o de extrema import\u00e2ncia\u201d, porque o nosso planeta, prosseguiu, \u201cest\u00e1 ferido por causa da avidez humana, pelos conflitos b\u00e9licos\u201d, que d\u00e3o origem a \u201ccat\u00e1strofes naturais que deixam rastros de pen\u00faria e devasta\u00e7\u00e3o\u201d.<\/p>\n<p>\u201cN\u00e3o podemos continuar ignorando estes flagelos respondendo com a indiferen\u00e7a e ou a insolidariedade ou adiando medidas que os afrontem com efic\u00e1cia\u201d, disse. &#8220;Somente um vigoroso sentido de fraternidade fortalecer\u00e1 nossas m\u00e3os para socorrer hoje os que precisam e abrir a porta do amanh\u00e3 \u00e0s novas gera\u00e7\u00f5es\u201d.<\/p>\n<p><strong>\u00c1guas cristalinas e solo f\u00e9rtil<\/strong><br \/>\nFrancisco continuou recordando que \u201cDeus criou a terra para o benef\u00edcio de todos, para que fosse um espa\u00e7o acolhedor onde ningu\u00e9m se sentisse exclu\u00eddo e todos pudessem encontrar um lugar. Nosso planeta \u00e9 rico em recursos naturais\u201d e recordou que \u201co homem n\u00e3o \u00e9 o propriet\u00e1rio da natureza, mas apenas o seu gerente. A sua fun\u00e7\u00e3o \u00e9 cuidar da terra com esmero, para que n\u00e3o perca a sua biodiversidade, e a \u00e1gua possa continuar sendo saud\u00e1vel e cristalina, o ar puro, as matas frondosas e o solo f\u00e9rtil\u201d.<\/p>\n<p><strong>Cuidado da casa comum<\/strong><br \/>\nAo falar da presen\u00e7a dos povos origin\u00e1rios disse: \u201cOs povos ind\u00edgenas s\u00e3o um grito vivo em favor da esperan\u00e7a. Recordam que n\u00f3s, seres humanos temos uma responsabilidade compartilhada com o \u2018cuidado da casa comum\u2019\u201d.\u00a0Em seguida ao falar sobre decis\u00f5es tomadas no passado que n\u00e3o deram certo afirmou: \u201cnunca \u00e9 tarde para aprender a li\u00e7\u00e3o e adquirir um novo estilo de vida\u201d.<\/p>\n<p>Francisco continuou dizendo \u201cse unirmos as for\u00e7as e, com esp\u00edrito construtivo estabelecermos um di\u00e1logo paciente e generoso, teremos maior consci\u00eancia de que temos necessidade uns dos outros, e que uma a\u00e7\u00e3o prejudicial ao meio ambiente que nos circunda repercute negativamente tamb\u00e9m na serenidade e na harmonia da conviv\u00eancia\u201d.<\/p>\n<p>Em seguida o Papa agradeceu os ind\u00edgenas presentes afirmando: \u201cObrigado a todos voc\u00eas pela tenacidade com que afirmam que a terra n\u00e3o deve ser apenas explorada sem um objetivo. Obrigado por levantarem a voz para assegurar que o respeito ao meio ambiente deve ser sempre salvaguardando acima dos interesses exclusivamente econ\u00f4micos e financeiros\u201d.<\/p>\n","protected":false},"excerpt":{"rendered":"<p>Papa participou  da cerim\u00f4nia de abertura da 42\u00aa sess\u00e3o do Conselho de Governadores do Fundo Internacional de Desenvolvimento Agr\u00edcola (Fida), da ag\u00eancia das Na\u00e7\u00f5es Unidas.<\/p>\n","protected":false},"author":3,"featured_media":200283,"comment_status":"open","ping_status":"open","sticky":false,"template":"","format":"standard","meta":[],"categories":[1428],"tags":[1234,55],"acf":[],"yoast_head":"<!-- This site is optimized with the Yoast SEO plugin v19.2 - https:\/\/yoast.com\/wordpress\/plugins\/seo\/ -->\n<title>Papa pede ajuda da Comunidade internacional contra a fome - Not\u00edcias - Franciscanos<\/title>\n<meta name=\"robots\" content=\"index, follow, max-snippet:-1, max-image-preview:large, max-video-preview:-1\" \/>\n<link rel=\"canonical\" href=\"https:\/\/franciscanos.org.br\/noticias\/papa-pede-ajuda-da-comunidade-internacional-contra-a-fome.html\" \/>\n<meta property=\"og:locale\" content=\"pt_BR\" \/>\n<meta property=\"og:type\" content=\"article\" \/>\n<meta property=\"og:title\" content=\"Papa pede ajuda da Comunidade internacional contra a fome - Not\u00edcias - Franciscanos\" \/>\n<meta property=\"og:description\" content=\"Papa participou da cerim\u00f4nia de abertura da 42\u00aa sess\u00e3o do Conselho de Governadores do Fundo Internacional de Desenvolvimento Agr\u00edcola (Fida), da ag\u00eancia das Na\u00e7\u00f5es Unidas.\" \/>\n<meta property=\"og:url\" content=\"https:\/\/franciscanos.org.br\/noticias\/papa-pede-ajuda-da-comunidade-internacional-contra-a-fome.html\" \/>\n<meta property=\"og:site_name\" content=\"Not\u00edcias - Franciscanos\" \/>\n<meta property=\"article:published_time\" content=\"2019-02-13T11:20:53+00:00\" \/>\n<meta property=\"article:modified_time\" content=\"2020-08-06T19:41:20+00:00\" \/>\n<meta property=\"og:image\" content=\"https:\/\/franciscanos.org.br\/noticias\/wp-content\/uploads\/2019\/02\/papa_140219_d.jpg\" \/>\n\t<meta property=\"og:image:width\" content=\"273\" \/>\n\t<meta property=\"og:image:height\" content=\"181\" \/>\n\t<meta property=\"og:image:type\" content=\"image\/jpeg\" \/>\n<meta name=\"author\" content=\"moacir\" \/>\n<meta name=\"twitter:card\" content=\"summary_large_image\" \/>\n<meta name=\"twitter:label1\" content=\"Escrito por\" \/>\n\t<meta name=\"twitter:data1\" content=\"moacir\" \/>\n\t<meta name=\"twitter:label2\" content=\"Est. tempo de leitura\" \/>\n\t<meta name=\"twitter:data2\" content=\"8 minutos\" \/>\n<script type=\"application\/ld+json\" class=\"yoast-schema-graph\">{\"@context\":\"https:\/\/schema.org\",\"@graph\":[{\"@type\":\"WebSite\",\"@id\":\"https:\/\/franciscanos.org.br\/noticias\/#website\",\"url\":\"https:\/\/franciscanos.org.br\/noticias\/\",\"name\":\"Not\u00edcias - Franciscanos\",\"description\":\"Prov\u00edncia Franciscana da Imaculada Concei\u00e7\u00e3o do Brasil - Ordem dos Frades Menores - OFM\",\"potentialAction\":[{\"@type\":\"SearchAction\",\"target\":{\"@type\":\"EntryPoint\",\"urlTemplate\":\"https:\/\/franciscanos.org.br\/noticias\/?s={search_term_string}\"},\"query-input\":\"required name=search_term_string\"}],\"inLanguage\":\"pt-BR\"},{\"@type\":\"ImageObject\",\"inLanguage\":\"pt-BR\",\"@id\":\"https:\/\/franciscanos.org.br\/noticias\/papa-pede-ajuda-da-comunidade-internacional-contra-a-fome.html#primaryimage\",\"url\":\"https:\/\/franciscanos.org.br\/noticias\/wp-content\/uploads\/2019\/02\/papa_140219_d.jpg\",\"contentUrl\":\"https:\/\/franciscanos.org.br\/noticias\/wp-content\/uploads\/2019\/02\/papa_140219_d.jpg\",\"width\":273,\"height\":181},{\"@type\":\"WebPage\",\"@id\":\"https:\/\/franciscanos.org.br\/noticias\/papa-pede-ajuda-da-comunidade-internacional-contra-a-fome.html#webpage\",\"url\":\"https:\/\/franciscanos.org.br\/noticias\/papa-pede-ajuda-da-comunidade-internacional-contra-a-fome.html\",\"name\":\"Papa pede ajuda da Comunidade internacional contra a fome - Not\u00edcias - Franciscanos\",\"isPartOf\":{\"@id\":\"https:\/\/franciscanos.org.br\/noticias\/#website\"},\"primaryImageOfPage\":{\"@id\":\"https:\/\/franciscanos.org.br\/noticias\/papa-pede-ajuda-da-comunidade-internacional-contra-a-fome.html#primaryimage\"},\"datePublished\":\"2019-02-13T11:20:53+00:00\",\"dateModified\":\"2020-08-06T19:41:20+00:00\",\"author\":{\"@id\":\"https:\/\/franciscanos.org.br\/noticias\/#\/schema\/person\/b5c8cba458c330ccff548b056e95a5d4\"},\"breadcrumb\":{\"@id\":\"https:\/\/franciscanos.org.br\/noticias\/papa-pede-ajuda-da-comunidade-internacional-contra-a-fome.html#breadcrumb\"},\"inLanguage\":\"pt-BR\",\"potentialAction\":[{\"@type\":\"ReadAction\",\"target\":[\"https:\/\/franciscanos.org.br\/noticias\/papa-pede-ajuda-da-comunidade-internacional-contra-a-fome.html\"]}]},{\"@type\":\"BreadcrumbList\",\"@id\":\"https:\/\/franciscanos.org.br\/noticias\/papa-pede-ajuda-da-comunidade-internacional-contra-a-fome.html#breadcrumb\",\"itemListElement\":[{\"@type\":\"ListItem\",\"position\":1,\"name\":\"Home\",\"item\":\"https:\/\/franciscanos.org.br\/noticias\"},{\"@type\":\"ListItem\",\"position\":2,\"name\":\"Papa pede ajuda da Comunidade internacional contra a fome\"}]},{\"@type\":\"Person\",\"@id\":\"https:\/\/franciscanos.org.br\/noticias\/#\/schema\/person\/b5c8cba458c330ccff548b056e95a5d4\",\"name\":\"moacir\",\"image\":{\"@type\":\"ImageObject\",\"inLanguage\":\"pt-BR\",\"@id\":\"https:\/\/franciscanos.org.br\/noticias\/#\/schema\/person\/image\/\",\"url\":\"https:\/\/secure.gravatar.com\/avatar\/d08aa2ce4c8dd416d4479aa8536fcf64?s=96&d=mm&r=g\",\"contentUrl\":\"https:\/\/secure.gravatar.com\/avatar\/d08aa2ce4c8dd416d4479aa8536fcf64?s=96&d=mm&r=g\",\"caption\":\"moacir\"},\"url\":\"https:\/\/franciscanos.org.br\/noticias\/author\/moacir\"}]}<\/script>\n<!-- \/ Yoast SEO plugin. -->","yoast_head_json":{"title":"Papa pede ajuda da Comunidade internacional contra a fome - Not\u00edcias - Franciscanos","robots":{"index":"index","follow":"follow","max-snippet":"max-snippet:-1","max-image-preview":"max-image-preview:large","max-video-preview":"max-video-preview:-1"},"canonical":"https:\/\/franciscanos.org.br\/noticias\/papa-pede-ajuda-da-comunidade-internacional-contra-a-fome.html","og_locale":"pt_BR","og_type":"article","og_title":"Papa pede ajuda da Comunidade internacional contra a fome - Not\u00edcias - Franciscanos","og_description":"Papa participou da cerim\u00f4nia de abertura da 42\u00aa sess\u00e3o do Conselho de Governadores do Fundo Internacional de Desenvolvimento Agr\u00edcola (Fida), da ag\u00eancia das Na\u00e7\u00f5es Unidas.","og_url":"https:\/\/franciscanos.org.br\/noticias\/papa-pede-ajuda-da-comunidade-internacional-contra-a-fome.html","og_site_name":"Not\u00edcias - Franciscanos","article_published_time":"2019-02-13T11:20:53+00:00","article_modified_time":"2020-08-06T19:41:20+00:00","og_image":[{"width":273,"height":181,"url":"https:\/\/franciscanos.org.br\/noticias\/wp-content\/uploads\/2019\/02\/papa_140219_d.jpg","type":"image\/jpeg"}],"author":"moacir","twitter_card":"summary_large_image","twitter_misc":{"Escrito por":"moacir","Est. tempo de leitura":"8 minutos"},"schema":{"@context":"https:\/\/schema.org","@graph":[{"@type":"WebSite","@id":"https:\/\/franciscanos.org.br\/noticias\/#website","url":"https:\/\/franciscanos.org.br\/noticias\/","name":"Not\u00edcias - Franciscanos","description":"Prov\u00edncia Franciscana da Imaculada Concei\u00e7\u00e3o do Brasil - Ordem dos Frades Menores - OFM","potentialAction":[{"@type":"SearchAction","target":{"@type":"EntryPoint","urlTemplate":"https:\/\/franciscanos.org.br\/noticias\/?s={search_term_string}"},"query-input":"required name=search_term_string"}],"inLanguage":"pt-BR"},{"@type":"ImageObject","inLanguage":"pt-BR","@id":"https:\/\/franciscanos.org.br\/noticias\/papa-pede-ajuda-da-comunidade-internacional-contra-a-fome.html#primaryimage","url":"https:\/\/franciscanos.org.br\/noticias\/wp-content\/uploads\/2019\/02\/papa_140219_d.jpg","contentUrl":"https:\/\/franciscanos.org.br\/noticias\/wp-content\/uploads\/2019\/02\/papa_140219_d.jpg","width":273,"height":181},{"@type":"WebPage","@id":"https:\/\/franciscanos.org.br\/noticias\/papa-pede-ajuda-da-comunidade-internacional-contra-a-fome.html#webpage","url":"https:\/\/franciscanos.org.br\/noticias\/papa-pede-ajuda-da-comunidade-internacional-contra-a-fome.html","name":"Papa pede ajuda da Comunidade internacional contra a fome - Not\u00edcias - Franciscanos","isPartOf":{"@id":"https:\/\/franciscanos.org.br\/noticias\/#website"},"primaryImageOfPage":{"@id":"https:\/\/franciscanos.org.br\/noticias\/papa-pede-ajuda-da-comunidade-internacional-contra-a-fome.html#primaryimage"},"datePublished":"2019-02-13T11:20:53+00:00","dateModified":"2020-08-06T19:41:20+00:00","author":{"@id":"https:\/\/franciscanos.org.br\/noticias\/#\/schema\/person\/b5c8cba458c330ccff548b056e95a5d4"},"breadcrumb":{"@id":"https:\/\/franciscanos.org.br\/noticias\/papa-pede-ajuda-da-comunidade-internacional-contra-a-fome.html#breadcrumb"},"inLanguage":"pt-BR","potentialAction":[{"@type":"ReadAction","target":["https:\/\/franciscanos.org.br\/noticias\/papa-pede-ajuda-da-comunidade-internacional-contra-a-fome.html"]}]},{"@type":"BreadcrumbList","@id":"https:\/\/franciscanos.org.br\/noticias\/papa-pede-ajuda-da-comunidade-internacional-contra-a-fome.html#breadcrumb","itemListElement":[{"@type":"ListItem","position":1,"name":"Home","item":"https:\/\/franciscanos.org.br\/noticias"},{"@type":"ListItem","position":2,"name":"Papa pede ajuda da Comunidade internacional contra a fome"}]},{"@type":"Person","@id":"https:\/\/franciscanos.org.br\/noticias\/#\/schema\/person\/b5c8cba458c330ccff548b056e95a5d4","name":"moacir","image":{"@type":"ImageObject","inLanguage":"pt-BR","@id":"https:\/\/franciscanos.org.br\/noticias\/#\/schema\/person\/image\/","url":"https:\/\/secure.gravatar.com\/avatar\/d08aa2ce4c8dd416d4479aa8536fcf64?s=96&d=mm&r=g","contentUrl":"https:\/\/secure.gravatar.com\/avatar\/d08aa2ce4c8dd416d4479aa8536fcf64?s=96&d=mm&r=g","caption":"moacir"},"url":"https:\/\/franciscanos.org.br\/noticias\/author\/moacir"}]}},"_links":{"self":[{"href":"https:\/\/franciscanos.org.br\/noticias\/wp-json\/wp\/v2\/posts\/200278"}],"collection":[{"href":"https:\/\/franciscanos.org.br\/noticias\/wp-json\/wp\/v2\/posts"}],"about":[{"href":"https:\/\/franciscanos.org.br\/noticias\/wp-json\/wp\/v2\/types\/post"}],"author":[{"embeddable":true,"href":"https:\/\/franciscanos.org.br\/noticias\/wp-json\/wp\/v2\/users\/3"}],"replies":[{"embeddable":true,"href":"https:\/\/franciscanos.org.br\/noticias\/wp-json\/wp\/v2\/comments?post=200278"}],"version-history":[{"count":1,"href":"https:\/\/franciscanos.org.br\/noticias\/wp-json\/wp\/v2\/posts\/200278\/revisions"}],"predecessor-version":[{"id":227611,"href":"https:\/\/franciscanos.org.br\/noticias\/wp-json\/wp\/v2\/posts\/200278\/revisions\/227611"}],"wp:featuredmedia":[{"embeddable":true,"href":"https:\/\/franciscanos.org.br\/noticias\/wp-json\/wp\/v2\/media\/200283"}],"wp:attachment":[{"href":"https:\/\/franciscanos.org.br\/noticias\/wp-json\/wp\/v2\/media?parent=200278"}],"wp:term":[{"taxonomy":"category","embeddable":true,"href":"https:\/\/franciscanos.org.br\/noticias\/wp-json\/wp\/v2\/categories?post=200278"},{"taxonomy":"post_tag","embeddable":true,"href":"https:\/\/franciscanos.org.br\/noticias\/wp-json\/wp\/v2\/tags?post=200278"}],"curies":[{"name":"wp","href":"https:\/\/api.w.org\/{rel}","templated":true}]}}