{"id":200273,"date":"2019-01-15T14:01:46","date_gmt":"2019-01-15T16:01:46","guid":{"rendered":"https:\/\/franciscanos.org.br\/noticias\/?p=200273"},"modified":"2019-02-13T14:04:31","modified_gmt":"2019-02-13T16:04:31","slug":"alunos-bolsistas-do-colegio-sesc-sao-jose-ingressam-na-faculdade","status":"publish","type":"post","link":"https:\/\/franciscanos.org.br\/noticias\/alunos-bolsistas-do-colegio-sesc-sao-jose-ingressam-na-faculdade.html","title":{"rendered":"Alunos bolsistas do Col\u00e9gio SESC S\u00e3o Jos\u00e9 ingressam na faculdade"},"content":{"rendered":"<p><img loading=\"lazy\" class=\"alignnone wp-image-200275 size-full\" src=\"https:\/\/franciscanos.org.br\/noticias\/wp-content\/uploads\/2019\/02\/bj-130219.jpg\" alt=\"\" width=\"980\" height=\"550\" srcset=\"https:\/\/franciscanos.org.br\/noticias\/wp-content\/uploads\/2019\/02\/bj-130219.jpg 980w, https:\/\/franciscanos.org.br\/noticias\/wp-content\/uploads\/2019\/02\/bj-130219-450x253.jpg 450w, https:\/\/franciscanos.org.br\/noticias\/wp-content\/uploads\/2019\/02\/bj-130219-768x431.jpg 768w, https:\/\/franciscanos.org.br\/noticias\/wp-content\/uploads\/2019\/02\/bj-130219-150x84.jpg 150w\" sizes=\"(max-width: 980px) 100vw, 980px\" \/><\/p>\n<p><strong>Curitiba (PR) &#8211;<\/strong> H\u00e1 10 anos, um projeto social em Curitiba (PR) permite o acesso de milhares de alunos de baixa renda a uma educa\u00e7\u00e3o de qualidade e cria chances reais de ingresso no ensino superior. Sediado em Curitiba (PR), o Col\u00e9gio SESC S\u00e3o Jos\u00e9 oferece o Ensino M\u00e9dio \u00e0 comunidade por meio de uma parceria entre o Grupo Educacional Bom Jesus e o Servi\u00e7o Social do Com\u00e9rcio do Paran\u00e1 (Sesc-PR). Em 2018, 231 estudantes conclu\u00edram o Ensino M\u00e9dio e conquistaram mais de 400 aprova\u00e7\u00f5es em diversos vestibulares, atingindo aproximadamente 84% de \u00edndice de aprova\u00e7\u00e3o.<\/p>\n<p>Os alunos do SESC S\u00e3o Jos\u00e9 t\u00eam acesso, de maneira gratuita, a professores e materiais did\u00e1ticos do Col\u00e9gio Bom Jesus. Com uma prepara\u00e7\u00e3o forte, os estudantes de baixa renda da rede p\u00fablica de Curitiba e Regi\u00e3o Metropolitana aproveitam a chance, muitas vezes \u00fanica, de participar dos processos seletivos mais concorridos com tranquilidade e seguran\u00e7a. Apenas na \u00faltima temporada de vestibulares, foram cinco primeiros lugares em cursos.<\/p>\n<p>No \u00faltimo m\u00eas de dezembro, os alunos do Terceir\u00e3o participaram da cerim\u00f4nia de encerramento do Ensino M\u00e9dio, realizada na \u00d3pera de Arame, importante ponto tur\u00edstico da capital paranaense. \u201cFoi um momento de muita alegria e emo\u00e7\u00e3o presenciar os nossos jovens realizando um sonho diante de suas fam\u00edlias, que tanto batalharam lado a lado dos seus filhos\u201d, diz a gestora do Col\u00e9gio, Marlene Kochinski.<\/p>\n<p>Como continuidade do projeto social, a FAE Centro Universit\u00e1rio, tamb\u00e9m pertencente ao Grupo Educacional Bom Jesus, ofertou cerca de 30 bolsas de estudo aos alunos do Sesc S\u00e3o Jos\u00e9 para ingressarem nos cursos de gradua\u00e7\u00e3o da Institui\u00e7\u00e3o.<\/p>\n","protected":false},"excerpt":{"rendered":"<p>Curitiba (PR) &#8211; H\u00e1 10 anos, um projeto social em Curitiba (PR) permite o acesso de milhares de alunos de baixa renda a uma educa\u00e7\u00e3o de qualidade e cria chances reais de ingresso no ensino superior. Sediado em Curitiba (PR), o Col\u00e9gio SESC S\u00e3o Jos\u00e9 oferece o Ensino M\u00e9dio \u00e0 comunidade por meio de uma [&hellip;]<\/p>\n","protected":false},"author":1,"featured_media":200276,"comment_status":"open","ping_status":"open","sticky":false,"template":"","format":"standard","meta":[],"categories":[1],"tags":[1116],"acf":[],"yoast_head":"<!-- This site is optimized with the Yoast SEO plugin v19.2 - https:\/\/yoast.com\/wordpress\/plugins\/seo\/ -->\n<title>Alunos bolsistas do Col\u00e9gio SESC S\u00e3o Jos\u00e9 ingressam na faculdade - Not\u00edcias - Franciscanos<\/title>\n<meta name=\"robots\" content=\"index, follow, max-snippet:-1, max-image-preview:large, max-video-preview:-1\" \/>\n<link rel=\"canonical\" href=\"https:\/\/franciscanos.org.br\/noticias\/alunos-bolsistas-do-colegio-sesc-sao-jose-ingressam-na-faculdade.html\" \/>\n<meta property=\"og:locale\" content=\"pt_BR\" \/>\n<meta property=\"og:type\" content=\"article\" \/>\n<meta property=\"og:title\" content=\"Alunos bolsistas do Col\u00e9gio SESC S\u00e3o Jos\u00e9 ingressam na faculdade - Not\u00edcias - Franciscanos\" \/>\n<meta property=\"og:description\" content=\"Curitiba (PR) &#8211; H\u00e1 10 anos, um projeto social em Curitiba (PR) permite o acesso de milhares de alunos de baixa renda a uma educa\u00e7\u00e3o de qualidade e cria chances reais de ingresso no ensino superior. Sediado em Curitiba (PR), o Col\u00e9gio SESC S\u00e3o Jos\u00e9 oferece o Ensino M\u00e9dio \u00e0 comunidade por meio de uma [&hellip;]\" \/>\n<meta property=\"og:url\" content=\"https:\/\/franciscanos.org.br\/noticias\/alunos-bolsistas-do-colegio-sesc-sao-jose-ingressam-na-faculdade.html\" \/>\n<meta property=\"og:site_name\" content=\"Not\u00edcias - Franciscanos\" \/>\n<meta property=\"article:published_time\" content=\"2019-01-15T16:01:46+00:00\" \/>\n<meta property=\"article:modified_time\" content=\"2019-02-13T16:04:31+00:00\" \/>\n<meta property=\"og:image\" content=\"https:\/\/franciscanos.org.br\/noticias\/wp-content\/uploads\/2019\/02\/bj_130219p.jpg\" \/>\n\t<meta property=\"og:image:width\" content=\"273\" \/>\n\t<meta property=\"og:image:height\" content=\"181\" \/>\n\t<meta property=\"og:image:type\" content=\"image\/jpeg\" \/>\n<meta name=\"author\" content=\"admin\" \/>\n<meta name=\"twitter:card\" content=\"summary_large_image\" \/>\n<meta name=\"twitter:label1\" content=\"Escrito por\" \/>\n\t<meta name=\"twitter:data1\" content=\"admin\" \/>\n\t<meta name=\"twitter:label2\" content=\"Est. tempo de leitura\" \/>\n\t<meta name=\"twitter:data2\" content=\"1 minuto\" \/>\n<script type=\"application\/ld+json\" class=\"yoast-schema-graph\">{\"@context\":\"https:\/\/schema.org\",\"@graph\":[{\"@type\":\"WebSite\",\"@id\":\"https:\/\/franciscanos.org.br\/noticias\/#website\",\"url\":\"https:\/\/franciscanos.org.br\/noticias\/\",\"name\":\"Not\u00edcias - Franciscanos\",\"description\":\"Prov\u00edncia Franciscana da Imaculada Concei\u00e7\u00e3o do Brasil - Ordem dos Frades Menores - OFM\",\"potentialAction\":[{\"@type\":\"SearchAction\",\"target\":{\"@type\":\"EntryPoint\",\"urlTemplate\":\"https:\/\/franciscanos.org.br\/noticias\/?s={search_term_string}\"},\"query-input\":\"required name=search_term_string\"}],\"inLanguage\":\"pt-BR\"},{\"@type\":\"ImageObject\",\"inLanguage\":\"pt-BR\",\"@id\":\"https:\/\/franciscanos.org.br\/noticias\/alunos-bolsistas-do-colegio-sesc-sao-jose-ingressam-na-faculdade.html#primaryimage\",\"url\":\"https:\/\/franciscanos.org.br\/noticias\/wp-content\/uploads\/2019\/02\/bj_130219p.jpg\",\"contentUrl\":\"https:\/\/franciscanos.org.br\/noticias\/wp-content\/uploads\/2019\/02\/bj_130219p.jpg\",\"width\":273,\"height\":181},{\"@type\":\"WebPage\",\"@id\":\"https:\/\/franciscanos.org.br\/noticias\/alunos-bolsistas-do-colegio-sesc-sao-jose-ingressam-na-faculdade.html#webpage\",\"url\":\"https:\/\/franciscanos.org.br\/noticias\/alunos-bolsistas-do-colegio-sesc-sao-jose-ingressam-na-faculdade.html\",\"name\":\"Alunos bolsistas do Col\u00e9gio SESC S\u00e3o Jos\u00e9 ingressam na faculdade - Not\u00edcias - Franciscanos\",\"isPartOf\":{\"@id\":\"https:\/\/franciscanos.org.br\/noticias\/#website\"},\"primaryImageOfPage\":{\"@id\":\"https:\/\/franciscanos.org.br\/noticias\/alunos-bolsistas-do-colegio-sesc-sao-jose-ingressam-na-faculdade.html#primaryimage\"},\"datePublished\":\"2019-01-15T16:01:46+00:00\",\"dateModified\":\"2019-02-13T16:04:31+00:00\",\"author\":{\"@id\":\"https:\/\/franciscanos.org.br\/noticias\/#\/schema\/person\/b38fbf43118f02820bd932f2e4b14ad3\"},\"breadcrumb\":{\"@id\":\"https:\/\/franciscanos.org.br\/noticias\/alunos-bolsistas-do-colegio-sesc-sao-jose-ingressam-na-faculdade.html#breadcrumb\"},\"inLanguage\":\"pt-BR\",\"potentialAction\":[{\"@type\":\"ReadAction\",\"target\":[\"https:\/\/franciscanos.org.br\/noticias\/alunos-bolsistas-do-colegio-sesc-sao-jose-ingressam-na-faculdade.html\"]}]},{\"@type\":\"BreadcrumbList\",\"@id\":\"https:\/\/franciscanos.org.br\/noticias\/alunos-bolsistas-do-colegio-sesc-sao-jose-ingressam-na-faculdade.html#breadcrumb\",\"itemListElement\":[{\"@type\":\"ListItem\",\"position\":1,\"name\":\"Home\",\"item\":\"https:\/\/franciscanos.org.br\/noticias\"},{\"@type\":\"ListItem\",\"position\":2,\"name\":\"Alunos bolsistas do Col\u00e9gio SESC S\u00e3o Jos\u00e9 ingressam na faculdade\"}]},{\"@type\":\"Person\",\"@id\":\"https:\/\/franciscanos.org.br\/noticias\/#\/schema\/person\/b38fbf43118f02820bd932f2e4b14ad3\",\"name\":\"admin\",\"image\":{\"@type\":\"ImageObject\",\"inLanguage\":\"pt-BR\",\"@id\":\"https:\/\/franciscanos.org.br\/noticias\/#\/schema\/person\/image\/\",\"url\":\"https:\/\/secure.gravatar.com\/avatar\/e8495742d34d0ba6448ea1c628263b3e?s=96&d=mm&r=g\",\"contentUrl\":\"https:\/\/secure.gravatar.com\/avatar\/e8495742d34d0ba6448ea1c628263b3e?s=96&d=mm&r=g\",\"caption\":\"admin\"},\"url\":\"https:\/\/franciscanos.org.br\/noticias\/author\/admin\"}]}<\/script>\n<!-- \/ Yoast SEO plugin. -->","yoast_head_json":{"title":"Alunos bolsistas do Col\u00e9gio SESC S\u00e3o Jos\u00e9 ingressam na faculdade - Not\u00edcias - Franciscanos","robots":{"index":"index","follow":"follow","max-snippet":"max-snippet:-1","max-image-preview":"max-image-preview:large","max-video-preview":"max-video-preview:-1"},"canonical":"https:\/\/franciscanos.org.br\/noticias\/alunos-bolsistas-do-colegio-sesc-sao-jose-ingressam-na-faculdade.html","og_locale":"pt_BR","og_type":"article","og_title":"Alunos bolsistas do Col\u00e9gio SESC S\u00e3o Jos\u00e9 ingressam na faculdade - Not\u00edcias - Franciscanos","og_description":"Curitiba (PR) &#8211; H\u00e1 10 anos, um projeto social em Curitiba (PR) permite o acesso de milhares de alunos de baixa renda a uma educa\u00e7\u00e3o de qualidade e cria chances reais de ingresso no ensino superior. Sediado em Curitiba (PR), o Col\u00e9gio SESC S\u00e3o Jos\u00e9 oferece o Ensino M\u00e9dio \u00e0 comunidade por meio de uma [&hellip;]","og_url":"https:\/\/franciscanos.org.br\/noticias\/alunos-bolsistas-do-colegio-sesc-sao-jose-ingressam-na-faculdade.html","og_site_name":"Not\u00edcias - Franciscanos","article_published_time":"2019-01-15T16:01:46+00:00","article_modified_time":"2019-02-13T16:04:31+00:00","og_image":[{"width":273,"height":181,"url":"https:\/\/franciscanos.org.br\/noticias\/wp-content\/uploads\/2019\/02\/bj_130219p.jpg","type":"image\/jpeg"}],"author":"admin","twitter_card":"summary_large_image","twitter_misc":{"Escrito por":"admin","Est. tempo de leitura":"1 minuto"},"schema":{"@context":"https:\/\/schema.org","@graph":[{"@type":"WebSite","@id":"https:\/\/franciscanos.org.br\/noticias\/#website","url":"https:\/\/franciscanos.org.br\/noticias\/","name":"Not\u00edcias - Franciscanos","description":"Prov\u00edncia Franciscana da Imaculada Concei\u00e7\u00e3o do Brasil - Ordem dos Frades Menores - OFM","potentialAction":[{"@type":"SearchAction","target":{"@type":"EntryPoint","urlTemplate":"https:\/\/franciscanos.org.br\/noticias\/?s={search_term_string}"},"query-input":"required name=search_term_string"}],"inLanguage":"pt-BR"},{"@type":"ImageObject","inLanguage":"pt-BR","@id":"https:\/\/franciscanos.org.br\/noticias\/alunos-bolsistas-do-colegio-sesc-sao-jose-ingressam-na-faculdade.html#primaryimage","url":"https:\/\/franciscanos.org.br\/noticias\/wp-content\/uploads\/2019\/02\/bj_130219p.jpg","contentUrl":"https:\/\/franciscanos.org.br\/noticias\/wp-content\/uploads\/2019\/02\/bj_130219p.jpg","width":273,"height":181},{"@type":"WebPage","@id":"https:\/\/franciscanos.org.br\/noticias\/alunos-bolsistas-do-colegio-sesc-sao-jose-ingressam-na-faculdade.html#webpage","url":"https:\/\/franciscanos.org.br\/noticias\/alunos-bolsistas-do-colegio-sesc-sao-jose-ingressam-na-faculdade.html","name":"Alunos bolsistas do Col\u00e9gio SESC S\u00e3o Jos\u00e9 ingressam na faculdade - Not\u00edcias - Franciscanos","isPartOf":{"@id":"https:\/\/franciscanos.org.br\/noticias\/#website"},"primaryImageOfPage":{"@id":"https:\/\/franciscanos.org.br\/noticias\/alunos-bolsistas-do-colegio-sesc-sao-jose-ingressam-na-faculdade.html#primaryimage"},"datePublished":"2019-01-15T16:01:46+00:00","dateModified":"2019-02-13T16:04:31+00:00","author":{"@id":"https:\/\/franciscanos.org.br\/noticias\/#\/schema\/person\/b38fbf43118f02820bd932f2e4b14ad3"},"breadcrumb":{"@id":"https:\/\/franciscanos.org.br\/noticias\/alunos-bolsistas-do-colegio-sesc-sao-jose-ingressam-na-faculdade.html#breadcrumb"},"inLanguage":"pt-BR","potentialAction":[{"@type":"ReadAction","target":["https:\/\/franciscanos.org.br\/noticias\/alunos-bolsistas-do-colegio-sesc-sao-jose-ingressam-na-faculdade.html"]}]},{"@type":"BreadcrumbList","@id":"https:\/\/franciscanos.org.br\/noticias\/alunos-bolsistas-do-colegio-sesc-sao-jose-ingressam-na-faculdade.html#breadcrumb","itemListElement":[{"@type":"ListItem","position":1,"name":"Home","item":"https:\/\/franciscanos.org.br\/noticias"},{"@type":"ListItem","position":2,"name":"Alunos bolsistas do Col\u00e9gio SESC S\u00e3o Jos\u00e9 ingressam na faculdade"}]},{"@type":"Person","@id":"https:\/\/franciscanos.org.br\/noticias\/#\/schema\/person\/b38fbf43118f02820bd932f2e4b14ad3","name":"admin","image":{"@type":"ImageObject","inLanguage":"pt-BR","@id":"https:\/\/franciscanos.org.br\/noticias\/#\/schema\/person\/image\/","url":"https:\/\/secure.gravatar.com\/avatar\/e8495742d34d0ba6448ea1c628263b3e?s=96&d=mm&r=g","contentUrl":"https:\/\/secure.gravatar.com\/avatar\/e8495742d34d0ba6448ea1c628263b3e?s=96&d=mm&r=g","caption":"admin"},"url":"https:\/\/franciscanos.org.br\/noticias\/author\/admin"}]}},"_links":{"self":[{"href":"https:\/\/franciscanos.org.br\/noticias\/wp-json\/wp\/v2\/posts\/200273"}],"collection":[{"href":"https:\/\/franciscanos.org.br\/noticias\/wp-json\/wp\/v2\/posts"}],"about":[{"href":"https:\/\/franciscanos.org.br\/noticias\/wp-json\/wp\/v2\/types\/post"}],"author":[{"embeddable":true,"href":"https:\/\/franciscanos.org.br\/noticias\/wp-json\/wp\/v2\/users\/1"}],"replies":[{"embeddable":true,"href":"https:\/\/franciscanos.org.br\/noticias\/wp-json\/wp\/v2\/comments?post=200273"}],"version-history":[{"count":0,"href":"https:\/\/franciscanos.org.br\/noticias\/wp-json\/wp\/v2\/posts\/200273\/revisions"}],"wp:featuredmedia":[{"embeddable":true,"href":"https:\/\/franciscanos.org.br\/noticias\/wp-json\/wp\/v2\/media\/200276"}],"wp:attachment":[{"href":"https:\/\/franciscanos.org.br\/noticias\/wp-json\/wp\/v2\/media?parent=200273"}],"wp:term":[{"taxonomy":"category","embeddable":true,"href":"https:\/\/franciscanos.org.br\/noticias\/wp-json\/wp\/v2\/categories?post=200273"},{"taxonomy":"post_tag","embeddable":true,"href":"https:\/\/franciscanos.org.br\/noticias\/wp-json\/wp\/v2\/tags?post=200273"}],"curies":[{"name":"wp","href":"https:\/\/api.w.org\/{rel}","templated":true}]}}