{"id":200261,"date":"2019-02-13T09:55:18","date_gmt":"2019-02-13T11:55:18","guid":{"rendered":"https:\/\/franciscanos.org.br\/noticias\/?p=200261"},"modified":"2019-02-13T13:59:18","modified_gmt":"2019-02-13T15:59:18","slug":"fae-centro-universitario-investe-na-inovacao-e-na-formacao-humana","status":"publish","type":"post","link":"https:\/\/franciscanos.org.br\/noticias\/fae-centro-universitario-investe-na-inovacao-e-na-formacao-humana.html","title":{"rendered":"FAE e Bom Jesus investem na inova\u00e7\u00e3o e na forma\u00e7\u00e3o humana"},"content":{"rendered":"<p><img loading=\"lazy\" class=\"alignnone size-full wp-image-200262\" src=\"https:\/\/franciscanos.org.br\/noticias\/wp-content\/uploads\/2019\/02\/fae_130219.jpg\" alt=\"\" width=\"890\" height=\"501\" srcset=\"https:\/\/franciscanos.org.br\/noticias\/wp-content\/uploads\/2019\/02\/fae_130219.jpg 890w, https:\/\/franciscanos.org.br\/noticias\/wp-content\/uploads\/2019\/02\/fae_130219-450x253.jpg 450w, https:\/\/franciscanos.org.br\/noticias\/wp-content\/uploads\/2019\/02\/fae_130219-768x432.jpg 768w, https:\/\/franciscanos.org.br\/noticias\/wp-content\/uploads\/2019\/02\/fae_130219-150x84.jpg 150w\" sizes=\"(max-width: 890px) 100vw, 890px\" \/><\/p>\n<h2><em>Temas pautaram o Encontro Docente de abertura do ano letivo de 2019<\/em><\/h2>\n<p>Entre os dias 4 e 9 de fevereiro, aconteceu o Encontro Docente com os professores de gradua\u00e7\u00e3o e p\u00f3s-gradua\u00e7\u00e3o da FAE, em Curitiba. Com o tema \u201cExperi\u00eancias e pr\u00e1ticas acad\u00eamicas\u201d, a semana foi voltada \u00e0s diretrizes das atividades de 2019, com oficinas, palestras, apresenta\u00e7\u00e3o cultural e reuni\u00f5es, al\u00e9m do foco na import\u00e2ncia da capacita\u00e7\u00e3o e da inova\u00e7\u00e3o dos docentes.<\/p>\n<p>As boas-vindas foram dadas pelo presidente do Grupo Educacional Bom Jesus, Frei Jo\u00e3o Mannes, que dividiu suas falas em dois subtemas: o programa <em>Servir com amor e alegria<\/em> e o<em> Encontro de S\u00e3o Francisco com o sult\u00e3o Malik Al-Kamil<\/em>. No primeiro subtema, o presidente enfatizou que o programa voltado aos funcion\u00e1rios traz o trabalho institucional franciscano, sendo esse uma gra\u00e7a de Deus. \u201cO servi\u00e7o \u00e9 um dom de Deus, associamos a lideran\u00e7a ao exemplo de Jesus. Tem mais autoridade aquele que serve. Trabalhar \u00e9 liderar, servir \u00e9 viver. Est\u00e1 a\u00ed o prop\u00f3sito da FAE: servir com amor e alegria\u201d, explicou o presidente, que enfatizou a capacita\u00e7\u00e3o dos docentes em meio \u00e0 inova\u00e7\u00e3o. \u201cAcreditamos que na FAE temos essa miss\u00e3o no mundo: de educar com qualidade para formar grandes pessoas. Tudo isso alinhado aos nossos valores franciscanos e tendo a inova\u00e7\u00e3o como princ\u00edpio\u201d.<\/p>\n<p>Frei Jo\u00e3o ainda fez refer\u00eancia a uma passagem de 800 anos atr\u00e1s, em que S\u00e3o Francisco de Assis foi ao Egito encontrar o sult\u00e3o Malik Al-Kamil para um di\u00e1logo de paz com a comunidade mu\u00e7ulmana. \u201cPrecisamos fazer o di\u00e1logo entre outras cren\u00e7as religiosas. Por isso, agradecemos a todos que se colocam nessa miss\u00e3o do ensino de refer\u00eancia, do di\u00e1logo e da solidariedade\u201d, enfatizou o presidente, que concluiu sua fala com o seguinte pensamento: \u201cQuem n\u00e3o vive para servir, n\u00e3o serve para viver\u201d.<\/p>\n<p><img loading=\"lazy\" class=\"alignnone size-full wp-image-200263\" src=\"https:\/\/franciscanos.org.br\/noticias\/wp-content\/uploads\/2019\/02\/fae_130219_1.jpg\" alt=\"\" width=\"890\" height=\"593\" srcset=\"https:\/\/franciscanos.org.br\/noticias\/wp-content\/uploads\/2019\/02\/fae_130219_1.jpg 890w, https:\/\/franciscanos.org.br\/noticias\/wp-content\/uploads\/2019\/02\/fae_130219_1-450x300.jpg 450w, https:\/\/franciscanos.org.br\/noticias\/wp-content\/uploads\/2019\/02\/fae_130219_1-768x512.jpg 768w, https:\/\/franciscanos.org.br\/noticias\/wp-content\/uploads\/2019\/02\/fae_130219_1-150x100.jpg 150w\" sizes=\"(max-width: 890px) 100vw, 890px\" \/><\/p>\n<p>Em seguida, foi a vez de o reitor da FAE, Jorge Ap\u00f3stolos Siarcos, dar boas-vindas aos docentes e falar das novidades da Institui\u00e7\u00e3o. \u201cEste ano temos: o FAELAB, pr\u00e9dio dedicado aos laborat\u00f3rios de todas as \u00e1reas de nossos cursos; a FAE Arauc\u00e1ria, que traz mais um <em>campus<\/em> com cursos autorizados pelo MEC; o Teatro Bom Jesus, que vem repaginado com o novo logotipo e a reforma do espa\u00e7o; o novo logo da FAE, mais moderno; bem como algumas mudan\u00e7as na estrutura organizacional\u201d, contou o reitor. Jorge abordou ainda as melhorias que a Institui\u00e7\u00e3o busca constantemente. \u201cPor que mudar? Inovar \u00e9 preciso, n\u00e3o s\u00f3 em infraestrutura, projetos, mas tamb\u00e9m em termos profissionais. Precisamos nos atualizar o tempo todo. O mundo mudou, os alunos mudaram, o pr\u00e9dio mudou, mas n\u00f3s temos que acreditar na nossa mudan\u00e7a: precisamos nos capacitar cada vez mais. Afinal, somos excel\u00eancia em educa\u00e7\u00e3o e tudo isso depende da qualidade da forma\u00e7\u00e3o de nossos professores, algo de que n\u00e3o vamos abrir m\u00e3o!\u201d, enfatizou Jorge. \u201cE \u00e9 esse o nosso diferencial: a principal for\u00e7a s\u00e3o voc\u00eas, professores, dentro das salas de aula. Vamos inovar com qualidade. Excelente 2019 e que possamos trabalhar com vontade e alegria\u201d.<\/p>\n<p>A palestra ficou por conta de F\u00e1bio Reis, diretor de Inova\u00e7\u00e3o Acad\u00eamica e Redes de Coopera\u00e7\u00e3o do Semesp, com o tema \u201cInova\u00e7\u00e3o acad\u00eamica e o papel do professor\u201d. De acordo com o palestrante, \u00e9 preciso repensar o ambiente em que atuamos, focar no dia a dia, mas sem esquecer a estrat\u00e9gia de cada \u00e1rea. \u201cAs melhores institui\u00e7\u00f5es do Brasil e do mundo est\u00e3o sintonizadas com o prop\u00f3sito da empresa. Qual \u00e9 a miss\u00e3o da sua institui\u00e7\u00e3o? Ter esse olhar no perfil jovem, nas m\u00eddias digitais, nos espa\u00e7os de aprendizagem. Inova\u00e7\u00e3o, esse novo processo sist\u00eamico e de mudan\u00e7a, tem que impactar em diversas \u00e1reas\u201d, explica o diretor. \u201cPrecisamos dialogar entre os professores para construir projetos juntos. Devemos ter um modelo educativo, empreendedorismo, proatividade, pensar em servi\u00e7os com a sociedade. \u00c9 o fazer bem feito, ter impacto, engajamento, aprender fazendo. E como engajar? Use as tecnologias para acompanhar essa nova vida acad\u00eamica\u201d.<\/p>\n<p><img loading=\"lazy\" class=\"alignnone size-full wp-image-200264\" src=\"https:\/\/franciscanos.org.br\/noticias\/wp-content\/uploads\/2019\/02\/fae_130219_2.jpg\" alt=\"\" width=\"890\" height=\"593\" srcset=\"https:\/\/franciscanos.org.br\/noticias\/wp-content\/uploads\/2019\/02\/fae_130219_2.jpg 890w, https:\/\/franciscanos.org.br\/noticias\/wp-content\/uploads\/2019\/02\/fae_130219_2-450x300.jpg 450w, https:\/\/franciscanos.org.br\/noticias\/wp-content\/uploads\/2019\/02\/fae_130219_2-768x512.jpg 768w, https:\/\/franciscanos.org.br\/noticias\/wp-content\/uploads\/2019\/02\/fae_130219_2-150x100.jpg 150w\" sizes=\"(max-width: 890px) 100vw, 890px\" \/><\/p>\n<p>De acordo com o coordenador do FAE Social, Frei Claudino Gilz, a orienta\u00e7\u00e3o feita aos professores em rela\u00e7\u00e3o \u00e0s atividades do Projeto FAE Social encontra-se alinhada ao tema escolhido para o Encontro Docente. &#8220;Foi proposto o desenvolvimento de a\u00e7\u00f5es socioeducativas com os alunos no \u00e2mbito do ensino, da pesquisa e da extens\u00e3o durante o ano de 2019 em prol da defesa e da promo\u00e7\u00e3o dos direitos humanos, da igualdade \u00e9tnico-racial, da valoriza\u00e7\u00e3o da diversidade, do cuidado com o meio ambiente, da produ\u00e7\u00e3o art\u00edstica, do patrim\u00f4nio cultural, da inclus\u00e3o, da melhoria das condi\u00e7\u00f5es de vida da popula\u00e7\u00e3o e da minimiza\u00e7\u00e3o das desigualdades&#8221;.<\/p>\n<p>Para a professora de gradua\u00e7\u00e3o Maria do Carmo Godoy Ehlke, estar no Encontro Docente faz ressaltar dois aspectos importantes: \u201cO primeiro \u00e9 o encontro com os professores, os colegas. \u00c9 colocar aquele bate-papo em dia, uma esp\u00e9cie de confraterniza\u00e7\u00e3o. O segundo aspecto \u00e9 tomar conhecimento das mudan\u00e7as e das diretrizes do ano. Ou seja, as novidades e os procedimentos que ser\u00e3o implantados\u201d.<\/p>\n<p>Dante Quadros, professor da P\u00f3s-gradua\u00e7\u00e3o, segue a mesma linha de racioc\u00ednio da colega Maria do Carmo. \u201cO Encontro Docente \u00e9 uma grata e relevante oportunidade para reflex\u00f5es, encontro e confraterniza\u00e7\u00e3o com os colegas e, sobretudo, prepara\u00e7\u00e3o para os novos desafios dos semestres. Certamente, os resultados s\u00e3o essenciais para um \u00f3timo per\u00edodo letivo\u201d.<\/p>\n<hr \/>\n<h2>\u201cServir com amor\u201d \u00e9 meta para ano letivo no Col\u00e9gio Bom Jesus<\/h2>\n<p><img loading=\"lazy\" class=\"alignnone size-full wp-image-200269\" src=\"https:\/\/franciscanos.org.br\/noticias\/wp-content\/uploads\/2019\/02\/bj_130219.jpg\" alt=\"\" width=\"980\" height=\"550\" srcset=\"https:\/\/franciscanos.org.br\/noticias\/wp-content\/uploads\/2019\/02\/bj_130219.jpg 980w, https:\/\/franciscanos.org.br\/noticias\/wp-content\/uploads\/2019\/02\/bj_130219-450x253.jpg 450w, https:\/\/franciscanos.org.br\/noticias\/wp-content\/uploads\/2019\/02\/bj_130219-768x431.jpg 768w, https:\/\/franciscanos.org.br\/noticias\/wp-content\/uploads\/2019\/02\/bj_130219-150x84.jpg 150w\" sizes=\"(max-width: 980px) 100vw, 980px\" \/><\/p>\n<p>Mais de dois mil professores do Col\u00e9gio Bom Jesus participaram de encontros de capacita\u00e7\u00e3o durante o m\u00eas de fevereiro. Os tradicionais encontros pedag\u00f3gicos para o in\u00edcio de ano letivo foram realizados por regi\u00f5es, sendo sediados nas Unidades Bom Jesus Centro, em Curitiba (PR), Bom Jesus S\u00e3o Jos\u00e9, em Petr\u00f3polis (RJ), Bom Jesus Santo Ant\u00f4nio, em Blumenau (SC), Bom Jesus S\u00e3o Jos\u00e9, em S\u00e3o Bernardo do Campo (SP), e Bom Jesus S\u00e9vign\u00e9, em Porto Alegre (RS).<\/p>\n<p>De acordo com o presidente do Grupo Educacional Bom Jesus, Frei Jo\u00e3o Mannes, uma das principais miss\u00f5es dos professores \u00e9 formar cidad\u00e3os dignos e justos. \u201cPrecisamos servir com amor e alegria, refletir sobre o modo franciscano de educar. Segundo S\u00e3o Francisco de Assis, trabalhar \u00e9 uma gra\u00e7a de Deus e precisamos nos colocar inteiramente naquilo que fazemos, pois trabalhar significa servir&#8221;, afirma.<\/p>\n<p>Para que os professores tenham todas as condi\u00e7\u00f5es necess\u00e1rias de praticar sua miss\u00e3o educacional com qualidade, o Bom Jesus faz investimentos constantes em infraestrutura e em ferramentas educacionais, mas sem esquecer de capacitar seus profissionais. \u201cPrecisamos focar na forma\u00e7\u00e3o dos professores, pois n\u00e3o adianta ter uma excelente infraestrutura se n\u00e3o tivermos profissionais capacitados, acolhedores, inovadores e receptivos \u00e0s mudan\u00e7as provocadas pela constante moderniza\u00e7\u00e3o da educa\u00e7\u00e3o\u201d, avalia o diretor-geral do Grupo Educacional Bom Jesus, Jorge Ap\u00f3stolos Siarcos.<\/p>\n<p><strong>Forma\u00e7\u00e3o humana<\/strong><\/p>\n<p>Para que o professor tenha condi\u00e7\u00f5es de efetivar a forma\u00e7\u00e3o humana, ele tamb\u00e9m precisa se capacitar. Por isso, o Projeto Bom Jesus Social apresentou neste in\u00edcio de ano letivo novas fundamenta\u00e7\u00f5es te\u00f3ricas e tamb\u00e9m novos encaminhamentos a serem contemplados pelos gestores de cada Unidade, tanto no planejamento como no desenvolvimento de um cronograma de a\u00e7\u00f5es socioeducativas ao longo do ano letivo.<\/p>\n<p>\u201cEssas fundamenta\u00e7\u00f5es e encaminhamentos real\u00e7am a import\u00e2ncia de se educar as atuais gera\u00e7\u00f5es escolares para o humanismo solid\u00e1rio, o cuidado espiritual de si e do meio ambiente, a defesa e a promo\u00e7\u00e3o dos direitos humanos, a igualdade \u00e9tnico-racial, a valoriza\u00e7\u00e3o da diversidade, a produ\u00e7\u00e3o art\u00edstica, o patrim\u00f4nio cultural, a inclus\u00e3o, a melhoria das condi\u00e7\u00f5es de vida da popula\u00e7\u00e3o e a minimiza\u00e7\u00e3o das desigualdades socioecon\u00f4micas, entre outros aspectos&#8221;, explica o coordenador do Projeto Bom Jesus Social, Frei Claudino Gilz.<\/p>\n<p>Para o gerente pedag\u00f3gico do Bom Jesus, Marcelo Bianchini Favaro, embora os alunos do Col\u00e9gio tenham obtido muitas aprova\u00e7\u00f5es em importantes institui\u00e7\u00f5es de ensino superior nacionais e internacionais, \u201coutro fator importante \u00e9 a experi\u00eancia sociocultural adquirida durante todos os anos de forma\u00e7\u00e3o, como participa\u00e7\u00f5es em a\u00e7\u00f5es do Bom Jesus Social, em eventos franciscanos, que certamente contribuir\u00e3o para que esses jovens iniciem uma nova etapa na vida universit\u00e1ria como seres humanos cada vez melhores\u201d.<\/p>\n","protected":false},"excerpt":{"rendered":"<p>Ano letivo come\u00e7a na FAE com novidades.<\/p>\n","protected":false},"author":3,"featured_media":200265,"comment_status":"open","ping_status":"open","sticky":false,"template":"","format":"standard","meta":[],"categories":[1],"tags":[548,1117],"acf":[],"yoast_head":"<!-- This site is optimized with the Yoast SEO plugin v19.2 - https:\/\/yoast.com\/wordpress\/plugins\/seo\/ -->\n<title>FAE e Bom Jesus investem na inova\u00e7\u00e3o e na forma\u00e7\u00e3o humana - Not\u00edcias - Franciscanos<\/title>\n<meta name=\"robots\" content=\"index, follow, max-snippet:-1, max-image-preview:large, max-video-preview:-1\" \/>\n<link rel=\"canonical\" href=\"https:\/\/franciscanos.org.br\/noticias\/fae-centro-universitario-investe-na-inovacao-e-na-formacao-humana.html\" \/>\n<meta property=\"og:locale\" content=\"pt_BR\" \/>\n<meta property=\"og:type\" content=\"article\" \/>\n<meta property=\"og:title\" content=\"FAE e Bom Jesus investem na inova\u00e7\u00e3o e na forma\u00e7\u00e3o humana - Not\u00edcias - Franciscanos\" \/>\n<meta property=\"og:description\" content=\"Ano letivo come\u00e7a na FAE com novidades.\" \/>\n<meta property=\"og:url\" content=\"https:\/\/franciscanos.org.br\/noticias\/fae-centro-universitario-investe-na-inovacao-e-na-formacao-humana.html\" \/>\n<meta property=\"og:site_name\" content=\"Not\u00edcias - Franciscanos\" \/>\n<meta property=\"article:published_time\" content=\"2019-02-13T11:55:18+00:00\" \/>\n<meta property=\"article:modified_time\" content=\"2019-02-13T15:59:18+00:00\" \/>\n<meta property=\"og:image\" content=\"https:\/\/franciscanos.org.br\/noticias\/wp-content\/uploads\/2019\/02\/fae_130219d.jpg\" \/>\n\t<meta property=\"og:image:width\" content=\"273\" \/>\n\t<meta property=\"og:image:height\" content=\"181\" \/>\n\t<meta property=\"og:image:type\" content=\"image\/jpeg\" \/>\n<meta name=\"author\" content=\"moacir\" \/>\n<meta name=\"twitter:card\" content=\"summary_large_image\" \/>\n<meta name=\"twitter:label1\" content=\"Escrito por\" \/>\n\t<meta name=\"twitter:data1\" content=\"moacir\" \/>\n\t<meta name=\"twitter:label2\" content=\"Est. tempo de leitura\" \/>\n\t<meta name=\"twitter:data2\" content=\"7 minutos\" \/>\n<script type=\"application\/ld+json\" class=\"yoast-schema-graph\">{\"@context\":\"https:\/\/schema.org\",\"@graph\":[{\"@type\":\"WebSite\",\"@id\":\"https:\/\/franciscanos.org.br\/noticias\/#website\",\"url\":\"https:\/\/franciscanos.org.br\/noticias\/\",\"name\":\"Not\u00edcias - Franciscanos\",\"description\":\"Prov\u00edncia Franciscana da Imaculada Concei\u00e7\u00e3o do Brasil - Ordem dos Frades Menores - OFM\",\"potentialAction\":[{\"@type\":\"SearchAction\",\"target\":{\"@type\":\"EntryPoint\",\"urlTemplate\":\"https:\/\/franciscanos.org.br\/noticias\/?s={search_term_string}\"},\"query-input\":\"required name=search_term_string\"}],\"inLanguage\":\"pt-BR\"},{\"@type\":\"ImageObject\",\"inLanguage\":\"pt-BR\",\"@id\":\"https:\/\/franciscanos.org.br\/noticias\/fae-centro-universitario-investe-na-inovacao-e-na-formacao-humana.html#primaryimage\",\"url\":\"https:\/\/franciscanos.org.br\/noticias\/wp-content\/uploads\/2019\/02\/fae_130219d.jpg\",\"contentUrl\":\"https:\/\/franciscanos.org.br\/noticias\/wp-content\/uploads\/2019\/02\/fae_130219d.jpg\",\"width\":273,\"height\":181},{\"@type\":\"WebPage\",\"@id\":\"https:\/\/franciscanos.org.br\/noticias\/fae-centro-universitario-investe-na-inovacao-e-na-formacao-humana.html#webpage\",\"url\":\"https:\/\/franciscanos.org.br\/noticias\/fae-centro-universitario-investe-na-inovacao-e-na-formacao-humana.html\",\"name\":\"FAE e Bom Jesus investem na inova\u00e7\u00e3o e na forma\u00e7\u00e3o humana - Not\u00edcias - Franciscanos\",\"isPartOf\":{\"@id\":\"https:\/\/franciscanos.org.br\/noticias\/#website\"},\"primaryImageOfPage\":{\"@id\":\"https:\/\/franciscanos.org.br\/noticias\/fae-centro-universitario-investe-na-inovacao-e-na-formacao-humana.html#primaryimage\"},\"datePublished\":\"2019-02-13T11:55:18+00:00\",\"dateModified\":\"2019-02-13T15:59:18+00:00\",\"author\":{\"@id\":\"https:\/\/franciscanos.org.br\/noticias\/#\/schema\/person\/b5c8cba458c330ccff548b056e95a5d4\"},\"breadcrumb\":{\"@id\":\"https:\/\/franciscanos.org.br\/noticias\/fae-centro-universitario-investe-na-inovacao-e-na-formacao-humana.html#breadcrumb\"},\"inLanguage\":\"pt-BR\",\"potentialAction\":[{\"@type\":\"ReadAction\",\"target\":[\"https:\/\/franciscanos.org.br\/noticias\/fae-centro-universitario-investe-na-inovacao-e-na-formacao-humana.html\"]}]},{\"@type\":\"BreadcrumbList\",\"@id\":\"https:\/\/franciscanos.org.br\/noticias\/fae-centro-universitario-investe-na-inovacao-e-na-formacao-humana.html#breadcrumb\",\"itemListElement\":[{\"@type\":\"ListItem\",\"position\":1,\"name\":\"Home\",\"item\":\"https:\/\/franciscanos.org.br\/noticias\"},{\"@type\":\"ListItem\",\"position\":2,\"name\":\"FAE e Bom Jesus investem na inova\u00e7\u00e3o e na forma\u00e7\u00e3o humana\"}]},{\"@type\":\"Person\",\"@id\":\"https:\/\/franciscanos.org.br\/noticias\/#\/schema\/person\/b5c8cba458c330ccff548b056e95a5d4\",\"name\":\"moacir\",\"image\":{\"@type\":\"ImageObject\",\"inLanguage\":\"pt-BR\",\"@id\":\"https:\/\/franciscanos.org.br\/noticias\/#\/schema\/person\/image\/\",\"url\":\"https:\/\/secure.gravatar.com\/avatar\/d08aa2ce4c8dd416d4479aa8536fcf64?s=96&d=mm&r=g\",\"contentUrl\":\"https:\/\/secure.gravatar.com\/avatar\/d08aa2ce4c8dd416d4479aa8536fcf64?s=96&d=mm&r=g\",\"caption\":\"moacir\"},\"url\":\"https:\/\/franciscanos.org.br\/noticias\/author\/moacir\"}]}<\/script>\n<!-- \/ Yoast SEO plugin. -->","yoast_head_json":{"title":"FAE e Bom Jesus investem na inova\u00e7\u00e3o e na forma\u00e7\u00e3o humana - Not\u00edcias - Franciscanos","robots":{"index":"index","follow":"follow","max-snippet":"max-snippet:-1","max-image-preview":"max-image-preview:large","max-video-preview":"max-video-preview:-1"},"canonical":"https:\/\/franciscanos.org.br\/noticias\/fae-centro-universitario-investe-na-inovacao-e-na-formacao-humana.html","og_locale":"pt_BR","og_type":"article","og_title":"FAE e Bom Jesus investem na inova\u00e7\u00e3o e na forma\u00e7\u00e3o humana - Not\u00edcias - Franciscanos","og_description":"Ano letivo come\u00e7a na FAE com novidades.","og_url":"https:\/\/franciscanos.org.br\/noticias\/fae-centro-universitario-investe-na-inovacao-e-na-formacao-humana.html","og_site_name":"Not\u00edcias - Franciscanos","article_published_time":"2019-02-13T11:55:18+00:00","article_modified_time":"2019-02-13T15:59:18+00:00","og_image":[{"width":273,"height":181,"url":"https:\/\/franciscanos.org.br\/noticias\/wp-content\/uploads\/2019\/02\/fae_130219d.jpg","type":"image\/jpeg"}],"author":"moacir","twitter_card":"summary_large_image","twitter_misc":{"Escrito por":"moacir","Est. tempo de leitura":"7 minutos"},"schema":{"@context":"https:\/\/schema.org","@graph":[{"@type":"WebSite","@id":"https:\/\/franciscanos.org.br\/noticias\/#website","url":"https:\/\/franciscanos.org.br\/noticias\/","name":"Not\u00edcias - Franciscanos","description":"Prov\u00edncia Franciscana da Imaculada Concei\u00e7\u00e3o do Brasil - Ordem dos Frades Menores - OFM","potentialAction":[{"@type":"SearchAction","target":{"@type":"EntryPoint","urlTemplate":"https:\/\/franciscanos.org.br\/noticias\/?s={search_term_string}"},"query-input":"required name=search_term_string"}],"inLanguage":"pt-BR"},{"@type":"ImageObject","inLanguage":"pt-BR","@id":"https:\/\/franciscanos.org.br\/noticias\/fae-centro-universitario-investe-na-inovacao-e-na-formacao-humana.html#primaryimage","url":"https:\/\/franciscanos.org.br\/noticias\/wp-content\/uploads\/2019\/02\/fae_130219d.jpg","contentUrl":"https:\/\/franciscanos.org.br\/noticias\/wp-content\/uploads\/2019\/02\/fae_130219d.jpg","width":273,"height":181},{"@type":"WebPage","@id":"https:\/\/franciscanos.org.br\/noticias\/fae-centro-universitario-investe-na-inovacao-e-na-formacao-humana.html#webpage","url":"https:\/\/franciscanos.org.br\/noticias\/fae-centro-universitario-investe-na-inovacao-e-na-formacao-humana.html","name":"FAE e Bom Jesus investem na inova\u00e7\u00e3o e na forma\u00e7\u00e3o humana - Not\u00edcias - Franciscanos","isPartOf":{"@id":"https:\/\/franciscanos.org.br\/noticias\/#website"},"primaryImageOfPage":{"@id":"https:\/\/franciscanos.org.br\/noticias\/fae-centro-universitario-investe-na-inovacao-e-na-formacao-humana.html#primaryimage"},"datePublished":"2019-02-13T11:55:18+00:00","dateModified":"2019-02-13T15:59:18+00:00","author":{"@id":"https:\/\/franciscanos.org.br\/noticias\/#\/schema\/person\/b5c8cba458c330ccff548b056e95a5d4"},"breadcrumb":{"@id":"https:\/\/franciscanos.org.br\/noticias\/fae-centro-universitario-investe-na-inovacao-e-na-formacao-humana.html#breadcrumb"},"inLanguage":"pt-BR","potentialAction":[{"@type":"ReadAction","target":["https:\/\/franciscanos.org.br\/noticias\/fae-centro-universitario-investe-na-inovacao-e-na-formacao-humana.html"]}]},{"@type":"BreadcrumbList","@id":"https:\/\/franciscanos.org.br\/noticias\/fae-centro-universitario-investe-na-inovacao-e-na-formacao-humana.html#breadcrumb","itemListElement":[{"@type":"ListItem","position":1,"name":"Home","item":"https:\/\/franciscanos.org.br\/noticias"},{"@type":"ListItem","position":2,"name":"FAE e Bom Jesus investem na inova\u00e7\u00e3o e na forma\u00e7\u00e3o humana"}]},{"@type":"Person","@id":"https:\/\/franciscanos.org.br\/noticias\/#\/schema\/person\/b5c8cba458c330ccff548b056e95a5d4","name":"moacir","image":{"@type":"ImageObject","inLanguage":"pt-BR","@id":"https:\/\/franciscanos.org.br\/noticias\/#\/schema\/person\/image\/","url":"https:\/\/secure.gravatar.com\/avatar\/d08aa2ce4c8dd416d4479aa8536fcf64?s=96&d=mm&r=g","contentUrl":"https:\/\/secure.gravatar.com\/avatar\/d08aa2ce4c8dd416d4479aa8536fcf64?s=96&d=mm&r=g","caption":"moacir"},"url":"https:\/\/franciscanos.org.br\/noticias\/author\/moacir"}]}},"_links":{"self":[{"href":"https:\/\/franciscanos.org.br\/noticias\/wp-json\/wp\/v2\/posts\/200261"}],"collection":[{"href":"https:\/\/franciscanos.org.br\/noticias\/wp-json\/wp\/v2\/posts"}],"about":[{"href":"https:\/\/franciscanos.org.br\/noticias\/wp-json\/wp\/v2\/types\/post"}],"author":[{"embeddable":true,"href":"https:\/\/franciscanos.org.br\/noticias\/wp-json\/wp\/v2\/users\/3"}],"replies":[{"embeddable":true,"href":"https:\/\/franciscanos.org.br\/noticias\/wp-json\/wp\/v2\/comments?post=200261"}],"version-history":[{"count":0,"href":"https:\/\/franciscanos.org.br\/noticias\/wp-json\/wp\/v2\/posts\/200261\/revisions"}],"wp:featuredmedia":[{"embeddable":true,"href":"https:\/\/franciscanos.org.br\/noticias\/wp-json\/wp\/v2\/media\/200265"}],"wp:attachment":[{"href":"https:\/\/franciscanos.org.br\/noticias\/wp-json\/wp\/v2\/media?parent=200261"}],"wp:term":[{"taxonomy":"category","embeddable":true,"href":"https:\/\/franciscanos.org.br\/noticias\/wp-json\/wp\/v2\/categories?post=200261"},{"taxonomy":"post_tag","embeddable":true,"href":"https:\/\/franciscanos.org.br\/noticias\/wp-json\/wp\/v2\/tags?post=200261"}],"curies":[{"name":"wp","href":"https:\/\/api.w.org\/{rel}","templated":true}]}}