{"id":200250,"date":"2019-02-10T09:00:11","date_gmt":"2019-02-10T11:00:11","guid":{"rendered":"https:\/\/franciscanos.org.br\/noticias\/?p=200250"},"modified":"2019-02-15T07:04:47","modified_gmt":"2019-02-15T09:04:47","slug":"papa-francisco-e-tema-de-curso-de-teologia-e-espiritualidade","status":"publish","type":"post","link":"https:\/\/franciscanos.org.br\/noticias\/papa-francisco-e-tema-de-curso-de-teologia-e-espiritualidade.html","title":{"rendered":"Papa Francisco \u00e9 tema de Curso de Teologia e Espiritualidade"},"content":{"rendered":"<p><img loading=\"lazy\" class=\"alignnone wp-image-200252 size-full\" src=\"https:\/\/franciscanos.org.br\/noticias\/wp-content\/uploads\/2019\/02\/papa_130219_1.jpg\" alt=\"\" width=\"890\" height=\"523\" \/><\/p>\n<p><em>\u00c0s v\u00e9speras de completar seis anos do Pontificado do Papa Francisco, tem in\u00edcio no Col\u00e9gio Santa Teresa de Jesus, na Tijuca, mais um Curso de Teologia e Espiritualidade, administrado pelo frade franciscano Frei Neylor Tonin. E justamente o <\/em><strong>Papa Francisco<\/strong><em> ser\u00e1 o tema deste curso, que ter\u00e1 quatro etapas: &#8220;A Igreja do Papa Francisco&#8221;, ministrado pelo Prof. Pe. Medoro de Souza Neto; o &#8220;Cristo do Papa Francisco&#8221;, ministrado pelo Prof. Frei Jo\u00e3o Fernandes Reinert; &#8220;Documentos do Papa Francisco&#8221;, ministrado pelo Prof. Carlos Frederico Sch\u00e4fter; e &#8220;o Papa Francisco&#8221;, pelo Prof. C\u00e9sar Kuzma.<\/em><\/p>\n<p><em>Foi no dia 13 de mar\u00e7o de 2013 que o mundo conheceu Francisco, quando apareceu no p\u00falpito da Bas\u00edlica S\u00e3o Pedro vestido de branco. Ele era, entre os cardeais, o que se vestia de maneira mais simples. Daquele dia em diante, muita coisa mudou. O &#8220;mais franciscano dos papas&#8221; escreveu a &#8220;Laudato Si\u2019&#8221;, Sobre o cuidado da casa comum, indicando um caminho para a humanidade, mas tamb\u00e9m enfrenta um dos principais desafios do seu pontificado no que diz respeito aos casos de pedofilia com centenas de acusa\u00e7\u00f5es sobre a Igreja. O mais progressista dos Papas, desde o fim do Conc\u00edlio Vaticano II, n\u00e3o agrada as correntes conservadoras, que j\u00e1 mostraram as garras ao bispo de Roma.<\/em><\/p>\n<p><em>&#8220;Se pud\u00e9ssemos classific\u00e1-lo com uma s\u00f3 palavra, dir\u00edamos que \u00e9 humano, muito humano. Com alegria, e sem solenidade, o deixar\u00edamos entrar em nossa casa e lhe servir\u00edamos a mesma comida que comemos. Que Deus o aben\u00e7oe e o conserve por muitos anos!&#8221;, expressa Frei Neylor, dando uma mostra do que o curso pode render.<\/em><\/p>\n<p><strong>Frei Neylor J. Tonin<\/strong><em> \u00e9 frade franciscano desta Prov\u00edncia da Imaculada, nascido em Luzerna, SC, e explica nesta entrevista que h\u00e1 vinte anos fundou e mant\u00e9m o curso de Teologia e Espiritualidade. Mestre e doutor em Espiritualidade, bacharel em Psicologia, estudou tamb\u00e9m Jornalismo e Sociologia. \u00c9 professor e conferencista, presidiu a CRB-RJ de 1980 a 1986, foi redator da revista \u201cGrande Sinal\u201d por 17 anos e editor da Editora Vozes por 8 anos, al\u00e9m de colaborar em outras editoras, atuar como conselheiro espiritual de casais, terapeuta, escritor e manter um programa de r\u00e1dio di\u00e1rio no Rio de Janeiro.<\/em><\/p>\n<p>Acompanhe a entrevista a <strong>Moacir Beggo<\/strong> e veja os telefones e contatos abaixo para se inscrever !<\/p>\n<p><img loading=\"lazy\" class=\"alignnone size-full wp-image-200251\" src=\"https:\/\/franciscanos.org.br\/noticias\/wp-content\/uploads\/2019\/02\/neylor_130219.jpg\" alt=\"\" width=\"890\" height=\"597\" srcset=\"https:\/\/franciscanos.org.br\/noticias\/wp-content\/uploads\/2019\/02\/neylor_130219.jpg 890w, https:\/\/franciscanos.org.br\/noticias\/wp-content\/uploads\/2019\/02\/neylor_130219-450x302.jpg 450w, https:\/\/franciscanos.org.br\/noticias\/wp-content\/uploads\/2019\/02\/neylor_130219-768x515.jpg 768w, https:\/\/franciscanos.org.br\/noticias\/wp-content\/uploads\/2019\/02\/neylor_130219-150x101.jpg 150w\" sizes=\"(max-width: 890px) 100vw, 890px\" \/><\/p>\n<p><strong>Site Franciscanos &#8211; Qual \u00e9 o objetivo do Curso Teologia e Espiritualidade?<\/strong><\/p>\n<p><strong>Frei Neylor<\/strong> &#8211; \u00c9 alimentar e fortalecer a f\u00e9 dos participantes. N\u00e3o queremos formar te\u00f3logos, agentes de Pastoral ou gente mais sabida. Pretendemos apenas aumentar os conhecimentos teol\u00f3gicos dos ouvintes para que vivam encantados pela f\u00e9 que professam. Visamos tamb\u00e9m intensificar a alma dos cursistas, incendiando-a com o fogo da Sar\u00e7a Ardente, tornando-os mais piedosos e mais orantes. Por isso, o Curso n\u00e3o \u00e9 s\u00f3 de Teologia, \u00e9 tamb\u00e9m de Espiritualidade. Queremos faz\u00ea-los compreender melhor a hist\u00f3ria da Igreja para que possam am\u00e1-la mais, apesar de suas fraquezas. Nossa sublime pretens\u00e3o \u00e9 ajud\u00e1-los no desafio de uma maior densidade humana, compartilhada nos grupos das par\u00f3quias em que vivem.<\/p>\n<p>O Curso n\u00e3o prev\u00ea provas ou trabalhos \u201cacad\u00eamicos\u201d de casa. Como o Curso n\u00e3o visa nem pode conferir diploma acad\u00eamico reconhecido e v\u00e1lido, n\u00e3o oferecemos apostilas (grossas) para serem estudadas. De aula em aula, apenas oferecemos uma folha com apontamentos e favorecemos a compra de livros sobre o assunto em tela. Desejamos, como dizia S\u00e3o Paulo, \u201cconfirmar os irm\u00e3os na f\u00e9\u201d. Come\u00e7amos sempre com a ora\u00e7\u00e3o dos te\u00f3logos franciscanos, do s\u00e9culo XIII:<\/p>\n<p style=\"padding-left: 30px;\"><em>\u201c\u00d3 SENHOR JESUS, indigno servo teu, n\u00e3o merecedor de teus bens, ouso aproximar-me para contemplar teus tesouros. Digna-te introduzir-me neles e concede-me a gra\u00e7a de conhecer e amar tua palavra. Concede-me, no entanto, am\u00e1-la na medida de meus conhecimentos e n\u00e3o me seja dado conhecer mais do que amar, pois s\u00f3 quero conhecer-te para amar-te. Am\u00e9m\u201d.<\/em><\/p>\n<p><strong>Site Franciscanos &#8211; H\u00e1 quantos anos o Sr. mant\u00e9m este Curso?<\/strong><\/p>\n<p><strong>Frei Neylor<\/strong> &#8211; H\u00e1 20 anos! O ber\u00e7o do Curso foi o Convento de Santo Ant\u00f4nio, no Largo da Carioca. Tudo come\u00e7ou em agosto de 1998, com 180 inscri\u00e7\u00f5es. O Curso nasceu a pedido dos fi\u00e9is do Convento e com as b\u00ean\u00e7\u00e3os da Fraternidade local. O Curso queria aprofundar a f\u00e9 dos participantes e pretendia ser uma extens\u00e3o da evangeliza\u00e7\u00e3o do Convento. Os Fundadores e primeiros m\u00f3dulos e Professores foram: Moral Fundamental (Frei Gamaliel Divigili); Eclesiologia (Frei Fernando Ara\u00fajo); B\u00edblia (Frei Evaristo Spengler) e Espiritualidade (Frei Neylor J. Tonin). O Curso sempre gozou do apoio dos Professores do ITF (Instituto Teol\u00f3gico Franciscano, de Petr\u00f3polis).<\/p>\n<p>Em 1999, o Curso migrou para a Matriz Nossa Senhora da Gl\u00f3ria (Largo do Machado, Laranjeiras) por raz\u00f5es de espa\u00e7o. Inscreveram-se no Convento 150 alunos e s\u00f3 t\u00ednhamos espa\u00e7o para 120. Em 2002, foi aberta uma Filial em Copacabana, com 400 inscritos. Em 2005, outra Filial foi aberta em Niter\u00f3i para 440 participantes. Em 2006, o Curso come\u00e7ou a ser oferecido na Tijuca com 180 inscritos. J\u00e1 passaram pelo Curso mais de 15 mil alunos.<\/p>\n<p><strong>Site Franciscanos &#8211; A qual p\u00fablico se destina o Curso?<\/strong><\/p>\n<p><strong>Frei Neylor<\/strong> &#8211; Ele \u00e9 aberto a todos, indistintamente. N\u00e3o se exige grau acad\u00eamico dos participantes, apenas f\u00e9 e desejo de querer aprender mais. Por isso, eles n\u00e3o s\u00e3o alunos, mas participantes. Como afirmou um deles: \u201cQuem participa deste Curso n\u00e3o abandona a Igreja Cat\u00f3lica\u201d. Outro afirmou: \u201c\u00c9 disso que as igrejas do Rio est\u00e3o precisando\u201d. E um terceiro confessou: \u201cEnquanto viver, nunca abandonarei o Curso. Ele alimenta minha f\u00e9 e me espiritualiza\u201d.<\/p>\n<p>Como Diretor atual, afirmo e confirmo: \u201cN\u00e3o queremos competir com as par\u00f3quias. Desejamos apenas ser um complemento ilustrado em sua evangeliza\u00e7\u00e3o. Talvez se possa dizer que, enquanto as par\u00f3quias cuidam do caminho, o Curso cuida do esp\u00edrito de quem caminha. Acreditamos que serm\u00e3o (de dez minutos) \u00e9 bom, mas pode ser pouco para alimentar a f\u00e9 de quem est\u00e1 a caminho.<\/p>\n<p><strong>Site Franciscanos &#8211; Qual a principal tem\u00e1tica deste semestre?<\/strong><\/p>\n<p><strong>Frei Neylor<\/strong> &#8211; Ser\u00e1 o Papa Francisco e sua teologia e pastoral. O Papa est\u00e1 sendo contestado por conservadores radicais, quando n\u00e3o fan\u00e1ticos. O Papa deseja uma Igreja \u201cde sa\u00edda\u201d. Seu amor pelos outros \u00e9 o seu admir\u00e1vel evangelho. S\u00e3o dele os seguintes pensamentos que aparecem em seu primeiro escrito (\u201cA Alegria do Evangelho\u201d) endere\u00e7ado a todos, Bispos, Padres, Religiosos e Fieis dentro da Igreja<\/p>\n<p style=\"padding-left: 30px;\">\u201cA Alegria do Evangelho enche o cora\u00e7\u00e3o e a vida inteira daqueles que se encontram com Jesus. Quantos se deixam salvar por Ele s\u00e3o libertados do pecado, da tristeza, do vazio interior, do isolamento. Com Jesus Cristo, renasce sem cessar a alegria\u201d. (n. 1)<\/p>\n<p style=\"padding-left: 30px;\">\u201cO grande risco do mundo atual, com sua m\u00faltipla e avassaladora oferta de consumo, \u00e9 uma tristeza individualista que brota do cora\u00e7\u00e3o comodista e mesquinho, da busca desordenada de prazeres superficiais, da consci\u00eancia isolada. Quando a vida interior se fecha nos pr\u00f3prios interesses, deixa de haver espa\u00e7o para os outros, j\u00e1 n\u00e3o entram os pobres, j\u00e1 n\u00e3o se ouve a voz de Deus, j\u00e1 n\u00e3o se goza da doce alegria do seu amor, nem fervilha o entusiasmo de fazer o bem\u201d. (n. 2)<\/p>\n<p style=\"padding-left: 30px;\">\u201cPrefiro uma Igreja acidentada, ferida e enlameada por ter sa\u00eddo pelas estradas, a uma Igreja enferma pelo fechamento e a comodidade de se agarrar \u00e0s pr\u00f3prias seguran\u00e7as. N\u00e3o quero uma Igreja preocupada com ser o centro, e que acaba presa em um emaranhado de obsess\u00f5es e procedimentos\u201d. (n. 49)<\/p>\n<p style=\"padding-left: 30px;\">\u201cMais do que o temor de falhar, espero que nos mova o medo de nos encerrarmos nas estruturas que nos d\u00e3o uma falsa prote\u00e7\u00e3o, nas normas que nos transformam em ju\u00edzes implac\u00e1veis\u201d. (n. 49)<\/p>\n<p><strong>Site Franciscanos &#8211; Como o sr. v\u00ea o Pontificado do Papa Francisco?<\/strong><\/p>\n<p><strong>Frei Neylor<\/strong> &#8211; Com grande encantamento. Ele j\u00e1 \u00e9 e passar\u00e1 para a Hist\u00f3ria como um grande e admir\u00e1vel Papa. N\u00f3s, que vivemos e conhecemos outros Papas, n\u00e3o deixamos de nos surpreender, a cada dia, com o atual, Jorge Mario Bergoglio, o Papa Francisco. Ele nos saiu melhor do que a encomenda. O melhor elogio que poderia lhe fazer \u00e9 que ele \u00e9 o Papa que S\u00e3o Francisco de Assis teria gostado de ter em sua Igreja na Idade M\u00e9dia.<\/p>\n<p>A cada dia, reza a missa \u201cpara os outros\u201d. N\u00e3o tem uma capela privativa. Come com outras pessoas num refeit\u00f3rio comunit\u00e1rio. Dorme numa casa em que muitos outros dormem. Sua simpatia \u00e9 irradiante, \u00e9, no melhor estilo, italiana. Abra\u00e7a as pessoas, n\u00e3o foge da dor dos que se aproximam. Pede desculpas quando n\u00e3o pode dar tempo aos outros, porque seus compromissos o requisitam para outros afazeres. \u00c9 l\u00facido quando afirma que n\u00e3o adianta ter sido batizado na Igreja, ter feito a Primeira Comunh\u00e3o e casado catolicamente, se a pessoa n\u00e3o segue apaixonadamente Jesus Cristo. Pede aos casais que n\u00e3o se esque\u00e7am, para serem felizes, de tr\u00eas palavrinhas: Por favor, obrigado e desculpas.<\/p>\n<p>Coloca a Igreja no pelourinho, fazendo distribuir, ao mundo, uma s\u00e9rie de perguntas que abordam quest\u00f5es sens\u00edveis e mordentes. Deseja saber o que o Povo de Deus pensa sobre tais quest\u00f5es, e n\u00e3o apenas a opini\u00e3o de uma elite religiosa e de barrete colorido na cabe\u00e7a. E insiste em assuntos que tem alma e cora\u00e7\u00e3o, que criam sofrimento e perplexidades, e n\u00e3o apenas a depend\u00eancia de secos princ\u00edpios teol\u00f3gicos e pastorais.<\/p>\n<p>Miseric\u00f3rdia, Servi\u00e7o, Abertura, eis alguns t\u00f3picos e marcas que deseja que sua e nossa Igreja apresentem. Na C\u00e1tedra de S\u00e3o Pedro, n\u00e3o est\u00e1 sentado um Pr\u00edncipe ou um Professor, mas um Bom Pastor, que andava pelas ruas e becos de Buenos Aires, e agora lava os p\u00e9s de marginais nas pris\u00f5es de Roma e re\u00fane, sem esfor\u00e7o, mais de 100 mil pessoas a cada quarta feira na Pra\u00e7a de S\u00e3o Pedro.<\/p>\n<p>Este \u00e9 o nosso Papa, assim \u00e9 o Papa Francisco, italiano por sobrenome, franciscano por esp\u00edrito e jesu\u00edta por voca\u00e7\u00e3o. \u00c9 uma b\u00ean\u00e7\u00e3o para a Igreja e um l\u00edder espiritual para o mundo. Combate a fome, como esc\u00e2ndalo mundial inaceit\u00e1vel, e apresenta Jesus, como \u00fanica esperan\u00e7a definitiva. Gosta dos jovens, sem desprezar os vov\u00f4s e idosos. Pede di\u00e1logo e complementa\u00e7\u00e3o entre as idades.<\/p>\n<p>Se pud\u00e9ssemos classific\u00e1-lo com uma s\u00f3 palavra, dir\u00edamos que \u00e9 humano, muito humano. Com alegria, e sem solenidade, o deixar\u00edamos entrar em nossa casa e lhe servir\u00edamos a mesma comida que comemos. Que Deus o aben\u00e7oe e o conserve por muitos anos! E que ele continue a nos surpreender, pois uma das caracter\u00edsticas do verdadeiro amor \u00e9 ser, quando menos se espera, surpreendente.<\/p>\n<p>Al\u00e9m de ser um Papa pouco pap\u00e1vel, confessamos: N\u00f3s, brasileiros, n\u00e3o desconfi\u00e1vamos que um argentino pudesse ser t\u00e3o simp\u00e1tico. Os nossos estere\u00f3tipos dos \u201chermanos\u201d n\u00e3o eram muito lisonjeiros. Mas o Papa Francisco nos surpreendeu a todos. Mesmo enfrentado situa\u00e7\u00f5es estranhas (como ao receber um Cristo crucificado numa foice e num martelo, na Bol\u00edvia), n\u00e3o perde o sorriso. No meio de multid\u00f5es, deixa-se tocar sem perder a simpatia e a majestade. Sorri com seus olhinhos espertos e compreensivos. A sua simpatia corre o mundo. \u00c9 campe\u00e3o no twitter com 10 milh\u00f5es de acessos, mais do que qualquer pop-star. Recebe por dia 2 mil cartas. N\u00e3o ataca os inimigos, n\u00e3o se irrita com quem pensa diferentemente, mas recebe a todos com alma e cora\u00e7\u00e3o. \u00c9 um grande homem de Paz.<\/p>\n<p>De forma bonita, o jornalista espanhol e correspondente do jornal El Pais no Brasil afirmou que \u201co Papa est\u00e1 vivendo como nos tempos de Cristo\u201d. \u201cConheci, disse ele, sete Papas, mas nenhum como este\u201d. Por isso o classificou como um ciclone de simpatia. Este \u00e9 o nosso Papa, um Papa que tem a alma italiana de um Bergoglio e o esp\u00edrito jesu\u00edtico empinado de um argentino. Que Deus o conserve por muitos anos para o bem da Igreja e para o bem do mundo. Ele n\u00e3o \u00e9 um imperador, mas se apresenta como um simples padre e um bom pastor. Ele \u00e9 um vulc\u00e3o de simpatia. Por isso me encanta e o admiro.<\/p>\n<p><img loading=\"lazy\" class=\"alignnone size-full wp-image-200254\" src=\"https:\/\/franciscanos.org.br\/noticias\/wp-content\/uploads\/2019\/02\/curso_130219.jpg\" alt=\"\" width=\"890\" height=\"593\" srcset=\"https:\/\/franciscanos.org.br\/noticias\/wp-content\/uploads\/2019\/02\/curso_130219.jpg 890w, https:\/\/franciscanos.org.br\/noticias\/wp-content\/uploads\/2019\/02\/curso_130219-450x300.jpg 450w, https:\/\/franciscanos.org.br\/noticias\/wp-content\/uploads\/2019\/02\/curso_130219-768x512.jpg 768w, https:\/\/franciscanos.org.br\/noticias\/wp-content\/uploads\/2019\/02\/curso_130219-150x100.jpg 150w\" sizes=\"(max-width: 890px) 100vw, 890px\" \/><\/p>\n","protected":false},"excerpt":{"rendered":"<p>Entrevista com Frei Neylor Tonin, criador do Curso<\/p>\n","protected":false},"author":3,"featured_media":0,"comment_status":"open","ping_status":"open","sticky":false,"template":"","format":"standard","meta":[],"categories":[758],"tags":[55,1368],"acf":[],"yoast_head":"<!-- This site is optimized with the Yoast SEO plugin v19.2 - https:\/\/yoast.com\/wordpress\/plugins\/seo\/ -->\n<title>Papa Francisco \u00e9 tema de Curso de Teologia e Espiritualidade - Not\u00edcias - Franciscanos<\/title>\n<meta name=\"robots\" content=\"index, follow, max-snippet:-1, max-image-preview:large, max-video-preview:-1\" \/>\n<link rel=\"canonical\" href=\"https:\/\/franciscanos.org.br\/noticias\/papa-francisco-e-tema-de-curso-de-teologia-e-espiritualidade.html\" \/>\n<meta property=\"og:locale\" content=\"pt_BR\" \/>\n<meta property=\"og:type\" content=\"article\" \/>\n<meta property=\"og:title\" content=\"Papa Francisco \u00e9 tema de Curso de Teologia e Espiritualidade - Not\u00edcias - Franciscanos\" \/>\n<meta property=\"og:description\" content=\"Entrevista com Frei Neylor Tonin, criador do Curso\" \/>\n<meta property=\"og:url\" content=\"https:\/\/franciscanos.org.br\/noticias\/papa-francisco-e-tema-de-curso-de-teologia-e-espiritualidade.html\" \/>\n<meta property=\"og:site_name\" content=\"Not\u00edcias - Franciscanos\" \/>\n<meta property=\"article:published_time\" content=\"2019-02-10T11:00:11+00:00\" \/>\n<meta property=\"article:modified_time\" content=\"2019-02-15T09:04:47+00:00\" \/>\n<meta property=\"og:image\" content=\"https:\/\/franciscanos.org.br\/noticias\/wp-content\/uploads\/2019\/02\/papa_130219_1.jpg\" \/>\n<meta name=\"author\" content=\"moacir\" \/>\n<meta name=\"twitter:card\" content=\"summary_large_image\" \/>\n<meta name=\"twitter:label1\" content=\"Escrito por\" \/>\n\t<meta name=\"twitter:data1\" content=\"moacir\" \/>\n\t<meta name=\"twitter:label2\" content=\"Est. tempo de leitura\" \/>\n\t<meta name=\"twitter:data2\" content=\"11 minutos\" \/>\n<script type=\"application\/ld+json\" class=\"yoast-schema-graph\">{\"@context\":\"https:\/\/schema.org\",\"@graph\":[{\"@type\":\"WebSite\",\"@id\":\"https:\/\/franciscanos.org.br\/noticias\/#website\",\"url\":\"https:\/\/franciscanos.org.br\/noticias\/\",\"name\":\"Not\u00edcias - Franciscanos\",\"description\":\"Prov\u00edncia Franciscana da Imaculada Concei\u00e7\u00e3o do Brasil - Ordem dos Frades Menores - OFM\",\"potentialAction\":[{\"@type\":\"SearchAction\",\"target\":{\"@type\":\"EntryPoint\",\"urlTemplate\":\"https:\/\/franciscanos.org.br\/noticias\/?s={search_term_string}\"},\"query-input\":\"required name=search_term_string\"}],\"inLanguage\":\"pt-BR\"},{\"@type\":\"ImageObject\",\"inLanguage\":\"pt-BR\",\"@id\":\"https:\/\/franciscanos.org.br\/noticias\/papa-francisco-e-tema-de-curso-de-teologia-e-espiritualidade.html#primaryimage\",\"url\":\"https:\/\/franciscanos.org.br\/noticias\/wp-content\/uploads\/2019\/02\/papa_130219_1.jpg\",\"contentUrl\":\"https:\/\/franciscanos.org.br\/noticias\/wp-content\/uploads\/2019\/02\/papa_130219_1.jpg\"},{\"@type\":\"WebPage\",\"@id\":\"https:\/\/franciscanos.org.br\/noticias\/papa-francisco-e-tema-de-curso-de-teologia-e-espiritualidade.html#webpage\",\"url\":\"https:\/\/franciscanos.org.br\/noticias\/papa-francisco-e-tema-de-curso-de-teologia-e-espiritualidade.html\",\"name\":\"Papa Francisco \u00e9 tema de Curso de Teologia e Espiritualidade - Not\u00edcias - Franciscanos\",\"isPartOf\":{\"@id\":\"https:\/\/franciscanos.org.br\/noticias\/#website\"},\"primaryImageOfPage\":{\"@id\":\"https:\/\/franciscanos.org.br\/noticias\/papa-francisco-e-tema-de-curso-de-teologia-e-espiritualidade.html#primaryimage\"},\"datePublished\":\"2019-02-10T11:00:11+00:00\",\"dateModified\":\"2019-02-15T09:04:47+00:00\",\"author\":{\"@id\":\"https:\/\/franciscanos.org.br\/noticias\/#\/schema\/person\/b5c8cba458c330ccff548b056e95a5d4\"},\"breadcrumb\":{\"@id\":\"https:\/\/franciscanos.org.br\/noticias\/papa-francisco-e-tema-de-curso-de-teologia-e-espiritualidade.html#breadcrumb\"},\"inLanguage\":\"pt-BR\",\"potentialAction\":[{\"@type\":\"ReadAction\",\"target\":[\"https:\/\/franciscanos.org.br\/noticias\/papa-francisco-e-tema-de-curso-de-teologia-e-espiritualidade.html\"]}]},{\"@type\":\"BreadcrumbList\",\"@id\":\"https:\/\/franciscanos.org.br\/noticias\/papa-francisco-e-tema-de-curso-de-teologia-e-espiritualidade.html#breadcrumb\",\"itemListElement\":[{\"@type\":\"ListItem\",\"position\":1,\"name\":\"Home\",\"item\":\"https:\/\/franciscanos.org.br\/noticias\"},{\"@type\":\"ListItem\",\"position\":2,\"name\":\"Papa Francisco \u00e9 tema de Curso de Teologia e Espiritualidade\"}]},{\"@type\":\"Person\",\"@id\":\"https:\/\/franciscanos.org.br\/noticias\/#\/schema\/person\/b5c8cba458c330ccff548b056e95a5d4\",\"name\":\"moacir\",\"image\":{\"@type\":\"ImageObject\",\"inLanguage\":\"pt-BR\",\"@id\":\"https:\/\/franciscanos.org.br\/noticias\/#\/schema\/person\/image\/\",\"url\":\"https:\/\/secure.gravatar.com\/avatar\/d08aa2ce4c8dd416d4479aa8536fcf64?s=96&d=mm&r=g\",\"contentUrl\":\"https:\/\/secure.gravatar.com\/avatar\/d08aa2ce4c8dd416d4479aa8536fcf64?s=96&d=mm&r=g\",\"caption\":\"moacir\"},\"url\":\"https:\/\/franciscanos.org.br\/noticias\/author\/moacir\"}]}<\/script>\n<!-- \/ Yoast SEO plugin. -->","yoast_head_json":{"title":"Papa Francisco \u00e9 tema de Curso de Teologia e Espiritualidade - Not\u00edcias - Franciscanos","robots":{"index":"index","follow":"follow","max-snippet":"max-snippet:-1","max-image-preview":"max-image-preview:large","max-video-preview":"max-video-preview:-1"},"canonical":"https:\/\/franciscanos.org.br\/noticias\/papa-francisco-e-tema-de-curso-de-teologia-e-espiritualidade.html","og_locale":"pt_BR","og_type":"article","og_title":"Papa Francisco \u00e9 tema de Curso de Teologia e Espiritualidade - Not\u00edcias - Franciscanos","og_description":"Entrevista com Frei Neylor Tonin, criador do Curso","og_url":"https:\/\/franciscanos.org.br\/noticias\/papa-francisco-e-tema-de-curso-de-teologia-e-espiritualidade.html","og_site_name":"Not\u00edcias - Franciscanos","article_published_time":"2019-02-10T11:00:11+00:00","article_modified_time":"2019-02-15T09:04:47+00:00","og_image":[{"url":"https:\/\/franciscanos.org.br\/noticias\/wp-content\/uploads\/2019\/02\/papa_130219_1.jpg"}],"author":"moacir","twitter_card":"summary_large_image","twitter_misc":{"Escrito por":"moacir","Est. tempo de leitura":"11 minutos"},"schema":{"@context":"https:\/\/schema.org","@graph":[{"@type":"WebSite","@id":"https:\/\/franciscanos.org.br\/noticias\/#website","url":"https:\/\/franciscanos.org.br\/noticias\/","name":"Not\u00edcias - Franciscanos","description":"Prov\u00edncia Franciscana da Imaculada Concei\u00e7\u00e3o do Brasil - Ordem dos Frades Menores - OFM","potentialAction":[{"@type":"SearchAction","target":{"@type":"EntryPoint","urlTemplate":"https:\/\/franciscanos.org.br\/noticias\/?s={search_term_string}"},"query-input":"required name=search_term_string"}],"inLanguage":"pt-BR"},{"@type":"ImageObject","inLanguage":"pt-BR","@id":"https:\/\/franciscanos.org.br\/noticias\/papa-francisco-e-tema-de-curso-de-teologia-e-espiritualidade.html#primaryimage","url":"https:\/\/franciscanos.org.br\/noticias\/wp-content\/uploads\/2019\/02\/papa_130219_1.jpg","contentUrl":"https:\/\/franciscanos.org.br\/noticias\/wp-content\/uploads\/2019\/02\/papa_130219_1.jpg"},{"@type":"WebPage","@id":"https:\/\/franciscanos.org.br\/noticias\/papa-francisco-e-tema-de-curso-de-teologia-e-espiritualidade.html#webpage","url":"https:\/\/franciscanos.org.br\/noticias\/papa-francisco-e-tema-de-curso-de-teologia-e-espiritualidade.html","name":"Papa Francisco \u00e9 tema de Curso de Teologia e Espiritualidade - Not\u00edcias - Franciscanos","isPartOf":{"@id":"https:\/\/franciscanos.org.br\/noticias\/#website"},"primaryImageOfPage":{"@id":"https:\/\/franciscanos.org.br\/noticias\/papa-francisco-e-tema-de-curso-de-teologia-e-espiritualidade.html#primaryimage"},"datePublished":"2019-02-10T11:00:11+00:00","dateModified":"2019-02-15T09:04:47+00:00","author":{"@id":"https:\/\/franciscanos.org.br\/noticias\/#\/schema\/person\/b5c8cba458c330ccff548b056e95a5d4"},"breadcrumb":{"@id":"https:\/\/franciscanos.org.br\/noticias\/papa-francisco-e-tema-de-curso-de-teologia-e-espiritualidade.html#breadcrumb"},"inLanguage":"pt-BR","potentialAction":[{"@type":"ReadAction","target":["https:\/\/franciscanos.org.br\/noticias\/papa-francisco-e-tema-de-curso-de-teologia-e-espiritualidade.html"]}]},{"@type":"BreadcrumbList","@id":"https:\/\/franciscanos.org.br\/noticias\/papa-francisco-e-tema-de-curso-de-teologia-e-espiritualidade.html#breadcrumb","itemListElement":[{"@type":"ListItem","position":1,"name":"Home","item":"https:\/\/franciscanos.org.br\/noticias"},{"@type":"ListItem","position":2,"name":"Papa Francisco \u00e9 tema de Curso de Teologia e Espiritualidade"}]},{"@type":"Person","@id":"https:\/\/franciscanos.org.br\/noticias\/#\/schema\/person\/b5c8cba458c330ccff548b056e95a5d4","name":"moacir","image":{"@type":"ImageObject","inLanguage":"pt-BR","@id":"https:\/\/franciscanos.org.br\/noticias\/#\/schema\/person\/image\/","url":"https:\/\/secure.gravatar.com\/avatar\/d08aa2ce4c8dd416d4479aa8536fcf64?s=96&d=mm&r=g","contentUrl":"https:\/\/secure.gravatar.com\/avatar\/d08aa2ce4c8dd416d4479aa8536fcf64?s=96&d=mm&r=g","caption":"moacir"},"url":"https:\/\/franciscanos.org.br\/noticias\/author\/moacir"}]}},"_links":{"self":[{"href":"https:\/\/franciscanos.org.br\/noticias\/wp-json\/wp\/v2\/posts\/200250"}],"collection":[{"href":"https:\/\/franciscanos.org.br\/noticias\/wp-json\/wp\/v2\/posts"}],"about":[{"href":"https:\/\/franciscanos.org.br\/noticias\/wp-json\/wp\/v2\/types\/post"}],"author":[{"embeddable":true,"href":"https:\/\/franciscanos.org.br\/noticias\/wp-json\/wp\/v2\/users\/3"}],"replies":[{"embeddable":true,"href":"https:\/\/franciscanos.org.br\/noticias\/wp-json\/wp\/v2\/comments?post=200250"}],"version-history":[{"count":0,"href":"https:\/\/franciscanos.org.br\/noticias\/wp-json\/wp\/v2\/posts\/200250\/revisions"}],"wp:attachment":[{"href":"https:\/\/franciscanos.org.br\/noticias\/wp-json\/wp\/v2\/media?parent=200250"}],"wp:term":[{"taxonomy":"category","embeddable":true,"href":"https:\/\/franciscanos.org.br\/noticias\/wp-json\/wp\/v2\/categories?post=200250"},{"taxonomy":"post_tag","embeddable":true,"href":"https:\/\/franciscanos.org.br\/noticias\/wp-json\/wp\/v2\/tags?post=200250"}],"curies":[{"name":"wp","href":"https:\/\/api.w.org\/{rel}","templated":true}]}}