{"id":200214,"date":"2019-02-09T21:12:00","date_gmt":"2019-02-09T23:12:00","guid":{"rendered":"https:\/\/franciscanos.org.br\/noticias\/?p=200214"},"modified":"2019-09-12T09:51:42","modified_gmt":"2019-09-12T12:51:42","slug":"terra-santa-fraternidade-convivencia-e-aceitacao","status":"publish","type":"post","link":"https:\/\/franciscanos.org.br\/noticias\/terra-santa-fraternidade-convivencia-e-aceitacao.html","title":{"rendered":"Terra Santa: fraternidade, conviv\u00eancia e aceita\u00e7\u00e3o"},"content":{"rendered":"<p><img loading=\"lazy\" class=\"alignnone size-full wp-image-200215\" src=\"https:\/\/franciscanos.org.br\/noticias\/wp-content\/uploads\/2019\/02\/sultao_110219.jpg\" alt=\"\" width=\"890\" height=\"545\" srcset=\"https:\/\/franciscanos.org.br\/noticias\/wp-content\/uploads\/2019\/02\/sultao_110219.jpg 890w, https:\/\/franciscanos.org.br\/noticias\/wp-content\/uploads\/2019\/02\/sultao_110219-450x276.jpg 450w, https:\/\/franciscanos.org.br\/noticias\/wp-content\/uploads\/2019\/02\/sultao_110219-768x470.jpg 768w, https:\/\/franciscanos.org.br\/noticias\/wp-content\/uploads\/2019\/02\/sultao_110219-150x92.jpg 150w\" sizes=\"(max-width: 890px) 100vw, 890px\" \/><\/p>\n<p>O <em>Terra Sancta College <\/em>foi a primeira escola fundada em Bel\u00e9m e, sem d\u00favida, \u00e9 uma das primeiras da regi\u00e3o. Est\u00e1 ativa desde o s\u00e9culo XVI, gra\u00e7as \u00e0 Ordem dos Frades Menores, que iniciou suas atividades educativas na cidade de Bel\u00e9m com dois objetivos: ensinar \u00e0s crian\u00e7as os princ\u00edpios do cristianismo e fomentar o ensino de l\u00ednguas estrangeiras, mais precisamente o Ingl\u00eas e o Italiano, oferecendo a elas a possibilidade de uma vida diferente. Hoje, a escola tem cerca de 1.800 alunos, dos quais 62% crist\u00e3os e um pouco mais de 38% mu\u00e7ulmanos. Estes n\u00fameros representam a composi\u00e7\u00e3o social da cidade de Bel\u00e9m e constitui um exemplo da miss\u00e3o desempenhada pelos franciscanos, que garantem instru\u00e7\u00e3o sem nenhuma discrimina\u00e7\u00e3o.<\/p>\n<p>\u201cSomos todos um, somos irm\u00e3os e irm\u00e3s\u201d, disse a professora Lina Deklallah, que leciona ingl\u00eas e islamismo: \u201cEste projeto nos ajuda a recordar isso. O <em>Terra Sancta College <\/em>de Bel\u00e9m representa diariamente o encontro de S\u00e3o Francisco e o Sult\u00e3o: n\u00f3s n\u00e3o nos sentimos diferentes\u201d, diz. O projeto, iniciado em janeiro de 2019, possui diversos objetivos: aumentar a consci\u00eancia da import\u00e2ncia da paz, da conviv\u00eancia e a aceita\u00e7\u00e3o do diferente; melhorar a ideia de forma\u00e7\u00e3o interativa, expressa nos <em>workshops <\/em>desenvolvidos pelos estudantes, tanto entre eles quanto com os professores; publicar uma declara\u00e7\u00e3o de fraternidade, conviv\u00eancia e aceita\u00e7\u00e3o a ser distribu\u00eddo fora do ambiente escolar para servir de exemplo \u00e0 sociedade. \u201cAcredito que este tipo de projeto contribua para manter a nossa comunidade unida\u201d, comentou Nader Madbouh, um dos estudantes envolvidos. \u00a0\u201cEspecialmente neste momento de particular dificuldade econ\u00f4mica e pol\u00edtica. Temos muitos motivos para deixar o pa\u00eds, mas se tivermos consci\u00eancia de quem somos, poderemos continuar a viver em paz como sempre fizemos\u201d, acrescenta.<\/p>\n<p>Foram diversas as etapas de trabalho at\u00e9 o momento no qual foi entregue a \u201cDeclara\u00e7\u00e3o de Fraternidade\u201d, no dia 30 de janeiro, quarta-feira, na presen\u00e7a do Cust\u00f3dio da Terra Santa, Frei Francesco Patton, do Patriarca em\u00e9rito, D. Michel Sabbah, do Arcebispo ortodoxo, Attalah Hana; o Mufti de Bel\u00e9m Abdelmajid Ata. Estavam tamb\u00e9m presentes representantes da Autoridade Palestina: a Ministra do Turismo, Rula Maaya, o Ministro para assuntos religiosos isl\u00e2micos, Yousef Dias, o representate de assuntos religiosos crist\u00e3os, Hanna Issa, e o prefeito de Bel\u00e9m, Tony Salman.<\/p>\n<p><img loading=\"lazy\" class=\"alignnone size-full wp-image-200216\" src=\"https:\/\/franciscanos.org.br\/noticias\/wp-content\/uploads\/2019\/02\/sultao_110219_1.jpg\" alt=\"\" width=\"890\" height=\"594\" srcset=\"https:\/\/franciscanos.org.br\/noticias\/wp-content\/uploads\/2019\/02\/sultao_110219_1.jpg 890w, https:\/\/franciscanos.org.br\/noticias\/wp-content\/uploads\/2019\/02\/sultao_110219_1-450x300.jpg 450w, https:\/\/franciscanos.org.br\/noticias\/wp-content\/uploads\/2019\/02\/sultao_110219_1-768x513.jpg 768w, https:\/\/franciscanos.org.br\/noticias\/wp-content\/uploads\/2019\/02\/sultao_110219_1-150x100.jpg 150w\" sizes=\"(max-width: 890px) 100vw, 890px\" \/><\/p>\n<p>Frei Marwan Di\u2019des, diretor do <em>Terra Sancta College <\/em>e promotor da iniciativa, explicou que o projeto se fundamenta sobre a s\u00edntese dos diversos relatos do encontro de S\u00e3o Francisco com o Sult\u00e3o Al Malek Al Kamel, encontrados nas Fontes Franciscanas. Os participantes do projeto assistiram ao filme \u201cO sult\u00e3o e o Santo\u201d, produzido pela <em>Unity Production Fondation<\/em>. \u201cFoi um grande desafio \u2013 disse Frei Marwan &#8211; porque os alunos n\u00e3o est\u00e3o acostumados a assistir document\u00e1rios, mas foi importante para o aprofundamento no assunto. Durante a iniciativa, houve tamb\u00e9m momentos provocativos, como a sess\u00e3o do filme liban\u00eas \u201c<em>Hala la wein\u201d <\/em>(E agora, para onde?) que trata do fanatismo religioso que leva \u00e0 morte. O dia 24 de janeiro foi dedicado aos <em>workshops<\/em>, nos quais os alunos produziram um documento que afirma a necessidade de coexistir. \u201cO nosso objetivo \u00e9 fazer com que os alunos entendam que o fanatismo religioso s\u00f3 pode levar \u00e0 morte\u201d, explicou Frei Marwan. \u201cPara que haja a paz, \u00e9 preciso que as pessoas busquem a paz, \u00e9 preciso pessoas s\u00e1bias. \u00c9 a sabedoria, e n\u00e3o somente o amor fraterno, que pode trazer a paz\u201d,\u00a0 acredita.<\/p>\n<p>S\u00e3o Francisco e o Sult\u00e3o: foi a partir do exemplo destes dois personagens, capazes de dialogar em um momento de guerra, que os alunos escreveram uma declara\u00e7\u00e3o composta de dez artigos, a fim de continuar a constru\u00e7\u00e3o de uma sociedade que seja \u00fanica e fraterna.<\/p>\n<p><img loading=\"lazy\" class=\"alignnone size-full wp-image-200217\" src=\"https:\/\/franciscanos.org.br\/noticias\/wp-content\/uploads\/2019\/02\/sultao_110219_2.jpg\" alt=\"\" width=\"890\" height=\"544\" srcset=\"https:\/\/franciscanos.org.br\/noticias\/wp-content\/uploads\/2019\/02\/sultao_110219_2.jpg 890w, https:\/\/franciscanos.org.br\/noticias\/wp-content\/uploads\/2019\/02\/sultao_110219_2-450x275.jpg 450w, https:\/\/franciscanos.org.br\/noticias\/wp-content\/uploads\/2019\/02\/sultao_110219_2-768x469.jpg 768w, https:\/\/franciscanos.org.br\/noticias\/wp-content\/uploads\/2019\/02\/sultao_110219_2-150x92.jpg 150w\" sizes=\"(max-width: 890px) 100vw, 890px\" \/><\/p>\n<p>Por ocasi\u00e3o do 8\u00ba Centen\u00e1rio do encontro de S\u00e3o Francisco e o Sult\u00e3o, foi escrita a seguinte declara\u00e7\u00e3o:<\/p>\n<p>\u201cN\u00f3s acreditamos que:<\/p>\n<ol>\n<li>N\u00f3s, seres humanos, somos todos iguais perante a Deus<\/li>\n<li>A educa\u00e7\u00e3o \u00e9 elemento indispens\u00e1vel na constru\u00e7\u00e3o da paz.<\/li>\n<li>A consci\u00eancia do outro \u00e9 o fundamento para resguardar nossas diferen\u00e7as e para haver a fraternidade.<\/li>\n<li>O conhecimento e a consci\u00eancia do que est\u00e1 ao nosso redor, apesar das dificuldades, nos d\u00e1 a capacidade de sobreviver.<\/li>\n<li>A verdadeira experi\u00eancia de f\u00e9 em Deus \u00e9 o caminho para a paz.<\/li>\n<li>As religi\u00f5es monote\u00edstas s\u00e3o uma mensagem celeste para a constru\u00e7\u00e3o da paz.<\/li>\n<li>A constru\u00e7\u00e3o de rela\u00e7\u00f5es humanas verdadeiras \u00e9 o princ\u00edpio fundamental para a conviv\u00eancia.<\/li>\n<li>\u00c9 a abertura das mentes e a aceita\u00e7\u00e3o do outro que faz com que prevale\u00e7a o respeito rec\u00edproco e desapare\u00e7am os medos.<\/li>\n<li>As iniciativas baseadas na sabedoria s\u00e3o fundamentais para a manuten\u00e7\u00e3o da paz.<\/li>\n<li>As a\u00e7\u00f5es que trazem resultados concretos na vida das pessoas devem ser refor\u00e7adas.<\/li>\n<\/ol>\n<hr \/>\n<p><em>Texto: Giovanni Malaspina em www.custodia.org<\/em><br \/>\n<em>Tradu\u00e7\u00e3o: Frei Jean Aljuni &#8211; www.comissariadoterrasanta.com.br<\/em><br \/>\n<em>Foto: Nadim Asfour<\/em><\/p>\n","protected":false},"excerpt":{"rendered":"<p>800 anos do encontro entre S\u00e3o Francisco e o Sult\u00e3o.<\/p>\n","protected":false},"author":3,"featured_media":200219,"comment_status":"open","ping_status":"open","sticky":false,"template":"","format":"standard","meta":[],"categories":[1],"tags":[182,1231],"acf":[],"yoast_head":"<!-- This site is optimized with the Yoast SEO plugin v19.2 - https:\/\/yoast.com\/wordpress\/plugins\/seo\/ -->\n<title>Terra Santa: fraternidade, conviv\u00eancia e aceita\u00e7\u00e3o - Not\u00edcias - Franciscanos<\/title>\n<meta name=\"robots\" content=\"index, follow, max-snippet:-1, max-image-preview:large, max-video-preview:-1\" \/>\n<link rel=\"canonical\" href=\"https:\/\/franciscanos.org.br\/noticias\/terra-santa-fraternidade-convivencia-e-aceitacao.html\" \/>\n<meta property=\"og:locale\" content=\"pt_BR\" \/>\n<meta property=\"og:type\" content=\"article\" \/>\n<meta property=\"og:title\" content=\"Terra Santa: fraternidade, conviv\u00eancia e aceita\u00e7\u00e3o - Not\u00edcias - Franciscanos\" \/>\n<meta property=\"og:description\" content=\"800 anos do encontro entre S\u00e3o Francisco e o Sult\u00e3o.\" \/>\n<meta property=\"og:url\" content=\"https:\/\/franciscanos.org.br\/noticias\/terra-santa-fraternidade-convivencia-e-aceitacao.html\" \/>\n<meta property=\"og:site_name\" content=\"Not\u00edcias - Franciscanos\" \/>\n<meta property=\"article:published_time\" content=\"2019-02-09T23:12:00+00:00\" \/>\n<meta property=\"article:modified_time\" content=\"2019-09-12T12:51:42+00:00\" \/>\n<meta property=\"og:image\" content=\"https:\/\/franciscanos.org.br\/noticias\/wp-content\/uploads\/2019\/02\/sultao_110219d.jpg\" \/>\n\t<meta property=\"og:image:width\" content=\"273\" \/>\n\t<meta property=\"og:image:height\" content=\"181\" \/>\n\t<meta property=\"og:image:type\" content=\"image\/jpeg\" \/>\n<meta name=\"author\" content=\"moacir\" \/>\n<meta name=\"twitter:card\" content=\"summary_large_image\" \/>\n<meta name=\"twitter:label1\" content=\"Escrito por\" \/>\n\t<meta name=\"twitter:data1\" content=\"moacir\" \/>\n\t<meta name=\"twitter:label2\" content=\"Est. tempo de leitura\" \/>\n\t<meta name=\"twitter:data2\" content=\"4 minutos\" \/>\n<script type=\"application\/ld+json\" class=\"yoast-schema-graph\">{\"@context\":\"https:\/\/schema.org\",\"@graph\":[{\"@type\":\"WebSite\",\"@id\":\"https:\/\/franciscanos.org.br\/noticias\/#website\",\"url\":\"https:\/\/franciscanos.org.br\/noticias\/\",\"name\":\"Not\u00edcias - Franciscanos\",\"description\":\"Prov\u00edncia Franciscana da Imaculada Concei\u00e7\u00e3o do Brasil - Ordem dos Frades Menores - OFM\",\"potentialAction\":[{\"@type\":\"SearchAction\",\"target\":{\"@type\":\"EntryPoint\",\"urlTemplate\":\"https:\/\/franciscanos.org.br\/noticias\/?s={search_term_string}\"},\"query-input\":\"required name=search_term_string\"}],\"inLanguage\":\"pt-BR\"},{\"@type\":\"ImageObject\",\"inLanguage\":\"pt-BR\",\"@id\":\"https:\/\/franciscanos.org.br\/noticias\/terra-santa-fraternidade-convivencia-e-aceitacao.html#primaryimage\",\"url\":\"https:\/\/franciscanos.org.br\/noticias\/wp-content\/uploads\/2019\/02\/sultao_110219d.jpg\",\"contentUrl\":\"https:\/\/franciscanos.org.br\/noticias\/wp-content\/uploads\/2019\/02\/sultao_110219d.jpg\",\"width\":273,\"height\":181},{\"@type\":\"WebPage\",\"@id\":\"https:\/\/franciscanos.org.br\/noticias\/terra-santa-fraternidade-convivencia-e-aceitacao.html#webpage\",\"url\":\"https:\/\/franciscanos.org.br\/noticias\/terra-santa-fraternidade-convivencia-e-aceitacao.html\",\"name\":\"Terra Santa: fraternidade, conviv\u00eancia e aceita\u00e7\u00e3o - Not\u00edcias - Franciscanos\",\"isPartOf\":{\"@id\":\"https:\/\/franciscanos.org.br\/noticias\/#website\"},\"primaryImageOfPage\":{\"@id\":\"https:\/\/franciscanos.org.br\/noticias\/terra-santa-fraternidade-convivencia-e-aceitacao.html#primaryimage\"},\"datePublished\":\"2019-02-09T23:12:00+00:00\",\"dateModified\":\"2019-09-12T12:51:42+00:00\",\"author\":{\"@id\":\"https:\/\/franciscanos.org.br\/noticias\/#\/schema\/person\/b5c8cba458c330ccff548b056e95a5d4\"},\"breadcrumb\":{\"@id\":\"https:\/\/franciscanos.org.br\/noticias\/terra-santa-fraternidade-convivencia-e-aceitacao.html#breadcrumb\"},\"inLanguage\":\"pt-BR\",\"potentialAction\":[{\"@type\":\"ReadAction\",\"target\":[\"https:\/\/franciscanos.org.br\/noticias\/terra-santa-fraternidade-convivencia-e-aceitacao.html\"]}]},{\"@type\":\"BreadcrumbList\",\"@id\":\"https:\/\/franciscanos.org.br\/noticias\/terra-santa-fraternidade-convivencia-e-aceitacao.html#breadcrumb\",\"itemListElement\":[{\"@type\":\"ListItem\",\"position\":1,\"name\":\"Home\",\"item\":\"https:\/\/franciscanos.org.br\/noticias\"},{\"@type\":\"ListItem\",\"position\":2,\"name\":\"Terra Santa: fraternidade, conviv\u00eancia e aceita\u00e7\u00e3o\"}]},{\"@type\":\"Person\",\"@id\":\"https:\/\/franciscanos.org.br\/noticias\/#\/schema\/person\/b5c8cba458c330ccff548b056e95a5d4\",\"name\":\"moacir\",\"image\":{\"@type\":\"ImageObject\",\"inLanguage\":\"pt-BR\",\"@id\":\"https:\/\/franciscanos.org.br\/noticias\/#\/schema\/person\/image\/\",\"url\":\"https:\/\/secure.gravatar.com\/avatar\/d08aa2ce4c8dd416d4479aa8536fcf64?s=96&d=mm&r=g\",\"contentUrl\":\"https:\/\/secure.gravatar.com\/avatar\/d08aa2ce4c8dd416d4479aa8536fcf64?s=96&d=mm&r=g\",\"caption\":\"moacir\"},\"url\":\"https:\/\/franciscanos.org.br\/noticias\/author\/moacir\"}]}<\/script>\n<!-- \/ Yoast SEO plugin. -->","yoast_head_json":{"title":"Terra Santa: fraternidade, conviv\u00eancia e aceita\u00e7\u00e3o - Not\u00edcias - Franciscanos","robots":{"index":"index","follow":"follow","max-snippet":"max-snippet:-1","max-image-preview":"max-image-preview:large","max-video-preview":"max-video-preview:-1"},"canonical":"https:\/\/franciscanos.org.br\/noticias\/terra-santa-fraternidade-convivencia-e-aceitacao.html","og_locale":"pt_BR","og_type":"article","og_title":"Terra Santa: fraternidade, conviv\u00eancia e aceita\u00e7\u00e3o - Not\u00edcias - Franciscanos","og_description":"800 anos do encontro entre S\u00e3o Francisco e o Sult\u00e3o.","og_url":"https:\/\/franciscanos.org.br\/noticias\/terra-santa-fraternidade-convivencia-e-aceitacao.html","og_site_name":"Not\u00edcias - Franciscanos","article_published_time":"2019-02-09T23:12:00+00:00","article_modified_time":"2019-09-12T12:51:42+00:00","og_image":[{"width":273,"height":181,"url":"https:\/\/franciscanos.org.br\/noticias\/wp-content\/uploads\/2019\/02\/sultao_110219d.jpg","type":"image\/jpeg"}],"author":"moacir","twitter_card":"summary_large_image","twitter_misc":{"Escrito por":"moacir","Est. tempo de leitura":"4 minutos"},"schema":{"@context":"https:\/\/schema.org","@graph":[{"@type":"WebSite","@id":"https:\/\/franciscanos.org.br\/noticias\/#website","url":"https:\/\/franciscanos.org.br\/noticias\/","name":"Not\u00edcias - Franciscanos","description":"Prov\u00edncia Franciscana da Imaculada Concei\u00e7\u00e3o do Brasil - Ordem dos Frades Menores - OFM","potentialAction":[{"@type":"SearchAction","target":{"@type":"EntryPoint","urlTemplate":"https:\/\/franciscanos.org.br\/noticias\/?s={search_term_string}"},"query-input":"required name=search_term_string"}],"inLanguage":"pt-BR"},{"@type":"ImageObject","inLanguage":"pt-BR","@id":"https:\/\/franciscanos.org.br\/noticias\/terra-santa-fraternidade-convivencia-e-aceitacao.html#primaryimage","url":"https:\/\/franciscanos.org.br\/noticias\/wp-content\/uploads\/2019\/02\/sultao_110219d.jpg","contentUrl":"https:\/\/franciscanos.org.br\/noticias\/wp-content\/uploads\/2019\/02\/sultao_110219d.jpg","width":273,"height":181},{"@type":"WebPage","@id":"https:\/\/franciscanos.org.br\/noticias\/terra-santa-fraternidade-convivencia-e-aceitacao.html#webpage","url":"https:\/\/franciscanos.org.br\/noticias\/terra-santa-fraternidade-convivencia-e-aceitacao.html","name":"Terra Santa: fraternidade, conviv\u00eancia e aceita\u00e7\u00e3o - Not\u00edcias - Franciscanos","isPartOf":{"@id":"https:\/\/franciscanos.org.br\/noticias\/#website"},"primaryImageOfPage":{"@id":"https:\/\/franciscanos.org.br\/noticias\/terra-santa-fraternidade-convivencia-e-aceitacao.html#primaryimage"},"datePublished":"2019-02-09T23:12:00+00:00","dateModified":"2019-09-12T12:51:42+00:00","author":{"@id":"https:\/\/franciscanos.org.br\/noticias\/#\/schema\/person\/b5c8cba458c330ccff548b056e95a5d4"},"breadcrumb":{"@id":"https:\/\/franciscanos.org.br\/noticias\/terra-santa-fraternidade-convivencia-e-aceitacao.html#breadcrumb"},"inLanguage":"pt-BR","potentialAction":[{"@type":"ReadAction","target":["https:\/\/franciscanos.org.br\/noticias\/terra-santa-fraternidade-convivencia-e-aceitacao.html"]}]},{"@type":"BreadcrumbList","@id":"https:\/\/franciscanos.org.br\/noticias\/terra-santa-fraternidade-convivencia-e-aceitacao.html#breadcrumb","itemListElement":[{"@type":"ListItem","position":1,"name":"Home","item":"https:\/\/franciscanos.org.br\/noticias"},{"@type":"ListItem","position":2,"name":"Terra Santa: fraternidade, conviv\u00eancia e aceita\u00e7\u00e3o"}]},{"@type":"Person","@id":"https:\/\/franciscanos.org.br\/noticias\/#\/schema\/person\/b5c8cba458c330ccff548b056e95a5d4","name":"moacir","image":{"@type":"ImageObject","inLanguage":"pt-BR","@id":"https:\/\/franciscanos.org.br\/noticias\/#\/schema\/person\/image\/","url":"https:\/\/secure.gravatar.com\/avatar\/d08aa2ce4c8dd416d4479aa8536fcf64?s=96&d=mm&r=g","contentUrl":"https:\/\/secure.gravatar.com\/avatar\/d08aa2ce4c8dd416d4479aa8536fcf64?s=96&d=mm&r=g","caption":"moacir"},"url":"https:\/\/franciscanos.org.br\/noticias\/author\/moacir"}]}},"_links":{"self":[{"href":"https:\/\/franciscanos.org.br\/noticias\/wp-json\/wp\/v2\/posts\/200214"}],"collection":[{"href":"https:\/\/franciscanos.org.br\/noticias\/wp-json\/wp\/v2\/posts"}],"about":[{"href":"https:\/\/franciscanos.org.br\/noticias\/wp-json\/wp\/v2\/types\/post"}],"author":[{"embeddable":true,"href":"https:\/\/franciscanos.org.br\/noticias\/wp-json\/wp\/v2\/users\/3"}],"replies":[{"embeddable":true,"href":"https:\/\/franciscanos.org.br\/noticias\/wp-json\/wp\/v2\/comments?post=200214"}],"version-history":[{"count":0,"href":"https:\/\/franciscanos.org.br\/noticias\/wp-json\/wp\/v2\/posts\/200214\/revisions"}],"wp:featuredmedia":[{"embeddable":true,"href":"https:\/\/franciscanos.org.br\/noticias\/wp-json\/wp\/v2\/media\/200219"}],"wp:attachment":[{"href":"https:\/\/franciscanos.org.br\/noticias\/wp-json\/wp\/v2\/media?parent=200214"}],"wp:term":[{"taxonomy":"category","embeddable":true,"href":"https:\/\/franciscanos.org.br\/noticias\/wp-json\/wp\/v2\/categories?post=200214"},{"taxonomy":"post_tag","embeddable":true,"href":"https:\/\/franciscanos.org.br\/noticias\/wp-json\/wp\/v2\/tags?post=200214"}],"curies":[{"name":"wp","href":"https:\/\/api.w.org\/{rel}","templated":true}]}}