{"id":200206,"date":"2019-02-11T07:44:37","date_gmt":"2019-02-11T09:44:37","guid":{"rendered":"https:\/\/franciscanos.org.br\/noticias\/?p=200206"},"modified":"2019-04-22T13:49:07","modified_gmt":"2019-04-22T16:49:07","slug":"d-leonardo-sejamos-ativos-na-construcao-de-politicas-publicas","status":"publish","type":"post","link":"https:\/\/franciscanos.org.br\/noticias\/d-leonardo-sejamos-ativos-na-construcao-de-politicas-publicas.html","title":{"rendered":"D. Leonardo: Sejamos ativos na constru\u00e7\u00e3o de Pol\u00edticas P\u00fablicas!"},"content":{"rendered":"<p><img loading=\"lazy\" class=\"alignnone size-full wp-image-200207\" src=\"https:\/\/franciscanos.org.br\/noticias\/wp-content\/uploads\/2019\/02\/domleonardo_110919.jpg\" alt=\"\" width=\"890\" height=\"525\" srcset=\"https:\/\/franciscanos.org.br\/noticias\/wp-content\/uploads\/2019\/02\/domleonardo_110919.jpg 890w, https:\/\/franciscanos.org.br\/noticias\/wp-content\/uploads\/2019\/02\/domleonardo_110919-450x265.jpg 450w, https:\/\/franciscanos.org.br\/noticias\/wp-content\/uploads\/2019\/02\/domleonardo_110919-768x453.jpg 768w, https:\/\/franciscanos.org.br\/noticias\/wp-content\/uploads\/2019\/02\/domleonardo_110919-150x88.jpg 150w\" sizes=\"(max-width: 890px) 100vw, 890px\" \/><\/p>\n<p><em>\u201cO Tempo da Quaresma n\u00e3o \u00e9 um tempo intimista, mas um tempo de transforma\u00e7\u00e3o\u201d, afirma o secret\u00e1rio-geral da CNBB, o franciscano Dom Leonardo Ulrich Steiner. Com a Campanha da Fraternidade (CF), a Igreja do Brasil prop\u00f5e que a Quaresma n\u00e3o seja apenas um tempo de recolhimento, de ora\u00e7\u00f5es intimistas e pr\u00e1ticas penitenciais, mas um tempo de reflex\u00e3o, a fim de despertar uma cultura de fraternidade e solidariedade. Mais do que olhar para a rela\u00e7\u00e3o &#8220;eu e Deus&#8221;, a CF quer despertar os crist\u00e3os para a rela\u00e7\u00e3o \u201ceu e o outro\u201d. <\/em><\/p>\n<p><em>O tema escolhido para a CF deste ano \u00e9 \u201cFraternidade e Pol\u00edticas P\u00fablicas\u201d. Para o bispo, a escolha do tema, feita h\u00e1 dois anos, foi providencial, pois acontece num momento hist\u00f3rico em que o pa\u00eds debate uma s\u00e9rie de mudan\u00e7as e reformas, como a reforma da Previd\u00eancia e a reforma trabalhista, que fragilizam direitos, sobretudo dos mais pobres. O franciscano destaca que a democracia exige a participa\u00e7\u00e3o de todos, atrav\u00e9s do exerc\u00edcio da cidadania e da busca do bem comum, com aten\u00e7\u00e3o especial aos mais necessitados. O ponto de partida \u00e9 sempre o exemplo de Jesus Cristo, segundo o bispo.<\/em><\/p>\n<p><em>Para abrir a <\/em><a href=\"https:\/\/franciscanos.org.br\/noticias\/vem-ai-a-serie-especial-sobre-a-campanha-da-fraternidade.html\"><strong>S\u00e9rie Especial de Entrevistas sobre a Campanha da Fraternidade<\/strong><\/a><em>, apresentamos a entrevista concedida por Dom Leonardo Ulrich Steiner <strong>a <\/strong><\/em><strong>Frei Gustavo Medella<\/strong>. A entrevista tamb\u00e9m est\u00e1 dispon\u00edvel em \u00e1udio:<\/p>\n<p><iframe loading=\"lazy\" src=\"https:\/\/w.soundcloud.com\/player\/?url=https%3A\/\/api.soundcloud.com\/tracks\/578507268&amp;color=%23d8d6c5&amp;auto_play=false&amp;hide_related=false&amp;show_comments=true&amp;show_user=true&amp;show_reposts=false&amp;show_teaser=true&amp;visual=true\" width=\"100%\" height=\"300\" frameborder=\"no\" scrolling=\"no\"><\/iframe><\/p>\n<p><em>Dom Leonardo nasceu 6 de novembro de 1950 em Forquilhinha (SC). Ingressou na Ordem dos Frades Menores no dia 20 de janeiro de 1972, admitido ao Noviciado desta Prov\u00edncia Franciscana da Imaculada Concei\u00e7\u00e3o do Brasil. Em 21 de janeiro de 1978 foi ordenado sacerdote pelas m\u00e3os do Arcebispo de S\u00e3o Paulo, Dom Paulo Evaristo Arns, seu primo.\u00a0Em 2 de fevereiro de 2005 foi nomeado bispo da Prelazia de S\u00e3o F\u00e9lix do Araguaia, no Mato Grosso, sendo ordenado em 16 de abril por Dom Paulo Evaristo Arns. Em 10 de maio de 2011 foi eleito Secret\u00e1rio-Geral da CNBB e, em 21 de setembro do mesmo ano, foi nomeado bispo auxiliar da Arquidiocese de Bras\u00edlia.<\/em><\/p>\n<p><strong> <img loading=\"lazy\" class=\"alignleft wp-image-200209 size-full\" src=\"https:\/\/franciscanos.org.br\/noticias\/wp-content\/uploads\/2019\/02\/domleonardo_110919_1.jpg\" alt=\"\" width=\"500\" height=\"332\" srcset=\"https:\/\/franciscanos.org.br\/noticias\/wp-content\/uploads\/2019\/02\/domleonardo_110919_1.jpg 500w, https:\/\/franciscanos.org.br\/noticias\/wp-content\/uploads\/2019\/02\/domleonardo_110919_1-450x299.jpg 450w, https:\/\/franciscanos.org.br\/noticias\/wp-content\/uploads\/2019\/02\/domleonardo_110919_1-150x100.jpg 150w\" sizes=\"(max-width: 500px) 100vw, 500px\" \/>Site Franciscanos &#8211; Qual a import\u00e2ncia da Campanha da Fraternidade para a Igreja do Brasil?<\/strong><\/p>\n<p><strong>Dom Leonardo &#8211; <\/strong>Depois do Conc\u00edlio Vaticano II, surgiu a CF no Brasil. Ela nasceu a partir do exemplo da Confer\u00eancia Episcopal da Alemanha, que, sempre na \u00e9poca da Quaresma e do Natal, faz a sua campanha e uma coleta. Em 1961, por iniciativa do Arcebispo de Natal, foi feita uma proposta semelhante aos fi\u00e9is da Arquidiocese. N\u00e3o havia ainda a preocupa\u00e7\u00e3o de se trabalhar um tema espec\u00edfico. Essa iniciativa tornou-se itinerante em muitas dioceses. Depois, em 1963, a Confer\u00eancia Nacional dos Bispos do Brasil (CNBB) assumiu a proposta em \u00e2mbito nacional, inserindo um tema a ser refletido nas comunidades e fam\u00edlias. Paralelamente tamb\u00e9m se faz a coleta, que n\u00f3s chamamos Coleta da Solidariedade. A CF j\u00e1 tem a sua hist\u00f3ria no Brasil, mas creio que o ponto que dever\u00edamos acentuar \u00e9 o modo que o nosso episcopado encontrou para evangelizar. Ao propormos uma realidade a ser refletida, estamos evangelizando. A partir da \u00f3tica de Jesus, buscamos compreender uma realidade e buscar solu\u00e7\u00f5es para transform\u00e1-la. Como seguidores de Jesus, precisamos buscar formas de transformar a realidade.<\/p>\n<p><strong>Site Franciscanos &#8211; Qual foi a motiva\u00e7\u00e3o para a escolha deste tema?<\/strong><\/p>\n<p><strong>Dom Leonardo &#8211; <\/strong>O Conselho Episcopal de Pastoral (CONSEP) recebe sugest\u00f5es de temas, que \u00e9 escolhido dois anos antes da CF. Por ocasi\u00e3o da escolha do tema, recebemos mais de 80 sugest\u00f5es. O que levou os bispos do CONSEP a escolherem esta realidade foi a necessidade de sermos uma presen\u00e7a de Igreja mais ativa nas quest\u00f5es sociais. Qual \u00e9 a nossa presen\u00e7a ao discutirmos as quest\u00f5es da sa\u00fade, por exemplo? Ou quando queremos discutir educa\u00e7\u00e3o, participa\u00e7\u00e3o nos diversos conselhos, nos munic\u00edpios, nas comunidades, onde os cat\u00f3licos e crist\u00e3os vivem? Olhando para esta realidade e a necessidade de uma participa\u00e7\u00e3o maior dos crist\u00e3os e dos bispos, escolhemos as Pol\u00edticas P\u00fablicas como o tema a ser refletido. Aconteceu num per\u00edodo hist\u00f3rico muito importante, at\u00e9 parece uma escolha prof\u00e9tica, quando percebemos tantas mudan\u00e7as e reformas no Brasil. Penso que a CF ajudar\u00e1 os nossos fi\u00e9is a perceberem a import\u00e2ncia da participa\u00e7\u00e3o de todos na discuss\u00e3o, elabora\u00e7\u00e3o e execu\u00e7\u00e3o das Pol\u00edticas P\u00fablicas.<\/p>\n<p><strong>Site Franciscanos &#8211; Qual a rela\u00e7\u00e3o entre f\u00e9 e pol\u00edtica?<\/strong><\/p>\n<p><strong>Dom Leonardo &#8211; <\/strong>Segundo os gregos, pol\u00edtica \u00e9 essencialmente o cuidado pela cidade. Continuamos nessa tradi\u00e7\u00e3o ao perceber que pol\u00edtica \u00e9 o cuidado de um pa\u00eds, de um munic\u00edpio. N\u00e3o estamos falando de partidos pol\u00edticos, mas da participa\u00e7\u00e3o das pessoas na vida da comunidade. Essa participa\u00e7\u00e3o \u00e9 fundamental e necess\u00e1ria para que a comunidade seja sinal do Reino de Deus. \u00c9 por isso que existe uma liga\u00e7\u00e3o entre a f\u00e9 e a pol\u00edtica. O disc\u00edpulo-mission\u00e1rio de Jesus n\u00e3o desvincula sua f\u00e9 das a\u00e7\u00f5es concretas onde vive. Quem vive a sua f\u00e9 percebe que a realidade deve ser sempre transformada, para construir uma sociedade em que todas as pessoas tenham oportunidade de participa\u00e7\u00e3o, dignidade, sa\u00fade, educa\u00e7\u00e3o. Nesse sentido, pol\u00edtica n\u00e3o est\u00e1 desvinculada da f\u00e9. Como lembrou o Papa Francisco, retomando um texto de S\u00e3o Paulo VI, a pol\u00edtica \u00e9 a a\u00e7\u00e3o mais nobre da caridade. A f\u00e9 tem rela\u00e7\u00e3o com a pol\u00edtica e vice-versa. N\u00f3s, crist\u00e3os, participamos da vida da sociedade. Como diz a ora\u00e7\u00e3o da CF, ajudamos a construir uma sociedade humana e solid\u00e1ria. A CF deste ano mostra justamente que existe uma rela\u00e7\u00e3o muito \u00edntima entre a f\u00e9 e pol\u00edtica. Quando fizemos a introdu\u00e7\u00e3o do texto-base, recordamos que os exerc\u00edcios quaresmais &#8211; jejum, ora\u00e7\u00e3o e esmola &#8211; est\u00e3o relacionados com a pessoa do outro, com a comunidade. O Tempo da Quaresma n\u00e3o \u00e9 um tempo intimista, mas um tempo de transforma\u00e7\u00e3o. A f\u00e9 exige transforma\u00e7\u00e3o na sociedade em que vivemos.<\/p>\n<p><strong>Site Franciscanos &#8211; Qual a import\u00e2ncia da democracia e da participa\u00e7\u00e3o ativa das pessoas neste processo de elabora\u00e7\u00e3o das Pol\u00edticas P\u00fablicas?<\/strong><\/p>\n<p><strong>Dom Leonardo &#8211; <\/strong>Recordo o objetivo geral da CF: &#8220;Estimular a participa\u00e7\u00e3o em Pol\u00edticas P\u00fablicas, \u00e0 luz da Palavra de Deus e da Doutrina Social da Igreja, para fortalecer a cidadania e o bem comum, sinais de fraternidade&#8221;. Democracia \u00e9 participa\u00e7\u00e3o, n\u00e3o \u00e9 ditadura. Democracia pede de todos n\u00f3s uma participa\u00e7\u00e3o, n\u00e3o apenas atrav\u00e9s do voto. O Congresso Nacional, o Executivo, Legislativo e Judici\u00e1rio, o nosso voto, s\u00e3o sinais da democracia. Mas tudo isso s\u00f3 funciona se realmente houver a participa\u00e7\u00e3o de todos os cidad\u00e3os, isto \u00e9, tamb\u00e9m pede de n\u00f3s, crist\u00e3os, uma participa\u00e7\u00e3o muito ativa, onde haja inclusive fiscaliza\u00e7\u00e3o do Executivo, Legislativo e Judici\u00e1rio. Quando falamos de Pol\u00edticas P\u00fablicas e democracia, estamos indicando a necessidade de participarmos da vida concreta da comunidade. Quais s\u00e3o as dificuldades maiores que encontramos? Como vamos super\u00e1-las? O que vamos propor? Como executar para superar aqueles problemas? Uma vez aprovado como lei, como acompanhar e fiscalizar? Democracia est\u00e1 relacionada com participa\u00e7\u00e3o, tem a ver com a minha participa\u00e7\u00e3o, com a participa\u00e7\u00e3o dos crist\u00e3os na discuss\u00e3o, na proposi\u00e7\u00e3o, elabora\u00e7\u00e3o, aprova\u00e7\u00e3o e fiscaliza\u00e7\u00e3o das Pol\u00edticas P\u00fablicas. Mas isso tudo baseado naquilo que o texto-base vai chamar de direito e justi\u00e7a, lembrando o texto de Isa\u00edas (1, 27), direito \u00e9 a lei, a norma, mas a justi\u00e7a \u00e9 o que fundamenta o direito. A justi\u00e7a \u00e9 mais do que a norma, ela possibilita manter a lei e fazer que ela seja equ\u00e2nime e justa, a partir das rela\u00e7\u00f5es que se estabelecem. Portanto, democracia est\u00e1 relacionada com a justi\u00e7a.<\/p>\n<p><strong><img loading=\"lazy\" class=\"alignright size-full wp-image-200210\" src=\"https:\/\/franciscanos.org.br\/noticias\/wp-content\/uploads\/2019\/02\/domleonardo_110919_3.jpg\" alt=\"\" width=\"450\" height=\"457\" srcset=\"https:\/\/franciscanos.org.br\/noticias\/wp-content\/uploads\/2019\/02\/domleonardo_110919_3.jpg 450w, https:\/\/franciscanos.org.br\/noticias\/wp-content\/uploads\/2019\/02\/domleonardo_110919_3-443x450.jpg 443w, https:\/\/franciscanos.org.br\/noticias\/wp-content\/uploads\/2019\/02\/domleonardo_110919_3-150x152.jpg 150w\" sizes=\"(max-width: 450px) 100vw, 450px\" \/>Site Franciscanos &#8211; De que maneira Jesus Cristo \u00e9 inspira\u00e7\u00e3o para sermos agentes do cuidado, da aten\u00e7\u00e3o e do amor ao pr\u00f3ximo?<\/strong><\/p>\n<p><strong>Dom Leonardo &#8211; <\/strong>Pol\u00edticas P\u00fablicas t\u00eam a ver com o cuidado, aten\u00e7\u00e3o com o pr\u00f3ximo. Jesus foi, por excel\u00eancia, aquele que cuidou das pessoas, que as integrou. Quantas doen\u00e7as &#8211; do corpo e da alma &#8211; Jesus curou? Ele cuidou, consolou a vi\u00fava, abriu os olhos, deu fala, limpou os leprosos. Mas Ele tamb\u00e9m alimentou, n\u00e3o deixou as pessoas passarem fome. Jesus \u00e9 aquele que vai ao encontro, como Deus continuamente vem ao nosso encontro. Quando falamos de Pol\u00edticas P\u00fablicas, como crist\u00e3os e cat\u00f3licos, n\u00e3o estamos partindo de qualquer lugar. Estamos partindo da pessoa de Jesus e do an\u00fancio do Reino de Deus que Ele veio implantar com a sua vida, morte e ressurrei\u00e7\u00e3o. Nosso ponto de partida, nosso fundamento na CF deste ano \u00e9 justamente esse, Pol\u00edticas P\u00fablicas para que haja mais fraternidade. N\u00e3o somos seguidores de Jesus? N\u00e3o somos os aprendizes, disc\u00edpulos de Jesus? Vamos fazer como Jesus: cuidar das pessoas. Que ningu\u00e9m passe fome, que ningu\u00e9m precise morrer inutilmente, morrer porque est\u00e1 desassistido na quest\u00e3o da sa\u00fade. As Pol\u00edticas P\u00fablicas s\u00e3o este nosso cuidado. \u00c9 importante nos engajarmos nas Pol\u00edticas P\u00fablicas, mas inspirados em Jesus que cuida, alimenta, cura. Assim n\u00f3s, tamb\u00e9m, atrav\u00e9s das Pol\u00edticas P\u00fablicas, ajudaremos tantas pessoas. N\u00f3s tamb\u00e9m curaremos, saberemos sair ao encontro das pessoas. N\u00e3o fecharemos nossos olhos para as realidades. Jesus foi um homem de olhos muito abertos, ele viu o sofrimento da m\u00e3e vi\u00fava, da multid\u00e3o faminta, viu e ouviu as pessoas gritando para serem atendidas. Que n\u00f3s, como crist\u00e3os, tamb\u00e9m possamos fazer com que o Reino de Deus e a fraternidade sejam visibilizados atrav\u00e9s da nossa a\u00e7\u00e3o. F\u00e9, pol\u00edtica e especialmente a Campanha da Fraternidade est\u00e3o relacionados com a pessoa de Jesus. \u00c9 Ele quem revela a miseric\u00f3rdia do Pai. Diz o texto-base da CF, Pol\u00edticas P\u00fablicas t\u00eam a ver com a miseric\u00f3rdia, porque \u00e9 cuidado, consolo, sair ao encontro dos irm\u00e3os.<\/p>\n<p><strong>Site Franciscanos &#8211; De que maneira o crist\u00e3o pode colocar a m\u00e3o na massa, entrar em a\u00e7\u00e3o para dar sua resposta positiva a essa provoca\u00e7\u00e3o da CF?<\/strong><\/p>\n<p><strong>Dom Leonardo &#8211; <\/strong>Diria que primeiro \u00e9 necess\u00e1rio sermos crist\u00e3os cat\u00f3licos que participam da vida social, que n\u00e3o se omitem. Participar significa fazer-se presente nos diversos conselhos da comunidade, ser ativo nas discuss\u00f5es quanto \u00e0s Pol\u00edticas P\u00fablicas. Queremos assumir a responsabilidade, queremos ser como Jesus. Mas tamb\u00e9m queremos, com a CF, despertar para a solidariedade. Sermos pessoas solid\u00e1rias, nos educarmos e educar nossos filhos para a solidariedade. Solidariedade significa di\u00e1logo, partilha, cuidado, termos sempre diante dos nossos olhos a esperan\u00e7a, incluirmos todos, n\u00e3o deixarmos ningu\u00e9m de lado. Sermos pessoas que buscam a coopera\u00e7\u00e3o de todas as pessoas e v\u00e3o ao encontro delas. As Pol\u00edticas P\u00fablicas t\u00eam a ver com a quest\u00e3o da honestidade, \u00e9tica, supera\u00e7\u00e3o da corrup\u00e7\u00e3o. Gostaria de lembrar o bem comum, que tem diversos elementos que podemos apontar, por exemplo, a cidadania. \u00c9 importante n\u00e3o deixarmos de exercer nossa cidadania. Quanto ao bem comum, cuidarmos do que \u00e9 comum, seja na nossa comunidade eclesial, seja na comunidade onde vivemos, na nossa fam\u00edlia. \u00c9 bom recordar o Dia Mundial do Pobre, institu\u00eddo pelo Papa Francisco. Ele est\u00e1 relacionado com as Pol\u00edticas P\u00fablicas, o cuidado para com os irm\u00e3os e irm\u00e3s mais necessitados. Tamb\u00e9m os povos ind\u00edgenas, quilombolas, povos origin\u00e1rios. Quantas pessoas passam necessidade? Hoje, no Brasil, temos novamente pessoas passando fome e um elevado n\u00famero de pobres. As Pol\u00edticas P\u00fablicas pedem de n\u00f3s um cuidado especial para com os pobres. N\u00f3s temos, no Domingo de Ramos, a Coleta da Solidariedade. Essa coleta \u00e9 um gesto da nossa convers\u00e3o, significa nossa participa\u00e7\u00e3o na transforma\u00e7\u00e3o da sociedade. O Fundo Nacional de Solidariedade da CNBB recebe 40% deste dinheiro da coleta. As pessoas, os grupos, podem acessar esse Fundo Nacional da Solidariedade atrav\u00e9s de projetos que ajudem na transforma\u00e7\u00e3o social. Os outros 60% ficam nas dioceses, para poder ajudar, acompanhar os irm\u00e3os localmente. Um gesto muito concreto das Pol\u00edticas P\u00fablicas \u00e9 a coleta, mas especialmente a Coleta da Solidariedade. Quando contribu\u00edmos, mostramos que estamos dispostos a seguir Jesus, a seguir o caminho da Cruz e a nos deixarmos tomar pela beleza da transforma\u00e7\u00e3o, da ressurrei\u00e7\u00e3o de Jesus. Que Deus nos d\u00ea essa gra\u00e7a e que sejamos todos crist\u00e3os cat\u00f3licos, pessoas de boa vontade, ativos na constru\u00e7\u00e3o de Pol\u00edticas P\u00fablicas, mas tamb\u00e9m fiscais das Pol\u00edticas P\u00fablicas. No Tempo da Quaresma, n\u00e3o nos esque\u00e7amos de aprofundar nossa vida de ora\u00e7\u00e3o. S\u00f3 assim compreenderemos a import\u00e2ncia das Pol\u00edticas P\u00fablicas para a constru\u00e7\u00e3o de uma verdadeira fraternidade.<\/p>\n<p><strong>Confira todas as entrevistas: <\/strong><\/p>\n<p><strong>Tema e Lema da CF | Entrevistado:\u00a0 \u00a0 \u00a0<\/strong><strong><a href=\"https:\/\/franciscanos.org.br\/noticias\/d-leonardo-sejamos-ativos-na-construcao-de-politicas-publicas.html\">Dom Leonardo Ulrich Steiner<\/a><\/strong><\/p>\n<p style=\"padding-left: 30px;\">Bispo Auxiliar de Bras\u00edlia e secret\u00e1rio-geral da CNBB.<\/p>\n<p><strong>Conceito de Pol\u00edticas P\u00fablicas | Entrevistado: <a href=\"https:\/\/franciscanos.org.br\/noticias\/o-que-sao-e-como-funcionam-as-politicas-publicas.html\" target=\"_blank\" rel=\"noopener noreferrer\">Robert Soares do Nascimento<\/a><\/strong><\/p>\n<p style=\"padding-left: 30px;\">Agente de Pastoral, comp\u00f5e o N\u00facleo em Educa\u00e7\u00e3o e Direitos Humanos da UNISAL (Centro Universit\u00e1rio Salesiano de S\u00e3o Paulo) e participa do Grupo de Trabalho de Justi\u00e7a Restaurativa da Comarca de Americana (SP).<\/p>\n<p><strong>Pol\u00edtica como exerc\u00edcio do bem comum | Entrevistado: <a href=\"https:\/\/franciscanos.org.br\/noticias\/politica-como-exercicio-da-busca-do-bem-comum.html\" target=\"_blank\" rel=\"noopener noreferrer\">Felix Fernando Siriani<\/a><\/strong><\/p>\n<p style=\"padding-left: 30px;\">Formado em Gest\u00e3o de Pol\u00edticas P\u00fablicas, especialista em Pedagogia Social, Pastoral Escolar e mestrando em Mudan\u00e7a Social e Pol\u00edticas P\u00fablicas.<\/p>\n<p><strong>Doutrina Social da Igreja | Entrevistado: <a href=\"https:\/\/franciscanos.org.br\/noticias\/uma-boa-igreja-tem-que-ter-um-grande-amor-aos-pobres-afirma-fernando-altemeyer.html\" target=\"_blank\" rel=\"noopener noreferrer\">Prof. Dr. Fernando Altemeyer Junior<\/a><\/strong><\/p>\n<p style=\"padding-left: 30px;\">Chefe do Departamento de Ci\u00eancia da Religi\u00e3o da PUC-SP.<\/p>\n<p><strong>As a\u00e7\u00f5es e ensinamentos de Jesus como inspira\u00e7\u00e3o para pol\u00edticas em favor da cidadania |Entrevistado:\u00a0<a href=\"https:\/\/franciscanos.org.br\/noticias\/o-eixo-das-politicas-publicas-justica-paz-e-alegria.html\" target=\"_blank\" rel=\"noopener noreferrer\">Francisco Orofino<\/a><\/strong><\/p>\n<p style=\"padding-left: 30px;\">Leigo, professor de Teologia B\u00edblica em Nova Igua\u00e7u (RJ) e assessor do CEBI (Centro de Estudos B\u00edblicos) e do ISER Assessoria (Instituto de Estudos da Religi\u00e3o).<\/p>\n<p><strong>Os franciscanos e o engajamento pol\u00edtico | Entrevistado: <a href=\"https:\/\/franciscanos.org.br\/noticias\/frei-vitorio-pede-mais-indignacao-profetica.html\" target=\"_blank\" rel=\"noopener noreferrer\">Frei Vitorio Mazzuco<\/a><\/strong><\/p>\n<p style=\"padding-left: 30px;\">Mestre em espiritualidade e coordenador da Pastoral Universit\u00e1ria da USF.<\/p>\n<p><strong>A import\u00e2ncia dos Movimentos Sociais na busca do bem comum | Entrevistado: <a href=\"https:\/\/franciscanos.org.br\/noticias\/dom-guilherme-e-preciso-reanimar-os-movimentos-sociais.html\" target=\"_blank\" rel=\"noopener noreferrer\">Dom Guilherme Werlang<\/a><\/strong><\/p>\n<p style=\"padding-left: 30px;\">Bispo da Diocese de Lages (SC) e presidente da Comiss\u00e3o Episcopal Pastoral para a A\u00e7\u00e3o Social Transformadora da CNBB.<\/p>\n<p><strong>Pol\u00edticas P\u00fablicas na \u00e1rea da sa\u00fade | Entrevistado: <a href=\"https:\/\/franciscanos.org.br\/noticias\/politicas-publicas-em-favor-da-saude.html\" target=\"_blank\" rel=\"noopener noreferrer\">Fernando Pigatto <\/a><\/strong><\/p>\n<p style=\"padding-left: 30px;\">Presidente do Conselho Nacional de Sa\u00fade (CNS) e Representante da Confedera\u00e7\u00e3o Nacional das Associa\u00e7\u00f5es de Moradores (CONAM).<\/p>\n<p><strong>Pol\u00edticas P\u00fablicas na seguran\u00e7a | Entrevistado: <a href=\"https:\/\/franciscanos.org.br\/noticias\/a-seguranca-publica-precisa-da-integracao-das-instituicoes-e-da-comunidade.html\" target=\"_blank\" rel=\"noopener noreferrer\">Ricardo Bedendo<\/a><\/strong><\/p>\n<p style=\"padding-left: 30px;\">Jornalista e Mestre em Ci\u00eancias Sociais, integra o n\u00facleo de Estudos de Viol\u00eancia e Direitos Humanos da P\u00f3s-Gradua\u00e7\u00e3o em Ci\u00eancias Sociais da Universidade Federal de Juiz de Fora (UFJF).<\/p>\n<p><strong>Pol\u00edticas P\u00fablicas e Assist\u00eancia Social | Entrevistada: <a href=\"https:\/\/franciscanos.org.br\/noticias\/olhar-a-assistencia-social-como-um-direito-nao-um-favor.html\" target=\"_blank\" rel=\"noopener noreferrer\">Rosangela Pezoti<\/a><\/strong><\/p>\n<p style=\"padding-left: 30px;\">Doutora em Servi\u00e7o Social, respons\u00e1vel pelas \u00e1reas t\u00e9cnica e de articula\u00e7\u00e3o pol\u00edtica do Sefras &#8211; Servi\u00e7o Franciscano de Solidariedade.<\/p>\n<p><strong>Pol\u00edticas P\u00fablicas em favor dos negros | Entrevistado: <a href=\"https:\/\/franciscanos.org.br\/noticias\/cf-as-politicas-publicas-em-favor-dos-negros-sao-uma-conquista-de-todos.html\" target=\"_blank\" rel=\"noopener noreferrer\">Frei David Raimundo Santos<\/a><\/strong><\/p>\n<p style=\"padding-left: 30px;\">Presidente da Educafro (Educa\u00e7\u00e3o e Cidadania de Afrodescendentes e Carentes).<\/p>\n<p><strong>Import\u00e2ncia da participa\u00e7\u00e3o nos espa\u00e7os de controle social | Entrevistada: <a href=\"https:\/\/franciscanos.org.br\/noticias\/valdenia-o-controle-social-e-responsabilidade-de-toda-sociedade.html\" target=\"_blank\" rel=\"noopener noreferrer\">Vald\u00eania Paulino<\/a><\/strong><\/p>\n<p style=\"padding-left: 30px;\">Advogada, integra o Centro de Direitos Humanos de Sapopemba (SP)<\/p>\n<p><strong>Pol\u00edticas P\u00fablicas em favor dos \u00edndios e dos povos origin\u00e1rios | Entrevistado: <a href=\"https:\/\/franciscanos.org.br\/noticias\/e-preciso-lutar-para-que-nao-haja-retrocesso-nas-politicas-publicas-em-prol-dos-indigenas.html\" target=\"_blank\" rel=\"noopener noreferrer\">Egon Heck<\/a><\/strong><\/p>\n<p style=\"padding-left: 30px;\">Assessor do secretariado do Conselho Indigenista Mission\u00e1rio \u2013 Cimi.<\/p>\n<p>Pol\u00edticas P\u00fablicas e Juventude | Entrevistada: <a href=\"https:\/\/franciscanos.org.br\/noticias\/por-mais-politicas-que-promovam-igualdade-de-oportunidades-entre-as-juventudes.html\" target=\"_blank\" rel=\"noopener noreferrer\"><strong>Anna Luiza Salles Souto<\/strong><\/a><\/p>\n<p style=\"padding-left: 30px;\">Coordenadora da \u00e1rea de Democracia e Participa\u00e7\u00e3o do Instituto P\u00f3lis.<\/p>\n<p><strong>Pol\u00edticas P\u00fablicas e na \u00e1rea da educa\u00e7\u00e3o | Entrevistado: <a href=\"https:\/\/franciscanos.org.br\/noticias\/a-educacao-como-um-instrumento-transformador-da-sociedade.html\" target=\"_blank\" rel=\"noopener noreferrer\">Professor Dilnei Lorenzi<\/a><\/strong><\/p>\n<p style=\"padding-left: 30px;\">Pr\u00f3-Reitor de Ensino, Pesquisa e Extens\u00e3o da Universidade S\u00e3o Francisco (USF).<\/p>\n<p><strong>Sa\u00fade e o bem comum | Entrevistado: <a href=\"https:\/\/franciscanos.org.br\/noticias\/o-papel-da-pastoral-da-saude-nas-politicas-publicas.html\" target=\"_blank\" rel=\"noopener noreferrer\">Pe. Christian de Paul de Barchifontaine<\/a><\/strong><\/p>\n<p style=\"padding-left: 30px;\">Assessor Internacional dos Camilianos na \u00c1rea da Sa\u00fade, Rela\u00e7\u00f5es P\u00fablicas das Organiza\u00e7\u00f5es Camilianas.<\/p>\n<p><strong>O exemplo concreto no Rio de Janeiro | Entrevistado: <a href=\"https:\/\/franciscanos.org.br\/noticias\/o-exemplo-concreto-do-forum-grita-baixada-no-exercicio-das-politicas-publicas.html\" target=\"_blank\" rel=\"noopener noreferrer\">Adriano de Ara\u00fajo<\/a><\/strong><\/p>\n<p style=\"padding-left: 30px;\">Soci\u00f3logo, coordenador do F\u00f3rum Grita Baixada.<\/p>\n","protected":false},"excerpt":{"rendered":"<p>S\u00e9rie Especial CF 2019: Entrevista com Dom Leonardo Ulrich Steiner.<\/p>\n","protected":false},"author":3,"featured_media":200208,"comment_status":"open","ping_status":"open","sticky":false,"template":"","format":"standard","meta":[],"categories":[1],"tags":[818,1366],"acf":[],"yoast_head":"<!-- This site is optimized with the Yoast SEO plugin v19.2 - https:\/\/yoast.com\/wordpress\/plugins\/seo\/ -->\n<title>D. Leonardo: Sejamos ativos na constru\u00e7\u00e3o de Pol\u00edticas P\u00fablicas! - Not\u00edcias - Franciscanos<\/title>\n<meta name=\"robots\" content=\"index, follow, max-snippet:-1, max-image-preview:large, max-video-preview:-1\" \/>\n<link rel=\"canonical\" href=\"https:\/\/franciscanos.org.br\/noticias\/d-leonardo-sejamos-ativos-na-construcao-de-politicas-publicas.html\" \/>\n<meta property=\"og:locale\" content=\"pt_BR\" \/>\n<meta property=\"og:type\" content=\"article\" \/>\n<meta property=\"og:title\" content=\"D. Leonardo: Sejamos ativos na constru\u00e7\u00e3o de Pol\u00edticas P\u00fablicas! - Not\u00edcias - Franciscanos\" \/>\n<meta property=\"og:description\" content=\"S\u00e9rie Especial CF 2019: Entrevista com Dom Leonardo Ulrich Steiner.\" \/>\n<meta property=\"og:url\" content=\"https:\/\/franciscanos.org.br\/noticias\/d-leonardo-sejamos-ativos-na-construcao-de-politicas-publicas.html\" \/>\n<meta property=\"og:site_name\" content=\"Not\u00edcias - Franciscanos\" \/>\n<meta property=\"article:published_time\" content=\"2019-02-11T09:44:37+00:00\" \/>\n<meta property=\"article:modified_time\" content=\"2019-04-22T16:49:07+00:00\" \/>\n<meta property=\"og:image\" content=\"https:\/\/franciscanos.org.br\/noticias\/wp-content\/uploads\/2019\/02\/domleonardo_110919d.jpg\" \/>\n\t<meta property=\"og:image:width\" content=\"273\" \/>\n\t<meta property=\"og:image:height\" content=\"181\" \/>\n\t<meta property=\"og:image:type\" content=\"image\/jpeg\" \/>\n<meta name=\"author\" content=\"moacir\" \/>\n<meta name=\"twitter:card\" content=\"summary_large_image\" \/>\n<meta name=\"twitter:label1\" content=\"Escrito por\" \/>\n\t<meta name=\"twitter:data1\" content=\"moacir\" \/>\n\t<meta name=\"twitter:label2\" content=\"Est. tempo de leitura\" \/>\n\t<meta name=\"twitter:data2\" content=\"14 minutos\" \/>\n<script type=\"application\/ld+json\" class=\"yoast-schema-graph\">{\"@context\":\"https:\/\/schema.org\",\"@graph\":[{\"@type\":\"WebSite\",\"@id\":\"https:\/\/franciscanos.org.br\/noticias\/#website\",\"url\":\"https:\/\/franciscanos.org.br\/noticias\/\",\"name\":\"Not\u00edcias - Franciscanos\",\"description\":\"Prov\u00edncia Franciscana da Imaculada Concei\u00e7\u00e3o do Brasil - Ordem dos Frades Menores - OFM\",\"potentialAction\":[{\"@type\":\"SearchAction\",\"target\":{\"@type\":\"EntryPoint\",\"urlTemplate\":\"https:\/\/franciscanos.org.br\/noticias\/?s={search_term_string}\"},\"query-input\":\"required name=search_term_string\"}],\"inLanguage\":\"pt-BR\"},{\"@type\":\"ImageObject\",\"inLanguage\":\"pt-BR\",\"@id\":\"https:\/\/franciscanos.org.br\/noticias\/d-leonardo-sejamos-ativos-na-construcao-de-politicas-publicas.html#primaryimage\",\"url\":\"https:\/\/franciscanos.org.br\/noticias\/wp-content\/uploads\/2019\/02\/domleonardo_110919d.jpg\",\"contentUrl\":\"https:\/\/franciscanos.org.br\/noticias\/wp-content\/uploads\/2019\/02\/domleonardo_110919d.jpg\",\"width\":273,\"height\":181},{\"@type\":\"WebPage\",\"@id\":\"https:\/\/franciscanos.org.br\/noticias\/d-leonardo-sejamos-ativos-na-construcao-de-politicas-publicas.html#webpage\",\"url\":\"https:\/\/franciscanos.org.br\/noticias\/d-leonardo-sejamos-ativos-na-construcao-de-politicas-publicas.html\",\"name\":\"D. Leonardo: Sejamos ativos na constru\u00e7\u00e3o de Pol\u00edticas P\u00fablicas! - Not\u00edcias - Franciscanos\",\"isPartOf\":{\"@id\":\"https:\/\/franciscanos.org.br\/noticias\/#website\"},\"primaryImageOfPage\":{\"@id\":\"https:\/\/franciscanos.org.br\/noticias\/d-leonardo-sejamos-ativos-na-construcao-de-politicas-publicas.html#primaryimage\"},\"datePublished\":\"2019-02-11T09:44:37+00:00\",\"dateModified\":\"2019-04-22T16:49:07+00:00\",\"author\":{\"@id\":\"https:\/\/franciscanos.org.br\/noticias\/#\/schema\/person\/b5c8cba458c330ccff548b056e95a5d4\"},\"breadcrumb\":{\"@id\":\"https:\/\/franciscanos.org.br\/noticias\/d-leonardo-sejamos-ativos-na-construcao-de-politicas-publicas.html#breadcrumb\"},\"inLanguage\":\"pt-BR\",\"potentialAction\":[{\"@type\":\"ReadAction\",\"target\":[\"https:\/\/franciscanos.org.br\/noticias\/d-leonardo-sejamos-ativos-na-construcao-de-politicas-publicas.html\"]}]},{\"@type\":\"BreadcrumbList\",\"@id\":\"https:\/\/franciscanos.org.br\/noticias\/d-leonardo-sejamos-ativos-na-construcao-de-politicas-publicas.html#breadcrumb\",\"itemListElement\":[{\"@type\":\"ListItem\",\"position\":1,\"name\":\"Home\",\"item\":\"https:\/\/franciscanos.org.br\/noticias\"},{\"@type\":\"ListItem\",\"position\":2,\"name\":\"D. Leonardo: Sejamos ativos na constru\u00e7\u00e3o de Pol\u00edticas P\u00fablicas!\"}]},{\"@type\":\"Person\",\"@id\":\"https:\/\/franciscanos.org.br\/noticias\/#\/schema\/person\/b5c8cba458c330ccff548b056e95a5d4\",\"name\":\"moacir\",\"image\":{\"@type\":\"ImageObject\",\"inLanguage\":\"pt-BR\",\"@id\":\"https:\/\/franciscanos.org.br\/noticias\/#\/schema\/person\/image\/\",\"url\":\"https:\/\/secure.gravatar.com\/avatar\/d08aa2ce4c8dd416d4479aa8536fcf64?s=96&d=mm&r=g\",\"contentUrl\":\"https:\/\/secure.gravatar.com\/avatar\/d08aa2ce4c8dd416d4479aa8536fcf64?s=96&d=mm&r=g\",\"caption\":\"moacir\"},\"url\":\"https:\/\/franciscanos.org.br\/noticias\/author\/moacir\"}]}<\/script>\n<!-- \/ Yoast SEO plugin. -->","yoast_head_json":{"title":"D. Leonardo: Sejamos ativos na constru\u00e7\u00e3o de Pol\u00edticas P\u00fablicas! - Not\u00edcias - Franciscanos","robots":{"index":"index","follow":"follow","max-snippet":"max-snippet:-1","max-image-preview":"max-image-preview:large","max-video-preview":"max-video-preview:-1"},"canonical":"https:\/\/franciscanos.org.br\/noticias\/d-leonardo-sejamos-ativos-na-construcao-de-politicas-publicas.html","og_locale":"pt_BR","og_type":"article","og_title":"D. Leonardo: Sejamos ativos na constru\u00e7\u00e3o de Pol\u00edticas P\u00fablicas! - Not\u00edcias - Franciscanos","og_description":"S\u00e9rie Especial CF 2019: Entrevista com Dom Leonardo Ulrich Steiner.","og_url":"https:\/\/franciscanos.org.br\/noticias\/d-leonardo-sejamos-ativos-na-construcao-de-politicas-publicas.html","og_site_name":"Not\u00edcias - Franciscanos","article_published_time":"2019-02-11T09:44:37+00:00","article_modified_time":"2019-04-22T16:49:07+00:00","og_image":[{"width":273,"height":181,"url":"https:\/\/franciscanos.org.br\/noticias\/wp-content\/uploads\/2019\/02\/domleonardo_110919d.jpg","type":"image\/jpeg"}],"author":"moacir","twitter_card":"summary_large_image","twitter_misc":{"Escrito por":"moacir","Est. tempo de leitura":"14 minutos"},"schema":{"@context":"https:\/\/schema.org","@graph":[{"@type":"WebSite","@id":"https:\/\/franciscanos.org.br\/noticias\/#website","url":"https:\/\/franciscanos.org.br\/noticias\/","name":"Not\u00edcias - Franciscanos","description":"Prov\u00edncia Franciscana da Imaculada Concei\u00e7\u00e3o do Brasil - Ordem dos Frades Menores - OFM","potentialAction":[{"@type":"SearchAction","target":{"@type":"EntryPoint","urlTemplate":"https:\/\/franciscanos.org.br\/noticias\/?s={search_term_string}"},"query-input":"required name=search_term_string"}],"inLanguage":"pt-BR"},{"@type":"ImageObject","inLanguage":"pt-BR","@id":"https:\/\/franciscanos.org.br\/noticias\/d-leonardo-sejamos-ativos-na-construcao-de-politicas-publicas.html#primaryimage","url":"https:\/\/franciscanos.org.br\/noticias\/wp-content\/uploads\/2019\/02\/domleonardo_110919d.jpg","contentUrl":"https:\/\/franciscanos.org.br\/noticias\/wp-content\/uploads\/2019\/02\/domleonardo_110919d.jpg","width":273,"height":181},{"@type":"WebPage","@id":"https:\/\/franciscanos.org.br\/noticias\/d-leonardo-sejamos-ativos-na-construcao-de-politicas-publicas.html#webpage","url":"https:\/\/franciscanos.org.br\/noticias\/d-leonardo-sejamos-ativos-na-construcao-de-politicas-publicas.html","name":"D. Leonardo: Sejamos ativos na constru\u00e7\u00e3o de Pol\u00edticas P\u00fablicas! - Not\u00edcias - Franciscanos","isPartOf":{"@id":"https:\/\/franciscanos.org.br\/noticias\/#website"},"primaryImageOfPage":{"@id":"https:\/\/franciscanos.org.br\/noticias\/d-leonardo-sejamos-ativos-na-construcao-de-politicas-publicas.html#primaryimage"},"datePublished":"2019-02-11T09:44:37+00:00","dateModified":"2019-04-22T16:49:07+00:00","author":{"@id":"https:\/\/franciscanos.org.br\/noticias\/#\/schema\/person\/b5c8cba458c330ccff548b056e95a5d4"},"breadcrumb":{"@id":"https:\/\/franciscanos.org.br\/noticias\/d-leonardo-sejamos-ativos-na-construcao-de-politicas-publicas.html#breadcrumb"},"inLanguage":"pt-BR","potentialAction":[{"@type":"ReadAction","target":["https:\/\/franciscanos.org.br\/noticias\/d-leonardo-sejamos-ativos-na-construcao-de-politicas-publicas.html"]}]},{"@type":"BreadcrumbList","@id":"https:\/\/franciscanos.org.br\/noticias\/d-leonardo-sejamos-ativos-na-construcao-de-politicas-publicas.html#breadcrumb","itemListElement":[{"@type":"ListItem","position":1,"name":"Home","item":"https:\/\/franciscanos.org.br\/noticias"},{"@type":"ListItem","position":2,"name":"D. Leonardo: Sejamos ativos na constru\u00e7\u00e3o de Pol\u00edticas P\u00fablicas!"}]},{"@type":"Person","@id":"https:\/\/franciscanos.org.br\/noticias\/#\/schema\/person\/b5c8cba458c330ccff548b056e95a5d4","name":"moacir","image":{"@type":"ImageObject","inLanguage":"pt-BR","@id":"https:\/\/franciscanos.org.br\/noticias\/#\/schema\/person\/image\/","url":"https:\/\/secure.gravatar.com\/avatar\/d08aa2ce4c8dd416d4479aa8536fcf64?s=96&d=mm&r=g","contentUrl":"https:\/\/secure.gravatar.com\/avatar\/d08aa2ce4c8dd416d4479aa8536fcf64?s=96&d=mm&r=g","caption":"moacir"},"url":"https:\/\/franciscanos.org.br\/noticias\/author\/moacir"}]}},"_links":{"self":[{"href":"https:\/\/franciscanos.org.br\/noticias\/wp-json\/wp\/v2\/posts\/200206"}],"collection":[{"href":"https:\/\/franciscanos.org.br\/noticias\/wp-json\/wp\/v2\/posts"}],"about":[{"href":"https:\/\/franciscanos.org.br\/noticias\/wp-json\/wp\/v2\/types\/post"}],"author":[{"embeddable":true,"href":"https:\/\/franciscanos.org.br\/noticias\/wp-json\/wp\/v2\/users\/3"}],"replies":[{"embeddable":true,"href":"https:\/\/franciscanos.org.br\/noticias\/wp-json\/wp\/v2\/comments?post=200206"}],"version-history":[{"count":0,"href":"https:\/\/franciscanos.org.br\/noticias\/wp-json\/wp\/v2\/posts\/200206\/revisions"}],"wp:featuredmedia":[{"embeddable":true,"href":"https:\/\/franciscanos.org.br\/noticias\/wp-json\/wp\/v2\/media\/200208"}],"wp:attachment":[{"href":"https:\/\/franciscanos.org.br\/noticias\/wp-json\/wp\/v2\/media?parent=200206"}],"wp:term":[{"taxonomy":"category","embeddable":true,"href":"https:\/\/franciscanos.org.br\/noticias\/wp-json\/wp\/v2\/categories?post=200206"},{"taxonomy":"post_tag","embeddable":true,"href":"https:\/\/franciscanos.org.br\/noticias\/wp-json\/wp\/v2\/tags?post=200206"}],"curies":[{"name":"wp","href":"https:\/\/api.w.org\/{rel}","templated":true}]}}