{"id":200146,"date":"2019-02-10T21:00:00","date_gmt":"2019-02-10T23:00:00","guid":{"rendered":"https:\/\/franciscanos.org.br\/noticias\/?p=200146"},"modified":"2019-04-16T07:11:19","modified_gmt":"2019-04-16T10:11:19","slug":"tres-conselhos-de-frei-clarencio-ao-neopresbitero-frei-leandro","status":"publish","type":"post","link":"https:\/\/franciscanos.org.br\/noticias\/tres-conselhos-de-frei-clarencio-ao-neopresbitero-frei-leandro.html","title":{"rendered":"Tr\u00eas conselhos de Frei Clar\u00eancio ao neopresb\u00edtero Frei Leandro"},"content":{"rendered":"<p><img loading=\"lazy\" class=\"alignnone wp-image-200147 size-full\" src=\"https:\/\/franciscanos.org.br\/noticias\/wp-content\/uploads\/2019\/02\/leandroG_100219.jpg\" alt=\"\" width=\"980\" height=\"550\" srcset=\"https:\/\/franciscanos.org.br\/noticias\/wp-content\/uploads\/2019\/02\/leandroG_100219.jpg 980w, https:\/\/franciscanos.org.br\/noticias\/wp-content\/uploads\/2019\/02\/leandroG_100219-450x253.jpg 450w, https:\/\/franciscanos.org.br\/noticias\/wp-content\/uploads\/2019\/02\/leandroG_100219-768x431.jpg 768w, https:\/\/franciscanos.org.br\/noticias\/wp-content\/uploads\/2019\/02\/leandroG_100219-150x84.jpg 150w\" sizes=\"(max-width: 980px) 100vw, 980px\" \/><\/p>\n<p><strong>\u00c9rika Augusto<\/strong><\/p>\n<p><strong>S\u00e3o Paulo (SP) \u2013<\/strong> Ter um cora\u00e7\u00e3o agradecido, dar sem esperar recompensa e encher-se de Deus: foram os tr\u00eas conselhos oferecidos por Frei Clar\u00eancio Neotti a Frei Leandro Costa, que celebrou na manh\u00e3 deste domingo (10) suas Prim\u00edcias na Par\u00f3quia Nossa Senhora Rainha dos Ap\u00f3stolos, Zona Sul de S\u00e3o Paulo. Ele foi ordenado presb\u00edtero neste s\u00e1bado (9) por Dom Fernando Figueiredo. (<a href=\"https:\/\/franciscanos.org.br\/noticias\/jamais-feche-o-coracao-pede-d-fernando-a-frei-leandro.html\" target=\"_blank\" rel=\"noopener\"><strong>VEJA MAIS<\/strong><\/a>)<\/p>\n<p>Reuniram-se para participar deste momento de a\u00e7\u00e3o de gra\u00e7as o Ministro Provincial, Frei C\u00e9sar K\u00fclkamp; Frei Diego Melo, do Servi\u00e7o de Anima\u00e7\u00e3o Vocacional; Pe. Mauro Jr. Campos Pereira, da Par\u00f3quia Rainha dos Ap\u00f3stolos, Pe. Francisco das Chagas, da Diocese de Santo Amaro; frades, religiosas, religiosos, familiares, leigos, paroquianos e amigos de Frei Leandro, vindos de S\u00e3o Paulo, Rio de Janeiro e Esp\u00edrito Santo.<\/p>\n<p><img loading=\"lazy\" class=\"alignnone size-full wp-image-200151\" src=\"https:\/\/franciscanos.org.br\/noticias\/wp-content\/uploads\/2019\/02\/leandro4_100219.jpg\" alt=\"\" width=\"980\" height=\"550\" srcset=\"https:\/\/franciscanos.org.br\/noticias\/wp-content\/uploads\/2019\/02\/leandro4_100219.jpg 980w, https:\/\/franciscanos.org.br\/noticias\/wp-content\/uploads\/2019\/02\/leandro4_100219-450x253.jpg 450w, https:\/\/franciscanos.org.br\/noticias\/wp-content\/uploads\/2019\/02\/leandro4_100219-768x431.jpg 768w, https:\/\/franciscanos.org.br\/noticias\/wp-content\/uploads\/2019\/02\/leandro4_100219-150x84.jpg 150w\" sizes=\"(max-width: 980px) 100vw, 980px\" \/><\/p>\n<p>Como \u00e9 tradi\u00e7\u00e3o, o neopresb\u00edtero convida um pregador para a homilia da primeira Missa. A tarefa foi destinada a Frei Clar\u00eancio Neotti, que morou na mesma Fraternidade de Frei Leandro Costa, Divino Esp\u00edrito Santo, em Vila Velha (ES) e por quem o neopresb\u00edtero tem muito carinho.<\/p>\n<p>Frei Clar\u00eancio, de 84 anos de vida, aconselhou o jovem frade, explicando que a palavra sacerdote significa dom sagrado e, por ser um dom, deve ser agradecido. \u201cTodos os dias de sua vida ser\u00e3o poucos para agradecer este presente\u201d, assegurou o experiente frade, com 58 anos de minist\u00e9rio sacerdotal. \u201cO dom do sacerd\u00f3cio n\u00e3o \u00e9 um ornamento. Ele \u00e9 um dom e traz consigo a chave que abre os cofres da gra\u00e7a misericordiosa de Deus a quantos pedirem\u201d, acrescentou.<\/p>\n<p><strong>Sacerdote n\u00e3o \u00e9 represa, \u00e9 rio<\/strong><\/p>\n<p>Frei Clar\u00eancio afirmou que o padre n\u00e3o pode ser uma represa, mas um rio que corre para fecundar todas as margens por onde passa. \u201cO sacerdote tem uma miss\u00e3o substantiva, a doa\u00e7\u00e3o. \u00c9 condi\u00e7\u00e3o de Deus para ser dada, n\u00e3o vendida. O sacerdote conjuga o verbo dar em todas as pessoas e tempos\u201d, aconselhou. \u201cPadre que n\u00e3o se doa apodrece estagnado\u201d, alertou.<\/p>\n<p><img loading=\"lazy\" class=\"alignnone size-full wp-image-200148\" src=\"https:\/\/franciscanos.org.br\/noticias\/wp-content\/uploads\/2019\/02\/leamdro5_100219.jpg\" alt=\"\" width=\"980\" height=\"550\" srcset=\"https:\/\/franciscanos.org.br\/noticias\/wp-content\/uploads\/2019\/02\/leamdro5_100219.jpg 980w, https:\/\/franciscanos.org.br\/noticias\/wp-content\/uploads\/2019\/02\/leamdro5_100219-450x253.jpg 450w, https:\/\/franciscanos.org.br\/noticias\/wp-content\/uploads\/2019\/02\/leamdro5_100219-768x431.jpg 768w, https:\/\/franciscanos.org.br\/noticias\/wp-content\/uploads\/2019\/02\/leamdro5_100219-150x84.jpg 150w\" sizes=\"(max-width: 980px) 100vw, 980px\" \/><\/p>\n<p>Frei Clar\u00eancio recordou as palavras de Frei C\u00e9sar a Frei Leandro no dia anterior. O Ministro Provincial exaltou os in\u00fameros dotes do jovem franciscano, como o talento para a m\u00fasica, o desenho e as boas rela\u00e7\u00f5es. \u201cFa\u00e7a destas qualidades o combust\u00edvel do verbo dar, do verbo apascentar. N\u00e3o esque\u00e7a que na palavra sacerdote est\u00e1 o substantivo dom, do verbo dar\u201d, aconselhou.<\/p>\n<p>O pregador afirmou ainda que \u00e9 necess\u00e1rio corrigir a tend\u00eancia natural de esperar recompensa. Segundo ele, \u00e9 necess\u00e1rio um cora\u00e7\u00e3o que n\u00e3o espere aplauso ou aprova\u00e7\u00e3o, nem mesmo recompensa \u2013 seja ela humana ou divina.<\/p>\n<p><strong>N\u00e3o ser uma caixa d\u2019\u00e1gua vazia<\/strong><\/p>\n<p>O terceiro conselho de Frei Clar\u00eancio foi para que o sacerdote deixe-se divinizar, encher-se de Deus. E usou uma express\u00e3o que ouviu quando ainda estava no semin\u00e1rio: n\u00e3o ser uma caixa d\u2019\u00e1gua vazia. \u201cA criatura humana sozinha, por mais qualidades que tenha, no sacerd\u00f3cio se parecer\u00e1 um carro sem combust\u00edvel, uma caixa d\u2019\u00e1gua vazia, que n\u00e3o dar\u00e1 \u00e1gua a ningu\u00e9m\u201d, apontou.<\/p>\n<p>Ele acrescentou que a \u00e1gua, que deve encher a caixa d\u2019\u00e1gua e abastecer toda a comunidade, \u00e9 Deus. Por isso, o sacerdote deve encher-se de Deus, para que ele possa contagiar os que est\u00e3o ao seu redor. \u201cO dom sagrado que voc\u00ea recebeu pressup\u00f5e o enchimento continuado vindo de fora. Voc\u00ea n\u00e3o \u00e9 padre sozinho, voc\u00ea precisa sempre encher-se de Deus\u201d, pediu o confrade.<\/p>\n<p><img loading=\"lazy\" class=\"alignnone size-full wp-image-200149\" src=\"https:\/\/franciscanos.org.br\/noticias\/wp-content\/uploads\/2019\/02\/leandro2_100219.jpg\" alt=\"\" width=\"980\" height=\"550\" srcset=\"https:\/\/franciscanos.org.br\/noticias\/wp-content\/uploads\/2019\/02\/leandro2_100219.jpg 980w, https:\/\/franciscanos.org.br\/noticias\/wp-content\/uploads\/2019\/02\/leandro2_100219-450x253.jpg 450w, https:\/\/franciscanos.org.br\/noticias\/wp-content\/uploads\/2019\/02\/leandro2_100219-768x431.jpg 768w, https:\/\/franciscanos.org.br\/noticias\/wp-content\/uploads\/2019\/02\/leandro2_100219-150x84.jpg 150w\" sizes=\"(max-width: 980px) 100vw, 980px\" \/><\/p>\n<p>Em seguida, Frei Clar\u00eancio afirmou que quebraria o protocolo da celebra\u00e7\u00e3o. Ele contou que quando estava saindo de Roma, onde trabalhou por nove anos na C\u00faria Geral da Ordem dos Frades Menores, foi cumprimentar o Papa S\u00e3o Jo\u00e3o Paulo II e partilhou que estava celebrando seu 50\u00ba anivers\u00e1rio de sacerd\u00f3cio. O Pont\u00edfice, ent\u00e3o, entregou-lhe uma estola \u2013 a mesma que Frei Clar\u00eancio estava usando naquele momento. Num gesto de carinho, o pregador deu sua estola a Frei Leandro Costa, que a vestiu imediatamente. O momento foi sucedido de um longo abra\u00e7o entre os confrades, acompanhado com muita emo\u00e7\u00e3o por toda comunidade reunida.<\/p>\n<p>Por fim, Frei Clar\u00eancio pediu ao jovem frade, inspirado no evangelho do dia: \u201cReme e deixe o milagre por conta de Deus\u201d, concluiu.<\/p>\n<p><strong>Os joelhos que rezam, os p\u00e9s que caminham e as m\u00e3os que trabalham<\/strong><\/p>\n<p>No final da celebra\u00e7\u00e3o, Frei Diego Melo agradeceu os frades, religiosas, religiosos e leigos que ajudaram no Tr\u00edduo e na semana mission\u00e1ria, debaixo de sol escaldante ou de chuva torrencial e por todos que rezam pelas voca\u00e7\u00f5es. E salientou o trip\u00e9 fundamental para o bom andamento das atividades: \u201cOs joelhos que rezam, os p\u00e9s que caminham e as m\u00e3os que trabalham\u201d. Frei Diego manifestou sua gratid\u00e3o ao Pe. Mauro, que abriu as portas da Par\u00f3quia e de sua casa para acolher os mission\u00e1rios.<\/p>\n<p><img loading=\"lazy\" class=\"alignnone size-full wp-image-200150\" src=\"https:\/\/franciscanos.org.br\/noticias\/wp-content\/uploads\/2019\/02\/leandro3_100219.jpg\" alt=\"\" width=\"980\" height=\"550\" srcset=\"https:\/\/franciscanos.org.br\/noticias\/wp-content\/uploads\/2019\/02\/leandro3_100219.jpg 980w, https:\/\/franciscanos.org.br\/noticias\/wp-content\/uploads\/2019\/02\/leandro3_100219-450x253.jpg 450w, https:\/\/franciscanos.org.br\/noticias\/wp-content\/uploads\/2019\/02\/leandro3_100219-768x431.jpg 768w, https:\/\/franciscanos.org.br\/noticias\/wp-content\/uploads\/2019\/02\/leandro3_100219-150x84.jpg 150w\" sizes=\"(max-width: 980px) 100vw, 980px\" \/><\/p>\n<p>O grupo vindo de Vila Velha, local da primeira transfer\u00eancia de Frei Leandro, tamb\u00e9m fez o seu agradecimento pelos dois anos partilhados com a comunidade local. O Grupo Escudeiro, do qual o neopresb\u00edtero fez parte, tamb\u00e9m fez o seu emocionado agradecimento e sua homenagem.<\/p>\n<p>Ao final da Missa todos foram convidados para um almo\u00e7o oferecido pela comunidade local.<\/p>\n<p><strong>\u00cdNTEGRA DA HOMILIA<\/strong><\/p>\n<p><em>Jesus, meu Senhor, tu sabes tudo, tu sabes que eu te amo.<\/em><\/p>\n<p><em>Pedro, apascenta as minhas ovelhas (Jo 21,17)<\/em><\/p>\n<p>O serm\u00e3o da Primeira Missa Solene ou costuma ser um elogio do sacerd\u00f3cio ou um momento de conselhos ao padre que come\u00e7a seu minist\u00e9rio sagrado.<\/p>\n<p>Preferi o segundo caminho. E meu primeiro conselho \u00e9 que tenha sempre um cora\u00e7\u00e3o agradecido a Deus. As leituras e o salmo responsorial de hoje apontam para o agradecimento. At\u00e9 ontem voc\u00ea era como o profeta Isa\u00edas: um mo\u00e7o de l\u00e1bios impuros, que procurava o Senhor. Ontem voc\u00ea foi sagrado sacerdote. Observe que esta palavra \u00e9 composta de <em>sacer<\/em> e <em>dos<\/em>, que significam <em>dom sagrado<\/em>. Aqui est\u00e1 a raz\u00e3o principal do seu, de hoje em diante, permanente agradecimento. Voc\u00ea, que antes tinha l\u00e1bios impuros, agora \u00e9 um dom sagrado de Deus. Voc\u00ea aceitou este presente de Deus. Voc\u00ea pediu este presente de Deus. E Deus lhe deu. Ontem mesmo, ainda na cerim\u00f4nia solene de sua ordena\u00e7\u00e3o, voc\u00ea agradeceu e at\u00e9 falou em \u201ceterna gratid\u00e3o\u201d pelo sacerd\u00f3cio recebido.<\/p>\n<p>Todos os dias de sua vida ser\u00e3o poucos para agradecer esse presente, porque ele n\u00e3o \u00e9 uma coisa de vestir um dia, de botar como enfeite na mesa. Ele \u00e9 um dom que traz consigo a chave que abre os cofres da gra\u00e7a misericordiosa de Deus a quantos pedirem sua ajuda. \u00c9 a mesma chave que costumamos ver pendurada nas est\u00e1tuas de S\u00e3o Pedro. Um dom sagrado, portanto, a ser repartido e usado por todos que quiserem.<\/p>\n<p>Lembre-se de S\u00e3o Francisco: no auge do sofrimento e da santidade, cercado pelo sol e pela lua que iluminam, pelo vento e pela \u00e1gua que purificam, pelo fogo da terra e pelos santos do c\u00e9u, conclama a todos a \u201clouvar e bendizer o Senhor e dar-lhe gra\u00e7as com grande humildade\u201d. Que o \u201cObrigado, Senhor!\u201d esteja sempre em seus l\u00e1bios e em seu cora\u00e7\u00e3o!<\/p>\n<p>Digamos todos juntos: <em>Obrigado, Senhor!<\/em><\/p>\n<p>E aqui vai o segundo conselho: reparta sempre. Fa\u00e7a como Jos\u00e9 do Egito, que abriu as portas de todos os armaz\u00e9ns do reino. Revestido do dom sagrado, do sacerd\u00f3cio, seja como o cora\u00e7\u00e3o de uma m\u00e3e que, quanto mais se d\u00e1, mais tem para dar. N\u00e3o seja represa. Seja rio que corre para todos. N\u00e3o esque\u00e7a que a palavra <em>dote<\/em>, de sacer<em>dote<\/em>, pertence \u00e0 fam\u00edlia lingu\u00edstica do verbo <em>dar<\/em>. O sacerdote tem uma miss\u00e3o substantiva: doa\u00e7\u00e3o. \u00c9 doa\u00e7\u00e3o de Deus para ser dada. O sacerdote conjuga o ver <em>dar<\/em> em todas as pessoas e tempos. A carne e o sangue do sacerdote s\u00e3o uma mistura do verbo dar, nunca esquecendo que uma de suas miss\u00f5es \u00e9 o verbo <em>perdoar<\/em>, ou seja, dar a plenitude da gra\u00e7a.<\/p>\n<p>N\u00e3o s\u00f3 substantivo, n\u00e3o s\u00f3 verbo, o sacerdote traz consigo o adjetivo <em>dado<\/em>, porque o padre que n\u00e3o se doa, apodrece estagnado. Sua vida de padre necessariamente estar\u00e1 emoldurada pela doa\u00e7\u00e3o, pelo dar sem medidas e sem olhar a quem, pela realiza\u00e7\u00e3o pessoal por ter-se dado. Voc\u00ea dar\u00e1 o batismo, dar\u00e1 a catequese, dar\u00e1 a Eucaristia, dar\u00e1 o perd\u00e3o, dar\u00e1 consolo, dar\u00e1 b\u00ean\u00e7\u00e3os, dar\u00e1 o pr\u00f3prio Deus. Esta doa\u00e7\u00e3o est\u00e1 inteiramente dentro da palavra que voc\u00ea escolheu como lema de seu sacerd\u00f3cio: a palavra <em>apascentar<\/em>. Apascentar significa dar pasto, dar comida \u00e0s ovelhas.<\/p>\n<p><img loading=\"lazy\" class=\"alignnone size-full wp-image-160555\" src=\"https:\/\/franciscanos.org.br\/quemsomos\/wp-content\/uploads\/2019\/02\/homilia_1202_1.jpg\" alt=\"\" width=\"890\" height=\"593\" \/><\/p>\n<p>Todos temos fome de comida, fome de consolo, fome de b\u00ean\u00e7\u00e3os, fome de Deus. Voc\u00ea vai dar de comer, voc\u00ea vai apascentar. Olhe o verbo <em>dar <\/em>de novo. Voc\u00ea tem muito para dar. Voc\u00ea \u00e9 uma pessoa bem prendada: canta bonito, prega com sentido, desenha com arte, preside com eleg\u00e2ncia, sabe ser amigo e irm\u00e3o. Fa\u00e7a destas qualidades o combust\u00edvel do verbo dar, do verbo apascentar. N\u00e3o esque\u00e7a que na palavra <em>sacerdote<\/em> est\u00e1 o substantivo dom. E dentro do \u201cobrigado\u201d do primeiro conselho est\u00e1 pressuposto o \u201cdar gra\u00e7as\u201d. Ontem Dom Fernando lhe falava em solidariedade, que \u00e9 o contr\u00e1rio de ego\u00edsmo. A solidariedade tem tudo a ver com a doa\u00e7\u00e3o. D\u00ea sempre, sem esperar receber. D\u00ea sempre, sem esperar aplauso e aprova\u00e7\u00e3o. D\u00ea sempre, sem mesmo esperar recompensa nem divina nem humana. Previno-o, com a autoridade de 58 anos de padre, que isso n\u00e3o \u00e9 nem f\u00e1cil nem agrad\u00e1vel.<\/p>\n<p>Por\u00e9m \u2013 e aqui come\u00e7o a lhe dar o terceiro conselho e o tiro do evangelho que lemos h\u00e1 pouco. O primeiro conselho foi agradecer; o segundo conselho foi dar. Para o terceiro conselho, lembro a cena do evangelho: Sim\u00e3o, Andr\u00e9 e seus s\u00f3cios Jo\u00e3o e Tiago tinham muita experi\u00eancia de pescadores. Tinham todas as qualidades de bons pescadores com rede. Trabalharam a noite inteira e nada apanharam.<\/p>\n<p>O fato de voc\u00ea ser um homem prendado, ter muitas qualidades como as tinha Pedro e os companheiros, n\u00e3o significa que voc\u00ea seja automaticamente bom padre franciscano. Repito: ainda que voc\u00ea prometa e cumpra, como prometeu e tem condi\u00e7\u00f5es de cumprir, o que disse semana passada no Site da Prov\u00edncia, isto \u00e9: ter zelo permanente, entregar-se sem medida e servir integralmente. Ainda assim, sozinho e com todas as suas qualidades, voc\u00ea ser\u00e1 um Pedro de redes vazias. No evangelho que lemos h\u00e1 pouco ocorreu a express\u00e3o que o Papa S\u00e3o Jo\u00e3o Paulo II repetiu dezenas de vezes em seus discursos e serm\u00f5es ao longo do grande Jubileu do ano 2000: <em>duc in altum<\/em>. Altum, em latim, tanto indica a altura quanto a profundidade. E aqui vai meu terceiro conselho: todas as suas qualidades, que seriam certamente sucesso em outras profiss\u00f5es, no seu caso de sacerdote, n\u00e3o ter\u00e3o for\u00e7a de faz\u00ea-lo mais do que med\u00edocre. O med\u00edocre n\u00e3o tem nem altura nem profundidade.<\/p>\n<p>A criatura humana sozinha, por mais qualidades que tenha, no campo do sacerd\u00f3cio, se parecer\u00e1 a um carro sem combust\u00edvel. Ou, usando outra figura, a criatura humana se assemelha a uma caixa d\u2019\u00e1gua. Pode ser grande, bem pintada, no alto da casa. Sozinha, n\u00e3o dar\u00e1 \u00e1gua a ningu\u00e9m. \u00c9 preciso encher a caixa de \u00e1gua vinda de fora. Voc\u00ea \u00e9 uma caixa d\u2019\u00e1gua sagrada, porque ordenado padre. Voc\u00ea assume a obriga\u00e7\u00e3o de dar \u00e1gua a toda casa. Mas para isso precisa receber \u00e1gua de fora. Este \u201cde fora\u201d \u00e9 Deus. Sozinho voc\u00ea pouco far\u00e1 com seu sacerd\u00f3cio. Porque o dom sagrado que voc\u00ea recebeu pressup\u00f5e o enchimento continuado, vindo de fora. Voc\u00ea n\u00e3o \u00e9 padre sozinho. Seria caixa sem \u00e1gua. Voc\u00ea precisa se encher sempre de Deus. Este \u00e9 o terceiro conselho: deixe-se todos os dias divinizar, deixe-se replenar de Deus a ponto de o povo dizer de Voc\u00ea o que disse de S\u00e3o Francisco: \u201cPossu\u00eda Jesus de muitos modos: levava sempre Jesus no cora\u00e7\u00e3o, Jesus na boca, Jesus nos ouvidos, Jesus nos olhos, Jesus nas m\u00e3os, Jesus em todos os seus membros\u201d (<em>1Cel<\/em> 115).<\/p>\n<p>Vamos todos desejar juntos que Frei Leandro seja um sacerdote cheio de Deus. Repitam comigo: <em>Frei Leandro, leve sempre Jesus no cora\u00e7\u00e3o! Frei Leandro, leve sempre Jesus na boca! Frei Leandro, leve sempre Jesus nos ouvidos! Frei Leandro, leve sempre Jesus nos olhos! Frei Leandro, leve sempre Jesus nas m\u00e3os! Frei Leandro, d\u00e1-nos sempre e somente Jesus!<\/em><\/p>\n<p>Meu primeiro conselho foi ter sempre um cora\u00e7\u00e3o agradecido. Dona Francisca e Senhor Francisco, deixo o mesmo conselho para voc\u00eas como pais do Frei Leandro. Agrade\u00e7am sempre a Deus o dom sagrado que Deus concedeu a seu filho. E agrade\u00e7am daqui para frente, todo o bem que ele far\u00e1 usando, o sacerd\u00f3cio. Agrade\u00e7o em nome da Prov\u00edncia e de toda a Igreja a doa\u00e7\u00e3o que fizeram do filho.<\/p>\n<p>O segundo conselho foi a doa\u00e7\u00e3o, porque o exerc\u00edcio do sacerd\u00f3cio \u00e9 uma doa\u00e7\u00e3o cont\u00ednua. Dona Francisca e Senhor Francisco, repasso a voc\u00eas dois o mesmo conselho. Na sua ora\u00e7\u00e3o, repitam diariamente este gesto generoso de doa\u00e7\u00e3o.<\/p>\n<p>Vou quebrar o protocolo de um serm\u00e3o de Primeira Missa. Quando eu disse ao Papa Jo\u00e3o Paulo II que eu ia completar 50 anos de padre, ele me deu (verbo dar!) uma estola, s\u00edmbolo do sacerd\u00f3cio, que uma par\u00f3quia lhe havia dado (verbo dar!). Hoje eu a dou (verbo dar!) a Voc\u00ea, para que sempre se lembre que o verbo dar deve estar t\u00e3o presente em sua vida de padre, como o sangue est\u00e1 presente e atuante nas veias de seu corpo.<\/p>\n<p>O terceiro conselho foi a parceria com Jesus-Deus. \u00c9 palavra de Jesus na \u00daltima Ceia: Sem mim nada podeis fazer (<em>Jo<\/em> 15,5).<\/p>\n<p>Frei Leandro, ontem voc\u00ea disse a Deus diante de toda a comunidade, como o profeta Isa\u00edas: Eis-me aqui! Aqui estou. Foi um admir\u00e1vel gesto de doa\u00e7\u00e3o. Que sua vida toda seja a viv\u00eancia desse gesto, sempre repetido cada dia com novo ardor e novo vigor. Todos n\u00f3s dizemos a Deus com o salmista: Obrigado, Senhor, de todo o cora\u00e7\u00e3o, pelo sacerd\u00f3cio de Frei Leandro.<\/p>\n<p>E dizemos a Voc\u00ea: com Jesus, sempre com ele e com Pedro, reme o barco de sua vida, agora como s\u00f3cio e ap\u00f3stolo do Senhor! Fa\u00e7a a sua parte e deixe o milagre por conta Dele!<\/p>\n<p><strong>Frei Clar\u00eancio Neotti<\/strong><\/p>\n<hr \/>\n\n\t\t<style type=\"text\/css\">\n\t\t\t#gallery-1 {\n\t\t\t\tmargin: auto;\n\t\t\t}\n\t\t\t#gallery-1 .gallery-item {\n\t\t\t\tfloat: left;\n\t\t\t\tmargin-top: 10px;\n\t\t\t\ttext-align: center;\n\t\t\t\twidth: 25%;\n\t\t\t}\n\t\t\t#gallery-1 img {\n\t\t\t\tborder: 2px solid #cfcfcf;\n\t\t\t}\n\t\t\t#gallery-1 .gallery-caption {\n\t\t\t\tmargin-left: 0;\n\t\t\t}\n\t\t\t\/* see gallery_shortcode() in wp-includes\/media.php *\/\n\t\t<\/style>\n\t\t<div id='gallery-1' class='gallery galleryid-200146 gallery-columns-4 gallery-size-thumbnail'><dl class='gallery-item'>\n\t\t\t<dt class='gallery-icon landscape'>\n\t\t\t\t<a href='https:\/\/franciscanos.org.br\/noticias\/wp-content\/uploads\/2019\/02\/frei-leandro-1.jpg'><img width=\"300\" height=\"300\" src=\"https:\/\/franciscanos.org.br\/noticias\/wp-content\/uploads\/2019\/02\/frei-leandro-1-300x300.jpg\" class=\"attachment-thumbnail size-thumbnail\" alt=\"\" loading=\"lazy\" srcset=\"https:\/\/franciscanos.org.br\/noticias\/wp-content\/uploads\/2019\/02\/frei-leandro-1-300x300.jpg 300w, https:\/\/franciscanos.org.br\/noticias\/wp-content\/uploads\/2019\/02\/frei-leandro-1-400x400.jpg 400w\" sizes=\"(max-width: 300px) 100vw, 300px\" \/><\/a>\n\t\t\t<\/dt><\/dl><dl class='gallery-item'>\n\t\t\t<dt class='gallery-icon landscape'>\n\t\t\t\t<a href='https:\/\/franciscanos.org.br\/noticias\/wp-content\/uploads\/2019\/02\/frei-leandro-2.jpg'><img width=\"300\" height=\"300\" src=\"https:\/\/franciscanos.org.br\/noticias\/wp-content\/uploads\/2019\/02\/frei-leandro-2-300x300.jpg\" class=\"attachment-thumbnail size-thumbnail\" alt=\"\" loading=\"lazy\" srcset=\"https:\/\/franciscanos.org.br\/noticias\/wp-content\/uploads\/2019\/02\/frei-leandro-2-300x300.jpg 300w, https:\/\/franciscanos.org.br\/noticias\/wp-content\/uploads\/2019\/02\/frei-leandro-2-400x400.jpg 400w\" sizes=\"(max-width: 300px) 100vw, 300px\" \/><\/a>\n\t\t\t<\/dt><\/dl><dl class='gallery-item'>\n\t\t\t<dt class='gallery-icon landscape'>\n\t\t\t\t<a href='https:\/\/franciscanos.org.br\/noticias\/wp-content\/uploads\/2019\/02\/frei-leandro-3.jpg'><img width=\"300\" height=\"300\" src=\"https:\/\/franciscanos.org.br\/noticias\/wp-content\/uploads\/2019\/02\/frei-leandro-3-300x300.jpg\" class=\"attachment-thumbnail size-thumbnail\" alt=\"\" loading=\"lazy\" srcset=\"https:\/\/franciscanos.org.br\/noticias\/wp-content\/uploads\/2019\/02\/frei-leandro-3-300x300.jpg 300w, https:\/\/franciscanos.org.br\/noticias\/wp-content\/uploads\/2019\/02\/frei-leandro-3-400x400.jpg 400w\" sizes=\"(max-width: 300px) 100vw, 300px\" \/><\/a>\n\t\t\t<\/dt><\/dl><dl class='gallery-item'>\n\t\t\t<dt class='gallery-icon landscape'>\n\t\t\t\t<a href='https:\/\/franciscanos.org.br\/noticias\/wp-content\/uploads\/2019\/02\/frei-leandro-4.jpg'><img width=\"300\" height=\"300\" src=\"https:\/\/franciscanos.org.br\/noticias\/wp-content\/uploads\/2019\/02\/frei-leandro-4-300x300.jpg\" class=\"attachment-thumbnail size-thumbnail\" alt=\"\" loading=\"lazy\" srcset=\"https:\/\/franciscanos.org.br\/noticias\/wp-content\/uploads\/2019\/02\/frei-leandro-4-300x300.jpg 300w, https:\/\/franciscanos.org.br\/noticias\/wp-content\/uploads\/2019\/02\/frei-leandro-4-400x400.jpg 400w\" sizes=\"(max-width: 300px) 100vw, 300px\" \/><\/a>\n\t\t\t<\/dt><\/dl><br style=\"clear: both\" \/><dl class='gallery-item'>\n\t\t\t<dt class='gallery-icon landscape'>\n\t\t\t\t<a href='https:\/\/franciscanos.org.br\/noticias\/wp-content\/uploads\/2019\/02\/frei-leandro-5.jpg'><img width=\"300\" height=\"300\" src=\"https:\/\/franciscanos.org.br\/noticias\/wp-content\/uploads\/2019\/02\/frei-leandro-5-300x300.jpg\" class=\"attachment-thumbnail size-thumbnail\" alt=\"\" loading=\"lazy\" srcset=\"https:\/\/franciscanos.org.br\/noticias\/wp-content\/uploads\/2019\/02\/frei-leandro-5-300x300.jpg 300w, https:\/\/franciscanos.org.br\/noticias\/wp-content\/uploads\/2019\/02\/frei-leandro-5-400x400.jpg 400w\" sizes=\"(max-width: 300px) 100vw, 300px\" \/><\/a>\n\t\t\t<\/dt><\/dl><dl class='gallery-item'>\n\t\t\t<dt class='gallery-icon landscape'>\n\t\t\t\t<a href='https:\/\/franciscanos.org.br\/noticias\/wp-content\/uploads\/2019\/02\/frei-leandro-6.jpg'><img width=\"300\" height=\"300\" src=\"https:\/\/franciscanos.org.br\/noticias\/wp-content\/uploads\/2019\/02\/frei-leandro-6-300x300.jpg\" class=\"attachment-thumbnail size-thumbnail\" alt=\"\" loading=\"lazy\" srcset=\"https:\/\/franciscanos.org.br\/noticias\/wp-content\/uploads\/2019\/02\/frei-leandro-6-300x300.jpg 300w, https:\/\/franciscanos.org.br\/noticias\/wp-content\/uploads\/2019\/02\/frei-leandro-6-400x400.jpg 400w\" sizes=\"(max-width: 300px) 100vw, 300px\" \/><\/a>\n\t\t\t<\/dt><\/dl><dl class='gallery-item'>\n\t\t\t<dt class='gallery-icon landscape'>\n\t\t\t\t<a href='https:\/\/franciscanos.org.br\/noticias\/wp-content\/uploads\/2019\/02\/frei-leandro-7.jpg'><img width=\"300\" height=\"300\" src=\"https:\/\/franciscanos.org.br\/noticias\/wp-content\/uploads\/2019\/02\/frei-leandro-7-300x300.jpg\" class=\"attachment-thumbnail size-thumbnail\" alt=\"\" loading=\"lazy\" srcset=\"https:\/\/franciscanos.org.br\/noticias\/wp-content\/uploads\/2019\/02\/frei-leandro-7-300x300.jpg 300w, https:\/\/franciscanos.org.br\/noticias\/wp-content\/uploads\/2019\/02\/frei-leandro-7-400x400.jpg 400w\" sizes=\"(max-width: 300px) 100vw, 300px\" \/><\/a>\n\t\t\t<\/dt><\/dl><dl class='gallery-item'>\n\t\t\t<dt class='gallery-icon landscape'>\n\t\t\t\t<a href='https:\/\/franciscanos.org.br\/noticias\/wp-content\/uploads\/2019\/02\/frei-leandro-9.jpg'><img width=\"300\" height=\"300\" src=\"https:\/\/franciscanos.org.br\/noticias\/wp-content\/uploads\/2019\/02\/frei-leandro-9-300x300.jpg\" class=\"attachment-thumbnail size-thumbnail\" alt=\"\" loading=\"lazy\" srcset=\"https:\/\/franciscanos.org.br\/noticias\/wp-content\/uploads\/2019\/02\/frei-leandro-9-300x300.jpg 300w, https:\/\/franciscanos.org.br\/noticias\/wp-content\/uploads\/2019\/02\/frei-leandro-9-400x400.jpg 400w\" sizes=\"(max-width: 300px) 100vw, 300px\" \/><\/a>\n\t\t\t<\/dt><\/dl><br style=\"clear: both\" \/><dl class='gallery-item'>\n\t\t\t<dt class='gallery-icon landscape'>\n\t\t\t\t<a href='https:\/\/franciscanos.org.br\/noticias\/wp-content\/uploads\/2019\/02\/frei-leandro-10.jpg'><img width=\"300\" height=\"300\" src=\"https:\/\/franciscanos.org.br\/noticias\/wp-content\/uploads\/2019\/02\/frei-leandro-10-300x300.jpg\" class=\"attachment-thumbnail size-thumbnail\" alt=\"\" loading=\"lazy\" srcset=\"https:\/\/franciscanos.org.br\/noticias\/wp-content\/uploads\/2019\/02\/frei-leandro-10-300x300.jpg 300w, https:\/\/franciscanos.org.br\/noticias\/wp-content\/uploads\/2019\/02\/frei-leandro-10-400x400.jpg 400w\" sizes=\"(max-width: 300px) 100vw, 300px\" \/><\/a>\n\t\t\t<\/dt><\/dl><dl class='gallery-item'>\n\t\t\t<dt class='gallery-icon landscape'>\n\t\t\t\t<a href='https:\/\/franciscanos.org.br\/noticias\/wp-content\/uploads\/2019\/02\/frei-leandro-11.jpg'><img width=\"300\" height=\"300\" src=\"https:\/\/franciscanos.org.br\/noticias\/wp-content\/uploads\/2019\/02\/frei-leandro-11-300x300.jpg\" class=\"attachment-thumbnail size-thumbnail\" alt=\"\" loading=\"lazy\" srcset=\"https:\/\/franciscanos.org.br\/noticias\/wp-content\/uploads\/2019\/02\/frei-leandro-11-300x300.jpg 300w, https:\/\/franciscanos.org.br\/noticias\/wp-content\/uploads\/2019\/02\/frei-leandro-11-400x400.jpg 400w\" sizes=\"(max-width: 300px) 100vw, 300px\" \/><\/a>\n\t\t\t<\/dt><\/dl><dl class='gallery-item'>\n\t\t\t<dt class='gallery-icon landscape'>\n\t\t\t\t<a href='https:\/\/franciscanos.org.br\/noticias\/wp-content\/uploads\/2019\/02\/frei-leandro-12.jpg'><img width=\"300\" height=\"300\" src=\"https:\/\/franciscanos.org.br\/noticias\/wp-content\/uploads\/2019\/02\/frei-leandro-12-300x300.jpg\" class=\"attachment-thumbnail size-thumbnail\" alt=\"\" loading=\"lazy\" srcset=\"https:\/\/franciscanos.org.br\/noticias\/wp-content\/uploads\/2019\/02\/frei-leandro-12-300x300.jpg 300w, https:\/\/franciscanos.org.br\/noticias\/wp-content\/uploads\/2019\/02\/frei-leandro-12-400x400.jpg 400w\" sizes=\"(max-width: 300px) 100vw, 300px\" \/><\/a>\n\t\t\t<\/dt><\/dl><dl class='gallery-item'>\n\t\t\t<dt class='gallery-icon landscape'>\n\t\t\t\t<a href='https:\/\/franciscanos.org.br\/noticias\/wp-content\/uploads\/2019\/02\/frei-leandro-13.jpg'><img width=\"300\" height=\"300\" src=\"https:\/\/franciscanos.org.br\/noticias\/wp-content\/uploads\/2019\/02\/frei-leandro-13-300x300.jpg\" class=\"attachment-thumbnail size-thumbnail\" alt=\"\" loading=\"lazy\" srcset=\"https:\/\/franciscanos.org.br\/noticias\/wp-content\/uploads\/2019\/02\/frei-leandro-13-300x300.jpg 300w, https:\/\/franciscanos.org.br\/noticias\/wp-content\/uploads\/2019\/02\/frei-leandro-13-400x400.jpg 400w\" sizes=\"(max-width: 300px) 100vw, 300px\" \/><\/a>\n\t\t\t<\/dt><\/dl><br style=\"clear: both\" \/><dl class='gallery-item'>\n\t\t\t<dt class='gallery-icon landscape'>\n\t\t\t\t<a href='https:\/\/franciscanos.org.br\/noticias\/wp-content\/uploads\/2019\/02\/frei-leandro-14.jpg'><img width=\"300\" height=\"300\" src=\"https:\/\/franciscanos.org.br\/noticias\/wp-content\/uploads\/2019\/02\/frei-leandro-14-300x300.jpg\" class=\"attachment-thumbnail size-thumbnail\" alt=\"\" loading=\"lazy\" srcset=\"https:\/\/franciscanos.org.br\/noticias\/wp-content\/uploads\/2019\/02\/frei-leandro-14-300x300.jpg 300w, https:\/\/franciscanos.org.br\/noticias\/wp-content\/uploads\/2019\/02\/frei-leandro-14-400x400.jpg 400w\" sizes=\"(max-width: 300px) 100vw, 300px\" \/><\/a>\n\t\t\t<\/dt><\/dl><dl class='gallery-item'>\n\t\t\t<dt class='gallery-icon landscape'>\n\t\t\t\t<a href='https:\/\/franciscanos.org.br\/noticias\/wp-content\/uploads\/2019\/02\/frei-leandro-15.jpg'><img width=\"300\" height=\"300\" src=\"https:\/\/franciscanos.org.br\/noticias\/wp-content\/uploads\/2019\/02\/frei-leandro-15-300x300.jpg\" class=\"attachment-thumbnail size-thumbnail\" alt=\"\" loading=\"lazy\" srcset=\"https:\/\/franciscanos.org.br\/noticias\/wp-content\/uploads\/2019\/02\/frei-leandro-15-300x300.jpg 300w, https:\/\/franciscanos.org.br\/noticias\/wp-content\/uploads\/2019\/02\/frei-leandro-15-400x400.jpg 400w\" sizes=\"(max-width: 300px) 100vw, 300px\" \/><\/a>\n\t\t\t<\/dt><\/dl><dl class='gallery-item'>\n\t\t\t<dt class='gallery-icon landscape'>\n\t\t\t\t<a href='https:\/\/franciscanos.org.br\/noticias\/wp-content\/uploads\/2019\/02\/frei-leandro-16.jpg'><img width=\"300\" height=\"300\" src=\"https:\/\/franciscanos.org.br\/noticias\/wp-content\/uploads\/2019\/02\/frei-leandro-16-300x300.jpg\" class=\"attachment-thumbnail size-thumbnail\" alt=\"\" loading=\"lazy\" srcset=\"https:\/\/franciscanos.org.br\/noticias\/wp-content\/uploads\/2019\/02\/frei-leandro-16-300x300.jpg 300w, https:\/\/franciscanos.org.br\/noticias\/wp-content\/uploads\/2019\/02\/frei-leandro-16-400x400.jpg 400w\" sizes=\"(max-width: 300px) 100vw, 300px\" \/><\/a>\n\t\t\t<\/dt><\/dl><dl class='gallery-item'>\n\t\t\t<dt class='gallery-icon landscape'>\n\t\t\t\t<a href='https:\/\/franciscanos.org.br\/noticias\/wp-content\/uploads\/2019\/02\/frei-leandro-17.jpg'><img width=\"300\" height=\"300\" src=\"https:\/\/franciscanos.org.br\/noticias\/wp-content\/uploads\/2019\/02\/frei-leandro-17-300x300.jpg\" class=\"attachment-thumbnail size-thumbnail\" alt=\"\" loading=\"lazy\" srcset=\"https:\/\/franciscanos.org.br\/noticias\/wp-content\/uploads\/2019\/02\/frei-leandro-17-300x300.jpg 300w, https:\/\/franciscanos.org.br\/noticias\/wp-content\/uploads\/2019\/02\/frei-leandro-17-400x400.jpg 400w\" sizes=\"(max-width: 300px) 100vw, 300px\" \/><\/a>\n\t\t\t<\/dt><\/dl><br style=\"clear: both\" \/><dl class='gallery-item'>\n\t\t\t<dt class='gallery-icon landscape'>\n\t\t\t\t<a href='https:\/\/franciscanos.org.br\/noticias\/wp-content\/uploads\/2019\/02\/frei-leandro-18.jpg'><img width=\"300\" height=\"300\" src=\"https:\/\/franciscanos.org.br\/noticias\/wp-content\/uploads\/2019\/02\/frei-leandro-18-300x300.jpg\" class=\"attachment-thumbnail size-thumbnail\" alt=\"\" loading=\"lazy\" srcset=\"https:\/\/franciscanos.org.br\/noticias\/wp-content\/uploads\/2019\/02\/frei-leandro-18-300x300.jpg 300w, https:\/\/franciscanos.org.br\/noticias\/wp-content\/uploads\/2019\/02\/frei-leandro-18-400x400.jpg 400w\" sizes=\"(max-width: 300px) 100vw, 300px\" \/><\/a>\n\t\t\t<\/dt><\/dl><dl class='gallery-item'>\n\t\t\t<dt class='gallery-icon landscape'>\n\t\t\t\t<a href='https:\/\/franciscanos.org.br\/noticias\/wp-content\/uploads\/2019\/02\/frei-leandro-19.jpg'><img width=\"300\" height=\"300\" src=\"https:\/\/franciscanos.org.br\/noticias\/wp-content\/uploads\/2019\/02\/frei-leandro-19-300x300.jpg\" class=\"attachment-thumbnail size-thumbnail\" alt=\"\" loading=\"lazy\" srcset=\"https:\/\/franciscanos.org.br\/noticias\/wp-content\/uploads\/2019\/02\/frei-leandro-19-300x300.jpg 300w, https:\/\/franciscanos.org.br\/noticias\/wp-content\/uploads\/2019\/02\/frei-leandro-19-400x400.jpg 400w\" sizes=\"(max-width: 300px) 100vw, 300px\" \/><\/a>\n\t\t\t<\/dt><\/dl><dl class='gallery-item'>\n\t\t\t<dt class='gallery-icon landscape'>\n\t\t\t\t<a href='https:\/\/franciscanos.org.br\/noticias\/wp-content\/uploads\/2019\/02\/frei-leandro-20.jpg'><img width=\"300\" height=\"300\" src=\"https:\/\/franciscanos.org.br\/noticias\/wp-content\/uploads\/2019\/02\/frei-leandro-20-300x300.jpg\" class=\"attachment-thumbnail size-thumbnail\" alt=\"\" loading=\"lazy\" srcset=\"https:\/\/franciscanos.org.br\/noticias\/wp-content\/uploads\/2019\/02\/frei-leandro-20-300x300.jpg 300w, https:\/\/franciscanos.org.br\/noticias\/wp-content\/uploads\/2019\/02\/frei-leandro-20-400x400.jpg 400w\" sizes=\"(max-width: 300px) 100vw, 300px\" \/><\/a>\n\t\t\t<\/dt><\/dl><dl class='gallery-item'>\n\t\t\t<dt class='gallery-icon landscape'>\n\t\t\t\t<a href='https:\/\/franciscanos.org.br\/noticias\/wp-content\/uploads\/2019\/02\/frei-leandro-21.jpg'><img width=\"300\" height=\"300\" src=\"https:\/\/franciscanos.org.br\/noticias\/wp-content\/uploads\/2019\/02\/frei-leandro-21-300x300.jpg\" class=\"attachment-thumbnail size-thumbnail\" alt=\"\" loading=\"lazy\" srcset=\"https:\/\/franciscanos.org.br\/noticias\/wp-content\/uploads\/2019\/02\/frei-leandro-21-300x300.jpg 300w, https:\/\/franciscanos.org.br\/noticias\/wp-content\/uploads\/2019\/02\/frei-leandro-21-400x400.jpg 400w\" sizes=\"(max-width: 300px) 100vw, 300px\" \/><\/a>\n\t\t\t<\/dt><\/dl><br style=\"clear: both\" \/><dl class='gallery-item'>\n\t\t\t<dt class='gallery-icon landscape'>\n\t\t\t\t<a href='https:\/\/franciscanos.org.br\/noticias\/wp-content\/uploads\/2019\/02\/frei-leandro-22.jpg'><img width=\"300\" height=\"300\" src=\"https:\/\/franciscanos.org.br\/noticias\/wp-content\/uploads\/2019\/02\/frei-leandro-22-300x300.jpg\" class=\"attachment-thumbnail size-thumbnail\" alt=\"\" loading=\"lazy\" srcset=\"https:\/\/franciscanos.org.br\/noticias\/wp-content\/uploads\/2019\/02\/frei-leandro-22-300x300.jpg 300w, https:\/\/franciscanos.org.br\/noticias\/wp-content\/uploads\/2019\/02\/frei-leandro-22-400x400.jpg 400w\" sizes=\"(max-width: 300px) 100vw, 300px\" \/><\/a>\n\t\t\t<\/dt><\/dl><dl class='gallery-item'>\n\t\t\t<dt class='gallery-icon landscape'>\n\t\t\t\t<a href='https:\/\/franciscanos.org.br\/noticias\/wp-content\/uploads\/2019\/02\/frei-leandro-24.jpg'><img width=\"300\" height=\"300\" src=\"https:\/\/franciscanos.org.br\/noticias\/wp-content\/uploads\/2019\/02\/frei-leandro-24-300x300.jpg\" class=\"attachment-thumbnail size-thumbnail\" alt=\"\" loading=\"lazy\" srcset=\"https:\/\/franciscanos.org.br\/noticias\/wp-content\/uploads\/2019\/02\/frei-leandro-24-300x300.jpg 300w, https:\/\/franciscanos.org.br\/noticias\/wp-content\/uploads\/2019\/02\/frei-leandro-24-400x400.jpg 400w\" sizes=\"(max-width: 300px) 100vw, 300px\" \/><\/a>\n\t\t\t<\/dt><\/dl><dl class='gallery-item'>\n\t\t\t<dt class='gallery-icon landscape'>\n\t\t\t\t<a href='https:\/\/franciscanos.org.br\/noticias\/wp-content\/uploads\/2019\/02\/frei-leandro-26.jpg'><img width=\"300\" height=\"300\" src=\"https:\/\/franciscanos.org.br\/noticias\/wp-content\/uploads\/2019\/02\/frei-leandro-26-300x300.jpg\" class=\"attachment-thumbnail size-thumbnail\" alt=\"\" loading=\"lazy\" srcset=\"https:\/\/franciscanos.org.br\/noticias\/wp-content\/uploads\/2019\/02\/frei-leandro-26-300x300.jpg 300w, https:\/\/franciscanos.org.br\/noticias\/wp-content\/uploads\/2019\/02\/frei-leandro-26-400x400.jpg 400w\" sizes=\"(max-width: 300px) 100vw, 300px\" \/><\/a>\n\t\t\t<\/dt><\/dl><dl class='gallery-item'>\n\t\t\t<dt class='gallery-icon landscape'>\n\t\t\t\t<a href='https:\/\/franciscanos.org.br\/noticias\/wp-content\/uploads\/2019\/02\/frei-leandro-27.jpg'><img width=\"300\" height=\"300\" src=\"https:\/\/franciscanos.org.br\/noticias\/wp-content\/uploads\/2019\/02\/frei-leandro-27-300x300.jpg\" class=\"attachment-thumbnail size-thumbnail\" alt=\"\" loading=\"lazy\" srcset=\"https:\/\/franciscanos.org.br\/noticias\/wp-content\/uploads\/2019\/02\/frei-leandro-27-300x300.jpg 300w, https:\/\/franciscanos.org.br\/noticias\/wp-content\/uploads\/2019\/02\/frei-leandro-27-400x400.jpg 400w\" sizes=\"(max-width: 300px) 100vw, 300px\" \/><\/a>\n\t\t\t<\/dt><\/dl><br style=\"clear: both\" \/><dl class='gallery-item'>\n\t\t\t<dt class='gallery-icon landscape'>\n\t\t\t\t<a href='https:\/\/franciscanos.org.br\/noticias\/wp-content\/uploads\/2019\/02\/frei-leandro-28.jpg'><img width=\"300\" height=\"300\" src=\"https:\/\/franciscanos.org.br\/noticias\/wp-content\/uploads\/2019\/02\/frei-leandro-28-300x300.jpg\" class=\"attachment-thumbnail size-thumbnail\" alt=\"\" loading=\"lazy\" srcset=\"https:\/\/franciscanos.org.br\/noticias\/wp-content\/uploads\/2019\/02\/frei-leandro-28-300x300.jpg 300w, https:\/\/franciscanos.org.br\/noticias\/wp-content\/uploads\/2019\/02\/frei-leandro-28-400x400.jpg 400w\" sizes=\"(max-width: 300px) 100vw, 300px\" \/><\/a>\n\t\t\t<\/dt><\/dl><dl class='gallery-item'>\n\t\t\t<dt class='gallery-icon landscape'>\n\t\t\t\t<a href='https:\/\/franciscanos.org.br\/noticias\/wp-content\/uploads\/2019\/02\/frei-leandro-29.jpg'><img width=\"300\" height=\"300\" src=\"https:\/\/franciscanos.org.br\/noticias\/wp-content\/uploads\/2019\/02\/frei-leandro-29-300x300.jpg\" class=\"attachment-thumbnail size-thumbnail\" alt=\"\" loading=\"lazy\" srcset=\"https:\/\/franciscanos.org.br\/noticias\/wp-content\/uploads\/2019\/02\/frei-leandro-29-300x300.jpg 300w, https:\/\/franciscanos.org.br\/noticias\/wp-content\/uploads\/2019\/02\/frei-leandro-29-400x400.jpg 400w\" sizes=\"(max-width: 300px) 100vw, 300px\" \/><\/a>\n\t\t\t<\/dt><\/dl><dl class='gallery-item'>\n\t\t\t<dt class='gallery-icon landscape'>\n\t\t\t\t<a href='https:\/\/franciscanos.org.br\/noticias\/wp-content\/uploads\/2019\/02\/frei-leandro-30.jpg'><img width=\"300\" height=\"300\" src=\"https:\/\/franciscanos.org.br\/noticias\/wp-content\/uploads\/2019\/02\/frei-leandro-30-300x300.jpg\" class=\"attachment-thumbnail size-thumbnail\" alt=\"\" loading=\"lazy\" srcset=\"https:\/\/franciscanos.org.br\/noticias\/wp-content\/uploads\/2019\/02\/frei-leandro-30-300x300.jpg 300w, https:\/\/franciscanos.org.br\/noticias\/wp-content\/uploads\/2019\/02\/frei-leandro-30-400x400.jpg 400w\" sizes=\"(max-width: 300px) 100vw, 300px\" \/><\/a>\n\t\t\t<\/dt><\/dl><dl class='gallery-item'>\n\t\t\t<dt class='gallery-icon landscape'>\n\t\t\t\t<a href='https:\/\/franciscanos.org.br\/noticias\/wp-content\/uploads\/2019\/02\/frei-leandro-31.jpg'><img width=\"300\" height=\"300\" src=\"https:\/\/franciscanos.org.br\/noticias\/wp-content\/uploads\/2019\/02\/frei-leandro-31-300x300.jpg\" class=\"attachment-thumbnail size-thumbnail\" alt=\"\" loading=\"lazy\" srcset=\"https:\/\/franciscanos.org.br\/noticias\/wp-content\/uploads\/2019\/02\/frei-leandro-31-300x300.jpg 300w, https:\/\/franciscanos.org.br\/noticias\/wp-content\/uploads\/2019\/02\/frei-leandro-31-400x400.jpg 400w\" sizes=\"(max-width: 300px) 100vw, 300px\" \/><\/a>\n\t\t\t<\/dt><\/dl><br style=\"clear: both\" \/><dl class='gallery-item'>\n\t\t\t<dt class='gallery-icon landscape'>\n\t\t\t\t<a href='https:\/\/franciscanos.org.br\/noticias\/wp-content\/uploads\/2019\/02\/frei-leandro-32.jpg'><img width=\"300\" height=\"300\" src=\"https:\/\/franciscanos.org.br\/noticias\/wp-content\/uploads\/2019\/02\/frei-leandro-32-300x300.jpg\" class=\"attachment-thumbnail size-thumbnail\" alt=\"\" loading=\"lazy\" srcset=\"https:\/\/franciscanos.org.br\/noticias\/wp-content\/uploads\/2019\/02\/frei-leandro-32-300x300.jpg 300w, https:\/\/franciscanos.org.br\/noticias\/wp-content\/uploads\/2019\/02\/frei-leandro-32-400x400.jpg 400w\" sizes=\"(max-width: 300px) 100vw, 300px\" \/><\/a>\n\t\t\t<\/dt><\/dl><dl class='gallery-item'>\n\t\t\t<dt class='gallery-icon landscape'>\n\t\t\t\t<a href='https:\/\/franciscanos.org.br\/noticias\/wp-content\/uploads\/2019\/02\/frei-leandro-33.jpg'><img width=\"300\" height=\"300\" src=\"https:\/\/franciscanos.org.br\/noticias\/wp-content\/uploads\/2019\/02\/frei-leandro-33-300x300.jpg\" class=\"attachment-thumbnail size-thumbnail\" alt=\"\" loading=\"lazy\" srcset=\"https:\/\/franciscanos.org.br\/noticias\/wp-content\/uploads\/2019\/02\/frei-leandro-33-300x300.jpg 300w, https:\/\/franciscanos.org.br\/noticias\/wp-content\/uploads\/2019\/02\/frei-leandro-33-400x400.jpg 400w\" sizes=\"(max-width: 300px) 100vw, 300px\" \/><\/a>\n\t\t\t<\/dt><\/dl><dl class='gallery-item'>\n\t\t\t<dt class='gallery-icon landscape'>\n\t\t\t\t<a href='https:\/\/franciscanos.org.br\/noticias\/wp-content\/uploads\/2019\/02\/frei-leandro-34.jpg'><img width=\"300\" height=\"300\" src=\"https:\/\/franciscanos.org.br\/noticias\/wp-content\/uploads\/2019\/02\/frei-leandro-34-300x300.jpg\" class=\"attachment-thumbnail size-thumbnail\" alt=\"\" loading=\"lazy\" srcset=\"https:\/\/franciscanos.org.br\/noticias\/wp-content\/uploads\/2019\/02\/frei-leandro-34-300x300.jpg 300w, https:\/\/franciscanos.org.br\/noticias\/wp-content\/uploads\/2019\/02\/frei-leandro-34-400x400.jpg 400w\" sizes=\"(max-width: 300px) 100vw, 300px\" \/><\/a>\n\t\t\t<\/dt><\/dl><dl class='gallery-item'>\n\t\t\t<dt class='gallery-icon landscape'>\n\t\t\t\t<a href='https:\/\/franciscanos.org.br\/noticias\/wp-content\/uploads\/2019\/02\/frei-leandro-35.jpg'><img width=\"300\" height=\"300\" src=\"https:\/\/franciscanos.org.br\/noticias\/wp-content\/uploads\/2019\/02\/frei-leandro-35-300x300.jpg\" class=\"attachment-thumbnail size-thumbnail\" alt=\"\" loading=\"lazy\" srcset=\"https:\/\/franciscanos.org.br\/noticias\/wp-content\/uploads\/2019\/02\/frei-leandro-35-300x300.jpg 300w, https:\/\/franciscanos.org.br\/noticias\/wp-content\/uploads\/2019\/02\/frei-leandro-35-400x400.jpg 400w\" sizes=\"(max-width: 300px) 100vw, 300px\" \/><\/a>\n\t\t\t<\/dt><\/dl><br style=\"clear: both\" \/><dl class='gallery-item'>\n\t\t\t<dt class='gallery-icon landscape'>\n\t\t\t\t<a href='https:\/\/franciscanos.org.br\/noticias\/wp-content\/uploads\/2019\/02\/frei-leandro-36.jpg'><img width=\"300\" height=\"300\" src=\"https:\/\/franciscanos.org.br\/noticias\/wp-content\/uploads\/2019\/02\/frei-leandro-36-300x300.jpg\" class=\"attachment-thumbnail size-thumbnail\" alt=\"\" loading=\"lazy\" srcset=\"https:\/\/franciscanos.org.br\/noticias\/wp-content\/uploads\/2019\/02\/frei-leandro-36-300x300.jpg 300w, https:\/\/franciscanos.org.br\/noticias\/wp-content\/uploads\/2019\/02\/frei-leandro-36-400x400.jpg 400w\" sizes=\"(max-width: 300px) 100vw, 300px\" \/><\/a>\n\t\t\t<\/dt><\/dl><dl class='gallery-item'>\n\t\t\t<dt class='gallery-icon landscape'>\n\t\t\t\t<a href='https:\/\/franciscanos.org.br\/noticias\/wp-content\/uploads\/2019\/02\/frei-leandro-37.jpg'><img width=\"300\" height=\"300\" src=\"https:\/\/franciscanos.org.br\/noticias\/wp-content\/uploads\/2019\/02\/frei-leandro-37-300x300.jpg\" class=\"attachment-thumbnail size-thumbnail\" alt=\"\" loading=\"lazy\" srcset=\"https:\/\/franciscanos.org.br\/noticias\/wp-content\/uploads\/2019\/02\/frei-leandro-37-300x300.jpg 300w, https:\/\/franciscanos.org.br\/noticias\/wp-content\/uploads\/2019\/02\/frei-leandro-37-400x400.jpg 400w\" sizes=\"(max-width: 300px) 100vw, 300px\" \/><\/a>\n\t\t\t<\/dt><\/dl><dl class='gallery-item'>\n\t\t\t<dt class='gallery-icon landscape'>\n\t\t\t\t<a href='https:\/\/franciscanos.org.br\/noticias\/wp-content\/uploads\/2019\/02\/frei-leandro-38.jpg'><img width=\"300\" height=\"300\" src=\"https:\/\/franciscanos.org.br\/noticias\/wp-content\/uploads\/2019\/02\/frei-leandro-38-300x300.jpg\" class=\"attachment-thumbnail size-thumbnail\" alt=\"\" loading=\"lazy\" srcset=\"https:\/\/franciscanos.org.br\/noticias\/wp-content\/uploads\/2019\/02\/frei-leandro-38-300x300.jpg 300w, https:\/\/franciscanos.org.br\/noticias\/wp-content\/uploads\/2019\/02\/frei-leandro-38-400x400.jpg 400w\" sizes=\"(max-width: 300px) 100vw, 300px\" \/><\/a>\n\t\t\t<\/dt><\/dl><dl class='gallery-item'>\n\t\t\t<dt class='gallery-icon landscape'>\n\t\t\t\t<a href='https:\/\/franciscanos.org.br\/noticias\/wp-content\/uploads\/2019\/02\/frei-leandro-39.jpg'><img width=\"300\" height=\"300\" src=\"https:\/\/franciscanos.org.br\/noticias\/wp-content\/uploads\/2019\/02\/frei-leandro-39-300x300.jpg\" class=\"attachment-thumbnail size-thumbnail\" alt=\"\" loading=\"lazy\" srcset=\"https:\/\/franciscanos.org.br\/noticias\/wp-content\/uploads\/2019\/02\/frei-leandro-39-300x300.jpg 300w, https:\/\/franciscanos.org.br\/noticias\/wp-content\/uploads\/2019\/02\/frei-leandro-39-400x400.jpg 400w\" sizes=\"(max-width: 300px) 100vw, 300px\" \/><\/a>\n\t\t\t<\/dt><\/dl><br style=\"clear: both\" \/><dl class='gallery-item'>\n\t\t\t<dt class='gallery-icon landscape'>\n\t\t\t\t<a href='https:\/\/franciscanos.org.br\/noticias\/wp-content\/uploads\/2019\/02\/frei-leandro-41.jpg'><img width=\"300\" height=\"300\" src=\"https:\/\/franciscanos.org.br\/noticias\/wp-content\/uploads\/2019\/02\/frei-leandro-41-300x300.jpg\" class=\"attachment-thumbnail size-thumbnail\" alt=\"\" loading=\"lazy\" srcset=\"https:\/\/franciscanos.org.br\/noticias\/wp-content\/uploads\/2019\/02\/frei-leandro-41-300x300.jpg 300w, https:\/\/franciscanos.org.br\/noticias\/wp-content\/uploads\/2019\/02\/frei-leandro-41-400x400.jpg 400w\" sizes=\"(max-width: 300px) 100vw, 300px\" \/><\/a>\n\t\t\t<\/dt><\/dl><dl class='gallery-item'>\n\t\t\t<dt class='gallery-icon landscape'>\n\t\t\t\t<a href='https:\/\/franciscanos.org.br\/noticias\/wp-content\/uploads\/2019\/02\/frei-leandro-42.jpg'><img width=\"300\" height=\"300\" src=\"https:\/\/franciscanos.org.br\/noticias\/wp-content\/uploads\/2019\/02\/frei-leandro-42-300x300.jpg\" class=\"attachment-thumbnail size-thumbnail\" alt=\"\" loading=\"lazy\" srcset=\"https:\/\/franciscanos.org.br\/noticias\/wp-content\/uploads\/2019\/02\/frei-leandro-42-300x300.jpg 300w, https:\/\/franciscanos.org.br\/noticias\/wp-content\/uploads\/2019\/02\/frei-leandro-42-400x400.jpg 400w\" sizes=\"(max-width: 300px) 100vw, 300px\" \/><\/a>\n\t\t\t<\/dt><\/dl><dl class='gallery-item'>\n\t\t\t<dt class='gallery-icon landscape'>\n\t\t\t\t<a href='https:\/\/franciscanos.org.br\/noticias\/wp-content\/uploads\/2019\/02\/frei-leandro-43.jpg'><img width=\"300\" height=\"300\" src=\"https:\/\/franciscanos.org.br\/noticias\/wp-content\/uploads\/2019\/02\/frei-leandro-43-300x300.jpg\" class=\"attachment-thumbnail size-thumbnail\" alt=\"\" loading=\"lazy\" srcset=\"https:\/\/franciscanos.org.br\/noticias\/wp-content\/uploads\/2019\/02\/frei-leandro-43-300x300.jpg 300w, https:\/\/franciscanos.org.br\/noticias\/wp-content\/uploads\/2019\/02\/frei-leandro-43-400x400.jpg 400w\" sizes=\"(max-width: 300px) 100vw, 300px\" \/><\/a>\n\t\t\t<\/dt><\/dl><dl class='gallery-item'>\n\t\t\t<dt class='gallery-icon landscape'>\n\t\t\t\t<a href='https:\/\/franciscanos.org.br\/noticias\/wp-content\/uploads\/2019\/02\/frei-leandro-44.jpg'><img width=\"300\" height=\"300\" src=\"https:\/\/franciscanos.org.br\/noticias\/wp-content\/uploads\/2019\/02\/frei-leandro-44-300x300.jpg\" class=\"attachment-thumbnail size-thumbnail\" alt=\"\" loading=\"lazy\" srcset=\"https:\/\/franciscanos.org.br\/noticias\/wp-content\/uploads\/2019\/02\/frei-leandro-44-300x300.jpg 300w, https:\/\/franciscanos.org.br\/noticias\/wp-content\/uploads\/2019\/02\/frei-leandro-44-400x400.jpg 400w\" sizes=\"(max-width: 300px) 100vw, 300px\" \/><\/a>\n\t\t\t<\/dt><\/dl><br style=\"clear: both\" \/><dl class='gallery-item'>\n\t\t\t<dt class='gallery-icon landscape'>\n\t\t\t\t<a href='https:\/\/franciscanos.org.br\/noticias\/wp-content\/uploads\/2019\/02\/frei-leandro-45.jpg'><img width=\"300\" height=\"300\" src=\"https:\/\/franciscanos.org.br\/noticias\/wp-content\/uploads\/2019\/02\/frei-leandro-45-300x300.jpg\" class=\"attachment-thumbnail size-thumbnail\" alt=\"\" loading=\"lazy\" srcset=\"https:\/\/franciscanos.org.br\/noticias\/wp-content\/uploads\/2019\/02\/frei-leandro-45-300x300.jpg 300w, https:\/\/franciscanos.org.br\/noticias\/wp-content\/uploads\/2019\/02\/frei-leandro-45-400x400.jpg 400w\" sizes=\"(max-width: 300px) 100vw, 300px\" \/><\/a>\n\t\t\t<\/dt><\/dl><dl class='gallery-item'>\n\t\t\t<dt class='gallery-icon landscape'>\n\t\t\t\t<a href='https:\/\/franciscanos.org.br\/noticias\/wp-content\/uploads\/2019\/02\/frei-leandro-46.jpg'><img width=\"300\" height=\"300\" src=\"https:\/\/franciscanos.org.br\/noticias\/wp-content\/uploads\/2019\/02\/frei-leandro-46-300x300.jpg\" class=\"attachment-thumbnail size-thumbnail\" alt=\"\" loading=\"lazy\" srcset=\"https:\/\/franciscanos.org.br\/noticias\/wp-content\/uploads\/2019\/02\/frei-leandro-46-300x300.jpg 300w, https:\/\/franciscanos.org.br\/noticias\/wp-content\/uploads\/2019\/02\/frei-leandro-46-400x400.jpg 400w\" sizes=\"(max-width: 300px) 100vw, 300px\" \/><\/a>\n\t\t\t<\/dt><\/dl><dl class='gallery-item'>\n\t\t\t<dt class='gallery-icon landscape'>\n\t\t\t\t<a href='https:\/\/franciscanos.org.br\/noticias\/wp-content\/uploads\/2019\/02\/frei-leandro-47.jpg'><img width=\"300\" height=\"300\" src=\"https:\/\/franciscanos.org.br\/noticias\/wp-content\/uploads\/2019\/02\/frei-leandro-47-300x300.jpg\" class=\"attachment-thumbnail size-thumbnail\" alt=\"\" loading=\"lazy\" srcset=\"https:\/\/franciscanos.org.br\/noticias\/wp-content\/uploads\/2019\/02\/frei-leandro-47-300x300.jpg 300w, https:\/\/franciscanos.org.br\/noticias\/wp-content\/uploads\/2019\/02\/frei-leandro-47-400x400.jpg 400w\" sizes=\"(max-width: 300px) 100vw, 300px\" \/><\/a>\n\t\t\t<\/dt><\/dl><dl class='gallery-item'>\n\t\t\t<dt class='gallery-icon landscape'>\n\t\t\t\t<a href='https:\/\/franciscanos.org.br\/noticias\/wp-content\/uploads\/2019\/02\/frei-leandro-48.jpg'><img width=\"300\" height=\"300\" src=\"https:\/\/franciscanos.org.br\/noticias\/wp-content\/uploads\/2019\/02\/frei-leandro-48-300x300.jpg\" class=\"attachment-thumbnail size-thumbnail\" alt=\"\" loading=\"lazy\" srcset=\"https:\/\/franciscanos.org.br\/noticias\/wp-content\/uploads\/2019\/02\/frei-leandro-48-300x300.jpg 300w, https:\/\/franciscanos.org.br\/noticias\/wp-content\/uploads\/2019\/02\/frei-leandro-48-400x400.jpg 400w\" sizes=\"(max-width: 300px) 100vw, 300px\" \/><\/a>\n\t\t\t<\/dt><\/dl><br style=\"clear: both\" \/>\n\t\t<\/div>\n\n","protected":false},"excerpt":{"rendered":"<p>Frei Leandro Costa<\/p>\n","protected":false},"author":1,"featured_media":200218,"comment_status":"open","ping_status":"open","sticky":false,"template":"","format":"standard","meta":[],"categories":[1],"tags":[1196,1130],"acf":[],"yoast_head":"<!-- This site is optimized with the Yoast SEO plugin v19.2 - https:\/\/yoast.com\/wordpress\/plugins\/seo\/ -->\n<title>Tr\u00eas conselhos de Frei Clar\u00eancio ao neopresb\u00edtero Frei Leandro - Not\u00edcias - Franciscanos<\/title>\n<meta name=\"robots\" content=\"index, follow, max-snippet:-1, max-image-preview:large, max-video-preview:-1\" \/>\n<link rel=\"canonical\" href=\"https:\/\/franciscanos.org.br\/noticias\/tres-conselhos-de-frei-clarencio-ao-neopresbitero-frei-leandro.html\" \/>\n<meta property=\"og:locale\" content=\"pt_BR\" \/>\n<meta property=\"og:type\" content=\"article\" \/>\n<meta property=\"og:title\" content=\"Tr\u00eas conselhos de Frei Clar\u00eancio ao neopresb\u00edtero Frei Leandro - Not\u00edcias - Franciscanos\" \/>\n<meta property=\"og:description\" content=\"Frei Leandro Costa\" \/>\n<meta property=\"og:url\" content=\"https:\/\/franciscanos.org.br\/noticias\/tres-conselhos-de-frei-clarencio-ao-neopresbitero-frei-leandro.html\" \/>\n<meta property=\"og:site_name\" content=\"Not\u00edcias - Franciscanos\" \/>\n<meta property=\"article:published_time\" content=\"2019-02-10T23:00:00+00:00\" \/>\n<meta property=\"article:modified_time\" content=\"2019-04-16T10:11:19+00:00\" \/>\n<meta property=\"og:image\" content=\"https:\/\/franciscanos.org.br\/noticias\/wp-content\/uploads\/2019\/02\/leandrop_100219.jpg\" \/>\n\t<meta property=\"og:image:width\" content=\"273\" \/>\n\t<meta property=\"og:image:height\" content=\"181\" \/>\n\t<meta property=\"og:image:type\" content=\"image\/jpeg\" \/>\n<meta name=\"author\" content=\"admin\" \/>\n<meta name=\"twitter:card\" content=\"summary_large_image\" \/>\n<meta name=\"twitter:label1\" content=\"Escrito por\" \/>\n\t<meta name=\"twitter:data1\" content=\"admin\" \/>\n\t<meta name=\"twitter:label2\" content=\"Est. tempo de leitura\" \/>\n\t<meta name=\"twitter:data2\" content=\"12 minutos\" \/>\n<script type=\"application\/ld+json\" class=\"yoast-schema-graph\">{\"@context\":\"https:\/\/schema.org\",\"@graph\":[{\"@type\":\"WebSite\",\"@id\":\"https:\/\/franciscanos.org.br\/noticias\/#website\",\"url\":\"https:\/\/franciscanos.org.br\/noticias\/\",\"name\":\"Not\u00edcias - Franciscanos\",\"description\":\"Prov\u00edncia Franciscana da Imaculada Concei\u00e7\u00e3o do Brasil - Ordem dos Frades Menores - OFM\",\"potentialAction\":[{\"@type\":\"SearchAction\",\"target\":{\"@type\":\"EntryPoint\",\"urlTemplate\":\"https:\/\/franciscanos.org.br\/noticias\/?s={search_term_string}\"},\"query-input\":\"required name=search_term_string\"}],\"inLanguage\":\"pt-BR\"},{\"@type\":\"ImageObject\",\"inLanguage\":\"pt-BR\",\"@id\":\"https:\/\/franciscanos.org.br\/noticias\/tres-conselhos-de-frei-clarencio-ao-neopresbitero-frei-leandro.html#primaryimage\",\"url\":\"https:\/\/franciscanos.org.br\/noticias\/wp-content\/uploads\/2019\/02\/leandrop_100219.jpg\",\"contentUrl\":\"https:\/\/franciscanos.org.br\/noticias\/wp-content\/uploads\/2019\/02\/leandrop_100219.jpg\",\"width\":273,\"height\":181},{\"@type\":\"WebPage\",\"@id\":\"https:\/\/franciscanos.org.br\/noticias\/tres-conselhos-de-frei-clarencio-ao-neopresbitero-frei-leandro.html#webpage\",\"url\":\"https:\/\/franciscanos.org.br\/noticias\/tres-conselhos-de-frei-clarencio-ao-neopresbitero-frei-leandro.html\",\"name\":\"Tr\u00eas conselhos de Frei Clar\u00eancio ao neopresb\u00edtero Frei Leandro - Not\u00edcias - Franciscanos\",\"isPartOf\":{\"@id\":\"https:\/\/franciscanos.org.br\/noticias\/#website\"},\"primaryImageOfPage\":{\"@id\":\"https:\/\/franciscanos.org.br\/noticias\/tres-conselhos-de-frei-clarencio-ao-neopresbitero-frei-leandro.html#primaryimage\"},\"datePublished\":\"2019-02-10T23:00:00+00:00\",\"dateModified\":\"2019-04-16T10:11:19+00:00\",\"author\":{\"@id\":\"https:\/\/franciscanos.org.br\/noticias\/#\/schema\/person\/b38fbf43118f02820bd932f2e4b14ad3\"},\"breadcrumb\":{\"@id\":\"https:\/\/franciscanos.org.br\/noticias\/tres-conselhos-de-frei-clarencio-ao-neopresbitero-frei-leandro.html#breadcrumb\"},\"inLanguage\":\"pt-BR\",\"potentialAction\":[{\"@type\":\"ReadAction\",\"target\":[\"https:\/\/franciscanos.org.br\/noticias\/tres-conselhos-de-frei-clarencio-ao-neopresbitero-frei-leandro.html\"]}]},{\"@type\":\"BreadcrumbList\",\"@id\":\"https:\/\/franciscanos.org.br\/noticias\/tres-conselhos-de-frei-clarencio-ao-neopresbitero-frei-leandro.html#breadcrumb\",\"itemListElement\":[{\"@type\":\"ListItem\",\"position\":1,\"name\":\"Home\",\"item\":\"https:\/\/franciscanos.org.br\/noticias\"},{\"@type\":\"ListItem\",\"position\":2,\"name\":\"Tr\u00eas conselhos de Frei Clar\u00eancio ao neopresb\u00edtero Frei Leandro\"}]},{\"@type\":\"Person\",\"@id\":\"https:\/\/franciscanos.org.br\/noticias\/#\/schema\/person\/b38fbf43118f02820bd932f2e4b14ad3\",\"name\":\"admin\",\"image\":{\"@type\":\"ImageObject\",\"inLanguage\":\"pt-BR\",\"@id\":\"https:\/\/franciscanos.org.br\/noticias\/#\/schema\/person\/image\/\",\"url\":\"https:\/\/secure.gravatar.com\/avatar\/e8495742d34d0ba6448ea1c628263b3e?s=96&d=mm&r=g\",\"contentUrl\":\"https:\/\/secure.gravatar.com\/avatar\/e8495742d34d0ba6448ea1c628263b3e?s=96&d=mm&r=g\",\"caption\":\"admin\"},\"url\":\"https:\/\/franciscanos.org.br\/noticias\/author\/admin\"}]}<\/script>\n<!-- \/ Yoast SEO plugin. -->","yoast_head_json":{"title":"Tr\u00eas conselhos de Frei Clar\u00eancio ao neopresb\u00edtero Frei Leandro - Not\u00edcias - Franciscanos","robots":{"index":"index","follow":"follow","max-snippet":"max-snippet:-1","max-image-preview":"max-image-preview:large","max-video-preview":"max-video-preview:-1"},"canonical":"https:\/\/franciscanos.org.br\/noticias\/tres-conselhos-de-frei-clarencio-ao-neopresbitero-frei-leandro.html","og_locale":"pt_BR","og_type":"article","og_title":"Tr\u00eas conselhos de Frei Clar\u00eancio ao neopresb\u00edtero Frei Leandro - Not\u00edcias - Franciscanos","og_description":"Frei Leandro Costa","og_url":"https:\/\/franciscanos.org.br\/noticias\/tres-conselhos-de-frei-clarencio-ao-neopresbitero-frei-leandro.html","og_site_name":"Not\u00edcias - Franciscanos","article_published_time":"2019-02-10T23:00:00+00:00","article_modified_time":"2019-04-16T10:11:19+00:00","og_image":[{"width":273,"height":181,"url":"https:\/\/franciscanos.org.br\/noticias\/wp-content\/uploads\/2019\/02\/leandrop_100219.jpg","type":"image\/jpeg"}],"author":"admin","twitter_card":"summary_large_image","twitter_misc":{"Escrito por":"admin","Est. tempo de leitura":"12 minutos"},"schema":{"@context":"https:\/\/schema.org","@graph":[{"@type":"WebSite","@id":"https:\/\/franciscanos.org.br\/noticias\/#website","url":"https:\/\/franciscanos.org.br\/noticias\/","name":"Not\u00edcias - Franciscanos","description":"Prov\u00edncia Franciscana da Imaculada Concei\u00e7\u00e3o do Brasil - Ordem dos Frades Menores - OFM","potentialAction":[{"@type":"SearchAction","target":{"@type":"EntryPoint","urlTemplate":"https:\/\/franciscanos.org.br\/noticias\/?s={search_term_string}"},"query-input":"required name=search_term_string"}],"inLanguage":"pt-BR"},{"@type":"ImageObject","inLanguage":"pt-BR","@id":"https:\/\/franciscanos.org.br\/noticias\/tres-conselhos-de-frei-clarencio-ao-neopresbitero-frei-leandro.html#primaryimage","url":"https:\/\/franciscanos.org.br\/noticias\/wp-content\/uploads\/2019\/02\/leandrop_100219.jpg","contentUrl":"https:\/\/franciscanos.org.br\/noticias\/wp-content\/uploads\/2019\/02\/leandrop_100219.jpg","width":273,"height":181},{"@type":"WebPage","@id":"https:\/\/franciscanos.org.br\/noticias\/tres-conselhos-de-frei-clarencio-ao-neopresbitero-frei-leandro.html#webpage","url":"https:\/\/franciscanos.org.br\/noticias\/tres-conselhos-de-frei-clarencio-ao-neopresbitero-frei-leandro.html","name":"Tr\u00eas conselhos de Frei Clar\u00eancio ao neopresb\u00edtero Frei Leandro - Not\u00edcias - Franciscanos","isPartOf":{"@id":"https:\/\/franciscanos.org.br\/noticias\/#website"},"primaryImageOfPage":{"@id":"https:\/\/franciscanos.org.br\/noticias\/tres-conselhos-de-frei-clarencio-ao-neopresbitero-frei-leandro.html#primaryimage"},"datePublished":"2019-02-10T23:00:00+00:00","dateModified":"2019-04-16T10:11:19+00:00","author":{"@id":"https:\/\/franciscanos.org.br\/noticias\/#\/schema\/person\/b38fbf43118f02820bd932f2e4b14ad3"},"breadcrumb":{"@id":"https:\/\/franciscanos.org.br\/noticias\/tres-conselhos-de-frei-clarencio-ao-neopresbitero-frei-leandro.html#breadcrumb"},"inLanguage":"pt-BR","potentialAction":[{"@type":"ReadAction","target":["https:\/\/franciscanos.org.br\/noticias\/tres-conselhos-de-frei-clarencio-ao-neopresbitero-frei-leandro.html"]}]},{"@type":"BreadcrumbList","@id":"https:\/\/franciscanos.org.br\/noticias\/tres-conselhos-de-frei-clarencio-ao-neopresbitero-frei-leandro.html#breadcrumb","itemListElement":[{"@type":"ListItem","position":1,"name":"Home","item":"https:\/\/franciscanos.org.br\/noticias"},{"@type":"ListItem","position":2,"name":"Tr\u00eas conselhos de Frei Clar\u00eancio ao neopresb\u00edtero Frei Leandro"}]},{"@type":"Person","@id":"https:\/\/franciscanos.org.br\/noticias\/#\/schema\/person\/b38fbf43118f02820bd932f2e4b14ad3","name":"admin","image":{"@type":"ImageObject","inLanguage":"pt-BR","@id":"https:\/\/franciscanos.org.br\/noticias\/#\/schema\/person\/image\/","url":"https:\/\/secure.gravatar.com\/avatar\/e8495742d34d0ba6448ea1c628263b3e?s=96&d=mm&r=g","contentUrl":"https:\/\/secure.gravatar.com\/avatar\/e8495742d34d0ba6448ea1c628263b3e?s=96&d=mm&r=g","caption":"admin"},"url":"https:\/\/franciscanos.org.br\/noticias\/author\/admin"}]}},"_links":{"self":[{"href":"https:\/\/franciscanos.org.br\/noticias\/wp-json\/wp\/v2\/posts\/200146"}],"collection":[{"href":"https:\/\/franciscanos.org.br\/noticias\/wp-json\/wp\/v2\/posts"}],"about":[{"href":"https:\/\/franciscanos.org.br\/noticias\/wp-json\/wp\/v2\/types\/post"}],"author":[{"embeddable":true,"href":"https:\/\/franciscanos.org.br\/noticias\/wp-json\/wp\/v2\/users\/1"}],"replies":[{"embeddable":true,"href":"https:\/\/franciscanos.org.br\/noticias\/wp-json\/wp\/v2\/comments?post=200146"}],"version-history":[{"count":1,"href":"https:\/\/franciscanos.org.br\/noticias\/wp-json\/wp\/v2\/posts\/200146\/revisions"}],"predecessor-version":[{"id":231462,"href":"https:\/\/franciscanos.org.br\/noticias\/wp-json\/wp\/v2\/posts\/200146\/revisions\/231462"}],"wp:featuredmedia":[{"embeddable":true,"href":"https:\/\/franciscanos.org.br\/noticias\/wp-json\/wp\/v2\/media\/200218"}],"wp:attachment":[{"href":"https:\/\/franciscanos.org.br\/noticias\/wp-json\/wp\/v2\/media?parent=200146"}],"wp:term":[{"taxonomy":"category","embeddable":true,"href":"https:\/\/franciscanos.org.br\/noticias\/wp-json\/wp\/v2\/categories?post=200146"},{"taxonomy":"post_tag","embeddable":true,"href":"https:\/\/franciscanos.org.br\/noticias\/wp-json\/wp\/v2\/tags?post=200146"}],"curies":[{"name":"wp","href":"https:\/\/api.w.org\/{rel}","templated":true}]}}