{"id":199936,"date":"2019-02-08T10:15:07","date_gmt":"2019-02-08T12:15:07","guid":{"rendered":"https:\/\/franciscanos.org.br\/noticias\/?p=199936"},"modified":"2019-02-08T10:15:07","modified_gmt":"2019-02-08T12:15:07","slug":"missao-de-angola-recebe-27-postulantes-neste-sabado","status":"publish","type":"post","link":"https:\/\/franciscanos.org.br\/noticias\/missao-de-angola-recebe-27-postulantes-neste-sabado.html","title":{"rendered":"Miss\u00e3o de Angola recebe 27 postulantes neste s\u00e1bado"},"content":{"rendered":"<p><img loading=\"lazy\" class=\"alignnone size-full wp-image-199937\" src=\"https:\/\/franciscanos.org.br\/noticias\/wp-content\/uploads\/2019\/02\/postulantado_080219.jpg\" alt=\"\" width=\"890\" height=\"501\" srcset=\"https:\/\/franciscanos.org.br\/noticias\/wp-content\/uploads\/2019\/02\/postulantado_080219.jpg 890w, https:\/\/franciscanos.org.br\/noticias\/wp-content\/uploads\/2019\/02\/postulantado_080219-450x253.jpg 450w, https:\/\/franciscanos.org.br\/noticias\/wp-content\/uploads\/2019\/02\/postulantado_080219-768x432.jpg 768w, https:\/\/franciscanos.org.br\/noticias\/wp-content\/uploads\/2019\/02\/postulantado_080219-150x84.jpg 150w\" sizes=\"(max-width: 890px) 100vw, 890px\" \/><\/p>\n<p>A etapa do Postulantado come\u00e7a neste s\u00e1bado, 9 de fevereiro, na Funda\u00e7\u00e3o Imaculada M\u00e3e de Deus de Angola (FIMDA). Durante a Ora\u00e7\u00e3o da Manh\u00e3 (Laudes), 27 candidatos ser\u00e3o admitidos na capela da Fraternidade Franciscana da Porci\u00fancula, na Prov\u00edncia de Luanda, no munic\u00edpio de Viana, para fazerem esta experi\u00eancia durante um ano. &#8220;A casa est\u00e1 sendo reformada para receber os postulantes, mas tamb\u00e9m deve ser levado em conta que os 12 aspirantes com o Ensino M\u00e9dio completo neste ano fazem, aqui, a sua etapa de Aspirantado&#8221;, adianta Frei Laurindo Lauro, o Mestre dos postulantes.<\/p>\n<p>Ser\u00e3o admitidos pelo presidente da FIMDA, Frei Jos\u00e9 Ant\u00f4nio dos Santos, os seguintes candidatos \u00e0 etapa do Postulantado: Abel Ernesto Nen\u00e9, Alberto Joaquim Manuel Gamba, Bartolomeu Kapena Mois\u00e9s, Borracha Raimundo Eduardo, Dion\u00edsio Kapitango Uyombo Muhele, Escovalo Gabriel Domingos, Fernando Camaxilo Victor, Francisco Pedro Kapapelo Chitacumula, Gualter Filipe Jo\u00e3o Pascoal, Il\u00e1rio Kaleka Gon\u00e7alves Barros, Janu\u00e1rio Mendon\u00e7a Barreto de Carvalho, Jo\u00e3o Garcia Isaac Lucoqui, Jos\u00e9 Kapundi,\u00a0 Lu\u00eds Jos\u00e9 Fernandes, Manuel Coloi Armando Camongua, Manuel Katchingangu Singue, M\u00e1rio Catimba Dumba Baptista, Paulino Salamba Candando, Paulo Camuanguina Alexandre, Paulo Kapindali, Paulo Ngungo Ngumbe Gabriel, Raul Dumbo Bondua Muquinjina, Silva Kawia Ngueve Tchimo, Sim\u00e3o Albino Katenha Kakinta, Sime\u00e3o Capingala Jamba, Tom\u00e1s Gaspar Joaquim, Vicente Chocolate Barros.<\/p>\n<p>Segundo as Constitui\u00e7\u00f5es Gerais da Ordem dos Frades Menores, a forma\u00e7\u00e3o inicial \u00e0 vida religiosa franciscana \u00e9 feita em tr\u00eas etapas: postulantado, noviciado e tempo de Profiss\u00e3o tempor\u00e1ria: \u201cO Postulantado \u00e9 o per\u00edodo durante o qual o candidato pede para abra\u00e7ar nossa vida, com a inten\u00e7\u00e3o de preparar-se convenientemente para o Noviciado; e a Fraternidade Provincial, depois de oportuno e rec\u00edproco conhecimento, amadurece sua resposta sobre a admiss\u00e3o dele ao Noviciado\u201d, define o documento.<\/p>\n<p>Neste tempo, a Fraternidade formadora ter\u00e1 a miss\u00e3o de ajudar o candidato a conhecer a si mesmo, completar sua primeira forma\u00e7\u00e3o crist\u00e3, se for necess\u00e1rio, analisar as motiva\u00e7\u00f5es \u00edntimas de sua pr\u00f3pria voca\u00e7\u00e3o e adquirir gradual conhecimento e experi\u00eancia da vida franciscana. A Fraternidade Franciscana da Porci\u00fancula tem como guardi\u00e3o Frei Laurindo Lauro da Silva J\u00fanior, que tamb\u00e9m \u00e9 o Mestre dos postulantes; Frei Valdemiro Wastchuk, vig\u00e1rio da casa e p\u00e1roco; e Frei Jo\u00e3o Alberto Bunga, orientador dos aspirantes e respons\u00e1vel pelos projetos sociais.<\/p>\n<p>Os mestres Frei Laurindo e Frei Jo\u00e3o Bunga comemoram o &#8220;florescer vocacional&#8221; que vive a Funda\u00e7\u00e3o Imaculada M\u00e3e de Deus. &#8220;As expectativas s\u00e3o sempre as melhores, mas a certeza \u00e9 que teremos um longo e desafiador itiner\u00e1rio&#8221;, acreditam os orientadores, adiantando que a equipe de forma\u00e7\u00e3o procurou garantir o espa\u00e7o f\u00edsico adequado para essas duas etapas, no entanto, as obras se estender\u00e3o ao longo do ano.<\/p>\n","protected":false},"excerpt":{"rendered":"<p>Forma\u00e7\u00e3o e estudos na Miss\u00e3o de Angola<\/p>\n","protected":false},"author":3,"featured_media":199938,"comment_status":"open","ping_status":"open","sticky":false,"template":"","format":"standard","meta":[],"categories":[1],"tags":[360,155],"acf":[],"yoast_head":"<!-- This site is optimized with the Yoast SEO plugin v19.2 - https:\/\/yoast.com\/wordpress\/plugins\/seo\/ -->\n<title>Miss\u00e3o de Angola recebe 27 postulantes neste s\u00e1bado - Not\u00edcias - Franciscanos<\/title>\n<meta name=\"robots\" content=\"index, follow, max-snippet:-1, max-image-preview:large, max-video-preview:-1\" \/>\n<link rel=\"canonical\" href=\"https:\/\/franciscanos.org.br\/noticias\/missao-de-angola-recebe-27-postulantes-neste-sabado.html\" \/>\n<meta property=\"og:locale\" content=\"pt_BR\" \/>\n<meta property=\"og:type\" content=\"article\" \/>\n<meta property=\"og:title\" content=\"Miss\u00e3o de Angola recebe 27 postulantes neste s\u00e1bado - Not\u00edcias - Franciscanos\" \/>\n<meta property=\"og:description\" content=\"Forma\u00e7\u00e3o e estudos na Miss\u00e3o de Angola\" \/>\n<meta property=\"og:url\" content=\"https:\/\/franciscanos.org.br\/noticias\/missao-de-angola-recebe-27-postulantes-neste-sabado.html\" \/>\n<meta property=\"og:site_name\" content=\"Not\u00edcias - Franciscanos\" \/>\n<meta property=\"article:published_time\" content=\"2019-02-08T12:15:07+00:00\" \/>\n<meta property=\"og:image\" content=\"https:\/\/franciscanos.org.br\/noticias\/wp-content\/uploads\/2019\/02\/postulantado_080219d.jpg\" \/>\n\t<meta property=\"og:image:width\" content=\"273\" \/>\n\t<meta property=\"og:image:height\" content=\"181\" \/>\n\t<meta property=\"og:image:type\" content=\"image\/jpeg\" \/>\n<meta name=\"author\" content=\"moacir\" \/>\n<meta name=\"twitter:card\" content=\"summary_large_image\" \/>\n<meta name=\"twitter:label1\" content=\"Escrito por\" \/>\n\t<meta name=\"twitter:data1\" content=\"moacir\" \/>\n\t<meta name=\"twitter:label2\" content=\"Est. tempo de leitura\" \/>\n\t<meta name=\"twitter:data2\" content=\"2 minutos\" \/>\n<script type=\"application\/ld+json\" class=\"yoast-schema-graph\">{\"@context\":\"https:\/\/schema.org\",\"@graph\":[{\"@type\":\"WebSite\",\"@id\":\"https:\/\/franciscanos.org.br\/noticias\/#website\",\"url\":\"https:\/\/franciscanos.org.br\/noticias\/\",\"name\":\"Not\u00edcias - Franciscanos\",\"description\":\"Prov\u00edncia Franciscana da Imaculada Concei\u00e7\u00e3o do Brasil - Ordem dos Frades Menores - OFM\",\"potentialAction\":[{\"@type\":\"SearchAction\",\"target\":{\"@type\":\"EntryPoint\",\"urlTemplate\":\"https:\/\/franciscanos.org.br\/noticias\/?s={search_term_string}\"},\"query-input\":\"required name=search_term_string\"}],\"inLanguage\":\"pt-BR\"},{\"@type\":\"ImageObject\",\"inLanguage\":\"pt-BR\",\"@id\":\"https:\/\/franciscanos.org.br\/noticias\/missao-de-angola-recebe-27-postulantes-neste-sabado.html#primaryimage\",\"url\":\"https:\/\/franciscanos.org.br\/noticias\/wp-content\/uploads\/2019\/02\/postulantado_080219d.jpg\",\"contentUrl\":\"https:\/\/franciscanos.org.br\/noticias\/wp-content\/uploads\/2019\/02\/postulantado_080219d.jpg\",\"width\":273,\"height\":181},{\"@type\":\"WebPage\",\"@id\":\"https:\/\/franciscanos.org.br\/noticias\/missao-de-angola-recebe-27-postulantes-neste-sabado.html#webpage\",\"url\":\"https:\/\/franciscanos.org.br\/noticias\/missao-de-angola-recebe-27-postulantes-neste-sabado.html\",\"name\":\"Miss\u00e3o de Angola recebe 27 postulantes neste s\u00e1bado - Not\u00edcias - Franciscanos\",\"isPartOf\":{\"@id\":\"https:\/\/franciscanos.org.br\/noticias\/#website\"},\"primaryImageOfPage\":{\"@id\":\"https:\/\/franciscanos.org.br\/noticias\/missao-de-angola-recebe-27-postulantes-neste-sabado.html#primaryimage\"},\"datePublished\":\"2019-02-08T12:15:07+00:00\",\"dateModified\":\"2019-02-08T12:15:07+00:00\",\"author\":{\"@id\":\"https:\/\/franciscanos.org.br\/noticias\/#\/schema\/person\/b5c8cba458c330ccff548b056e95a5d4\"},\"breadcrumb\":{\"@id\":\"https:\/\/franciscanos.org.br\/noticias\/missao-de-angola-recebe-27-postulantes-neste-sabado.html#breadcrumb\"},\"inLanguage\":\"pt-BR\",\"potentialAction\":[{\"@type\":\"ReadAction\",\"target\":[\"https:\/\/franciscanos.org.br\/noticias\/missao-de-angola-recebe-27-postulantes-neste-sabado.html\"]}]},{\"@type\":\"BreadcrumbList\",\"@id\":\"https:\/\/franciscanos.org.br\/noticias\/missao-de-angola-recebe-27-postulantes-neste-sabado.html#breadcrumb\",\"itemListElement\":[{\"@type\":\"ListItem\",\"position\":1,\"name\":\"Home\",\"item\":\"https:\/\/franciscanos.org.br\/noticias\"},{\"@type\":\"ListItem\",\"position\":2,\"name\":\"Miss\u00e3o de Angola recebe 27 postulantes neste s\u00e1bado\"}]},{\"@type\":\"Person\",\"@id\":\"https:\/\/franciscanos.org.br\/noticias\/#\/schema\/person\/b5c8cba458c330ccff548b056e95a5d4\",\"name\":\"moacir\",\"image\":{\"@type\":\"ImageObject\",\"inLanguage\":\"pt-BR\",\"@id\":\"https:\/\/franciscanos.org.br\/noticias\/#\/schema\/person\/image\/\",\"url\":\"https:\/\/secure.gravatar.com\/avatar\/d08aa2ce4c8dd416d4479aa8536fcf64?s=96&d=mm&r=g\",\"contentUrl\":\"https:\/\/secure.gravatar.com\/avatar\/d08aa2ce4c8dd416d4479aa8536fcf64?s=96&d=mm&r=g\",\"caption\":\"moacir\"},\"url\":\"https:\/\/franciscanos.org.br\/noticias\/author\/moacir\"}]}<\/script>\n<!-- \/ Yoast SEO plugin. -->","yoast_head_json":{"title":"Miss\u00e3o de Angola recebe 27 postulantes neste s\u00e1bado - Not\u00edcias - Franciscanos","robots":{"index":"index","follow":"follow","max-snippet":"max-snippet:-1","max-image-preview":"max-image-preview:large","max-video-preview":"max-video-preview:-1"},"canonical":"https:\/\/franciscanos.org.br\/noticias\/missao-de-angola-recebe-27-postulantes-neste-sabado.html","og_locale":"pt_BR","og_type":"article","og_title":"Miss\u00e3o de Angola recebe 27 postulantes neste s\u00e1bado - Not\u00edcias - Franciscanos","og_description":"Forma\u00e7\u00e3o e estudos na Miss\u00e3o de Angola","og_url":"https:\/\/franciscanos.org.br\/noticias\/missao-de-angola-recebe-27-postulantes-neste-sabado.html","og_site_name":"Not\u00edcias - Franciscanos","article_published_time":"2019-02-08T12:15:07+00:00","og_image":[{"width":273,"height":181,"url":"https:\/\/franciscanos.org.br\/noticias\/wp-content\/uploads\/2019\/02\/postulantado_080219d.jpg","type":"image\/jpeg"}],"author":"moacir","twitter_card":"summary_large_image","twitter_misc":{"Escrito por":"moacir","Est. tempo de leitura":"2 minutos"},"schema":{"@context":"https:\/\/schema.org","@graph":[{"@type":"WebSite","@id":"https:\/\/franciscanos.org.br\/noticias\/#website","url":"https:\/\/franciscanos.org.br\/noticias\/","name":"Not\u00edcias - Franciscanos","description":"Prov\u00edncia Franciscana da Imaculada Concei\u00e7\u00e3o do Brasil - Ordem dos Frades Menores - OFM","potentialAction":[{"@type":"SearchAction","target":{"@type":"EntryPoint","urlTemplate":"https:\/\/franciscanos.org.br\/noticias\/?s={search_term_string}"},"query-input":"required name=search_term_string"}],"inLanguage":"pt-BR"},{"@type":"ImageObject","inLanguage":"pt-BR","@id":"https:\/\/franciscanos.org.br\/noticias\/missao-de-angola-recebe-27-postulantes-neste-sabado.html#primaryimage","url":"https:\/\/franciscanos.org.br\/noticias\/wp-content\/uploads\/2019\/02\/postulantado_080219d.jpg","contentUrl":"https:\/\/franciscanos.org.br\/noticias\/wp-content\/uploads\/2019\/02\/postulantado_080219d.jpg","width":273,"height":181},{"@type":"WebPage","@id":"https:\/\/franciscanos.org.br\/noticias\/missao-de-angola-recebe-27-postulantes-neste-sabado.html#webpage","url":"https:\/\/franciscanos.org.br\/noticias\/missao-de-angola-recebe-27-postulantes-neste-sabado.html","name":"Miss\u00e3o de Angola recebe 27 postulantes neste s\u00e1bado - Not\u00edcias - Franciscanos","isPartOf":{"@id":"https:\/\/franciscanos.org.br\/noticias\/#website"},"primaryImageOfPage":{"@id":"https:\/\/franciscanos.org.br\/noticias\/missao-de-angola-recebe-27-postulantes-neste-sabado.html#primaryimage"},"datePublished":"2019-02-08T12:15:07+00:00","dateModified":"2019-02-08T12:15:07+00:00","author":{"@id":"https:\/\/franciscanos.org.br\/noticias\/#\/schema\/person\/b5c8cba458c330ccff548b056e95a5d4"},"breadcrumb":{"@id":"https:\/\/franciscanos.org.br\/noticias\/missao-de-angola-recebe-27-postulantes-neste-sabado.html#breadcrumb"},"inLanguage":"pt-BR","potentialAction":[{"@type":"ReadAction","target":["https:\/\/franciscanos.org.br\/noticias\/missao-de-angola-recebe-27-postulantes-neste-sabado.html"]}]},{"@type":"BreadcrumbList","@id":"https:\/\/franciscanos.org.br\/noticias\/missao-de-angola-recebe-27-postulantes-neste-sabado.html#breadcrumb","itemListElement":[{"@type":"ListItem","position":1,"name":"Home","item":"https:\/\/franciscanos.org.br\/noticias"},{"@type":"ListItem","position":2,"name":"Miss\u00e3o de Angola recebe 27 postulantes neste s\u00e1bado"}]},{"@type":"Person","@id":"https:\/\/franciscanos.org.br\/noticias\/#\/schema\/person\/b5c8cba458c330ccff548b056e95a5d4","name":"moacir","image":{"@type":"ImageObject","inLanguage":"pt-BR","@id":"https:\/\/franciscanos.org.br\/noticias\/#\/schema\/person\/image\/","url":"https:\/\/secure.gravatar.com\/avatar\/d08aa2ce4c8dd416d4479aa8536fcf64?s=96&d=mm&r=g","contentUrl":"https:\/\/secure.gravatar.com\/avatar\/d08aa2ce4c8dd416d4479aa8536fcf64?s=96&d=mm&r=g","caption":"moacir"},"url":"https:\/\/franciscanos.org.br\/noticias\/author\/moacir"}]}},"_links":{"self":[{"href":"https:\/\/franciscanos.org.br\/noticias\/wp-json\/wp\/v2\/posts\/199936"}],"collection":[{"href":"https:\/\/franciscanos.org.br\/noticias\/wp-json\/wp\/v2\/posts"}],"about":[{"href":"https:\/\/franciscanos.org.br\/noticias\/wp-json\/wp\/v2\/types\/post"}],"author":[{"embeddable":true,"href":"https:\/\/franciscanos.org.br\/noticias\/wp-json\/wp\/v2\/users\/3"}],"replies":[{"embeddable":true,"href":"https:\/\/franciscanos.org.br\/noticias\/wp-json\/wp\/v2\/comments?post=199936"}],"version-history":[{"count":0,"href":"https:\/\/franciscanos.org.br\/noticias\/wp-json\/wp\/v2\/posts\/199936\/revisions"}],"wp:featuredmedia":[{"embeddable":true,"href":"https:\/\/franciscanos.org.br\/noticias\/wp-json\/wp\/v2\/media\/199938"}],"wp:attachment":[{"href":"https:\/\/franciscanos.org.br\/noticias\/wp-json\/wp\/v2\/media?parent=199936"}],"wp:term":[{"taxonomy":"category","embeddable":true,"href":"https:\/\/franciscanos.org.br\/noticias\/wp-json\/wp\/v2\/categories?post=199936"},{"taxonomy":"post_tag","embeddable":true,"href":"https:\/\/franciscanos.org.br\/noticias\/wp-json\/wp\/v2\/tags?post=199936"}],"curies":[{"name":"wp","href":"https:\/\/api.w.org\/{rel}","templated":true}]}}