{"id":199656,"date":"2019-02-12T13:30:17","date_gmt":"2019-02-12T15:30:17","guid":{"rendered":"https:\/\/franciscanos.org.br\/noticias\/?p=199656"},"modified":"2019-04-22T13:53:46","modified_gmt":"2019-04-22T16:53:46","slug":"vem-ai-a-serie-especial-sobre-a-campanha-da-fraternidade","status":"publish","type":"post","link":"https:\/\/franciscanos.org.br\/noticias\/vem-ai-a-serie-especial-sobre-a-campanha-da-fraternidade.html","title":{"rendered":"S\u00e9rie Especial sobre a Campanha da Fraternidade!"},"content":{"rendered":"<p><img loading=\"lazy\" class=\"alignnone size-full wp-image-199657\" src=\"https:\/\/franciscanos.org.br\/noticias\/wp-content\/uploads\/2019\/02\/cf_0702.jpg\" alt=\"\" width=\"890\" height=\"684\" srcset=\"https:\/\/franciscanos.org.br\/noticias\/wp-content\/uploads\/2019\/02\/cf_0702.jpg 890w, https:\/\/franciscanos.org.br\/noticias\/wp-content\/uploads\/2019\/02\/cf_0702-450x346.jpg 450w, https:\/\/franciscanos.org.br\/noticias\/wp-content\/uploads\/2019\/02\/cf_0702-768x590.jpg 768w, https:\/\/franciscanos.org.br\/noticias\/wp-content\/uploads\/2019\/02\/cf_0702-150x115.jpg 150w\" sizes=\"(max-width: 890px) 100vw, 890px\" \/><\/p>\n<p><strong>Frei Gustavo Medella e \u00c9rika Augusto<\/strong><\/p>\n<p><strong>S\u00e3o Paulo (SP) &#8211;<\/strong> Pelo 56\u00ba ano consecutivo, a Confer\u00eancia Nacional dos Bispos do Brasil (CNBB) promove a Campanha da Fraternidade (CF). A cada ano \u00e9 apresentada uma realidade de fragilidade e de car\u00eancia em nosso pa\u00eds e, neste ano especificamente, a reflex\u00e3o se concentrar\u00e1 no tema <strong>Pol\u00edticas P\u00fablicas e Fraternidade<\/strong>. Com a Campanha da Fraternidade, a Igreja do Brasil prop\u00f5e que a Quaresma n\u00e3o fique apenas num bom desejo e em exorta\u00e7\u00f5es te\u00f3ricas, mas ajude nesse tempo de convers\u00e3o a despertar uma cultura de fraternidade, a refor\u00e7ar os princ\u00edpios de justi\u00e7a e a denunciar amea\u00e7as e viola\u00e7\u00f5es da dignidade e dos direitos.<\/p>\n<p>A Prov\u00edncia Franciscana da Imaculada Concei\u00e7\u00e3o, atrav\u00e9s da Frente de Evangeliza\u00e7\u00e3o da Comunica\u00e7\u00e3o, entende que este momento \u00e9 uma oportunidade especial para as pessoas discutirem e participarem das pol\u00edticas p\u00fablicas visando a constru\u00e7\u00e3o de uma sociedade mais justa e fraterna. Para isso, produziu uma s\u00e9rie de entrevistas, abordando diversos aspectos das pol\u00edticas p\u00fablicas e suas \u00e1reas de atua\u00e7\u00e3o, para fortalecer essa tem\u00e1tica. Na abertura desta s\u00e9rie, ningu\u00e9m melhor do que o secret\u00e1rio-geral da CNBB, Dom Leonardo Ulrich Steiner, para falar do tema e do lema da CF, respectivamente: \u201cFraternidade e pol\u00edticas p\u00fablicas\u201d e \u201cSer\u00e1s libertado pelo direito e pela justi\u00e7a\u201d (Is 1, 27).<\/p>\n<p>Como destaca Dom Leonardo na apresenta\u00e7\u00e3o do texto-base da CF, \u201cpol\u00edtica p\u00fablica n\u00e3o \u00e9 somente a a\u00e7\u00e3o do governo, mas tamb\u00e9m a rela\u00e7\u00e3o entre as institui\u00e7\u00f5es e os diversos atores, sejam individuais ou coletivos, envolvidos na solu\u00e7\u00e3o de determinados problemas\u201d.<\/p>\n<p>Ao trazer \u00e0 luz este tema, a Igreja do Brasil pretende conscientizar os crist\u00e3os da import\u00e2ncia do envolvimento nas quest\u00f5es pol\u00edticas e sociais, acompanhando o que j\u00e1 \u00e9 realizado e cobrando novas a\u00e7\u00f5es para todos os cidad\u00e3os, sobretudo os que mais necessitam da aten\u00e7\u00e3o do Estado. \u201cA Campanha da Fraternidade 2019 \u00e9 um convite para uma maior participa\u00e7\u00e3o das pessoas na elabora\u00e7\u00e3o e na implementa\u00e7\u00e3o de Pol\u00edticas P\u00fablicas, projetando, assim, o presente e o futuro do Brasil, amparado no direito e na justi\u00e7a, livre das desigualdades que atingem os mais pobres. A participa\u00e7\u00e3o nas Pol\u00edticas P\u00fablicas na \u00f3tica da miseric\u00f3rdia torna-se caminho inspirador para a vida n\u00e3o s\u00f3 dos crist\u00e3os, mas de todas as pessoas de boa vontade\u201d, aponta o texto-base da CF, n\u00ba263.<\/p>\n<p>A s\u00e9rie de entrevistas ser\u00e1 publicada neste site e estar\u00e1 dispon\u00edvel em \u00e1udio, no formato <em>podcast<\/em>, atrav\u00e9s da plataforma <a href=\"https:\/\/soundcloud.com\/provincia-franciscana\/\" target=\"_blank\" rel=\"noopener noreferrer\"><em>Soundcloud<\/em><\/a>. As entrevistas poder\u00e3o ser acessadas na Rede Cat\u00f3lica de R\u00e1dio (RCR) em todo o pa\u00eds.<\/p>\n<p><em><strong>Acompanhe as primeiras entrevistas em podcast:<\/strong><\/em><\/p>\n<p><iframe loading=\"lazy\" src=\"https:\/\/w.soundcloud.com\/player\/?url=https%3A\/\/api.soundcloud.com\/playlists\/713345649&amp;color=%23c48075&amp;auto_play=false&amp;hide_related=false&amp;show_comments=false&amp;show_user=true&amp;show_reposts=false&amp;show_teaser=false\" width=\"100%\" height=\"450\" frameborder=\"no\" scrolling=\"no\"><\/iframe><\/p>\n<hr \/>\n<p><strong>Confira todas as entrevistas: <\/strong><\/p>\n<p><strong>Tema e Lema da CF | Entrevistado:\u00a0 \u00a0 \u00a0<\/strong><strong><a href=\"https:\/\/franciscanos.org.br\/noticias\/d-leonardo-sejamos-ativos-na-construcao-de-politicas-publicas.html\">Dom Leonardo Ulrich Steiner<\/a><\/strong><\/p>\n<p style=\"padding-left: 30px;\">Bispo Auxiliar de Bras\u00edlia e secret\u00e1rio-geral da CNBB.<\/p>\n<p><strong>Conceito de Pol\u00edticas P\u00fablicas | Entrevistado: <a href=\"https:\/\/franciscanos.org.br\/noticias\/o-que-sao-e-como-funcionam-as-politicas-publicas.html\" target=\"_blank\" rel=\"noopener noreferrer\">Robert Soares do Nascimento<\/a><\/strong><\/p>\n<p style=\"padding-left: 30px;\">Agente de Pastoral, comp\u00f5e o N\u00facleo em Educa\u00e7\u00e3o e Direitos Humanos da UNISAL (Centro Universit\u00e1rio Salesiano de S\u00e3o Paulo) e participa do Grupo de Trabalho de Justi\u00e7a Restaurativa da Comarca de Americana (SP).<\/p>\n<p><strong>Pol\u00edtica como exerc\u00edcio do bem comum | Entrevistado: <a href=\"https:\/\/franciscanos.org.br\/noticias\/politica-como-exercicio-da-busca-do-bem-comum.html\" target=\"_blank\" rel=\"noopener noreferrer\">Felix Fernando Siriani<\/a><\/strong><\/p>\n<p style=\"padding-left: 30px;\">Formado em Gest\u00e3o de Pol\u00edticas P\u00fablicas, especialista em Pedagogia Social, Pastoral Escolar e mestrando em Mudan\u00e7a Social e Pol\u00edticas P\u00fablicas.<\/p>\n<p><strong>Doutrina Social da Igreja | Entrevistado: <a href=\"https:\/\/franciscanos.org.br\/noticias\/uma-boa-igreja-tem-que-ter-um-grande-amor-aos-pobres-afirma-fernando-altemeyer.html\" target=\"_blank\" rel=\"noopener noreferrer\">Prof. Dr. Fernando Altemeyer Junior<\/a><\/strong><\/p>\n<p style=\"padding-left: 30px;\">Chefe do Departamento de Ci\u00eancia da Religi\u00e3o da PUC-SP.<\/p>\n<p><strong>As a\u00e7\u00f5es e ensinamentos de Jesus como inspira\u00e7\u00e3o para pol\u00edticas em favor da cidadania |Entrevistado:\u00a0<a href=\"https:\/\/franciscanos.org.br\/noticias\/o-eixo-das-politicas-publicas-justica-paz-e-alegria.html\" target=\"_blank\" rel=\"noopener noreferrer\">Francisco Orofino<\/a><\/strong><\/p>\n<p style=\"padding-left: 30px;\">Leigo, professor de Teologia B\u00edblica em Nova Igua\u00e7u (RJ) e assessor do CEBI (Centro de Estudos B\u00edblicos) e do ISER Assessoria (Instituto de Estudos da Religi\u00e3o).<\/p>\n<p><strong>Os franciscanos e o engajamento pol\u00edtico | Entrevistado: <a href=\"https:\/\/franciscanos.org.br\/noticias\/frei-vitorio-pede-mais-indignacao-profetica.html\" target=\"_blank\" rel=\"noopener noreferrer\">Frei Vitorio Mazzuco<\/a><\/strong><\/p>\n<p style=\"padding-left: 30px;\">Mestre em espiritualidade e coordenador da Pastoral Universit\u00e1ria da USF.<\/p>\n<p><strong>A import\u00e2ncia dos Movimentos Sociais na busca do bem comum | Entrevistado: <a href=\"https:\/\/franciscanos.org.br\/noticias\/dom-guilherme-e-preciso-reanimar-os-movimentos-sociais.html\" target=\"_blank\" rel=\"noopener noreferrer\">Dom Guilherme Werlang<\/a><\/strong><\/p>\n<p style=\"padding-left: 30px;\">Bispo da Diocese de Lages (SC) e presidente da Comiss\u00e3o Episcopal Pastoral para a A\u00e7\u00e3o Social Transformadora da CNBB.<\/p>\n<p><strong>Pol\u00edticas P\u00fablicas na \u00e1rea da sa\u00fade | Entrevistado: <a href=\"https:\/\/franciscanos.org.br\/noticias\/politicas-publicas-em-favor-da-saude.html\" target=\"_blank\" rel=\"noopener noreferrer\">Fernando Pigatto <\/a><\/strong><\/p>\n<p style=\"padding-left: 30px;\">Presidente do Conselho Nacional de Sa\u00fade (CNS) e Representante da Confedera\u00e7\u00e3o Nacional das Associa\u00e7\u00f5es de Moradores (CONAM).<\/p>\n<p><strong>Pol\u00edticas P\u00fablicas na seguran\u00e7a | Entrevistado: <a href=\"https:\/\/franciscanos.org.br\/noticias\/a-seguranca-publica-precisa-da-integracao-das-instituicoes-e-da-comunidade.html\" target=\"_blank\" rel=\"noopener noreferrer\">Ricardo Bedendo<\/a><\/strong><\/p>\n<p style=\"padding-left: 30px;\">Jornalista e Mestre em Ci\u00eancias Sociais, integra o n\u00facleo de Estudos de Viol\u00eancia e Direitos Humanos da P\u00f3s-Gradua\u00e7\u00e3o em Ci\u00eancias Sociais da Universidade Federal de Juiz de Fora (UFJF).<\/p>\n<p><strong>Pol\u00edticas P\u00fablicas e Assist\u00eancia Social | Entrevistada: <a href=\"https:\/\/franciscanos.org.br\/noticias\/olhar-a-assistencia-social-como-um-direito-nao-um-favor.html\" target=\"_blank\" rel=\"noopener noreferrer\">Rosangela Pezoti<\/a><\/strong><\/p>\n<p style=\"padding-left: 30px;\">Doutora em Servi\u00e7o Social, respons\u00e1vel pelas \u00e1reas t\u00e9cnica e de articula\u00e7\u00e3o pol\u00edtica do Sefras &#8211; Servi\u00e7o Franciscano de Solidariedade.<\/p>\n<p><strong>Pol\u00edticas P\u00fablicas em favor dos negros | Entrevistado: <a href=\"https:\/\/franciscanos.org.br\/noticias\/cf-as-politicas-publicas-em-favor-dos-negros-sao-uma-conquista-de-todos.html\" target=\"_blank\" rel=\"noopener noreferrer\">Frei David Raimundo Santos<\/a><\/strong><\/p>\n<p style=\"padding-left: 30px;\">Presidente da Educafro (Educa\u00e7\u00e3o e Cidadania de Afrodescendentes e Carentes).<\/p>\n<p><strong>Import\u00e2ncia da participa\u00e7\u00e3o nos espa\u00e7os de controle social | Entrevistada: <a href=\"https:\/\/franciscanos.org.br\/noticias\/valdenia-o-controle-social-e-responsabilidade-de-toda-sociedade.html\" target=\"_blank\" rel=\"noopener noreferrer\">Vald\u00eania Paulino<\/a><\/strong><\/p>\n<p style=\"padding-left: 30px;\">Advogada, integra o Centro de Direitos Humanos de Sapopemba (SP)<\/p>\n<p><strong>Pol\u00edticas P\u00fablicas em favor dos \u00edndios e dos povos origin\u00e1rios | Entrevistado: <a href=\"https:\/\/franciscanos.org.br\/noticias\/e-preciso-lutar-para-que-nao-haja-retrocesso-nas-politicas-publicas-em-prol-dos-indigenas.html\" target=\"_blank\" rel=\"noopener noreferrer\">Egon Heck<\/a><\/strong><\/p>\n<p style=\"padding-left: 30px;\">Assessor do secretariado do Conselho Indigenista Mission\u00e1rio \u2013 Cimi.<\/p>\n<p><strong>Pol\u00edticas P\u00fablicas e Juventude | Entrevistada: <a href=\"https:\/\/franciscanos.org.br\/noticias\/por-mais-politicas-que-promovam-igualdade-de-oportunidades-entre-as-juventudes.html\" target=\"_blank\" rel=\"noopener noreferrer\">Anna Luiza Salles Souto<\/a><\/strong><\/p>\n<p style=\"padding-left: 30px;\">Coordenadora da \u00e1rea de Democracia e Participa\u00e7\u00e3o do Instituto P\u00f3lis.<\/p>\n<p><strong>Pol\u00edticas P\u00fablicas e na \u00e1rea da educa\u00e7\u00e3o | Entrevistado: <a href=\"https:\/\/franciscanos.org.br\/noticias\/a-educacao-como-um-instrumento-transformador-da-sociedade.html\" target=\"_blank\" rel=\"noopener noreferrer\">Professor Dilnei Lorenzi<\/a><\/strong><\/p>\n<p style=\"padding-left: 30px;\">Pr\u00f3-Reitor de Ensino, Pesquisa e Extens\u00e3o da Universidade S\u00e3o Francisco (USF).<\/p>\n<p><strong>Sa\u00fade e o bem comum | Entrevistado: <a href=\"https:\/\/franciscanos.org.br\/noticias\/o-papel-da-pastoral-da-saude-nas-politicas-publicas.html\" target=\"_blank\" rel=\"noopener noreferrer\">Pe. Christian de Paul de Barchifontaine<\/a><\/strong><\/p>\n<p style=\"padding-left: 30px;\">Assessor Internacional dos Camilianos na \u00c1rea da Sa\u00fade, Rela\u00e7\u00f5es P\u00fablicas das Organiza\u00e7\u00f5es Camilianas.<\/p>\n<p><strong>O exemplo concreto no Rio de Janeiro | Entrevistado: <a href=\"https:\/\/franciscanos.org.br\/noticias\/o-exemplo-concreto-do-forum-grita-baixada-no-exercicio-das-politicas-publicas.html\" target=\"_blank\" rel=\"noopener noreferrer\">Adriano de Ara\u00fajo<\/a><\/strong><\/p>\n<p style=\"padding-left: 30px;\">Soci\u00f3logo, coordenador do F\u00f3rum Grita Baixada.<\/p>\n","protected":false},"excerpt":{"rendered":"<p>S\u00e9rie de Entrevistas sobre a Campanha da Fraternidade<\/p>\n","protected":false},"author":3,"featured_media":199658,"comment_status":"open","ping_status":"open","sticky":false,"template":"","format":"standard","meta":[],"categories":[1],"tags":[818,555],"acf":[],"yoast_head":"<!-- This site is optimized with the Yoast SEO plugin v19.2 - https:\/\/yoast.com\/wordpress\/plugins\/seo\/ -->\n<title>S\u00e9rie Especial sobre a Campanha da Fraternidade! - Not\u00edcias - Franciscanos<\/title>\n<meta name=\"robots\" content=\"index, follow, max-snippet:-1, max-image-preview:large, max-video-preview:-1\" \/>\n<link rel=\"canonical\" href=\"https:\/\/franciscanos.org.br\/noticias\/vem-ai-a-serie-especial-sobre-a-campanha-da-fraternidade.html\" \/>\n<meta property=\"og:locale\" content=\"pt_BR\" \/>\n<meta property=\"og:type\" content=\"article\" \/>\n<meta property=\"og:title\" content=\"S\u00e9rie Especial sobre a Campanha da Fraternidade! - Not\u00edcias - Franciscanos\" \/>\n<meta property=\"og:description\" content=\"S\u00e9rie de Entrevistas sobre a Campanha da Fraternidade\" \/>\n<meta property=\"og:url\" content=\"https:\/\/franciscanos.org.br\/noticias\/vem-ai-a-serie-especial-sobre-a-campanha-da-fraternidade.html\" \/>\n<meta property=\"og:site_name\" content=\"Not\u00edcias - Franciscanos\" \/>\n<meta property=\"article:published_time\" content=\"2019-02-12T15:30:17+00:00\" \/>\n<meta property=\"article:modified_time\" content=\"2019-04-22T16:53:46+00:00\" \/>\n<meta property=\"og:image\" content=\"https:\/\/franciscanos.org.br\/noticias\/wp-content\/uploads\/2019\/02\/destaquecf_0702.png\" \/>\n\t<meta property=\"og:image:width\" content=\"273\" \/>\n\t<meta property=\"og:image:height\" content=\"181\" \/>\n\t<meta property=\"og:image:type\" content=\"image\/png\" \/>\n<meta name=\"author\" content=\"moacir\" \/>\n<meta name=\"twitter:card\" content=\"summary_large_image\" \/>\n<meta name=\"twitter:label1\" content=\"Escrito por\" \/>\n\t<meta name=\"twitter:data1\" content=\"moacir\" \/>\n\t<meta name=\"twitter:label2\" content=\"Est. tempo de leitura\" \/>\n\t<meta name=\"twitter:data2\" content=\"5 minutos\" \/>\n<script type=\"application\/ld+json\" class=\"yoast-schema-graph\">{\"@context\":\"https:\/\/schema.org\",\"@graph\":[{\"@type\":\"WebSite\",\"@id\":\"https:\/\/franciscanos.org.br\/noticias\/#website\",\"url\":\"https:\/\/franciscanos.org.br\/noticias\/\",\"name\":\"Not\u00edcias - Franciscanos\",\"description\":\"Prov\u00edncia Franciscana da Imaculada Concei\u00e7\u00e3o do Brasil - Ordem dos Frades Menores - OFM\",\"potentialAction\":[{\"@type\":\"SearchAction\",\"target\":{\"@type\":\"EntryPoint\",\"urlTemplate\":\"https:\/\/franciscanos.org.br\/noticias\/?s={search_term_string}\"},\"query-input\":\"required name=search_term_string\"}],\"inLanguage\":\"pt-BR\"},{\"@type\":\"ImageObject\",\"inLanguage\":\"pt-BR\",\"@id\":\"https:\/\/franciscanos.org.br\/noticias\/vem-ai-a-serie-especial-sobre-a-campanha-da-fraternidade.html#primaryimage\",\"url\":\"https:\/\/franciscanos.org.br\/noticias\/wp-content\/uploads\/2019\/02\/destaquecf_0702.png\",\"contentUrl\":\"https:\/\/franciscanos.org.br\/noticias\/wp-content\/uploads\/2019\/02\/destaquecf_0702.png\",\"width\":273,\"height\":181},{\"@type\":\"WebPage\",\"@id\":\"https:\/\/franciscanos.org.br\/noticias\/vem-ai-a-serie-especial-sobre-a-campanha-da-fraternidade.html#webpage\",\"url\":\"https:\/\/franciscanos.org.br\/noticias\/vem-ai-a-serie-especial-sobre-a-campanha-da-fraternidade.html\",\"name\":\"S\u00e9rie Especial sobre a Campanha da Fraternidade! - Not\u00edcias - Franciscanos\",\"isPartOf\":{\"@id\":\"https:\/\/franciscanos.org.br\/noticias\/#website\"},\"primaryImageOfPage\":{\"@id\":\"https:\/\/franciscanos.org.br\/noticias\/vem-ai-a-serie-especial-sobre-a-campanha-da-fraternidade.html#primaryimage\"},\"datePublished\":\"2019-02-12T15:30:17+00:00\",\"dateModified\":\"2019-04-22T16:53:46+00:00\",\"author\":{\"@id\":\"https:\/\/franciscanos.org.br\/noticias\/#\/schema\/person\/b5c8cba458c330ccff548b056e95a5d4\"},\"breadcrumb\":{\"@id\":\"https:\/\/franciscanos.org.br\/noticias\/vem-ai-a-serie-especial-sobre-a-campanha-da-fraternidade.html#breadcrumb\"},\"inLanguage\":\"pt-BR\",\"potentialAction\":[{\"@type\":\"ReadAction\",\"target\":[\"https:\/\/franciscanos.org.br\/noticias\/vem-ai-a-serie-especial-sobre-a-campanha-da-fraternidade.html\"]}]},{\"@type\":\"BreadcrumbList\",\"@id\":\"https:\/\/franciscanos.org.br\/noticias\/vem-ai-a-serie-especial-sobre-a-campanha-da-fraternidade.html#breadcrumb\",\"itemListElement\":[{\"@type\":\"ListItem\",\"position\":1,\"name\":\"Home\",\"item\":\"https:\/\/franciscanos.org.br\/noticias\"},{\"@type\":\"ListItem\",\"position\":2,\"name\":\"S\u00e9rie Especial sobre a Campanha da Fraternidade!\"}]},{\"@type\":\"Person\",\"@id\":\"https:\/\/franciscanos.org.br\/noticias\/#\/schema\/person\/b5c8cba458c330ccff548b056e95a5d4\",\"name\":\"moacir\",\"image\":{\"@type\":\"ImageObject\",\"inLanguage\":\"pt-BR\",\"@id\":\"https:\/\/franciscanos.org.br\/noticias\/#\/schema\/person\/image\/\",\"url\":\"https:\/\/secure.gravatar.com\/avatar\/d08aa2ce4c8dd416d4479aa8536fcf64?s=96&d=mm&r=g\",\"contentUrl\":\"https:\/\/secure.gravatar.com\/avatar\/d08aa2ce4c8dd416d4479aa8536fcf64?s=96&d=mm&r=g\",\"caption\":\"moacir\"},\"url\":\"https:\/\/franciscanos.org.br\/noticias\/author\/moacir\"}]}<\/script>\n<!-- \/ Yoast SEO plugin. -->","yoast_head_json":{"title":"S\u00e9rie Especial sobre a Campanha da Fraternidade! - Not\u00edcias - Franciscanos","robots":{"index":"index","follow":"follow","max-snippet":"max-snippet:-1","max-image-preview":"max-image-preview:large","max-video-preview":"max-video-preview:-1"},"canonical":"https:\/\/franciscanos.org.br\/noticias\/vem-ai-a-serie-especial-sobre-a-campanha-da-fraternidade.html","og_locale":"pt_BR","og_type":"article","og_title":"S\u00e9rie Especial sobre a Campanha da Fraternidade! - Not\u00edcias - Franciscanos","og_description":"S\u00e9rie de Entrevistas sobre a Campanha da Fraternidade","og_url":"https:\/\/franciscanos.org.br\/noticias\/vem-ai-a-serie-especial-sobre-a-campanha-da-fraternidade.html","og_site_name":"Not\u00edcias - Franciscanos","article_published_time":"2019-02-12T15:30:17+00:00","article_modified_time":"2019-04-22T16:53:46+00:00","og_image":[{"width":273,"height":181,"url":"https:\/\/franciscanos.org.br\/noticias\/wp-content\/uploads\/2019\/02\/destaquecf_0702.png","type":"image\/png"}],"author":"moacir","twitter_card":"summary_large_image","twitter_misc":{"Escrito por":"moacir","Est. tempo de leitura":"5 minutos"},"schema":{"@context":"https:\/\/schema.org","@graph":[{"@type":"WebSite","@id":"https:\/\/franciscanos.org.br\/noticias\/#website","url":"https:\/\/franciscanos.org.br\/noticias\/","name":"Not\u00edcias - Franciscanos","description":"Prov\u00edncia Franciscana da Imaculada Concei\u00e7\u00e3o do Brasil - Ordem dos Frades Menores - OFM","potentialAction":[{"@type":"SearchAction","target":{"@type":"EntryPoint","urlTemplate":"https:\/\/franciscanos.org.br\/noticias\/?s={search_term_string}"},"query-input":"required name=search_term_string"}],"inLanguage":"pt-BR"},{"@type":"ImageObject","inLanguage":"pt-BR","@id":"https:\/\/franciscanos.org.br\/noticias\/vem-ai-a-serie-especial-sobre-a-campanha-da-fraternidade.html#primaryimage","url":"https:\/\/franciscanos.org.br\/noticias\/wp-content\/uploads\/2019\/02\/destaquecf_0702.png","contentUrl":"https:\/\/franciscanos.org.br\/noticias\/wp-content\/uploads\/2019\/02\/destaquecf_0702.png","width":273,"height":181},{"@type":"WebPage","@id":"https:\/\/franciscanos.org.br\/noticias\/vem-ai-a-serie-especial-sobre-a-campanha-da-fraternidade.html#webpage","url":"https:\/\/franciscanos.org.br\/noticias\/vem-ai-a-serie-especial-sobre-a-campanha-da-fraternidade.html","name":"S\u00e9rie Especial sobre a Campanha da Fraternidade! - Not\u00edcias - Franciscanos","isPartOf":{"@id":"https:\/\/franciscanos.org.br\/noticias\/#website"},"primaryImageOfPage":{"@id":"https:\/\/franciscanos.org.br\/noticias\/vem-ai-a-serie-especial-sobre-a-campanha-da-fraternidade.html#primaryimage"},"datePublished":"2019-02-12T15:30:17+00:00","dateModified":"2019-04-22T16:53:46+00:00","author":{"@id":"https:\/\/franciscanos.org.br\/noticias\/#\/schema\/person\/b5c8cba458c330ccff548b056e95a5d4"},"breadcrumb":{"@id":"https:\/\/franciscanos.org.br\/noticias\/vem-ai-a-serie-especial-sobre-a-campanha-da-fraternidade.html#breadcrumb"},"inLanguage":"pt-BR","potentialAction":[{"@type":"ReadAction","target":["https:\/\/franciscanos.org.br\/noticias\/vem-ai-a-serie-especial-sobre-a-campanha-da-fraternidade.html"]}]},{"@type":"BreadcrumbList","@id":"https:\/\/franciscanos.org.br\/noticias\/vem-ai-a-serie-especial-sobre-a-campanha-da-fraternidade.html#breadcrumb","itemListElement":[{"@type":"ListItem","position":1,"name":"Home","item":"https:\/\/franciscanos.org.br\/noticias"},{"@type":"ListItem","position":2,"name":"S\u00e9rie Especial sobre a Campanha da Fraternidade!"}]},{"@type":"Person","@id":"https:\/\/franciscanos.org.br\/noticias\/#\/schema\/person\/b5c8cba458c330ccff548b056e95a5d4","name":"moacir","image":{"@type":"ImageObject","inLanguage":"pt-BR","@id":"https:\/\/franciscanos.org.br\/noticias\/#\/schema\/person\/image\/","url":"https:\/\/secure.gravatar.com\/avatar\/d08aa2ce4c8dd416d4479aa8536fcf64?s=96&d=mm&r=g","contentUrl":"https:\/\/secure.gravatar.com\/avatar\/d08aa2ce4c8dd416d4479aa8536fcf64?s=96&d=mm&r=g","caption":"moacir"},"url":"https:\/\/franciscanos.org.br\/noticias\/author\/moacir"}]}},"_links":{"self":[{"href":"https:\/\/franciscanos.org.br\/noticias\/wp-json\/wp\/v2\/posts\/199656"}],"collection":[{"href":"https:\/\/franciscanos.org.br\/noticias\/wp-json\/wp\/v2\/posts"}],"about":[{"href":"https:\/\/franciscanos.org.br\/noticias\/wp-json\/wp\/v2\/types\/post"}],"author":[{"embeddable":true,"href":"https:\/\/franciscanos.org.br\/noticias\/wp-json\/wp\/v2\/users\/3"}],"replies":[{"embeddable":true,"href":"https:\/\/franciscanos.org.br\/noticias\/wp-json\/wp\/v2\/comments?post=199656"}],"version-history":[{"count":0,"href":"https:\/\/franciscanos.org.br\/noticias\/wp-json\/wp\/v2\/posts\/199656\/revisions"}],"wp:featuredmedia":[{"embeddable":true,"href":"https:\/\/franciscanos.org.br\/noticias\/wp-json\/wp\/v2\/media\/199658"}],"wp:attachment":[{"href":"https:\/\/franciscanos.org.br\/noticias\/wp-json\/wp\/v2\/media?parent=199656"}],"wp:term":[{"taxonomy":"category","embeddable":true,"href":"https:\/\/franciscanos.org.br\/noticias\/wp-json\/wp\/v2\/categories?post=199656"},{"taxonomy":"post_tag","embeddable":true,"href":"https:\/\/franciscanos.org.br\/noticias\/wp-json\/wp\/v2\/tags?post=199656"}],"curies":[{"name":"wp","href":"https:\/\/api.w.org\/{rel}","templated":true}]}}