{"id":199636,"date":"2019-02-07T07:40:40","date_gmt":"2019-02-07T09:40:40","guid":{"rendered":"https:\/\/franciscanos.org.br\/noticias\/?p=199636"},"modified":"2020-08-06T16:42:27","modified_gmt":"2020-08-06T19:42:27","slug":"mesmo-fazendo-coisas-boas-se-o-coracao-estiver-fechado-e-so-verniz-por-fora","status":"publish","type":"post","link":"https:\/\/franciscanos.org.br\/noticias\/mesmo-fazendo-coisas-boas-se-o-coracao-estiver-fechado-e-so-verniz-por-fora.html","title":{"rendered":"Mesmo fazendo coisas boas, se o cora\u00e7\u00e3o estiver fechado, \u00e9 s\u00f3 verniz por fora"},"content":{"rendered":"<p><img loading=\"lazy\" class=\"alignnone size-full wp-image-199638\" src=\"https:\/\/franciscanos.org.br\/noticias\/wp-content\/uploads\/2019\/02\/marta_070219.jpg\" alt=\"\" width=\"890\" height=\"501\" srcset=\"https:\/\/franciscanos.org.br\/noticias\/wp-content\/uploads\/2019\/02\/marta_070219.jpg 890w, https:\/\/franciscanos.org.br\/noticias\/wp-content\/uploads\/2019\/02\/marta_070219-450x253.jpg 450w, https:\/\/franciscanos.org.br\/noticias\/wp-content\/uploads\/2019\/02\/marta_070219-768x432.jpg 768w, https:\/\/franciscanos.org.br\/noticias\/wp-content\/uploads\/2019\/02\/marta_070219-150x84.jpg 150w\" sizes=\"(max-width: 890px) 100vw, 890px\" \/><\/p>\n<p><strong>Vaticano<\/strong> &#8211; Para abrir o cora\u00e7\u00e3o dos outros e convidar \u00e0 convers\u00e3o s\u00e3o necess\u00e1rias mansid\u00e3o, humildade e pobreza, seguindo os passos de Cristo: foi o que disse o Papa Francisco na homilia da missa celebrada na Casa Santa Marta (07\/02). A sua reflex\u00e3o partiu do trecho do Evangelho de Marcos (Mc 6,7-13) proposto pela Liturgia do dia: a mensagem \u00e9 precisamente a \u201ccura\u201d.<\/p>\n<p>Jesus convida os seus disc\u00edpulos a curar, assim como Ele mesmo veio ao mundo para curar, \u201ccurar a raiz do pecado em n\u00f3s\u201d, \u201co pecado original\u201d. \u201cCurar \u00e9 um pouco como recriar\u201d, observou o Papa: \u201cJesus nos recriou a partir da raiz e depois fez com que f\u00f4ssemos avante com o seu ensinamento, com a sua doutrina, que \u00e9 uma doutrina que cura\u201d, sempre. E o primeiro mandamento que d\u00e1 \u00e9 a convers\u00e3o.<\/p>\n<p>A primeira cura \u00e9 a convers\u00e3o no sentido de abrir o cora\u00e7\u00e3o para que entre a Palavra de Deus. Converter-se \u00e9 olhar para o outro lado, convergir para outra parte. E isso abre o cora\u00e7\u00e3o, mostra outras coisas. Mas se o cora\u00e7\u00e3o estiver fechado, n\u00e3o pode ser curado. Se algu\u00e9m est\u00e1 doente e por teimosia n\u00e3o quer ir ao m\u00e9dico, n\u00e3o ser\u00e1 curado. E a eles diz, primeiro: \u201cConvertam-se, abram o cora\u00e7\u00e3o\u201d. Mesmo que n\u00f3s, crist\u00e3os, fazemos tantas coisas boas, mas se o cora\u00e7\u00e3o estiver fechado, \u00e9 s\u00f3 verniz por fora.<\/p>\n<p>E na primeira chuva, desaparecer\u00e1. Portanto, Francisco exortou a se questionar: \u201cEu sinto este convite a me converter, abrir o cora\u00e7\u00e3o para ser curado, para encontrar o Senhor, para ir avante?\u201d. Para proclamar que as pessoas se convertam, \u00e9 preciso por\u00e9m autoridade. Para conquist\u00e1-la, Jesus diz no Evangelho, diz \u201cn\u00e3o levem nada para o caminho, a n\u00e3o ser um cajado; nem p\u00e3o, nem sacola, nem dinheiro\u201d. Ou seja, a pobreza.<\/p>\n<p><strong>N\u00e3o se cura buscando o poder<\/strong><br \/>\nO Papa convidou \u00e0 \u201cpobreza, humildade, mansid\u00e3o\u201d. E como exorta Jesus no Evangelho, \u201cse n\u00e3o os receberem, v\u00e3o para outra parte!\u201d, fazendo o gesto de sacudir as sand\u00e1lias, mas \u2013 reiterou Francisco \u2013 com mansid\u00e3o e humildade, porque esta \u00e9 a atitude do ap\u00f3stolo. Se um ap\u00f3stolo, um convidado, qualquer um de voc\u00eas \u2013 h\u00e1 tantos convidados aqui -, vai um pouco com o nariz empinado, acreditando ser superior aos outros ou buscando algum interesse humano ou \u2013 n\u00e3o sei \u2013 buscando posi\u00e7\u00f5es na Igreja, jamais curar\u00e1 algu\u00e9m, n\u00e3o conseguir\u00e1 abrir o cora\u00e7\u00e3o de ningu\u00e9m, porque a sua palavra n\u00e3o ter\u00e1 autoridade. O disc\u00edpulo ter\u00e1 autoridade se seguir o passos de Cristo. E quais s\u00e3o os passos de Cristo? A pobreza. De Deus se fez homem! Ele se aniquilou! Ele se despiu! A pobreza que leva \u00e0 mansid\u00e3o, \u00e0 humildade. O Jesus humilde que sai pela estrada para curar. E assim, um ap\u00f3stolo com esta atitude de pobreza, de humildade, de mansid\u00e3o, \u00e9 capaz de ter a autoridade para dizer: \u201cConvertam-se\u201d, para abrir os cora\u00e7\u00f5es.<\/p>\n<p><strong>Interessar-se pelas pessoas<\/strong><br \/>\nDepois de exortar \u00e0 convers\u00e3o, os convidados expulsavam muitos dem\u00f4nios, com a autoridade de dizer: \u201cN\u00e3o, este \u00e9 um dem\u00f4nio! Isso \u00e9 pecado. Esta \u00e9 uma atitude impura! Voc\u00ea n\u00e3o pode faz\u00ea-lo\u201d. Mas \u00e9 preciso dizer com \u201ca autoridade do pr\u00f3prio exemplo, n\u00e3o com a autoridade de algu\u00e9m que fala l\u00e1 de cima, mas n\u00e3o est\u00e1 interessado nas pessoas\u201d, destacou ainda Francisco, explicando que isso n\u00e3o \u00e9 autoridade, \u00e9 autoritarismo\u201d. \u201cDiante da humildade, diante do poder do nome de Cristo com o qual o ap\u00f3stolo exerce a sua miss\u00e3o, se \u00e9 humilde, os dem\u00f4nios fogem\u201d, porque n\u00e3o suportam que os pecados sejam curados.<\/p>\n<p>Os enviados curavam tamb\u00e9m o corpo, ungindo com \u00f3leo muitos enfermos. \u201cA un\u00e7\u00e3o \u00e9 a car\u00edcia de Deus\u201d, afirmou o Papa: o \u00f3leo, de fato, \u00e9 sempre uma car\u00edcia, amacia a pele e faz se sentir melhor. Portanto, os ap\u00f3stolos devem aprender \u201cesta sabedoria das car\u00edcias de Deus\u201d. \u201cAssim um crist\u00e3o cura, n\u00e3o somente um bispo\u201d: \u201ccada um de n\u00f3s \u2013 reiterou Francisco \u2013, tem o poder de curar\u201d o irm\u00e3o ou a irm\u00e3 \u201ccom uma palavra doce, com a paci\u00eancia, com um conselho, com um olhar, mas como o \u00f3leo, humildemente\u201d.<\/p>\n<p>Todos n\u00f3s precisamos ser curados, todos, porque todos temos doen\u00e7as espirituais, todos. Mas tamb\u00e9m todos n\u00f3s temos a possibilidade de curar os outros, mas com esta atitude. Que o Senhor nos d\u00ea esta gra\u00e7a de curar como Ele curava: com a mansid\u00e3o, com a humildade, com a for\u00e7a do pecado, contra o diabo e ir avante nesta bela miss\u00e3o de nos curar entre n\u00f3s: \u201cEu curo uma pessoa e me deixo curar por outra\u201d. Entre n\u00f3s. Esta \u00e9 uma comunidade crist\u00e3.<\/p>\n","protected":false},"excerpt":{"rendered":"<p>Missa em Santa Marta<\/p>\n","protected":false},"author":3,"featured_media":199637,"comment_status":"open","ping_status":"open","sticky":false,"template":"","format":"standard","meta":[],"categories":[1428],"tags":[829],"acf":[],"yoast_head":"<!-- This site is optimized with the Yoast SEO plugin v19.2 - https:\/\/yoast.com\/wordpress\/plugins\/seo\/ -->\n<title>Mesmo fazendo coisas boas, se o cora\u00e7\u00e3o estiver fechado, \u00e9 s\u00f3 verniz por fora - Not\u00edcias - Franciscanos<\/title>\n<meta name=\"robots\" content=\"index, follow, max-snippet:-1, max-image-preview:large, max-video-preview:-1\" \/>\n<link rel=\"canonical\" href=\"https:\/\/franciscanos.org.br\/noticias\/mesmo-fazendo-coisas-boas-se-o-coracao-estiver-fechado-e-so-verniz-por-fora.html\" \/>\n<meta property=\"og:locale\" content=\"pt_BR\" \/>\n<meta property=\"og:type\" content=\"article\" \/>\n<meta property=\"og:title\" content=\"Mesmo fazendo coisas boas, se o cora\u00e7\u00e3o estiver fechado, \u00e9 s\u00f3 verniz por fora - Not\u00edcias - Franciscanos\" \/>\n<meta property=\"og:description\" content=\"Missa em Santa Marta\" \/>\n<meta property=\"og:url\" content=\"https:\/\/franciscanos.org.br\/noticias\/mesmo-fazendo-coisas-boas-se-o-coracao-estiver-fechado-e-so-verniz-por-fora.html\" \/>\n<meta property=\"og:site_name\" content=\"Not\u00edcias - Franciscanos\" \/>\n<meta property=\"article:published_time\" content=\"2019-02-07T09:40:40+00:00\" \/>\n<meta property=\"article:modified_time\" content=\"2020-08-06T19:42:27+00:00\" \/>\n<meta property=\"og:image\" content=\"https:\/\/franciscanos.org.br\/noticias\/wp-content\/uploads\/2019\/02\/marta_070219d.jpg\" \/>\n\t<meta property=\"og:image:width\" content=\"273\" \/>\n\t<meta property=\"og:image:height\" content=\"181\" \/>\n\t<meta property=\"og:image:type\" content=\"image\/jpeg\" \/>\n<meta name=\"author\" content=\"moacir\" \/>\n<meta name=\"twitter:card\" content=\"summary_large_image\" \/>\n<meta name=\"twitter:label1\" content=\"Escrito por\" \/>\n\t<meta name=\"twitter:data1\" content=\"moacir\" \/>\n\t<meta name=\"twitter:label2\" content=\"Est. tempo de leitura\" \/>\n\t<meta name=\"twitter:data2\" content=\"4 minutos\" \/>\n<script type=\"application\/ld+json\" class=\"yoast-schema-graph\">{\"@context\":\"https:\/\/schema.org\",\"@graph\":[{\"@type\":\"WebSite\",\"@id\":\"https:\/\/franciscanos.org.br\/noticias\/#website\",\"url\":\"https:\/\/franciscanos.org.br\/noticias\/\",\"name\":\"Not\u00edcias - Franciscanos\",\"description\":\"Prov\u00edncia Franciscana da Imaculada Concei\u00e7\u00e3o do Brasil - Ordem dos Frades Menores - OFM\",\"potentialAction\":[{\"@type\":\"SearchAction\",\"target\":{\"@type\":\"EntryPoint\",\"urlTemplate\":\"https:\/\/franciscanos.org.br\/noticias\/?s={search_term_string}\"},\"query-input\":\"required name=search_term_string\"}],\"inLanguage\":\"pt-BR\"},{\"@type\":\"ImageObject\",\"inLanguage\":\"pt-BR\",\"@id\":\"https:\/\/franciscanos.org.br\/noticias\/mesmo-fazendo-coisas-boas-se-o-coracao-estiver-fechado-e-so-verniz-por-fora.html#primaryimage\",\"url\":\"https:\/\/franciscanos.org.br\/noticias\/wp-content\/uploads\/2019\/02\/marta_070219d.jpg\",\"contentUrl\":\"https:\/\/franciscanos.org.br\/noticias\/wp-content\/uploads\/2019\/02\/marta_070219d.jpg\",\"width\":273,\"height\":181},{\"@type\":\"WebPage\",\"@id\":\"https:\/\/franciscanos.org.br\/noticias\/mesmo-fazendo-coisas-boas-se-o-coracao-estiver-fechado-e-so-verniz-por-fora.html#webpage\",\"url\":\"https:\/\/franciscanos.org.br\/noticias\/mesmo-fazendo-coisas-boas-se-o-coracao-estiver-fechado-e-so-verniz-por-fora.html\",\"name\":\"Mesmo fazendo coisas boas, se o cora\u00e7\u00e3o estiver fechado, \u00e9 s\u00f3 verniz por fora - Not\u00edcias - Franciscanos\",\"isPartOf\":{\"@id\":\"https:\/\/franciscanos.org.br\/noticias\/#website\"},\"primaryImageOfPage\":{\"@id\":\"https:\/\/franciscanos.org.br\/noticias\/mesmo-fazendo-coisas-boas-se-o-coracao-estiver-fechado-e-so-verniz-por-fora.html#primaryimage\"},\"datePublished\":\"2019-02-07T09:40:40+00:00\",\"dateModified\":\"2020-08-06T19:42:27+00:00\",\"author\":{\"@id\":\"https:\/\/franciscanos.org.br\/noticias\/#\/schema\/person\/b5c8cba458c330ccff548b056e95a5d4\"},\"breadcrumb\":{\"@id\":\"https:\/\/franciscanos.org.br\/noticias\/mesmo-fazendo-coisas-boas-se-o-coracao-estiver-fechado-e-so-verniz-por-fora.html#breadcrumb\"},\"inLanguage\":\"pt-BR\",\"potentialAction\":[{\"@type\":\"ReadAction\",\"target\":[\"https:\/\/franciscanos.org.br\/noticias\/mesmo-fazendo-coisas-boas-se-o-coracao-estiver-fechado-e-so-verniz-por-fora.html\"]}]},{\"@type\":\"BreadcrumbList\",\"@id\":\"https:\/\/franciscanos.org.br\/noticias\/mesmo-fazendo-coisas-boas-se-o-coracao-estiver-fechado-e-so-verniz-por-fora.html#breadcrumb\",\"itemListElement\":[{\"@type\":\"ListItem\",\"position\":1,\"name\":\"Home\",\"item\":\"https:\/\/franciscanos.org.br\/noticias\"},{\"@type\":\"ListItem\",\"position\":2,\"name\":\"Mesmo fazendo coisas boas, se o cora\u00e7\u00e3o estiver fechado, \u00e9 s\u00f3 verniz por fora\"}]},{\"@type\":\"Person\",\"@id\":\"https:\/\/franciscanos.org.br\/noticias\/#\/schema\/person\/b5c8cba458c330ccff548b056e95a5d4\",\"name\":\"moacir\",\"image\":{\"@type\":\"ImageObject\",\"inLanguage\":\"pt-BR\",\"@id\":\"https:\/\/franciscanos.org.br\/noticias\/#\/schema\/person\/image\/\",\"url\":\"https:\/\/secure.gravatar.com\/avatar\/d08aa2ce4c8dd416d4479aa8536fcf64?s=96&d=mm&r=g\",\"contentUrl\":\"https:\/\/secure.gravatar.com\/avatar\/d08aa2ce4c8dd416d4479aa8536fcf64?s=96&d=mm&r=g\",\"caption\":\"moacir\"},\"url\":\"https:\/\/franciscanos.org.br\/noticias\/author\/moacir\"}]}<\/script>\n<!-- \/ Yoast SEO plugin. -->","yoast_head_json":{"title":"Mesmo fazendo coisas boas, se o cora\u00e7\u00e3o estiver fechado, \u00e9 s\u00f3 verniz por fora - Not\u00edcias - Franciscanos","robots":{"index":"index","follow":"follow","max-snippet":"max-snippet:-1","max-image-preview":"max-image-preview:large","max-video-preview":"max-video-preview:-1"},"canonical":"https:\/\/franciscanos.org.br\/noticias\/mesmo-fazendo-coisas-boas-se-o-coracao-estiver-fechado-e-so-verniz-por-fora.html","og_locale":"pt_BR","og_type":"article","og_title":"Mesmo fazendo coisas boas, se o cora\u00e7\u00e3o estiver fechado, \u00e9 s\u00f3 verniz por fora - Not\u00edcias - Franciscanos","og_description":"Missa em Santa Marta","og_url":"https:\/\/franciscanos.org.br\/noticias\/mesmo-fazendo-coisas-boas-se-o-coracao-estiver-fechado-e-so-verniz-por-fora.html","og_site_name":"Not\u00edcias - Franciscanos","article_published_time":"2019-02-07T09:40:40+00:00","article_modified_time":"2020-08-06T19:42:27+00:00","og_image":[{"width":273,"height":181,"url":"https:\/\/franciscanos.org.br\/noticias\/wp-content\/uploads\/2019\/02\/marta_070219d.jpg","type":"image\/jpeg"}],"author":"moacir","twitter_card":"summary_large_image","twitter_misc":{"Escrito por":"moacir","Est. tempo de leitura":"4 minutos"},"schema":{"@context":"https:\/\/schema.org","@graph":[{"@type":"WebSite","@id":"https:\/\/franciscanos.org.br\/noticias\/#website","url":"https:\/\/franciscanos.org.br\/noticias\/","name":"Not\u00edcias - Franciscanos","description":"Prov\u00edncia Franciscana da Imaculada Concei\u00e7\u00e3o do Brasil - Ordem dos Frades Menores - OFM","potentialAction":[{"@type":"SearchAction","target":{"@type":"EntryPoint","urlTemplate":"https:\/\/franciscanos.org.br\/noticias\/?s={search_term_string}"},"query-input":"required name=search_term_string"}],"inLanguage":"pt-BR"},{"@type":"ImageObject","inLanguage":"pt-BR","@id":"https:\/\/franciscanos.org.br\/noticias\/mesmo-fazendo-coisas-boas-se-o-coracao-estiver-fechado-e-so-verniz-por-fora.html#primaryimage","url":"https:\/\/franciscanos.org.br\/noticias\/wp-content\/uploads\/2019\/02\/marta_070219d.jpg","contentUrl":"https:\/\/franciscanos.org.br\/noticias\/wp-content\/uploads\/2019\/02\/marta_070219d.jpg","width":273,"height":181},{"@type":"WebPage","@id":"https:\/\/franciscanos.org.br\/noticias\/mesmo-fazendo-coisas-boas-se-o-coracao-estiver-fechado-e-so-verniz-por-fora.html#webpage","url":"https:\/\/franciscanos.org.br\/noticias\/mesmo-fazendo-coisas-boas-se-o-coracao-estiver-fechado-e-so-verniz-por-fora.html","name":"Mesmo fazendo coisas boas, se o cora\u00e7\u00e3o estiver fechado, \u00e9 s\u00f3 verniz por fora - Not\u00edcias - Franciscanos","isPartOf":{"@id":"https:\/\/franciscanos.org.br\/noticias\/#website"},"primaryImageOfPage":{"@id":"https:\/\/franciscanos.org.br\/noticias\/mesmo-fazendo-coisas-boas-se-o-coracao-estiver-fechado-e-so-verniz-por-fora.html#primaryimage"},"datePublished":"2019-02-07T09:40:40+00:00","dateModified":"2020-08-06T19:42:27+00:00","author":{"@id":"https:\/\/franciscanos.org.br\/noticias\/#\/schema\/person\/b5c8cba458c330ccff548b056e95a5d4"},"breadcrumb":{"@id":"https:\/\/franciscanos.org.br\/noticias\/mesmo-fazendo-coisas-boas-se-o-coracao-estiver-fechado-e-so-verniz-por-fora.html#breadcrumb"},"inLanguage":"pt-BR","potentialAction":[{"@type":"ReadAction","target":["https:\/\/franciscanos.org.br\/noticias\/mesmo-fazendo-coisas-boas-se-o-coracao-estiver-fechado-e-so-verniz-por-fora.html"]}]},{"@type":"BreadcrumbList","@id":"https:\/\/franciscanos.org.br\/noticias\/mesmo-fazendo-coisas-boas-se-o-coracao-estiver-fechado-e-so-verniz-por-fora.html#breadcrumb","itemListElement":[{"@type":"ListItem","position":1,"name":"Home","item":"https:\/\/franciscanos.org.br\/noticias"},{"@type":"ListItem","position":2,"name":"Mesmo fazendo coisas boas, se o cora\u00e7\u00e3o estiver fechado, \u00e9 s\u00f3 verniz por fora"}]},{"@type":"Person","@id":"https:\/\/franciscanos.org.br\/noticias\/#\/schema\/person\/b5c8cba458c330ccff548b056e95a5d4","name":"moacir","image":{"@type":"ImageObject","inLanguage":"pt-BR","@id":"https:\/\/franciscanos.org.br\/noticias\/#\/schema\/person\/image\/","url":"https:\/\/secure.gravatar.com\/avatar\/d08aa2ce4c8dd416d4479aa8536fcf64?s=96&d=mm&r=g","contentUrl":"https:\/\/secure.gravatar.com\/avatar\/d08aa2ce4c8dd416d4479aa8536fcf64?s=96&d=mm&r=g","caption":"moacir"},"url":"https:\/\/franciscanos.org.br\/noticias\/author\/moacir"}]}},"_links":{"self":[{"href":"https:\/\/franciscanos.org.br\/noticias\/wp-json\/wp\/v2\/posts\/199636"}],"collection":[{"href":"https:\/\/franciscanos.org.br\/noticias\/wp-json\/wp\/v2\/posts"}],"about":[{"href":"https:\/\/franciscanos.org.br\/noticias\/wp-json\/wp\/v2\/types\/post"}],"author":[{"embeddable":true,"href":"https:\/\/franciscanos.org.br\/noticias\/wp-json\/wp\/v2\/users\/3"}],"replies":[{"embeddable":true,"href":"https:\/\/franciscanos.org.br\/noticias\/wp-json\/wp\/v2\/comments?post=199636"}],"version-history":[{"count":1,"href":"https:\/\/franciscanos.org.br\/noticias\/wp-json\/wp\/v2\/posts\/199636\/revisions"}],"predecessor-version":[{"id":227614,"href":"https:\/\/franciscanos.org.br\/noticias\/wp-json\/wp\/v2\/posts\/199636\/revisions\/227614"}],"wp:featuredmedia":[{"embeddable":true,"href":"https:\/\/franciscanos.org.br\/noticias\/wp-json\/wp\/v2\/media\/199637"}],"wp:attachment":[{"href":"https:\/\/franciscanos.org.br\/noticias\/wp-json\/wp\/v2\/media?parent=199636"}],"wp:term":[{"taxonomy":"category","embeddable":true,"href":"https:\/\/franciscanos.org.br\/noticias\/wp-json\/wp\/v2\/categories?post=199636"},{"taxonomy":"post_tag","embeddable":true,"href":"https:\/\/franciscanos.org.br\/noticias\/wp-json\/wp\/v2\/tags?post=199636"}],"curies":[{"name":"wp","href":"https:\/\/api.w.org\/{rel}","templated":true}]}}