{"id":199621,"date":"2019-02-07T08:08:05","date_gmt":"2019-02-07T10:08:05","guid":{"rendered":"https:\/\/franciscanos.org.br\/noticias\/?p=199621"},"modified":"2019-12-06T17:25:08","modified_gmt":"2019-12-06T20:25:08","slug":"frei-jose-ariovaldo-celebra-jubileu-de-ouro-de-vida-religiosa","status":"publish","type":"post","link":"https:\/\/franciscanos.org.br\/noticias\/frei-jose-ariovaldo-celebra-jubileu-de-ouro-de-vida-religiosa.html","title":{"rendered":"Frei Jos\u00e9 Ariovaldo celebra jubileu de ouro de vida religiosa"},"content":{"rendered":"<p><img loading=\"lazy\" class=\"alignnone size-full wp-image-199622\" src=\"https:\/\/franciscanos.org.br\/noticias\/wp-content\/uploads\/2019\/02\/ariovaldo_070219.jpg\" alt=\"\" width=\"890\" height=\"510\" srcset=\"https:\/\/franciscanos.org.br\/noticias\/wp-content\/uploads\/2019\/02\/ariovaldo_070219.jpg 890w, https:\/\/franciscanos.org.br\/noticias\/wp-content\/uploads\/2019\/02\/ariovaldo_070219-450x258.jpg 450w, https:\/\/franciscanos.org.br\/noticias\/wp-content\/uploads\/2019\/02\/ariovaldo_070219-768x440.jpg 768w, https:\/\/franciscanos.org.br\/noticias\/wp-content\/uploads\/2019\/02\/ariovaldo_070219-150x86.jpg 150w\" sizes=\"(max-width: 890px) 100vw, 890px\" \/><\/p>\n<p><strong>Petr\u00f3polis &#8211;<\/strong> Na noite do dia 5 de fevereiro, a Prov\u00edncia Franciscana da Imaculada Concei\u00e7\u00e3o do Brasil, especialmente os fi\u00e9is da Igreja do Sagrado Cora\u00e7\u00e3o de Jesus em Petr\u00f3polis, renderam gra\u00e7as pelo Jubileu de ouro de vida religiosa de Frei Jos\u00e9 Ariovaldo da Silva. O ponto alto da comemora\u00e7\u00e3o se deu na Santa Missa, presidida pelo jubilando e concelebrada pelos confrades Frei Almir Ribeiro Guimar\u00e3es, Frei Jorge Paulo Schiavini, Frei Ludovico Garmus e Frei Jos\u00e9 Clemente Schfaschek.<\/p>\n<p><img loading=\"lazy\" class=\"alignleft size-full wp-image-199623\" src=\"https:\/\/franciscanos.org.br\/noticias\/wp-content\/uploads\/2019\/02\/ariovaldo_070219_1.jpg\" alt=\"\" width=\"438\" height=\"500\" srcset=\"https:\/\/franciscanos.org.br\/noticias\/wp-content\/uploads\/2019\/02\/ariovaldo_070219_1.jpg 438w, https:\/\/franciscanos.org.br\/noticias\/wp-content\/uploads\/2019\/02\/ariovaldo_070219_1-394x450.jpg 394w, https:\/\/franciscanos.org.br\/noticias\/wp-content\/uploads\/2019\/02\/ariovaldo_070219_1-150x171.jpg 150w\" sizes=\"(max-width: 438px) 100vw, 438px\" \/>Em sua homilia, Frei Ariovaldo agradeceu o chamado a seguir Jesus pela modo de vida de S\u00e3o Francisco de Assis e disse n\u00e3o ter o que lamentar pelo tempo vivido em fraternidade nesses 50 anos de vida religiosa. Antes da prepara\u00e7\u00e3o das ofertas e de joelhos, Frei Jos\u00e9 Ariovaldo renovou, simbolicamente, uma vez que \u00e9 professo solene, os votos de pobreza, obedi\u00eancia e castidade na Ordem dos frades menores.<\/p>\n<p>Natural de Canoinhas (SC), Frei Jos\u00e9 nasceu no dia 1\u00ba de janeiro de 1945 e vestiu o h\u00e1bito franciscano em 2 de fevereiro de 1968 no Noviciado Franciscano de Rodeio. Professou na Ordem dos Frades Menores em 4 de agosto de 1972 e foi ordenado presb\u00edtero no dia 30 de dezembro de 1973. \u00c9 doutor em Liturgia pelo Pontificio Ateneo S. Anselmo (1981), em Roma; professor de Liturgia no Instituto Teol\u00f3gico Franciscano (ITF), em Petr\u00f3polis (RJ). \u00c9 membro fundador da Associa\u00e7\u00e3o dos Liturgistas do Brasil (Asli), da qual foi primeiro presidente.<\/p>\n<p>Faz parte da Equipe de Reflex\u00e3o da Comiss\u00e3o Episcopal Pastoral para a Liturgia da Confer\u00eancia Nacional dos Bispos do Brasil (CNBB). \u00c9 membro da comiss\u00e3o consultiva para acabamento da Bas\u00edlica Nacional de Aparecida. Faz parte do Centro de Liturgia D. Clemente Isnard, ligado ao Instituto Pio XI da Universidade Salesiana (Unisal), em S\u00e3o Paulo. Faz confer\u00eancias e presta assessoria em cursos, semin\u00e1rios e Semanas de Liturgia em institutos teol\u00f3gicos, dioceses e par\u00f3quias pelo Brasil afora. Publicou diversos livros, entre os quais: O domingo, p\u00e1scoa semanal dos crist\u00e3os; Os elementos fundamentais do espa\u00e7o lit\u00fargico para a celebra\u00e7\u00e3o da missa: sentido teol\u00f3gico, orienta\u00e7\u00f5es pastorais, pela Paulus; O Movimento lit\u00fargico no Brasil.Estudo hist\u00f3rico; O mist\u00e9rio celebrado: mem\u00f3ria e compromisso.<\/p>\n<p><img loading=\"lazy\" class=\"alignright size-full wp-image-199624\" src=\"https:\/\/franciscanos.org.br\/noticias\/wp-content\/uploads\/2019\/02\/ariovaldo_070219_2.jpg\" alt=\"\" width=\"500\" height=\"282\" srcset=\"https:\/\/franciscanos.org.br\/noticias\/wp-content\/uploads\/2019\/02\/ariovaldo_070219_2.jpg 500w, https:\/\/franciscanos.org.br\/noticias\/wp-content\/uploads\/2019\/02\/ariovaldo_070219_2-450x254.jpg 450w, https:\/\/franciscanos.org.br\/noticias\/wp-content\/uploads\/2019\/02\/ariovaldo_070219_2-150x85.jpg 150w\" sizes=\"(max-width: 500px) 100vw, 500px\" \/>Segundo Frei Jos\u00e9, mergulhar no mist\u00e9rio da liturgia \u00e9 um desafio constante: &#8220;\u00c9 preciso aprofundar progressivamente a vida de comunh\u00e3o com o Pai, por Cristo, no Esp\u00edrito Santo. Afinal, esta \u00e9 a base de nossa f\u00e9, de nossa liturgia, de nossa a\u00e7\u00e3o como crist\u00e3os. Onde falta esta base, ser\u00e1 muito dif\u00edcil conseguir uma liturgia orante&#8221;, ensina o frade.<\/p>\n<p>Ap\u00f3s a Santa Missa, houve partilha de um bolo no Sal\u00e3o S\u00e3o Francisco.<\/p>\n<p><em>Michaell Grillo, pela Pascom do Sagrado<\/em><\/p>\n<p>&nbsp;<\/p>\n<p>&nbsp;<\/p>\n","protected":false},"excerpt":{"rendered":"<p>Jubileu de ouro de vida religiosa<\/p>\n","protected":false},"author":3,"featured_media":199625,"comment_status":"open","ping_status":"open","sticky":false,"template":"","format":"standard","meta":[],"categories":[1],"tags":[1360,85],"acf":[],"yoast_head":"<!-- This site is optimized with the Yoast SEO plugin v19.2 - https:\/\/yoast.com\/wordpress\/plugins\/seo\/ -->\n<title>Frei Jos\u00e9 Ariovaldo celebra jubileu de ouro de vida religiosa - Not\u00edcias - Franciscanos<\/title>\n<meta name=\"robots\" content=\"index, follow, max-snippet:-1, max-image-preview:large, max-video-preview:-1\" \/>\n<link rel=\"canonical\" href=\"https:\/\/franciscanos.org.br\/noticias\/frei-jose-ariovaldo-celebra-jubileu-de-ouro-de-vida-religiosa.html\" \/>\n<meta property=\"og:locale\" content=\"pt_BR\" \/>\n<meta property=\"og:type\" content=\"article\" \/>\n<meta property=\"og:title\" content=\"Frei Jos\u00e9 Ariovaldo celebra jubileu de ouro de vida religiosa - Not\u00edcias - Franciscanos\" \/>\n<meta property=\"og:description\" content=\"Jubileu de ouro de vida religiosa\" \/>\n<meta property=\"og:url\" content=\"https:\/\/franciscanos.org.br\/noticias\/frei-jose-ariovaldo-celebra-jubileu-de-ouro-de-vida-religiosa.html\" \/>\n<meta property=\"og:site_name\" content=\"Not\u00edcias - Franciscanos\" \/>\n<meta property=\"article:published_time\" content=\"2019-02-07T10:08:05+00:00\" \/>\n<meta property=\"article:modified_time\" content=\"2019-12-06T20:25:08+00:00\" \/>\n<meta property=\"og:image\" content=\"https:\/\/franciscanos.org.br\/noticias\/wp-content\/uploads\/2019\/02\/ariovaldo_070219d.jpg\" \/>\n\t<meta property=\"og:image:width\" content=\"273\" \/>\n\t<meta property=\"og:image:height\" content=\"181\" \/>\n\t<meta property=\"og:image:type\" content=\"image\/jpeg\" \/>\n<meta name=\"author\" content=\"moacir\" \/>\n<meta name=\"twitter:card\" content=\"summary_large_image\" \/>\n<meta name=\"twitter:label1\" content=\"Escrito por\" \/>\n\t<meta name=\"twitter:data1\" content=\"moacir\" \/>\n\t<meta name=\"twitter:label2\" content=\"Est. tempo de leitura\" \/>\n\t<meta name=\"twitter:data2\" content=\"2 minutos\" \/>\n<script type=\"application\/ld+json\" class=\"yoast-schema-graph\">{\"@context\":\"https:\/\/schema.org\",\"@graph\":[{\"@type\":\"WebSite\",\"@id\":\"https:\/\/franciscanos.org.br\/noticias\/#website\",\"url\":\"https:\/\/franciscanos.org.br\/noticias\/\",\"name\":\"Not\u00edcias - Franciscanos\",\"description\":\"Prov\u00edncia Franciscana da Imaculada Concei\u00e7\u00e3o do Brasil - Ordem dos Frades Menores - OFM\",\"potentialAction\":[{\"@type\":\"SearchAction\",\"target\":{\"@type\":\"EntryPoint\",\"urlTemplate\":\"https:\/\/franciscanos.org.br\/noticias\/?s={search_term_string}\"},\"query-input\":\"required name=search_term_string\"}],\"inLanguage\":\"pt-BR\"},{\"@type\":\"ImageObject\",\"inLanguage\":\"pt-BR\",\"@id\":\"https:\/\/franciscanos.org.br\/noticias\/frei-jose-ariovaldo-celebra-jubileu-de-ouro-de-vida-religiosa.html#primaryimage\",\"url\":\"https:\/\/franciscanos.org.br\/noticias\/wp-content\/uploads\/2019\/02\/ariovaldo_070219d.jpg\",\"contentUrl\":\"https:\/\/franciscanos.org.br\/noticias\/wp-content\/uploads\/2019\/02\/ariovaldo_070219d.jpg\",\"width\":273,\"height\":181},{\"@type\":\"WebPage\",\"@id\":\"https:\/\/franciscanos.org.br\/noticias\/frei-jose-ariovaldo-celebra-jubileu-de-ouro-de-vida-religiosa.html#webpage\",\"url\":\"https:\/\/franciscanos.org.br\/noticias\/frei-jose-ariovaldo-celebra-jubileu-de-ouro-de-vida-religiosa.html\",\"name\":\"Frei Jos\u00e9 Ariovaldo celebra jubileu de ouro de vida religiosa - Not\u00edcias - Franciscanos\",\"isPartOf\":{\"@id\":\"https:\/\/franciscanos.org.br\/noticias\/#website\"},\"primaryImageOfPage\":{\"@id\":\"https:\/\/franciscanos.org.br\/noticias\/frei-jose-ariovaldo-celebra-jubileu-de-ouro-de-vida-religiosa.html#primaryimage\"},\"datePublished\":\"2019-02-07T10:08:05+00:00\",\"dateModified\":\"2019-12-06T20:25:08+00:00\",\"author\":{\"@id\":\"https:\/\/franciscanos.org.br\/noticias\/#\/schema\/person\/b5c8cba458c330ccff548b056e95a5d4\"},\"breadcrumb\":{\"@id\":\"https:\/\/franciscanos.org.br\/noticias\/frei-jose-ariovaldo-celebra-jubileu-de-ouro-de-vida-religiosa.html#breadcrumb\"},\"inLanguage\":\"pt-BR\",\"potentialAction\":[{\"@type\":\"ReadAction\",\"target\":[\"https:\/\/franciscanos.org.br\/noticias\/frei-jose-ariovaldo-celebra-jubileu-de-ouro-de-vida-religiosa.html\"]}]},{\"@type\":\"BreadcrumbList\",\"@id\":\"https:\/\/franciscanos.org.br\/noticias\/frei-jose-ariovaldo-celebra-jubileu-de-ouro-de-vida-religiosa.html#breadcrumb\",\"itemListElement\":[{\"@type\":\"ListItem\",\"position\":1,\"name\":\"Home\",\"item\":\"https:\/\/franciscanos.org.br\/noticias\"},{\"@type\":\"ListItem\",\"position\":2,\"name\":\"Frei Jos\u00e9 Ariovaldo celebra jubileu de ouro de vida religiosa\"}]},{\"@type\":\"Person\",\"@id\":\"https:\/\/franciscanos.org.br\/noticias\/#\/schema\/person\/b5c8cba458c330ccff548b056e95a5d4\",\"name\":\"moacir\",\"image\":{\"@type\":\"ImageObject\",\"inLanguage\":\"pt-BR\",\"@id\":\"https:\/\/franciscanos.org.br\/noticias\/#\/schema\/person\/image\/\",\"url\":\"https:\/\/secure.gravatar.com\/avatar\/d08aa2ce4c8dd416d4479aa8536fcf64?s=96&d=mm&r=g\",\"contentUrl\":\"https:\/\/secure.gravatar.com\/avatar\/d08aa2ce4c8dd416d4479aa8536fcf64?s=96&d=mm&r=g\",\"caption\":\"moacir\"},\"url\":\"https:\/\/franciscanos.org.br\/noticias\/author\/moacir\"}]}<\/script>\n<!-- \/ Yoast SEO plugin. -->","yoast_head_json":{"title":"Frei Jos\u00e9 Ariovaldo celebra jubileu de ouro de vida religiosa - Not\u00edcias - Franciscanos","robots":{"index":"index","follow":"follow","max-snippet":"max-snippet:-1","max-image-preview":"max-image-preview:large","max-video-preview":"max-video-preview:-1"},"canonical":"https:\/\/franciscanos.org.br\/noticias\/frei-jose-ariovaldo-celebra-jubileu-de-ouro-de-vida-religiosa.html","og_locale":"pt_BR","og_type":"article","og_title":"Frei Jos\u00e9 Ariovaldo celebra jubileu de ouro de vida religiosa - Not\u00edcias - Franciscanos","og_description":"Jubileu de ouro de vida religiosa","og_url":"https:\/\/franciscanos.org.br\/noticias\/frei-jose-ariovaldo-celebra-jubileu-de-ouro-de-vida-religiosa.html","og_site_name":"Not\u00edcias - Franciscanos","article_published_time":"2019-02-07T10:08:05+00:00","article_modified_time":"2019-12-06T20:25:08+00:00","og_image":[{"width":273,"height":181,"url":"https:\/\/franciscanos.org.br\/noticias\/wp-content\/uploads\/2019\/02\/ariovaldo_070219d.jpg","type":"image\/jpeg"}],"author":"moacir","twitter_card":"summary_large_image","twitter_misc":{"Escrito por":"moacir","Est. tempo de leitura":"2 minutos"},"schema":{"@context":"https:\/\/schema.org","@graph":[{"@type":"WebSite","@id":"https:\/\/franciscanos.org.br\/noticias\/#website","url":"https:\/\/franciscanos.org.br\/noticias\/","name":"Not\u00edcias - Franciscanos","description":"Prov\u00edncia Franciscana da Imaculada Concei\u00e7\u00e3o do Brasil - Ordem dos Frades Menores - OFM","potentialAction":[{"@type":"SearchAction","target":{"@type":"EntryPoint","urlTemplate":"https:\/\/franciscanos.org.br\/noticias\/?s={search_term_string}"},"query-input":"required name=search_term_string"}],"inLanguage":"pt-BR"},{"@type":"ImageObject","inLanguage":"pt-BR","@id":"https:\/\/franciscanos.org.br\/noticias\/frei-jose-ariovaldo-celebra-jubileu-de-ouro-de-vida-religiosa.html#primaryimage","url":"https:\/\/franciscanos.org.br\/noticias\/wp-content\/uploads\/2019\/02\/ariovaldo_070219d.jpg","contentUrl":"https:\/\/franciscanos.org.br\/noticias\/wp-content\/uploads\/2019\/02\/ariovaldo_070219d.jpg","width":273,"height":181},{"@type":"WebPage","@id":"https:\/\/franciscanos.org.br\/noticias\/frei-jose-ariovaldo-celebra-jubileu-de-ouro-de-vida-religiosa.html#webpage","url":"https:\/\/franciscanos.org.br\/noticias\/frei-jose-ariovaldo-celebra-jubileu-de-ouro-de-vida-religiosa.html","name":"Frei Jos\u00e9 Ariovaldo celebra jubileu de ouro de vida religiosa - Not\u00edcias - Franciscanos","isPartOf":{"@id":"https:\/\/franciscanos.org.br\/noticias\/#website"},"primaryImageOfPage":{"@id":"https:\/\/franciscanos.org.br\/noticias\/frei-jose-ariovaldo-celebra-jubileu-de-ouro-de-vida-religiosa.html#primaryimage"},"datePublished":"2019-02-07T10:08:05+00:00","dateModified":"2019-12-06T20:25:08+00:00","author":{"@id":"https:\/\/franciscanos.org.br\/noticias\/#\/schema\/person\/b5c8cba458c330ccff548b056e95a5d4"},"breadcrumb":{"@id":"https:\/\/franciscanos.org.br\/noticias\/frei-jose-ariovaldo-celebra-jubileu-de-ouro-de-vida-religiosa.html#breadcrumb"},"inLanguage":"pt-BR","potentialAction":[{"@type":"ReadAction","target":["https:\/\/franciscanos.org.br\/noticias\/frei-jose-ariovaldo-celebra-jubileu-de-ouro-de-vida-religiosa.html"]}]},{"@type":"BreadcrumbList","@id":"https:\/\/franciscanos.org.br\/noticias\/frei-jose-ariovaldo-celebra-jubileu-de-ouro-de-vida-religiosa.html#breadcrumb","itemListElement":[{"@type":"ListItem","position":1,"name":"Home","item":"https:\/\/franciscanos.org.br\/noticias"},{"@type":"ListItem","position":2,"name":"Frei Jos\u00e9 Ariovaldo celebra jubileu de ouro de vida religiosa"}]},{"@type":"Person","@id":"https:\/\/franciscanos.org.br\/noticias\/#\/schema\/person\/b5c8cba458c330ccff548b056e95a5d4","name":"moacir","image":{"@type":"ImageObject","inLanguage":"pt-BR","@id":"https:\/\/franciscanos.org.br\/noticias\/#\/schema\/person\/image\/","url":"https:\/\/secure.gravatar.com\/avatar\/d08aa2ce4c8dd416d4479aa8536fcf64?s=96&d=mm&r=g","contentUrl":"https:\/\/secure.gravatar.com\/avatar\/d08aa2ce4c8dd416d4479aa8536fcf64?s=96&d=mm&r=g","caption":"moacir"},"url":"https:\/\/franciscanos.org.br\/noticias\/author\/moacir"}]}},"_links":{"self":[{"href":"https:\/\/franciscanos.org.br\/noticias\/wp-json\/wp\/v2\/posts\/199621"}],"collection":[{"href":"https:\/\/franciscanos.org.br\/noticias\/wp-json\/wp\/v2\/posts"}],"about":[{"href":"https:\/\/franciscanos.org.br\/noticias\/wp-json\/wp\/v2\/types\/post"}],"author":[{"embeddable":true,"href":"https:\/\/franciscanos.org.br\/noticias\/wp-json\/wp\/v2\/users\/3"}],"replies":[{"embeddable":true,"href":"https:\/\/franciscanos.org.br\/noticias\/wp-json\/wp\/v2\/comments?post=199621"}],"version-history":[{"count":0,"href":"https:\/\/franciscanos.org.br\/noticias\/wp-json\/wp\/v2\/posts\/199621\/revisions"}],"wp:featuredmedia":[{"embeddable":true,"href":"https:\/\/franciscanos.org.br\/noticias\/wp-json\/wp\/v2\/media\/199625"}],"wp:attachment":[{"href":"https:\/\/franciscanos.org.br\/noticias\/wp-json\/wp\/v2\/media?parent=199621"}],"wp:term":[{"taxonomy":"category","embeddable":true,"href":"https:\/\/franciscanos.org.br\/noticias\/wp-json\/wp\/v2\/categories?post=199621"},{"taxonomy":"post_tag","embeddable":true,"href":"https:\/\/franciscanos.org.br\/noticias\/wp-json\/wp\/v2\/tags?post=199621"}],"curies":[{"name":"wp","href":"https:\/\/api.w.org\/{rel}","templated":true}]}}