{"id":199584,"date":"2019-02-07T23:32:15","date_gmt":"2019-02-08T01:32:15","guid":{"rendered":"https:\/\/franciscanos.org.br\/noticias\/?p=199584"},"modified":"2020-01-30T09:50:48","modified_gmt":"2020-01-30T12:50:48","slug":"francisco-de-assis-historia-contos-e-lendas","status":"publish","type":"post","link":"https:\/\/franciscanos.org.br\/noticias\/francisco-de-assis-historia-contos-e-lendas.html","title":{"rendered":"&#8220;Francisco de Assis &#8211; Hist\u00f3ria, contos e lendas&#8221;"},"content":{"rendered":"<p><img loading=\"lazy\" class=\"alignnone size-full wp-image-199597\" src=\"https:\/\/franciscanos.org.br\/noticias\/wp-content\/uploads\/2019\/02\/livro_060219_1.jpg\" alt=\"\" width=\"890\" height=\"604\" srcset=\"https:\/\/franciscanos.org.br\/noticias\/wp-content\/uploads\/2019\/02\/livro_060219_1.jpg 890w, https:\/\/franciscanos.org.br\/noticias\/wp-content\/uploads\/2019\/02\/livro_060219_1-450x305.jpg 450w, https:\/\/franciscanos.org.br\/noticias\/wp-content\/uploads\/2019\/02\/livro_060219_1-768x521.jpg 768w, https:\/\/franciscanos.org.br\/noticias\/wp-content\/uploads\/2019\/02\/livro_060219_1-150x102.jpg 150w\" sizes=\"(max-width: 890px) 100vw, 890px\" \/><\/p>\n<p><img loading=\"lazy\" class=\"alignright wp-image-199599 size-full\" src=\"https:\/\/franciscanos.org.br\/noticias\/wp-content\/uploads\/2019\/02\/livro_060219.jpg\" alt=\"\" width=\"294\" height=\"450\" srcset=\"https:\/\/franciscanos.org.br\/noticias\/wp-content\/uploads\/2019\/02\/livro_060219.jpg 294w, https:\/\/franciscanos.org.br\/noticias\/wp-content\/uploads\/2019\/02\/livro_060219-150x230.jpg 150w\" sizes=\"(max-width: 294px) 100vw, 294px\" \/>Neste livro, os autores Frei Vogran Leluia e Renata Bohomoletz, retratam a vida, a hist\u00f3ria, os contos e as lendas de S\u00e3o Francisco de Assis. Dividido em duas partes, a primeira delas conta a hist\u00f3ria de Francisco de Bernardone, jovem que largou os luxos consequentes de ser filho de um rico comerciante no s\u00e9culo XII na It\u00e1lia, que abandonou tudo para viver plenamente os tr\u00eas pilares de sua cren\u00e7a em dire\u00e7\u00e3o \u00e0 sua escolhida santidade: a dedica\u00e7\u00e3o ao pr\u00f3ximo, sem nenhum preconceito, a ora\u00e7\u00e3o a Deus e o trabalho digno para o sustento. A segunda parte traz contos, lendas e milagres guardados dentro dos conventos franciscanos, vindos \u00e0 tona agora, mostrando a plenitude do amor de Francisco a Deus e ao pr\u00f3ximo, t\u00e3o caros a ele.<\/p>\n<p>Com esta obra pretende-se mostrar que a decis\u00e3o pela santidade n\u00e3o \u00e9 somente uma decis\u00e3o. N\u00e3o \u00e9 porque decide-se ser santo que uma luz divina recai e passa-se a amar a tudo e a todos. Ao contr\u00e1rio, a obra mostra a dura trajet\u00f3ria, mas a constante insist\u00eancia e dedica\u00e7\u00e3o de Francisco rumo \u00e0 sua santidade, passando por doen\u00e7as, batalhas internas e externas, a luta para o n\u00e3o julgamento e amor ao pr\u00f3ximo, independentemente de suas a\u00e7\u00f5es. Um forte argumento de que a escolha pela santidade pode ser a mais dif\u00edcil de uma vida.<\/p>\n<p>Frei Vogran Leluia nasceu em Joboat\u00e3o\/Pe no ano de 1978. Criado em Valpara\u00edso de Goi\u00e1s. Ingressou nos Franciscanos Conventuais em Bras\u00edlia no ano 1998. Se formou em filosofia e teologia no Instituto S\u00e3o Boaventura. Professou os conselhos evang\u00e9licos (pobreza, castidade e obedi\u00eancia) no ano de 2005. Ordenado sacerdote em 2006. Morou no sacro convento em Assis em 2007 trabalhando como guia na bas\u00edlica de S\u00e3o Francisco. Cursou p\u00f3s gradua\u00e7\u00e3o em Direito Can\u00f4nico Matrimonial na UCSal. Atualmente \u00e9 mission\u00e1rio na Amaz\u00f4nia.<\/p>\n<p>Renata Bohomoletz \u00e9 engenheira mec\u00e2nica, trabalhou por 18 anos em grandes corpora\u00e7\u00f5es, dentro e fora do Brasil, mas h\u00e1 3 anos dedica-se \u00e0 dois novos of\u00edcios: o de promover a integra\u00e7\u00e3o de diferentes povos e culturas; e o desenvolvimento de profissionais frente \u00e0s novas demandas do mercado de trabalho mundial: a toler\u00e2ncia, o n\u00e3o julgamento e o entendimento para com o pr\u00f3ximo como ferramentas validadas para a excel\u00eancia das organiza\u00e7\u00f5es nos dias atuais.<\/p>\n<hr \/>\n<h2>VEJA OUTROS LAN\u00c7AMENTOS DA EDITORA VOZES<\/h2>\n<h3><strong><img loading=\"lazy\" class=\"size-full wp-image-199585 alignleft\" src=\"https:\/\/franciscanos.org.br\/noticias\/wp-content\/uploads\/2019\/02\/a-ciencia.jpg\" alt=\"\" width=\"200\" height=\"287\" srcset=\"https:\/\/franciscanos.org.br\/noticias\/wp-content\/uploads\/2019\/02\/a-ciencia.jpg 200w, https:\/\/franciscanos.org.br\/noticias\/wp-content\/uploads\/2019\/02\/a-ciencia-150x215.jpg 150w\" sizes=\"(max-width: 200px) 100vw, 200px\" \/>A ci\u00eancia das religi\u00f5es<\/strong><\/h3>\n<p><strong>Julien Ries<\/strong><\/p>\n<p>A ci\u00eancia das religi\u00f5es desenvolve-se em debates epistemol\u00f3gicos, metodol\u00f3gicos e pol\u00edticos. Seja na pr\u00f3pria constitui\u00e7\u00e3o do voc\u00e1bulo ci\u00eancia da religi\u00e3o, com Max M\u00fcller, na hist\u00f3ria das religi\u00f5es, com Raffaele Pettazzoni, ou na fenomenologia de Mircea Eliade, a ci\u00eancia das religi\u00f5es constituiu perspectivas te\u00f3ricas e metodol\u00f3gicas na busca do entendimento do homo religiosus. \u00a0Neste livro Julien Ries tra\u00e7a um panorama hist\u00f3rico da constitui\u00e7\u00e3o da ci\u00eancia das religi\u00f5es incluindo autores e teorias que contribu\u00edram para a forma\u00e7\u00e3o e desenvolvimento dessa tem\u00e1tica.<\/p>\n<p>A primeira parte \u00e9 um estudo hist\u00f3rico e historiogr\u00e1fico, que parte de Benjamin Constant a Mircea Eliade e Georges Dum\u00e9zil. Esse itiner\u00e1rio descreve as etapas de dois s\u00e9culos de pesquisas, com os seus progressos, os seus conflitos, as suas confus\u00f5es e o peso das ideologias, mas tamb\u00e9m com os seus per\u00edodos fecundos, como as d\u00e9cadas de 1880-1900. A segunda parte da obra aborda os problemas e os m\u00e9todos presentes na pesquisa sobre as religi\u00f5es. Um primeiro \u00e2mbito de conflito \u00e9 a quest\u00e3o da origem da religi\u00e3o e das religi\u00f5es. Um segundo \u00e2mbito de diverg\u00eancia \u00e9 o papel do sagrado e da sociedade. Um terceiro elemento de diverg\u00eancia est\u00e1 no fundamento e no objetivo do comparativismo. A terceira parte re\u00fane quest\u00f5es particulares que dizem respeito ao fato religioso e \u00e0 fenomenologia: a magia e a religi\u00e3o, a ci\u00eancia da religi\u00e3o e a sua especificidade entre as ci\u00eancias humanas, a abordagem cient\u00edfica do fen\u00f4meno religioso, a sua abordagem sociol\u00f3gica segundo Max Weber e Joachim Wach, a sua abordagem psicol\u00f3gica com Freud e Jung, a validade da an\u00e1lise do sagrado por S\u00f6derblom e Otto. \u00a0A quarta parte examina a formula\u00e7\u00e3o da antropologia a partir da hist\u00f3ria das religi\u00f5es e no contexto do novo esp\u00edrito antropol\u00f3gico que se manifestou nas \u00faltimas d\u00e9cadas gra\u00e7as \u00e0s obras de Gaston Bachelard e do C\u00edrculo Eranos, com Gilbert Durand, Mircea Eliade, Henry Corbin, Carl Gustav Jung e Paul Ricoeur, sem esquecer a influ\u00eancia das novas perspectivas \u00e0 luz das descobertas sobre a origem do homem. Enfim, a quinta parte desta publica\u00e7\u00e3o constitui-se naquilo que podemos definir como uma \u201cchamada das testemunhas a depor\u201d. Apresentam-se trinta autores da ci\u00eancia das religi\u00f5es e um panorama sobre suas pesquisas, sobre o seu modo de enfrentar os problemas e m\u00e9todos presentes na hist\u00f3ria das religi\u00f5es e sobre a contribui\u00e7\u00e3o deles na elabora\u00e7\u00e3o de uma ci\u00eancia das religi\u00f5es aut\u00f4noma e iluminadora no contexto das ci\u00eancias humanas.<\/p>\n<p style=\"padding-left: 30px;\"><strong>Julien Ries<\/strong><em> (1920-2013), historiador das religi\u00f5es, foi professor de Hist\u00f3ria das Religi\u00f5es em Louvain-la-Neuve.A Universidade Cat\u00f3lica de Mil\u00e3o, \u00e0qual deixou sua biblioteca e arquivo,lhe conferiu o Pr\u00eamio Honoris Causaem 2010.<\/em><\/p>\n<p><strong>PRE\u00c7O: R$ 130,00<\/strong><\/p>\n<p>&nbsp;<\/p>\n<h3><strong><img loading=\"lazy\" class=\"alignleft size-full wp-image-199586\" src=\"https:\/\/franciscanos.org.br\/noticias\/wp-content\/uploads\/2019\/02\/oracoes-e-preces.jpg\" alt=\"\" width=\"200\" height=\"334\" srcset=\"https:\/\/franciscanos.org.br\/noticias\/wp-content\/uploads\/2019\/02\/oracoes-e-preces.jpg 200w, https:\/\/franciscanos.org.br\/noticias\/wp-content\/uploads\/2019\/02\/oracoes-e-preces-150x251.jpg 150w\" sizes=\"(max-width: 200px) 100vw, 200px\" \/>Ora\u00e7\u00f5es e preces<br \/>\n<\/strong><strong>Invoca\u00e7\u00f5es e agradecimentos para os v\u00e1rios momentos da vida<\/strong><\/h3>\n<p><strong>Ant\u00f4nio Francisco Bohn<\/strong><\/p>\n<p>A ora\u00e7\u00e3o sup\u00f5e um esfor\u00e7o e uma luta, um combate espiritual. E os rem\u00e9dios para a ora\u00e7\u00e3o s\u00e3o a humildade, a confian\u00e7a e a perseveran\u00e7a. \u201cOrai sem cessar\u201d, rezar sempre que poss\u00edvel, pois ora\u00e7\u00e3o e vida crist\u00e3 s\u00e3o insepar\u00e1veis.<\/p>\n<p>Devemos rezar a Deus para n\u00f3s mesmos, para os familiares, os amigos e tamb\u00e9m pelos inimigos, conforme nos recomendou Jesus. Mas o que se deve rezar?<\/p>\n<p>Conhecemos muitas ora\u00e7\u00f5es: de b\u00ean\u00e7\u00e3o e adora\u00e7\u00e3o, de s\u00faplica,de intercess\u00e3o, de a\u00e7\u00e3o degra\u00e7as, de louvor. Por\u00e9m, uma ora\u00e7\u00e3o dirigida a Deus n\u00e3o precisa ser, obrigatoriamente, uma ora\u00e7\u00e3o conhecida, famosa, rezada por muita gente. A ora\u00e7\u00e3o possui express\u00f5es: vocal, mental e a medita\u00e7\u00e3o. N\u00e3o h\u00e1 necessidade de multiplicar palavras, porque Deus conhece nossas necessidades e sonda o nosso cora\u00e7\u00e3o. Nesse di\u00e1logo que fazemos com Deus desabafamos, pedimos, agradecemos. No entanto, recorremos em muitos momentos \u00e0s f\u00f3rmulas que nos ajudam a exprimir os sentimentos que experimentamos.<\/p>\n<p>Este livro quer ser uma ajuda para aqueles momentos que estamos vivenciando. Um convite para este di\u00e1logo amoroso e constante, eleva\u00e7\u00e3o da alma a Deus, que nos chama a este encontro com Ele.<\/p>\n<p style=\"padding-left: 30px;\"><strong>Ant\u00f4nio Francisco Bohn<\/strong><em> \u00e9 presb\u00edtero na Diocese de Blumenau, SC. Autor de diversos livros de ora\u00e7\u00f5es, publicados pela Vozes: Devocion\u00e1rio do Sagrado Cora\u00e7\u00e3o de Jesus; Ora\u00e7\u00f5es ao Esp\u00edrito Santo; Ora\u00e7\u00f5es para visita\u00e7\u00e3o aos enfermos; Os jovens rezam; Ora\u00e7\u00f5es ao Sagrado Cora\u00e7\u00e3o de Jesus; Ora\u00e7\u00f5es de louvor, cura e liberta\u00e7\u00e3o.<\/em><\/p>\n<p><strong>PRE\u00c7O: R$ 15,00<\/strong><\/p>\n<p>&nbsp;<\/p>\n<h3><strong><img loading=\"lazy\" class=\"alignleft size-full wp-image-199587\" src=\"https:\/\/franciscanos.org.br\/noticias\/wp-content\/uploads\/2019\/02\/psicologi-assis-social.jpg\" alt=\"\" width=\"200\" height=\"320\" srcset=\"https:\/\/franciscanos.org.br\/noticias\/wp-content\/uploads\/2019\/02\/psicologi-assis-social.jpg 200w, https:\/\/franciscanos.org.br\/noticias\/wp-content\/uploads\/2019\/02\/psicologi-assis-social-150x240.jpg 150w\" sizes=\"(max-width: 200px) 100vw, 200px\" \/>Psicologia e assist\u00eancia social<br \/>\n<\/strong><strong>Encontros poss\u00edveis no contempor\u00e2neo<\/strong><\/h3>\n<p><strong>L\u00edlian Rodrigues da Cruz, Neuza Guareschi<\/strong><em> e <\/em><strong>Bruna Moraes Battitelli<\/strong><em> (orgs.)<\/em><\/p>\n<p>Este \u00e9 o terceiro de uma s\u00e9rie de livros que tem como objetivo discutir o que se constitui a fronteira entre a Psicologia e a Pol\u00edtica de Assist\u00eancia Social. Al\u00e9m deste, tamb\u00e9m fazem parte da cole\u00e7\u00e3o Psicologia Social os j\u00e1 lan\u00e7ados: <em>Pol\u00edticas P\u00fablicas e Assist\u00eancia Social: di\u00e1logos com as pr\u00e1ticas psicol\u00f3gicas e <\/em><strong><em>O psic\u00f3logo e as pol\u00edticas p\u00fablicas de assist\u00eancia social.<\/em><\/strong><\/p>\n<p>Dando continuidade \u00e0s obras anteriores e \u00e0 cont\u00ednua necessidade de produ\u00e7\u00e3o de conhecimento em rela\u00e7\u00e3o \u00e0 Psicologia e o contexto das Pol\u00edticas P\u00fablicas de Assist\u00eancia Social, as organizadoras apresentam esta terceira obra. Em tempos de radicalismos e crescimento de um ide\u00e1rio extremista, o livro \u00e9 um convite ao di\u00e1logo, \u00e0 conversa. No campo da Pol\u00edtica de Assist\u00eancia Social, por vezes, deparamo-nos com o desamparo e a falta de interlocutores cr\u00edticos no contexto de profissional. Assim, elas abrem o livro com o convite a suspendermos os desejos por protocolos e pensarmos em outras ferramentas de interven\u00e7\u00e3o que possam se constituir no entre&#8230;<\/p>\n<p>Com 13 cap\u00edtulos que dialogam com o contexto social, econ\u00f4mico e pol\u00edtico nos quais as\/os autoras\/autores est\u00e3o inseridos, o objetivo da obra \u00e9 analisar conceitos e tem\u00e1ticas importantes para o trabalho da Psicologia.<\/p>\n<p><strong>PRE\u00c7O: R$ 50,00<\/strong><\/p>\n<p>&nbsp;<\/p>\n<h3><strong><img loading=\"lazy\" class=\"alignleft size-full wp-image-199588\" src=\"https:\/\/franciscanos.org.br\/noticias\/wp-content\/uploads\/2019\/02\/arte-de-conquistar.jpg\" alt=\"\" width=\"200\" height=\"288\" srcset=\"https:\/\/franciscanos.org.br\/noticias\/wp-content\/uploads\/2019\/02\/arte-de-conquistar.jpg 200w, https:\/\/franciscanos.org.br\/noticias\/wp-content\/uploads\/2019\/02\/arte-de-conquistar-150x216.jpg 150w\" sizes=\"(max-width: 200px) 100vw, 200px\" \/>A arte de conquistar superpoderes mentais<\/strong><\/h3>\n<p><strong>Henrik Fexeus<\/strong><\/p>\n<p>Com os conhecimentos que as novas pesquisas da psicologia e da neuropsicologia nos deram, Henrik Fexeus decidiu escrever um livro que, de uma vez por todas, ilustrasse o que funciona e o que n\u00e3o funciona a partir do que n\u00f3s sabemos hoje a respeito dessas \u00e1reas. Existem t\u00e9cnicas j\u00e1 experimentadas que voc\u00ea poder\u00e1 utilizar para aperfei\u00e7oar a sua personalidade em rela\u00e7\u00e3o a um n\u00famero enorme de diferentes \u00e1reas mentais. Tudo, desde a criatividade e o treinamento de memoriza\u00e7\u00e3o, at\u00e9 a viv\u00eancia de um sentimento de felicidade na tomada de decis\u00f5es. O autor n\u00e3o quer simplesmente explicar como voc\u00ea deve se comportar. Mas tamb\u00e9m mostrar como e por que os m\u00e9todos funcionam.<\/p>\n<p>Fexeus, popular leitor de mentes e ilusionista, j\u00e1 realizou, diversas vezes, estupendas demonstra\u00e7\u00f5es de como \u00e9 el\u00e1stico o c\u00e9rebro humano e que resultados n\u00f3s podemos alcan\u00e7ar atrav\u00e9s de simples treinamento pessoal. \u00a0Em livros anteriores, como o bestseller \u201cA arte de ler mentes\u201d, o autor nos ensinou sobre como, consciente ou inconscientemente, influenciamos uns aos outros.<\/p>\n<p>Agora em <em>A arte de conquistar superpoderes mentais<\/em>, pela primeira vez, ele nos ensina a nos concentrarmos no nosso pr\u00f3prio c\u00e9rebro e nas nossas pr\u00f3prias capacidades. Todos n\u00f3s temos grandes qualidades por utilizar, quando se trata de nos tornarmos supercriativos, de conseguir uma mem\u00f3ria melhorada ou atingir sonhadas metas. O livro \u00e9 objetivo, divertido e esclarecedor, com uma promessa clara: todos podem aperfei\u00e7oar sua mente e aprender t\u00e9cnicas e racioc\u00ednios a fim de conquistar superpoderes mentais.<\/p>\n<p style=\"padding-left: 30px;\"><strong>Henrik Fexeus<\/strong><em> nasceu em 1971, em \u00d6rebro, na Su\u00e9cia, e hoje vive em Estocolmo.\u00a0 Foi uma crian\u00e7a diferente e dif\u00edcil desde o come\u00e7o. Ao ir para a escola, come\u00e7ou a interessar-se pela magia. Isso fez de seus anos na escola um verdadeiro teste, n\u00e3o tanto para ele pr\u00f3prio, mas para as outras crian\u00e7as. Na adolesc\u00eancia, descobriu que a m\u00e1gica \u00e9, realmente, uma esp\u00e9cie de influ\u00eancia inconsciente, uma maneira de controlar o que os outros acreditam e o modo como agem. Ainda hoje ele se pergunta por que ningu\u00e9m lhe disse, na \u00e9poca, como esse conhecimento era \u00fatil para abordar as garotas. Dedicou-se a conhecer o modo como influenciamos uns aos outros, estudou comunica\u00e7\u00e3o, habilidades mentais como PNL, hipnose, teatro, m\u00e1gica e psicologia, al\u00e9m da influ\u00eancia da m\u00eddia, da publicidade e propaganda e o mimetismo. Algumas pessoas acham que ele \u00e9 um homem perigoso, por causa de suas habilidades, mas o autor prefere descrever-se como um indiv\u00edduo legal e tranquilo, e afirma que gosta das pessoas, especialmente daquelas que fazem o que ele deseja que fa\u00e7am. \u00c9 autor bestseller, traduzido em dezenas de pa\u00edses.<\/em><\/p>\n<p><strong>PRE\u00c7O: R$ 49,90<\/strong><\/p>\n<p>&nbsp;<\/p>\n<h3><strong><img loading=\"lazy\" class=\"alignleft size-full wp-image-199589\" src=\"https:\/\/franciscanos.org.br\/noticias\/wp-content\/uploads\/2019\/02\/estrutura-da-lingua.jpg\" alt=\"\" width=\"200\" height=\"296\" srcset=\"https:\/\/franciscanos.org.br\/noticias\/wp-content\/uploads\/2019\/02\/estrutura-da-lingua.jpg 200w, https:\/\/franciscanos.org.br\/noticias\/wp-content\/uploads\/2019\/02\/estrutura-da-lingua-150x222.jpg 150w\" sizes=\"(max-width: 200px) 100vw, 200px\" \/>Estrutura da L\u00edngua Portuguesa \u2013 Edi\u00e7\u00e3o cr\u00edtica<\/strong><\/h3>\n<p><strong>Joaquim Mattoso Camara Jr.<\/strong><\/p>\n<p>O \u00faltimo livro de Joaquim Mattoso Camara Jr., <em>Estrutura da l\u00edngua portuguesa<\/em>, \u00e9 um cl\u00e1ssico da lingu\u00edstica brasileira. Contudo, o autor n\u00e3o chegou a terminar essa obra, que seria uma obra s\u00edntese da sua produ\u00e7\u00e3o. A Editora Vozes, que havia encomendado esse texto e para quem o autor entregou partes da obra antes de falecer, entendeu por bem publicar o livro, mesmo em sua forma inacabada. O fato mesmo de Mattoso Camara ter entregado esse material \u00e0 editora poderia ser lido como uma afirma\u00e7\u00e3o do autor de que a obra estava pronta e j\u00e1 poderia ser submetida aos tr\u00e2mites de publica\u00e7\u00e3o. Contudo, \u00e9 certo que Mattoso Camara ainda teria ocasi\u00e3o de fazer mais uma revis\u00e3o, se n\u00e3o de conte\u00fado, pelo menos de forma.<\/p>\n<p>A presente edi\u00e7\u00e3o, corrigida e anotada por tr\u00eas professores universit\u00e1rios que em diferentes momentos trabalharam com esse livro na forma como foi primeiro publicado, resolve uma s\u00e9rie de problemas deste texto ao qual faltou revis\u00e3o profunda feita pelo autor. V\u00e1rias corre\u00e7\u00f5es de gralhas ou de formula\u00e7\u00e3o s\u00e3o feitas por esses estudiosos, tornando mais acess\u00edvel a leitura deste cl\u00e1ssico aos alunos de gradua\u00e7\u00e3o e tamb\u00e9m aos de p\u00f3s-gradua\u00e7\u00e3o, sem que um professor tenha que estar presente para indicar os lugares onde h\u00e1 enganos ou imprecis\u00f5es do autor. N\u00e3o h\u00e1 nenhuma d\u00favida de que este livro ser\u00e1 de extrema utilidade para todos aqueles que desejam aprofundar seus conhecimentos em lingu\u00edstica ou na obra deste que foi o maior linguista brasileiro.<\/p>\n<p style=\"padding-left: 30px;\"><strong>Em\u00edlio Gozze Pagotto<\/strong><em> \u00e9 doutor em Lingu\u00edstica pela Universidade Estadual de Campinas. Desenvolve pesquisa na \u00e1rea de hist\u00f3ria social do portugu\u00eas brasileiro, em especial as quest\u00f5es relativas \u00e0 hist\u00f3ria da norma, e na \u00e1rea da varia\u00e7\u00e3o e mudan\u00e7a lingu\u00edstica, com destaque para pesquisas envolvendo inova\u00e7\u00f5es fon\u00e9ticas nas cidades brasileiras.\u00a0 Atua como professor de gradua\u00e7\u00e3o e p\u00f3s-gradua\u00e7\u00e3o, tendo orientado ou co-orientado teses e disserta\u00e7\u00f5es nas \u00e1reas mencionadas. Atualmente \u00e9 professor da Unicamp.<\/em><\/p>\n<p style=\"padding-left: 30px;\"><strong>Maria Cristina Figueiredo Silva<\/strong><em> possui gradua\u00e7\u00e3o em Ling\u00fc\u00edstica e Portugu\u00eas pela Universidade de S\u00e3o Paulo (1985), mestrado em Lingu\u00edstica pela Universidade Estadual de Campinas (1988) e doutorado na Universit\u00e9 de Gen\u00e8ve (1994). \u00c9 professora atualmente da Universidade Federal do Paran\u00e1 (UFPR). Atua em Teoria e An\u00e1lise Lingu\u00edstica, especificamente dentro do quadro da Gram\u00e1tica Gerativa, pesquisando temas como o sujeito nulo em portugu\u00eas brasileiro, a compara\u00e7\u00e3o entre o portugu\u00eas brasileiro e o portugu\u00eas europeu, quest\u00f5es de morfologia gerativa e, mais recentemente, o fen\u00f4meno da ordem das palavras na interface fonologia-sintaxe.<\/em><\/p>\n<p style=\"padding-left: 30px;\"><strong>Manoel Mourivaldo Santiago-Almeida<\/strong><em> possui gradua\u00e7\u00e3o em Letras e especializa\u00e7\u00e3o em Lingu\u00edstica pela Universidade Federal de Mato Grosso, doutorado em Filologia e l\u00edngua portuguesa e Livre-Doc\u00eancia em Fon\u00e9tica e fonologia do portugu\u00eas pela Universidade de S\u00e3o Paulo, p\u00f3s-doutorado em Cr\u00edtica textual pela Universidade Federal de Minas Gerais e forma\u00e7\u00e3o complementar em Dialetologia portuguesa pela Universidade de Lisboa. Foi professor de latim e portugu\u00eas na UFMT e na PUC-SP. Participa do projeto Tesouro do L\u00e9xico Patrimonial Galego e Portugu\u00e9s do Instituto da L\u00edngua Galega da Universidade de Santiago de Compostela e do grupo de pesquisa Cr\u00edtica Textual da Funda\u00e7\u00e3o Biblioteca Nacional. \u00c9 bolsista de produtividade em pesquisa do CNPq e professor e pesquisador da Universidade de S\u00e3o Paulo. Atua em temas relacionados \u00e0 Lingu\u00edstica hist\u00f3rica; Cr\u00edtica textual; Filologia, dialetologia e hist\u00f3ria da l\u00edngua portuguesa.<\/em><\/p>\n<p><strong>PRE\u00c7O: R$ 49,00<\/strong><\/p>\n<p>&nbsp;<\/p>\n<h3><strong><img loading=\"lazy\" class=\"alignleft size-full wp-image-199590\" src=\"https:\/\/franciscanos.org.br\/noticias\/wp-content\/uploads\/2019\/02\/nove-teorias.jpg\" alt=\"\" width=\"200\" height=\"293\" srcset=\"https:\/\/franciscanos.org.br\/noticias\/wp-content\/uploads\/2019\/02\/nove-teorias.jpg 200w, https:\/\/franciscanos.org.br\/noticias\/wp-content\/uploads\/2019\/02\/nove-teorias-150x220.jpg 150w\" sizes=\"(max-width: 200px) 100vw, 200px\" \/>Nove teorias da religi\u00e3o<\/strong><\/h3>\n<p><strong>Daniel L. Pals<\/strong><\/p>\n<p>Por que o ser humano acredita em divindades? Por que alguns buscam a vida eterna, enquanto outros buscam escapar da vida cotidiana? Por que cren\u00e7as e comportamentos que s\u00e3o tipicamente chamados de \u201creligiosos\u201d afetam t\u00e3o profundamente a personalidade humana e t\u00e3o sutilmente se entrela\u00e7am no caminho da sociedade humana?<\/p>\n<p>Revisada e atualizada nesta edi\u00e7\u00e3o, <em>Nove teorias da religi\u00e3o <\/em>considera como essas quest\u00f5es fundamentais envolveram os mais importantes pensadores da era moderna.<\/p>\n<p>Acess\u00edvel, sistem\u00e1tica e sucinta, a obra considera a antropologia vitoriana de E.B. Tylor e J.G. Frazer, a ci\u00eancia social \u201creducionista\u201d de Sigmund Freud, \u00c9mile Durkheim e Karl Marx, as abordagens \u201cn\u00e3o reducionistas\u201d de Max Weber, William James e Mircea Eliade, e os paradigmas alternativos que surgiram do trabalho de E. E. Evans-Pritchard e Clifford Geertz.<\/p>\n<p>Esta terceira edi\u00e7\u00e3o traz um novo cap\u00edtulo sobre William James. Cada cap\u00edtulo oferece um fundo biogr\u00e1fico, exposi\u00e7\u00e3o te\u00f3rica, an\u00e1lise conceitual e avalia\u00e7\u00e3o cr\u00edtica.<\/p>\n<p style=\"padding-left: 30px;\"><strong>Daniel L. Pals<\/strong> <em>\u00e9 professor de Estudos Religiosos e Hist\u00f3ria na Universidade de Miami. <\/em><\/p>\n<p><strong>PRE\u00c7O: R$ 130,00<\/strong><\/p>\n<p>&nbsp;<\/p>\n<h3><strong><img loading=\"lazy\" class=\"alignleft size-full wp-image-199591\" src=\"https:\/\/franciscanos.org.br\/noticias\/wp-content\/uploads\/2019\/02\/sustentabilidade.jpg\" alt=\"\" width=\"200\" height=\"308\" srcset=\"https:\/\/franciscanos.org.br\/noticias\/wp-content\/uploads\/2019\/02\/sustentabilidade.jpg 200w, https:\/\/franciscanos.org.br\/noticias\/wp-content\/uploads\/2019\/02\/sustentabilidade-150x231.jpg 150w\" sizes=\"(max-width: 200px) 100vw, 200px\" \/>Sustentabilidade Empresarial e Mercado Verde<br \/>\n<\/strong><strong>A transforma\u00e7\u00e3o do mundo em que vivemos<\/strong><\/h3>\n<p><strong>Ricardo Ribeiro Alves<\/strong><\/p>\n<p>O presente livro busca introduzir o leitor, seja discente, professor ou demais interessados, ao tema sustentabilidade ambiental, trazendo um aporte te\u00f3rico e iniciativas inspiradoras que s\u00e3o postas em pr\u00e1tica atualmente. Ele aborda as diversas perspectivas da sustentabilidade ambiental em temas como log\u00edstica reversa e a import\u00e2ncia de se repensar o projeto dos produtos, tend\u00eancia \u00e0 descartabilidade dos bens, energia advinda de fontes renov\u00e1veis, mobilidade urbana, sustentabilidade em empresas privadas e governos, entre outros.<\/p>\n<p>Longe de esgotar o assunto, espera-se que, a partir deste livro, o interessado possa buscar outras publica\u00e7\u00f5es para aprofundar seu conhecimento. Muitas delas s\u00e3o apresentadas nas refer\u00eancias, ao final do livro. Espera-se que o leitor possa entender, de forma did\u00e1tica, os aspectos te\u00f3ricos e pr\u00e1ticos da sustentabilidade empresarial e sua aplica\u00e7\u00e3o no dia a dia das pessoas e nas atividades das diversas organiza\u00e7\u00f5es, sejam p\u00fablicas ou privadas.<\/p>\n<p style=\"padding-left: 30px;\"><strong>Ricardo Ribeiro Alves<\/strong> <em>\u00e9 Administrador, Mestre e Doutor em Ci\u00eancia Florestal pela Universidade Federal de Vi\u00e7osa (UFV), com p\u00f3s-doutorado em Marketing Ambiental pela Universidad de Zaragoza, Espanha. Professor do curso de Bacharelado em Gest\u00e3o Ambiental, do curso de Engenharia Florestal, e do mestrado acad\u00eamico em Administra\u00e7\u00e3o da Universidade Federal do Pampa (UNIPAMPA), Rio Grande do Sul. Atua na \u00e1rea de sustentabilidade empresarial com foco em pesquisas relacionadas ao comportamento do consumidor, mercado verde, consumo consciente, marketing ambiental, estrat\u00e9gia e vantagem competitiva para produtos ambientalmente respons\u00e1veis, log\u00edstica reversa, marcas e selos verdes, certifica\u00e7\u00e3o de gest\u00e3o ambiental e certifica\u00e7\u00e3o florestal. Obteve o 1\u00ba lugar nacional do Pr\u00eamio \u201cBelmiro Siqueira\u201d (modalidade Artigo Profissional), do Conselho Federal de Administra\u00e7\u00e3o (CFA), com o artigo intitulado \u201cA gest\u00e3o ambiental na forma\u00e7\u00e3o do administrador\u201d. Autor de diversos livros, publicados em editoras como Elsevier, Manole e UFV. Contato: <\/em><a href=\"http:\/\/www.administracaoverde.com.br\"><em>www.administracaoverde.com.br<\/em><\/a><em>. <\/em><\/p>\n<p><strong>PRE\u00c7O: R$ 42,00<\/strong><\/p>\n<p>&nbsp;<\/p>\n<h3><strong><img loading=\"lazy\" class=\"alignleft size-full wp-image-199592\" src=\"https:\/\/franciscanos.org.br\/noticias\/wp-content\/uploads\/2019\/02\/vida-e-eternidade.jpg\" alt=\"\" width=\"200\" height=\"289\" srcset=\"https:\/\/franciscanos.org.br\/noticias\/wp-content\/uploads\/2019\/02\/vida-e-eternidade.jpg 200w, https:\/\/franciscanos.org.br\/noticias\/wp-content\/uploads\/2019\/02\/vida-e-eternidade-150x217.jpg 150w\" sizes=\"(max-width: 200px) 100vw, 200px\" \/>Vida e eternidade nas grandes religi\u00f5es<\/strong><\/h3>\n<p><strong>Julien Ries<\/strong><\/p>\n<p>A morte seria o fim da vida? Tal pergunta pareceria inepta a um primeiro olhar, mas h\u00e1 no ser humano o movimento de constituir a mem\u00f3ria daquele que morreu e de espanto e mist\u00e9rio diante da morte que faz com que este seja mais do que um evento biol\u00f3gico e assuma caracter\u00edsticas religiosas. Toda a cultura que se formou ao redor da morte, independente de qual seja a religi\u00e3o que a formula, aponta para a sacralidade da vida que se foi e consequentemente deixa aos vivos uma quest\u00e3o crucial: Para onde foram os mortos?<\/p>\n<p>As narrativas religiosas formulam diferentes caminhos para o entendimento da vida ap\u00f3s a morte. Os textos b\u00edblicos apontam para a imortalidade pessoal. O isl\u00e3 assume as perspectivas judaico-crist\u00e3s. O pensamento religioso do antigo Ir\u00e3 apresenta uma doutrina escatol\u00f3gica que enfatiza a renova\u00e7\u00e3o do ser humano e do mundo. Para Zaratustra, a imortalidade \u00e9 uma nova juventude conferida aos fi\u00e9is de Ahura Mazd\u00e3. O pensamento eg\u00edpcio arcaico entende que os defuntos vivem nas regi\u00f5es subterr\u00e2neas, onde assumem caracter\u00edsticas e atividades compar\u00e1veis \u00e0s que exerciam na terra. E mesmo o budismo, com a doutrina do samsara, aponta a sa\u00edda do nirvana como liberta\u00e7\u00e3o da transmigra\u00e7\u00e3o e da dor.<\/p>\n<p>Em determinadas culturas, cores espec\u00edficas s\u00e3o utilizadas para identificar a morte, como tamb\u00e9m objetos, ornamenta\u00e7\u00f5es, simbologias e principalmente as sepulturas. Os rituais mortu\u00e1rios se constituem, muito provavelmente, como os primeiros ritos religiosos da hist\u00f3ria da humanidade, e por isso muito oferecem para o entendimento das culturas, das religi\u00f5es e do sentido que os povos d\u00e3o \u00e0 vida daqueles que ficam.<\/p>\n<p>As doutrinas, ritos e tradi\u00e7\u00f5es que se constru\u00edram ao redor das experi\u00eancias mortu\u00e1rias s\u00e3o tomadas pelo historiado Julien Ries como forma de trazer o entendimento que as religi\u00f5es t\u00eam acerca daquilo que \u00e9 vivenciado para al\u00e9m da experi\u00eancia de morte, mas tamb\u00e9m como o horizonte escatol\u00f3gico influencia o cotidiano daqueles que ainda vivem.<\/p>\n<p style=\"padding-left: 30px;\"><strong>Julien Ries<\/strong><em> (1920-2013), historiador das religi\u00f5es, foi professor de Hist\u00f3ria das religi\u00f5es em Louvain La Neuve. A Universidade Cat\u00f3lica de Mil\u00e3o, \u00e0 qual deixou sua biblioteca e arquivo, lhe conferiu a l\u00e1urea honoris causa em 2010.<\/em><\/p>\n<p><strong>PRE\u00c7O: R$ 99,00<\/strong><\/p>\n<p>&nbsp;<\/p>\n<h3><strong><img loading=\"lazy\" class=\"alignleft size-full wp-image-199593\" src=\"https:\/\/franciscanos.org.br\/noticias\/wp-content\/uploads\/2019\/02\/esau-e-jaco.jpg\" alt=\"\" width=\"200\" height=\"327\" srcset=\"https:\/\/franciscanos.org.br\/noticias\/wp-content\/uploads\/2019\/02\/esau-e-jaco.jpg 200w, https:\/\/franciscanos.org.br\/noticias\/wp-content\/uploads\/2019\/02\/esau-e-jaco-150x245.jpg 150w\" sizes=\"(max-width: 200px) 100vw, 200px\" \/>Esa\u00fa e Jac\u00f3<\/strong><\/h3>\n<p><strong>Machado de Assis<\/strong><\/p>\n<p>Esa\u00fa e Jac\u00f3 foi o pen\u00faltimo romance que Machado de Assis publicou, em 1904, tendo sa\u00eddo a primeira edi\u00e7\u00e3o pela Livraria Garnier. O t\u00edtulo e a trama fazem uma grande intertextualidade com a narrativa b\u00edblica do G\u00eanesis, na qual encontramos a disputa entre g\u00eameos hom\u00f4nimos, filhos de Isaac e Rebeca, sendo esta o centro da disputa entre os irm\u00e3os. Na obra, Machado d\u00e1 vida \u00e0s querelas entre os irm\u00e3os Pedro e Paulo e, assim, como a matriarca b\u00edblica, aqui Natividade tamb\u00e9m se coloca no centro dos conflitos familiares.<\/p>\n<p>\u00c9 um romance que explora as ambiguidades no sentido mais amplo deste termo, j\u00e1 que o Conselheiro Aires, voz que faz a narra\u00e7\u00e3o da hist\u00f3ria, deixa claro logo no in\u00edcio que ambos s\u00e3o \u201cos dois lados da verdade\u201d, ou seja, ambos tinham as suas respectivas raz\u00f5es, bem como os defeitos e as limita\u00e7\u00f5es: Paulo \u00e9 impulsivo e arrebatado, Pedro \u00e9 dissimulado e conversador; Paulo \u00e9 republicano e, Pedro, monarquista. Ou seja, s\u00e3o antagonistas em tudo e, em certos momentos, inimigos e competidores em muitas quest\u00f5es. Para alguns cr\u00edticos, estaria a\u00ed a metaforiza\u00e7\u00e3o do momento pol\u00edtico da Rep\u00fablica Velha \u2013 ansiosa pela renova\u00e7\u00e3o e moderniza\u00e7\u00e3o do pa\u00eds, por\u00e9m, ao mesmo tempo, ainda presa \u00e0s estruturas antigas e conservadoras.<\/p>\n<p style=\"padding-left: 30px;\"><strong>A Cole\u00e7\u00e3o<\/strong><strong>Vozes de Bolso<\/strong><em> \u2013 Literatura Brasileira <\/em>se prop\u00f5e a trazer ao p\u00fablico um novo tipo de trabalho em torno de grandes cl\u00e1ssicos da literatura de l\u00edngua portuguesa. S\u00e3o todos textos j\u00e1 canonizados pela nossa tradi\u00e7\u00e3o, por\u00e9m com alguns \u201caditivos\u201d que agregam valor e for\u00e7a aos mesmos.<\/p>\n<p><strong>PRE\u00c7O: R$ 39,90<\/strong><\/p>\n<p>&nbsp;<\/p>\n<h3><strong><img loading=\"lazy\" class=\"alignleft size-full wp-image-199594\" src=\"https:\/\/franciscanos.org.br\/noticias\/wp-content\/uploads\/2019\/02\/o-guarani.jpg\" alt=\"\" width=\"200\" height=\"328\" srcset=\"https:\/\/franciscanos.org.br\/noticias\/wp-content\/uploads\/2019\/02\/o-guarani.jpg 200w, https:\/\/franciscanos.org.br\/noticias\/wp-content\/uploads\/2019\/02\/o-guarani-150x246.jpg 150w\" sizes=\"(max-width: 200px) 100vw, 200px\" \/>O Guarani<\/strong><\/h3>\n<p><strong>Jos\u00e9 de Alencar<\/strong><\/p>\n<p>Inicialmente publicado como folhetim, no jornal Di\u00e1rio do Rio de Janeiro, entre 1\u00ba de janeiro e 20 de abril de 1857, O Guarani apareceu na estrutura de romance no fim deste mesmo ano, pela Tipografia Empresa Nacional do Di\u00e1rio. Obteve um grande sucesso naquele momento, destacando Jos\u00e9 de Alencar como o nosso grande autor rom\u00e2ntico, aquele que estava mais engajado na ideia de uma literatura nacionalista.<\/p>\n<p>O Guarani \u00e9 a primeira experi\u00eancia liter\u00e1ria de Jos\u00e9 de Alencar no \u00e2mbito da literatura indianista. Na hist\u00f3ria de amor entre o \u00edndio Peri e a dama Cec\u00edlia (Ceci) se encontra a concep\u00e7\u00e3o, muito questionada nos dia de hoje, de brasilidade para o autor: fomos formados pelas duas ra\u00e7as fortes \u2013 branca e ind\u00edgena. Tal receita ele repetiria anos depois, em Iracema, no qual a \u00edndia se apaixonou e engravidou de um home branco. A simbologia \u00e9 muito forte: o brasileiro nato \u00e9 uma mistura entre \u00edndios e brancos, havendo a\u00ed um doloroso \u201cseq\u00fcestro\u201d do elemento negro, negligenciado por Alencar como parte constitutiva da nossa forma\u00e7\u00e3o.<\/p>\n<p>Podemos afirmar que Jos\u00e9 de Alencar criou a sua pr\u00f3pria mitologia indianista nestes romances que tematizam os \u00edndios brasileiros.<\/p>\n<p style=\"padding-left: 30px;\"><strong>A Cole\u00e7\u00e3o<\/strong><strong>Vozes de Bolso<\/strong><em> \u2013 Literatura Brasileira <\/em>se prop\u00f5e a trazer ao p\u00fablico um novo tipo de trabalho em torno de grandes cl\u00e1ssicos da literatura de l\u00edngua portuguesa. S\u00e3o todos textos j\u00e1 canonizados pela nossa tradi\u00e7\u00e3o, por\u00e9m com alguns \u201caditivos\u201d que agregam valor e for\u00e7a aos mesmos.<\/p>\n<p><strong>PRE\u00c7O: R$ 52,90<\/strong><\/p>\n","protected":false},"excerpt":{"rendered":"<p>Lan\u00e7amentos da Editora Vozes<\/p>\n","protected":false},"author":7,"featured_media":217138,"comment_status":"open","ping_status":"open","sticky":false,"template":"","format":"standard","meta":[],"categories":[1],"tags":[238],"acf":[],"yoast_head":"<!-- This site is optimized with the Yoast SEO plugin v19.2 - https:\/\/yoast.com\/wordpress\/plugins\/seo\/ -->\n<title>&quot;Francisco de Assis - Hist\u00f3ria, contos e lendas&quot; - Not\u00edcias - Franciscanos<\/title>\n<meta name=\"robots\" content=\"index, follow, max-snippet:-1, max-image-preview:large, max-video-preview:-1\" \/>\n<link rel=\"canonical\" href=\"https:\/\/franciscanos.org.br\/noticias\/francisco-de-assis-historia-contos-e-lendas.html\" \/>\n<meta property=\"og:locale\" content=\"pt_BR\" \/>\n<meta property=\"og:type\" content=\"article\" \/>\n<meta property=\"og:title\" content=\"&quot;Francisco de Assis - Hist\u00f3ria, contos e lendas&quot; - Not\u00edcias - Franciscanos\" \/>\n<meta property=\"og:description\" content=\"Lan\u00e7amentos da Editora Vozes\" \/>\n<meta property=\"og:url\" content=\"https:\/\/franciscanos.org.br\/noticias\/francisco-de-assis-historia-contos-e-lendas.html\" \/>\n<meta property=\"og:site_name\" content=\"Not\u00edcias - Franciscanos\" \/>\n<meta property=\"article:published_time\" content=\"2019-02-08T01:32:15+00:00\" \/>\n<meta property=\"article:modified_time\" content=\"2020-01-30T12:50:48+00:00\" \/>\n<meta property=\"og:image\" content=\"https:\/\/franciscanos.org.br\/noticias\/wp-content\/uploads\/2019\/02\/livro_060219_1-1.jpg\" \/>\n\t<meta property=\"og:image:width\" content=\"273\" \/>\n\t<meta property=\"og:image:height\" content=\"172\" \/>\n\t<meta property=\"og:image:type\" content=\"image\/jpeg\" \/>\n<meta name=\"author\" content=\"jovenal\" \/>\n<meta name=\"twitter:card\" content=\"summary_large_image\" \/>\n<meta name=\"twitter:label1\" content=\"Escrito por\" \/>\n\t<meta name=\"twitter:data1\" content=\"jovenal\" \/>\n\t<meta name=\"twitter:label2\" content=\"Est. tempo de leitura\" \/>\n\t<meta name=\"twitter:data2\" content=\"20 minutos\" \/>\n<script type=\"application\/ld+json\" class=\"yoast-schema-graph\">{\"@context\":\"https:\/\/schema.org\",\"@graph\":[{\"@type\":\"WebSite\",\"@id\":\"https:\/\/franciscanos.org.br\/noticias\/#website\",\"url\":\"https:\/\/franciscanos.org.br\/noticias\/\",\"name\":\"Not\u00edcias - Franciscanos\",\"description\":\"Prov\u00edncia Franciscana da Imaculada Concei\u00e7\u00e3o do Brasil - Ordem dos Frades Menores - OFM\",\"potentialAction\":[{\"@type\":\"SearchAction\",\"target\":{\"@type\":\"EntryPoint\",\"urlTemplate\":\"https:\/\/franciscanos.org.br\/noticias\/?s={search_term_string}\"},\"query-input\":\"required name=search_term_string\"}],\"inLanguage\":\"pt-BR\"},{\"@type\":\"ImageObject\",\"inLanguage\":\"pt-BR\",\"@id\":\"https:\/\/franciscanos.org.br\/noticias\/francisco-de-assis-historia-contos-e-lendas.html#primaryimage\",\"url\":\"https:\/\/franciscanos.org.br\/noticias\/wp-content\/uploads\/2019\/02\/livro_060219_1-1.jpg\",\"contentUrl\":\"https:\/\/franciscanos.org.br\/noticias\/wp-content\/uploads\/2019\/02\/livro_060219_1-1.jpg\",\"width\":273,\"height\":172},{\"@type\":\"WebPage\",\"@id\":\"https:\/\/franciscanos.org.br\/noticias\/francisco-de-assis-historia-contos-e-lendas.html#webpage\",\"url\":\"https:\/\/franciscanos.org.br\/noticias\/francisco-de-assis-historia-contos-e-lendas.html\",\"name\":\"\\\"Francisco de Assis - Hist\u00f3ria, contos e lendas\\\" - Not\u00edcias - Franciscanos\",\"isPartOf\":{\"@id\":\"https:\/\/franciscanos.org.br\/noticias\/#website\"},\"primaryImageOfPage\":{\"@id\":\"https:\/\/franciscanos.org.br\/noticias\/francisco-de-assis-historia-contos-e-lendas.html#primaryimage\"},\"datePublished\":\"2019-02-08T01:32:15+00:00\",\"dateModified\":\"2020-01-30T12:50:48+00:00\",\"author\":{\"@id\":\"https:\/\/franciscanos.org.br\/noticias\/#\/schema\/person\/c3a26b08313dd1772495ce300ab257cc\"},\"breadcrumb\":{\"@id\":\"https:\/\/franciscanos.org.br\/noticias\/francisco-de-assis-historia-contos-e-lendas.html#breadcrumb\"},\"inLanguage\":\"pt-BR\",\"potentialAction\":[{\"@type\":\"ReadAction\",\"target\":[\"https:\/\/franciscanos.org.br\/noticias\/francisco-de-assis-historia-contos-e-lendas.html\"]}]},{\"@type\":\"BreadcrumbList\",\"@id\":\"https:\/\/franciscanos.org.br\/noticias\/francisco-de-assis-historia-contos-e-lendas.html#breadcrumb\",\"itemListElement\":[{\"@type\":\"ListItem\",\"position\":1,\"name\":\"Home\",\"item\":\"https:\/\/franciscanos.org.br\/noticias\"},{\"@type\":\"ListItem\",\"position\":2,\"name\":\"&#8220;Francisco de Assis &#8211; Hist\u00f3ria, contos e lendas&#8221;\"}]},{\"@type\":\"Person\",\"@id\":\"https:\/\/franciscanos.org.br\/noticias\/#\/schema\/person\/c3a26b08313dd1772495ce300ab257cc\",\"name\":\"jovenal\",\"image\":{\"@type\":\"ImageObject\",\"inLanguage\":\"pt-BR\",\"@id\":\"https:\/\/franciscanos.org.br\/noticias\/#\/schema\/person\/image\/\",\"url\":\"https:\/\/secure.gravatar.com\/avatar\/e94509f531086e2eaf97e72f29ea00f9?s=96&d=mm&r=g\",\"contentUrl\":\"https:\/\/secure.gravatar.com\/avatar\/e94509f531086e2eaf97e72f29ea00f9?s=96&d=mm&r=g\",\"caption\":\"jovenal\"},\"url\":\"https:\/\/franciscanos.org.br\/noticias\/author\/jovenal\"}]}<\/script>\n<!-- \/ Yoast SEO plugin. -->","yoast_head_json":{"title":"\"Francisco de Assis - Hist\u00f3ria, contos e lendas\" - Not\u00edcias - Franciscanos","robots":{"index":"index","follow":"follow","max-snippet":"max-snippet:-1","max-image-preview":"max-image-preview:large","max-video-preview":"max-video-preview:-1"},"canonical":"https:\/\/franciscanos.org.br\/noticias\/francisco-de-assis-historia-contos-e-lendas.html","og_locale":"pt_BR","og_type":"article","og_title":"\"Francisco de Assis - Hist\u00f3ria, contos e lendas\" - Not\u00edcias - Franciscanos","og_description":"Lan\u00e7amentos da Editora Vozes","og_url":"https:\/\/franciscanos.org.br\/noticias\/francisco-de-assis-historia-contos-e-lendas.html","og_site_name":"Not\u00edcias - Franciscanos","article_published_time":"2019-02-08T01:32:15+00:00","article_modified_time":"2020-01-30T12:50:48+00:00","og_image":[{"width":273,"height":172,"url":"https:\/\/franciscanos.org.br\/noticias\/wp-content\/uploads\/2019\/02\/livro_060219_1-1.jpg","type":"image\/jpeg"}],"author":"jovenal","twitter_card":"summary_large_image","twitter_misc":{"Escrito por":"jovenal","Est. tempo de leitura":"20 minutos"},"schema":{"@context":"https:\/\/schema.org","@graph":[{"@type":"WebSite","@id":"https:\/\/franciscanos.org.br\/noticias\/#website","url":"https:\/\/franciscanos.org.br\/noticias\/","name":"Not\u00edcias - Franciscanos","description":"Prov\u00edncia Franciscana da Imaculada Concei\u00e7\u00e3o do Brasil - Ordem dos Frades Menores - OFM","potentialAction":[{"@type":"SearchAction","target":{"@type":"EntryPoint","urlTemplate":"https:\/\/franciscanos.org.br\/noticias\/?s={search_term_string}"},"query-input":"required name=search_term_string"}],"inLanguage":"pt-BR"},{"@type":"ImageObject","inLanguage":"pt-BR","@id":"https:\/\/franciscanos.org.br\/noticias\/francisco-de-assis-historia-contos-e-lendas.html#primaryimage","url":"https:\/\/franciscanos.org.br\/noticias\/wp-content\/uploads\/2019\/02\/livro_060219_1-1.jpg","contentUrl":"https:\/\/franciscanos.org.br\/noticias\/wp-content\/uploads\/2019\/02\/livro_060219_1-1.jpg","width":273,"height":172},{"@type":"WebPage","@id":"https:\/\/franciscanos.org.br\/noticias\/francisco-de-assis-historia-contos-e-lendas.html#webpage","url":"https:\/\/franciscanos.org.br\/noticias\/francisco-de-assis-historia-contos-e-lendas.html","name":"\"Francisco de Assis - Hist\u00f3ria, contos e lendas\" - Not\u00edcias - Franciscanos","isPartOf":{"@id":"https:\/\/franciscanos.org.br\/noticias\/#website"},"primaryImageOfPage":{"@id":"https:\/\/franciscanos.org.br\/noticias\/francisco-de-assis-historia-contos-e-lendas.html#primaryimage"},"datePublished":"2019-02-08T01:32:15+00:00","dateModified":"2020-01-30T12:50:48+00:00","author":{"@id":"https:\/\/franciscanos.org.br\/noticias\/#\/schema\/person\/c3a26b08313dd1772495ce300ab257cc"},"breadcrumb":{"@id":"https:\/\/franciscanos.org.br\/noticias\/francisco-de-assis-historia-contos-e-lendas.html#breadcrumb"},"inLanguage":"pt-BR","potentialAction":[{"@type":"ReadAction","target":["https:\/\/franciscanos.org.br\/noticias\/francisco-de-assis-historia-contos-e-lendas.html"]}]},{"@type":"BreadcrumbList","@id":"https:\/\/franciscanos.org.br\/noticias\/francisco-de-assis-historia-contos-e-lendas.html#breadcrumb","itemListElement":[{"@type":"ListItem","position":1,"name":"Home","item":"https:\/\/franciscanos.org.br\/noticias"},{"@type":"ListItem","position":2,"name":"&#8220;Francisco de Assis &#8211; Hist\u00f3ria, contos e lendas&#8221;"}]},{"@type":"Person","@id":"https:\/\/franciscanos.org.br\/noticias\/#\/schema\/person\/c3a26b08313dd1772495ce300ab257cc","name":"jovenal","image":{"@type":"ImageObject","inLanguage":"pt-BR","@id":"https:\/\/franciscanos.org.br\/noticias\/#\/schema\/person\/image\/","url":"https:\/\/secure.gravatar.com\/avatar\/e94509f531086e2eaf97e72f29ea00f9?s=96&d=mm&r=g","contentUrl":"https:\/\/secure.gravatar.com\/avatar\/e94509f531086e2eaf97e72f29ea00f9?s=96&d=mm&r=g","caption":"jovenal"},"url":"https:\/\/franciscanos.org.br\/noticias\/author\/jovenal"}]}},"_links":{"self":[{"href":"https:\/\/franciscanos.org.br\/noticias\/wp-json\/wp\/v2\/posts\/199584"}],"collection":[{"href":"https:\/\/franciscanos.org.br\/noticias\/wp-json\/wp\/v2\/posts"}],"about":[{"href":"https:\/\/franciscanos.org.br\/noticias\/wp-json\/wp\/v2\/types\/post"}],"author":[{"embeddable":true,"href":"https:\/\/franciscanos.org.br\/noticias\/wp-json\/wp\/v2\/users\/7"}],"replies":[{"embeddable":true,"href":"https:\/\/franciscanos.org.br\/noticias\/wp-json\/wp\/v2\/comments?post=199584"}],"version-history":[{"count":0,"href":"https:\/\/franciscanos.org.br\/noticias\/wp-json\/wp\/v2\/posts\/199584\/revisions"}],"wp:featuredmedia":[{"embeddable":true,"href":"https:\/\/franciscanos.org.br\/noticias\/wp-json\/wp\/v2\/media\/217138"}],"wp:attachment":[{"href":"https:\/\/franciscanos.org.br\/noticias\/wp-json\/wp\/v2\/media?parent=199584"}],"wp:term":[{"taxonomy":"category","embeddable":true,"href":"https:\/\/franciscanos.org.br\/noticias\/wp-json\/wp\/v2\/categories?post=199584"},{"taxonomy":"post_tag","embeddable":true,"href":"https:\/\/franciscanos.org.br\/noticias\/wp-json\/wp\/v2\/tags?post=199584"}],"curies":[{"name":"wp","href":"https:\/\/api.w.org\/{rel}","templated":true}]}}