{"id":199543,"date":"2019-02-05T16:34:29","date_gmt":"2019-02-05T18:34:29","guid":{"rendered":"https:\/\/franciscanos.org.br\/noticias\/?p=199543"},"modified":"2019-02-05T16:46:49","modified_gmt":"2019-02-05T18:46:49","slug":"contribua-orgao-sagrado-petropolis","status":"publish","type":"post","link":"https:\/\/franciscanos.org.br\/noticias\/contribua-orgao-sagrado-petropolis.html","title":{"rendered":"Contribua com o restauro do \u00f3rg\u00e3o do Sagrado, em Petr\u00f3polis"},"content":{"rendered":"<p><img loading=\"lazy\" class=\"alignleft size-full wp-image-199560\" src=\"https:\/\/franciscanos.org.br\/noticias\/wp-content\/uploads\/2019\/02\/sagrado-050219.jpg\" alt=\"\" width=\"980\" height=\"550\" srcset=\"https:\/\/franciscanos.org.br\/noticias\/wp-content\/uploads\/2019\/02\/sagrado-050219.jpg 980w, https:\/\/franciscanos.org.br\/noticias\/wp-content\/uploads\/2019\/02\/sagrado-050219-450x253.jpg 450w, https:\/\/franciscanos.org.br\/noticias\/wp-content\/uploads\/2019\/02\/sagrado-050219-768x431.jpg 768w, https:\/\/franciscanos.org.br\/noticias\/wp-content\/uploads\/2019\/02\/sagrado-050219-150x84.jpg 150w\" sizes=\"(max-width: 980px) 100vw, 980px\" \/>Em 1924, na cidade alem\u00e3 de Bonn, a empresa Klais construiu o \u00f3rg\u00e3o que se faz presente at\u00e9 os dias de hoje na Par\u00f3quia do Sagrado Cora\u00e7\u00e3o de Jesus, situada em Petr\u00f3polis (RJ). Mais precisamente em abril de 1925, o referido \u00f3rg\u00e3o foi devidamente montado pelos pr\u00f3prios freis.<\/p>\n<p>Em novembro de 2014, um dos bisnetos do fundador veio a Petr\u00f3polis visitar o instrumento que hoje, quase um s\u00e9culo depois, clama por cuidados. Atualmente existem apenas outros dois \u00f3rg\u00e3os semelhantes no Brasil, localizados nas cidades de Rodeio (SC) e Amparo (SP).<\/p>\n<p><strong>A NECESSIDADE DE REFORMA NO \u00d3RG\u00c3O<\/strong><\/p>\n<p>Infelizmente, com o passar do tempo, o \u00f3rg\u00e3o da Igreja do Sagrado Cora\u00e7\u00e3o de Jesus tem sido ferrenhamente acometido pela infesta\u00e7\u00e3o de cupins, sobretudo na \u00e1rea da consola, onde ficam as teclas do instrumento. Durante diagn\u00f3sticos estabelecidos por Frei Lauro Both, observou-se que muitas das flautas tamb\u00e9m se encontram danificadas.<\/p>\n<p>Confira a reportagem veiculada no\u00a0RJ Inter TV 1\u00aa Edi\u00e7\u00e3o no dia 2 de fevereiro de 2019.<\/p>\n<p><iframe loading=\"lazy\" src=\"https:\/\/www.youtube.com\/embed\/l_58MIYs47w\" width=\"100%\" height=\"420\" frameborder=\"0\" allowfullscreen=\"allowfullscreen\"><span data-mce-type=\"bookmark\" style=\"display: inline-block; width: 0px; overflow: hidden; line-height: 0;\" class=\"mce_SELRES_start\">\ufeff<\/span><\/iframe><\/p>\n<p><strong><a href=\"https:\/\/www.facebook.com\/sagradopetropolis\/posts\/2139073076123719?__tn__=K-R\" target=\"_blank\" rel=\"noopener\">Clique aqui para saber como ajudar<\/a><\/strong><\/p>\n","protected":false},"excerpt":{"rendered":"<p>Em 1924, na cidade alem\u00e3 de Bonn, a empresa Klais construiu o \u00f3rg\u00e3o que se faz presente at\u00e9 os dias de hoje na Par\u00f3quia do Sagrado Cora\u00e7\u00e3o de Jesus, situada em Petr\u00f3polis (RJ). Mais precisamente em abril de 1925, o referido \u00f3rg\u00e3o foi devidamente montado pelos pr\u00f3prios freis. Em novembro de 2014, um dos bisnetos [&hellip;]<\/p>\n","protected":false},"author":1,"featured_media":199561,"comment_status":"open","ping_status":"open","sticky":false,"template":"","format":"standard","meta":[],"categories":[1],"tags":[190],"acf":[],"yoast_head":"<!-- This site is optimized with the Yoast SEO plugin v19.2 - https:\/\/yoast.com\/wordpress\/plugins\/seo\/ -->\n<title>Contribua com o restauro do \u00f3rg\u00e3o do Sagrado, em Petr\u00f3polis - Not\u00edcias - Franciscanos<\/title>\n<meta name=\"robots\" content=\"index, follow, max-snippet:-1, max-image-preview:large, max-video-preview:-1\" \/>\n<link rel=\"canonical\" href=\"https:\/\/franciscanos.org.br\/noticias\/contribua-orgao-sagrado-petropolis.html\" \/>\n<meta property=\"og:locale\" content=\"pt_BR\" \/>\n<meta property=\"og:type\" content=\"article\" \/>\n<meta property=\"og:title\" content=\"Contribua com o restauro do \u00f3rg\u00e3o do Sagrado, em Petr\u00f3polis - Not\u00edcias - Franciscanos\" \/>\n<meta property=\"og:description\" content=\"Em 1924, na cidade alem\u00e3 de Bonn, a empresa Klais construiu o \u00f3rg\u00e3o que se faz presente at\u00e9 os dias de hoje na Par\u00f3quia do Sagrado Cora\u00e7\u00e3o de Jesus, situada em Petr\u00f3polis (RJ). Mais precisamente em abril de 1925, o referido \u00f3rg\u00e3o foi devidamente montado pelos pr\u00f3prios freis. Em novembro de 2014, um dos bisnetos [&hellip;]\" \/>\n<meta property=\"og:url\" content=\"https:\/\/franciscanos.org.br\/noticias\/contribua-orgao-sagrado-petropolis.html\" \/>\n<meta property=\"og:site_name\" content=\"Not\u00edcias - Franciscanos\" \/>\n<meta property=\"article:published_time\" content=\"2019-02-05T18:34:29+00:00\" \/>\n<meta property=\"article:modified_time\" content=\"2019-02-05T18:46:49+00:00\" \/>\n<meta property=\"og:image\" content=\"https:\/\/franciscanos.org.br\/noticias\/wp-content\/uploads\/2019\/02\/restauro-050219p.jpg\" \/>\n\t<meta property=\"og:image:width\" content=\"273\" \/>\n\t<meta property=\"og:image:height\" content=\"181\" \/>\n\t<meta property=\"og:image:type\" content=\"image\/jpeg\" \/>\n<meta name=\"author\" content=\"admin\" \/>\n<meta name=\"twitter:card\" content=\"summary_large_image\" \/>\n<meta name=\"twitter:label1\" content=\"Escrito por\" \/>\n\t<meta name=\"twitter:data1\" content=\"admin\" \/>\n\t<meta name=\"twitter:label2\" content=\"Est. tempo de leitura\" \/>\n\t<meta name=\"twitter:data2\" content=\"1 minuto\" \/>\n<script type=\"application\/ld+json\" class=\"yoast-schema-graph\">{\"@context\":\"https:\/\/schema.org\",\"@graph\":[{\"@type\":\"WebSite\",\"@id\":\"https:\/\/franciscanos.org.br\/noticias\/#website\",\"url\":\"https:\/\/franciscanos.org.br\/noticias\/\",\"name\":\"Not\u00edcias - Franciscanos\",\"description\":\"Prov\u00edncia Franciscana da Imaculada Concei\u00e7\u00e3o do Brasil - Ordem dos Frades Menores - OFM\",\"potentialAction\":[{\"@type\":\"SearchAction\",\"target\":{\"@type\":\"EntryPoint\",\"urlTemplate\":\"https:\/\/franciscanos.org.br\/noticias\/?s={search_term_string}\"},\"query-input\":\"required name=search_term_string\"}],\"inLanguage\":\"pt-BR\"},{\"@type\":\"ImageObject\",\"inLanguage\":\"pt-BR\",\"@id\":\"https:\/\/franciscanos.org.br\/noticias\/contribua-orgao-sagrado-petropolis.html#primaryimage\",\"url\":\"https:\/\/franciscanos.org.br\/noticias\/wp-content\/uploads\/2019\/02\/restauro-050219p.jpg\",\"contentUrl\":\"https:\/\/franciscanos.org.br\/noticias\/wp-content\/uploads\/2019\/02\/restauro-050219p.jpg\",\"width\":273,\"height\":181},{\"@type\":\"WebPage\",\"@id\":\"https:\/\/franciscanos.org.br\/noticias\/contribua-orgao-sagrado-petropolis.html#webpage\",\"url\":\"https:\/\/franciscanos.org.br\/noticias\/contribua-orgao-sagrado-petropolis.html\",\"name\":\"Contribua com o restauro do \u00f3rg\u00e3o do Sagrado, em Petr\u00f3polis - Not\u00edcias - Franciscanos\",\"isPartOf\":{\"@id\":\"https:\/\/franciscanos.org.br\/noticias\/#website\"},\"primaryImageOfPage\":{\"@id\":\"https:\/\/franciscanos.org.br\/noticias\/contribua-orgao-sagrado-petropolis.html#primaryimage\"},\"datePublished\":\"2019-02-05T18:34:29+00:00\",\"dateModified\":\"2019-02-05T18:46:49+00:00\",\"author\":{\"@id\":\"https:\/\/franciscanos.org.br\/noticias\/#\/schema\/person\/b38fbf43118f02820bd932f2e4b14ad3\"},\"breadcrumb\":{\"@id\":\"https:\/\/franciscanos.org.br\/noticias\/contribua-orgao-sagrado-petropolis.html#breadcrumb\"},\"inLanguage\":\"pt-BR\",\"potentialAction\":[{\"@type\":\"ReadAction\",\"target\":[\"https:\/\/franciscanos.org.br\/noticias\/contribua-orgao-sagrado-petropolis.html\"]}]},{\"@type\":\"BreadcrumbList\",\"@id\":\"https:\/\/franciscanos.org.br\/noticias\/contribua-orgao-sagrado-petropolis.html#breadcrumb\",\"itemListElement\":[{\"@type\":\"ListItem\",\"position\":1,\"name\":\"Home\",\"item\":\"https:\/\/franciscanos.org.br\/noticias\"},{\"@type\":\"ListItem\",\"position\":2,\"name\":\"Contribua com o restauro do \u00f3rg\u00e3o do Sagrado, em Petr\u00f3polis\"}]},{\"@type\":\"Person\",\"@id\":\"https:\/\/franciscanos.org.br\/noticias\/#\/schema\/person\/b38fbf43118f02820bd932f2e4b14ad3\",\"name\":\"admin\",\"image\":{\"@type\":\"ImageObject\",\"inLanguage\":\"pt-BR\",\"@id\":\"https:\/\/franciscanos.org.br\/noticias\/#\/schema\/person\/image\/\",\"url\":\"https:\/\/secure.gravatar.com\/avatar\/e8495742d34d0ba6448ea1c628263b3e?s=96&d=mm&r=g\",\"contentUrl\":\"https:\/\/secure.gravatar.com\/avatar\/e8495742d34d0ba6448ea1c628263b3e?s=96&d=mm&r=g\",\"caption\":\"admin\"},\"url\":\"https:\/\/franciscanos.org.br\/noticias\/author\/admin\"}]}<\/script>\n<!-- \/ Yoast SEO plugin. -->","yoast_head_json":{"title":"Contribua com o restauro do \u00f3rg\u00e3o do Sagrado, em Petr\u00f3polis - Not\u00edcias - Franciscanos","robots":{"index":"index","follow":"follow","max-snippet":"max-snippet:-1","max-image-preview":"max-image-preview:large","max-video-preview":"max-video-preview:-1"},"canonical":"https:\/\/franciscanos.org.br\/noticias\/contribua-orgao-sagrado-petropolis.html","og_locale":"pt_BR","og_type":"article","og_title":"Contribua com o restauro do \u00f3rg\u00e3o do Sagrado, em Petr\u00f3polis - Not\u00edcias - Franciscanos","og_description":"Em 1924, na cidade alem\u00e3 de Bonn, a empresa Klais construiu o \u00f3rg\u00e3o que se faz presente at\u00e9 os dias de hoje na Par\u00f3quia do Sagrado Cora\u00e7\u00e3o de Jesus, situada em Petr\u00f3polis (RJ). Mais precisamente em abril de 1925, o referido \u00f3rg\u00e3o foi devidamente montado pelos pr\u00f3prios freis. Em novembro de 2014, um dos bisnetos [&hellip;]","og_url":"https:\/\/franciscanos.org.br\/noticias\/contribua-orgao-sagrado-petropolis.html","og_site_name":"Not\u00edcias - Franciscanos","article_published_time":"2019-02-05T18:34:29+00:00","article_modified_time":"2019-02-05T18:46:49+00:00","og_image":[{"width":273,"height":181,"url":"https:\/\/franciscanos.org.br\/noticias\/wp-content\/uploads\/2019\/02\/restauro-050219p.jpg","type":"image\/jpeg"}],"author":"admin","twitter_card":"summary_large_image","twitter_misc":{"Escrito por":"admin","Est. tempo de leitura":"1 minuto"},"schema":{"@context":"https:\/\/schema.org","@graph":[{"@type":"WebSite","@id":"https:\/\/franciscanos.org.br\/noticias\/#website","url":"https:\/\/franciscanos.org.br\/noticias\/","name":"Not\u00edcias - Franciscanos","description":"Prov\u00edncia Franciscana da Imaculada Concei\u00e7\u00e3o do Brasil - Ordem dos Frades Menores - OFM","potentialAction":[{"@type":"SearchAction","target":{"@type":"EntryPoint","urlTemplate":"https:\/\/franciscanos.org.br\/noticias\/?s={search_term_string}"},"query-input":"required name=search_term_string"}],"inLanguage":"pt-BR"},{"@type":"ImageObject","inLanguage":"pt-BR","@id":"https:\/\/franciscanos.org.br\/noticias\/contribua-orgao-sagrado-petropolis.html#primaryimage","url":"https:\/\/franciscanos.org.br\/noticias\/wp-content\/uploads\/2019\/02\/restauro-050219p.jpg","contentUrl":"https:\/\/franciscanos.org.br\/noticias\/wp-content\/uploads\/2019\/02\/restauro-050219p.jpg","width":273,"height":181},{"@type":"WebPage","@id":"https:\/\/franciscanos.org.br\/noticias\/contribua-orgao-sagrado-petropolis.html#webpage","url":"https:\/\/franciscanos.org.br\/noticias\/contribua-orgao-sagrado-petropolis.html","name":"Contribua com o restauro do \u00f3rg\u00e3o do Sagrado, em Petr\u00f3polis - Not\u00edcias - Franciscanos","isPartOf":{"@id":"https:\/\/franciscanos.org.br\/noticias\/#website"},"primaryImageOfPage":{"@id":"https:\/\/franciscanos.org.br\/noticias\/contribua-orgao-sagrado-petropolis.html#primaryimage"},"datePublished":"2019-02-05T18:34:29+00:00","dateModified":"2019-02-05T18:46:49+00:00","author":{"@id":"https:\/\/franciscanos.org.br\/noticias\/#\/schema\/person\/b38fbf43118f02820bd932f2e4b14ad3"},"breadcrumb":{"@id":"https:\/\/franciscanos.org.br\/noticias\/contribua-orgao-sagrado-petropolis.html#breadcrumb"},"inLanguage":"pt-BR","potentialAction":[{"@type":"ReadAction","target":["https:\/\/franciscanos.org.br\/noticias\/contribua-orgao-sagrado-petropolis.html"]}]},{"@type":"BreadcrumbList","@id":"https:\/\/franciscanos.org.br\/noticias\/contribua-orgao-sagrado-petropolis.html#breadcrumb","itemListElement":[{"@type":"ListItem","position":1,"name":"Home","item":"https:\/\/franciscanos.org.br\/noticias"},{"@type":"ListItem","position":2,"name":"Contribua com o restauro do \u00f3rg\u00e3o do Sagrado, em Petr\u00f3polis"}]},{"@type":"Person","@id":"https:\/\/franciscanos.org.br\/noticias\/#\/schema\/person\/b38fbf43118f02820bd932f2e4b14ad3","name":"admin","image":{"@type":"ImageObject","inLanguage":"pt-BR","@id":"https:\/\/franciscanos.org.br\/noticias\/#\/schema\/person\/image\/","url":"https:\/\/secure.gravatar.com\/avatar\/e8495742d34d0ba6448ea1c628263b3e?s=96&d=mm&r=g","contentUrl":"https:\/\/secure.gravatar.com\/avatar\/e8495742d34d0ba6448ea1c628263b3e?s=96&d=mm&r=g","caption":"admin"},"url":"https:\/\/franciscanos.org.br\/noticias\/author\/admin"}]}},"_links":{"self":[{"href":"https:\/\/franciscanos.org.br\/noticias\/wp-json\/wp\/v2\/posts\/199543"}],"collection":[{"href":"https:\/\/franciscanos.org.br\/noticias\/wp-json\/wp\/v2\/posts"}],"about":[{"href":"https:\/\/franciscanos.org.br\/noticias\/wp-json\/wp\/v2\/types\/post"}],"author":[{"embeddable":true,"href":"https:\/\/franciscanos.org.br\/noticias\/wp-json\/wp\/v2\/users\/1"}],"replies":[{"embeddable":true,"href":"https:\/\/franciscanos.org.br\/noticias\/wp-json\/wp\/v2\/comments?post=199543"}],"version-history":[{"count":0,"href":"https:\/\/franciscanos.org.br\/noticias\/wp-json\/wp\/v2\/posts\/199543\/revisions"}],"wp:featuredmedia":[{"embeddable":true,"href":"https:\/\/franciscanos.org.br\/noticias\/wp-json\/wp\/v2\/media\/199561"}],"wp:attachment":[{"href":"https:\/\/franciscanos.org.br\/noticias\/wp-json\/wp\/v2\/media?parent=199543"}],"wp:term":[{"taxonomy":"category","embeddable":true,"href":"https:\/\/franciscanos.org.br\/noticias\/wp-json\/wp\/v2\/categories?post=199543"},{"taxonomy":"post_tag","embeddable":true,"href":"https:\/\/franciscanos.org.br\/noticias\/wp-json\/wp\/v2\/tags?post=199543"}],"curies":[{"name":"wp","href":"https:\/\/api.w.org\/{rel}","templated":true}]}}