{"id":199534,"date":"2019-02-24T00:14:22","date_gmt":"2019-02-24T03:14:22","guid":{"rendered":"https:\/\/franciscanos.org.br\/noticias\/?p=199534"},"modified":"2019-02-25T07:05:17","modified_gmt":"2019-02-25T10:05:17","slug":"sao-francisco-na-arte-de-mestres-italianos-esta-chegando","status":"publish","type":"post","link":"https:\/\/franciscanos.org.br\/noticias\/sao-francisco-na-arte-de-mestres-italianos-esta-chegando.html","title":{"rendered":"&#8220;S\u00e3o Francisco na arte de mestres italianos&#8221; vai at\u00e9 abril"},"content":{"rendered":"<p><img loading=\"lazy\" class=\"alignnone wp-image-199535 size-full\" src=\"https:\/\/franciscanos.org.br\/noticias\/wp-content\/uploads\/2019\/02\/francisco_050219.jpg\" alt=\"San Francesco riceve le stigmmate, Guido Reni\" width=\"890\" height=\"619\" srcset=\"https:\/\/franciscanos.org.br\/noticias\/wp-content\/uploads\/2019\/02\/francisco_050219.jpg 890w, https:\/\/franciscanos.org.br\/noticias\/wp-content\/uploads\/2019\/02\/francisco_050219-450x313.jpg 450w, https:\/\/franciscanos.org.br\/noticias\/wp-content\/uploads\/2019\/02\/francisco_050219-768x534.jpg 768w, https:\/\/franciscanos.org.br\/noticias\/wp-content\/uploads\/2019\/02\/francisco_050219-150x104.jpg 150w\" sizes=\"(max-width: 890px) 100vw, 890px\" \/><\/p>\n<p>&#8220;Embora tenha vivido h\u00e1 mais de 800 anos, novo \u00e9 ele; n\u00f3s somos velhos&#8221;, dispara o t\u00e9ologo Leonardo Boff ao falar sobre S\u00e3o Francisco de Assis, uma fonte de inspira\u00e7\u00e3o durante os s\u00e9culos e, hoje, mais viva ainda com o Pontificado do Papa Francisco. O fasc\u00ednio pelo Poverello de Assis n\u00e3o se limita \u00e0 Ordem Franciscana, \u00e0 Igreja, mas ele \u00e9 patrim\u00f4nio da humanidade. Uma mostra desse fasc\u00ednio e rever\u00eancia por este patriarca da paz, celebrado neste ano pelo jubileu de 800 anos do encontro com o sult\u00e3o, \u00e9 a exposi\u00e7\u00e3o \u201cS\u00e3o Francisco na arte de mestres italianos\u201d, que desembarcou no Brasil no ano passado e chega a S\u00e3o Paulo neste m\u00eas. Desde o dia 15 de fevereiro, a Mostra pode ser conferida no Museu de Arte Brasileira da FAAP, reunindo mestres como Tiziano Vecellio, Perugino, Orazio Gentileschi, Guido Reni, Guercino, Carracci e Cigoli.<\/p>\n<p>O p\u00fablico poder\u00e1 ver esse acervo somente at\u00e9 12 de abril. Com curadoria de Giovanni Morello, especialista em Hist\u00f3ria da Arte, e de Stefano Papetti, diretor da Pinacoteca Civica Di Ascoli, a mostra apresenta um conjunto de 18 obras realizadas entre os s\u00e9culos XV e XVII, a maior parte delas oriundas de cole\u00e7\u00f5es p\u00fablicas de regi\u00f5es diversas da It\u00e1lia. O conjunto apresenta as fases mais relevantes da representa\u00e7\u00e3o de S\u00e3o Francisco por meio de trabalhos que se integraram \u00e0 cultura local de toda uma \u00e9poca e que ainda encontram espa\u00e7o na cultura ocidental por seus valores art\u00edstico, hist\u00f3rico e simb\u00f3lico.<\/p>\n<div id=\"attachment_199536\" style=\"width: 900px\" class=\"wp-caption alignnone\"><img aria-describedby=\"caption-attachment-199536\" loading=\"lazy\" class=\"wp-image-199536 size-full\" src=\"https:\/\/franciscanos.org.br\/noticias\/wp-content\/uploads\/2019\/02\/francisco_050219_2.jpg\" alt=\"\" width=\"890\" height=\"558\" srcset=\"https:\/\/franciscanos.org.br\/noticias\/wp-content\/uploads\/2019\/02\/francisco_050219_2.jpg 890w, https:\/\/franciscanos.org.br\/noticias\/wp-content\/uploads\/2019\/02\/francisco_050219_2-450x282.jpg 450w, https:\/\/franciscanos.org.br\/noticias\/wp-content\/uploads\/2019\/02\/francisco_050219_2-768x482.jpg 768w, https:\/\/franciscanos.org.br\/noticias\/wp-content\/uploads\/2019\/02\/francisco_050219_2-150x94.jpg 150w\" sizes=\"(max-width: 890px) 100vw, 890px\" \/><p id=\"caption-attachment-199536\" class=\"wp-caption-text\"><em>La Madonna Del Latte, Con ISS. Sebastiano Rocco Francesco e Antonio da Padova (s\u00e9c.XVI) Cola Dell Amatrice <\/em><\/p><\/div>\n<p>Fazer mem\u00f3ria de S\u00e3o Francisco de Assis \u00e9 algo que impulsiona os crist\u00e3os e ao mesmo tempo que ultrapassa os muros da pr\u00f3pria Igreja&#8221;, lembra o Cardeal D. Orani Tempesta. \u201cDesde sempre a imagem de Francisco de Assis, o Pobrezinho, tocou a sensibilidade dos artistas. Comovidos pelo carisma emanado dele, muitos pintores da \u00e9poca eram entusiastas em contar sua hist\u00f3ria\u201d, lembra Morello.<\/p>\n<div id=\"attachment_199537\" style=\"width: 504px\" class=\"wp-caption alignright\"><img aria-describedby=\"caption-attachment-199537\" loading=\"lazy\" class=\"wp-image-199537 \" src=\"https:\/\/franciscanos.org.br\/noticias\/wp-content\/uploads\/2019\/02\/francisco_050219_3.jpg\" alt=\"\" width=\"494\" height=\"601\" srcset=\"https:\/\/franciscanos.org.br\/noticias\/wp-content\/uploads\/2019\/02\/francisco_050219_3.jpg 768w, https:\/\/franciscanos.org.br\/noticias\/wp-content\/uploads\/2019\/02\/francisco_050219_3-370x450.jpg 370w, https:\/\/franciscanos.org.br\/noticias\/wp-content\/uploads\/2019\/02\/francisco_050219_3-150x182.jpg 150w\" sizes=\"(max-width: 494px) 100vw, 494px\" \/><p id=\"caption-attachment-199537\" class=\"wp-caption-text\"><em>San Francesco In Preghiera (1584) Annibale Carracci <\/em><\/p><\/div>\n<p>A mostra divide-se em tr\u00eas n\u00facleos: Imagens, Os Estigmas e Conversas Sagradas. No primeiro deles, telas que trazem as primeiras representa\u00e7\u00f5es de S\u00e3o Francisco de Assis \u2013 uma figura franzina, por conta das priva\u00e7\u00f5es que sofria, mas imbu\u00eddo de uma grande for\u00e7a espiritual. Deste per\u00edodo, San Francesco d\u2019Assisi e quattro disciplinati (1499), de Perugino, e S\u00e3o Francisco contemplando um cr\u00e2nio (c.1604-07), de Cigoli.<\/p>\n<p>O segundo n\u00facleo volta-se ao tema dos estigmas, cicatrizes recebidas por Francisco, em 1224, quando ent\u00e3o meditava no monte Alverne. Apesar de sua manifesta\u00e7\u00e3o f\u00edsica, os estigmas s\u00e3o tradicionalmente reputados como de origem espiritual, reproduzindo as cinco chagas de Jesus Cristo \u2013 cinco pontos do corpo pelos quais Jesus teria sido pregado \u00e0 cruz: p\u00e9s, punhos e t\u00f3rax.<\/p>\n<p>Desta se\u00e7\u00e3o, um dos grandes destaques da exposi\u00e7\u00e3o, San Francesco riceve le stimmate (c. s\u00e9culo XVI, anos 60), um \u00f3leo sobre tela de Tiziano com quase tr\u00eas metros de altura, que traz a apari\u00e7\u00e3o do Cristo Ressuscitado ao santo, vendo-se \u00e0s suas costas uma cruz em fogo; e San Francesco consolato da un angelo musicante (1607-1608), \u00f3leo sobre cobre de Guido Reni, que retrata o momento seguinte ao dos estigmas, quando Francisco recebe em sonhos a apari\u00e7\u00e3o de um anjo tocando uma melodia, em uma clara refer\u00eancia \u00e0 mesma experi\u00eancia vivida por Jesus no jardim das Oliveiras.<\/p>\n<p>A mostra encerra-se com o n\u00facleo Conversas Sagradas, em que S\u00e3o Francisco aparece associado \u00e0 Virgem em gl\u00f3ria e a outros santos de devo\u00e7\u00e3o dos fi\u00e9is e dos comitentes, como atesta a espl\u00eandida Virgem com o Menino entre os santos Sebasti\u00e3o, Ant\u00f4nio, Francisco e Roque (c. 1530), obra de Nicola Filotesio.<\/p>\n<p>A exposi\u00e7\u00e3o re\u00fane preciosidades de 15 acervos italianos, distribu\u00eddos por sete cidades italianas: Galleria Corsini, Palazzo Barberini, Musei Capitolini, Museo di Roma, Museo Francescano dell\u2019Istituto Storico dei Cappuccini (Roma); Pinacoteca Civica, Sacrestia della chiesa di San Francesco, Convento Cappuccini (Ascoli Piceno); Museo Nazionale d\u2019Abruzzo (L\u2019Aquila), Galleria Nazionale dell\u2019Umbria (Perugia); Istituto Campana per l\u2019Istruzione permanente (Osimo); Museo Civico (Rieti), Pinacoteca Nazionale (Bolonha) e Duomo di Novara (Novara). A mostra conta ainda com uma importante obra de Ludovico Cardi, mais conhecido como Cigoli, propriedade do colecionador e ator \u00edtalo-americano Federico Castelluccio. \u201cA Casa Fiat de Cultura reafirma seu empenho em ampliar o acesso \u00e0 arte ao realizar em tr\u00eas importantes capitais do pa\u00eds, em parceria com outras institui\u00e7\u00f5es, esta relevante exposi\u00e7\u00e3o. Este acervo, at\u00e9 ent\u00e3o in\u00e9dito no Brasil, atraiu recentemente um recorde de p\u00fablico em nossa sede em Belo Horizonte, com a presen\u00e7a de 116.000 visitantes,e tamb\u00e9m encantou o p\u00fablico do Rio de Janeiro, que p\u00f4de apreci\u00e1-lo no Museu Nacional de Belas Artes. O sucesso da mostra certamente se deve ao amplo leque de mestres da pintura italiana e \u00e0 forte empatia com a surpreendente atualidade da mensagem deste homem nascido no s\u00e9culo XII\u201d, comenta o presidente da Casa Fiat de Cultura, Jo\u00e3o Ciaco.<\/p>\n<p>A fim de proporcionar uma experi\u00eancia imersiva e \u00fanica, a mostra traz ainda uma sala de realidade virtual que possibilitar\u00e1 ao visitante caminhar pela Bas\u00edlica Superior de Assis (1228), uma das mais importantes e belas bas\u00edlicas da It\u00e1lia, que guarda obras-primas do pintor italiano Giotto (1267-1337), artista s\u00edmbolo dos per\u00edodos medieval e pr\u00e9-renascentista.<\/p>\n<div id=\"attachment_199538\" style=\"width: 900px\" class=\"wp-caption alignnone\"><img aria-describedby=\"caption-attachment-199538\" loading=\"lazy\" class=\"wp-image-199538 size-full\" src=\"https:\/\/franciscanos.org.br\/noticias\/wp-content\/uploads\/2019\/02\/francisco_050219_4.jpg\" alt=\"\" width=\"890\" height=\"689\" srcset=\"https:\/\/franciscanos.org.br\/noticias\/wp-content\/uploads\/2019\/02\/francisco_050219_4.jpg 890w, https:\/\/franciscanos.org.br\/noticias\/wp-content\/uploads\/2019\/02\/francisco_050219_4-450x348.jpg 450w, https:\/\/franciscanos.org.br\/noticias\/wp-content\/uploads\/2019\/02\/francisco_050219_4-768x595.jpg 768w, https:\/\/franciscanos.org.br\/noticias\/wp-content\/uploads\/2019\/02\/francisco_050219_4-150x116.jpg 150w\" sizes=\"(max-width: 890px) 100vw, 890px\" \/><p id=\"caption-attachment-199538\" class=\"wp-caption-text\">L<em>a Visione Di San Francesco, de Francesco Solimena <\/em><\/p><\/div>\n<p>A exposi\u00e7\u00e3o \u201cS\u00e3o Francisco na Arte de Mestres Italianos\u201d \u00e9 uma realiza\u00e7\u00e3o da Embaixada da It\u00e1lia em Bras\u00edlia, da Funda\u00e7\u00e3o Armando Alvarez Penteado (FAAP), da Casa Fiat de Cultura, do Museu Nacional de Belas Artes, do Instituto Brasileiro de Museus, Minist\u00e9rio da Cultura, por meio da Lei Federal de Incentivo \u00e0 Cultura e do Governo Federal, com patroc\u00ednio do Consulado Geral da It\u00e1lia em S\u00e3o Paulo, da Fiat Autom\u00f3veis e do Grupo Comolatti. A mostra conta com o apoio do Consulado Geral da It\u00e1lia no Rio de Janeiro, do Consulado da It\u00e1lia em Belo Horizonte, do Instituto Italiano de Cultura de S\u00e3o Paulo, do Instituto Italiano de Cultura do Rio de Janeiro e da Fondazione Giovanni Paollo II per la Giovent\u00f9 e tem coordena\u00e7\u00e3o da Base 7 Projetos Culturais no Brasil e Artifex International na It\u00e1lia.<\/p>\n<hr \/>\n<h2>SERVI\u00c7O<\/h2>\n<p><strong>Exposi\u00e7\u00e3o S\u00e3o Francisco de Assis na Arte de Mestres Italianos<\/strong><br \/>\n<strong>Local:<\/strong> Museu de Arte Brasileira da FAAP<br \/>\n<strong>Endere\u00e7o:<\/strong> Rua Alagoas, 903 | Higien\u00f3polis S\u00e3o Paulo \u2013 SP<br \/>\n<strong>Telefone:<\/strong> (11) 3662-7198<br \/>\n<strong>Per\u00edodo expositivo:<\/strong> de 15 de fevereiro a 12 de abril de 2019<br \/>\n<strong>Hor\u00e1rio de funcionamento:<\/strong> 2\u00aa, 4\u00aa, 5\u00aa e 6\u00aa feiras, das 10h \u00e0s 19h (\u00faltima entrada \u00e0s 18h); s\u00e1bados, domingos e feriados das 10h \u00e0s 18h (\u00faltima entrada \u00e0s 17h).<br \/>\nFechado \u00e0s ter\u00e7as-feiras, mesmo quando feriado<br \/>\nEntrada gratuita<\/p>\n<hr \/>\n<p><strong>Agendamento de visitas educativas<\/strong><br \/>\n(11) 3662-7200<br \/>\nmuseu.educativo@faap.br<\/p>\n<p><strong>INFORMA\u00c7\u00d5ES DADAS PELO MUSEU<\/strong><br \/>\n<strong>Possibilidades de Visitas Educativas:<\/strong> A equipe do setor\u00a0Educativo MAB\/FAAP desenvolve a visita Educativa a partir do\u00a0perfil e da demanda do grupo agendado.<br \/>\nOp\u00e7\u00f5es de abordagens devem ser discutidas quando da\u00a0realiza\u00e7\u00e3o do pr\u00e9-agendamento.<br \/>\nFique atento ao site do museu, voc\u00ea poder\u00e1 ter acesso ao Material Educativo da\u00a0Exposi\u00e7\u00e3o (MAB Escola). Acesse: <a href=\"http:\/\/www.faap.br\/museu\/programacao-mabescola.asp\">http:\/\/www.faap.br\/museu\/programacao-mabescola.asp<\/a><br \/>\nAproveite e agende uma forma\u00e7\u00e3o com toda a equipe de sua Institui\u00e7\u00e3o aqui no\u00a0museu. Voc\u00eas s\u00e3o nossos convidados!<\/p>\n<p><strong>INFORMA\u00c7\u00d5ES AOS RESPONS\u00c1VEIS PELO GRUPO<\/strong><br \/>\n&gt;&gt; A VISITA EDUCATIVA E A PARTICIPA\u00c7\u00c3O DO ACOMPANHANTE\u00a0RESPONS\u00c1VEL:<br \/>\nA Visita Educativa no MAB\/FAAP \u00e9 estruturada a partir da media\u00e7\u00e3o. O\u00a0educador atua como um provocador da rela\u00e7\u00e3o entre obra e visitante, propondo\u00a0quest\u00f5es, reflex\u00f5es, leituras e instigando o esp\u00edrito cr\u00edtico.<br \/>\nNesta din\u00e2mica, a PARTICIPA\u00c7\u00c3O DOS RESPONS\u00c1VEIS e sua perman\u00eancia\u00a0durante todo o per\u00edodo da visita s\u00e3o essenciais \u00e0 realiza\u00e7\u00e3o de uma Visita\u00a0Educativa rica em rela\u00e7\u00f5es e reflex\u00f5es.<br \/>\n&gt;&gt; Uma Visita Educativa \u00e9:<br \/>\n&gt;&gt; uma abertura para novas maneiras de ver a Arte e os testemunhos da cultura<br \/>\nhumana,<br \/>\n&gt;&gt; uma oportunidade de ampliar as rela\u00e7\u00f5es did\u00e1ticas entre o respons\u00e1vel e os<br \/>\nintegrantes do grupo,<br \/>\n&gt;&gt; uma oportunidade de apropria\u00e7\u00e3o dos espa\u00e7os culturais da cidade e<br \/>\nconstru\u00e7\u00e3o de cidadania.<br \/>\n&gt;&gt; um momento de troca entre educador e grupo&#8230;<\/p>\n<p>Assim, . . . recomendamos que o respons\u00e1vel que acompanhe a visita seja\u00a0aquele que ministra ou oriente aulas para o grupo, de modo j\u00e1 existir um v\u00ednculo\u00a0entre este e seus integrantes.<br \/>\nCom esta participa\u00e7\u00e3o, a Visita Educativa torna-se momento para, al\u00e9m das\u00a0conex\u00f5es culturais procuradas, a amplia\u00e7\u00e3o das rela\u00e7\u00f5es estabelecidas entre os\u00a0componentes da Institui\u00e7\u00e3o respons\u00e1vel pelo agendamento e de sua atua\u00e7\u00e3o em\u00a0parceria com o Museu.<\/p>\n<p><strong>PARA AGENDAR A VISITA EDUCATIVA:<\/strong><\/p>\n<p>Tenha em m\u00e3os: o n\u00famero de visitantes interessados, faixa et\u00e1ria, n\u00famero de<br \/>\nacompanhantes e datas de prefer\u00eancia.<\/p>\n<p>O pr\u00e9-agendamento deve ser realizado pelo tel.: 3662-7200 com o n\u00famero exato de visitantes que realizar\u00e3o a\u00a0visita;<br \/>\n&gt;&gt; O museu enviar\u00e1 um formul\u00e1rio de confirma\u00e7\u00e3o de visita \u00e0 institui\u00e7\u00e3o que\u00a0dever\u00e1 ser preenchido pelo respons\u00e1vel e enviado at\u00e9 5 dias \u00fateis ap\u00f3s o\u00a0pr\u00e9-agendamento (em caso de n\u00e3o confirma\u00e7\u00e3o at\u00e9 a data prevista o hor\u00e1rio\u00a0ser\u00e1 disponibilizado a outro grupo).<br \/>\n&gt;&gt; As visitas agendadas ser\u00e3o confirmadas mediante o recebimento do formul\u00e1rio\u00a0respondido, enviado por e-mail: museu.educativo@faap.br ou fax: (11)\u00a03662-7200.<br \/>\nTenha em m\u00e3os: o n\u00famero de visitantes interessados, faixa et\u00e1ria, n\u00famero de\u00a0acompanhantes e datas de prefer\u00eancia.<br \/>\nO pr\u00e9-agendamento deve ser realizado pelo tel.: 3662-7200 com o n\u00famero exato de visitantes que realizar\u00e3o a\u00a0visita;<\/p>\n<p><strong>&gt;&gt; DICAS AOS RESPONS\u00c1VEIS<\/strong><br \/>\nIMPORTANTE: O Setor Educativo do MAB\/FAAP opta por Visitas Educativas que\u00a0estimulem a participa\u00e7\u00e3o dos visitantes com o intuito de desenvolver o olhar\u00a0cr\u00edtico.<br \/>\n&gt;&gt; Conhecer a exposi\u00e7\u00e3o antes da visita com o grupo lhe permitir\u00e1\u00a0tra\u00e7ar mais paralelos entre os conte\u00fados que ser\u00e3o trabalhados\u00a0durante e ap\u00f3s a Visita Educativa.<br \/>\n&gt;&gt; Caso deseje enfocar algum aspecto particular da exposi\u00e7\u00e3o durante a Visita\u00a0Educativa, informe o educador antes do in\u00edcio da mesma.<br \/>\n&gt;&gt; Informar o conte\u00fado da exposi\u00e7\u00e3o antes da vinda ao Museu estimula a\u00a0participa\u00e7\u00e3o dos visitantes e acompanhantes. O interesse do acompanhante reflete\u00a0nos grupos.<br \/>\n&gt;&gt; O tempo com o educador \u00e9 limitado. Relat\u00f3rios durante a visita educativa\u00a0comprometem o tempo do percurso e a apreens\u00e3o dos visitantes, dispersando-os.\u00a0Sugira para que o fa\u00e7am ap\u00f3s a visita.<br \/>\n&gt;&gt; Cada educador faz a visita com o m\u00e1ximo de 15 pessoas.<br \/>\n&gt;&gt; Atentar para a PONTUALIDADE \u00e9 importante, pois a dura\u00e7\u00e3o da\u00a0visita \u00e9 reduzida conforme o tempo de atraso. \u00c9 importante que os\u00a0visitantes cheguem ao espa\u00e7o com tempo para idas ao toalete,\u00a0bebedouro e divis\u00e3o dos grupos. Recomendamos que cheguem ao\u00a0museu 15 minutos antes do hor\u00e1rio agendado.<br \/>\n&gt;&gt; Nosso guarda-volumes \u00e9 limitado. Pe\u00e7a ao grupo para deixarem seus pertences\u00a0nos transportes.<br \/>\n&gt;&gt; Informe aos visitantes que n\u00e3o \u00e9 permitido tocar nas pe\u00e7as expostas ou em seus\u00a0suportes e entrar com alimentos ou bebidas. Os celulares devem ser desligados\u00a0antes de entrarem na exposi\u00e7\u00e3o.<br \/>\n&gt;&gt; O MAB n\u00e3o disp\u00f5e de local para lanche. Sugira que o fa\u00e7am antes, no transporte\u00a0ou ap\u00f3s a visita.<\/p>\n","protected":false},"excerpt":{"rendered":"<p>Exposi\u00e7\u00e3o abre no dia 15 de fevereiro no Museu de Arte Brasileira da FAAP.<\/p>\n","protected":false},"author":3,"featured_media":199539,"comment_status":"open","ping_status":"open","sticky":false,"template":"","format":"standard","meta":[],"categories":[1],"tags":[],"acf":[],"yoast_head":"<!-- This site is optimized with the Yoast SEO plugin v19.2 - https:\/\/yoast.com\/wordpress\/plugins\/seo\/ -->\n<title>&quot;S\u00e3o Francisco na arte de mestres italianos&quot; vai at\u00e9 abril - Not\u00edcias - Franciscanos<\/title>\n<meta name=\"robots\" content=\"index, follow, max-snippet:-1, max-image-preview:large, max-video-preview:-1\" \/>\n<link rel=\"canonical\" href=\"https:\/\/franciscanos.org.br\/noticias\/sao-francisco-na-arte-de-mestres-italianos-esta-chegando.html\" \/>\n<meta property=\"og:locale\" content=\"pt_BR\" \/>\n<meta property=\"og:type\" content=\"article\" \/>\n<meta property=\"og:title\" content=\"&quot;S\u00e3o Francisco na arte de mestres italianos&quot; vai at\u00e9 abril - Not\u00edcias - Franciscanos\" \/>\n<meta property=\"og:description\" content=\"Exposi\u00e7\u00e3o abre no dia 15 de fevereiro no Museu de Arte Brasileira da FAAP.\" \/>\n<meta property=\"og:url\" content=\"https:\/\/franciscanos.org.br\/noticias\/sao-francisco-na-arte-de-mestres-italianos-esta-chegando.html\" \/>\n<meta property=\"og:site_name\" content=\"Not\u00edcias - Franciscanos\" \/>\n<meta property=\"article:published_time\" content=\"2019-02-24T03:14:22+00:00\" \/>\n<meta property=\"article:modified_time\" content=\"2019-02-25T10:05:17+00:00\" \/>\n<meta property=\"og:image\" content=\"https:\/\/franciscanos.org.br\/noticias\/wp-content\/uploads\/2019\/02\/francisco_050219d.jpg\" \/>\n\t<meta property=\"og:image:width\" content=\"273\" \/>\n\t<meta property=\"og:image:height\" content=\"181\" \/>\n\t<meta property=\"og:image:type\" content=\"image\/jpeg\" \/>\n<meta name=\"author\" content=\"moacir\" \/>\n<meta name=\"twitter:card\" content=\"summary_large_image\" \/>\n<meta name=\"twitter:label1\" content=\"Escrito por\" \/>\n\t<meta name=\"twitter:data1\" content=\"moacir\" \/>\n\t<meta name=\"twitter:label2\" content=\"Est. tempo de leitura\" \/>\n\t<meta name=\"twitter:data2\" content=\"10 minutos\" \/>\n<script type=\"application\/ld+json\" class=\"yoast-schema-graph\">{\"@context\":\"https:\/\/schema.org\",\"@graph\":[{\"@type\":\"WebSite\",\"@id\":\"https:\/\/franciscanos.org.br\/noticias\/#website\",\"url\":\"https:\/\/franciscanos.org.br\/noticias\/\",\"name\":\"Not\u00edcias - Franciscanos\",\"description\":\"Prov\u00edncia Franciscana da Imaculada Concei\u00e7\u00e3o do Brasil - Ordem dos Frades Menores - OFM\",\"potentialAction\":[{\"@type\":\"SearchAction\",\"target\":{\"@type\":\"EntryPoint\",\"urlTemplate\":\"https:\/\/franciscanos.org.br\/noticias\/?s={search_term_string}\"},\"query-input\":\"required name=search_term_string\"}],\"inLanguage\":\"pt-BR\"},{\"@type\":\"ImageObject\",\"inLanguage\":\"pt-BR\",\"@id\":\"https:\/\/franciscanos.org.br\/noticias\/sao-francisco-na-arte-de-mestres-italianos-esta-chegando.html#primaryimage\",\"url\":\"https:\/\/franciscanos.org.br\/noticias\/wp-content\/uploads\/2019\/02\/francisco_050219d.jpg\",\"contentUrl\":\"https:\/\/franciscanos.org.br\/noticias\/wp-content\/uploads\/2019\/02\/francisco_050219d.jpg\",\"width\":273,\"height\":181},{\"@type\":\"WebPage\",\"@id\":\"https:\/\/franciscanos.org.br\/noticias\/sao-francisco-na-arte-de-mestres-italianos-esta-chegando.html#webpage\",\"url\":\"https:\/\/franciscanos.org.br\/noticias\/sao-francisco-na-arte-de-mestres-italianos-esta-chegando.html\",\"name\":\"\\\"S\u00e3o Francisco na arte de mestres italianos\\\" vai at\u00e9 abril - Not\u00edcias - Franciscanos\",\"isPartOf\":{\"@id\":\"https:\/\/franciscanos.org.br\/noticias\/#website\"},\"primaryImageOfPage\":{\"@id\":\"https:\/\/franciscanos.org.br\/noticias\/sao-francisco-na-arte-de-mestres-italianos-esta-chegando.html#primaryimage\"},\"datePublished\":\"2019-02-24T03:14:22+00:00\",\"dateModified\":\"2019-02-25T10:05:17+00:00\",\"author\":{\"@id\":\"https:\/\/franciscanos.org.br\/noticias\/#\/schema\/person\/b5c8cba458c330ccff548b056e95a5d4\"},\"breadcrumb\":{\"@id\":\"https:\/\/franciscanos.org.br\/noticias\/sao-francisco-na-arte-de-mestres-italianos-esta-chegando.html#breadcrumb\"},\"inLanguage\":\"pt-BR\",\"potentialAction\":[{\"@type\":\"ReadAction\",\"target\":[\"https:\/\/franciscanos.org.br\/noticias\/sao-francisco-na-arte-de-mestres-italianos-esta-chegando.html\"]}]},{\"@type\":\"BreadcrumbList\",\"@id\":\"https:\/\/franciscanos.org.br\/noticias\/sao-francisco-na-arte-de-mestres-italianos-esta-chegando.html#breadcrumb\",\"itemListElement\":[{\"@type\":\"ListItem\",\"position\":1,\"name\":\"Home\",\"item\":\"https:\/\/franciscanos.org.br\/noticias\"},{\"@type\":\"ListItem\",\"position\":2,\"name\":\"&#8220;S\u00e3o Francisco na arte de mestres italianos&#8221; vai at\u00e9 abril\"}]},{\"@type\":\"Person\",\"@id\":\"https:\/\/franciscanos.org.br\/noticias\/#\/schema\/person\/b5c8cba458c330ccff548b056e95a5d4\",\"name\":\"moacir\",\"image\":{\"@type\":\"ImageObject\",\"inLanguage\":\"pt-BR\",\"@id\":\"https:\/\/franciscanos.org.br\/noticias\/#\/schema\/person\/image\/\",\"url\":\"https:\/\/secure.gravatar.com\/avatar\/d08aa2ce4c8dd416d4479aa8536fcf64?s=96&d=mm&r=g\",\"contentUrl\":\"https:\/\/secure.gravatar.com\/avatar\/d08aa2ce4c8dd416d4479aa8536fcf64?s=96&d=mm&r=g\",\"caption\":\"moacir\"},\"url\":\"https:\/\/franciscanos.org.br\/noticias\/author\/moacir\"}]}<\/script>\n<!-- \/ Yoast SEO plugin. -->","yoast_head_json":{"title":"\"S\u00e3o Francisco na arte de mestres italianos\" vai at\u00e9 abril - Not\u00edcias - Franciscanos","robots":{"index":"index","follow":"follow","max-snippet":"max-snippet:-1","max-image-preview":"max-image-preview:large","max-video-preview":"max-video-preview:-1"},"canonical":"https:\/\/franciscanos.org.br\/noticias\/sao-francisco-na-arte-de-mestres-italianos-esta-chegando.html","og_locale":"pt_BR","og_type":"article","og_title":"\"S\u00e3o Francisco na arte de mestres italianos\" vai at\u00e9 abril - Not\u00edcias - Franciscanos","og_description":"Exposi\u00e7\u00e3o abre no dia 15 de fevereiro no Museu de Arte Brasileira da FAAP.","og_url":"https:\/\/franciscanos.org.br\/noticias\/sao-francisco-na-arte-de-mestres-italianos-esta-chegando.html","og_site_name":"Not\u00edcias - Franciscanos","article_published_time":"2019-02-24T03:14:22+00:00","article_modified_time":"2019-02-25T10:05:17+00:00","og_image":[{"width":273,"height":181,"url":"https:\/\/franciscanos.org.br\/noticias\/wp-content\/uploads\/2019\/02\/francisco_050219d.jpg","type":"image\/jpeg"}],"author":"moacir","twitter_card":"summary_large_image","twitter_misc":{"Escrito por":"moacir","Est. tempo de leitura":"10 minutos"},"schema":{"@context":"https:\/\/schema.org","@graph":[{"@type":"WebSite","@id":"https:\/\/franciscanos.org.br\/noticias\/#website","url":"https:\/\/franciscanos.org.br\/noticias\/","name":"Not\u00edcias - Franciscanos","description":"Prov\u00edncia Franciscana da Imaculada Concei\u00e7\u00e3o do Brasil - Ordem dos Frades Menores - OFM","potentialAction":[{"@type":"SearchAction","target":{"@type":"EntryPoint","urlTemplate":"https:\/\/franciscanos.org.br\/noticias\/?s={search_term_string}"},"query-input":"required name=search_term_string"}],"inLanguage":"pt-BR"},{"@type":"ImageObject","inLanguage":"pt-BR","@id":"https:\/\/franciscanos.org.br\/noticias\/sao-francisco-na-arte-de-mestres-italianos-esta-chegando.html#primaryimage","url":"https:\/\/franciscanos.org.br\/noticias\/wp-content\/uploads\/2019\/02\/francisco_050219d.jpg","contentUrl":"https:\/\/franciscanos.org.br\/noticias\/wp-content\/uploads\/2019\/02\/francisco_050219d.jpg","width":273,"height":181},{"@type":"WebPage","@id":"https:\/\/franciscanos.org.br\/noticias\/sao-francisco-na-arte-de-mestres-italianos-esta-chegando.html#webpage","url":"https:\/\/franciscanos.org.br\/noticias\/sao-francisco-na-arte-de-mestres-italianos-esta-chegando.html","name":"\"S\u00e3o Francisco na arte de mestres italianos\" vai at\u00e9 abril - Not\u00edcias - Franciscanos","isPartOf":{"@id":"https:\/\/franciscanos.org.br\/noticias\/#website"},"primaryImageOfPage":{"@id":"https:\/\/franciscanos.org.br\/noticias\/sao-francisco-na-arte-de-mestres-italianos-esta-chegando.html#primaryimage"},"datePublished":"2019-02-24T03:14:22+00:00","dateModified":"2019-02-25T10:05:17+00:00","author":{"@id":"https:\/\/franciscanos.org.br\/noticias\/#\/schema\/person\/b5c8cba458c330ccff548b056e95a5d4"},"breadcrumb":{"@id":"https:\/\/franciscanos.org.br\/noticias\/sao-francisco-na-arte-de-mestres-italianos-esta-chegando.html#breadcrumb"},"inLanguage":"pt-BR","potentialAction":[{"@type":"ReadAction","target":["https:\/\/franciscanos.org.br\/noticias\/sao-francisco-na-arte-de-mestres-italianos-esta-chegando.html"]}]},{"@type":"BreadcrumbList","@id":"https:\/\/franciscanos.org.br\/noticias\/sao-francisco-na-arte-de-mestres-italianos-esta-chegando.html#breadcrumb","itemListElement":[{"@type":"ListItem","position":1,"name":"Home","item":"https:\/\/franciscanos.org.br\/noticias"},{"@type":"ListItem","position":2,"name":"&#8220;S\u00e3o Francisco na arte de mestres italianos&#8221; vai at\u00e9 abril"}]},{"@type":"Person","@id":"https:\/\/franciscanos.org.br\/noticias\/#\/schema\/person\/b5c8cba458c330ccff548b056e95a5d4","name":"moacir","image":{"@type":"ImageObject","inLanguage":"pt-BR","@id":"https:\/\/franciscanos.org.br\/noticias\/#\/schema\/person\/image\/","url":"https:\/\/secure.gravatar.com\/avatar\/d08aa2ce4c8dd416d4479aa8536fcf64?s=96&d=mm&r=g","contentUrl":"https:\/\/secure.gravatar.com\/avatar\/d08aa2ce4c8dd416d4479aa8536fcf64?s=96&d=mm&r=g","caption":"moacir"},"url":"https:\/\/franciscanos.org.br\/noticias\/author\/moacir"}]}},"_links":{"self":[{"href":"https:\/\/franciscanos.org.br\/noticias\/wp-json\/wp\/v2\/posts\/199534"}],"collection":[{"href":"https:\/\/franciscanos.org.br\/noticias\/wp-json\/wp\/v2\/posts"}],"about":[{"href":"https:\/\/franciscanos.org.br\/noticias\/wp-json\/wp\/v2\/types\/post"}],"author":[{"embeddable":true,"href":"https:\/\/franciscanos.org.br\/noticias\/wp-json\/wp\/v2\/users\/3"}],"replies":[{"embeddable":true,"href":"https:\/\/franciscanos.org.br\/noticias\/wp-json\/wp\/v2\/comments?post=199534"}],"version-history":[{"count":0,"href":"https:\/\/franciscanos.org.br\/noticias\/wp-json\/wp\/v2\/posts\/199534\/revisions"}],"wp:featuredmedia":[{"embeddable":true,"href":"https:\/\/franciscanos.org.br\/noticias\/wp-json\/wp\/v2\/media\/199539"}],"wp:attachment":[{"href":"https:\/\/franciscanos.org.br\/noticias\/wp-json\/wp\/v2\/media?parent=199534"}],"wp:term":[{"taxonomy":"category","embeddable":true,"href":"https:\/\/franciscanos.org.br\/noticias\/wp-json\/wp\/v2\/categories?post=199534"},{"taxonomy":"post_tag","embeddable":true,"href":"https:\/\/franciscanos.org.br\/noticias\/wp-json\/wp\/v2\/tags?post=199534"}],"curies":[{"name":"wp","href":"https:\/\/api.w.org\/{rel}","templated":true}]}}