{"id":199020,"date":"2019-02-09T07:06:46","date_gmt":"2019-02-09T09:06:46","guid":{"rendered":"https:\/\/franciscanos.org.br\/noticias\/?p=199020"},"modified":"2020-05-18T09:00:05","modified_gmt":"2020-05-18T12:00:05","slug":"no-jardim-de-braganca","status":"publish","type":"post","link":"https:\/\/franciscanos.org.br\/noticias\/no-jardim-de-braganca.html","title":{"rendered":"No jardim de Bragan\u00e7a"},"content":{"rendered":"<p><img loading=\"lazy\" src=\"https:\/\/franciscanos.org.br\/noticias\/wp-content\/uploads\/2019\/02\/regis-010219-830.jpg\" alt=\"\" width=\"830\" height=\"554\" \/><\/p>\n<p><em>\u00a0Nas casas da Prov\u00edncia por onde passou, Frei Regis Guaracy Ribeiro Daher plantou pelo menos uma \u00e1rvore. Para ele, esse amor pelas plantas e flores faz parte da heran\u00e7a franciscana. \u201c\u00c9 um cont\u00ednuo \u2018milagre\u2019 participar desta explos\u00e3o de vida!\u201d, ensina.\u00a0<\/em><em>O espa\u00e7o verde onde est\u00e1 a Fraternidade de Bragan\u00e7a Paulista \u00e9 generoso para alegria do frade. Plantas, mudas, vasos, galhos, flores est\u00e3o em toda parte. Com tamanha riqueza verde, n\u00e3o faltam esquilos, muitos p\u00e1ssaros e jacus. Enquanto conversava, Frei Regis estava de olho no bem-te-vi, que espertamente mergulhava na fonte do jardim para pegar os peixes. Didaticamente, como \u00e9 pr\u00f3prio de sua personalidade, Frei R\u00e9gis explica que esta ave \u00e9 da fam\u00edlia dos tiran\u00eddeos e que come de tudo, desde frutas e flores at\u00e9 insetos e ovos de passarinhos. \u00c9 capaz de amea\u00e7ar at\u00e9 gavi\u00f5es e urubus quando estes se aproximam do seu territ\u00f3rio.<\/em><\/p>\n<p><em>E das plantas que cultiva, Frei R\u00e9gis esbanja conhecimentos. Sabe de cor o nome cient\u00edfico delas. Com certeza n\u00e3o rivaliza com o seu grande confrade Frei Jos\u00e9 Mariano da Concei\u00e7\u00e3o Vellozo, o autor da \u201cFlora Fluminensis\u201d (1790), mas conhece tudo o que cultiva no Jardim de Bragan\u00e7a. Essa caracter\u00edstica de sua personalidade tem a ver com sua primeira profiss\u00e3o: a de professor. \u00c9 no Vale do Para\u00edba, precisamente em Jacare\u00ed, que nasce, no dia 8 de abril de 1952, Frei R\u00e9gis, o quinto filho na ordem de nascimento de Maria Augusta e Alfredo Daher (M\u00e1rio Ney, Paulo Afonso, Jos\u00e9 Ivens e Isa Maria do primeiro casamento. Alfredo J\u00fanior \u00e9 filho do segundo casamento). <\/em><\/p>\n<p><em>Lecionou durante quatro anos Desenho e Educa\u00e7\u00e3o Art\u00edstica para alunos do 1\u00ba Grau nas escolas p\u00fablicas estaduais nas cidades de Igarat\u00e1, S\u00e3o Jos\u00e9 dos Campos e Paraibuna. Sempre indo de um lado para o outro, \u00e0s vezes \u201ccomendo\u201d poeira em algumas estradas com o seu Volks TL. Nos finais de semana, o mestre n\u00e3o parava. Era um ass\u00edduo colaborador dos Retiros promovidos pelas Irm\u00e3s Mensageiras do Amor Divino de Aparecida. Tinha uma vida intensa nas equipes dos \u201cRetiros do Amor Divino\u201d, o que ajudou no seu discernimento vocacional, embora j\u00e1, aos 8 anos de idade, pediu ao pai autoriza\u00e7\u00e3o para ingressar no Semin\u00e1rio Redentorista. O pai, descendente de libaneses, achou cedo demais para ele viver longe da fam\u00edlia. <\/em><\/p>\n<p><em>Depois, foi o pr\u00f3prio pai que o conduziu para o Semin\u00e1rio de Voca\u00e7\u00f5es Adultas (Sevoa) em 1975. Esse ingresso tinha como primeira inspira\u00e7\u00e3o o sacerd\u00f3cio. Durante a forma\u00e7\u00e3o, a partir do Noviciado em 1976, sua decis\u00e3o mudou e, na \u00faltima etapa, durante a Teologia, decidiu ser irm\u00e3o leigo franciscano. Ap\u00f3s os estudos de Filosofia e Teologia (77-81), trabalhou os 13 primeiros anos em casas de forma\u00e7\u00e3o da Prov\u00edncia: 82-83 (Guaratinguet\u00e1); 84-91 (Agudos) e 92-94 (Rondinha). Esteve a servi\u00e7o da Secretaria Provincial (95-2010) por quinze anos, um trabalho que fez com perfei\u00e7\u00e3o, cuidado e dedica\u00e7\u00e3o. Viu a import\u00e2ncia da internet quando ela assustava os ambientes eclesiais e se tornou um dos frades que mais incentivou as novas m\u00eddias na Prov\u00edncia, ajudando a criar o Setor de Comunica\u00e7\u00e3o da Sede Provincial. <\/em><\/p>\n<p><em>Hoje, nos jardins de Bragan\u00e7a, Frei Regis n\u00e3o deixa de navegar na internet, mas sua prioridade \u00e9 o verde, embora seja um corintiano. Acompanhe a entrevista!\u00a0\u00a0<\/em><strong>Moacir Beggo<\/strong><\/p>\n<p>&nbsp;<\/p>\n<p><img loading=\"lazy\" class=\"alignnone wp-image-199024\" src=\"https:\/\/franciscanos.org.br\/noticias\/wp-content\/uploads\/2019\/02\/regiis-04.jpg\" alt=\"\" width=\"890\" height=\"667\" srcset=\"https:\/\/franciscanos.org.br\/noticias\/wp-content\/uploads\/2019\/02\/regiis-04.jpg 830w, https:\/\/franciscanos.org.br\/noticias\/wp-content\/uploads\/2019\/02\/regiis-04-450x337.jpg 450w, https:\/\/franciscanos.org.br\/noticias\/wp-content\/uploads\/2019\/02\/regiis-04-768x576.jpg 768w, https:\/\/franciscanos.org.br\/noticias\/wp-content\/uploads\/2019\/02\/regiis-04-150x112.jpg 150w\" sizes=\"(max-width: 890px) 100vw, 890px\" \/><\/p>\n<p><strong>Site Franciscanos<\/strong> &#8211; <em>Em que momento de sua vida se sentiu atra\u00eddo pelo carisma franciscano?<\/em><\/p>\n<p><strong>Frei Regis<\/strong> &#8211; Aos 18 anos de idade (1970). Quando comecei os estudos na faculdade (curso de Desenho e Educa\u00e7\u00e3o Art\u00edstica), convivi com uma religiosa das Irm\u00e3s de S\u00e3o Jos\u00e9 de Chamberry. Ela plantou as primeiras sementes para a vida crist\u00e3 mais intensa e compromissada. Inspirado pelo meu irm\u00e3o mais velho, M\u00e1rio, em 1971 participei do movimento dos Cursilhos. No mesmo ano, comecei a dar aulas na cidade de Igarat\u00e1 (SP), onde passei a conviver com as Irm\u00e3s Franciscanas Hospitaleiras que ali atuavam. Delas, certamente vieram as primeiras inspira\u00e7\u00f5es.<\/p>\n<p><strong>Site Franciscanos<\/strong> <em>&#8211; Que motiva\u00e7\u00e3o o trouxe para a Ordem dos Frades Menores?<\/em><\/p>\n<p><strong>Frei Regis<\/strong> &#8211; \u00c9 uma hist\u00f3ria meio longa. Mas resumindo, em 1974, fui visitar o Semin\u00e1rio Frei Galv\u00e3o, em Guaratinguet\u00e1, e na capela tive a certeza que era ali o meu lugar. Sem muitas palavras ou ideias. Algo interior. Na realidade, S\u00e3o Francisco vem primeiro, a Ordem \u00e9 consequ\u00eancia.<\/p>\n<p><strong>Site Franciscanos<\/strong> <em>&#8211; Fale um pouco de sua fam\u00edlia. Como ela recebeu a sua escolha?<\/em><\/p>\n<p><strong>Frei Regis<\/strong> &#8211; Fam\u00edlia de cinco filhos, dos quais eu sou o ca\u00e7ula. Do segundo casamento do meu pai, depois de vi\u00favo, nasceu um irm\u00e3o com diferen\u00e7a de 23 anos. Portanto, s\u00e3o 5 homens e uma \u00fanica filha (j\u00e1 falecida). Todos os filhos e o pai dedicaram suas vidas \u00e0 educa\u00e7\u00e3o (professores, diretor de escola) em escolas p\u00fablicas. Da minha m\u00e3e recebi a influ\u00eancia religiosa. Fui coroinha a partir dos 7 anos de idade.\u00a0Em 1974, quando me preparava para a entrada no semin\u00e1rio, meus irm\u00e3os j\u00e1 eram todos casados e meu pai vi\u00favo. Nos anos 1971 a 1974, participei ativamente da vida eclesial: movimentos de jovens, casais, catequese e retiros. De modo que a op\u00e7\u00e3o pela vida religiosa foi se constituindo naturalmente. Creio que todos receberam bem, com exce\u00e7\u00e3o do pai que imaginava outra coisa. Com o tempo, n\u00e3o s\u00f3 aceitou mas compreendeu do que se tratava e me deu apoio. Foi ele quem me conduziu ao Sevoa em 1975.<\/p>\n<p><strong>Site Franciscanos<\/strong> <em>&#8211; Quando voc\u00ea ingressou no semin\u00e1rio j\u00e1 tinha clareza que entrava na Ordem para ser frade menor?<\/em><\/p>\n<p><strong>Frei Regis<\/strong> &#8211; Quando se \u00e9 jovem, a \u00fanica clareza \u00e9 o pr\u00f3prio S\u00e3o Francisco no seguimento de Cristo. \u00c9 a paix\u00e3o do \u2018primeiro amor\u2019, que age mais por impulso do que por racionalidade. S\u00f3 aos poucos, muito lenta e gradativamente, \u00e9 que as coisas v\u00e3o se sedimentando, \u201ccom os p\u00e9s no ch\u00e3o\u201d vamos tomando consci\u00eancia do que seja \u2018ser frade menor\u2019 e membro de uma fraternidade, a Ordem dos Frades Menores. O processo de maturidade dura a vida toda.<\/p>\n<p><strong>Site Franciscanos<\/strong> <em>&#8211; Em que momento de sua caminhada decidiu ser irm\u00e3o leigo?<\/em><\/p>\n<p><strong>Frei Regis<\/strong> &#8211; Durante os estudos da Teologia (1977 a 1981), com a aproxima\u00e7\u00e3o das ordena\u00e7\u00f5es (diaconato e presbiterado) dos meus colegas ao final do curso. Senti que n\u00e3o devia (nem podia) assumir os minist\u00e9rios apenas como consequ\u00eancia cronol\u00f3gica dos anos da forma\u00e7\u00e3o. Ao final do 5\u00ba ano (1981), pedi ao Ministro Provincial um tempo mais intenso de aprofundamento para uma decis\u00e3o madura e consciente. Recebi, ent\u00e3o, minha primeira transfer\u00eancia para Guaratinguet\u00e1, para ajudar na forma\u00e7\u00e3o dos seminaristas. S\u00f3 ao longo dos anos \u00e9 que se foi sedimentando a voca\u00e7\u00e3o do religioso leigo. Hoje, tenho clareza que n\u00e3o me enganei em percorrer esse caminho.<\/p>\n<p><img loading=\"lazy\" class=\"\" src=\"https:\/\/franciscanos.org.br\/noticias\/wp-content\/uploads\/2019\/02\/regiis-03.jpg\" alt=\"\" width=\"890\" height=\"667\" \/><\/p>\n<p><strong>Site Franciscanos<\/strong> <em>&#8211; Quem \u00e9 o Frei Regis? Como voc\u00ea se autodefine?<\/em><\/p>\n<p><strong>Frei Regis<\/strong> &#8211; Enquanto \u201cfrei\u201d, s\u00e3o meus irm\u00e3os \u00e9 quem devem saber quem eu sou. O frade s\u00f3 existe enquanto membro de uma fraternidade, entendida em seu sentido mais amplo, \u201cirm\u00e3o de toda a criatura\u201d. N\u00e3o acho poss\u00edvel me autodefinir. O ser humano vive e convive. O contorno de quem somos de fato s\u00f3 aparece nas rela\u00e7\u00f5es que estabelecemos com tudo e com todos. \u00c9 o nosso \u201cconviver\u201d que revela quem somos. Para n\u00e3o escapar de todo da pergunta, considero-me uma pessoa feliz, sinto alegria em viver e conviver. Entendo que a cada dia Deus renova a cria\u00e7\u00e3o da qual fa\u00e7o parte. Nascemos a cada dia. Alguns preferem dizer: \u201cMorremos a cada dia\u201d.<\/p>\n<p><strong>Site Franciscanos<\/strong> <em>&#8211; Voc\u00ea sempre gostou de trabalhar com jardinagem ou isso veio depois?<\/em><\/p>\n<p><strong>Frei Regis<\/strong> &#8211; Veio com o tempo. Acho que faz parte da heran\u00e7a franciscana. Na medida em que a gente vai percebendo que a vida pulsa em cada criatura e que tudo est\u00e1 em comunh\u00e3o. \u00c9 um cont\u00ednuo \u2018milagre\u2019 participar desta explos\u00e3o de vida! Acredito que a contempla\u00e7\u00e3o \u2018passa\u2019 por esta experi\u00eancia do mist\u00e9rio da exist\u00eancia.<\/p>\n<p><strong>Site Franciscanos<\/strong> <em>&#8211; Como ser um bom frade? Quais os desafios da vida em fraternidade?<\/em><\/p>\n<p><strong>Frei Regis<\/strong> &#8211; Primeiro: carregando paciente, alegre e humildemente o peso da pr\u00f3pria exist\u00eancia. \u00c9 a cruz de cada dia. Segundo: abra\u00e7ando a todos e qualquer situa\u00e7\u00e3o, como condi\u00e7\u00e3o da verdade do seguimento.\u00a0Quanto aos desafios da nossa vida: fraternidade \u00e9 um dom e uma tarefa. N\u00e3o \u2018entramos\u2019 numa Ordem ideal e pr\u00e9-existente como uma d\u00e1diva sem compromisso. \u00c9 um dom de Deus se dispor construir a fraternidade. O maior desafio \u00e9 o de acreditar nisso at\u00e9 o fim da vida. \u00c9 esse o sentido mais profundo dos votos religiosos, sobretudo na profiss\u00e3o solene. N\u00e3o \u00e9 poss\u00edvel \u2018cobrar\u2019 nada da fraternidade sem antes ter dado a pr\u00f3pria vida para constru\u00ed-la.<\/p>\n<p><strong>Site Franciscanos<\/strong> <em>&#8211; Voc\u00ea acha que o clericalismo amea\u00e7a a Ordem como disse o Definidor Geral Frei Valmir Ramos?<\/em><\/p>\n<p><strong>Frei Regis<\/strong> &#8211; Bem antes do Frei Valmir se manifestar sobre o clericalismo, o Papa Francisco em 13.12.2016, em sua homilia na missa da Casa Santa Marta, criticou veementemente o que ele chamou de \u201cum mal que afasta o povo da Igreja\u201d. Comparou as atitudes dos fariseus e doutores da lei com o mal que tamb\u00e9m afeta a Igreja nos dias de hoje:\u00a0\u201cOs intelectuais da religi\u00e3o tinham a autoridade jur\u00eddica, moral e religiosa, decidiam tudo. Com a lei feita somente por eles, \u2018intelectual, sofisticada, casu\u00edstica\u2019, cancelam a lei do Senhor. E a v\u00edtima, assim como foi Jesus, todos os dias \u00e9 o povo humilde e pobre que confia no Senhor, aqueles que s\u00e3o descartados. Aqueles que tinham o poder, que levavam adiante as catequeses do povo com uma moral feita pela sua intelig\u00eancia e n\u00e3o a partir da revela\u00e7\u00e3o de Deus. Os cl\u00e9rigos se sentem superiores, se afastam das pessoas e n\u00e3o t\u00eam tempo para escutar os pobres, os que sofrem, os presos, os doentes\u201d.\u00a0Portanto, esse risco do clericalismo atinge a todos n\u00f3s na medida em que nos afastamos do seguimento de Cristo pobre, humilde e crucificado.<\/p>\n<p><strong>Site Franciscanos<\/strong> <em>&#8211; Francisco tem lugar no mundo de hoje?<\/em><\/p>\n<p><strong>Frei Regis<\/strong> &#8211; Mais do que nunca. Quanto mais a humanidade se distancia da sua origem primeira tanto mais sente a frustra\u00e7\u00e3o e o vazio. Francisco \u00e9 uma refer\u00eancia na busca que todo ser humano realiza pelo sentido de sua exist\u00eancia. Da\u00ed a permanente atra\u00e7\u00e3o que ele exerce em qualquer tempo. Francisco \u00e9 o que todo homem gostaria de ser.<\/p>\n<p><strong>Site Franciscanos<\/strong> &#8211; <em>Como v\u00ea o Pontificado do Papa Francisco? Voc\u00ea acha que ele vai ter for\u00e7as para suportar as press\u00f5es daqueles que se op\u00f5em \u00e0s mudan\u00e7as e reformas propostas por ele?<\/em><\/p>\n<p><strong>Frei Regis<\/strong> &#8211; Penso que o caminho que o Papa inspirou na Igreja, e para al\u00e9m dela, \u00e9 um caminho sem volta. Trata-se de um retorno \u00e0 integralidade do Evangelho. Fica cada vez mais clara e patente a incoer\u00eancia dos que se op\u00f5em a essas mudan\u00e7as. N\u00e3o se trata de algo opcional. \u00c9 um imperativo para a perman\u00eancia da Igreja e do seu testemunho no mundo. Est\u00e1 cada vez mais claro \u201cquem \u00e9 o joio e quem \u00e9 o trigo\u201d.<\/p>\n<p><strong>Site Franciscanos<\/strong> <em>&#8211; Voc\u00ea acha que os franciscanos est\u00e3o aproveitando bem essa evid\u00eancia do carisma que o Papa sempre faz quest\u00e3o de colocar em pauta?<\/em><\/p>\n<p><strong>Frei Regis<\/strong> &#8211; Esse processo de \u2018purifica\u00e7\u00e3o\u2019 a que me referi anteriormente atinge a todos no interior da Igreja, tamb\u00e9m a n\u00f3s, franciscanos. Quem n\u00e3o viver este processo vai \u201cperder o trem da hist\u00f3ria\u201d. O governo geral da Ordem est\u00e1 atento a essas mudan\u00e7as. Cabe a cada um acolher esse tempo de gra\u00e7a e de convers\u00e3o.<\/p>\n<p><img loading=\"lazy\" class=\"alignnone wp-image-199022\" src=\"https:\/\/franciscanos.org.br\/noticias\/wp-content\/uploads\/2019\/02\/regiis-01.jpg\" alt=\"\" width=\"890\" height=\"737\" srcset=\"https:\/\/franciscanos.org.br\/noticias\/wp-content\/uploads\/2019\/02\/regiis-01.jpg 830w, https:\/\/franciscanos.org.br\/noticias\/wp-content\/uploads\/2019\/02\/regiis-01-450x372.jpg 450w, https:\/\/franciscanos.org.br\/noticias\/wp-content\/uploads\/2019\/02\/regiis-01-768x636.jpg 768w, https:\/\/franciscanos.org.br\/noticias\/wp-content\/uploads\/2019\/02\/regiis-01-150x124.jpg 150w\" sizes=\"(max-width: 890px) 100vw, 890px\" \/><\/p>\n<p><strong>Site Franciscanos<\/strong> <em>&#8211; Como voc\u00ea v\u00ea a iniciativa e disposi\u00e7\u00e3o de se buscar a unidade dos tr\u00eas ramos masculinos da Ordem Franciscana?<\/em><\/p>\n<p><strong>Frei Regis<\/strong> &#8211; \u00c9 um caminho longo e dif\u00edcil porque ao longo da hist\u00f3ria foram se cristalizando mais as diferen\u00e7as do que tudo aquilo que nos \u00e9 comum. Acredito que podemos nos unir na medida em que formos capazes de assumir projetos comuns de vida e na evangeliza\u00e7\u00e3o. O movimento de unidade deve acontecer de \u2018fora\u2019 para \u2018dentro\u2019. N\u00e3o ser\u00e1 nunca fruto de acordos e compromissos oficiais e institucionais.<\/p>\n<p><strong>Site Franciscanos<\/strong> <em>&#8211; No jardim de sua vida, voc\u00ea encontrou mais espinhos ou rosas?<\/em><\/p>\n<p><strong>Frei Regis<\/strong> &#8211; A imagem do jardim n\u00e3o \u00e9 a melhor para simbolizar a vida. Prefiro a de uma estrada ou caminho, mais din\u00e2mica com movimentos e paradas, descobertas, surpresas. Na vida encontramos simultaneamente ambas as coisas, espinhos e rosas. O espinho n\u00e3o \u00e9 de todo ruim. H\u00e1 espinheiros que d\u00e3o flores, por vezes, t\u00e3o ou mais belas que as rosas. Basta ver alguns tipos de cactos. Talvez as dificuldades mais agudas da vida sejam oportunidades valiosas de amadurecimento humano e espiritual. Muitas vezes, o encanto e a admira\u00e7\u00e3o da beleza s\u00e3o ef\u00eameros e passageiros.<\/p>\n<p><strong>Site Franciscanos<\/strong> <em>&#8211; Como voc\u00ea apresentaria a Ordem dos Frades Menores a um jovem hoje?<\/em><\/p>\n<p><strong>Frei Regis<\/strong> &#8211; A Ordem \u00e9 um caminho entre outros. N\u00e3o somos detentores de uma \u00fanica verdade, nem Francisco \u00e9 nossa \u2018patente registrada\u2019. Francisco \u00e9 uma inspira\u00e7\u00e3o de vida que pode ser acolhida de muitos modos. Meu mestre de noviciado dizia que \u201cmuitos t\u00eam a voca\u00e7\u00e3o franciscana, mas poucos os que aceitam viv\u00ea-la numa institui\u00e7\u00e3o, a Ordem\u201d. O nosso tempo vive uma crise de valores, o que dificulta grandemente assumir compromissos definitivos. S\u00e3o poucos os que desejam consagrar a pr\u00f3pria vida numa institui\u00e7\u00e3o com seus limites. Em geral, o jovem tem dificuldade de abrir m\u00e3o de sua liberdade e autonomia para assumir um projeto de vida. No entanto, h\u00e1 quem &#8211; uma minoria &#8211; ainda hoje aceite viver esse desafio.<\/p>\n<p><img loading=\"lazy\" class=\"alignnone wp-image-199023\" src=\"https:\/\/franciscanos.org.br\/noticias\/wp-content\/uploads\/2019\/02\/regiis-05.jpg\" alt=\"\" width=\"890\" height=\"667\" srcset=\"https:\/\/franciscanos.org.br\/noticias\/wp-content\/uploads\/2019\/02\/regiis-05.jpg 830w, https:\/\/franciscanos.org.br\/noticias\/wp-content\/uploads\/2019\/02\/regiis-05-450x337.jpg 450w, https:\/\/franciscanos.org.br\/noticias\/wp-content\/uploads\/2019\/02\/regiis-05-768x576.jpg 768w, https:\/\/franciscanos.org.br\/noticias\/wp-content\/uploads\/2019\/02\/regiis-05-150x112.jpg 150w\" sizes=\"(max-width: 890px) 100vw, 890px\" \/><\/p>\n","protected":false},"excerpt":{"rendered":"<p>Entrevista com Frei Regis Guaracy Ribeiro Daher<\/p>\n","protected":false},"author":7,"featured_media":223925,"comment_status":"open","ping_status":"open","sticky":false,"template":"","format":"standard","meta":[],"categories":[758],"tags":[17,657],"acf":[],"yoast_head":"<!-- This site is optimized with the Yoast SEO plugin v19.2 - https:\/\/yoast.com\/wordpress\/plugins\/seo\/ -->\n<title>No jardim de Bragan\u00e7a - Not\u00edcias - Franciscanos<\/title>\n<meta name=\"robots\" content=\"index, follow, max-snippet:-1, max-image-preview:large, max-video-preview:-1\" \/>\n<link rel=\"canonical\" href=\"https:\/\/franciscanos.org.br\/noticias\/no-jardim-de-braganca.html\" \/>\n<meta property=\"og:locale\" content=\"pt_BR\" \/>\n<meta property=\"og:type\" content=\"article\" \/>\n<meta property=\"og:title\" content=\"No jardim de Bragan\u00e7a - Not\u00edcias - Franciscanos\" \/>\n<meta property=\"og:description\" content=\"Entrevista com Frei Regis Guaracy Ribeiro Daher\" \/>\n<meta property=\"og:url\" content=\"https:\/\/franciscanos.org.br\/noticias\/no-jardim-de-braganca.html\" \/>\n<meta property=\"og:site_name\" content=\"Not\u00edcias - Franciscanos\" \/>\n<meta property=\"article:published_time\" content=\"2019-02-09T09:06:46+00:00\" \/>\n<meta property=\"article:modified_time\" content=\"2020-05-18T12:00:05+00:00\" \/>\n<meta property=\"og:image\" content=\"https:\/\/franciscanos.org.br\/noticias\/wp-content\/uploads\/2019\/02\/regis-010219-830-1.jpg\" \/>\n\t<meta property=\"og:image:width\" content=\"800\" \/>\n\t<meta property=\"og:image:height\" content=\"599\" \/>\n\t<meta property=\"og:image:type\" content=\"image\/jpeg\" \/>\n<meta name=\"author\" content=\"jovenal\" \/>\n<meta name=\"twitter:card\" content=\"summary_large_image\" \/>\n<meta name=\"twitter:label1\" content=\"Escrito por\" \/>\n\t<meta name=\"twitter:data1\" content=\"jovenal\" \/>\n\t<meta name=\"twitter:label2\" content=\"Est. tempo de leitura\" \/>\n\t<meta name=\"twitter:data2\" content=\"12 minutos\" \/>\n<script type=\"application\/ld+json\" class=\"yoast-schema-graph\">{\"@context\":\"https:\/\/schema.org\",\"@graph\":[{\"@type\":\"WebSite\",\"@id\":\"https:\/\/franciscanos.org.br\/noticias\/#website\",\"url\":\"https:\/\/franciscanos.org.br\/noticias\/\",\"name\":\"Not\u00edcias - Franciscanos\",\"description\":\"Prov\u00edncia Franciscana da Imaculada Concei\u00e7\u00e3o do Brasil - Ordem dos Frades Menores - OFM\",\"potentialAction\":[{\"@type\":\"SearchAction\",\"target\":{\"@type\":\"EntryPoint\",\"urlTemplate\":\"https:\/\/franciscanos.org.br\/noticias\/?s={search_term_string}\"},\"query-input\":\"required name=search_term_string\"}],\"inLanguage\":\"pt-BR\"},{\"@type\":\"ImageObject\",\"inLanguage\":\"pt-BR\",\"@id\":\"https:\/\/franciscanos.org.br\/noticias\/no-jardim-de-braganca.html#primaryimage\",\"url\":\"https:\/\/franciscanos.org.br\/noticias\/wp-content\/uploads\/2019\/02\/regis-010219-830-1.jpg\",\"contentUrl\":\"https:\/\/franciscanos.org.br\/noticias\/wp-content\/uploads\/2019\/02\/regis-010219-830-1.jpg\",\"width\":800,\"height\":599},{\"@type\":\"WebPage\",\"@id\":\"https:\/\/franciscanos.org.br\/noticias\/no-jardim-de-braganca.html#webpage\",\"url\":\"https:\/\/franciscanos.org.br\/noticias\/no-jardim-de-braganca.html\",\"name\":\"No jardim de Bragan\u00e7a - Not\u00edcias - Franciscanos\",\"isPartOf\":{\"@id\":\"https:\/\/franciscanos.org.br\/noticias\/#website\"},\"primaryImageOfPage\":{\"@id\":\"https:\/\/franciscanos.org.br\/noticias\/no-jardim-de-braganca.html#primaryimage\"},\"datePublished\":\"2019-02-09T09:06:46+00:00\",\"dateModified\":\"2020-05-18T12:00:05+00:00\",\"author\":{\"@id\":\"https:\/\/franciscanos.org.br\/noticias\/#\/schema\/person\/c3a26b08313dd1772495ce300ab257cc\"},\"breadcrumb\":{\"@id\":\"https:\/\/franciscanos.org.br\/noticias\/no-jardim-de-braganca.html#breadcrumb\"},\"inLanguage\":\"pt-BR\",\"potentialAction\":[{\"@type\":\"ReadAction\",\"target\":[\"https:\/\/franciscanos.org.br\/noticias\/no-jardim-de-braganca.html\"]}]},{\"@type\":\"BreadcrumbList\",\"@id\":\"https:\/\/franciscanos.org.br\/noticias\/no-jardim-de-braganca.html#breadcrumb\",\"itemListElement\":[{\"@type\":\"ListItem\",\"position\":1,\"name\":\"Home\",\"item\":\"https:\/\/franciscanos.org.br\/noticias\"},{\"@type\":\"ListItem\",\"position\":2,\"name\":\"No jardim de Bragan\u00e7a\"}]},{\"@type\":\"Person\",\"@id\":\"https:\/\/franciscanos.org.br\/noticias\/#\/schema\/person\/c3a26b08313dd1772495ce300ab257cc\",\"name\":\"jovenal\",\"image\":{\"@type\":\"ImageObject\",\"inLanguage\":\"pt-BR\",\"@id\":\"https:\/\/franciscanos.org.br\/noticias\/#\/schema\/person\/image\/\",\"url\":\"https:\/\/secure.gravatar.com\/avatar\/e94509f531086e2eaf97e72f29ea00f9?s=96&d=mm&r=g\",\"contentUrl\":\"https:\/\/secure.gravatar.com\/avatar\/e94509f531086e2eaf97e72f29ea00f9?s=96&d=mm&r=g\",\"caption\":\"jovenal\"},\"url\":\"https:\/\/franciscanos.org.br\/noticias\/author\/jovenal\"}]}<\/script>\n<!-- \/ Yoast SEO plugin. -->","yoast_head_json":{"title":"No jardim de Bragan\u00e7a - Not\u00edcias - Franciscanos","robots":{"index":"index","follow":"follow","max-snippet":"max-snippet:-1","max-image-preview":"max-image-preview:large","max-video-preview":"max-video-preview:-1"},"canonical":"https:\/\/franciscanos.org.br\/noticias\/no-jardim-de-braganca.html","og_locale":"pt_BR","og_type":"article","og_title":"No jardim de Bragan\u00e7a - Not\u00edcias - Franciscanos","og_description":"Entrevista com Frei Regis Guaracy Ribeiro Daher","og_url":"https:\/\/franciscanos.org.br\/noticias\/no-jardim-de-braganca.html","og_site_name":"Not\u00edcias - Franciscanos","article_published_time":"2019-02-09T09:06:46+00:00","article_modified_time":"2020-05-18T12:00:05+00:00","og_image":[{"width":800,"height":599,"url":"https:\/\/franciscanos.org.br\/noticias\/wp-content\/uploads\/2019\/02\/regis-010219-830-1.jpg","type":"image\/jpeg"}],"author":"jovenal","twitter_card":"summary_large_image","twitter_misc":{"Escrito por":"jovenal","Est. tempo de leitura":"12 minutos"},"schema":{"@context":"https:\/\/schema.org","@graph":[{"@type":"WebSite","@id":"https:\/\/franciscanos.org.br\/noticias\/#website","url":"https:\/\/franciscanos.org.br\/noticias\/","name":"Not\u00edcias - Franciscanos","description":"Prov\u00edncia Franciscana da Imaculada Concei\u00e7\u00e3o do Brasil - Ordem dos Frades Menores - OFM","potentialAction":[{"@type":"SearchAction","target":{"@type":"EntryPoint","urlTemplate":"https:\/\/franciscanos.org.br\/noticias\/?s={search_term_string}"},"query-input":"required name=search_term_string"}],"inLanguage":"pt-BR"},{"@type":"ImageObject","inLanguage":"pt-BR","@id":"https:\/\/franciscanos.org.br\/noticias\/no-jardim-de-braganca.html#primaryimage","url":"https:\/\/franciscanos.org.br\/noticias\/wp-content\/uploads\/2019\/02\/regis-010219-830-1.jpg","contentUrl":"https:\/\/franciscanos.org.br\/noticias\/wp-content\/uploads\/2019\/02\/regis-010219-830-1.jpg","width":800,"height":599},{"@type":"WebPage","@id":"https:\/\/franciscanos.org.br\/noticias\/no-jardim-de-braganca.html#webpage","url":"https:\/\/franciscanos.org.br\/noticias\/no-jardim-de-braganca.html","name":"No jardim de Bragan\u00e7a - Not\u00edcias - Franciscanos","isPartOf":{"@id":"https:\/\/franciscanos.org.br\/noticias\/#website"},"primaryImageOfPage":{"@id":"https:\/\/franciscanos.org.br\/noticias\/no-jardim-de-braganca.html#primaryimage"},"datePublished":"2019-02-09T09:06:46+00:00","dateModified":"2020-05-18T12:00:05+00:00","author":{"@id":"https:\/\/franciscanos.org.br\/noticias\/#\/schema\/person\/c3a26b08313dd1772495ce300ab257cc"},"breadcrumb":{"@id":"https:\/\/franciscanos.org.br\/noticias\/no-jardim-de-braganca.html#breadcrumb"},"inLanguage":"pt-BR","potentialAction":[{"@type":"ReadAction","target":["https:\/\/franciscanos.org.br\/noticias\/no-jardim-de-braganca.html"]}]},{"@type":"BreadcrumbList","@id":"https:\/\/franciscanos.org.br\/noticias\/no-jardim-de-braganca.html#breadcrumb","itemListElement":[{"@type":"ListItem","position":1,"name":"Home","item":"https:\/\/franciscanos.org.br\/noticias"},{"@type":"ListItem","position":2,"name":"No jardim de Bragan\u00e7a"}]},{"@type":"Person","@id":"https:\/\/franciscanos.org.br\/noticias\/#\/schema\/person\/c3a26b08313dd1772495ce300ab257cc","name":"jovenal","image":{"@type":"ImageObject","inLanguage":"pt-BR","@id":"https:\/\/franciscanos.org.br\/noticias\/#\/schema\/person\/image\/","url":"https:\/\/secure.gravatar.com\/avatar\/e94509f531086e2eaf97e72f29ea00f9?s=96&d=mm&r=g","contentUrl":"https:\/\/secure.gravatar.com\/avatar\/e94509f531086e2eaf97e72f29ea00f9?s=96&d=mm&r=g","caption":"jovenal"},"url":"https:\/\/franciscanos.org.br\/noticias\/author\/jovenal"}]}},"_links":{"self":[{"href":"https:\/\/franciscanos.org.br\/noticias\/wp-json\/wp\/v2\/posts\/199020"}],"collection":[{"href":"https:\/\/franciscanos.org.br\/noticias\/wp-json\/wp\/v2\/posts"}],"about":[{"href":"https:\/\/franciscanos.org.br\/noticias\/wp-json\/wp\/v2\/types\/post"}],"author":[{"embeddable":true,"href":"https:\/\/franciscanos.org.br\/noticias\/wp-json\/wp\/v2\/users\/7"}],"replies":[{"embeddable":true,"href":"https:\/\/franciscanos.org.br\/noticias\/wp-json\/wp\/v2\/comments?post=199020"}],"version-history":[{"count":1,"href":"https:\/\/franciscanos.org.br\/noticias\/wp-json\/wp\/v2\/posts\/199020\/revisions"}],"predecessor-version":[{"id":223926,"href":"https:\/\/franciscanos.org.br\/noticias\/wp-json\/wp\/v2\/posts\/199020\/revisions\/223926"}],"wp:featuredmedia":[{"embeddable":true,"href":"https:\/\/franciscanos.org.br\/noticias\/wp-json\/wp\/v2\/media\/223925"}],"wp:attachment":[{"href":"https:\/\/franciscanos.org.br\/noticias\/wp-json\/wp\/v2\/media?parent=199020"}],"wp:term":[{"taxonomy":"category","embeddable":true,"href":"https:\/\/franciscanos.org.br\/noticias\/wp-json\/wp\/v2\/categories?post=199020"},{"taxonomy":"post_tag","embeddable":true,"href":"https:\/\/franciscanos.org.br\/noticias\/wp-json\/wp\/v2\/tags?post=199020"}],"curies":[{"name":"wp","href":"https:\/\/api.w.org\/{rel}","templated":true}]}}