{"id":198703,"date":"2019-01-31T14:41:48","date_gmt":"2019-01-31T16:41:48","guid":{"rendered":"https:\/\/franciscanos.org.br\/noticias\/?p=198703"},"modified":"2019-02-01T10:12:23","modified_gmt":"2019-02-01T12:12:23","slug":"pro-vocacoes-faz-campanhas-na-provincia","status":"publish","type":"post","link":"https:\/\/franciscanos.org.br\/noticias\/pro-vocacoes-faz-campanhas-na-provincia.html","title":{"rendered":"Pr\u00f3-Voca\u00e7\u00f5es faz campanhas na Prov\u00edncia"},"content":{"rendered":"<p><img loading=\"lazy\" class=\"alignnone size-full wp-image-198704\" src=\"https:\/\/franciscanos.org.br\/noticias\/wp-content\/uploads\/2019\/01\/balneario_310119.jpg\" alt=\"\" width=\"890\" height=\"668\" srcset=\"https:\/\/franciscanos.org.br\/noticias\/wp-content\/uploads\/2019\/01\/balneario_310119.jpg 890w, https:\/\/franciscanos.org.br\/noticias\/wp-content\/uploads\/2019\/01\/balneario_310119-450x338.jpg 450w, https:\/\/franciscanos.org.br\/noticias\/wp-content\/uploads\/2019\/01\/balneario_310119-768x576.jpg 768w, https:\/\/franciscanos.org.br\/noticias\/wp-content\/uploads\/2019\/01\/balneario_310119-150x113.jpg 150w\" sizes=\"(max-width: 890px) 100vw, 890px\" \/><\/p>\n<p>Nos primeiros dias de janeiro deste ano, o Pr\u00f3-Voca\u00e7\u00f5es e Miss\u00f5es Franciscanas (PVF), com sede no Convento S\u00e3o Francisco, em S\u00e3o Paulo (SP), deu in\u00edcio \u00e0s campanhas e visitas aos benfeitores e Fraternidades da Prov\u00edncia da Imaculada Concei\u00e7\u00e3o do Brasil. De 9 a 13 deste m\u00eas, visitamos a Fraternidade do Convento de Nossa Senhora da Penha, em Vila Velha (ES). Fomos acolhidos pelo Guardi\u00e3o Frei Paulo Pereira e confrades que l\u00e1 residem. Foram dias de agrad\u00e1vel conv\u00edvio e partilha de vida. Tamb\u00e9m nas Missas, agradecemos os que nos ajudam h\u00e1 bastante tempo e convidamos os visitantes e fi\u00e9is a partilhar conosco os seus dons, para juntos construirmos um mundo repleto de paz e bem. Como sempre, o povo capixaba, que nutre em seus cora\u00e7\u00f5es imenso carinho pelos franciscanos, disp\u00f4s-se a nos ajudar.<\/p>\n<div id=\"attachment_198705\" style=\"width: 360px\" class=\"wp-caption alignleft\"><img aria-describedby=\"caption-attachment-198705\" loading=\"lazy\" class=\"wp-image-198705 size-full\" src=\"https:\/\/franciscanos.org.br\/noticias\/wp-content\/uploads\/2019\/01\/penha_310119.jpg\" alt=\"\" width=\"350\" height=\"217\" srcset=\"https:\/\/franciscanos.org.br\/noticias\/wp-content\/uploads\/2019\/01\/penha_310119.jpg 350w, https:\/\/franciscanos.org.br\/noticias\/wp-content\/uploads\/2019\/01\/penha_310119-150x93.jpg 150w\" sizes=\"(max-width: 350px) 100vw, 350px\" \/><p id=\"caption-attachment-198705\" class=\"wp-caption-text\">Frei Alexandre com Edson e Soraia Delevedove, do Convento da Penha.<\/p><\/div>\n<p>No dia 14, retornarmos ao Largo de S\u00e3o Francisco em S\u00e3o Paulo, onde residimos, para uma nova viagem, desta vez no litoral catarinense. Entre os dias 22 e 27 visitamos a Fraternidade da Par\u00f3quia Santa In\u00eas, em Balne\u00e1rio de Cambori\u00fa (SC). Fomos acolhidos pelos confrades que l\u00e1 residem. Como sempre tenho passado, em todas as Fraternidades, agrad\u00e1veis dias de conv\u00edvio. Balne\u00e1rio Cambori\u00fa \u00e9 conhecida como a Dubai brasileira por conta de seus arranha-c\u00e9us. Por\u00e9m, digo, que para n\u00f3s \u00e9 conhecida por ter um povo de cora\u00e7\u00e3o generoso e acolhedor, que generosamente atende ao nosso convite para ser um benfeitor franciscano. Gostar\u00edamos de agradecer ao volunt\u00e1rio que viajou conosco: Ja\u00edson Leite Viana, que disp\u00f4s-se a nos ajudar nas pranchetas para anotar os nomes dos que desejavam fazer parte da fam\u00edlia dos homens e mulheres que se unem aos frades por amor a Francisco de Assis. Que S\u00e3o Francisco interceda a Deus por todos os benfeitores que conosco evangelizam e anunciam a paz e o bem!<\/p>\n<p><strong>Frei Alexandre Rohling, OFM<\/strong><\/p>\n","protected":false},"excerpt":{"rendered":"<p>Campanha do Pr\u00f3-Voca\u00e7\u00f5es em janeiro<\/p>\n","protected":false},"author":3,"featured_media":198706,"comment_status":"open","ping_status":"open","sticky":false,"template":"","format":"standard","meta":[],"categories":[1],"tags":[254],"acf":[],"yoast_head":"<!-- This site is optimized with the Yoast SEO plugin v19.2 - https:\/\/yoast.com\/wordpress\/plugins\/seo\/ -->\n<title>Pr\u00f3-Voca\u00e7\u00f5es faz campanhas na Prov\u00edncia - Not\u00edcias - Franciscanos<\/title>\n<meta name=\"robots\" content=\"index, follow, max-snippet:-1, max-image-preview:large, max-video-preview:-1\" \/>\n<link rel=\"canonical\" href=\"https:\/\/franciscanos.org.br\/noticias\/pro-vocacoes-faz-campanhas-na-provincia.html\" \/>\n<meta property=\"og:locale\" content=\"pt_BR\" \/>\n<meta property=\"og:type\" content=\"article\" \/>\n<meta property=\"og:title\" content=\"Pr\u00f3-Voca\u00e7\u00f5es faz campanhas na Prov\u00edncia - Not\u00edcias - Franciscanos\" \/>\n<meta property=\"og:description\" content=\"Campanha do Pr\u00f3-Voca\u00e7\u00f5es em janeiro\" \/>\n<meta property=\"og:url\" content=\"https:\/\/franciscanos.org.br\/noticias\/pro-vocacoes-faz-campanhas-na-provincia.html\" \/>\n<meta property=\"og:site_name\" content=\"Not\u00edcias - Franciscanos\" \/>\n<meta property=\"article:published_time\" content=\"2019-01-31T16:41:48+00:00\" \/>\n<meta property=\"article:modified_time\" content=\"2019-02-01T12:12:23+00:00\" \/>\n<meta property=\"og:image\" content=\"https:\/\/franciscanos.org.br\/noticias\/wp-content\/uploads\/2019\/01\/balneario_310119d.jpg\" \/>\n\t<meta property=\"og:image:width\" content=\"273\" \/>\n\t<meta property=\"og:image:height\" content=\"181\" \/>\n\t<meta property=\"og:image:type\" content=\"image\/jpeg\" \/>\n<meta name=\"author\" content=\"moacir\" \/>\n<meta name=\"twitter:card\" content=\"summary_large_image\" \/>\n<meta name=\"twitter:label1\" content=\"Escrito por\" \/>\n\t<meta name=\"twitter:data1\" content=\"moacir\" \/>\n\t<meta name=\"twitter:label2\" content=\"Est. tempo de leitura\" \/>\n\t<meta name=\"twitter:data2\" content=\"2 minutos\" \/>\n<script type=\"application\/ld+json\" class=\"yoast-schema-graph\">{\"@context\":\"https:\/\/schema.org\",\"@graph\":[{\"@type\":\"WebSite\",\"@id\":\"https:\/\/franciscanos.org.br\/noticias\/#website\",\"url\":\"https:\/\/franciscanos.org.br\/noticias\/\",\"name\":\"Not\u00edcias - Franciscanos\",\"description\":\"Prov\u00edncia Franciscana da Imaculada Concei\u00e7\u00e3o do Brasil - Ordem dos Frades Menores - OFM\",\"potentialAction\":[{\"@type\":\"SearchAction\",\"target\":{\"@type\":\"EntryPoint\",\"urlTemplate\":\"https:\/\/franciscanos.org.br\/noticias\/?s={search_term_string}\"},\"query-input\":\"required name=search_term_string\"}],\"inLanguage\":\"pt-BR\"},{\"@type\":\"ImageObject\",\"inLanguage\":\"pt-BR\",\"@id\":\"https:\/\/franciscanos.org.br\/noticias\/pro-vocacoes-faz-campanhas-na-provincia.html#primaryimage\",\"url\":\"https:\/\/franciscanos.org.br\/noticias\/wp-content\/uploads\/2019\/01\/balneario_310119d.jpg\",\"contentUrl\":\"https:\/\/franciscanos.org.br\/noticias\/wp-content\/uploads\/2019\/01\/balneario_310119d.jpg\",\"width\":273,\"height\":181},{\"@type\":\"WebPage\",\"@id\":\"https:\/\/franciscanos.org.br\/noticias\/pro-vocacoes-faz-campanhas-na-provincia.html#webpage\",\"url\":\"https:\/\/franciscanos.org.br\/noticias\/pro-vocacoes-faz-campanhas-na-provincia.html\",\"name\":\"Pr\u00f3-Voca\u00e7\u00f5es faz campanhas na Prov\u00edncia - Not\u00edcias - Franciscanos\",\"isPartOf\":{\"@id\":\"https:\/\/franciscanos.org.br\/noticias\/#website\"},\"primaryImageOfPage\":{\"@id\":\"https:\/\/franciscanos.org.br\/noticias\/pro-vocacoes-faz-campanhas-na-provincia.html#primaryimage\"},\"datePublished\":\"2019-01-31T16:41:48+00:00\",\"dateModified\":\"2019-02-01T12:12:23+00:00\",\"author\":{\"@id\":\"https:\/\/franciscanos.org.br\/noticias\/#\/schema\/person\/b5c8cba458c330ccff548b056e95a5d4\"},\"breadcrumb\":{\"@id\":\"https:\/\/franciscanos.org.br\/noticias\/pro-vocacoes-faz-campanhas-na-provincia.html#breadcrumb\"},\"inLanguage\":\"pt-BR\",\"potentialAction\":[{\"@type\":\"ReadAction\",\"target\":[\"https:\/\/franciscanos.org.br\/noticias\/pro-vocacoes-faz-campanhas-na-provincia.html\"]}]},{\"@type\":\"BreadcrumbList\",\"@id\":\"https:\/\/franciscanos.org.br\/noticias\/pro-vocacoes-faz-campanhas-na-provincia.html#breadcrumb\",\"itemListElement\":[{\"@type\":\"ListItem\",\"position\":1,\"name\":\"Home\",\"item\":\"https:\/\/franciscanos.org.br\/noticias\"},{\"@type\":\"ListItem\",\"position\":2,\"name\":\"Pr\u00f3-Voca\u00e7\u00f5es faz campanhas na Prov\u00edncia\"}]},{\"@type\":\"Person\",\"@id\":\"https:\/\/franciscanos.org.br\/noticias\/#\/schema\/person\/b5c8cba458c330ccff548b056e95a5d4\",\"name\":\"moacir\",\"image\":{\"@type\":\"ImageObject\",\"inLanguage\":\"pt-BR\",\"@id\":\"https:\/\/franciscanos.org.br\/noticias\/#\/schema\/person\/image\/\",\"url\":\"https:\/\/secure.gravatar.com\/avatar\/d08aa2ce4c8dd416d4479aa8536fcf64?s=96&d=mm&r=g\",\"contentUrl\":\"https:\/\/secure.gravatar.com\/avatar\/d08aa2ce4c8dd416d4479aa8536fcf64?s=96&d=mm&r=g\",\"caption\":\"moacir\"},\"url\":\"https:\/\/franciscanos.org.br\/noticias\/author\/moacir\"}]}<\/script>\n<!-- \/ Yoast SEO plugin. -->","yoast_head_json":{"title":"Pr\u00f3-Voca\u00e7\u00f5es faz campanhas na Prov\u00edncia - Not\u00edcias - Franciscanos","robots":{"index":"index","follow":"follow","max-snippet":"max-snippet:-1","max-image-preview":"max-image-preview:large","max-video-preview":"max-video-preview:-1"},"canonical":"https:\/\/franciscanos.org.br\/noticias\/pro-vocacoes-faz-campanhas-na-provincia.html","og_locale":"pt_BR","og_type":"article","og_title":"Pr\u00f3-Voca\u00e7\u00f5es faz campanhas na Prov\u00edncia - Not\u00edcias - Franciscanos","og_description":"Campanha do Pr\u00f3-Voca\u00e7\u00f5es em janeiro","og_url":"https:\/\/franciscanos.org.br\/noticias\/pro-vocacoes-faz-campanhas-na-provincia.html","og_site_name":"Not\u00edcias - Franciscanos","article_published_time":"2019-01-31T16:41:48+00:00","article_modified_time":"2019-02-01T12:12:23+00:00","og_image":[{"width":273,"height":181,"url":"https:\/\/franciscanos.org.br\/noticias\/wp-content\/uploads\/2019\/01\/balneario_310119d.jpg","type":"image\/jpeg"}],"author":"moacir","twitter_card":"summary_large_image","twitter_misc":{"Escrito por":"moacir","Est. tempo de leitura":"2 minutos"},"schema":{"@context":"https:\/\/schema.org","@graph":[{"@type":"WebSite","@id":"https:\/\/franciscanos.org.br\/noticias\/#website","url":"https:\/\/franciscanos.org.br\/noticias\/","name":"Not\u00edcias - Franciscanos","description":"Prov\u00edncia Franciscana da Imaculada Concei\u00e7\u00e3o do Brasil - Ordem dos Frades Menores - OFM","potentialAction":[{"@type":"SearchAction","target":{"@type":"EntryPoint","urlTemplate":"https:\/\/franciscanos.org.br\/noticias\/?s={search_term_string}"},"query-input":"required name=search_term_string"}],"inLanguage":"pt-BR"},{"@type":"ImageObject","inLanguage":"pt-BR","@id":"https:\/\/franciscanos.org.br\/noticias\/pro-vocacoes-faz-campanhas-na-provincia.html#primaryimage","url":"https:\/\/franciscanos.org.br\/noticias\/wp-content\/uploads\/2019\/01\/balneario_310119d.jpg","contentUrl":"https:\/\/franciscanos.org.br\/noticias\/wp-content\/uploads\/2019\/01\/balneario_310119d.jpg","width":273,"height":181},{"@type":"WebPage","@id":"https:\/\/franciscanos.org.br\/noticias\/pro-vocacoes-faz-campanhas-na-provincia.html#webpage","url":"https:\/\/franciscanos.org.br\/noticias\/pro-vocacoes-faz-campanhas-na-provincia.html","name":"Pr\u00f3-Voca\u00e7\u00f5es faz campanhas na Prov\u00edncia - Not\u00edcias - Franciscanos","isPartOf":{"@id":"https:\/\/franciscanos.org.br\/noticias\/#website"},"primaryImageOfPage":{"@id":"https:\/\/franciscanos.org.br\/noticias\/pro-vocacoes-faz-campanhas-na-provincia.html#primaryimage"},"datePublished":"2019-01-31T16:41:48+00:00","dateModified":"2019-02-01T12:12:23+00:00","author":{"@id":"https:\/\/franciscanos.org.br\/noticias\/#\/schema\/person\/b5c8cba458c330ccff548b056e95a5d4"},"breadcrumb":{"@id":"https:\/\/franciscanos.org.br\/noticias\/pro-vocacoes-faz-campanhas-na-provincia.html#breadcrumb"},"inLanguage":"pt-BR","potentialAction":[{"@type":"ReadAction","target":["https:\/\/franciscanos.org.br\/noticias\/pro-vocacoes-faz-campanhas-na-provincia.html"]}]},{"@type":"BreadcrumbList","@id":"https:\/\/franciscanos.org.br\/noticias\/pro-vocacoes-faz-campanhas-na-provincia.html#breadcrumb","itemListElement":[{"@type":"ListItem","position":1,"name":"Home","item":"https:\/\/franciscanos.org.br\/noticias"},{"@type":"ListItem","position":2,"name":"Pr\u00f3-Voca\u00e7\u00f5es faz campanhas na Prov\u00edncia"}]},{"@type":"Person","@id":"https:\/\/franciscanos.org.br\/noticias\/#\/schema\/person\/b5c8cba458c330ccff548b056e95a5d4","name":"moacir","image":{"@type":"ImageObject","inLanguage":"pt-BR","@id":"https:\/\/franciscanos.org.br\/noticias\/#\/schema\/person\/image\/","url":"https:\/\/secure.gravatar.com\/avatar\/d08aa2ce4c8dd416d4479aa8536fcf64?s=96&d=mm&r=g","contentUrl":"https:\/\/secure.gravatar.com\/avatar\/d08aa2ce4c8dd416d4479aa8536fcf64?s=96&d=mm&r=g","caption":"moacir"},"url":"https:\/\/franciscanos.org.br\/noticias\/author\/moacir"}]}},"_links":{"self":[{"href":"https:\/\/franciscanos.org.br\/noticias\/wp-json\/wp\/v2\/posts\/198703"}],"collection":[{"href":"https:\/\/franciscanos.org.br\/noticias\/wp-json\/wp\/v2\/posts"}],"about":[{"href":"https:\/\/franciscanos.org.br\/noticias\/wp-json\/wp\/v2\/types\/post"}],"author":[{"embeddable":true,"href":"https:\/\/franciscanos.org.br\/noticias\/wp-json\/wp\/v2\/users\/3"}],"replies":[{"embeddable":true,"href":"https:\/\/franciscanos.org.br\/noticias\/wp-json\/wp\/v2\/comments?post=198703"}],"version-history":[{"count":0,"href":"https:\/\/franciscanos.org.br\/noticias\/wp-json\/wp\/v2\/posts\/198703\/revisions"}],"wp:featuredmedia":[{"embeddable":true,"href":"https:\/\/franciscanos.org.br\/noticias\/wp-json\/wp\/v2\/media\/198706"}],"wp:attachment":[{"href":"https:\/\/franciscanos.org.br\/noticias\/wp-json\/wp\/v2\/media?parent=198703"}],"wp:term":[{"taxonomy":"category","embeddable":true,"href":"https:\/\/franciscanos.org.br\/noticias\/wp-json\/wp\/v2\/categories?post=198703"},{"taxonomy":"post_tag","embeddable":true,"href":"https:\/\/franciscanos.org.br\/noticias\/wp-json\/wp\/v2\/tags?post=198703"}],"curies":[{"name":"wp","href":"https:\/\/api.w.org\/{rel}","templated":true}]}}