{"id":197372,"date":"2019-01-31T15:49:12","date_gmt":"2019-01-31T17:49:12","guid":{"rendered":"https:\/\/franciscanos.org.br\/noticias\/?p=197372"},"modified":"2020-09-01T11:17:46","modified_gmt":"2020-09-01T14:17:46","slug":"frei-rodrigo-uma-tragedia-criminosa-anunciada","status":"publish","type":"post","link":"https:\/\/franciscanos.org.br\/noticias\/frei-rodrigo-uma-tragedia-criminosa-anunciada.html","title":{"rendered":"Frei Rodrigo: Uma trag\u00e9dia criminosa anunciada"},"content":{"rendered":"<p><img loading=\"lazy\" class=\"alignnone size-full wp-image-197374\" src=\"https:\/\/franciscanos.org.br\/noticias\/wp-content\/uploads\/2019\/01\/rodrigo_280119.jpg\" alt=\"\" width=\"890\" height=\"495\" srcset=\"https:\/\/franciscanos.org.br\/noticias\/wp-content\/uploads\/2019\/01\/rodrigo_280119.jpg 890w, https:\/\/franciscanos.org.br\/noticias\/wp-content\/uploads\/2019\/01\/rodrigo_280119-450x250.jpg 450w, https:\/\/franciscanos.org.br\/noticias\/wp-content\/uploads\/2019\/01\/rodrigo_280119-768x427.jpg 768w, https:\/\/franciscanos.org.br\/noticias\/wp-content\/uploads\/2019\/01\/rodrigo_280119-150x83.jpg 150w\" sizes=\"(max-width: 890px) 100vw, 890px\" \/><\/p>\n<p><em>Frei Rodrigo P\u00e9ret, frade franciscano, tem atua\u00e7\u00e3o nacional e internacional na defesa dos valores da Justi\u00e7a,\u00a0 Paz e Integridade da Cria\u00e7\u00e3o. No Brasil, ele comp\u00f5e a Rede Igrejas e Minera\u00e7\u00e3o e o Grupo de Trabalho de Minera\u00e7\u00e3o\u00a0da Confer\u00eancia Nacional dos Bispos do Brasil (CNBB) e tamb\u00e9m faz parte do Servi\u00e7o Inter-Franciscano de Justi\u00e7a, Paz e Ecologia (Sinfrajupe). Informado da trag\u00e9dia em Brumadinho, Minas Gerais, Frei Rodrigo entrou em contato com os respons\u00e1veis pelos organismos dos quais participa e se dirigiu imediatamente para a cidade mineira que se localiza na Regi\u00e3o Metropolitana de Belo Horizonte, capital do Estado. No meio de toda correria na qual sua vida se transformou desde sexta-feira, dia 25 de janeiro, concedeu esta entrevista ao nosso site \u201cFranciscanos\u201d. Acompanhe!\u00a0\u00a0<\/em><\/p>\n<p><strong>Frei Gustavo Medella<\/strong><\/p>\n<p><strong>Site Franciscanos \u2013 Frei Rodrigo, por favor, fa\u00e7a uma breve descri\u00e7\u00e3o do cen\u00e1rio que voc\u00ea encontrou em Brumadinho.<\/strong><\/p>\n<p><strong>Frei Rodrigo<\/strong> &#8211; Estamos vivendo um momento de dor, de muita tristeza. \u00c9 muito dif\u00edcil encontrar uma fam\u00edlia que n\u00e3o tenha um parente que teve sua vida ceifada pela lama derramada da Barragem da empresa Vale.\u00a0 \u00c9 o quadro de destrui\u00e7\u00e3o ambiental. Estamos extremamente preocupados \u00a0porque a lama j\u00e1 avan\u00e7ou sobre o rio mais pr\u00f3ximo, o Rio Paraopeba &#8211; que inclusive corta a cidade de Brumadinho -, j\u00e1 comprometendo o fornecimento de \u00e1gua para Belo Horizonte. O rio j\u00e1 se transformou num verdadeiro \u201cmingau\u201d, prejudicando todas as fam\u00edlias que est\u00e3o abaixo da regi\u00e3o onde a barragem se rompeu. O Paraopeba \u00e9 um afluente do Rio S\u00e3o Francisco, ent\u00e3o infelizmente esta lama vai atingir a Bacia do Rio S\u00e3o Francisco.\u00a0 J\u00e1 estamos aqui em contato com a associa\u00e7\u00e3o de pescadores, inclusive l\u00e1 da Regi\u00e3o da Bahia, que j\u00e1 est\u00e3o preocupados, e com raz\u00e3o, porque n\u00f3s j\u00e1 vimos a destrui\u00e7\u00e3o que aconteceu na Bacia do Rio Doce, h\u00e1 tr\u00eas anos. \u00c9 claro que este tamb\u00e9m \u00e9 um momento de muita solidariedade, de estar junto com as fam\u00edlias, que come\u00e7am a fazer os primeiros vel\u00f3rios e enterros. O \u00a0Dom Vicente [de Paula Ferreira, bispo auxiliar da Arquidiocese de Belo Horizonte], que \u00e9 o bispo encarregado da regi\u00e3o, tem acompanhado este processo, trabalhando para que as fam\u00edlias tenham o direito de realizar um enterro digno a seus entes que morreram por conta deste crime ambiental.<\/p>\n<p><strong>Site Franciscanos &#8211; Muitos especialistas t\u00eam insistido que este fato, como o de Mariana, n\u00e3o pode ser classificado como acidente, mas como crime ambiental, voc\u00ea concorda? Por qu\u00ea?<\/strong><\/p>\n<p><strong>Frei Rodrigo<\/strong> \u2013 Infelizmente, n\u00f3s estamos mais uma vez diante de uma a\u00e7\u00e3o criminosa, que gerou uma trag\u00e9dia muito grande e, poder\u00edamos dizer, uma trag\u00e9dia anunciada. Eu gostaria de destacar \u00a0uma frase do Bispo Auxiliar de Belo Horizonte, Dom Joaquim Mol, proferida por ele numa celebra\u00e7\u00e3o que houve no s\u00e1bado, dia 26, um dia depois do ocorrido: \u201cN\u00e3o se trata de um acidente, mas de um crime ambiental e de um homic\u00eddio coletivo\u201d.\u00a0 Acho que isso \u00e9 extremamente importante!\u00a0 A maioria dos \u00f3bitos \u00e9 de trabalhadores.\u00a0 \u00c9 uma irresponsabilidade da empresa colocar o refeit\u00f3rio e todas as instala\u00e7\u00f5es administrativas abaixo \u00e0 jusante [fluxo normal de um ponto mais alto para um ponto mais baixo] da barragem. Revela um total descaso com a vida humana, porque se sabe da fragilidade das barragens. Em Minas Gerais existem centenas de barragens, das quais mais de cinquenta est\u00e3o em risco.<\/p>\n<p><strong><img loading=\"lazy\" class=\"alignright size-full wp-image-197375\" src=\"https:\/\/franciscanos.org.br\/noticias\/wp-content\/uploads\/2019\/01\/rodrigo_280119_1.jpg\" alt=\"\" width=\"500\" height=\"441\" srcset=\"https:\/\/franciscanos.org.br\/noticias\/wp-content\/uploads\/2019\/01\/rodrigo_280119_1.jpg 500w, https:\/\/franciscanos.org.br\/noticias\/wp-content\/uploads\/2019\/01\/rodrigo_280119_1-450x397.jpg 450w, https:\/\/franciscanos.org.br\/noticias\/wp-content\/uploads\/2019\/01\/rodrigo_280119_1-150x132.jpg 150w\" sizes=\"(max-width: 500px) 100vw, 500px\" \/>Site Franciscanos &#8211; Em nome da Fam\u00edlia Franciscana e da CNBB voc\u00ea acompanha esta realidade da minera\u00e7\u00e3o no Brasil. O que leva \u00e0 recorr\u00eancia deste tipo de acontecimento?<\/strong><\/p>\n<p><strong>Frei Rodrigo<\/strong> &#8211; A recorr\u00eancia se deve a v\u00e1rios fatores. Vou citar quatro deles:<\/p>\n<p><strong>1)<\/strong> O primeiro \u00e9 que n\u00f3s vivemos num modelo consumista , de gan\u00e2ncia, no qual se pensa cada vez mais em se obter lucro. Apesar da legisla\u00e7\u00e3o brasileira considerar a minera\u00e7\u00e3o como atividade de utilidade p\u00fablica, ela tem sido realizada como [se fosse] de utilidade privada e causado uma s\u00e9rie de impactos ambientais, al\u00e9m destes desastres e crimes que matam e ceifam vidas.<\/p>\n<p><strong>2)<\/strong> Ap\u00f3s a crime ocorrido h\u00e1 tr\u00eas anos na regi\u00e3o de Mariana, que se estendeu por toda a Bacia do Rio Doce e chegou at\u00e9 o Estado do Esp\u00edrito Santo,\u00a0 afetando a atividade de fam\u00edlias a 600 km de dist\u00e2ncia, ao inv\u00e9s de haver a ado\u00e7\u00e3o de um maior rigor no licenciamento, come\u00e7ou-se a fazer uma discuss\u00e3o de flexibiliza\u00e7\u00e3o e, infelizmente, \u00e9 essa norma que se v\u00ea hoje em dia. N\u00f3s tivemos elei\u00e7\u00f5es recentemente, o que refor\u00e7ou muito esta ideia, vendendo uma imagem de que os processos de licenciamento atrasam e d\u00e3o preju\u00edzo \u00e0 iniciativa privada, que causam uma s\u00e9rie de problemas, atrapalham o desenvolvimento. Falou-se tamb\u00e9m em enxugar estruturas p\u00fablicas relacionadas ao meio ambiente etc.\u00a0 Agora, tudo isso mais uma vez cai por terra. \u00c9 necess\u00e1rio e urgente uma consolida\u00e7\u00e3o para salvar todo o sistema que vem sendo constru\u00eddo no Brasil h\u00e1 muitos anos, especialmente ap\u00f3s a Constitui\u00e7\u00e3o de 1988, o Sistema de Prote\u00e7\u00e3o Ambiental, que garante o Meio Ambiente, conforme insiste o Papa Francisco [Na Enc\u00edclica\u00a0<em>Laudato Si\u2019<\/em>], de uma maneira integral, \u00a0garante a vida e garante tamb\u00e9m o desenvolvimento, mas dentro de outras bases.<\/p>\n<p><strong>3)<\/strong> Outro elemento \u00e9 que n\u00f3s n\u00e3o podemos continuar com regi\u00f5es, com territ\u00f3rios, que vivem sob o controle de grandes empresas, e a minera\u00e7\u00e3o promove isso. A for\u00e7a que uma empresa tem \u00e9 muito grande. E a Vale \u00e9 a maior produtora de min\u00e9rio &#8211; ou melhor, ela extrai o min\u00e9rio &#8211; do mundo. Onde a Vale est\u00e1, ela se torna dona do territ\u00f3rio e as popula\u00e7\u00f5es ficam \u00e0 merc\u00ea. Isso precisa mudar!<\/p>\n<p><strong>4)<\/strong> A minera\u00e7\u00e3o, por ser considerada de utilidade p\u00fablica, tem uma supremacia no territ\u00f3rio. \u00c9 como se o subsolo tivesse mais for\u00e7a do que o solo onde vivemos, onde est\u00e3o as cidades, os povoados.\u00a0 O Munic\u00edpio de Brumadinho, agora, sofre um preju\u00edzo fant\u00e1stico. Temos de mudar este modelo predat\u00f3rio que, na verdade, divide com a comunidade os preju\u00edzos enquanto os lucros s\u00e3o embolsados por grupos muito minorit\u00e1rios.\u00a0 Se f\u00f4ssemos somar todos os impactos produzidos por esta atividade, ver\u00edamos que pagamos um pre\u00e7o muito caro pela minera\u00e7\u00e3o e que, deste modo, ela seria praticamente invi\u00e1vel.<\/p>\n<p>&nbsp;<\/p>\n<p><strong>Site Franciscanos &#8211; Quais s\u00e3o as suas expectativas em rela\u00e7\u00e3o \u00e0 repara\u00e7\u00e3o de todos estes danos?<\/strong><\/p>\n<p><strong>Frei Rodrigo<\/strong> \u2013 Infelizmente, n\u00e3o podemos esquecer que temos de nos preparar para um processo longo, onde o Estado tem que assumir tamb\u00e9m a sua responsabilidade, mas a empresa tamb\u00e9m precisa ser devidamente punida e precisa responder por todos os seus atos e, uma coisa maior ainda: n\u00f3s temos que talvez fazer uma grande morat\u00f3ria da minera\u00e7\u00e3o em Minas Gerais, porque da forma como est\u00e1 hoje n\u00e3o existe mais nenhuma seguran\u00e7a e nenhuma condi\u00e7\u00e3o. Gostaria de frisar que este crime foi cometido na Regi\u00e3o Metropolitana de Belo Horizonte. S\u00e3o milh\u00f5es de pessoas que vivem nesta regi\u00e3o. \u00a0N\u00f3s precisamos, agora, fazer com que as cidades discutam a quest\u00e3o da minera\u00e7\u00e3o.\u00a0 N\u00f3s somos um Estado onde se faz minera\u00e7\u00e3o h\u00e1 trezentos anos e nunca como nestas \u00faltimas d\u00e9cadas tem se destru\u00eddo tanto, tem se agredido tanto o meio ambiente. Al\u00e9m da solidariedade e das ora\u00e7\u00f5es, s\u00e3o necess\u00e1rias atitudes concretas e cidad\u00e3s para transformarmos este modelo de morte e destrui\u00e7\u00e3o<\/p>\n<p>&nbsp;<\/p>\n","protected":false},"excerpt":{"rendered":"<p>Entrevista com Frei Rodrigo P\u00e9ret<\/p>\n","protected":false},"author":3,"featured_media":197373,"comment_status":"open","ping_status":"open","sticky":false,"template":"","format":"standard","meta":[],"categories":[758,1],"tags":[1300],"acf":[],"yoast_head":"<!-- This site is optimized with the Yoast SEO plugin v19.2 - https:\/\/yoast.com\/wordpress\/plugins\/seo\/ -->\n<title>Frei Rodrigo: Uma trag\u00e9dia criminosa anunciada - Not\u00edcias - Franciscanos<\/title>\n<meta name=\"robots\" content=\"index, follow, max-snippet:-1, max-image-preview:large, max-video-preview:-1\" \/>\n<link rel=\"canonical\" href=\"https:\/\/franciscanos.org.br\/noticias\/frei-rodrigo-uma-tragedia-criminosa-anunciada.html\" \/>\n<meta property=\"og:locale\" content=\"pt_BR\" \/>\n<meta property=\"og:type\" content=\"article\" \/>\n<meta property=\"og:title\" content=\"Frei Rodrigo: Uma trag\u00e9dia criminosa anunciada - Not\u00edcias - Franciscanos\" \/>\n<meta property=\"og:description\" content=\"Entrevista com Frei Rodrigo P\u00e9ret\" \/>\n<meta property=\"og:url\" content=\"https:\/\/franciscanos.org.br\/noticias\/frei-rodrigo-uma-tragedia-criminosa-anunciada.html\" \/>\n<meta property=\"og:site_name\" content=\"Not\u00edcias - Franciscanos\" \/>\n<meta property=\"article:published_time\" content=\"2019-01-31T17:49:12+00:00\" \/>\n<meta property=\"article:modified_time\" content=\"2020-09-01T14:17:46+00:00\" \/>\n<meta property=\"og:image\" content=\"https:\/\/franciscanos.org.br\/noticias\/wp-content\/uploads\/2019\/01\/rodrigo_280119_d.jpg\" \/>\n\t<meta property=\"og:image:width\" content=\"273\" \/>\n\t<meta property=\"og:image:height\" content=\"181\" \/>\n\t<meta property=\"og:image:type\" content=\"image\/jpeg\" \/>\n<meta name=\"author\" content=\"moacir\" \/>\n<meta name=\"twitter:card\" content=\"summary_large_image\" \/>\n<meta name=\"twitter:label1\" content=\"Escrito por\" \/>\n\t<meta name=\"twitter:data1\" content=\"moacir\" \/>\n\t<meta name=\"twitter:label2\" content=\"Est. tempo de leitura\" \/>\n\t<meta name=\"twitter:data2\" content=\"7 minutos\" \/>\n<script type=\"application\/ld+json\" class=\"yoast-schema-graph\">{\"@context\":\"https:\/\/schema.org\",\"@graph\":[{\"@type\":\"WebSite\",\"@id\":\"https:\/\/franciscanos.org.br\/noticias\/#website\",\"url\":\"https:\/\/franciscanos.org.br\/noticias\/\",\"name\":\"Not\u00edcias - Franciscanos\",\"description\":\"Prov\u00edncia Franciscana da Imaculada Concei\u00e7\u00e3o do Brasil - Ordem dos Frades Menores - OFM\",\"potentialAction\":[{\"@type\":\"SearchAction\",\"target\":{\"@type\":\"EntryPoint\",\"urlTemplate\":\"https:\/\/franciscanos.org.br\/noticias\/?s={search_term_string}\"},\"query-input\":\"required name=search_term_string\"}],\"inLanguage\":\"pt-BR\"},{\"@type\":\"ImageObject\",\"inLanguage\":\"pt-BR\",\"@id\":\"https:\/\/franciscanos.org.br\/noticias\/frei-rodrigo-uma-tragedia-criminosa-anunciada.html#primaryimage\",\"url\":\"https:\/\/franciscanos.org.br\/noticias\/wp-content\/uploads\/2019\/01\/rodrigo_280119_d.jpg\",\"contentUrl\":\"https:\/\/franciscanos.org.br\/noticias\/wp-content\/uploads\/2019\/01\/rodrigo_280119_d.jpg\",\"width\":273,\"height\":181},{\"@type\":\"WebPage\",\"@id\":\"https:\/\/franciscanos.org.br\/noticias\/frei-rodrigo-uma-tragedia-criminosa-anunciada.html#webpage\",\"url\":\"https:\/\/franciscanos.org.br\/noticias\/frei-rodrigo-uma-tragedia-criminosa-anunciada.html\",\"name\":\"Frei Rodrigo: Uma trag\u00e9dia criminosa anunciada - Not\u00edcias - Franciscanos\",\"isPartOf\":{\"@id\":\"https:\/\/franciscanos.org.br\/noticias\/#website\"},\"primaryImageOfPage\":{\"@id\":\"https:\/\/franciscanos.org.br\/noticias\/frei-rodrigo-uma-tragedia-criminosa-anunciada.html#primaryimage\"},\"datePublished\":\"2019-01-31T17:49:12+00:00\",\"dateModified\":\"2020-09-01T14:17:46+00:00\",\"author\":{\"@id\":\"https:\/\/franciscanos.org.br\/noticias\/#\/schema\/person\/b5c8cba458c330ccff548b056e95a5d4\"},\"breadcrumb\":{\"@id\":\"https:\/\/franciscanos.org.br\/noticias\/frei-rodrigo-uma-tragedia-criminosa-anunciada.html#breadcrumb\"},\"inLanguage\":\"pt-BR\",\"potentialAction\":[{\"@type\":\"ReadAction\",\"target\":[\"https:\/\/franciscanos.org.br\/noticias\/frei-rodrigo-uma-tragedia-criminosa-anunciada.html\"]}]},{\"@type\":\"BreadcrumbList\",\"@id\":\"https:\/\/franciscanos.org.br\/noticias\/frei-rodrigo-uma-tragedia-criminosa-anunciada.html#breadcrumb\",\"itemListElement\":[{\"@type\":\"ListItem\",\"position\":1,\"name\":\"Home\",\"item\":\"https:\/\/franciscanos.org.br\/noticias\"},{\"@type\":\"ListItem\",\"position\":2,\"name\":\"Frei Rodrigo: Uma trag\u00e9dia criminosa anunciada\"}]},{\"@type\":\"Person\",\"@id\":\"https:\/\/franciscanos.org.br\/noticias\/#\/schema\/person\/b5c8cba458c330ccff548b056e95a5d4\",\"name\":\"moacir\",\"image\":{\"@type\":\"ImageObject\",\"inLanguage\":\"pt-BR\",\"@id\":\"https:\/\/franciscanos.org.br\/noticias\/#\/schema\/person\/image\/\",\"url\":\"https:\/\/secure.gravatar.com\/avatar\/d08aa2ce4c8dd416d4479aa8536fcf64?s=96&d=mm&r=g\",\"contentUrl\":\"https:\/\/secure.gravatar.com\/avatar\/d08aa2ce4c8dd416d4479aa8536fcf64?s=96&d=mm&r=g\",\"caption\":\"moacir\"},\"url\":\"https:\/\/franciscanos.org.br\/noticias\/author\/moacir\"}]}<\/script>\n<!-- \/ Yoast SEO plugin. -->","yoast_head_json":{"title":"Frei Rodrigo: Uma trag\u00e9dia criminosa anunciada - Not\u00edcias - Franciscanos","robots":{"index":"index","follow":"follow","max-snippet":"max-snippet:-1","max-image-preview":"max-image-preview:large","max-video-preview":"max-video-preview:-1"},"canonical":"https:\/\/franciscanos.org.br\/noticias\/frei-rodrigo-uma-tragedia-criminosa-anunciada.html","og_locale":"pt_BR","og_type":"article","og_title":"Frei Rodrigo: Uma trag\u00e9dia criminosa anunciada - Not\u00edcias - Franciscanos","og_description":"Entrevista com Frei Rodrigo P\u00e9ret","og_url":"https:\/\/franciscanos.org.br\/noticias\/frei-rodrigo-uma-tragedia-criminosa-anunciada.html","og_site_name":"Not\u00edcias - Franciscanos","article_published_time":"2019-01-31T17:49:12+00:00","article_modified_time":"2020-09-01T14:17:46+00:00","og_image":[{"width":273,"height":181,"url":"https:\/\/franciscanos.org.br\/noticias\/wp-content\/uploads\/2019\/01\/rodrigo_280119_d.jpg","type":"image\/jpeg"}],"author":"moacir","twitter_card":"summary_large_image","twitter_misc":{"Escrito por":"moacir","Est. tempo de leitura":"7 minutos"},"schema":{"@context":"https:\/\/schema.org","@graph":[{"@type":"WebSite","@id":"https:\/\/franciscanos.org.br\/noticias\/#website","url":"https:\/\/franciscanos.org.br\/noticias\/","name":"Not\u00edcias - Franciscanos","description":"Prov\u00edncia Franciscana da Imaculada Concei\u00e7\u00e3o do Brasil - Ordem dos Frades Menores - OFM","potentialAction":[{"@type":"SearchAction","target":{"@type":"EntryPoint","urlTemplate":"https:\/\/franciscanos.org.br\/noticias\/?s={search_term_string}"},"query-input":"required name=search_term_string"}],"inLanguage":"pt-BR"},{"@type":"ImageObject","inLanguage":"pt-BR","@id":"https:\/\/franciscanos.org.br\/noticias\/frei-rodrigo-uma-tragedia-criminosa-anunciada.html#primaryimage","url":"https:\/\/franciscanos.org.br\/noticias\/wp-content\/uploads\/2019\/01\/rodrigo_280119_d.jpg","contentUrl":"https:\/\/franciscanos.org.br\/noticias\/wp-content\/uploads\/2019\/01\/rodrigo_280119_d.jpg","width":273,"height":181},{"@type":"WebPage","@id":"https:\/\/franciscanos.org.br\/noticias\/frei-rodrigo-uma-tragedia-criminosa-anunciada.html#webpage","url":"https:\/\/franciscanos.org.br\/noticias\/frei-rodrigo-uma-tragedia-criminosa-anunciada.html","name":"Frei Rodrigo: Uma trag\u00e9dia criminosa anunciada - Not\u00edcias - Franciscanos","isPartOf":{"@id":"https:\/\/franciscanos.org.br\/noticias\/#website"},"primaryImageOfPage":{"@id":"https:\/\/franciscanos.org.br\/noticias\/frei-rodrigo-uma-tragedia-criminosa-anunciada.html#primaryimage"},"datePublished":"2019-01-31T17:49:12+00:00","dateModified":"2020-09-01T14:17:46+00:00","author":{"@id":"https:\/\/franciscanos.org.br\/noticias\/#\/schema\/person\/b5c8cba458c330ccff548b056e95a5d4"},"breadcrumb":{"@id":"https:\/\/franciscanos.org.br\/noticias\/frei-rodrigo-uma-tragedia-criminosa-anunciada.html#breadcrumb"},"inLanguage":"pt-BR","potentialAction":[{"@type":"ReadAction","target":["https:\/\/franciscanos.org.br\/noticias\/frei-rodrigo-uma-tragedia-criminosa-anunciada.html"]}]},{"@type":"BreadcrumbList","@id":"https:\/\/franciscanos.org.br\/noticias\/frei-rodrigo-uma-tragedia-criminosa-anunciada.html#breadcrumb","itemListElement":[{"@type":"ListItem","position":1,"name":"Home","item":"https:\/\/franciscanos.org.br\/noticias"},{"@type":"ListItem","position":2,"name":"Frei Rodrigo: Uma trag\u00e9dia criminosa anunciada"}]},{"@type":"Person","@id":"https:\/\/franciscanos.org.br\/noticias\/#\/schema\/person\/b5c8cba458c330ccff548b056e95a5d4","name":"moacir","image":{"@type":"ImageObject","inLanguage":"pt-BR","@id":"https:\/\/franciscanos.org.br\/noticias\/#\/schema\/person\/image\/","url":"https:\/\/secure.gravatar.com\/avatar\/d08aa2ce4c8dd416d4479aa8536fcf64?s=96&d=mm&r=g","contentUrl":"https:\/\/secure.gravatar.com\/avatar\/d08aa2ce4c8dd416d4479aa8536fcf64?s=96&d=mm&r=g","caption":"moacir"},"url":"https:\/\/franciscanos.org.br\/noticias\/author\/moacir"}]}},"_links":{"self":[{"href":"https:\/\/franciscanos.org.br\/noticias\/wp-json\/wp\/v2\/posts\/197372"}],"collection":[{"href":"https:\/\/franciscanos.org.br\/noticias\/wp-json\/wp\/v2\/posts"}],"about":[{"href":"https:\/\/franciscanos.org.br\/noticias\/wp-json\/wp\/v2\/types\/post"}],"author":[{"embeddable":true,"href":"https:\/\/franciscanos.org.br\/noticias\/wp-json\/wp\/v2\/users\/3"}],"replies":[{"embeddable":true,"href":"https:\/\/franciscanos.org.br\/noticias\/wp-json\/wp\/v2\/comments?post=197372"}],"version-history":[{"count":1,"href":"https:\/\/franciscanos.org.br\/noticias\/wp-json\/wp\/v2\/posts\/197372\/revisions"}],"predecessor-version":[{"id":228107,"href":"https:\/\/franciscanos.org.br\/noticias\/wp-json\/wp\/v2\/posts\/197372\/revisions\/228107"}],"wp:featuredmedia":[{"embeddable":true,"href":"https:\/\/franciscanos.org.br\/noticias\/wp-json\/wp\/v2\/media\/197373"}],"wp:attachment":[{"href":"https:\/\/franciscanos.org.br\/noticias\/wp-json\/wp\/v2\/media?parent=197372"}],"wp:term":[{"taxonomy":"category","embeddable":true,"href":"https:\/\/franciscanos.org.br\/noticias\/wp-json\/wp\/v2\/categories?post=197372"},{"taxonomy":"post_tag","embeddable":true,"href":"https:\/\/franciscanos.org.br\/noticias\/wp-json\/wp\/v2\/tags?post=197372"}],"curies":[{"name":"wp","href":"https:\/\/api.w.org\/{rel}","templated":true}]}}