{"id":19699,"date":"2012-06-26T09:04:57","date_gmt":"2012-06-26T12:04:57","guid":{"rendered":"http:\/\/new.franciscanos.org.br\/?p=19699"},"modified":"2020-11-09T16:19:04","modified_gmt":"2020-11-09T19:19:04","slug":"comissao-de-liturgia-da-ordem-se-reune-em-roma","status":"publish","type":"post","link":"https:\/\/franciscanos.org.br\/noticias\/comissao-de-liturgia-da-ordem-se-reune-em-roma.html","title":{"rendered":"Comiss\u00e3o de Liturgia da Ordem se re\u00fane em Roma"},"content":{"rendered":"<p><a href=\"http:\/\/franciscanos.org.br\/wp-content\/uploads\/2012\/06\/2643_260612.jpg\"><img loading=\"lazy\" class=\"alignright size-full wp-image-19701\" title=\"2643_260612\" src=\"http:\/\/franciscanos.org.br\/wp-content\/uploads\/2012\/06\/2643_260612.jpg\" alt=\"\" width=\"400\" height=\"296\" \/><\/a>A Comiss\u00e3o Lit\u00fargica da Ordem dos Frades Menores se encontra reunida na C\u00faria Geral, em Roma desde o dia 25 deste m\u00eas. A Comiss\u00e3o, formada por Frei Julio Cesar Bunader, Definidor Geral, Frei Ferdinando Campana (Italia \u2013 Coordenador), Frei Francisco Martinez Fresneda (Espanha), Frei Stephen Malkiewicz (Estados Unidos) e Frei Alberto Bechk\u00e4user (Brasil), ficar\u00e1 reunida at\u00e9 o dia 29 deste m\u00eas.<\/p>\n<p>A Comiss\u00e3o se re\u00fane para continuar o prograja de trabalho confiado pelo Definit\u00f3rio Geral. O trabalho est\u00e1 centrado em compartilhar o material dos textos lit\u00fargicos, em especial, o Missal Franciscano e Lecion\u00e1rio Franciscano, com o desejo de apresent\u00e1-los quanto antes para a aprova\u00e7\u00e3o. A Comiss\u00e3o Lit\u00fargica continua o desenvolvimento dos seguintes livros: Ritual Franciscano, Guia das Celebra\u00e7\u00f5es Lit\u00fargicas franciscanas, Suplemento Franciscano da Liturgia das Horas e o Martirol\u00f3gio Franciscano da Ordem dos Frades Menores.<\/p>\n","protected":false},"excerpt":{"rendered":"<p>OFM<\/p>\n","protected":false},"author":1,"featured_media":0,"comment_status":"closed","ping_status":"closed","sticky":false,"template":"","format":"standard","meta":[],"categories":[1],"tags":[128],"acf":[],"yoast_head":"<!-- This site is optimized with the Yoast SEO plugin v19.2 - https:\/\/yoast.com\/wordpress\/plugins\/seo\/ -->\n<title>Comiss\u00e3o de Liturgia da Ordem se re\u00fane em Roma - Not\u00edcias - Franciscanos<\/title>\n<meta name=\"robots\" content=\"index, follow, max-snippet:-1, max-image-preview:large, max-video-preview:-1\" \/>\n<link rel=\"canonical\" href=\"https:\/\/franciscanos.org.br\/noticias\/comissao-de-liturgia-da-ordem-se-reune-em-roma.html\" \/>\n<meta property=\"og:locale\" content=\"pt_BR\" \/>\n<meta property=\"og:type\" content=\"article\" \/>\n<meta property=\"og:title\" content=\"Comiss\u00e3o de Liturgia da Ordem se re\u00fane em Roma - Not\u00edcias - Franciscanos\" \/>\n<meta property=\"og:description\" content=\"OFM\" \/>\n<meta property=\"og:url\" content=\"https:\/\/franciscanos.org.br\/noticias\/comissao-de-liturgia-da-ordem-se-reune-em-roma.html\" \/>\n<meta property=\"og:site_name\" content=\"Not\u00edcias - Franciscanos\" \/>\n<meta property=\"article:published_time\" content=\"2012-06-26T12:04:57+00:00\" \/>\n<meta property=\"article:modified_time\" content=\"2020-11-09T19:19:04+00:00\" \/>\n<meta property=\"og:image\" content=\"http:\/\/franciscanos.org.br\/wp-content\/uploads\/2012\/06\/2643_260612.jpg\" \/>\n<meta name=\"author\" content=\"admin\" \/>\n<meta name=\"twitter:card\" content=\"summary_large_image\" \/>\n<meta name=\"twitter:label1\" content=\"Escrito por\" \/>\n\t<meta name=\"twitter:data1\" content=\"admin\" \/>\n\t<meta name=\"twitter:label2\" content=\"Est. tempo de leitura\" \/>\n\t<meta name=\"twitter:data2\" content=\"1 minuto\" \/>\n<script type=\"application\/ld+json\" class=\"yoast-schema-graph\">{\"@context\":\"https:\/\/schema.org\",\"@graph\":[{\"@type\":\"WebSite\",\"@id\":\"https:\/\/franciscanos.org.br\/noticias\/#website\",\"url\":\"https:\/\/franciscanos.org.br\/noticias\/\",\"name\":\"Not\u00edcias - Franciscanos\",\"description\":\"Prov\u00edncia Franciscana da Imaculada Concei\u00e7\u00e3o do Brasil - Ordem dos Frades Menores - OFM\",\"potentialAction\":[{\"@type\":\"SearchAction\",\"target\":{\"@type\":\"EntryPoint\",\"urlTemplate\":\"https:\/\/franciscanos.org.br\/noticias\/?s={search_term_string}\"},\"query-input\":\"required name=search_term_string\"}],\"inLanguage\":\"pt-BR\"},{\"@type\":\"ImageObject\",\"inLanguage\":\"pt-BR\",\"@id\":\"https:\/\/franciscanos.org.br\/noticias\/comissao-de-liturgia-da-ordem-se-reune-em-roma.html#primaryimage\",\"url\":\"http:\/\/franciscanos.org.br\/wp-content\/uploads\/2012\/06\/2643_260612.jpg\",\"contentUrl\":\"http:\/\/franciscanos.org.br\/wp-content\/uploads\/2012\/06\/2643_260612.jpg\"},{\"@type\":\"WebPage\",\"@id\":\"https:\/\/franciscanos.org.br\/noticias\/comissao-de-liturgia-da-ordem-se-reune-em-roma.html#webpage\",\"url\":\"https:\/\/franciscanos.org.br\/noticias\/comissao-de-liturgia-da-ordem-se-reune-em-roma.html\",\"name\":\"Comiss\u00e3o de Liturgia da Ordem se re\u00fane em Roma - Not\u00edcias - Franciscanos\",\"isPartOf\":{\"@id\":\"https:\/\/franciscanos.org.br\/noticias\/#website\"},\"primaryImageOfPage\":{\"@id\":\"https:\/\/franciscanos.org.br\/noticias\/comissao-de-liturgia-da-ordem-se-reune-em-roma.html#primaryimage\"},\"datePublished\":\"2012-06-26T12:04:57+00:00\",\"dateModified\":\"2020-11-09T19:19:04+00:00\",\"author\":{\"@id\":\"https:\/\/franciscanos.org.br\/noticias\/#\/schema\/person\/b38fbf43118f02820bd932f2e4b14ad3\"},\"breadcrumb\":{\"@id\":\"https:\/\/franciscanos.org.br\/noticias\/comissao-de-liturgia-da-ordem-se-reune-em-roma.html#breadcrumb\"},\"inLanguage\":\"pt-BR\",\"potentialAction\":[{\"@type\":\"ReadAction\",\"target\":[\"https:\/\/franciscanos.org.br\/noticias\/comissao-de-liturgia-da-ordem-se-reune-em-roma.html\"]}]},{\"@type\":\"BreadcrumbList\",\"@id\":\"https:\/\/franciscanos.org.br\/noticias\/comissao-de-liturgia-da-ordem-se-reune-em-roma.html#breadcrumb\",\"itemListElement\":[{\"@type\":\"ListItem\",\"position\":1,\"name\":\"Home\",\"item\":\"https:\/\/franciscanos.org.br\/noticias\"},{\"@type\":\"ListItem\",\"position\":2,\"name\":\"Comiss\u00e3o de Liturgia da Ordem se re\u00fane em Roma\"}]},{\"@type\":\"Person\",\"@id\":\"https:\/\/franciscanos.org.br\/noticias\/#\/schema\/person\/b38fbf43118f02820bd932f2e4b14ad3\",\"name\":\"admin\",\"image\":{\"@type\":\"ImageObject\",\"inLanguage\":\"pt-BR\",\"@id\":\"https:\/\/franciscanos.org.br\/noticias\/#\/schema\/person\/image\/\",\"url\":\"https:\/\/secure.gravatar.com\/avatar\/e8495742d34d0ba6448ea1c628263b3e?s=96&d=mm&r=g\",\"contentUrl\":\"https:\/\/secure.gravatar.com\/avatar\/e8495742d34d0ba6448ea1c628263b3e?s=96&d=mm&r=g\",\"caption\":\"admin\"},\"url\":\"https:\/\/franciscanos.org.br\/noticias\/author\/admin\"}]}<\/script>\n<!-- \/ Yoast SEO plugin. -->","yoast_head_json":{"title":"Comiss\u00e3o de Liturgia da Ordem se re\u00fane em Roma - Not\u00edcias - Franciscanos","robots":{"index":"index","follow":"follow","max-snippet":"max-snippet:-1","max-image-preview":"max-image-preview:large","max-video-preview":"max-video-preview:-1"},"canonical":"https:\/\/franciscanos.org.br\/noticias\/comissao-de-liturgia-da-ordem-se-reune-em-roma.html","og_locale":"pt_BR","og_type":"article","og_title":"Comiss\u00e3o de Liturgia da Ordem se re\u00fane em Roma - Not\u00edcias - Franciscanos","og_description":"OFM","og_url":"https:\/\/franciscanos.org.br\/noticias\/comissao-de-liturgia-da-ordem-se-reune-em-roma.html","og_site_name":"Not\u00edcias - Franciscanos","article_published_time":"2012-06-26T12:04:57+00:00","article_modified_time":"2020-11-09T19:19:04+00:00","og_image":[{"url":"http:\/\/franciscanos.org.br\/wp-content\/uploads\/2012\/06\/2643_260612.jpg"}],"author":"admin","twitter_card":"summary_large_image","twitter_misc":{"Escrito por":"admin","Est. tempo de leitura":"1 minuto"},"schema":{"@context":"https:\/\/schema.org","@graph":[{"@type":"WebSite","@id":"https:\/\/franciscanos.org.br\/noticias\/#website","url":"https:\/\/franciscanos.org.br\/noticias\/","name":"Not\u00edcias - Franciscanos","description":"Prov\u00edncia Franciscana da Imaculada Concei\u00e7\u00e3o do Brasil - Ordem dos Frades Menores - OFM","potentialAction":[{"@type":"SearchAction","target":{"@type":"EntryPoint","urlTemplate":"https:\/\/franciscanos.org.br\/noticias\/?s={search_term_string}"},"query-input":"required name=search_term_string"}],"inLanguage":"pt-BR"},{"@type":"ImageObject","inLanguage":"pt-BR","@id":"https:\/\/franciscanos.org.br\/noticias\/comissao-de-liturgia-da-ordem-se-reune-em-roma.html#primaryimage","url":"http:\/\/franciscanos.org.br\/wp-content\/uploads\/2012\/06\/2643_260612.jpg","contentUrl":"http:\/\/franciscanos.org.br\/wp-content\/uploads\/2012\/06\/2643_260612.jpg"},{"@type":"WebPage","@id":"https:\/\/franciscanos.org.br\/noticias\/comissao-de-liturgia-da-ordem-se-reune-em-roma.html#webpage","url":"https:\/\/franciscanos.org.br\/noticias\/comissao-de-liturgia-da-ordem-se-reune-em-roma.html","name":"Comiss\u00e3o de Liturgia da Ordem se re\u00fane em Roma - Not\u00edcias - Franciscanos","isPartOf":{"@id":"https:\/\/franciscanos.org.br\/noticias\/#website"},"primaryImageOfPage":{"@id":"https:\/\/franciscanos.org.br\/noticias\/comissao-de-liturgia-da-ordem-se-reune-em-roma.html#primaryimage"},"datePublished":"2012-06-26T12:04:57+00:00","dateModified":"2020-11-09T19:19:04+00:00","author":{"@id":"https:\/\/franciscanos.org.br\/noticias\/#\/schema\/person\/b38fbf43118f02820bd932f2e4b14ad3"},"breadcrumb":{"@id":"https:\/\/franciscanos.org.br\/noticias\/comissao-de-liturgia-da-ordem-se-reune-em-roma.html#breadcrumb"},"inLanguage":"pt-BR","potentialAction":[{"@type":"ReadAction","target":["https:\/\/franciscanos.org.br\/noticias\/comissao-de-liturgia-da-ordem-se-reune-em-roma.html"]}]},{"@type":"BreadcrumbList","@id":"https:\/\/franciscanos.org.br\/noticias\/comissao-de-liturgia-da-ordem-se-reune-em-roma.html#breadcrumb","itemListElement":[{"@type":"ListItem","position":1,"name":"Home","item":"https:\/\/franciscanos.org.br\/noticias"},{"@type":"ListItem","position":2,"name":"Comiss\u00e3o de Liturgia da Ordem se re\u00fane em Roma"}]},{"@type":"Person","@id":"https:\/\/franciscanos.org.br\/noticias\/#\/schema\/person\/b38fbf43118f02820bd932f2e4b14ad3","name":"admin","image":{"@type":"ImageObject","inLanguage":"pt-BR","@id":"https:\/\/franciscanos.org.br\/noticias\/#\/schema\/person\/image\/","url":"https:\/\/secure.gravatar.com\/avatar\/e8495742d34d0ba6448ea1c628263b3e?s=96&d=mm&r=g","contentUrl":"https:\/\/secure.gravatar.com\/avatar\/e8495742d34d0ba6448ea1c628263b3e?s=96&d=mm&r=g","caption":"admin"},"url":"https:\/\/franciscanos.org.br\/noticias\/author\/admin"}]}},"_links":{"self":[{"href":"https:\/\/franciscanos.org.br\/noticias\/wp-json\/wp\/v2\/posts\/19699"}],"collection":[{"href":"https:\/\/franciscanos.org.br\/noticias\/wp-json\/wp\/v2\/posts"}],"about":[{"href":"https:\/\/franciscanos.org.br\/noticias\/wp-json\/wp\/v2\/types\/post"}],"author":[{"embeddable":true,"href":"https:\/\/franciscanos.org.br\/noticias\/wp-json\/wp\/v2\/users\/1"}],"replies":[{"embeddable":true,"href":"https:\/\/franciscanos.org.br\/noticias\/wp-json\/wp\/v2\/comments?post=19699"}],"version-history":[{"count":1,"href":"https:\/\/franciscanos.org.br\/noticias\/wp-json\/wp\/v2\/posts\/19699\/revisions"}],"predecessor-version":[{"id":229133,"href":"https:\/\/franciscanos.org.br\/noticias\/wp-json\/wp\/v2\/posts\/19699\/revisions\/229133"}],"wp:attachment":[{"href":"https:\/\/franciscanos.org.br\/noticias\/wp-json\/wp\/v2\/media?parent=19699"}],"wp:term":[{"taxonomy":"category","embeddable":true,"href":"https:\/\/franciscanos.org.br\/noticias\/wp-json\/wp\/v2\/categories?post=19699"},{"taxonomy":"post_tag","embeddable":true,"href":"https:\/\/franciscanos.org.br\/noticias\/wp-json\/wp\/v2\/tags?post=19699"}],"curies":[{"name":"wp","href":"https:\/\/api.w.org\/{rel}","templated":true}]}}