{"id":196968,"date":"2019-01-26T09:35:05","date_gmt":"2019-01-26T11:35:05","guid":{"rendered":"https:\/\/franciscanos.org.br\/noticias\/?p=196968"},"modified":"2020-09-01T11:05:14","modified_gmt":"2020-09-01T14:05:14","slug":"brumadinho-que-o-lamento-se-transforme-em-mudanca","status":"publish","type":"post","link":"https:\/\/franciscanos.org.br\/noticias\/brumadinho-que-o-lamento-se-transforme-em-mudanca.html","title":{"rendered":"Brumadinho: Que o lamento se transforme em mudan\u00e7a!"},"content":{"rendered":"<p>&nbsp;<\/p>\n<div id=\"attachment_228104\" style=\"width: 1210px\" class=\"wp-caption alignnone\"><img aria-describedby=\"caption-attachment-228104\" loading=\"lazy\" class=\"wp-image-228104 size-full\" src=\"https:\/\/franciscanos.org.br\/noticias\/wp-content\/uploads\/2019\/01\/brumadinho_02a.jpg\" alt=\"\" width=\"1200\" height=\"600\" \/><p id=\"caption-attachment-228104\" class=\"wp-caption-text\">\u00a0 \u00a0 \u00a0 \u00a0 \u00a0 \u00a0 \u00a0 \u00a0 \u00a0 \u00a0 \u00a0 \u00a0 \u00a0 \u00a0 \u00a0 \u00a0 \u00a0 \u00a0 \u00a0 \u00a0 \u00a0 \u00a0 \u00a0 \u00a0 \u00a0 \u00a0 \u00a0 \u00a0 \u00a0 \u00a0 \u00a0 \u00a0 \u00a0 \u00a0 \u00a0 \u00a0 \u00a0 \u00a0 \u00a0 \u00a0 \u00a0 \u00a0 \u00a0 \u00a0 \u00a0 \u00a0 \u00a0 \u00a0 \u00a0 \u00a0 \u00a0 \u00a0 \u00a0 \u00a0 \u00a0 \u00a0 \u00a0 \u00a0 \u00a0 \u00a0 \u00a0 \u00a0 \u00a0 \u00a0 \u00a0 \u00a0 \u00a0 \u00a0 \u00a0 \u00a0 \u00a0 \u00a0 \u00a0 \u00a0 \u00a0 \u00a0 \u00a0 \u00a0 \u00a0 \u00a0 <em>\u00a0 \u00a0 Imagem: Divulga\u00e7\u00e3o CBM<\/em>G<\/p><\/div>\n<p style=\"padding-left: 30px;\"><em>\u201cQuando o capital se torna um \u00eddolo e dirige as op\u00e7\u00f5es dos seres humanos, quando a avidez do dinheiro domina todo o sistema socioecon\u00f4mico, arru\u00edna a sociedade, condena o homem, transforma-o em escravo, destr\u00f3i a fraternidade inter-humana, faz lutar povo contra povo e at\u00e9, como vemos, p\u00f5e em risco esta nossa casa comum. Os seres humanos e a natureza n\u00e3o devem estar a servi\u00e7o do dinheiro.\u201d (Papa Francisco)<\/em><\/p>\n<p>Diante do grav\u00edssimo ocorrido na barragem em Brumadinho \u2013 MG, que vitimou um incont\u00e1vel n\u00famero de vidas humanas, animais e vegetais, deixando um rastro de morte e destrui\u00e7\u00e3o, a Prov\u00edncia Franciscana da Imaculada Concei\u00e7\u00e3o do Brasil, atrav\u00e9s do Servi\u00e7o Franciscano de Justi\u00e7a, Paz e Integridade da Cria\u00e7\u00e3o (JPIC), vem expressar seu profundo pesar, suas ora\u00e7\u00f5es, sua solidariedade e sua indigna\u00e7\u00e3o.<\/p>\n<p>Como Franciscanos, n\u00e3o podemos ficar indiferentes ao grito da terra e dos pobres que, desde sexta-feira, dia 25\/01, sobe aos c\u00e9us clamando por justi\u00e7a e por convers\u00e3o. Nossa convic\u00e7\u00e3o teol\u00f3gica de que Deus \u00e9 o Criador de tudo e nos pede respeito pela sua Cria\u00e7\u00e3o, impele-nos a denunciarmos a idolatria de quem se considera dono dos bens naturais sem se preocupar com os efeitos da degrada\u00e7\u00e3o ambiental, dos modelos atuais de desenvolvimento e da cultura do descart\u00e1vel sobre a vida das pessoas.<\/p>\n<p>\u00c9 sabido que, na raiz do ocorrido em Brumadinho, existe um grande sistema econ\u00f4mico, pol\u00edtico e social que tem se baseado na l\u00f3gica do aumento do lucro desmedido sem respeitar a vida de cada ser. \u00c9 preciso que se diga que n\u00e3o h\u00e1 verdadeiro crescimento e desenvolvimento sem respeito pela cria\u00e7\u00e3o e uma melhoria na qualidade de vida de todos e todas, e n\u00e3o apenas dos poderosos que usufruem das suas riquezas a custo da vida dos mais pobres. \u00c9 preciso que se repense esse sistema econ\u00f4mico que \u2018mata, exclui e destr\u00f3i a m\u00e3e terra\u2019 <em>(Papa Francisco)<\/em>.<\/p>\n<p>Al\u00e9m de uma penaliza\u00e7\u00e3o dos respons\u00e1veis e das a\u00e7\u00f5es de repara\u00e7\u00e3o dos danos deste crime ambiental e humano, que pela segunda vez acontece em Minas Gerais, esperamos que a dor dessa trag\u00e9dia se converta em pol\u00edticas p\u00fablicas mais eficazes e fiscaliza\u00e7\u00f5es mais r\u00edgidas, bem como uma mudan\u00e7a de mentalidade no que tange \u00e0 explora\u00e7\u00e3o desmedida e \u00e0 avidez pelo lucro.<\/p>\n<p>Que o lamento se transforme em mudan\u00e7a e que os donos do poder e do dinheiro ven\u00e7am o pecado da indiferen\u00e7a, amem o bem comum, promovam os fracos e cuidem deste mundo em que habitamos. E que o Senhor de toda a Cria\u00e7\u00e3o nos inspire a sermos promotores da vida, da justi\u00e7a, da paz e do respeito por tudo aquilo que nos foi confiado como express\u00e3o do seu amor.<\/p>\n<p><strong>Prov\u00edncia Franciscana da Imaculada Concei\u00e7\u00e3o do Brasil<\/strong><\/p>\n<p><strong>Servi\u00e7o Franciscano de Justi\u00e7a, Paz e Integridade de Cria\u00e7\u00e3o<\/strong><\/p>\n<p>S\u00e3o Paulo \u2013 SP, 27 de janeiro de 2019<\/p>\n","protected":false},"excerpt":{"rendered":"<p>Nota da Prov\u00edncia da Imaculada Concei\u00e7\u00e3o sobre a trag\u00e9dia de Brumadinho<\/p>\n","protected":false},"author":3,"featured_media":0,"comment_status":"open","ping_status":"open","sticky":false,"template":"","format":"standard","meta":[],"categories":[1],"tags":[1303,1301,1300],"acf":[],"yoast_head":"<!-- This site is optimized with the Yoast SEO plugin v19.2 - https:\/\/yoast.com\/wordpress\/plugins\/seo\/ -->\n<title>Brumadinho: Que o lamento se transforme em mudan\u00e7a! - Not\u00edcias - Franciscanos<\/title>\n<meta name=\"robots\" content=\"index, follow, max-snippet:-1, max-image-preview:large, max-video-preview:-1\" \/>\n<link rel=\"canonical\" href=\"https:\/\/franciscanos.org.br\/noticias\/brumadinho-que-o-lamento-se-transforme-em-mudanca.html\" \/>\n<meta property=\"og:locale\" content=\"pt_BR\" \/>\n<meta property=\"og:type\" content=\"article\" \/>\n<meta property=\"og:title\" content=\"Brumadinho: Que o lamento se transforme em mudan\u00e7a! - Not\u00edcias - Franciscanos\" \/>\n<meta property=\"og:description\" content=\"Nota da Prov\u00edncia da Imaculada Concei\u00e7\u00e3o sobre a trag\u00e9dia de Brumadinho\" \/>\n<meta property=\"og:url\" content=\"https:\/\/franciscanos.org.br\/noticias\/brumadinho-que-o-lamento-se-transforme-em-mudanca.html\" \/>\n<meta property=\"og:site_name\" content=\"Not\u00edcias - Franciscanos\" \/>\n<meta property=\"article:published_time\" content=\"2019-01-26T11:35:05+00:00\" \/>\n<meta property=\"article:modified_time\" content=\"2020-09-01T14:05:14+00:00\" \/>\n<meta property=\"og:image\" content=\"https:\/\/franciscanos.org.br\/noticias\/wp-content\/uploads\/2019\/01\/brumadinho_02a.jpg\" \/>\n<meta name=\"author\" content=\"moacir\" \/>\n<meta name=\"twitter:card\" content=\"summary_large_image\" \/>\n<meta name=\"twitter:label1\" content=\"Escrito por\" \/>\n\t<meta name=\"twitter:data1\" content=\"moacir\" \/>\n\t<meta name=\"twitter:label2\" content=\"Est. tempo de leitura\" \/>\n\t<meta name=\"twitter:data2\" content=\"3 minutos\" \/>\n<script type=\"application\/ld+json\" class=\"yoast-schema-graph\">{\"@context\":\"https:\/\/schema.org\",\"@graph\":[{\"@type\":\"WebSite\",\"@id\":\"https:\/\/franciscanos.org.br\/noticias\/#website\",\"url\":\"https:\/\/franciscanos.org.br\/noticias\/\",\"name\":\"Not\u00edcias - Franciscanos\",\"description\":\"Prov\u00edncia Franciscana da Imaculada Concei\u00e7\u00e3o do Brasil - Ordem dos Frades Menores - OFM\",\"potentialAction\":[{\"@type\":\"SearchAction\",\"target\":{\"@type\":\"EntryPoint\",\"urlTemplate\":\"https:\/\/franciscanos.org.br\/noticias\/?s={search_term_string}\"},\"query-input\":\"required name=search_term_string\"}],\"inLanguage\":\"pt-BR\"},{\"@type\":\"ImageObject\",\"inLanguage\":\"pt-BR\",\"@id\":\"https:\/\/franciscanos.org.br\/noticias\/brumadinho-que-o-lamento-se-transforme-em-mudanca.html#primaryimage\",\"url\":\"https:\/\/franciscanos.org.br\/noticias\/wp-content\/uploads\/2019\/01\/brumadinho_02a.jpg\",\"contentUrl\":\"https:\/\/franciscanos.org.br\/noticias\/wp-content\/uploads\/2019\/01\/brumadinho_02a.jpg\"},{\"@type\":\"WebPage\",\"@id\":\"https:\/\/franciscanos.org.br\/noticias\/brumadinho-que-o-lamento-se-transforme-em-mudanca.html#webpage\",\"url\":\"https:\/\/franciscanos.org.br\/noticias\/brumadinho-que-o-lamento-se-transforme-em-mudanca.html\",\"name\":\"Brumadinho: Que o lamento se transforme em mudan\u00e7a! - Not\u00edcias - Franciscanos\",\"isPartOf\":{\"@id\":\"https:\/\/franciscanos.org.br\/noticias\/#website\"},\"primaryImageOfPage\":{\"@id\":\"https:\/\/franciscanos.org.br\/noticias\/brumadinho-que-o-lamento-se-transforme-em-mudanca.html#primaryimage\"},\"datePublished\":\"2019-01-26T11:35:05+00:00\",\"dateModified\":\"2020-09-01T14:05:14+00:00\",\"author\":{\"@id\":\"https:\/\/franciscanos.org.br\/noticias\/#\/schema\/person\/b5c8cba458c330ccff548b056e95a5d4\"},\"breadcrumb\":{\"@id\":\"https:\/\/franciscanos.org.br\/noticias\/brumadinho-que-o-lamento-se-transforme-em-mudanca.html#breadcrumb\"},\"inLanguage\":\"pt-BR\",\"potentialAction\":[{\"@type\":\"ReadAction\",\"target\":[\"https:\/\/franciscanos.org.br\/noticias\/brumadinho-que-o-lamento-se-transforme-em-mudanca.html\"]}]},{\"@type\":\"BreadcrumbList\",\"@id\":\"https:\/\/franciscanos.org.br\/noticias\/brumadinho-que-o-lamento-se-transforme-em-mudanca.html#breadcrumb\",\"itemListElement\":[{\"@type\":\"ListItem\",\"position\":1,\"name\":\"Home\",\"item\":\"https:\/\/franciscanos.org.br\/noticias\"},{\"@type\":\"ListItem\",\"position\":2,\"name\":\"Brumadinho: Que o lamento se transforme em mudan\u00e7a!\"}]},{\"@type\":\"Person\",\"@id\":\"https:\/\/franciscanos.org.br\/noticias\/#\/schema\/person\/b5c8cba458c330ccff548b056e95a5d4\",\"name\":\"moacir\",\"image\":{\"@type\":\"ImageObject\",\"inLanguage\":\"pt-BR\",\"@id\":\"https:\/\/franciscanos.org.br\/noticias\/#\/schema\/person\/image\/\",\"url\":\"https:\/\/secure.gravatar.com\/avatar\/d08aa2ce4c8dd416d4479aa8536fcf64?s=96&d=mm&r=g\",\"contentUrl\":\"https:\/\/secure.gravatar.com\/avatar\/d08aa2ce4c8dd416d4479aa8536fcf64?s=96&d=mm&r=g\",\"caption\":\"moacir\"},\"url\":\"https:\/\/franciscanos.org.br\/noticias\/author\/moacir\"}]}<\/script>\n<!-- \/ Yoast SEO plugin. -->","yoast_head_json":{"title":"Brumadinho: Que o lamento se transforme em mudan\u00e7a! - Not\u00edcias - Franciscanos","robots":{"index":"index","follow":"follow","max-snippet":"max-snippet:-1","max-image-preview":"max-image-preview:large","max-video-preview":"max-video-preview:-1"},"canonical":"https:\/\/franciscanos.org.br\/noticias\/brumadinho-que-o-lamento-se-transforme-em-mudanca.html","og_locale":"pt_BR","og_type":"article","og_title":"Brumadinho: Que o lamento se transforme em mudan\u00e7a! - Not\u00edcias - Franciscanos","og_description":"Nota da Prov\u00edncia da Imaculada Concei\u00e7\u00e3o sobre a trag\u00e9dia de Brumadinho","og_url":"https:\/\/franciscanos.org.br\/noticias\/brumadinho-que-o-lamento-se-transforme-em-mudanca.html","og_site_name":"Not\u00edcias - Franciscanos","article_published_time":"2019-01-26T11:35:05+00:00","article_modified_time":"2020-09-01T14:05:14+00:00","og_image":[{"url":"https:\/\/franciscanos.org.br\/noticias\/wp-content\/uploads\/2019\/01\/brumadinho_02a.jpg"}],"author":"moacir","twitter_card":"summary_large_image","twitter_misc":{"Escrito por":"moacir","Est. tempo de leitura":"3 minutos"},"schema":{"@context":"https:\/\/schema.org","@graph":[{"@type":"WebSite","@id":"https:\/\/franciscanos.org.br\/noticias\/#website","url":"https:\/\/franciscanos.org.br\/noticias\/","name":"Not\u00edcias - Franciscanos","description":"Prov\u00edncia Franciscana da Imaculada Concei\u00e7\u00e3o do Brasil - Ordem dos Frades Menores - OFM","potentialAction":[{"@type":"SearchAction","target":{"@type":"EntryPoint","urlTemplate":"https:\/\/franciscanos.org.br\/noticias\/?s={search_term_string}"},"query-input":"required name=search_term_string"}],"inLanguage":"pt-BR"},{"@type":"ImageObject","inLanguage":"pt-BR","@id":"https:\/\/franciscanos.org.br\/noticias\/brumadinho-que-o-lamento-se-transforme-em-mudanca.html#primaryimage","url":"https:\/\/franciscanos.org.br\/noticias\/wp-content\/uploads\/2019\/01\/brumadinho_02a.jpg","contentUrl":"https:\/\/franciscanos.org.br\/noticias\/wp-content\/uploads\/2019\/01\/brumadinho_02a.jpg"},{"@type":"WebPage","@id":"https:\/\/franciscanos.org.br\/noticias\/brumadinho-que-o-lamento-se-transforme-em-mudanca.html#webpage","url":"https:\/\/franciscanos.org.br\/noticias\/brumadinho-que-o-lamento-se-transforme-em-mudanca.html","name":"Brumadinho: Que o lamento se transforme em mudan\u00e7a! - Not\u00edcias - Franciscanos","isPartOf":{"@id":"https:\/\/franciscanos.org.br\/noticias\/#website"},"primaryImageOfPage":{"@id":"https:\/\/franciscanos.org.br\/noticias\/brumadinho-que-o-lamento-se-transforme-em-mudanca.html#primaryimage"},"datePublished":"2019-01-26T11:35:05+00:00","dateModified":"2020-09-01T14:05:14+00:00","author":{"@id":"https:\/\/franciscanos.org.br\/noticias\/#\/schema\/person\/b5c8cba458c330ccff548b056e95a5d4"},"breadcrumb":{"@id":"https:\/\/franciscanos.org.br\/noticias\/brumadinho-que-o-lamento-se-transforme-em-mudanca.html#breadcrumb"},"inLanguage":"pt-BR","potentialAction":[{"@type":"ReadAction","target":["https:\/\/franciscanos.org.br\/noticias\/brumadinho-que-o-lamento-se-transforme-em-mudanca.html"]}]},{"@type":"BreadcrumbList","@id":"https:\/\/franciscanos.org.br\/noticias\/brumadinho-que-o-lamento-se-transforme-em-mudanca.html#breadcrumb","itemListElement":[{"@type":"ListItem","position":1,"name":"Home","item":"https:\/\/franciscanos.org.br\/noticias"},{"@type":"ListItem","position":2,"name":"Brumadinho: Que o lamento se transforme em mudan\u00e7a!"}]},{"@type":"Person","@id":"https:\/\/franciscanos.org.br\/noticias\/#\/schema\/person\/b5c8cba458c330ccff548b056e95a5d4","name":"moacir","image":{"@type":"ImageObject","inLanguage":"pt-BR","@id":"https:\/\/franciscanos.org.br\/noticias\/#\/schema\/person\/image\/","url":"https:\/\/secure.gravatar.com\/avatar\/d08aa2ce4c8dd416d4479aa8536fcf64?s=96&d=mm&r=g","contentUrl":"https:\/\/secure.gravatar.com\/avatar\/d08aa2ce4c8dd416d4479aa8536fcf64?s=96&d=mm&r=g","caption":"moacir"},"url":"https:\/\/franciscanos.org.br\/noticias\/author\/moacir"}]}},"_links":{"self":[{"href":"https:\/\/franciscanos.org.br\/noticias\/wp-json\/wp\/v2\/posts\/196968"}],"collection":[{"href":"https:\/\/franciscanos.org.br\/noticias\/wp-json\/wp\/v2\/posts"}],"about":[{"href":"https:\/\/franciscanos.org.br\/noticias\/wp-json\/wp\/v2\/types\/post"}],"author":[{"embeddable":true,"href":"https:\/\/franciscanos.org.br\/noticias\/wp-json\/wp\/v2\/users\/3"}],"replies":[{"embeddable":true,"href":"https:\/\/franciscanos.org.br\/noticias\/wp-json\/wp\/v2\/comments?post=196968"}],"version-history":[{"count":1,"href":"https:\/\/franciscanos.org.br\/noticias\/wp-json\/wp\/v2\/posts\/196968\/revisions"}],"predecessor-version":[{"id":228106,"href":"https:\/\/franciscanos.org.br\/noticias\/wp-json\/wp\/v2\/posts\/196968\/revisions\/228106"}],"wp:attachment":[{"href":"https:\/\/franciscanos.org.br\/noticias\/wp-json\/wp\/v2\/media?parent=196968"}],"wp:term":[{"taxonomy":"category","embeddable":true,"href":"https:\/\/franciscanos.org.br\/noticias\/wp-json\/wp\/v2\/categories?post=196968"},{"taxonomy":"post_tag","embeddable":true,"href":"https:\/\/franciscanos.org.br\/noticias\/wp-json\/wp\/v2\/tags?post=196968"}],"curies":[{"name":"wp","href":"https:\/\/api.w.org\/{rel}","templated":true}]}}