{"id":196943,"date":"2019-01-26T21:07:56","date_gmt":"2019-01-26T23:07:56","guid":{"rendered":"https:\/\/franciscanos.org.br\/noticias\/?p=196943"},"modified":"2020-09-01T11:02:14","modified_gmt":"2020-09-01T14:02:14","slug":"nota-de-solidariedade-do-sefras-as-vitimas-de-brumadinho","status":"publish","type":"post","link":"https:\/\/franciscanos.org.br\/noticias\/nota-de-solidariedade-do-sefras-as-vitimas-de-brumadinho.html","title":{"rendered":"Brumadinho: Nota de solidariedade do Sefras"},"content":{"rendered":"<p>&nbsp;<\/p>\n<div id=\"attachment_228101\" style=\"width: 1010px\" class=\"wp-caption alignnone\"><img aria-describedby=\"caption-attachment-228101\" loading=\"lazy\" class=\"wp-image-228101 size-full\" src=\"https:\/\/franciscanos.org.br\/noticias\/wp-content\/uploads\/2019\/01\/brumadinho_a.jpg\" alt=\"\" width=\"1000\" height=\"536\" \/><p id=\"caption-attachment-228101\" class=\"wp-caption-text\">\u00a0 \u00a0 \u00a0 \u00a0 \u00a0 \u00a0 \u00a0 \u00a0 \u00a0 \u00a0 \u00a0 \u00a0 \u00a0 \u00a0 \u00a0 \u00a0 \u00a0 \u00a0 \u00a0 \u00a0 \u00a0 \u00a0 \u00a0 \u00a0 \u00a0 \u00a0 \u00a0 \u00a0 \u00a0 \u00a0 \u00a0 \u00a0 \u00a0 \u00a0 \u00a0 \u00a0 \u00a0 \u00a0 \u00a0 \u00a0 \u00a0 \u00a0 \u00a0 \u00a0 \u00a0 \u00a0 \u00a0 \u00a0 \u00a0 \u00a0 \u00a0 \u00a0 \u00a0 \u00a0 \u00a0 \u00a0 \u00a0 \u00a0 \u00a0 \u00a0 \u00a0 \u00a0 \u00a0 \u00a0 \u00a0 \u00a0 \u00a0 \u00a0 \u00a0 \u00a0 \u00a0 \u00a0 \u00a0 \u00a0 \u00a0 \u00a0 \u00a0 \u00a0 \u00a0 \u00a0<em> \u00a0 \u00a0 \u00a0Imagem: Divulga\u00e7\u00e3o CBMG<\/em><\/p><\/div>\n<p><em>\u201cEstas situa\u00e7\u00f5es provocam os gemidos da irm\u00e3 terra, que se unem aos gemidos dos<\/em><br \/>\n<em>abandonados do mundo, com um lamento que reclama de n\u00f3s outro rumo\u201d.<\/em><br \/>\n<em>Papa Francisco. Laudado Si&#8217;, 53<\/em><\/p>\n<p>O Servi\u00e7o Franciscano de Solidariedade (Sefras), da Prov\u00edncia Franciscana da Imaculada Concei\u00e7\u00e3o do Brasil, estende neste momento triste e de dor, gerados por uma nova trag\u00e9dia ambiental em nosso pa\u00eds, a sua solidariedade a todos e todas que foram atingidos pelo evento da tarde de sexta-feira (25\/01), em Brumadinho, regi\u00e3o metropolitana de Belo Horizonte.<\/p>\n<p>Nossas causas e lutas di\u00e1rias junto a tantas pessoas que sofrem e nosso compromisso de clamar por justi\u00e7a e transforma\u00e7\u00e3o social nos deixam inquietos e impacientes ante a novo fato envolvendo mineradoras no Brasil.<\/p>\n<p>Em tr\u00eas anos \u00e9 o segundo rompimento de barragem que gera um mar de sofrimento e morte por onde os rejeitos passam. N\u00e3o se trata de mero acidente, mas indicam que \u201c[&#8230;] os poderes econ\u00f4micos continuam a justificar o sistema mundial atual, onde predomina uma especula\u00e7\u00e3o e uma busca de receitas financeiras que tendem a ignorar todo o contexto e os efeitos sobre a dignidade humana e sobre o meio ambiente\u201d.\u00a01<\/p>\n<p>Mais uma vez \u00e9 necess\u00e1rio afirmar junto com o Papa Francisco que toda forma de vida \u00e9 colocada \u00e0 merc\u00ea da sorte quando o primeiro objetivo \u00e9 o lucro. \u201cAssim se manifesta como est\u00e3o intimamente ligadas \u00e0 degrada\u00e7\u00e3o ambiental e \u00e0 degrada\u00e7\u00e3o humana e \u00e9tica\u201d.\u00a02<\/p>\n<p>Queremos, al\u00e9m de nos solidarizar com as v\u00edtimas, estender nosso rep\u00fadio \u00e0 \u201cdomina\u00e7\u00e3o\u201d de nossa Casa Comum \u201cque sofre e geme em dores de parto\u201d3\u00a0e exigir das autoridades investiga\u00e7\u00e3o transparente para que os respons\u00e1veis sejam identificados e estes crimes n\u00e3o mais ocorram no Brasil e em nenhuma parte do mundo.<\/p>\n<p>Finalmente, \u00e9 necess\u00e1rio dizer que as pol\u00edticas p\u00fablicas de prote\u00e7\u00e3o ao meio ambiente n\u00e3o podem retroceder em nosso Pa\u00eds e que seguimos, unidos a Fam\u00edlia Franciscana e aos demais movimentos que militam em favor da pauta ambiental, denunciando e lutando pela prote\u00e7\u00e3o integral de todas as formas de vida.<\/p>\n<p><em>S\u00e3o Paulo, 26 de Janeiro de 2019<\/em><br \/>\n<em>Frei Jos\u00e9 Francisco de C\u00e1ssia dos Santos<\/em><br \/>\n<em>Coordenador do Sefras<\/em><\/p>\n<hr \/>\n<p><strong>1 Papa Francisco, na Carta Enc\u00edclica Laudato Si&#8217;, 56.<\/strong><br \/>\n<strong>2\u00a0<\/strong><strong>Idem.<\/strong><br \/>\n<strong>3 Rm 8,22<\/strong><\/p>\n","protected":false},"excerpt":{"rendered":"<p>Trag\u00e9dia de Brumadinho<\/p>\n","protected":false},"author":3,"featured_media":0,"comment_status":"open","ping_status":"open","sticky":false,"template":"","format":"standard","meta":[],"categories":[1],"tags":[1301,1300],"acf":[],"yoast_head":"<!-- This site is optimized with the Yoast SEO plugin v19.2 - https:\/\/yoast.com\/wordpress\/plugins\/seo\/ -->\n<title>Brumadinho: Nota de solidariedade do Sefras - Not\u00edcias - Franciscanos<\/title>\n<meta name=\"robots\" content=\"index, follow, max-snippet:-1, max-image-preview:large, max-video-preview:-1\" \/>\n<link rel=\"canonical\" href=\"https:\/\/franciscanos.org.br\/noticias\/nota-de-solidariedade-do-sefras-as-vitimas-de-brumadinho.html\" \/>\n<meta property=\"og:locale\" content=\"pt_BR\" \/>\n<meta property=\"og:type\" content=\"article\" \/>\n<meta property=\"og:title\" content=\"Brumadinho: Nota de solidariedade do Sefras - Not\u00edcias - Franciscanos\" \/>\n<meta property=\"og:description\" content=\"Trag\u00e9dia de Brumadinho\" \/>\n<meta property=\"og:url\" content=\"https:\/\/franciscanos.org.br\/noticias\/nota-de-solidariedade-do-sefras-as-vitimas-de-brumadinho.html\" \/>\n<meta property=\"og:site_name\" content=\"Not\u00edcias - Franciscanos\" \/>\n<meta property=\"article:published_time\" content=\"2019-01-26T23:07:56+00:00\" \/>\n<meta property=\"article:modified_time\" content=\"2020-09-01T14:02:14+00:00\" \/>\n<meta property=\"og:image\" content=\"https:\/\/franciscanos.org.br\/noticias\/wp-content\/uploads\/2019\/01\/brumadinho_a.jpg\" \/>\n<meta name=\"author\" content=\"moacir\" \/>\n<meta name=\"twitter:card\" content=\"summary_large_image\" \/>\n<meta name=\"twitter:label1\" content=\"Escrito por\" \/>\n\t<meta name=\"twitter:data1\" content=\"moacir\" \/>\n\t<meta name=\"twitter:label2\" content=\"Est. tempo de leitura\" \/>\n\t<meta name=\"twitter:data2\" content=\"2 minutos\" \/>\n<script type=\"application\/ld+json\" class=\"yoast-schema-graph\">{\"@context\":\"https:\/\/schema.org\",\"@graph\":[{\"@type\":\"WebSite\",\"@id\":\"https:\/\/franciscanos.org.br\/noticias\/#website\",\"url\":\"https:\/\/franciscanos.org.br\/noticias\/\",\"name\":\"Not\u00edcias - Franciscanos\",\"description\":\"Prov\u00edncia Franciscana da Imaculada Concei\u00e7\u00e3o do Brasil - Ordem dos Frades Menores - OFM\",\"potentialAction\":[{\"@type\":\"SearchAction\",\"target\":{\"@type\":\"EntryPoint\",\"urlTemplate\":\"https:\/\/franciscanos.org.br\/noticias\/?s={search_term_string}\"},\"query-input\":\"required name=search_term_string\"}],\"inLanguage\":\"pt-BR\"},{\"@type\":\"ImageObject\",\"inLanguage\":\"pt-BR\",\"@id\":\"https:\/\/franciscanos.org.br\/noticias\/nota-de-solidariedade-do-sefras-as-vitimas-de-brumadinho.html#primaryimage\",\"url\":\"https:\/\/franciscanos.org.br\/noticias\/wp-content\/uploads\/2019\/01\/brumadinho_a.jpg\",\"contentUrl\":\"https:\/\/franciscanos.org.br\/noticias\/wp-content\/uploads\/2019\/01\/brumadinho_a.jpg\"},{\"@type\":\"WebPage\",\"@id\":\"https:\/\/franciscanos.org.br\/noticias\/nota-de-solidariedade-do-sefras-as-vitimas-de-brumadinho.html#webpage\",\"url\":\"https:\/\/franciscanos.org.br\/noticias\/nota-de-solidariedade-do-sefras-as-vitimas-de-brumadinho.html\",\"name\":\"Brumadinho: Nota de solidariedade do Sefras - Not\u00edcias - Franciscanos\",\"isPartOf\":{\"@id\":\"https:\/\/franciscanos.org.br\/noticias\/#website\"},\"primaryImageOfPage\":{\"@id\":\"https:\/\/franciscanos.org.br\/noticias\/nota-de-solidariedade-do-sefras-as-vitimas-de-brumadinho.html#primaryimage\"},\"datePublished\":\"2019-01-26T23:07:56+00:00\",\"dateModified\":\"2020-09-01T14:02:14+00:00\",\"author\":{\"@id\":\"https:\/\/franciscanos.org.br\/noticias\/#\/schema\/person\/b5c8cba458c330ccff548b056e95a5d4\"},\"breadcrumb\":{\"@id\":\"https:\/\/franciscanos.org.br\/noticias\/nota-de-solidariedade-do-sefras-as-vitimas-de-brumadinho.html#breadcrumb\"},\"inLanguage\":\"pt-BR\",\"potentialAction\":[{\"@type\":\"ReadAction\",\"target\":[\"https:\/\/franciscanos.org.br\/noticias\/nota-de-solidariedade-do-sefras-as-vitimas-de-brumadinho.html\"]}]},{\"@type\":\"BreadcrumbList\",\"@id\":\"https:\/\/franciscanos.org.br\/noticias\/nota-de-solidariedade-do-sefras-as-vitimas-de-brumadinho.html#breadcrumb\",\"itemListElement\":[{\"@type\":\"ListItem\",\"position\":1,\"name\":\"Home\",\"item\":\"https:\/\/franciscanos.org.br\/noticias\"},{\"@type\":\"ListItem\",\"position\":2,\"name\":\"Brumadinho: Nota de solidariedade do Sefras\"}]},{\"@type\":\"Person\",\"@id\":\"https:\/\/franciscanos.org.br\/noticias\/#\/schema\/person\/b5c8cba458c330ccff548b056e95a5d4\",\"name\":\"moacir\",\"image\":{\"@type\":\"ImageObject\",\"inLanguage\":\"pt-BR\",\"@id\":\"https:\/\/franciscanos.org.br\/noticias\/#\/schema\/person\/image\/\",\"url\":\"https:\/\/secure.gravatar.com\/avatar\/d08aa2ce4c8dd416d4479aa8536fcf64?s=96&d=mm&r=g\",\"contentUrl\":\"https:\/\/secure.gravatar.com\/avatar\/d08aa2ce4c8dd416d4479aa8536fcf64?s=96&d=mm&r=g\",\"caption\":\"moacir\"},\"url\":\"https:\/\/franciscanos.org.br\/noticias\/author\/moacir\"}]}<\/script>\n<!-- \/ Yoast SEO plugin. -->","yoast_head_json":{"title":"Brumadinho: Nota de solidariedade do Sefras - Not\u00edcias - Franciscanos","robots":{"index":"index","follow":"follow","max-snippet":"max-snippet:-1","max-image-preview":"max-image-preview:large","max-video-preview":"max-video-preview:-1"},"canonical":"https:\/\/franciscanos.org.br\/noticias\/nota-de-solidariedade-do-sefras-as-vitimas-de-brumadinho.html","og_locale":"pt_BR","og_type":"article","og_title":"Brumadinho: Nota de solidariedade do Sefras - Not\u00edcias - Franciscanos","og_description":"Trag\u00e9dia de Brumadinho","og_url":"https:\/\/franciscanos.org.br\/noticias\/nota-de-solidariedade-do-sefras-as-vitimas-de-brumadinho.html","og_site_name":"Not\u00edcias - Franciscanos","article_published_time":"2019-01-26T23:07:56+00:00","article_modified_time":"2020-09-01T14:02:14+00:00","og_image":[{"url":"https:\/\/franciscanos.org.br\/noticias\/wp-content\/uploads\/2019\/01\/brumadinho_a.jpg"}],"author":"moacir","twitter_card":"summary_large_image","twitter_misc":{"Escrito por":"moacir","Est. tempo de leitura":"2 minutos"},"schema":{"@context":"https:\/\/schema.org","@graph":[{"@type":"WebSite","@id":"https:\/\/franciscanos.org.br\/noticias\/#website","url":"https:\/\/franciscanos.org.br\/noticias\/","name":"Not\u00edcias - Franciscanos","description":"Prov\u00edncia Franciscana da Imaculada Concei\u00e7\u00e3o do Brasil - Ordem dos Frades Menores - OFM","potentialAction":[{"@type":"SearchAction","target":{"@type":"EntryPoint","urlTemplate":"https:\/\/franciscanos.org.br\/noticias\/?s={search_term_string}"},"query-input":"required name=search_term_string"}],"inLanguage":"pt-BR"},{"@type":"ImageObject","inLanguage":"pt-BR","@id":"https:\/\/franciscanos.org.br\/noticias\/nota-de-solidariedade-do-sefras-as-vitimas-de-brumadinho.html#primaryimage","url":"https:\/\/franciscanos.org.br\/noticias\/wp-content\/uploads\/2019\/01\/brumadinho_a.jpg","contentUrl":"https:\/\/franciscanos.org.br\/noticias\/wp-content\/uploads\/2019\/01\/brumadinho_a.jpg"},{"@type":"WebPage","@id":"https:\/\/franciscanos.org.br\/noticias\/nota-de-solidariedade-do-sefras-as-vitimas-de-brumadinho.html#webpage","url":"https:\/\/franciscanos.org.br\/noticias\/nota-de-solidariedade-do-sefras-as-vitimas-de-brumadinho.html","name":"Brumadinho: Nota de solidariedade do Sefras - Not\u00edcias - Franciscanos","isPartOf":{"@id":"https:\/\/franciscanos.org.br\/noticias\/#website"},"primaryImageOfPage":{"@id":"https:\/\/franciscanos.org.br\/noticias\/nota-de-solidariedade-do-sefras-as-vitimas-de-brumadinho.html#primaryimage"},"datePublished":"2019-01-26T23:07:56+00:00","dateModified":"2020-09-01T14:02:14+00:00","author":{"@id":"https:\/\/franciscanos.org.br\/noticias\/#\/schema\/person\/b5c8cba458c330ccff548b056e95a5d4"},"breadcrumb":{"@id":"https:\/\/franciscanos.org.br\/noticias\/nota-de-solidariedade-do-sefras-as-vitimas-de-brumadinho.html#breadcrumb"},"inLanguage":"pt-BR","potentialAction":[{"@type":"ReadAction","target":["https:\/\/franciscanos.org.br\/noticias\/nota-de-solidariedade-do-sefras-as-vitimas-de-brumadinho.html"]}]},{"@type":"BreadcrumbList","@id":"https:\/\/franciscanos.org.br\/noticias\/nota-de-solidariedade-do-sefras-as-vitimas-de-brumadinho.html#breadcrumb","itemListElement":[{"@type":"ListItem","position":1,"name":"Home","item":"https:\/\/franciscanos.org.br\/noticias"},{"@type":"ListItem","position":2,"name":"Brumadinho: Nota de solidariedade do Sefras"}]},{"@type":"Person","@id":"https:\/\/franciscanos.org.br\/noticias\/#\/schema\/person\/b5c8cba458c330ccff548b056e95a5d4","name":"moacir","image":{"@type":"ImageObject","inLanguage":"pt-BR","@id":"https:\/\/franciscanos.org.br\/noticias\/#\/schema\/person\/image\/","url":"https:\/\/secure.gravatar.com\/avatar\/d08aa2ce4c8dd416d4479aa8536fcf64?s=96&d=mm&r=g","contentUrl":"https:\/\/secure.gravatar.com\/avatar\/d08aa2ce4c8dd416d4479aa8536fcf64?s=96&d=mm&r=g","caption":"moacir"},"url":"https:\/\/franciscanos.org.br\/noticias\/author\/moacir"}]}},"_links":{"self":[{"href":"https:\/\/franciscanos.org.br\/noticias\/wp-json\/wp\/v2\/posts\/196943"}],"collection":[{"href":"https:\/\/franciscanos.org.br\/noticias\/wp-json\/wp\/v2\/posts"}],"about":[{"href":"https:\/\/franciscanos.org.br\/noticias\/wp-json\/wp\/v2\/types\/post"}],"author":[{"embeddable":true,"href":"https:\/\/franciscanos.org.br\/noticias\/wp-json\/wp\/v2\/users\/3"}],"replies":[{"embeddable":true,"href":"https:\/\/franciscanos.org.br\/noticias\/wp-json\/wp\/v2\/comments?post=196943"}],"version-history":[{"count":1,"href":"https:\/\/franciscanos.org.br\/noticias\/wp-json\/wp\/v2\/posts\/196943\/revisions"}],"predecessor-version":[{"id":228103,"href":"https:\/\/franciscanos.org.br\/noticias\/wp-json\/wp\/v2\/posts\/196943\/revisions\/228103"}],"wp:attachment":[{"href":"https:\/\/franciscanos.org.br\/noticias\/wp-json\/wp\/v2\/media?parent=196943"}],"wp:term":[{"taxonomy":"category","embeddable":true,"href":"https:\/\/franciscanos.org.br\/noticias\/wp-json\/wp\/v2\/categories?post=196943"},{"taxonomy":"post_tag","embeddable":true,"href":"https:\/\/franciscanos.org.br\/noticias\/wp-json\/wp\/v2\/tags?post=196943"}],"curies":[{"name":"wp","href":"https:\/\/api.w.org\/{rel}","templated":true}]}}