{"id":19619,"date":"2012-06-25T14:08:41","date_gmt":"2012-06-25T17:08:41","guid":{"rendered":"http:\/\/new.franciscanos.org.br\/?p=19619"},"modified":"2021-04-19T22:32:35","modified_gmt":"2021-04-20T01:32:35","slug":"2o-encontro-vocacional-franciscano-ocorre-em-petropolis","status":"publish","type":"post","link":"https:\/\/franciscanos.org.br\/noticias\/2o-encontro-vocacional-franciscano-ocorre-em-petropolis.html","title":{"rendered":"2\u00ba Encontro Vocacional Franciscano ocorre em Petr\u00f3polis"},"content":{"rendered":"<p><a href=\"http:\/\/franciscanos.org.br\/wp-content\/uploads\/2012\/06\/2632_260612.jpg\"><img loading=\"lazy\" class=\"alignright size-full wp-image-19650\" title=\"2632_260612\" src=\"http:\/\/franciscanos.org.br\/wp-content\/uploads\/2012\/06\/2632_260612.jpg\" alt=\"\" width=\"350\" height=\"263\" \/><\/a>Aconteceu neste \u00faltimo fim de semana, entre os dias 22 a 24 de junho, no Convento do Sagrado Cora\u00e7\u00e3o de Jesus (Petr\u00f3polis-RJ), o segundo Encontro Vocacional de nossa Prov\u00edncia, reunindo jovens provindos das fraternidades dos Estados do Rio de Janeiro e Esp\u00edrito Santo.<\/p>\n<p>Participaram do encontro 10 jovens, com idades entre 15 e 35 anos e, al\u00e9m deles, 2 jovens aspirantes, que j\u00e1 haviam manifestado seu desejo de ingresso na vida franciscana e passaram este primeiro semestre fazendo uma experi\u00eancia de vida com os frades da Baixada Fluminense, em uma Fraternidade de Acolhimento Vocacional.<\/p>\n<p>O encontro dedicou-se a apresentar, de forma dialogada, o que \u00e9 de fato a voca\u00e7\u00e3o que cada batizado recebeu. A partir de v\u00eddeos e apresenta\u00e7\u00f5es, os jovens puderam se confrontar e discernir sua pr\u00f3pria vida com aquilo que \u00e9 a proposta franciscana de seguir o Cristo pobre, humilde e crucificado. Isso j\u00e1 foi poss\u00edvel desde o in\u00edcio do encontro, quando cada um p\u00f4de contar um pouco de sua hist\u00f3ria vocacional, os momentos marcantes que conduziram cada um \u00e0quele momento forte de sua caminhada,<\/p>\n<p><a href=\"http:\/\/franciscanos.org.br\/wp-content\/uploads\/2012\/06\/2625_250612.jpg\"><img loading=\"lazy\" class=\"alignleft\" title=\"2625_250612\" src=\"http:\/\/franciscanos.org.br\/wp-content\/uploads\/2012\/06\/2625_250612.jpg\" alt=\"\" width=\"350\" height=\"263\" \/><\/a>Na tarde do s\u00e1bado, todos foram visitar a Fraternidade Nossa Sra. de Guadalupe, uma pequena fraternidade que est\u00e1 inserida em uma comunidade carente de Petr\u00f3polis. Os frades acolheram os vocacionados, partilharam um pouco de sua experi\u00eancia de inclus\u00e3o naquela realidade e, tamb\u00e9m importante, um belo caf\u00e9 oferecido a todos. Momento de conv\u00edvio fraterno e alegria do encontro dos irm\u00e3os!<\/p>\n<p>Momentos de ora\u00e7\u00e3o tamb\u00e9m marcaram o encontro, como a devo\u00e7\u00e3o mariana diante do ponto tur\u00edstico petropolitano Trono de F\u00e1tima, a adora\u00e7\u00e3o eucar\u00edstica vocacional e a participa\u00e7\u00e3o da ora\u00e7\u00e3o da Liturgia das Horas com os frades do convento, cuja experi\u00eancia os jovens ressaltaram ter sido muito positiva.<\/p>\n<p>Que o Esp\u00edrito de Deus continue a suscitar novas voca\u00e7\u00f5es para sua messe, e que cultive a perseveran\u00e7a nestes jovens que sentiram a vontade de Deus se manifestando e buscam discernir para onde o Esp\u00edrito os conduz. Que S\u00e3o Francisco e Clara de Assis interceda por cada um deles!<\/p>\n<p><strong>Frei Rodrigo dos Santos<\/strong><\/p>\n","protected":false},"excerpt":{"rendered":"<p>SAV<\/p>\n","protected":false},"author":1,"featured_media":201569,"comment_status":"open","ping_status":"open","sticky":false,"template":"","format":"standard","meta":[],"categories":[1],"tags":[190],"acf":[],"yoast_head":"<!-- This site is optimized with the Yoast SEO plugin v19.2 - https:\/\/yoast.com\/wordpress\/plugins\/seo\/ -->\n<title>2\u00ba Encontro Vocacional Franciscano ocorre em Petr\u00f3polis - Not\u00edcias - Franciscanos<\/title>\n<meta name=\"robots\" content=\"index, follow, max-snippet:-1, max-image-preview:large, max-video-preview:-1\" \/>\n<link rel=\"canonical\" href=\"https:\/\/franciscanos.org.br\/noticias\/2o-encontro-vocacional-franciscano-ocorre-em-petropolis.html\" \/>\n<meta property=\"og:locale\" content=\"pt_BR\" \/>\n<meta property=\"og:type\" content=\"article\" \/>\n<meta property=\"og:title\" content=\"2\u00ba Encontro Vocacional Franciscano ocorre em Petr\u00f3polis - Not\u00edcias - Franciscanos\" \/>\n<meta property=\"og:description\" content=\"SAV\" \/>\n<meta property=\"og:url\" content=\"https:\/\/franciscanos.org.br\/noticias\/2o-encontro-vocacional-franciscano-ocorre-em-petropolis.html\" \/>\n<meta property=\"og:site_name\" content=\"Not\u00edcias - Franciscanos\" \/>\n<meta property=\"article:published_time\" content=\"2012-06-25T17:08:41+00:00\" \/>\n<meta property=\"article:modified_time\" content=\"2021-04-20T01:32:35+00:00\" \/>\n<meta property=\"og:image\" content=\"https:\/\/franciscanos.org.br\/noticias\/wp-content\/uploads\/2012\/06\/vocacional_260612.jpg\" \/>\n\t<meta property=\"og:image:width\" content=\"273\" \/>\n\t<meta property=\"og:image:height\" content=\"181\" \/>\n\t<meta property=\"og:image:type\" content=\"image\/jpeg\" \/>\n<meta name=\"author\" content=\"admin\" \/>\n<meta name=\"twitter:card\" content=\"summary_large_image\" \/>\n<meta name=\"twitter:label1\" content=\"Escrito por\" \/>\n\t<meta name=\"twitter:data1\" content=\"admin\" \/>\n\t<meta name=\"twitter:label2\" content=\"Est. tempo de leitura\" \/>\n\t<meta name=\"twitter:data2\" content=\"2 minutos\" \/>\n<script type=\"application\/ld+json\" class=\"yoast-schema-graph\">{\"@context\":\"https:\/\/schema.org\",\"@graph\":[{\"@type\":\"WebSite\",\"@id\":\"https:\/\/franciscanos.org.br\/noticias\/#website\",\"url\":\"https:\/\/franciscanos.org.br\/noticias\/\",\"name\":\"Not\u00edcias - Franciscanos\",\"description\":\"Prov\u00edncia Franciscana da Imaculada Concei\u00e7\u00e3o do Brasil - Ordem dos Frades Menores - OFM\",\"potentialAction\":[{\"@type\":\"SearchAction\",\"target\":{\"@type\":\"EntryPoint\",\"urlTemplate\":\"https:\/\/franciscanos.org.br\/noticias\/?s={search_term_string}\"},\"query-input\":\"required name=search_term_string\"}],\"inLanguage\":\"pt-BR\"},{\"@type\":\"ImageObject\",\"inLanguage\":\"pt-BR\",\"@id\":\"https:\/\/franciscanos.org.br\/noticias\/2o-encontro-vocacional-franciscano-ocorre-em-petropolis.html#primaryimage\",\"url\":\"https:\/\/franciscanos.org.br\/noticias\/wp-content\/uploads\/2012\/06\/vocacional_260612.jpg\",\"contentUrl\":\"https:\/\/franciscanos.org.br\/noticias\/wp-content\/uploads\/2012\/06\/vocacional_260612.jpg\",\"width\":273,\"height\":181},{\"@type\":\"WebPage\",\"@id\":\"https:\/\/franciscanos.org.br\/noticias\/2o-encontro-vocacional-franciscano-ocorre-em-petropolis.html#webpage\",\"url\":\"https:\/\/franciscanos.org.br\/noticias\/2o-encontro-vocacional-franciscano-ocorre-em-petropolis.html\",\"name\":\"2\u00ba Encontro Vocacional Franciscano ocorre em Petr\u00f3polis - Not\u00edcias - Franciscanos\",\"isPartOf\":{\"@id\":\"https:\/\/franciscanos.org.br\/noticias\/#website\"},\"primaryImageOfPage\":{\"@id\":\"https:\/\/franciscanos.org.br\/noticias\/2o-encontro-vocacional-franciscano-ocorre-em-petropolis.html#primaryimage\"},\"datePublished\":\"2012-06-25T17:08:41+00:00\",\"dateModified\":\"2021-04-20T01:32:35+00:00\",\"author\":{\"@id\":\"https:\/\/franciscanos.org.br\/noticias\/#\/schema\/person\/b38fbf43118f02820bd932f2e4b14ad3\"},\"breadcrumb\":{\"@id\":\"https:\/\/franciscanos.org.br\/noticias\/2o-encontro-vocacional-franciscano-ocorre-em-petropolis.html#breadcrumb\"},\"inLanguage\":\"pt-BR\",\"potentialAction\":[{\"@type\":\"ReadAction\",\"target\":[\"https:\/\/franciscanos.org.br\/noticias\/2o-encontro-vocacional-franciscano-ocorre-em-petropolis.html\"]}]},{\"@type\":\"BreadcrumbList\",\"@id\":\"https:\/\/franciscanos.org.br\/noticias\/2o-encontro-vocacional-franciscano-ocorre-em-petropolis.html#breadcrumb\",\"itemListElement\":[{\"@type\":\"ListItem\",\"position\":1,\"name\":\"Home\",\"item\":\"https:\/\/franciscanos.org.br\/noticias\"},{\"@type\":\"ListItem\",\"position\":2,\"name\":\"2\u00ba Encontro Vocacional Franciscano ocorre em Petr\u00f3polis\"}]},{\"@type\":\"Person\",\"@id\":\"https:\/\/franciscanos.org.br\/noticias\/#\/schema\/person\/b38fbf43118f02820bd932f2e4b14ad3\",\"name\":\"admin\",\"image\":{\"@type\":\"ImageObject\",\"inLanguage\":\"pt-BR\",\"@id\":\"https:\/\/franciscanos.org.br\/noticias\/#\/schema\/person\/image\/\",\"url\":\"https:\/\/secure.gravatar.com\/avatar\/e8495742d34d0ba6448ea1c628263b3e?s=96&d=mm&r=g\",\"contentUrl\":\"https:\/\/secure.gravatar.com\/avatar\/e8495742d34d0ba6448ea1c628263b3e?s=96&d=mm&r=g\",\"caption\":\"admin\"},\"url\":\"https:\/\/franciscanos.org.br\/noticias\/author\/admin\"}]}<\/script>\n<!-- \/ Yoast SEO plugin. -->","yoast_head_json":{"title":"2\u00ba Encontro Vocacional Franciscano ocorre em Petr\u00f3polis - Not\u00edcias - Franciscanos","robots":{"index":"index","follow":"follow","max-snippet":"max-snippet:-1","max-image-preview":"max-image-preview:large","max-video-preview":"max-video-preview:-1"},"canonical":"https:\/\/franciscanos.org.br\/noticias\/2o-encontro-vocacional-franciscano-ocorre-em-petropolis.html","og_locale":"pt_BR","og_type":"article","og_title":"2\u00ba Encontro Vocacional Franciscano ocorre em Petr\u00f3polis - Not\u00edcias - Franciscanos","og_description":"SAV","og_url":"https:\/\/franciscanos.org.br\/noticias\/2o-encontro-vocacional-franciscano-ocorre-em-petropolis.html","og_site_name":"Not\u00edcias - Franciscanos","article_published_time":"2012-06-25T17:08:41+00:00","article_modified_time":"2021-04-20T01:32:35+00:00","og_image":[{"width":273,"height":181,"url":"https:\/\/franciscanos.org.br\/noticias\/wp-content\/uploads\/2012\/06\/vocacional_260612.jpg","type":"image\/jpeg"}],"author":"admin","twitter_card":"summary_large_image","twitter_misc":{"Escrito por":"admin","Est. tempo de leitura":"2 minutos"},"schema":{"@context":"https:\/\/schema.org","@graph":[{"@type":"WebSite","@id":"https:\/\/franciscanos.org.br\/noticias\/#website","url":"https:\/\/franciscanos.org.br\/noticias\/","name":"Not\u00edcias - Franciscanos","description":"Prov\u00edncia Franciscana da Imaculada Concei\u00e7\u00e3o do Brasil - Ordem dos Frades Menores - OFM","potentialAction":[{"@type":"SearchAction","target":{"@type":"EntryPoint","urlTemplate":"https:\/\/franciscanos.org.br\/noticias\/?s={search_term_string}"},"query-input":"required name=search_term_string"}],"inLanguage":"pt-BR"},{"@type":"ImageObject","inLanguage":"pt-BR","@id":"https:\/\/franciscanos.org.br\/noticias\/2o-encontro-vocacional-franciscano-ocorre-em-petropolis.html#primaryimage","url":"https:\/\/franciscanos.org.br\/noticias\/wp-content\/uploads\/2012\/06\/vocacional_260612.jpg","contentUrl":"https:\/\/franciscanos.org.br\/noticias\/wp-content\/uploads\/2012\/06\/vocacional_260612.jpg","width":273,"height":181},{"@type":"WebPage","@id":"https:\/\/franciscanos.org.br\/noticias\/2o-encontro-vocacional-franciscano-ocorre-em-petropolis.html#webpage","url":"https:\/\/franciscanos.org.br\/noticias\/2o-encontro-vocacional-franciscano-ocorre-em-petropolis.html","name":"2\u00ba Encontro Vocacional Franciscano ocorre em Petr\u00f3polis - Not\u00edcias - Franciscanos","isPartOf":{"@id":"https:\/\/franciscanos.org.br\/noticias\/#website"},"primaryImageOfPage":{"@id":"https:\/\/franciscanos.org.br\/noticias\/2o-encontro-vocacional-franciscano-ocorre-em-petropolis.html#primaryimage"},"datePublished":"2012-06-25T17:08:41+00:00","dateModified":"2021-04-20T01:32:35+00:00","author":{"@id":"https:\/\/franciscanos.org.br\/noticias\/#\/schema\/person\/b38fbf43118f02820bd932f2e4b14ad3"},"breadcrumb":{"@id":"https:\/\/franciscanos.org.br\/noticias\/2o-encontro-vocacional-franciscano-ocorre-em-petropolis.html#breadcrumb"},"inLanguage":"pt-BR","potentialAction":[{"@type":"ReadAction","target":["https:\/\/franciscanos.org.br\/noticias\/2o-encontro-vocacional-franciscano-ocorre-em-petropolis.html"]}]},{"@type":"BreadcrumbList","@id":"https:\/\/franciscanos.org.br\/noticias\/2o-encontro-vocacional-franciscano-ocorre-em-petropolis.html#breadcrumb","itemListElement":[{"@type":"ListItem","position":1,"name":"Home","item":"https:\/\/franciscanos.org.br\/noticias"},{"@type":"ListItem","position":2,"name":"2\u00ba Encontro Vocacional Franciscano ocorre em Petr\u00f3polis"}]},{"@type":"Person","@id":"https:\/\/franciscanos.org.br\/noticias\/#\/schema\/person\/b38fbf43118f02820bd932f2e4b14ad3","name":"admin","image":{"@type":"ImageObject","inLanguage":"pt-BR","@id":"https:\/\/franciscanos.org.br\/noticias\/#\/schema\/person\/image\/","url":"https:\/\/secure.gravatar.com\/avatar\/e8495742d34d0ba6448ea1c628263b3e?s=96&d=mm&r=g","contentUrl":"https:\/\/secure.gravatar.com\/avatar\/e8495742d34d0ba6448ea1c628263b3e?s=96&d=mm&r=g","caption":"admin"},"url":"https:\/\/franciscanos.org.br\/noticias\/author\/admin"}]}},"_links":{"self":[{"href":"https:\/\/franciscanos.org.br\/noticias\/wp-json\/wp\/v2\/posts\/19619"}],"collection":[{"href":"https:\/\/franciscanos.org.br\/noticias\/wp-json\/wp\/v2\/posts"}],"about":[{"href":"https:\/\/franciscanos.org.br\/noticias\/wp-json\/wp\/v2\/types\/post"}],"author":[{"embeddable":true,"href":"https:\/\/franciscanos.org.br\/noticias\/wp-json\/wp\/v2\/users\/1"}],"replies":[{"embeddable":true,"href":"https:\/\/franciscanos.org.br\/noticias\/wp-json\/wp\/v2\/comments?post=19619"}],"version-history":[{"count":1,"href":"https:\/\/franciscanos.org.br\/noticias\/wp-json\/wp\/v2\/posts\/19619\/revisions"}],"predecessor-version":[{"id":231739,"href":"https:\/\/franciscanos.org.br\/noticias\/wp-json\/wp\/v2\/posts\/19619\/revisions\/231739"}],"wp:featuredmedia":[{"embeddable":true,"href":"https:\/\/franciscanos.org.br\/noticias\/wp-json\/wp\/v2\/media\/201569"}],"wp:attachment":[{"href":"https:\/\/franciscanos.org.br\/noticias\/wp-json\/wp\/v2\/media?parent=19619"}],"wp:term":[{"taxonomy":"category","embeddable":true,"href":"https:\/\/franciscanos.org.br\/noticias\/wp-json\/wp\/v2\/categories?post=19619"},{"taxonomy":"post_tag","embeddable":true,"href":"https:\/\/franciscanos.org.br\/noticias\/wp-json\/wp\/v2\/tags?post=19619"}],"curies":[{"name":"wp","href":"https:\/\/api.w.org\/{rel}","templated":true}]}}