{"id":195349,"date":"2019-01-21T09:25:34","date_gmt":"2019-01-21T11:25:34","guid":{"rendered":"https:\/\/franciscanos.org.br\/noticias\/?p=195349"},"modified":"2019-01-21T09:29:39","modified_gmt":"2019-01-21T11:29:39","slug":"com-a-admissao-de-dez-jovens-nasce-o-noviciado-de-angola","status":"publish","type":"post","link":"https:\/\/franciscanos.org.br\/noticias\/com-a-admissao-de-dez-jovens-nasce-o-noviciado-de-angola.html","title":{"rendered":"Com a admiss\u00e3o de dez jovens, nasce o Noviciado de Angola"},"content":{"rendered":"<p><img loading=\"lazy\" class=\"alignnone size-full wp-image-195377\" src=\"https:\/\/franciscanos.org.br\/noticias\/wp-content\/uploads\/2019\/01\/angola_200119.jpg\" alt=\"\" width=\"890\" height=\"550\" srcset=\"https:\/\/franciscanos.org.br\/noticias\/wp-content\/uploads\/2019\/01\/angola_200119.jpg 890w, https:\/\/franciscanos.org.br\/noticias\/wp-content\/uploads\/2019\/01\/angola_200119-450x278.jpg 450w, https:\/\/franciscanos.org.br\/noticias\/wp-content\/uploads\/2019\/01\/angola_200119-768x475.jpg 768w, https:\/\/franciscanos.org.br\/noticias\/wp-content\/uploads\/2019\/01\/angola_200119-150x93.jpg 150w\" sizes=\"(max-width: 890px) 100vw, 890px\" \/><\/p>\n<p><strong>Kibala (Luanda)<\/strong> &#8211; Est\u00e1 aberto o Noviciado da Funda\u00e7\u00e3o Imaculada M\u00e3e de Deus de Angola. Este momento hist\u00f3rico aconteceu neste domingo, 20 de janeiro, durante a Celebra\u00e7\u00e3o Eucar\u00edstica em que ficou marcada com a admiss\u00e3o de dez jovens postulantes \u00e0 etapa do Noviciado. A nova casa tem o patroc\u00ednio de S\u00e3o Jos\u00e9, na Fraternidade Santo Ant\u00f4nio, em Kibala.<\/p>\n<p>O presidente da Funda\u00e7\u00e3o e delegado do Ministro Provincial, Frei Jos\u00e9 Ant\u00f4nio dos Santos, presidiu a Celebra\u00e7\u00e3o Eucar\u00edstica que contou com a presen\u00e7a de quase todos os frades em Angola, sacerdotes locais, as Irm\u00e3s Franciscanas da Visita\u00e7\u00e3o, Irm\u00e3s Franciscanas Mission\u00e1rias de Maria, Irm\u00e3s Vicentinas e fi\u00e9is da miss\u00e3o de Kibala. O clima de a\u00e7\u00e3o de gra\u00e7as tomou conta do Noviciado, ora aberto. Ele representa os esfor\u00e7os que a Ordem dos Frades Menores e a Prov\u00edncia Franciscana da Imaculada Concei\u00e7\u00e3o do Brasil t\u00eam empreendido nestes quase trinta anos de presen\u00e7a ininterrupta em Angola.<\/p>\n<p>Desde o dia 12 de novembro de 2018, a Funda\u00e7\u00e3o tomou conhecimento do decreto de cria\u00e7\u00e3o do Noviciado em Angola, confirmado pelo Ministro Geral, Frei Michael Perry. Kibala, que por muitos anos foi a casa da etapa do Postulantado da Funda\u00e7\u00e3o, doravante \u00e9 a Casa-M\u00e3e e lugar do \u201cAno da Gra\u00e7a\u201d, da inicia\u00e7\u00e3o. &#8220;\u00c9 o tempo de integrar os valores do Evangelho com os valores e dons que cada um traz consigo. E fazer este seguimento como irm\u00e3os que se amam e se ajudam \u00e9 a alma unificadora de nossa fraternidade franciscana. E como \u00e9 inicia\u00e7\u00e3o, \u00e9 o come\u00e7o, mas tamb\u00e9m fundamento da caminhada de cada um&#8221;, disse na mensagem aos novi\u00e7os o Ministro Provincial, Frei C\u00e9sar Kulkamp, lida antes da vesti\u00e7\u00e3o (<em>veja abaixo a mensagem na \u00edntegra<\/em>).<\/p>\n\n\t\t<style type=\"text\/css\">\n\t\t\t#gallery-1 {\n\t\t\t\tmargin: auto;\n\t\t\t}\n\t\t\t#gallery-1 .gallery-item {\n\t\t\t\tfloat: left;\n\t\t\t\tmargin-top: 10px;\n\t\t\t\ttext-align: center;\n\t\t\t\twidth: 20%;\n\t\t\t}\n\t\t\t#gallery-1 img {\n\t\t\t\tborder: 2px solid #cfcfcf;\n\t\t\t}\n\t\t\t#gallery-1 .gallery-caption {\n\t\t\t\tmargin-left: 0;\n\t\t\t}\n\t\t\t\/* see gallery_shortcode() in wp-includes\/media.php *\/\n\t\t<\/style>\n\t\t<div id='gallery-1' class='gallery galleryid-195349 gallery-columns-5 gallery-size-thumbnail'><dl class='gallery-item'>\n\t\t\t<dt class='gallery-icon landscape'>\n\t\t\t\t<a href='https:\/\/franciscanos.org.br\/noticias\/wp-content\/uploads\/2019\/01\/novicos-1.jpg'><img width=\"300\" height=\"300\" src=\"https:\/\/franciscanos.org.br\/noticias\/wp-content\/uploads\/2019\/01\/novicos-1-300x300.jpg\" class=\"attachment-thumbnail size-thumbnail\" alt=\"\" loading=\"lazy\" srcset=\"https:\/\/franciscanos.org.br\/noticias\/wp-content\/uploads\/2019\/01\/novicos-1-300x300.jpg 300w, https:\/\/franciscanos.org.br\/noticias\/wp-content\/uploads\/2019\/01\/novicos-1-400x400.jpg 400w\" sizes=\"(max-width: 300px) 100vw, 300px\" \/><\/a>\n\t\t\t<\/dt><\/dl><dl class='gallery-item'>\n\t\t\t<dt class='gallery-icon landscape'>\n\t\t\t\t<a href='https:\/\/franciscanos.org.br\/noticias\/wp-content\/uploads\/2019\/01\/novicos-2.jpg'><img width=\"300\" height=\"300\" src=\"https:\/\/franciscanos.org.br\/noticias\/wp-content\/uploads\/2019\/01\/novicos-2-300x300.jpg\" class=\"attachment-thumbnail size-thumbnail\" alt=\"\" loading=\"lazy\" srcset=\"https:\/\/franciscanos.org.br\/noticias\/wp-content\/uploads\/2019\/01\/novicos-2-300x300.jpg 300w, https:\/\/franciscanos.org.br\/noticias\/wp-content\/uploads\/2019\/01\/novicos-2-400x400.jpg 400w\" sizes=\"(max-width: 300px) 100vw, 300px\" \/><\/a>\n\t\t\t<\/dt><\/dl><dl class='gallery-item'>\n\t\t\t<dt class='gallery-icon landscape'>\n\t\t\t\t<a href='https:\/\/franciscanos.org.br\/noticias\/wp-content\/uploads\/2019\/01\/novicos-3.jpg'><img width=\"300\" height=\"300\" src=\"https:\/\/franciscanos.org.br\/noticias\/wp-content\/uploads\/2019\/01\/novicos-3-300x300.jpg\" class=\"attachment-thumbnail size-thumbnail\" alt=\"\" loading=\"lazy\" srcset=\"https:\/\/franciscanos.org.br\/noticias\/wp-content\/uploads\/2019\/01\/novicos-3-300x300.jpg 300w, https:\/\/franciscanos.org.br\/noticias\/wp-content\/uploads\/2019\/01\/novicos-3-400x400.jpg 400w\" sizes=\"(max-width: 300px) 100vw, 300px\" \/><\/a>\n\t\t\t<\/dt><\/dl><dl class='gallery-item'>\n\t\t\t<dt class='gallery-icon landscape'>\n\t\t\t\t<a href='https:\/\/franciscanos.org.br\/noticias\/wp-content\/uploads\/2019\/01\/novicos-4.jpg'><img width=\"300\" height=\"300\" src=\"https:\/\/franciscanos.org.br\/noticias\/wp-content\/uploads\/2019\/01\/novicos-4-300x300.jpg\" class=\"attachment-thumbnail size-thumbnail\" alt=\"\" loading=\"lazy\" srcset=\"https:\/\/franciscanos.org.br\/noticias\/wp-content\/uploads\/2019\/01\/novicos-4-300x300.jpg 300w, https:\/\/franciscanos.org.br\/noticias\/wp-content\/uploads\/2019\/01\/novicos-4-400x400.jpg 400w\" sizes=\"(max-width: 300px) 100vw, 300px\" \/><\/a>\n\t\t\t<\/dt><\/dl><dl class='gallery-item'>\n\t\t\t<dt class='gallery-icon landscape'>\n\t\t\t\t<a href='https:\/\/franciscanos.org.br\/noticias\/wp-content\/uploads\/2019\/01\/novicos-5.jpg'><img width=\"300\" height=\"300\" src=\"https:\/\/franciscanos.org.br\/noticias\/wp-content\/uploads\/2019\/01\/novicos-5-300x300.jpg\" class=\"attachment-thumbnail size-thumbnail\" alt=\"\" loading=\"lazy\" srcset=\"https:\/\/franciscanos.org.br\/noticias\/wp-content\/uploads\/2019\/01\/novicos-5-300x300.jpg 300w, https:\/\/franciscanos.org.br\/noticias\/wp-content\/uploads\/2019\/01\/novicos-5-400x400.jpg 400w\" sizes=\"(max-width: 300px) 100vw, 300px\" \/><\/a>\n\t\t\t<\/dt><\/dl><br style=\"clear: both\" \/><dl class='gallery-item'>\n\t\t\t<dt class='gallery-icon landscape'>\n\t\t\t\t<a href='https:\/\/franciscanos.org.br\/noticias\/wp-content\/uploads\/2019\/01\/novicos-6.jpg'><img width=\"300\" height=\"300\" src=\"https:\/\/franciscanos.org.br\/noticias\/wp-content\/uploads\/2019\/01\/novicos-6-300x300.jpg\" class=\"attachment-thumbnail size-thumbnail\" alt=\"\" loading=\"lazy\" srcset=\"https:\/\/franciscanos.org.br\/noticias\/wp-content\/uploads\/2019\/01\/novicos-6-300x300.jpg 300w, https:\/\/franciscanos.org.br\/noticias\/wp-content\/uploads\/2019\/01\/novicos-6-400x400.jpg 400w\" sizes=\"(max-width: 300px) 100vw, 300px\" \/><\/a>\n\t\t\t<\/dt><\/dl><dl class='gallery-item'>\n\t\t\t<dt class='gallery-icon landscape'>\n\t\t\t\t<a href='https:\/\/franciscanos.org.br\/noticias\/wp-content\/uploads\/2019\/01\/novicos-7.jpg'><img width=\"300\" height=\"300\" src=\"https:\/\/franciscanos.org.br\/noticias\/wp-content\/uploads\/2019\/01\/novicos-7-300x300.jpg\" class=\"attachment-thumbnail size-thumbnail\" alt=\"\" loading=\"lazy\" srcset=\"https:\/\/franciscanos.org.br\/noticias\/wp-content\/uploads\/2019\/01\/novicos-7-300x300.jpg 300w, https:\/\/franciscanos.org.br\/noticias\/wp-content\/uploads\/2019\/01\/novicos-7-400x400.jpg 400w\" sizes=\"(max-width: 300px) 100vw, 300px\" \/><\/a>\n\t\t\t<\/dt><\/dl><dl class='gallery-item'>\n\t\t\t<dt class='gallery-icon landscape'>\n\t\t\t\t<a href='https:\/\/franciscanos.org.br\/noticias\/wp-content\/uploads\/2019\/01\/novicos-8.jpg'><img width=\"300\" height=\"300\" src=\"https:\/\/franciscanos.org.br\/noticias\/wp-content\/uploads\/2019\/01\/novicos-8-300x300.jpg\" class=\"attachment-thumbnail size-thumbnail\" alt=\"\" loading=\"lazy\" srcset=\"https:\/\/franciscanos.org.br\/noticias\/wp-content\/uploads\/2019\/01\/novicos-8-300x300.jpg 300w, https:\/\/franciscanos.org.br\/noticias\/wp-content\/uploads\/2019\/01\/novicos-8-400x400.jpg 400w\" sizes=\"(max-width: 300px) 100vw, 300px\" \/><\/a>\n\t\t\t<\/dt><\/dl><dl class='gallery-item'>\n\t\t\t<dt class='gallery-icon landscape'>\n\t\t\t\t<a href='https:\/\/franciscanos.org.br\/noticias\/wp-content\/uploads\/2019\/01\/novicos-9.jpg'><img width=\"300\" height=\"300\" src=\"https:\/\/franciscanos.org.br\/noticias\/wp-content\/uploads\/2019\/01\/novicos-9-300x300.jpg\" class=\"attachment-thumbnail size-thumbnail\" alt=\"\" loading=\"lazy\" srcset=\"https:\/\/franciscanos.org.br\/noticias\/wp-content\/uploads\/2019\/01\/novicos-9-300x300.jpg 300w, https:\/\/franciscanos.org.br\/noticias\/wp-content\/uploads\/2019\/01\/novicos-9-400x400.jpg 400w\" sizes=\"(max-width: 300px) 100vw, 300px\" \/><\/a>\n\t\t\t<\/dt><\/dl><dl class='gallery-item'>\n\t\t\t<dt class='gallery-icon landscape'>\n\t\t\t\t<a href='https:\/\/franciscanos.org.br\/noticias\/wp-content\/uploads\/2019\/01\/novicos-10.jpg'><img width=\"300\" height=\"300\" src=\"https:\/\/franciscanos.org.br\/noticias\/wp-content\/uploads\/2019\/01\/novicos-10-300x300.jpg\" class=\"attachment-thumbnail size-thumbnail\" alt=\"\" loading=\"lazy\" srcset=\"https:\/\/franciscanos.org.br\/noticias\/wp-content\/uploads\/2019\/01\/novicos-10-300x300.jpg 300w, https:\/\/franciscanos.org.br\/noticias\/wp-content\/uploads\/2019\/01\/novicos-10-400x400.jpg 400w\" sizes=\"(max-width: 300px) 100vw, 300px\" \/><\/a>\n\t\t\t<\/dt><\/dl><br style=\"clear: both\" \/>\n\t\t<\/div>\n\n<p>Receberam as vestes da prova\u00e7\u00e3o Frei Adriano Fernando Sumbelelo; Frei Daniel Carlos Teresa; Frei Fernando Jos\u00e9 Dange; Herculano Jos\u00e9 Nu\u00f1gulo; Frei Hil\u00e1rio Kapi\u00f1gala Ngundja; Frei Francisco Luis Lupasso; Frei Jer\u00f3nimo Cheia M\u00e1rio; Frei In\u00e1cio Filipe Puto; Frei Jo\u00e3o Pedro Lima; e Frei Ven\u00e2ncio Kanombelo Kandundu das m\u00e3os de Frei Jos\u00e9 Ant\u00f4nio, que, na sua homilia, falou da import\u00e2ncia do ano da prova\u00e7\u00e3o: &#8220;O noviciado de um ano \u00e9 um tempo de inicia\u00e7\u00e3o mais intenso, com a possibilidade de fazer uma experi\u00eancia profunda da vida evang\u00e9lica franciscana em suas exig\u00eancias fundamentais de seguimento a Jesus Cristo, pobre, humilde e crucificado numa vida em fraternidade vivida na minoridade, como irm\u00e3os dos mais necessitados\u201d. Acrescentou que esta etapa exige uma op\u00e7\u00e3o livre e madura pela vida religiosa consagrada.<\/p>\n<p>Sobre o uso do h\u00e1bito nesta etapa, o presidente da Funda\u00e7\u00e3o explicou que \u00e9 o s\u00edmbolo de consagra\u00e7\u00e3o dos franciscanos e que nesta etapa tamb\u00e9m come\u00e7am a ser chamados de freis. &#8220;As roupas que vestimos devem ser sinal da consagra\u00e7\u00e3o a Deus como Irm\u00e3os Menores\u201d, disse Frei Jos\u00e9. O celebrante pediu aos sacerdotes e fi\u00e9is apoio na forma\u00e7\u00e3o e ora\u00e7\u00f5es pelos novi\u00e7os, pois espera que, no futuro, o Noviciado S\u00e3o Jos\u00e9 receba sempre novi\u00e7os e que estes, depois desta etapa, \u201csejam humildes, bons e aut\u00eanticos no que dizem e no que fazem&#8221;.<\/p>\n<p><img loading=\"lazy\" class=\"alignnone size-full wp-image-195388\" src=\"https:\/\/franciscanos.org.br\/noticias\/wp-content\/uploads\/2019\/01\/angola_200119_2.jpg\" alt=\"\" width=\"890\" height=\"668\" srcset=\"https:\/\/franciscanos.org.br\/noticias\/wp-content\/uploads\/2019\/01\/angola_200119_2.jpg 890w, https:\/\/franciscanos.org.br\/noticias\/wp-content\/uploads\/2019\/01\/angola_200119_2-450x338.jpg 450w, https:\/\/franciscanos.org.br\/noticias\/wp-content\/uploads\/2019\/01\/angola_200119_2-768x576.jpg 768w, https:\/\/franciscanos.org.br\/noticias\/wp-content\/uploads\/2019\/01\/angola_200119_2-150x113.jpg 150w\" sizes=\"(max-width: 890px) 100vw, 890px\" \/><\/p>\n<p>Terminada a homilia, os candidatos foram chamados, individualmente, e perguntados sobre o que desejavam. Responderam que desejavam, sob o impulso do Esp\u00edrito Santo,\u00a0 condividir a vida da Fam\u00edlia Franciscana na Ordem dos Frades Menores. &#8220;Vos pedimos, portanto, de revestir-nos das vestes da prova\u00e7\u00e3o, de ajudar-nos a trilhar o caminho da penit\u00eancia, a viver segundo a forma do Santo Evangelho, a seguir a humildade e a pobreza de Nosso Senhor Jesus Cristo, a possuir sempre o Esp\u00edrito do Senhor e rezar sempre a Deus com o cora\u00e7\u00e3o puro, e a crescer no esp\u00edrito do amor fraterno&#8221;. Frei Jos\u00e9 dos Santos, na condi\u00e7\u00e3o de delegado do Ministro Provincial, os acolheu neste &#8220;ano de penit\u00eancia&#8221; na vida dos Frades Menores.<\/p>\n<p>Depois do rito de vesti\u00e7\u00e3o, os novi\u00e7os, j\u00e1 de h\u00e1bito, fizeram a entroniza\u00e7\u00e3o solene da imagem de S\u00e3o Jos\u00e9, e, diante do altar e dos presentes, consagraram-se ao Padroeiro. No final da cerim\u00f4nia, os novi\u00e7os ofereceram tamb\u00e9m uma vela a Frei Jos\u00e9 Ant\u00f3nio dos Santos pelos seus 25 anos de vida religiosa, completados no \u00faltimo dia 15 de janeiro.<\/p>\n<p>Frei Ivair de Carvalho, vice-presidente da Funda\u00e7\u00e3o, leu a Acta da abertura da Casa de Noviciado da Funda\u00e7\u00e3o Imaculada M\u00e3e de Deus de Angola. Por fim, o presidente da Funda\u00e7\u00e3o entregou os novi\u00e7os \u00e0 Fraternidade Santo Ant\u00f4nio, composta por Frei Ivair Bueno de Carvalho, guardi\u00e3o e vice-mestre; Frei Marco Ant\u00f4nio dos Santos, mestre dos novi\u00e7os e vig\u00e1rio; e Frei F\u00e1bio Jos\u00e9 Gomes.<\/p>\n<p><img loading=\"lazy\" class=\"alignnone size-full wp-image-195389\" src=\"https:\/\/franciscanos.org.br\/noticias\/wp-content\/uploads\/2019\/01\/angola_200119_3.jpg\" alt=\"\" width=\"890\" height=\"545\" srcset=\"https:\/\/franciscanos.org.br\/noticias\/wp-content\/uploads\/2019\/01\/angola_200119_3.jpg 890w, https:\/\/franciscanos.org.br\/noticias\/wp-content\/uploads\/2019\/01\/angola_200119_3-450x276.jpg 450w, https:\/\/franciscanos.org.br\/noticias\/wp-content\/uploads\/2019\/01\/angola_200119_3-768x470.jpg 768w, https:\/\/franciscanos.org.br\/noticias\/wp-content\/uploads\/2019\/01\/angola_200119_3-150x92.jpg 150w\" sizes=\"(max-width: 890px) 100vw, 890px\" \/><\/p>\n<p>Terminada a Missa, a equipe mission\u00e1ria de Kibala, os benfeitores, amigos, simpatizantes do carisma franciscano no Cuanza Sul e os fi\u00e9is foram convidados a participarem de um momento de confraterniza\u00e7\u00e3o.<\/p>\n<p>Agradecemos \u00e0 nossa Prov\u00edncia Franciscana da Imaculada Concei\u00e7\u00e3o, de maneira especial a Frei Fid\u00eancio Vanboemmel, o Ministro Provincial anterior, a Frei C\u00e9sar e ao Visitador Geral, Frei Miguel Kleinhans e a Frei Jos\u00e9 Ant\u00f4nio, que souberam acolher, entender e encaminhar esta necessidade da Funda\u00e7\u00e3o em ter um noviciado. Agradecemos ao Governo Geral pela pronta acolhida e a todos que conosco rezam para que possamos chegar sempre a bom termo.<\/p>\n<p><strong>Frei Evaristo Joaquim e Frei Cris\u00f3stomo \u00d1gala.<\/strong><\/p>\n<hr \/>\n<p><strong>MENSAGEM AOS NOVI\u00c7OS DA FIMDA<\/strong><\/p>\n<p><em> Caros confrades, Frei Jos\u00e9 Ant\u00f4nio dos Santos, Frei Marco Ant\u00f4nio dos Santos e demais irm\u00e3os que consagram sua vida ao povo querido de Angola; de modo bem especial, quero saudar os dez confrades novi\u00e7os, hoje recebidos \u00e0 Ordem dos Frades Menores, na Fraternidade Santo Ant\u00f4nio, em Quibala.<\/em><\/p>\n<p><em>A todos voc\u00eas, pe\u00e7o que o Senhor lhes d\u00ea a Paz!<\/em><\/p>\n<p><em>Hoje \u00e9 um dia hist\u00f3rico para a Prov\u00edncia Franciscana da Imaculada Concei\u00e7\u00e3o do Brasil e para a Funda\u00e7\u00e3o Imaculada M\u00e3e de Deus de Angola. Depois de receber, do Ministro Geral, a confirma\u00e7\u00e3o de cria\u00e7\u00e3o do Noviciado em Quibala, recebemos o que \u00e9 mais importante numa fraternidade de Noviciado: os irm\u00e3os novi\u00e7os. Bendito seja Deus que vos escolheu para caminhardes conosco! Todos n\u00f3s, frades, nos alegramos convosco e vos acolhemos na nossa fraternidade da Ordem, da Prov\u00edncia e da Funda\u00e7\u00e3o!<\/em><\/p>\n<p><img loading=\"lazy\" class=\"alignnone size-full wp-image-195390\" src=\"https:\/\/franciscanos.org.br\/noticias\/wp-content\/uploads\/2019\/01\/angola_200119_1.jpg\" alt=\"\" width=\"890\" height=\"447\" srcset=\"https:\/\/franciscanos.org.br\/noticias\/wp-content\/uploads\/2019\/01\/angola_200119_1.jpg 890w, https:\/\/franciscanos.org.br\/noticias\/wp-content\/uploads\/2019\/01\/angola_200119_1-450x226.jpg 450w, https:\/\/franciscanos.org.br\/noticias\/wp-content\/uploads\/2019\/01\/angola_200119_1-768x386.jpg 768w, https:\/\/franciscanos.org.br\/noticias\/wp-content\/uploads\/2019\/01\/angola_200119_1-150x75.jpg 150w\" sizes=\"(max-width: 890px) 100vw, 890px\" \/><\/p>\n<p><em>\u00c9 S\u00e3o Francisco mesmo quem vos acolhe! Em sua Regra, ele nos pede para receber benignamente todos aqueles que, movidos por inspira\u00e7\u00e3o divina, vierem ter conosco. E, em seu Testamento, nos afirma: \u201cE depois que o Senhor me deu Irm\u00e3os ningu\u00e9m me mostrou o que eu deveria fazer, mas o Alt\u00edssimo mesmo me revelou que eu devia Viver segundo a forma do santo Evangelho\u201d.<\/em><\/p>\n<p><em>Assim, com o cora\u00e7\u00e3o aberto, e na alegria da fraternidade, vemos voc\u00eas, queridos novi\u00e7os, como o presente mais precioso que o Senhor enviou \u00e0 nossa Fraternidade.<\/em><\/p>\n<p><em>O Noviciado \u00e9 o \u201cAno da Gra\u00e7a\u201d, o tempo privilegiado em que somos iniciados no seguimento de Cristo, do jeito que O seguiu S\u00e3o Francisco. \u00c9 o tempo de integrar os valores do Evangelho com os valores e dons que cada um traz consigo. E fazer este seguimento como irm\u00e3os que se amam e se ajudam \u00e9 a alma unificadora de nossa fraternidade franciscana. E como \u00e9 inicia\u00e7\u00e3o, \u00e9 o come\u00e7o, mas tamb\u00e9m fundamento da caminhada de cada um. Pois, com o Noviciado se inicia a vida na Ordem. \u00c9 o tempo de buscar com todas as for\u00e7as o Verdadeiro Mestre, que tamb\u00e9m se faz nosso caminho!<\/em><\/p>\n<p><img loading=\"lazy\" class=\"alignnone size-full wp-image-195396\" src=\"https:\/\/franciscanos.org.br\/noticias\/wp-content\/uploads\/2019\/01\/novicos_210119.jpg\" alt=\"\" width=\"890\" height=\"585\" srcset=\"https:\/\/franciscanos.org.br\/noticias\/wp-content\/uploads\/2019\/01\/novicos_210119.jpg 890w, https:\/\/franciscanos.org.br\/noticias\/wp-content\/uploads\/2019\/01\/novicos_210119-450x296.jpg 450w, https:\/\/franciscanos.org.br\/noticias\/wp-content\/uploads\/2019\/01\/novicos_210119-768x505.jpg 768w, https:\/\/franciscanos.org.br\/noticias\/wp-content\/uploads\/2019\/01\/novicos_210119-150x99.jpg 150w\" sizes=\"(max-width: 890px) 100vw, 890px\" \/><\/p>\n<p><em>Vivam com alegria, entusiasmo e profundidade este tempo que vos \u00e9 dado! E assim, toda a vossa vida ser\u00e1 a continuidade fecunda numa Fraternidade que se pretende contemplativa-em miss\u00e3o!<\/em><\/p>\n<p><em>Espero logo estar com voc\u00eas nesta nova Fraternidade do Noviciado, o que, se Deus quiser, acontecer\u00e1 em maio pr\u00f3ximo.<\/em><\/p>\n<p><em>Hoje estou em Rodeio recebendo, em nome da Fraternidade, mais quatro novi\u00e7os. Daqui estamos em comunh\u00e3o com voc\u00eas. Somos uma s\u00f3 Prov\u00edncia e uma s\u00f3 Ordem!<\/em><\/p>\n<p><em>A Virgem Imaculada, M\u00e3e de Deus, que neste domingo nos pede \u201cfazer o que Ele vos disser\u201d, interceda por todos n\u00f3s e nos ajude a sermos fi\u00e9is seguidores da sant\u00edssima vontade de seu Filho, Jesus Cristo!\u00a0<\/em><\/p>\n<p><strong>Frei C\u00e9sar K\u00fclkamp, ofm<\/strong><\/p>\n<p><strong>Ministro Provincial<\/strong><\/p>\n<p><img loading=\"lazy\" class=\"alignnone size-full wp-image-195398\" src=\"https:\/\/franciscanos.org.br\/noticias\/wp-content\/uploads\/2019\/01\/novicos_210119_1.jpg\" alt=\"\" width=\"890\" height=\"462\" srcset=\"https:\/\/franciscanos.org.br\/noticias\/wp-content\/uploads\/2019\/01\/novicos_210119_1.jpg 890w, https:\/\/franciscanos.org.br\/noticias\/wp-content\/uploads\/2019\/01\/novicos_210119_1-450x234.jpg 450w, https:\/\/franciscanos.org.br\/noticias\/wp-content\/uploads\/2019\/01\/novicos_210119_1-768x399.jpg 768w, https:\/\/franciscanos.org.br\/noticias\/wp-content\/uploads\/2019\/01\/novicos_210119_1-150x78.jpg 150w\" sizes=\"(max-width: 890px) 100vw, 890px\" \/><\/p>\n<hr \/>\n<p>VEJA MAIS IMAGENS DA CELEBRA\u00c7\u00c3O EUCAR\u00cdSTICA<\/p>\n\n\t\t<style type=\"text\/css\">\n\t\t\t#gallery-2 {\n\t\t\t\tmargin: auto;\n\t\t\t}\n\t\t\t#gallery-2 .gallery-item {\n\t\t\t\tfloat: left;\n\t\t\t\tmargin-top: 10px;\n\t\t\t\ttext-align: center;\n\t\t\t\twidth: 25%;\n\t\t\t}\n\t\t\t#gallery-2 img {\n\t\t\t\tborder: 2px solid #cfcfcf;\n\t\t\t}\n\t\t\t#gallery-2 .gallery-caption {\n\t\t\t\tmargin-left: 0;\n\t\t\t}\n\t\t\t\/* see gallery_shortcode() in wp-includes\/media.php *\/\n\t\t<\/style>\n\t\t<div id='gallery-2' class='gallery galleryid-195349 gallery-columns-4 gallery-size-thumbnail'><dl class='gallery-item'>\n\t\t\t<dt class='gallery-icon landscape'>\n\t\t\t\t<a href='https:\/\/franciscanos.org.br\/noticias\/wp-content\/uploads\/2019\/01\/admissao-1.jpg'><img width=\"300\" height=\"300\" src=\"https:\/\/franciscanos.org.br\/noticias\/wp-content\/uploads\/2019\/01\/admissao-1-300x300.jpg\" class=\"attachment-thumbnail size-thumbnail\" alt=\"\" loading=\"lazy\" srcset=\"https:\/\/franciscanos.org.br\/noticias\/wp-content\/uploads\/2019\/01\/admissao-1-300x300.jpg 300w, https:\/\/franciscanos.org.br\/noticias\/wp-content\/uploads\/2019\/01\/admissao-1-400x400.jpg 400w\" sizes=\"(max-width: 300px) 100vw, 300px\" \/><\/a>\n\t\t\t<\/dt><\/dl><dl class='gallery-item'>\n\t\t\t<dt class='gallery-icon landscape'>\n\t\t\t\t<a href='https:\/\/franciscanos.org.br\/noticias\/wp-content\/uploads\/2019\/01\/admissao-2.jpg'><img width=\"300\" height=\"300\" src=\"https:\/\/franciscanos.org.br\/noticias\/wp-content\/uploads\/2019\/01\/admissao-2-300x300.jpg\" class=\"attachment-thumbnail size-thumbnail\" alt=\"\" loading=\"lazy\" srcset=\"https:\/\/franciscanos.org.br\/noticias\/wp-content\/uploads\/2019\/01\/admissao-2-300x300.jpg 300w, https:\/\/franciscanos.org.br\/noticias\/wp-content\/uploads\/2019\/01\/admissao-2-400x400.jpg 400w\" sizes=\"(max-width: 300px) 100vw, 300px\" \/><\/a>\n\t\t\t<\/dt><\/dl><dl class='gallery-item'>\n\t\t\t<dt class='gallery-icon landscape'>\n\t\t\t\t<a href='https:\/\/franciscanos.org.br\/noticias\/wp-content\/uploads\/2019\/01\/admissao-3.jpg'><img width=\"300\" height=\"300\" src=\"https:\/\/franciscanos.org.br\/noticias\/wp-content\/uploads\/2019\/01\/admissao-3-300x300.jpg\" class=\"attachment-thumbnail size-thumbnail\" alt=\"\" loading=\"lazy\" srcset=\"https:\/\/franciscanos.org.br\/noticias\/wp-content\/uploads\/2019\/01\/admissao-3-300x300.jpg 300w, https:\/\/franciscanos.org.br\/noticias\/wp-content\/uploads\/2019\/01\/admissao-3-400x400.jpg 400w\" sizes=\"(max-width: 300px) 100vw, 300px\" \/><\/a>\n\t\t\t<\/dt><\/dl><dl class='gallery-item'>\n\t\t\t<dt class='gallery-icon landscape'>\n\t\t\t\t<a href='https:\/\/franciscanos.org.br\/noticias\/wp-content\/uploads\/2019\/01\/admissao-4.jpg'><img width=\"300\" height=\"300\" src=\"https:\/\/franciscanos.org.br\/noticias\/wp-content\/uploads\/2019\/01\/admissao-4-300x300.jpg\" class=\"attachment-thumbnail size-thumbnail\" alt=\"\" loading=\"lazy\" srcset=\"https:\/\/franciscanos.org.br\/noticias\/wp-content\/uploads\/2019\/01\/admissao-4-300x300.jpg 300w, https:\/\/franciscanos.org.br\/noticias\/wp-content\/uploads\/2019\/01\/admissao-4-400x400.jpg 400w\" sizes=\"(max-width: 300px) 100vw, 300px\" \/><\/a>\n\t\t\t<\/dt><\/dl><br style=\"clear: both\" \/><dl class='gallery-item'>\n\t\t\t<dt class='gallery-icon landscape'>\n\t\t\t\t<a href='https:\/\/franciscanos.org.br\/noticias\/wp-content\/uploads\/2019\/01\/admissao-5.jpg'><img width=\"300\" height=\"300\" src=\"https:\/\/franciscanos.org.br\/noticias\/wp-content\/uploads\/2019\/01\/admissao-5-300x300.jpg\" class=\"attachment-thumbnail size-thumbnail\" alt=\"\" loading=\"lazy\" srcset=\"https:\/\/franciscanos.org.br\/noticias\/wp-content\/uploads\/2019\/01\/admissao-5-300x300.jpg 300w, https:\/\/franciscanos.org.br\/noticias\/wp-content\/uploads\/2019\/01\/admissao-5-400x400.jpg 400w\" sizes=\"(max-width: 300px) 100vw, 300px\" \/><\/a>\n\t\t\t<\/dt><\/dl><dl class='gallery-item'>\n\t\t\t<dt class='gallery-icon landscape'>\n\t\t\t\t<a href='https:\/\/franciscanos.org.br\/noticias\/wp-content\/uploads\/2019\/01\/admissao-6.jpg'><img width=\"300\" height=\"300\" src=\"https:\/\/franciscanos.org.br\/noticias\/wp-content\/uploads\/2019\/01\/admissao-6-300x300.jpg\" class=\"attachment-thumbnail size-thumbnail\" alt=\"\" loading=\"lazy\" srcset=\"https:\/\/franciscanos.org.br\/noticias\/wp-content\/uploads\/2019\/01\/admissao-6-300x300.jpg 300w, https:\/\/franciscanos.org.br\/noticias\/wp-content\/uploads\/2019\/01\/admissao-6-400x400.jpg 400w\" sizes=\"(max-width: 300px) 100vw, 300px\" \/><\/a>\n\t\t\t<\/dt><\/dl><dl class='gallery-item'>\n\t\t\t<dt class='gallery-icon landscape'>\n\t\t\t\t<a href='https:\/\/franciscanos.org.br\/noticias\/wp-content\/uploads\/2019\/01\/admissao-7.jpg'><img width=\"300\" height=\"300\" src=\"https:\/\/franciscanos.org.br\/noticias\/wp-content\/uploads\/2019\/01\/admissao-7-300x300.jpg\" class=\"attachment-thumbnail size-thumbnail\" alt=\"\" loading=\"lazy\" srcset=\"https:\/\/franciscanos.org.br\/noticias\/wp-content\/uploads\/2019\/01\/admissao-7-300x300.jpg 300w, https:\/\/franciscanos.org.br\/noticias\/wp-content\/uploads\/2019\/01\/admissao-7-400x400.jpg 400w\" sizes=\"(max-width: 300px) 100vw, 300px\" \/><\/a>\n\t\t\t<\/dt><\/dl><dl class='gallery-item'>\n\t\t\t<dt class='gallery-icon landscape'>\n\t\t\t\t<a href='https:\/\/franciscanos.org.br\/noticias\/wp-content\/uploads\/2019\/01\/admissao-8.jpg'><img width=\"300\" height=\"300\" src=\"https:\/\/franciscanos.org.br\/noticias\/wp-content\/uploads\/2019\/01\/admissao-8-300x300.jpg\" class=\"attachment-thumbnail size-thumbnail\" alt=\"\" loading=\"lazy\" srcset=\"https:\/\/franciscanos.org.br\/noticias\/wp-content\/uploads\/2019\/01\/admissao-8-300x300.jpg 300w, https:\/\/franciscanos.org.br\/noticias\/wp-content\/uploads\/2019\/01\/admissao-8-400x400.jpg 400w\" sizes=\"(max-width: 300px) 100vw, 300px\" \/><\/a>\n\t\t\t<\/dt><\/dl><br style=\"clear: both\" \/><dl class='gallery-item'>\n\t\t\t<dt class='gallery-icon landscape'>\n\t\t\t\t<a href='https:\/\/franciscanos.org.br\/noticias\/wp-content\/uploads\/2019\/01\/admissao-9.jpg'><img width=\"300\" height=\"300\" src=\"https:\/\/franciscanos.org.br\/noticias\/wp-content\/uploads\/2019\/01\/admissao-9-300x300.jpg\" class=\"attachment-thumbnail size-thumbnail\" alt=\"\" loading=\"lazy\" srcset=\"https:\/\/franciscanos.org.br\/noticias\/wp-content\/uploads\/2019\/01\/admissao-9-300x300.jpg 300w, https:\/\/franciscanos.org.br\/noticias\/wp-content\/uploads\/2019\/01\/admissao-9-400x400.jpg 400w\" sizes=\"(max-width: 300px) 100vw, 300px\" \/><\/a>\n\t\t\t<\/dt><\/dl><dl class='gallery-item'>\n\t\t\t<dt class='gallery-icon landscape'>\n\t\t\t\t<a href='https:\/\/franciscanos.org.br\/noticias\/wp-content\/uploads\/2019\/01\/admissao-10.jpg'><img width=\"300\" height=\"300\" src=\"https:\/\/franciscanos.org.br\/noticias\/wp-content\/uploads\/2019\/01\/admissao-10-300x300.jpg\" class=\"attachment-thumbnail size-thumbnail\" alt=\"\" loading=\"lazy\" srcset=\"https:\/\/franciscanos.org.br\/noticias\/wp-content\/uploads\/2019\/01\/admissao-10-300x300.jpg 300w, https:\/\/franciscanos.org.br\/noticias\/wp-content\/uploads\/2019\/01\/admissao-10-400x400.jpg 400w\" sizes=\"(max-width: 300px) 100vw, 300px\" \/><\/a>\n\t\t\t<\/dt><\/dl><dl class='gallery-item'>\n\t\t\t<dt class='gallery-icon landscape'>\n\t\t\t\t<a href='https:\/\/franciscanos.org.br\/noticias\/wp-content\/uploads\/2019\/01\/admissao-11.jpg'><img width=\"300\" height=\"300\" src=\"https:\/\/franciscanos.org.br\/noticias\/wp-content\/uploads\/2019\/01\/admissao-11-300x300.jpg\" class=\"attachment-thumbnail size-thumbnail\" alt=\"\" loading=\"lazy\" srcset=\"https:\/\/franciscanos.org.br\/noticias\/wp-content\/uploads\/2019\/01\/admissao-11-300x300.jpg 300w, https:\/\/franciscanos.org.br\/noticias\/wp-content\/uploads\/2019\/01\/admissao-11-400x400.jpg 400w\" sizes=\"(max-width: 300px) 100vw, 300px\" \/><\/a>\n\t\t\t<\/dt><\/dl><dl class='gallery-item'>\n\t\t\t<dt class='gallery-icon landscape'>\n\t\t\t\t<a href='https:\/\/franciscanos.org.br\/noticias\/wp-content\/uploads\/2019\/01\/admissao-12.jpg'><img width=\"300\" height=\"300\" src=\"https:\/\/franciscanos.org.br\/noticias\/wp-content\/uploads\/2019\/01\/admissao-12-300x300.jpg\" class=\"attachment-thumbnail size-thumbnail\" alt=\"\" loading=\"lazy\" srcset=\"https:\/\/franciscanos.org.br\/noticias\/wp-content\/uploads\/2019\/01\/admissao-12-300x300.jpg 300w, https:\/\/franciscanos.org.br\/noticias\/wp-content\/uploads\/2019\/01\/admissao-12-400x400.jpg 400w\" sizes=\"(max-width: 300px) 100vw, 300px\" \/><\/a>\n\t\t\t<\/dt><\/dl><br style=\"clear: both\" \/><dl class='gallery-item'>\n\t\t\t<dt class='gallery-icon landscape'>\n\t\t\t\t<a href='https:\/\/franciscanos.org.br\/noticias\/wp-content\/uploads\/2019\/01\/admissao-13.jpg'><img width=\"300\" height=\"300\" src=\"https:\/\/franciscanos.org.br\/noticias\/wp-content\/uploads\/2019\/01\/admissao-13-300x300.jpg\" class=\"attachment-thumbnail size-thumbnail\" alt=\"\" loading=\"lazy\" srcset=\"https:\/\/franciscanos.org.br\/noticias\/wp-content\/uploads\/2019\/01\/admissao-13-300x300.jpg 300w, https:\/\/franciscanos.org.br\/noticias\/wp-content\/uploads\/2019\/01\/admissao-13-400x400.jpg 400w\" sizes=\"(max-width: 300px) 100vw, 300px\" \/><\/a>\n\t\t\t<\/dt><\/dl><dl class='gallery-item'>\n\t\t\t<dt class='gallery-icon landscape'>\n\t\t\t\t<a href='https:\/\/franciscanos.org.br\/noticias\/wp-content\/uploads\/2019\/01\/admissao-14.jpg'><img width=\"300\" height=\"300\" src=\"https:\/\/franciscanos.org.br\/noticias\/wp-content\/uploads\/2019\/01\/admissao-14-300x300.jpg\" class=\"attachment-thumbnail size-thumbnail\" alt=\"\" loading=\"lazy\" srcset=\"https:\/\/franciscanos.org.br\/noticias\/wp-content\/uploads\/2019\/01\/admissao-14-300x300.jpg 300w, https:\/\/franciscanos.org.br\/noticias\/wp-content\/uploads\/2019\/01\/admissao-14-400x400.jpg 400w\" sizes=\"(max-width: 300px) 100vw, 300px\" \/><\/a>\n\t\t\t<\/dt><\/dl><dl class='gallery-item'>\n\t\t\t<dt class='gallery-icon landscape'>\n\t\t\t\t<a href='https:\/\/franciscanos.org.br\/noticias\/wp-content\/uploads\/2019\/01\/admissao-15.jpg'><img width=\"300\" height=\"300\" src=\"https:\/\/franciscanos.org.br\/noticias\/wp-content\/uploads\/2019\/01\/admissao-15-300x300.jpg\" class=\"attachment-thumbnail size-thumbnail\" alt=\"\" loading=\"lazy\" srcset=\"https:\/\/franciscanos.org.br\/noticias\/wp-content\/uploads\/2019\/01\/admissao-15-300x300.jpg 300w, https:\/\/franciscanos.org.br\/noticias\/wp-content\/uploads\/2019\/01\/admissao-15-400x400.jpg 400w\" sizes=\"(max-width: 300px) 100vw, 300px\" \/><\/a>\n\t\t\t<\/dt><\/dl><dl class='gallery-item'>\n\t\t\t<dt class='gallery-icon landscape'>\n\t\t\t\t<a href='https:\/\/franciscanos.org.br\/noticias\/wp-content\/uploads\/2019\/01\/admissao-16.jpg'><img width=\"300\" height=\"300\" src=\"https:\/\/franciscanos.org.br\/noticias\/wp-content\/uploads\/2019\/01\/admissao-16-300x300.jpg\" class=\"attachment-thumbnail size-thumbnail\" alt=\"\" loading=\"lazy\" srcset=\"https:\/\/franciscanos.org.br\/noticias\/wp-content\/uploads\/2019\/01\/admissao-16-300x300.jpg 300w, https:\/\/franciscanos.org.br\/noticias\/wp-content\/uploads\/2019\/01\/admissao-16-400x400.jpg 400w\" sizes=\"(max-width: 300px) 100vw, 300px\" \/><\/a>\n\t\t\t<\/dt><\/dl><br style=\"clear: both\" \/><dl class='gallery-item'>\n\t\t\t<dt class='gallery-icon landscape'>\n\t\t\t\t<a href='https:\/\/franciscanos.org.br\/noticias\/wp-content\/uploads\/2019\/01\/admissao-17.jpg'><img width=\"300\" height=\"300\" src=\"https:\/\/franciscanos.org.br\/noticias\/wp-content\/uploads\/2019\/01\/admissao-17-300x300.jpg\" class=\"attachment-thumbnail size-thumbnail\" alt=\"\" loading=\"lazy\" srcset=\"https:\/\/franciscanos.org.br\/noticias\/wp-content\/uploads\/2019\/01\/admissao-17-300x300.jpg 300w, https:\/\/franciscanos.org.br\/noticias\/wp-content\/uploads\/2019\/01\/admissao-17-400x400.jpg 400w\" sizes=\"(max-width: 300px) 100vw, 300px\" \/><\/a>\n\t\t\t<\/dt><\/dl><dl class='gallery-item'>\n\t\t\t<dt class='gallery-icon landscape'>\n\t\t\t\t<a href='https:\/\/franciscanos.org.br\/noticias\/wp-content\/uploads\/2019\/01\/admissao-18.jpg'><img width=\"300\" height=\"300\" src=\"https:\/\/franciscanos.org.br\/noticias\/wp-content\/uploads\/2019\/01\/admissao-18-300x300.jpg\" class=\"attachment-thumbnail size-thumbnail\" alt=\"\" loading=\"lazy\" srcset=\"https:\/\/franciscanos.org.br\/noticias\/wp-content\/uploads\/2019\/01\/admissao-18-300x300.jpg 300w, https:\/\/franciscanos.org.br\/noticias\/wp-content\/uploads\/2019\/01\/admissao-18-400x400.jpg 400w\" sizes=\"(max-width: 300px) 100vw, 300px\" \/><\/a>\n\t\t\t<\/dt><\/dl><dl class='gallery-item'>\n\t\t\t<dt class='gallery-icon landscape'>\n\t\t\t\t<a href='https:\/\/franciscanos.org.br\/noticias\/wp-content\/uploads\/2019\/01\/admissao-19.jpg'><img width=\"300\" height=\"300\" src=\"https:\/\/franciscanos.org.br\/noticias\/wp-content\/uploads\/2019\/01\/admissao-19-300x300.jpg\" class=\"attachment-thumbnail size-thumbnail\" alt=\"\" loading=\"lazy\" srcset=\"https:\/\/franciscanos.org.br\/noticias\/wp-content\/uploads\/2019\/01\/admissao-19-300x300.jpg 300w, https:\/\/franciscanos.org.br\/noticias\/wp-content\/uploads\/2019\/01\/admissao-19-400x400.jpg 400w\" sizes=\"(max-width: 300px) 100vw, 300px\" \/><\/a>\n\t\t\t<\/dt><\/dl><dl class='gallery-item'>\n\t\t\t<dt class='gallery-icon landscape'>\n\t\t\t\t<a href='https:\/\/franciscanos.org.br\/noticias\/wp-content\/uploads\/2019\/01\/admissao-20.jpg'><img width=\"300\" height=\"300\" src=\"https:\/\/franciscanos.org.br\/noticias\/wp-content\/uploads\/2019\/01\/admissao-20-300x300.jpg\" class=\"attachment-thumbnail size-thumbnail\" alt=\"\" loading=\"lazy\" srcset=\"https:\/\/franciscanos.org.br\/noticias\/wp-content\/uploads\/2019\/01\/admissao-20-300x300.jpg 300w, https:\/\/franciscanos.org.br\/noticias\/wp-content\/uploads\/2019\/01\/admissao-20-400x400.jpg 400w\" sizes=\"(max-width: 300px) 100vw, 300px\" \/><\/a>\n\t\t\t<\/dt><\/dl><br style=\"clear: both\" \/><dl class='gallery-item'>\n\t\t\t<dt class='gallery-icon landscape'>\n\t\t\t\t<a href='https:\/\/franciscanos.org.br\/noticias\/wp-content\/uploads\/2019\/01\/admissao-21.jpg'><img width=\"300\" height=\"300\" src=\"https:\/\/franciscanos.org.br\/noticias\/wp-content\/uploads\/2019\/01\/admissao-21-300x300.jpg\" class=\"attachment-thumbnail size-thumbnail\" alt=\"\" loading=\"lazy\" srcset=\"https:\/\/franciscanos.org.br\/noticias\/wp-content\/uploads\/2019\/01\/admissao-21-300x300.jpg 300w, https:\/\/franciscanos.org.br\/noticias\/wp-content\/uploads\/2019\/01\/admissao-21-400x400.jpg 400w\" sizes=\"(max-width: 300px) 100vw, 300px\" \/><\/a>\n\t\t\t<\/dt><\/dl><dl class='gallery-item'>\n\t\t\t<dt class='gallery-icon landscape'>\n\t\t\t\t<a href='https:\/\/franciscanos.org.br\/noticias\/wp-content\/uploads\/2019\/01\/admissao-22.jpg'><img width=\"300\" height=\"300\" src=\"https:\/\/franciscanos.org.br\/noticias\/wp-content\/uploads\/2019\/01\/admissao-22-300x300.jpg\" class=\"attachment-thumbnail size-thumbnail\" alt=\"\" loading=\"lazy\" srcset=\"https:\/\/franciscanos.org.br\/noticias\/wp-content\/uploads\/2019\/01\/admissao-22-300x300.jpg 300w, https:\/\/franciscanos.org.br\/noticias\/wp-content\/uploads\/2019\/01\/admissao-22-400x400.jpg 400w\" sizes=\"(max-width: 300px) 100vw, 300px\" \/><\/a>\n\t\t\t<\/dt><\/dl><dl class='gallery-item'>\n\t\t\t<dt class='gallery-icon landscape'>\n\t\t\t\t<a href='https:\/\/franciscanos.org.br\/noticias\/wp-content\/uploads\/2019\/01\/admissao-23.jpg'><img width=\"300\" height=\"300\" src=\"https:\/\/franciscanos.org.br\/noticias\/wp-content\/uploads\/2019\/01\/admissao-23-300x300.jpg\" class=\"attachment-thumbnail size-thumbnail\" alt=\"\" loading=\"lazy\" srcset=\"https:\/\/franciscanos.org.br\/noticias\/wp-content\/uploads\/2019\/01\/admissao-23-300x300.jpg 300w, https:\/\/franciscanos.org.br\/noticias\/wp-content\/uploads\/2019\/01\/admissao-23-400x400.jpg 400w\" sizes=\"(max-width: 300px) 100vw, 300px\" \/><\/a>\n\t\t\t<\/dt><\/dl><dl class='gallery-item'>\n\t\t\t<dt class='gallery-icon landscape'>\n\t\t\t\t<a href='https:\/\/franciscanos.org.br\/noticias\/wp-content\/uploads\/2019\/01\/admissao-24.jpg'><img width=\"300\" height=\"300\" src=\"https:\/\/franciscanos.org.br\/noticias\/wp-content\/uploads\/2019\/01\/admissao-24-300x300.jpg\" class=\"attachment-thumbnail size-thumbnail\" alt=\"\" loading=\"lazy\" srcset=\"https:\/\/franciscanos.org.br\/noticias\/wp-content\/uploads\/2019\/01\/admissao-24-300x300.jpg 300w, https:\/\/franciscanos.org.br\/noticias\/wp-content\/uploads\/2019\/01\/admissao-24-400x400.jpg 400w\" sizes=\"(max-width: 300px) 100vw, 300px\" \/><\/a>\n\t\t\t<\/dt><\/dl><br style=\"clear: both\" \/><dl class='gallery-item'>\n\t\t\t<dt class='gallery-icon landscape'>\n\t\t\t\t<a href='https:\/\/franciscanos.org.br\/noticias\/wp-content\/uploads\/2019\/01\/admissao-25.jpg'><img width=\"300\" height=\"300\" src=\"https:\/\/franciscanos.org.br\/noticias\/wp-content\/uploads\/2019\/01\/admissao-25-300x300.jpg\" class=\"attachment-thumbnail size-thumbnail\" alt=\"\" loading=\"lazy\" srcset=\"https:\/\/franciscanos.org.br\/noticias\/wp-content\/uploads\/2019\/01\/admissao-25-300x300.jpg 300w, https:\/\/franciscanos.org.br\/noticias\/wp-content\/uploads\/2019\/01\/admissao-25-400x400.jpg 400w\" sizes=\"(max-width: 300px) 100vw, 300px\" \/><\/a>\n\t\t\t<\/dt><\/dl><dl class='gallery-item'>\n\t\t\t<dt class='gallery-icon landscape'>\n\t\t\t\t<a href='https:\/\/franciscanos.org.br\/noticias\/wp-content\/uploads\/2019\/01\/admissao-26.jpg'><img width=\"300\" height=\"300\" src=\"https:\/\/franciscanos.org.br\/noticias\/wp-content\/uploads\/2019\/01\/admissao-26-300x300.jpg\" class=\"attachment-thumbnail size-thumbnail\" alt=\"\" loading=\"lazy\" srcset=\"https:\/\/franciscanos.org.br\/noticias\/wp-content\/uploads\/2019\/01\/admissao-26-300x300.jpg 300w, https:\/\/franciscanos.org.br\/noticias\/wp-content\/uploads\/2019\/01\/admissao-26-400x400.jpg 400w\" sizes=\"(max-width: 300px) 100vw, 300px\" \/><\/a>\n\t\t\t<\/dt><\/dl>\n\t\t\t<br style='clear: both' \/>\n\t\t<\/div>\n\n","protected":false},"excerpt":{"rendered":"<p>Admiss\u00e3o dos Novi\u00e7os em Angola<\/p>\n","protected":false},"author":3,"featured_media":195376,"comment_status":"open","ping_status":"open","sticky":false,"template":"","format":"standard","meta":[],"categories":[1],"tags":[1270,360],"acf":[],"yoast_head":"<!-- This site is optimized with the Yoast SEO plugin v19.2 - https:\/\/yoast.com\/wordpress\/plugins\/seo\/ -->\n<title>Com a admiss\u00e3o de dez jovens, nasce o Noviciado de Angola - Not\u00edcias - Franciscanos<\/title>\n<meta name=\"robots\" content=\"index, follow, max-snippet:-1, max-image-preview:large, max-video-preview:-1\" \/>\n<link rel=\"canonical\" href=\"https:\/\/franciscanos.org.br\/noticias\/com-a-admissao-de-dez-jovens-nasce-o-noviciado-de-angola.html\" \/>\n<meta property=\"og:locale\" content=\"pt_BR\" \/>\n<meta property=\"og:type\" content=\"article\" \/>\n<meta property=\"og:title\" content=\"Com a admiss\u00e3o de dez jovens, nasce o Noviciado de Angola - Not\u00edcias - Franciscanos\" \/>\n<meta property=\"og:description\" content=\"Admiss\u00e3o dos Novi\u00e7os em Angola\" \/>\n<meta property=\"og:url\" content=\"https:\/\/franciscanos.org.br\/noticias\/com-a-admissao-de-dez-jovens-nasce-o-noviciado-de-angola.html\" \/>\n<meta property=\"og:site_name\" content=\"Not\u00edcias - Franciscanos\" \/>\n<meta property=\"article:published_time\" content=\"2019-01-21T11:25:34+00:00\" \/>\n<meta property=\"article:modified_time\" content=\"2019-01-21T11:29:39+00:00\" \/>\n<meta property=\"og:image\" content=\"https:\/\/franciscanos.org.br\/noticias\/wp-content\/uploads\/2019\/01\/angola_200119d.jpg\" \/>\n\t<meta property=\"og:image:width\" content=\"273\" \/>\n\t<meta property=\"og:image:height\" content=\"181\" \/>\n\t<meta property=\"og:image:type\" content=\"image\/jpeg\" \/>\n<meta name=\"author\" content=\"moacir\" \/>\n<meta name=\"twitter:card\" content=\"summary_large_image\" \/>\n<meta name=\"twitter:label1\" content=\"Escrito por\" \/>\n\t<meta name=\"twitter:data1\" content=\"moacir\" \/>\n\t<meta name=\"twitter:label2\" content=\"Est. tempo de leitura\" \/>\n\t<meta name=\"twitter:data2\" content=\"7 minutos\" \/>\n<script type=\"application\/ld+json\" class=\"yoast-schema-graph\">{\"@context\":\"https:\/\/schema.org\",\"@graph\":[{\"@type\":\"WebSite\",\"@id\":\"https:\/\/franciscanos.org.br\/noticias\/#website\",\"url\":\"https:\/\/franciscanos.org.br\/noticias\/\",\"name\":\"Not\u00edcias - Franciscanos\",\"description\":\"Prov\u00edncia Franciscana da Imaculada Concei\u00e7\u00e3o do Brasil - Ordem dos Frades Menores - OFM\",\"potentialAction\":[{\"@type\":\"SearchAction\",\"target\":{\"@type\":\"EntryPoint\",\"urlTemplate\":\"https:\/\/franciscanos.org.br\/noticias\/?s={search_term_string}\"},\"query-input\":\"required name=search_term_string\"}],\"inLanguage\":\"pt-BR\"},{\"@type\":\"ImageObject\",\"inLanguage\":\"pt-BR\",\"@id\":\"https:\/\/franciscanos.org.br\/noticias\/com-a-admissao-de-dez-jovens-nasce-o-noviciado-de-angola.html#primaryimage\",\"url\":\"https:\/\/franciscanos.org.br\/noticias\/wp-content\/uploads\/2019\/01\/angola_200119d.jpg\",\"contentUrl\":\"https:\/\/franciscanos.org.br\/noticias\/wp-content\/uploads\/2019\/01\/angola_200119d.jpg\",\"width\":273,\"height\":181},{\"@type\":\"WebPage\",\"@id\":\"https:\/\/franciscanos.org.br\/noticias\/com-a-admissao-de-dez-jovens-nasce-o-noviciado-de-angola.html#webpage\",\"url\":\"https:\/\/franciscanos.org.br\/noticias\/com-a-admissao-de-dez-jovens-nasce-o-noviciado-de-angola.html\",\"name\":\"Com a admiss\u00e3o de dez jovens, nasce o Noviciado de Angola - Not\u00edcias - Franciscanos\",\"isPartOf\":{\"@id\":\"https:\/\/franciscanos.org.br\/noticias\/#website\"},\"primaryImageOfPage\":{\"@id\":\"https:\/\/franciscanos.org.br\/noticias\/com-a-admissao-de-dez-jovens-nasce-o-noviciado-de-angola.html#primaryimage\"},\"datePublished\":\"2019-01-21T11:25:34+00:00\",\"dateModified\":\"2019-01-21T11:29:39+00:00\",\"author\":{\"@id\":\"https:\/\/franciscanos.org.br\/noticias\/#\/schema\/person\/b5c8cba458c330ccff548b056e95a5d4\"},\"breadcrumb\":{\"@id\":\"https:\/\/franciscanos.org.br\/noticias\/com-a-admissao-de-dez-jovens-nasce-o-noviciado-de-angola.html#breadcrumb\"},\"inLanguage\":\"pt-BR\",\"potentialAction\":[{\"@type\":\"ReadAction\",\"target\":[\"https:\/\/franciscanos.org.br\/noticias\/com-a-admissao-de-dez-jovens-nasce-o-noviciado-de-angola.html\"]}]},{\"@type\":\"BreadcrumbList\",\"@id\":\"https:\/\/franciscanos.org.br\/noticias\/com-a-admissao-de-dez-jovens-nasce-o-noviciado-de-angola.html#breadcrumb\",\"itemListElement\":[{\"@type\":\"ListItem\",\"position\":1,\"name\":\"Home\",\"item\":\"https:\/\/franciscanos.org.br\/noticias\"},{\"@type\":\"ListItem\",\"position\":2,\"name\":\"Com a admiss\u00e3o de dez jovens, nasce o Noviciado de Angola\"}]},{\"@type\":\"Person\",\"@id\":\"https:\/\/franciscanos.org.br\/noticias\/#\/schema\/person\/b5c8cba458c330ccff548b056e95a5d4\",\"name\":\"moacir\",\"image\":{\"@type\":\"ImageObject\",\"inLanguage\":\"pt-BR\",\"@id\":\"https:\/\/franciscanos.org.br\/noticias\/#\/schema\/person\/image\/\",\"url\":\"https:\/\/secure.gravatar.com\/avatar\/d08aa2ce4c8dd416d4479aa8536fcf64?s=96&d=mm&r=g\",\"contentUrl\":\"https:\/\/secure.gravatar.com\/avatar\/d08aa2ce4c8dd416d4479aa8536fcf64?s=96&d=mm&r=g\",\"caption\":\"moacir\"},\"url\":\"https:\/\/franciscanos.org.br\/noticias\/author\/moacir\"}]}<\/script>\n<!-- \/ Yoast SEO plugin. -->","yoast_head_json":{"title":"Com a admiss\u00e3o de dez jovens, nasce o Noviciado de Angola - Not\u00edcias - Franciscanos","robots":{"index":"index","follow":"follow","max-snippet":"max-snippet:-1","max-image-preview":"max-image-preview:large","max-video-preview":"max-video-preview:-1"},"canonical":"https:\/\/franciscanos.org.br\/noticias\/com-a-admissao-de-dez-jovens-nasce-o-noviciado-de-angola.html","og_locale":"pt_BR","og_type":"article","og_title":"Com a admiss\u00e3o de dez jovens, nasce o Noviciado de Angola - Not\u00edcias - Franciscanos","og_description":"Admiss\u00e3o dos Novi\u00e7os em Angola","og_url":"https:\/\/franciscanos.org.br\/noticias\/com-a-admissao-de-dez-jovens-nasce-o-noviciado-de-angola.html","og_site_name":"Not\u00edcias - Franciscanos","article_published_time":"2019-01-21T11:25:34+00:00","article_modified_time":"2019-01-21T11:29:39+00:00","og_image":[{"width":273,"height":181,"url":"https:\/\/franciscanos.org.br\/noticias\/wp-content\/uploads\/2019\/01\/angola_200119d.jpg","type":"image\/jpeg"}],"author":"moacir","twitter_card":"summary_large_image","twitter_misc":{"Escrito por":"moacir","Est. tempo de leitura":"7 minutos"},"schema":{"@context":"https:\/\/schema.org","@graph":[{"@type":"WebSite","@id":"https:\/\/franciscanos.org.br\/noticias\/#website","url":"https:\/\/franciscanos.org.br\/noticias\/","name":"Not\u00edcias - Franciscanos","description":"Prov\u00edncia Franciscana da Imaculada Concei\u00e7\u00e3o do Brasil - Ordem dos Frades Menores - OFM","potentialAction":[{"@type":"SearchAction","target":{"@type":"EntryPoint","urlTemplate":"https:\/\/franciscanos.org.br\/noticias\/?s={search_term_string}"},"query-input":"required name=search_term_string"}],"inLanguage":"pt-BR"},{"@type":"ImageObject","inLanguage":"pt-BR","@id":"https:\/\/franciscanos.org.br\/noticias\/com-a-admissao-de-dez-jovens-nasce-o-noviciado-de-angola.html#primaryimage","url":"https:\/\/franciscanos.org.br\/noticias\/wp-content\/uploads\/2019\/01\/angola_200119d.jpg","contentUrl":"https:\/\/franciscanos.org.br\/noticias\/wp-content\/uploads\/2019\/01\/angola_200119d.jpg","width":273,"height":181},{"@type":"WebPage","@id":"https:\/\/franciscanos.org.br\/noticias\/com-a-admissao-de-dez-jovens-nasce-o-noviciado-de-angola.html#webpage","url":"https:\/\/franciscanos.org.br\/noticias\/com-a-admissao-de-dez-jovens-nasce-o-noviciado-de-angola.html","name":"Com a admiss\u00e3o de dez jovens, nasce o Noviciado de Angola - Not\u00edcias - Franciscanos","isPartOf":{"@id":"https:\/\/franciscanos.org.br\/noticias\/#website"},"primaryImageOfPage":{"@id":"https:\/\/franciscanos.org.br\/noticias\/com-a-admissao-de-dez-jovens-nasce-o-noviciado-de-angola.html#primaryimage"},"datePublished":"2019-01-21T11:25:34+00:00","dateModified":"2019-01-21T11:29:39+00:00","author":{"@id":"https:\/\/franciscanos.org.br\/noticias\/#\/schema\/person\/b5c8cba458c330ccff548b056e95a5d4"},"breadcrumb":{"@id":"https:\/\/franciscanos.org.br\/noticias\/com-a-admissao-de-dez-jovens-nasce-o-noviciado-de-angola.html#breadcrumb"},"inLanguage":"pt-BR","potentialAction":[{"@type":"ReadAction","target":["https:\/\/franciscanos.org.br\/noticias\/com-a-admissao-de-dez-jovens-nasce-o-noviciado-de-angola.html"]}]},{"@type":"BreadcrumbList","@id":"https:\/\/franciscanos.org.br\/noticias\/com-a-admissao-de-dez-jovens-nasce-o-noviciado-de-angola.html#breadcrumb","itemListElement":[{"@type":"ListItem","position":1,"name":"Home","item":"https:\/\/franciscanos.org.br\/noticias"},{"@type":"ListItem","position":2,"name":"Com a admiss\u00e3o de dez jovens, nasce o Noviciado de Angola"}]},{"@type":"Person","@id":"https:\/\/franciscanos.org.br\/noticias\/#\/schema\/person\/b5c8cba458c330ccff548b056e95a5d4","name":"moacir","image":{"@type":"ImageObject","inLanguage":"pt-BR","@id":"https:\/\/franciscanos.org.br\/noticias\/#\/schema\/person\/image\/","url":"https:\/\/secure.gravatar.com\/avatar\/d08aa2ce4c8dd416d4479aa8536fcf64?s=96&d=mm&r=g","contentUrl":"https:\/\/secure.gravatar.com\/avatar\/d08aa2ce4c8dd416d4479aa8536fcf64?s=96&d=mm&r=g","caption":"moacir"},"url":"https:\/\/franciscanos.org.br\/noticias\/author\/moacir"}]}},"_links":{"self":[{"href":"https:\/\/franciscanos.org.br\/noticias\/wp-json\/wp\/v2\/posts\/195349"}],"collection":[{"href":"https:\/\/franciscanos.org.br\/noticias\/wp-json\/wp\/v2\/posts"}],"about":[{"href":"https:\/\/franciscanos.org.br\/noticias\/wp-json\/wp\/v2\/types\/post"}],"author":[{"embeddable":true,"href":"https:\/\/franciscanos.org.br\/noticias\/wp-json\/wp\/v2\/users\/3"}],"replies":[{"embeddable":true,"href":"https:\/\/franciscanos.org.br\/noticias\/wp-json\/wp\/v2\/comments?post=195349"}],"version-history":[{"count":0,"href":"https:\/\/franciscanos.org.br\/noticias\/wp-json\/wp\/v2\/posts\/195349\/revisions"}],"wp:featuredmedia":[{"embeddable":true,"href":"https:\/\/franciscanos.org.br\/noticias\/wp-json\/wp\/v2\/media\/195376"}],"wp:attachment":[{"href":"https:\/\/franciscanos.org.br\/noticias\/wp-json\/wp\/v2\/media?parent=195349"}],"wp:term":[{"taxonomy":"category","embeddable":true,"href":"https:\/\/franciscanos.org.br\/noticias\/wp-json\/wp\/v2\/categories?post=195349"},{"taxonomy":"post_tag","embeddable":true,"href":"https:\/\/franciscanos.org.br\/noticias\/wp-json\/wp\/v2\/tags?post=195349"}],"curies":[{"name":"wp","href":"https:\/\/api.w.org\/{rel}","templated":true}]}}