{"id":195340,"date":"2019-01-20T09:27:20","date_gmt":"2019-01-20T11:27:20","guid":{"rendered":"https:\/\/franciscanos.org.br\/noticias\/?p=195340"},"modified":"2020-08-06T16:47:21","modified_gmt":"2020-08-06T19:47:21","slug":"entregar-se-ao-senhor-e-viver-na-graca","status":"publish","type":"post","link":"https:\/\/franciscanos.org.br\/noticias\/entregar-se-ao-senhor-e-viver-na-graca.html","title":{"rendered":"&#8220;Entregar-se ao Senhor \u00e9 viver na gra\u00e7a&#8221;"},"content":{"rendered":"<p><img loading=\"lazy\" class=\"alignnone size-full wp-image-195341\" src=\"https:\/\/franciscanos.org.br\/noticias\/wp-content\/uploads\/2019\/01\/papa_200119.jpg\" alt=\"\" width=\"890\" height=\"501\" srcset=\"https:\/\/franciscanos.org.br\/noticias\/wp-content\/uploads\/2019\/01\/papa_200119.jpg 890w, https:\/\/franciscanos.org.br\/noticias\/wp-content\/uploads\/2019\/01\/papa_200119-450x253.jpg 450w, https:\/\/franciscanos.org.br\/noticias\/wp-content\/uploads\/2019\/01\/papa_200119-768x432.jpg 768w, https:\/\/franciscanos.org.br\/noticias\/wp-content\/uploads\/2019\/01\/papa_200119-150x84.jpg 150w\" sizes=\"(max-width: 890px) 100vw, 890px\" \/><\/p>\n<p><strong>Cidade do Vaticano<\/strong> &#8211; Apesar do chuvoso domingo do inverno romano, o Papa atraiu \u00e0 Pra\u00e7a S\u00e3o Pedro milhares de pessoas para ouvi-lo e rezar com ele a ora\u00e7\u00e3o mariana do Angelus. Ao meio-dia, Francisco apareceu na sacada de seu escrit\u00f3rio e depois de cumprimentar os fi\u00e9is, fez uma reflex\u00e3o sobre o in\u00edcio da miss\u00e3o p\u00fablica de Jesus, que caracteriza o tempo lit\u00fargico \u2018comum\u2019.<\/p>\n<p>O Evangelho do dia narra o primeiro milagre de Jesus, seu primeiro \u2018sinal\u2019 \u2013 como diz o Evangelista Jo\u00e3o \u2013 que ocorreu nas bodas de Can\u00e1, na Galileia. E n\u00e3o foi um caso que tenha se realizado num matrim\u00f4nio &#8211; explicou o Papa &#8211; porque naquela cerim\u00f4nia, Deus se casou com a humanidade: esta \u00e9 a Boa Not\u00edcia, mesmo se aqueles que o convidaram ainda n\u00e3o sabiam que o Filho de Deus estava sentado \u00e0 sua mesa e que o verdadeiro esposo era Ele.<\/p>\n<p>\u201cDe fato, todo o mist\u00e9rio do sinal de Can\u00e1 se baseia na presen\u00e7a deste divino esposo que come\u00e7a a revelar-se. Jesus se manifesta como esposo do povo de Deus, anunciado pelos profetas, e nos revela a profundidade da rela\u00e7\u00e3o que nos une a Ele&#8221;, explicou.<\/p>\n<p>O Papa prosseguiu com o relato da festa, que justamente quando estava no auge, o vinho acabou! Percebendo, Maria disse ao Filho: \u201cEles n\u00e3o t\u00eam mais vinho\u201d. A \u00e1gua \u00e9 necess\u00e1ria para viver, mas o vinho exprime a abund\u00e2ncia do banquete e a alegria da festa. Como \u00e9 poss\u00edvel celebrar as n\u00fapcias e fazer festa se falta aquilo que os profetas indicavam como um elemento t\u00edpico do banquete messi\u00e2nico?<\/p>\n<p><strong>Jesus transforma a \u00e1gua em vinho<\/strong><br \/>\nJesus ent\u00e3o disse aos ajudantes: &#8220;Enchei as \u00e2nforas de \u00e1gua. E as encheram at\u00e9 a borda. Disse-lhes novamente: &#8220;Agora tomai algumas e levai-as \u00e0quele que dirige o banquete\u201d. Maria se dirige aos empregados e suas palavras coroam o quadro esponsal de Can\u00e1: \u201cFa\u00e7am o que Ele lhes disser\u201d.<\/p>\n<p>Maria \u2013 recordou o Papa \u2013 nos repete hoje a mesma coisa: &#8220;Tudo o que Ele lhes disser, fa\u00e7am-no&#8221;. Suas palavras s\u00e3o um legado precioso que a nossa M\u00e3e nos deixou.\u00a0\u201cServir o Senhor significa escutar e p\u00f4r em pr\u00e1tica a sua palavra. \u00c9 a recomenda\u00e7\u00e3o simples e essencial da M\u00e3e de Jesus, \u00e9 o programa de vida do crist\u00e3o. Para cada um de n\u00f3s, beber daquela \u00e2nfora equivale a entregar-se \u00e0 Palavra e aos Sacramentos para experimentar a gra\u00e7a de Deus em nossa vida\u201d.<\/p>\n<p>Terminando, o Papa improvisou algumas palavras, destacando uma experi\u00eancia que certamente muitos j\u00e1 tiveram na vida: \u201cQuando estamos em situa\u00e7\u00f5es dif\u00edceis, quando surgem problemas que n\u00e3o sabemos como resolver, quando muitas vezes sentimos ansiedade e ang\u00fastia, quando nos falta alegria, vamos a Maria e digamos: &#8220;N\u00e3o temos vinho. O vinho acabou: olha como eu estou; olha para o meu cora\u00e7\u00e3o, olha para a minha alma&#8221;. Digam-no \u00e0 m\u00e3e. E ela ir\u00e1 a Jesus e dir\u00e1: &#8220;Olha ele, olha ela: eles n\u00e3o t\u00eam vinho&#8221;. depois, ela vir\u00e1 a n\u00f3s e dir\u00e1: &#8220;Tudo o que ele te disser, fa\u00e7a-o&#8221;.<\/p>\n<p><strong>A DOR DO PAPA<\/strong><\/p>\n<p>Depois de rezar o Angelus e conceder a b\u00ean\u00e7\u00e3o a todos os presentes na Pra\u00e7a S\u00e3o Pedro, o Papa Francisco revelou ter duas grandes dores no seu cora\u00e7\u00e3o. E uma delas \u2013 disse \u2013 \u00e9 o Mar Mediterr\u00e2neo.<\/p>\n<p>\u201cPenso nas 170 v\u00edtimas de naufr\u00e1gios no Mediterr\u00e2neo. Estas pessoas procuravam futuro para suas vidas. V\u00edtimas, talvez, de traficantes de seres humanos. Rezemos por elas e por aqueles que t\u00eam responsabilidade pelo que aconteceu\u201d \u2013 pediu Francisco, antes de rezar a Ave Maria.<\/p>\n<hr \/>\n<p><strong>JMJ, evento importante<\/strong><br \/>\nFalando ap\u00f3s a ora\u00e7\u00e3o do Angelus, na sacada de seu escrit\u00f3rio, aos fi\u00e9is, turistas e romanos presentes na Pra\u00e7a S\u00e3o Pedro, o Pont\u00edfice lembrou ainda que partir\u00e1 para o Panam\u00e1, onde de 22 a 27 se realizar\u00e1 a JMJ, \u201cevento belo e importante no caminho da Igreja\u201d, disse.<\/p>\n<p><strong>Comunica\u00e7\u00e3o: redes e comunidades<\/strong><br \/>\nNa sequ\u00eancia, anunciou iminente a publica\u00e7\u00e3o da Mensagem para o Dia Mundial das Comunica\u00e7\u00f5es Sociais, que propor\u00e1 uma reflex\u00e3o sobre as comunidades da rede e a comunidade humana. Para Francisco, \u201cInternet e redes sociais s\u00e3o um recurso de nossos tempos; uma ocasi\u00e3o de estar em contato com os outros, compartilhar valores e projetos, expressar o desejo de \u2018fazer comunidade\u2019.<\/p>\n<p><strong>O Papa usa um tablet e explica<\/strong><br \/>\n\u201cA rede pode nos ajudar a rezar juntas. Por isso, gostaria de apresentar o aplicativo oficial da Rede Mundial de Ora\u00e7\u00e3o do Papa: <em>\u2018Click To Pray<\/em>\u2019, disse Francisco, apresentando tamb\u00e9m o P. Fr\u00e9d\u00e9ric Fornos, S.J, seu diretor internacional.. O Papa convidou os jovens a baixarem a app <em>Click To Pray<\/em> e a continuar a rezar com ele o Ter\u00e7o pela paz, especialmente durante a Jornada Mundial da Juventude no Panam\u00e1.<\/p>\n<p><strong>Plataforma multimedia<\/strong><br \/>\nA plataforma disp\u00f5e de uma<strong><a href=\"https:\/\/clicktopray.org\/\"> p\u00e1gina web<\/a><\/strong> e da app m\u00f3vel, em Android, e em iOS, e est\u00e1 dispon\u00edvel em seis idiomas (espanhol, ingl\u00eas, italiano, franc\u00eas, portugu\u00eas e alem\u00e3o). A cada m\u00eas, ser\u00e3o publicadas as inten\u00e7\u00f5es e pedidos do Papa pela miss\u00e3o da Igreja.<\/p>\n<p><strong>Papa pede ora\u00e7\u00e3o a jovens da JMJ do Panam\u00e1, inspirados em Maria<\/strong><br \/>\nA plataforma tem tr\u00eas se\u00e7\u00f5es principais: &#8220;Reza com o Papa&#8221;, com as inten\u00e7\u00f5es de ora\u00e7\u00e3o mensal do Papa pelos desafios que a humanidade e a miss\u00e3o da Igreja enfrentam; &#8220;Reza cada dia&#8221;, com um ritmo de ora\u00e7\u00e3o que prop\u00f5e tr\u00eas momentos di\u00e1rios; e &#8220;Reza em rede&#8221;, que \u00e9 um espa\u00e7o onde os usu\u00e1rios (entre eles o Papa Francisco) podem partilhar as suas ora\u00e7\u00f5es com os outros.<\/p>\n<p>O pr\u00f3prio perfil do Papa Francisco pode ser encontrado clicando no bot\u00e3o \u2019Papa Francisco\u2019 na se\u00e7\u00e3o &#8220;Reza em Rede&#8221;.<\/p>\n<p>Veja <strong><a href=\"https:\/\/www.popesprayer.va\/pt-pt\/\">mais aqui<\/a><\/strong><\/p>\n","protected":false},"excerpt":{"rendered":"<p>Angelus deste domingo<\/p>\n","protected":false},"author":3,"featured_media":195342,"comment_status":"open","ping_status":"open","sticky":false,"template":"","format":"standard","meta":[],"categories":[1428],"tags":[403],"acf":[],"yoast_head":"<!-- This site is optimized with the Yoast SEO plugin v19.2 - https:\/\/yoast.com\/wordpress\/plugins\/seo\/ -->\n<title>&quot;Entregar-se ao Senhor \u00e9 viver na gra\u00e7a&quot; - Not\u00edcias - Franciscanos<\/title>\n<meta name=\"robots\" content=\"index, follow, max-snippet:-1, max-image-preview:large, max-video-preview:-1\" \/>\n<link rel=\"canonical\" href=\"https:\/\/franciscanos.org.br\/noticias\/entregar-se-ao-senhor-e-viver-na-graca.html\" \/>\n<meta property=\"og:locale\" content=\"pt_BR\" \/>\n<meta property=\"og:type\" content=\"article\" \/>\n<meta property=\"og:title\" content=\"&quot;Entregar-se ao Senhor \u00e9 viver na gra\u00e7a&quot; - Not\u00edcias - Franciscanos\" \/>\n<meta property=\"og:description\" content=\"Angelus deste domingo\" \/>\n<meta property=\"og:url\" content=\"https:\/\/franciscanos.org.br\/noticias\/entregar-se-ao-senhor-e-viver-na-graca.html\" \/>\n<meta property=\"og:site_name\" content=\"Not\u00edcias - Franciscanos\" \/>\n<meta property=\"article:published_time\" content=\"2019-01-20T11:27:20+00:00\" \/>\n<meta property=\"article:modified_time\" content=\"2020-08-06T19:47:21+00:00\" \/>\n<meta property=\"og:image\" content=\"https:\/\/franciscanos.org.br\/noticias\/wp-content\/uploads\/2019\/01\/papa_200119d.jpg\" \/>\n\t<meta property=\"og:image:width\" content=\"273\" \/>\n\t<meta property=\"og:image:height\" content=\"181\" \/>\n\t<meta property=\"og:image:type\" content=\"image\/jpeg\" \/>\n<meta name=\"author\" content=\"moacir\" \/>\n<meta name=\"twitter:card\" content=\"summary_large_image\" \/>\n<meta name=\"twitter:label1\" content=\"Escrito por\" \/>\n\t<meta name=\"twitter:data1\" content=\"moacir\" \/>\n\t<meta name=\"twitter:label2\" content=\"Est. tempo de leitura\" \/>\n\t<meta name=\"twitter:data2\" content=\"5 minutos\" \/>\n<script type=\"application\/ld+json\" class=\"yoast-schema-graph\">{\"@context\":\"https:\/\/schema.org\",\"@graph\":[{\"@type\":\"WebSite\",\"@id\":\"https:\/\/franciscanos.org.br\/noticias\/#website\",\"url\":\"https:\/\/franciscanos.org.br\/noticias\/\",\"name\":\"Not\u00edcias - Franciscanos\",\"description\":\"Prov\u00edncia Franciscana da Imaculada Concei\u00e7\u00e3o do Brasil - Ordem dos Frades Menores - OFM\",\"potentialAction\":[{\"@type\":\"SearchAction\",\"target\":{\"@type\":\"EntryPoint\",\"urlTemplate\":\"https:\/\/franciscanos.org.br\/noticias\/?s={search_term_string}\"},\"query-input\":\"required name=search_term_string\"}],\"inLanguage\":\"pt-BR\"},{\"@type\":\"ImageObject\",\"inLanguage\":\"pt-BR\",\"@id\":\"https:\/\/franciscanos.org.br\/noticias\/entregar-se-ao-senhor-e-viver-na-graca.html#primaryimage\",\"url\":\"https:\/\/franciscanos.org.br\/noticias\/wp-content\/uploads\/2019\/01\/papa_200119d.jpg\",\"contentUrl\":\"https:\/\/franciscanos.org.br\/noticias\/wp-content\/uploads\/2019\/01\/papa_200119d.jpg\",\"width\":273,\"height\":181},{\"@type\":\"WebPage\",\"@id\":\"https:\/\/franciscanos.org.br\/noticias\/entregar-se-ao-senhor-e-viver-na-graca.html#webpage\",\"url\":\"https:\/\/franciscanos.org.br\/noticias\/entregar-se-ao-senhor-e-viver-na-graca.html\",\"name\":\"\\\"Entregar-se ao Senhor \u00e9 viver na gra\u00e7a\\\" - Not\u00edcias - Franciscanos\",\"isPartOf\":{\"@id\":\"https:\/\/franciscanos.org.br\/noticias\/#website\"},\"primaryImageOfPage\":{\"@id\":\"https:\/\/franciscanos.org.br\/noticias\/entregar-se-ao-senhor-e-viver-na-graca.html#primaryimage\"},\"datePublished\":\"2019-01-20T11:27:20+00:00\",\"dateModified\":\"2020-08-06T19:47:21+00:00\",\"author\":{\"@id\":\"https:\/\/franciscanos.org.br\/noticias\/#\/schema\/person\/b5c8cba458c330ccff548b056e95a5d4\"},\"breadcrumb\":{\"@id\":\"https:\/\/franciscanos.org.br\/noticias\/entregar-se-ao-senhor-e-viver-na-graca.html#breadcrumb\"},\"inLanguage\":\"pt-BR\",\"potentialAction\":[{\"@type\":\"ReadAction\",\"target\":[\"https:\/\/franciscanos.org.br\/noticias\/entregar-se-ao-senhor-e-viver-na-graca.html\"]}]},{\"@type\":\"BreadcrumbList\",\"@id\":\"https:\/\/franciscanos.org.br\/noticias\/entregar-se-ao-senhor-e-viver-na-graca.html#breadcrumb\",\"itemListElement\":[{\"@type\":\"ListItem\",\"position\":1,\"name\":\"Home\",\"item\":\"https:\/\/franciscanos.org.br\/noticias\"},{\"@type\":\"ListItem\",\"position\":2,\"name\":\"&#8220;Entregar-se ao Senhor \u00e9 viver na gra\u00e7a&#8221;\"}]},{\"@type\":\"Person\",\"@id\":\"https:\/\/franciscanos.org.br\/noticias\/#\/schema\/person\/b5c8cba458c330ccff548b056e95a5d4\",\"name\":\"moacir\",\"image\":{\"@type\":\"ImageObject\",\"inLanguage\":\"pt-BR\",\"@id\":\"https:\/\/franciscanos.org.br\/noticias\/#\/schema\/person\/image\/\",\"url\":\"https:\/\/secure.gravatar.com\/avatar\/d08aa2ce4c8dd416d4479aa8536fcf64?s=96&d=mm&r=g\",\"contentUrl\":\"https:\/\/secure.gravatar.com\/avatar\/d08aa2ce4c8dd416d4479aa8536fcf64?s=96&d=mm&r=g\",\"caption\":\"moacir\"},\"url\":\"https:\/\/franciscanos.org.br\/noticias\/author\/moacir\"}]}<\/script>\n<!-- \/ Yoast SEO plugin. -->","yoast_head_json":{"title":"\"Entregar-se ao Senhor \u00e9 viver na gra\u00e7a\" - Not\u00edcias - Franciscanos","robots":{"index":"index","follow":"follow","max-snippet":"max-snippet:-1","max-image-preview":"max-image-preview:large","max-video-preview":"max-video-preview:-1"},"canonical":"https:\/\/franciscanos.org.br\/noticias\/entregar-se-ao-senhor-e-viver-na-graca.html","og_locale":"pt_BR","og_type":"article","og_title":"\"Entregar-se ao Senhor \u00e9 viver na gra\u00e7a\" - Not\u00edcias - Franciscanos","og_description":"Angelus deste domingo","og_url":"https:\/\/franciscanos.org.br\/noticias\/entregar-se-ao-senhor-e-viver-na-graca.html","og_site_name":"Not\u00edcias - Franciscanos","article_published_time":"2019-01-20T11:27:20+00:00","article_modified_time":"2020-08-06T19:47:21+00:00","og_image":[{"width":273,"height":181,"url":"https:\/\/franciscanos.org.br\/noticias\/wp-content\/uploads\/2019\/01\/papa_200119d.jpg","type":"image\/jpeg"}],"author":"moacir","twitter_card":"summary_large_image","twitter_misc":{"Escrito por":"moacir","Est. tempo de leitura":"5 minutos"},"schema":{"@context":"https:\/\/schema.org","@graph":[{"@type":"WebSite","@id":"https:\/\/franciscanos.org.br\/noticias\/#website","url":"https:\/\/franciscanos.org.br\/noticias\/","name":"Not\u00edcias - Franciscanos","description":"Prov\u00edncia Franciscana da Imaculada Concei\u00e7\u00e3o do Brasil - Ordem dos Frades Menores - OFM","potentialAction":[{"@type":"SearchAction","target":{"@type":"EntryPoint","urlTemplate":"https:\/\/franciscanos.org.br\/noticias\/?s={search_term_string}"},"query-input":"required name=search_term_string"}],"inLanguage":"pt-BR"},{"@type":"ImageObject","inLanguage":"pt-BR","@id":"https:\/\/franciscanos.org.br\/noticias\/entregar-se-ao-senhor-e-viver-na-graca.html#primaryimage","url":"https:\/\/franciscanos.org.br\/noticias\/wp-content\/uploads\/2019\/01\/papa_200119d.jpg","contentUrl":"https:\/\/franciscanos.org.br\/noticias\/wp-content\/uploads\/2019\/01\/papa_200119d.jpg","width":273,"height":181},{"@type":"WebPage","@id":"https:\/\/franciscanos.org.br\/noticias\/entregar-se-ao-senhor-e-viver-na-graca.html#webpage","url":"https:\/\/franciscanos.org.br\/noticias\/entregar-se-ao-senhor-e-viver-na-graca.html","name":"\"Entregar-se ao Senhor \u00e9 viver na gra\u00e7a\" - Not\u00edcias - Franciscanos","isPartOf":{"@id":"https:\/\/franciscanos.org.br\/noticias\/#website"},"primaryImageOfPage":{"@id":"https:\/\/franciscanos.org.br\/noticias\/entregar-se-ao-senhor-e-viver-na-graca.html#primaryimage"},"datePublished":"2019-01-20T11:27:20+00:00","dateModified":"2020-08-06T19:47:21+00:00","author":{"@id":"https:\/\/franciscanos.org.br\/noticias\/#\/schema\/person\/b5c8cba458c330ccff548b056e95a5d4"},"breadcrumb":{"@id":"https:\/\/franciscanos.org.br\/noticias\/entregar-se-ao-senhor-e-viver-na-graca.html#breadcrumb"},"inLanguage":"pt-BR","potentialAction":[{"@type":"ReadAction","target":["https:\/\/franciscanos.org.br\/noticias\/entregar-se-ao-senhor-e-viver-na-graca.html"]}]},{"@type":"BreadcrumbList","@id":"https:\/\/franciscanos.org.br\/noticias\/entregar-se-ao-senhor-e-viver-na-graca.html#breadcrumb","itemListElement":[{"@type":"ListItem","position":1,"name":"Home","item":"https:\/\/franciscanos.org.br\/noticias"},{"@type":"ListItem","position":2,"name":"&#8220;Entregar-se ao Senhor \u00e9 viver na gra\u00e7a&#8221;"}]},{"@type":"Person","@id":"https:\/\/franciscanos.org.br\/noticias\/#\/schema\/person\/b5c8cba458c330ccff548b056e95a5d4","name":"moacir","image":{"@type":"ImageObject","inLanguage":"pt-BR","@id":"https:\/\/franciscanos.org.br\/noticias\/#\/schema\/person\/image\/","url":"https:\/\/secure.gravatar.com\/avatar\/d08aa2ce4c8dd416d4479aa8536fcf64?s=96&d=mm&r=g","contentUrl":"https:\/\/secure.gravatar.com\/avatar\/d08aa2ce4c8dd416d4479aa8536fcf64?s=96&d=mm&r=g","caption":"moacir"},"url":"https:\/\/franciscanos.org.br\/noticias\/author\/moacir"}]}},"_links":{"self":[{"href":"https:\/\/franciscanos.org.br\/noticias\/wp-json\/wp\/v2\/posts\/195340"}],"collection":[{"href":"https:\/\/franciscanos.org.br\/noticias\/wp-json\/wp\/v2\/posts"}],"about":[{"href":"https:\/\/franciscanos.org.br\/noticias\/wp-json\/wp\/v2\/types\/post"}],"author":[{"embeddable":true,"href":"https:\/\/franciscanos.org.br\/noticias\/wp-json\/wp\/v2\/users\/3"}],"replies":[{"embeddable":true,"href":"https:\/\/franciscanos.org.br\/noticias\/wp-json\/wp\/v2\/comments?post=195340"}],"version-history":[{"count":1,"href":"https:\/\/franciscanos.org.br\/noticias\/wp-json\/wp\/v2\/posts\/195340\/revisions"}],"predecessor-version":[{"id":227622,"href":"https:\/\/franciscanos.org.br\/noticias\/wp-json\/wp\/v2\/posts\/195340\/revisions\/227622"}],"wp:featuredmedia":[{"embeddable":true,"href":"https:\/\/franciscanos.org.br\/noticias\/wp-json\/wp\/v2\/media\/195342"}],"wp:attachment":[{"href":"https:\/\/franciscanos.org.br\/noticias\/wp-json\/wp\/v2\/media?parent=195340"}],"wp:term":[{"taxonomy":"category","embeddable":true,"href":"https:\/\/franciscanos.org.br\/noticias\/wp-json\/wp\/v2\/categories?post=195340"},{"taxonomy":"post_tag","embeddable":true,"href":"https:\/\/franciscanos.org.br\/noticias\/wp-json\/wp\/v2\/tags?post=195340"}],"curies":[{"name":"wp","href":"https:\/\/api.w.org\/{rel}","templated":true}]}}