{"id":19522,"date":"2012-06-22T07:44:41","date_gmt":"2012-06-22T10:44:41","guid":{"rendered":"http:\/\/new.franciscanos.org.br\/?p=19522"},"modified":"2020-11-09T16:19:44","modified_gmt":"2020-11-09T19:19:44","slug":"realizado-encontro-vocacional-em-ituporanga","status":"publish","type":"post","link":"https:\/\/franciscanos.org.br\/noticias\/realizado-encontro-vocacional-em-ituporanga.html","title":{"rendered":"Realizado encontro vocacional em Ituporanga"},"content":{"rendered":"<p><strong><a href=\"http:\/\/franciscanos.org.br\/wp-content\/uploads\/2012\/06\/2615_220612.jpg\"><img loading=\"lazy\" class=\"alignright size-full wp-image-19524\" title=\"2615_220612\" src=\"http:\/\/franciscanos.org.br\/wp-content\/uploads\/2012\/06\/2615_220612.jpg\" alt=\"\" width=\"350\" height=\"263\" \/><\/a>Por Frei Diego Atalino de Melo<\/strong><\/p>\n<p>No \u00faltimo final de semana, de 15 a 17\/06, o Semin\u00e1rio S\u00e3o Francisco de Assis, em Ituporanga-SC, acolheu 16 jovens vocacionados para realizarem o encontro vocacional dos regionais de Santa Catarina e Paran\u00e1, dos quais 2 eram provindos de Gaspar, 1 de Blumenau, 1 de Jardin\u00f3polis (Cel. Freitas), 5 de Atalanta, 1 de Ituporanga, 1 de Indaial, 4 de Chopinzinho e 1 de Curitibanos.<\/p>\n<p>Iniciando com a celebra\u00e7\u00e3o eucar\u00edstica, presidida pelo animador vocacional de Chopinzinho-PR, Frei Laurindo Lauro, o encontro transcorreu dentro de um clima de amizade e conhecimento m\u00fatuo. Ao longo dos dias os vocacionados puderam conhecer e vivenciar um pouco mais da rotina dos seminaristas, al\u00e9m dos encontros de partilha e reflex\u00e3o sobre a tem\u00e1tica vocacional religiosa e sacerdotal.<\/p>\n<p>Al\u00e9m disso, oportunamente no \u00faltimo dia do encontro vocacional, acontecia tamb\u00e9m no semin\u00e1rio um encontro de forma\u00e7\u00e3o para os Casais Vocacionais, coordenado pelo Frei Renato Pezenti. Assim, na hora do almo\u00e7o todos puderam partilhar do delicioso card\u00e1pio preparado pelo semin\u00e1rio, regado por uma boa conversa de integra\u00e7\u00e3o entre todos.<\/p>\n<p>Agradecemos \u00e0 fraternidade do Semin\u00e1rio S\u00e3o Francisco de Assis que nos acolheu durante esse encontro, al\u00e9m de externarmos nossa gratid\u00e3o a todos os Animadores Vocacionais que continuam acreditando nesse trabalho que \u00e9 tamb\u00e9m uma das prioridades de nossa Prov\u00edncia. Que o Senhor da messe continue inspirando nossas fraternidades e frades a continuarem acolhendo bem \u00e0s voca\u00e7\u00f5es que o Senhor nos confia.<\/p>\n","protected":false},"excerpt":{"rendered":"<p>SAV<\/p>\n","protected":false},"author":1,"featured_media":0,"comment_status":"closed","ping_status":"closed","sticky":false,"template":"","format":"standard","meta":[],"categories":[1],"tags":[89],"acf":[],"yoast_head":"<!-- This site is optimized with the Yoast SEO plugin v19.2 - https:\/\/yoast.com\/wordpress\/plugins\/seo\/ -->\n<title>Realizado encontro vocacional em Ituporanga - Not\u00edcias - Franciscanos<\/title>\n<meta name=\"robots\" content=\"index, follow, max-snippet:-1, max-image-preview:large, max-video-preview:-1\" \/>\n<link rel=\"canonical\" href=\"https:\/\/franciscanos.org.br\/noticias\/realizado-encontro-vocacional-em-ituporanga.html\" \/>\n<meta property=\"og:locale\" content=\"pt_BR\" \/>\n<meta property=\"og:type\" content=\"article\" \/>\n<meta property=\"og:title\" content=\"Realizado encontro vocacional em Ituporanga - Not\u00edcias - Franciscanos\" \/>\n<meta property=\"og:description\" content=\"SAV\" \/>\n<meta property=\"og:url\" content=\"https:\/\/franciscanos.org.br\/noticias\/realizado-encontro-vocacional-em-ituporanga.html\" \/>\n<meta property=\"og:site_name\" content=\"Not\u00edcias - Franciscanos\" \/>\n<meta property=\"article:published_time\" content=\"2012-06-22T10:44:41+00:00\" \/>\n<meta property=\"article:modified_time\" content=\"2020-11-09T19:19:44+00:00\" \/>\n<meta property=\"og:image\" content=\"http:\/\/franciscanos.org.br\/wp-content\/uploads\/2012\/06\/2615_220612.jpg\" \/>\n<meta name=\"author\" content=\"admin\" \/>\n<meta name=\"twitter:card\" content=\"summary_large_image\" \/>\n<meta name=\"twitter:label1\" content=\"Escrito por\" \/>\n\t<meta name=\"twitter:data1\" content=\"admin\" \/>\n\t<meta name=\"twitter:label2\" content=\"Est. tempo de leitura\" \/>\n\t<meta name=\"twitter:data2\" content=\"1 minuto\" \/>\n<script type=\"application\/ld+json\" class=\"yoast-schema-graph\">{\"@context\":\"https:\/\/schema.org\",\"@graph\":[{\"@type\":\"WebSite\",\"@id\":\"https:\/\/franciscanos.org.br\/noticias\/#website\",\"url\":\"https:\/\/franciscanos.org.br\/noticias\/\",\"name\":\"Not\u00edcias - Franciscanos\",\"description\":\"Prov\u00edncia Franciscana da Imaculada Concei\u00e7\u00e3o do Brasil - Ordem dos Frades Menores - OFM\",\"potentialAction\":[{\"@type\":\"SearchAction\",\"target\":{\"@type\":\"EntryPoint\",\"urlTemplate\":\"https:\/\/franciscanos.org.br\/noticias\/?s={search_term_string}\"},\"query-input\":\"required name=search_term_string\"}],\"inLanguage\":\"pt-BR\"},{\"@type\":\"ImageObject\",\"inLanguage\":\"pt-BR\",\"@id\":\"https:\/\/franciscanos.org.br\/noticias\/realizado-encontro-vocacional-em-ituporanga.html#primaryimage\",\"url\":\"http:\/\/franciscanos.org.br\/wp-content\/uploads\/2012\/06\/2615_220612.jpg\",\"contentUrl\":\"http:\/\/franciscanos.org.br\/wp-content\/uploads\/2012\/06\/2615_220612.jpg\"},{\"@type\":\"WebPage\",\"@id\":\"https:\/\/franciscanos.org.br\/noticias\/realizado-encontro-vocacional-em-ituporanga.html#webpage\",\"url\":\"https:\/\/franciscanos.org.br\/noticias\/realizado-encontro-vocacional-em-ituporanga.html\",\"name\":\"Realizado encontro vocacional em Ituporanga - Not\u00edcias - Franciscanos\",\"isPartOf\":{\"@id\":\"https:\/\/franciscanos.org.br\/noticias\/#website\"},\"primaryImageOfPage\":{\"@id\":\"https:\/\/franciscanos.org.br\/noticias\/realizado-encontro-vocacional-em-ituporanga.html#primaryimage\"},\"datePublished\":\"2012-06-22T10:44:41+00:00\",\"dateModified\":\"2020-11-09T19:19:44+00:00\",\"author\":{\"@id\":\"https:\/\/franciscanos.org.br\/noticias\/#\/schema\/person\/b38fbf43118f02820bd932f2e4b14ad3\"},\"breadcrumb\":{\"@id\":\"https:\/\/franciscanos.org.br\/noticias\/realizado-encontro-vocacional-em-ituporanga.html#breadcrumb\"},\"inLanguage\":\"pt-BR\",\"potentialAction\":[{\"@type\":\"ReadAction\",\"target\":[\"https:\/\/franciscanos.org.br\/noticias\/realizado-encontro-vocacional-em-ituporanga.html\"]}]},{\"@type\":\"BreadcrumbList\",\"@id\":\"https:\/\/franciscanos.org.br\/noticias\/realizado-encontro-vocacional-em-ituporanga.html#breadcrumb\",\"itemListElement\":[{\"@type\":\"ListItem\",\"position\":1,\"name\":\"Home\",\"item\":\"https:\/\/franciscanos.org.br\/noticias\"},{\"@type\":\"ListItem\",\"position\":2,\"name\":\"Realizado encontro vocacional em Ituporanga\"}]},{\"@type\":\"Person\",\"@id\":\"https:\/\/franciscanos.org.br\/noticias\/#\/schema\/person\/b38fbf43118f02820bd932f2e4b14ad3\",\"name\":\"admin\",\"image\":{\"@type\":\"ImageObject\",\"inLanguage\":\"pt-BR\",\"@id\":\"https:\/\/franciscanos.org.br\/noticias\/#\/schema\/person\/image\/\",\"url\":\"https:\/\/secure.gravatar.com\/avatar\/e8495742d34d0ba6448ea1c628263b3e?s=96&d=mm&r=g\",\"contentUrl\":\"https:\/\/secure.gravatar.com\/avatar\/e8495742d34d0ba6448ea1c628263b3e?s=96&d=mm&r=g\",\"caption\":\"admin\"},\"url\":\"https:\/\/franciscanos.org.br\/noticias\/author\/admin\"}]}<\/script>\n<!-- \/ Yoast SEO plugin. -->","yoast_head_json":{"title":"Realizado encontro vocacional em Ituporanga - Not\u00edcias - Franciscanos","robots":{"index":"index","follow":"follow","max-snippet":"max-snippet:-1","max-image-preview":"max-image-preview:large","max-video-preview":"max-video-preview:-1"},"canonical":"https:\/\/franciscanos.org.br\/noticias\/realizado-encontro-vocacional-em-ituporanga.html","og_locale":"pt_BR","og_type":"article","og_title":"Realizado encontro vocacional em Ituporanga - Not\u00edcias - Franciscanos","og_description":"SAV","og_url":"https:\/\/franciscanos.org.br\/noticias\/realizado-encontro-vocacional-em-ituporanga.html","og_site_name":"Not\u00edcias - Franciscanos","article_published_time":"2012-06-22T10:44:41+00:00","article_modified_time":"2020-11-09T19:19:44+00:00","og_image":[{"url":"http:\/\/franciscanos.org.br\/wp-content\/uploads\/2012\/06\/2615_220612.jpg"}],"author":"admin","twitter_card":"summary_large_image","twitter_misc":{"Escrito por":"admin","Est. tempo de leitura":"1 minuto"},"schema":{"@context":"https:\/\/schema.org","@graph":[{"@type":"WebSite","@id":"https:\/\/franciscanos.org.br\/noticias\/#website","url":"https:\/\/franciscanos.org.br\/noticias\/","name":"Not\u00edcias - Franciscanos","description":"Prov\u00edncia Franciscana da Imaculada Concei\u00e7\u00e3o do Brasil - Ordem dos Frades Menores - OFM","potentialAction":[{"@type":"SearchAction","target":{"@type":"EntryPoint","urlTemplate":"https:\/\/franciscanos.org.br\/noticias\/?s={search_term_string}"},"query-input":"required name=search_term_string"}],"inLanguage":"pt-BR"},{"@type":"ImageObject","inLanguage":"pt-BR","@id":"https:\/\/franciscanos.org.br\/noticias\/realizado-encontro-vocacional-em-ituporanga.html#primaryimage","url":"http:\/\/franciscanos.org.br\/wp-content\/uploads\/2012\/06\/2615_220612.jpg","contentUrl":"http:\/\/franciscanos.org.br\/wp-content\/uploads\/2012\/06\/2615_220612.jpg"},{"@type":"WebPage","@id":"https:\/\/franciscanos.org.br\/noticias\/realizado-encontro-vocacional-em-ituporanga.html#webpage","url":"https:\/\/franciscanos.org.br\/noticias\/realizado-encontro-vocacional-em-ituporanga.html","name":"Realizado encontro vocacional em Ituporanga - Not\u00edcias - Franciscanos","isPartOf":{"@id":"https:\/\/franciscanos.org.br\/noticias\/#website"},"primaryImageOfPage":{"@id":"https:\/\/franciscanos.org.br\/noticias\/realizado-encontro-vocacional-em-ituporanga.html#primaryimage"},"datePublished":"2012-06-22T10:44:41+00:00","dateModified":"2020-11-09T19:19:44+00:00","author":{"@id":"https:\/\/franciscanos.org.br\/noticias\/#\/schema\/person\/b38fbf43118f02820bd932f2e4b14ad3"},"breadcrumb":{"@id":"https:\/\/franciscanos.org.br\/noticias\/realizado-encontro-vocacional-em-ituporanga.html#breadcrumb"},"inLanguage":"pt-BR","potentialAction":[{"@type":"ReadAction","target":["https:\/\/franciscanos.org.br\/noticias\/realizado-encontro-vocacional-em-ituporanga.html"]}]},{"@type":"BreadcrumbList","@id":"https:\/\/franciscanos.org.br\/noticias\/realizado-encontro-vocacional-em-ituporanga.html#breadcrumb","itemListElement":[{"@type":"ListItem","position":1,"name":"Home","item":"https:\/\/franciscanos.org.br\/noticias"},{"@type":"ListItem","position":2,"name":"Realizado encontro vocacional em Ituporanga"}]},{"@type":"Person","@id":"https:\/\/franciscanos.org.br\/noticias\/#\/schema\/person\/b38fbf43118f02820bd932f2e4b14ad3","name":"admin","image":{"@type":"ImageObject","inLanguage":"pt-BR","@id":"https:\/\/franciscanos.org.br\/noticias\/#\/schema\/person\/image\/","url":"https:\/\/secure.gravatar.com\/avatar\/e8495742d34d0ba6448ea1c628263b3e?s=96&d=mm&r=g","contentUrl":"https:\/\/secure.gravatar.com\/avatar\/e8495742d34d0ba6448ea1c628263b3e?s=96&d=mm&r=g","caption":"admin"},"url":"https:\/\/franciscanos.org.br\/noticias\/author\/admin"}]}},"_links":{"self":[{"href":"https:\/\/franciscanos.org.br\/noticias\/wp-json\/wp\/v2\/posts\/19522"}],"collection":[{"href":"https:\/\/franciscanos.org.br\/noticias\/wp-json\/wp\/v2\/posts"}],"about":[{"href":"https:\/\/franciscanos.org.br\/noticias\/wp-json\/wp\/v2\/types\/post"}],"author":[{"embeddable":true,"href":"https:\/\/franciscanos.org.br\/noticias\/wp-json\/wp\/v2\/users\/1"}],"replies":[{"embeddable":true,"href":"https:\/\/franciscanos.org.br\/noticias\/wp-json\/wp\/v2\/comments?post=19522"}],"version-history":[{"count":1,"href":"https:\/\/franciscanos.org.br\/noticias\/wp-json\/wp\/v2\/posts\/19522\/revisions"}],"predecessor-version":[{"id":229135,"href":"https:\/\/franciscanos.org.br\/noticias\/wp-json\/wp\/v2\/posts\/19522\/revisions\/229135"}],"wp:attachment":[{"href":"https:\/\/franciscanos.org.br\/noticias\/wp-json\/wp\/v2\/media?parent=19522"}],"wp:term":[{"taxonomy":"category","embeddable":true,"href":"https:\/\/franciscanos.org.br\/noticias\/wp-json\/wp\/v2\/categories?post=19522"},{"taxonomy":"post_tag","embeddable":true,"href":"https:\/\/franciscanos.org.br\/noticias\/wp-json\/wp\/v2\/tags?post=19522"}],"curies":[{"name":"wp","href":"https:\/\/api.w.org\/{rel}","templated":true}]}}