{"id":19499,"date":"2012-06-21T10:35:02","date_gmt":"2012-06-21T13:35:02","guid":{"rendered":"http:\/\/new.franciscanos.org.br\/?p=19499"},"modified":"2019-01-31T16:14:47","modified_gmt":"2019-01-31T18:14:47","slug":"igreja-sao-francisco-da-vila-clementino-ainda-mais-bela","status":"publish","type":"post","link":"https:\/\/franciscanos.org.br\/noticias\/igreja-sao-francisco-da-vila-clementino-ainda-mais-bela.html","title":{"rendered":"Igreja S\u00e3o Francisco da Vila Clementino ainda mais bela"},"content":{"rendered":"<p><img loading=\"lazy\" class=\"alignnone size-full wp-image-198816\" src=\"https:\/\/franciscanos.org.br\/noticias\/wp-content\/uploads\/2012\/06\/2610_210612.jpg\" alt=\"\" width=\"830\" height=\"459\" srcset=\"https:\/\/franciscanos.org.br\/noticias\/wp-content\/uploads\/2012\/06\/2610_210612.jpg 830w, https:\/\/franciscanos.org.br\/noticias\/wp-content\/uploads\/2012\/06\/2610_210612-450x249.jpg 450w, https:\/\/franciscanos.org.br\/noticias\/wp-content\/uploads\/2012\/06\/2610_210612-768x425.jpg 768w, https:\/\/franciscanos.org.br\/noticias\/wp-content\/uploads\/2012\/06\/2610_210612-150x83.jpg 150w\" sizes=\"(max-width: 830px) 100vw, 830px\" \/><\/p>\n<p><strong>Por Moacir Beggo<\/strong><\/p>\n<p>Este domingo (24\/06) ser\u00e1 de festa na Igreja S\u00e3o Francisco de Assis da Vila Clementino, em S\u00e3o Paulo. \u00c0s 19h00, o bispo auxiliar de S\u00e3o Paulo, da regi\u00e3o episcopal do Ipiranga, Dom Tom\u00e9 Ferreira da Silva, presidir\u00e1 Missa em A\u00e7\u00e3o de Gra\u00e7as pela conclus\u00e3o das obras da igreja. Feliz com o t\u00e9rmino deste trabalho, que come\u00e7ou h\u00e1 dois anos, o p\u00e1roco Frei Djalmo Fuck convida os paroquianos, amigos e benfeitores para participar desta celebra\u00e7\u00e3o. Segundo Frei Djalmo, ser\u00e1 um momento muito especial de agradecimento ao povo desta Par\u00f3quia e \u00e0 Comiss\u00e3o de Reforma. &#8220;Fiquei realmente impressionado e feliz com a solidariedade e coopera\u00e7\u00e3o de nossos paroquianos, que confiaram e ajudaram nesta reforma t\u00e3o necess\u00e1ria. Especialmente quando entenderam que tivemos que refazer todo o nosso or\u00e7amento ao descobrirmos que o nosso telhado estava totalmente comprometido e ter\u00edamos que troc\u00e1-lo&#8221;, disse o p\u00e1roco.<\/p>\n<p>Isso porque a Par\u00f3quia pretendia fazer uma reforma inicial que inclu\u00eda o sistema de ilumina\u00e7\u00e3o, de som, limpeza do assoalho, jardinagem e pintura interna e externa. &#8220;A ideia era que termin\u00e1ssemos no ano passado, na Festa de S\u00e3o Francisco, quando tamb\u00e9m ir\u00edamos encerrar as comemora\u00e7\u00f5es pelos 70 anos de cria\u00e7\u00e3o da Par\u00f3quia. Mas quando fomos trocar algumas telhas, verificamos que toda a estrutura do telhado estava comprometida. A partir da\u00ed, come\u00e7amos uma nova campanha visando essa complementa\u00e7\u00e3o das obras, j\u00e1 que o or\u00e7amento tamb\u00e9m mudou, e a reforma acabou passando da data prevista&#8221;, explicou.<\/p>\n<p>Segundo o p\u00e1roco, a obra deveria custar em torno de 350 mil, mas acabou superando um milh\u00e3o. &#8220;N\u00e3o tivemos subs\u00eddios ou patroc\u00ednios, mas conseguimos realizar esta reforma com as doa\u00e7\u00f5es de nossos paroquianos, amigos e benfeitores&#8221;, explicou.<\/p>\n<p>A nova reforma do sistema de ilumina\u00e7\u00e3o foi projetada para que os belos vitrais da igreja se destacassem ainda mais. &#8220;A pintura, com tonalidades mais claras, procurou destacar e valorizar o estilo s\u00f3brio e despojado de sua arquitetura&#8221;, acrescentou Frei Djalmo. &#8220;Tamb\u00e9m foi feito o restauro da Via-Sacra, que recebeu uma ilumina\u00e7\u00e3o especial em LED, assim como as capelas laterais e as torres&#8221;, informou.<\/p>\n<p>Desde o in\u00edcio da constru\u00e7\u00e3o, em 1\u00ba de mar\u00e7o de 1951, a igreja n\u00e3o havia passado por uma grande reforma. A primeira torre da igreja foi conclu\u00edda em 57 e a segunda em 1958. A casa paroquial foi constru\u00edda em 1964 e demolida em 2002 para a constru\u00e7\u00e3o de um pr\u00e9dio de 26 andares, onde hoje funcionam nos tr\u00eas primeiros andares o Sal\u00e3o Paroquial, a Casa Paroquial, os escrit\u00f3rios da sede da Prov\u00edncia da Imaculada Concei\u00e7\u00e3o e a resid\u00eancia dos frades.<\/p>\n<p><strong>Hist\u00f3ria<\/strong><br \/>\nPor decis\u00e3o de Dom Jos\u00e9 Gaspar da Fonseca e Silva, foi criada a Par\u00f3quia de S\u00e3o Francisco de Assis, no bairro da Vila Clementino, tendo como limites a Rua Sena Madureira, Napole\u00e3o de Barros, Luis G\u00f3is, Indian\u00f3polis, Fran\u00e7a Pinto, e Tangar\u00e1.<\/p>\n<p>O terreno escolhido era na rua Borges Lagoa. Transformaram o pr\u00e9dio particular da Fam\u00edlia Cruz em igreja provis\u00f3ria, sendo inaugurada no dia 29 de junho de 1941 \u2013 Festa de S\u00e3o Pedro e S\u00e3o Paulo. O primeiro p\u00e1roco foi Frei Afonso Junges, OFM, que ficou apenas tr\u00eas meses, adoecendo depois e voltando para o convento. Teve como auxiliar Frei Hon\u00f3rio Nacke, que tamb\u00e9m era capel\u00e3o do Hospital S\u00e3o Paulo, professor da Escola de Enfermagem e da Escola Paulista de Medicina, na mat\u00e9ria de \u00c9tica Profissional, Psicologia e Religi\u00e3o.<\/p>\n<p>Eram poucos os que freq\u00fcentavam a missa. Os frades residiam no convento do Largo S\u00e3o Francisco e viajavam de bonde ou de \u00f4nibus todos os dias. Para evitar essas penosas viagens, o Sr. Ab\u00edlio de Ara\u00fajo Vieira doou uma casa aos freis. A casa foi divida em tr\u00eas salas para funcionamento das atividades paroquiais. No in\u00edcio de 1942 chegou Frei Efr\u00e9m Morosek, que se encarregou da assist\u00eancia aos doentes do Hospital S\u00e3o Paulo e era tamb\u00e9m porteiro do convento. A Resid\u00eancia Franciscana foi ent\u00e3o oficialmente erigida no dia 24 de agosto de 1942, sendo Frei Hon\u00f3rio Nacke o primeiro guardi\u00e3o. Convento simples, sem m\u00f3veis nem cozinha, in\u00edcio pobre por\u00e9m alegre e cheio de esperan\u00e7a. O Diretor da Escola Paulista de Medicina, Dr. Guimar\u00e3es Filho ofereceu nesse dia aos frades o almo\u00e7o e o jantar.<\/p>\n<p>Coube ao Frei Hon\u00f3rio, em 1942, fundar o Externato S\u00e3o Francisco de Assis, em uma constru\u00e7\u00e3o, adaptada e cedida pelo paroquiano Ab\u00edlio Araujo Vieira, \u201cem ato de bondade e de convic\u00e7\u00e3o religiosa\u201d, que tamb\u00e9m cedeu a casa paroquial.<\/p>\n<p>O Externato S\u00e3o Francisco de Assis funcionou quase por 40 anos, ministrando o prim\u00e1rio e o jardim de inf\u00e2ncia para as crian\u00e7as do bairro. A par\u00f3quia foi recebendo melhoramentos no correr dos anos. Possui amplo sal\u00e3o, onde s\u00e3o feitos bazares beneficentes e conta com um servi\u00e7o de presta\u00e7\u00e3o de apoio social, ajudando os paroquianos carentes.<\/p>\n","protected":false},"excerpt":{"rendered":"<p>A\u00e7\u00e3o de Gra\u00e7as<\/p>\n","protected":false},"author":1,"featured_media":198818,"comment_status":"closed","ping_status":"closed","sticky":false,"template":"","format":"standard","meta":[],"categories":[1],"tags":[271],"acf":[],"yoast_head":"<!-- This site is optimized with the Yoast SEO plugin v19.2 - https:\/\/yoast.com\/wordpress\/plugins\/seo\/ -->\n<title>Igreja S\u00e3o Francisco da Vila Clementino ainda mais bela - Not\u00edcias - Franciscanos<\/title>\n<meta name=\"robots\" content=\"index, follow, max-snippet:-1, max-image-preview:large, max-video-preview:-1\" \/>\n<link rel=\"canonical\" href=\"https:\/\/franciscanos.org.br\/noticias\/igreja-sao-francisco-da-vila-clementino-ainda-mais-bela.html\" \/>\n<meta property=\"og:locale\" content=\"pt_BR\" \/>\n<meta property=\"og:type\" content=\"article\" \/>\n<meta property=\"og:title\" content=\"Igreja S\u00e3o Francisco da Vila Clementino ainda mais bela - Not\u00edcias - Franciscanos\" \/>\n<meta property=\"og:description\" content=\"A\u00e7\u00e3o de Gra\u00e7as\" \/>\n<meta property=\"og:url\" content=\"https:\/\/franciscanos.org.br\/noticias\/igreja-sao-francisco-da-vila-clementino-ainda-mais-bela.html\" \/>\n<meta property=\"og:site_name\" content=\"Not\u00edcias - Franciscanos\" \/>\n<meta property=\"article:published_time\" content=\"2012-06-21T13:35:02+00:00\" \/>\n<meta property=\"article:modified_time\" content=\"2019-01-31T18:14:47+00:00\" \/>\n<meta property=\"og:image\" content=\"https:\/\/franciscanos.org.br\/noticias\/wp-content\/uploads\/2012\/06\/vila.jpg\" \/>\n\t<meta property=\"og:image:width\" content=\"273\" \/>\n\t<meta property=\"og:image:height\" content=\"181\" \/>\n\t<meta property=\"og:image:type\" content=\"image\/jpeg\" \/>\n<meta name=\"author\" content=\"admin\" \/>\n<meta name=\"twitter:card\" content=\"summary_large_image\" \/>\n<meta name=\"twitter:label1\" content=\"Escrito por\" \/>\n\t<meta name=\"twitter:data1\" content=\"admin\" \/>\n\t<meta name=\"twitter:label2\" content=\"Est. tempo de leitura\" \/>\n\t<meta name=\"twitter:data2\" content=\"4 minutos\" \/>\n<script type=\"application\/ld+json\" class=\"yoast-schema-graph\">{\"@context\":\"https:\/\/schema.org\",\"@graph\":[{\"@type\":\"WebSite\",\"@id\":\"https:\/\/franciscanos.org.br\/noticias\/#website\",\"url\":\"https:\/\/franciscanos.org.br\/noticias\/\",\"name\":\"Not\u00edcias - Franciscanos\",\"description\":\"Prov\u00edncia Franciscana da Imaculada Concei\u00e7\u00e3o do Brasil - Ordem dos Frades Menores - OFM\",\"potentialAction\":[{\"@type\":\"SearchAction\",\"target\":{\"@type\":\"EntryPoint\",\"urlTemplate\":\"https:\/\/franciscanos.org.br\/noticias\/?s={search_term_string}\"},\"query-input\":\"required name=search_term_string\"}],\"inLanguage\":\"pt-BR\"},{\"@type\":\"ImageObject\",\"inLanguage\":\"pt-BR\",\"@id\":\"https:\/\/franciscanos.org.br\/noticias\/igreja-sao-francisco-da-vila-clementino-ainda-mais-bela.html#primaryimage\",\"url\":\"https:\/\/franciscanos.org.br\/noticias\/wp-content\/uploads\/2012\/06\/vila.jpg\",\"contentUrl\":\"https:\/\/franciscanos.org.br\/noticias\/wp-content\/uploads\/2012\/06\/vila.jpg\",\"width\":273,\"height\":181},{\"@type\":\"WebPage\",\"@id\":\"https:\/\/franciscanos.org.br\/noticias\/igreja-sao-francisco-da-vila-clementino-ainda-mais-bela.html#webpage\",\"url\":\"https:\/\/franciscanos.org.br\/noticias\/igreja-sao-francisco-da-vila-clementino-ainda-mais-bela.html\",\"name\":\"Igreja S\u00e3o Francisco da Vila Clementino ainda mais bela - Not\u00edcias - Franciscanos\",\"isPartOf\":{\"@id\":\"https:\/\/franciscanos.org.br\/noticias\/#website\"},\"primaryImageOfPage\":{\"@id\":\"https:\/\/franciscanos.org.br\/noticias\/igreja-sao-francisco-da-vila-clementino-ainda-mais-bela.html#primaryimage\"},\"datePublished\":\"2012-06-21T13:35:02+00:00\",\"dateModified\":\"2019-01-31T18:14:47+00:00\",\"author\":{\"@id\":\"https:\/\/franciscanos.org.br\/noticias\/#\/schema\/person\/b38fbf43118f02820bd932f2e4b14ad3\"},\"breadcrumb\":{\"@id\":\"https:\/\/franciscanos.org.br\/noticias\/igreja-sao-francisco-da-vila-clementino-ainda-mais-bela.html#breadcrumb\"},\"inLanguage\":\"pt-BR\",\"potentialAction\":[{\"@type\":\"ReadAction\",\"target\":[\"https:\/\/franciscanos.org.br\/noticias\/igreja-sao-francisco-da-vila-clementino-ainda-mais-bela.html\"]}]},{\"@type\":\"BreadcrumbList\",\"@id\":\"https:\/\/franciscanos.org.br\/noticias\/igreja-sao-francisco-da-vila-clementino-ainda-mais-bela.html#breadcrumb\",\"itemListElement\":[{\"@type\":\"ListItem\",\"position\":1,\"name\":\"Home\",\"item\":\"https:\/\/franciscanos.org.br\/noticias\"},{\"@type\":\"ListItem\",\"position\":2,\"name\":\"Igreja S\u00e3o Francisco da Vila Clementino ainda mais bela\"}]},{\"@type\":\"Person\",\"@id\":\"https:\/\/franciscanos.org.br\/noticias\/#\/schema\/person\/b38fbf43118f02820bd932f2e4b14ad3\",\"name\":\"admin\",\"image\":{\"@type\":\"ImageObject\",\"inLanguage\":\"pt-BR\",\"@id\":\"https:\/\/franciscanos.org.br\/noticias\/#\/schema\/person\/image\/\",\"url\":\"https:\/\/secure.gravatar.com\/avatar\/e8495742d34d0ba6448ea1c628263b3e?s=96&d=mm&r=g\",\"contentUrl\":\"https:\/\/secure.gravatar.com\/avatar\/e8495742d34d0ba6448ea1c628263b3e?s=96&d=mm&r=g\",\"caption\":\"admin\"},\"url\":\"https:\/\/franciscanos.org.br\/noticias\/author\/admin\"}]}<\/script>\n<!-- \/ Yoast SEO plugin. -->","yoast_head_json":{"title":"Igreja S\u00e3o Francisco da Vila Clementino ainda mais bela - Not\u00edcias - Franciscanos","robots":{"index":"index","follow":"follow","max-snippet":"max-snippet:-1","max-image-preview":"max-image-preview:large","max-video-preview":"max-video-preview:-1"},"canonical":"https:\/\/franciscanos.org.br\/noticias\/igreja-sao-francisco-da-vila-clementino-ainda-mais-bela.html","og_locale":"pt_BR","og_type":"article","og_title":"Igreja S\u00e3o Francisco da Vila Clementino ainda mais bela - Not\u00edcias - Franciscanos","og_description":"A\u00e7\u00e3o de Gra\u00e7as","og_url":"https:\/\/franciscanos.org.br\/noticias\/igreja-sao-francisco-da-vila-clementino-ainda-mais-bela.html","og_site_name":"Not\u00edcias - Franciscanos","article_published_time":"2012-06-21T13:35:02+00:00","article_modified_time":"2019-01-31T18:14:47+00:00","og_image":[{"width":273,"height":181,"url":"https:\/\/franciscanos.org.br\/noticias\/wp-content\/uploads\/2012\/06\/vila.jpg","type":"image\/jpeg"}],"author":"admin","twitter_card":"summary_large_image","twitter_misc":{"Escrito por":"admin","Est. tempo de leitura":"4 minutos"},"schema":{"@context":"https:\/\/schema.org","@graph":[{"@type":"WebSite","@id":"https:\/\/franciscanos.org.br\/noticias\/#website","url":"https:\/\/franciscanos.org.br\/noticias\/","name":"Not\u00edcias - Franciscanos","description":"Prov\u00edncia Franciscana da Imaculada Concei\u00e7\u00e3o do Brasil - Ordem dos Frades Menores - OFM","potentialAction":[{"@type":"SearchAction","target":{"@type":"EntryPoint","urlTemplate":"https:\/\/franciscanos.org.br\/noticias\/?s={search_term_string}"},"query-input":"required name=search_term_string"}],"inLanguage":"pt-BR"},{"@type":"ImageObject","inLanguage":"pt-BR","@id":"https:\/\/franciscanos.org.br\/noticias\/igreja-sao-francisco-da-vila-clementino-ainda-mais-bela.html#primaryimage","url":"https:\/\/franciscanos.org.br\/noticias\/wp-content\/uploads\/2012\/06\/vila.jpg","contentUrl":"https:\/\/franciscanos.org.br\/noticias\/wp-content\/uploads\/2012\/06\/vila.jpg","width":273,"height":181},{"@type":"WebPage","@id":"https:\/\/franciscanos.org.br\/noticias\/igreja-sao-francisco-da-vila-clementino-ainda-mais-bela.html#webpage","url":"https:\/\/franciscanos.org.br\/noticias\/igreja-sao-francisco-da-vila-clementino-ainda-mais-bela.html","name":"Igreja S\u00e3o Francisco da Vila Clementino ainda mais bela - Not\u00edcias - Franciscanos","isPartOf":{"@id":"https:\/\/franciscanos.org.br\/noticias\/#website"},"primaryImageOfPage":{"@id":"https:\/\/franciscanos.org.br\/noticias\/igreja-sao-francisco-da-vila-clementino-ainda-mais-bela.html#primaryimage"},"datePublished":"2012-06-21T13:35:02+00:00","dateModified":"2019-01-31T18:14:47+00:00","author":{"@id":"https:\/\/franciscanos.org.br\/noticias\/#\/schema\/person\/b38fbf43118f02820bd932f2e4b14ad3"},"breadcrumb":{"@id":"https:\/\/franciscanos.org.br\/noticias\/igreja-sao-francisco-da-vila-clementino-ainda-mais-bela.html#breadcrumb"},"inLanguage":"pt-BR","potentialAction":[{"@type":"ReadAction","target":["https:\/\/franciscanos.org.br\/noticias\/igreja-sao-francisco-da-vila-clementino-ainda-mais-bela.html"]}]},{"@type":"BreadcrumbList","@id":"https:\/\/franciscanos.org.br\/noticias\/igreja-sao-francisco-da-vila-clementino-ainda-mais-bela.html#breadcrumb","itemListElement":[{"@type":"ListItem","position":1,"name":"Home","item":"https:\/\/franciscanos.org.br\/noticias"},{"@type":"ListItem","position":2,"name":"Igreja S\u00e3o Francisco da Vila Clementino ainda mais bela"}]},{"@type":"Person","@id":"https:\/\/franciscanos.org.br\/noticias\/#\/schema\/person\/b38fbf43118f02820bd932f2e4b14ad3","name":"admin","image":{"@type":"ImageObject","inLanguage":"pt-BR","@id":"https:\/\/franciscanos.org.br\/noticias\/#\/schema\/person\/image\/","url":"https:\/\/secure.gravatar.com\/avatar\/e8495742d34d0ba6448ea1c628263b3e?s=96&d=mm&r=g","contentUrl":"https:\/\/secure.gravatar.com\/avatar\/e8495742d34d0ba6448ea1c628263b3e?s=96&d=mm&r=g","caption":"admin"},"url":"https:\/\/franciscanos.org.br\/noticias\/author\/admin"}]}},"_links":{"self":[{"href":"https:\/\/franciscanos.org.br\/noticias\/wp-json\/wp\/v2\/posts\/19499"}],"collection":[{"href":"https:\/\/franciscanos.org.br\/noticias\/wp-json\/wp\/v2\/posts"}],"about":[{"href":"https:\/\/franciscanos.org.br\/noticias\/wp-json\/wp\/v2\/types\/post"}],"author":[{"embeddable":true,"href":"https:\/\/franciscanos.org.br\/noticias\/wp-json\/wp\/v2\/users\/1"}],"replies":[{"embeddable":true,"href":"https:\/\/franciscanos.org.br\/noticias\/wp-json\/wp\/v2\/comments?post=19499"}],"version-history":[{"count":0,"href":"https:\/\/franciscanos.org.br\/noticias\/wp-json\/wp\/v2\/posts\/19499\/revisions"}],"wp:featuredmedia":[{"embeddable":true,"href":"https:\/\/franciscanos.org.br\/noticias\/wp-json\/wp\/v2\/media\/198818"}],"wp:attachment":[{"href":"https:\/\/franciscanos.org.br\/noticias\/wp-json\/wp\/v2\/media?parent=19499"}],"wp:term":[{"taxonomy":"category","embeddable":true,"href":"https:\/\/franciscanos.org.br\/noticias\/wp-json\/wp\/v2\/categories?post=19499"},{"taxonomy":"post_tag","embeddable":true,"href":"https:\/\/franciscanos.org.br\/noticias\/wp-json\/wp\/v2\/tags?post=19499"}],"curies":[{"name":"wp","href":"https:\/\/api.w.org\/{rel}","templated":true}]}}