{"id":194969,"date":"2019-01-18T12:48:10","date_gmt":"2019-01-18T14:48:10","guid":{"rendered":"https:\/\/franciscanos.org.br\/noticias\/?p=194969"},"modified":"2020-08-06T16:48:26","modified_gmt":"2020-08-06T19:48:26","slug":"participantes-do-curso-de-verao-refletem-sobre-migracao-e-politicas-publicas","status":"publish","type":"post","link":"https:\/\/franciscanos.org.br\/noticias\/participantes-do-curso-de-verao-refletem-sobre-migracao-e-politicas-publicas.html","title":{"rendered":"Participantes do Curso de Ver\u00e3o refletem sobre migra\u00e7\u00e3o e pol\u00edticas p\u00fablicas"},"content":{"rendered":"<p><img loading=\"lazy\" class=\"alignnone wp-image-194970 size-full\" src=\"https:\/\/franciscanos.org.br\/noticias\/wp-content\/uploads\/2019\/01\/cursoverao_180119.jpg\" alt=\"\" width=\"980\" height=\"550\" srcset=\"https:\/\/franciscanos.org.br\/noticias\/wp-content\/uploads\/2019\/01\/cursoverao_180119.jpg 980w, https:\/\/franciscanos.org.br\/noticias\/wp-content\/uploads\/2019\/01\/cursoverao_180119-450x253.jpg 450w, https:\/\/franciscanos.org.br\/noticias\/wp-content\/uploads\/2019\/01\/cursoverao_180119-768x431.jpg 768w, https:\/\/franciscanos.org.br\/noticias\/wp-content\/uploads\/2019\/01\/cursoverao_180119-150x84.jpg 150w\" sizes=\"(max-width: 980px) 100vw, 980px\" \/><\/p>\n<p><strong>S\u00e3o Paulo (SP) &#8211;<\/strong> Com o tema \u201c<em>Por uma cidade acolhedora: somos todos migrantes<\/em>\u201d, o Centro Ecum\u00eanico de Servi\u00e7os \u00e0 Evangeliza\u00e7\u00e3o e Educa\u00e7\u00e3o Popular (CESEEP) promoveu, de 9 a 17 de janeiro, a 32\u00aa edi\u00e7\u00e3o do Curso de Ver\u00e3o. Ao todo, 300 pessoas participaram da atividade. Para dez participantes, vindos de par\u00f3quias da Prov\u00edncia Franciscana da Imaculada Concei\u00e7\u00e3o, a escolha do tema foi prof\u00e9tica, justamente no ano em que o governo brasileiro decidiu sair do Pacto Global para Migra\u00e7\u00e3o da Organiza\u00e7\u00e3o das Na\u00e7\u00f5es Unidas (ONU). Segundo eles, a participa\u00e7\u00e3o foi fundamental para entender melhor o tema e exercitar uma consci\u00eancia cr\u00edtica a respeito das posturas pessoais e comunit\u00e1rias aos migrantes.<\/p>\n<p>Vindos da Par\u00f3quia Bom Jesus dos Perd\u00f5es, em Curitiba (PR); Nossa Senhora da Boa Viagem, na Rocinha (RJ); S\u00e3o Jo\u00e3o Batista, em S\u00e3o Jo\u00e3o do Meriti (RJ); S\u00e3o Francisco e Santa Clara, em Duque de Caxias (RJ) e Nossa Senhora Aparecida, em Nil\u00f3polis (RJ); os participantes ficaram hospedados na Par\u00f3quia Santo Ant\u00f4nio do Pari, em S\u00e3o Paulo, de onde iam todos os dias para o Teatro Tuca, localizado no bairro de Perdizes. Para eles, este trajeto tamb\u00e9m foi uma forma de pensar na mobilidade urbana, um dos temas trabalhados no Curso de Ver\u00e3o. \u201cFoi um curso desgastante porque sa\u00edamos daqui muito cedo, volt\u00e1vamos muito tarde. Imagine como \u00e9 a rotina do trabalhador de todos os dias, que passa pelo mesmo processo de trabalhar no centro ou numa zona mais nobre, que faz esse trajeto todos os dias? A\u00ed tem a quest\u00e3o financeira, o cansa\u00e7o mental e f\u00edsico\u201d, afirmou Tiago Ant\u00f4nio Badar\u00f3, de Duque de Caxias.<\/p>\n<p>Um dos aspectos destacados por eles foi o formato do Curso de Ver\u00e3o e a diversidade. \u201cPude conviver com pessoas sem religi\u00e3o e com representantes da Umbanda, da Igreja Metodista e cat\u00f3licos. Foi uma troca muito boa. Isso me marcou muito porque consegui dialogar com o outro, que \u00e9 diferente da gente, sem nenhum tipo de ofensa\u201d, assinalou Geicy Kelly Pires Barboza, de Duque de Caxias.<\/p>\n<p>Para Fl\u00e1via Scalsavara e M\u00e1rcia Nunes de Jesus, de Curitiba (PR), os quatro pilares do curso &#8211; educa\u00e7\u00e3o popular, ecumenismo, mutir\u00e3o e arte &#8211; ajudaram na viv\u00eancia de cada momento e na troca de experi\u00eancias. \u201cO p\u00fablico era multicultural e intergeracional. Trabalhar com pessoas de 14, 30, 40 anos foi um choque de personalidade e, no final, agregou bastante. Percebemos uma renova\u00e7\u00e3o em rela\u00e7\u00e3o aos anos anteriores. Tudo isso valoriza a troca de experi\u00eancias, a aceita\u00e7\u00e3o das diferen\u00e7as e como trabalhar isso positivamente\u201d, afirmou M\u00e1rcia. \u201cN\u00e3o havia uma postura hier\u00e1rquica de professor e aluno. Foi uma troca de saberes. Isso foi o mais rico de tudo\u201d, avaliou Fl\u00e1via.<\/p>\n<p>Al\u00e9m de diversos aspectos relacionados \u00e0 quest\u00e3o da migra\u00e7\u00e3o, os assessores e monitores trabalharam a quest\u00e3o da desigualdade territorial, social e mobilidade urbana, tendo presente o tema da Campanha da Fraternidade 2019: &#8220;Fraternidade e Pol\u00edtica P\u00fablicas&#8221;. Para Manuel Gomes, do Rio de Janeiro, o tema das pol\u00edticas p\u00fablicas despertou seu interesse. \u201cPretendo agora conhecer melhor as Pol\u00edticas P\u00fablicas e como abordar isso entre os jovens, atrav\u00e9s de rodas de conversas e participa\u00e7\u00e3o nos f\u00f3runs territoriais\u201d, assegurou.<\/p>\n<p>\u201cA proposta principal do curso \u00e9 essa: nossa forma\u00e7\u00e3o, depois levar o conhecimento para nossas bases e repassar o conte\u00fado para outras pessoas\u201d, indicou Luiz Henrique da Silva, de Duque de Caxias. \u201cEsse curso proporcionou muito embasamento para discutirmos qualquer coisa. Proporcionou a capacidade de formar um pensamento cr\u00edtico, independentemente do tema do dia. Eles tocavam tanto na tecla de mutir\u00e3o que no final todos n\u00f3s, de alguma forma, \u00e9ramos uma fam\u00edlia. Podemos levar esse conceito de mutir\u00e3o para nossas comunidades. N\u00e3o ficarmos s\u00f3 no hier\u00e1rquico, mas nos envolvermos e percebermos que sozinhos n\u00e3o chegar\u00e3o a lugar nenhum\u201d, afirmou Andressa da Fonseca Luiz, de S\u00e3o Jo\u00e3o do Meriti.<\/p>\n<p><img loading=\"lazy\" class=\"alignnone size-full wp-image-194980\" src=\"https:\/\/franciscanos.org.br\/noticias\/wp-content\/uploads\/2019\/01\/cursoverao_180119-b.jpg\" alt=\"\" width=\"980\" height=\"550\" srcset=\"https:\/\/franciscanos.org.br\/noticias\/wp-content\/uploads\/2019\/01\/cursoverao_180119-b.jpg 980w, https:\/\/franciscanos.org.br\/noticias\/wp-content\/uploads\/2019\/01\/cursoverao_180119-b-450x253.jpg 450w, https:\/\/franciscanos.org.br\/noticias\/wp-content\/uploads\/2019\/01\/cursoverao_180119-b-768x431.jpg 768w, https:\/\/franciscanos.org.br\/noticias\/wp-content\/uploads\/2019\/01\/cursoverao_180119-b-150x84.jpg 150w\" sizes=\"(max-width: 980px) 100vw, 980px\" \/><\/p>\n<p>Para M\u00e1rcia, que coordena o servi\u00e7o Ch\u00e1 Fraterno, na Par\u00f3quia Bom Jesus dos Perd\u00f5es, o curso \u00e9 uma oportunidade de levar forma\u00e7\u00e3o aos 2.500 participantes que s\u00e3o assistidos pelo projeto. &#8220;\u00c9 preciso instrumentalizar as pessoas ao nosso redor, o p\u00fablico que a gente atende. N\u00e3o adianta ficar na teoria. Se um destes acolhidos sair de l\u00e1 sabendo o que s\u00e3o Pol\u00edticas Sociais e como isso vai ajudar na mudan\u00e7a de sua vida, j\u00e1 vai ter valido a pena&#8221;, pondera.<\/p>\n<h3><strong>Mudan\u00e7a de olhar para a realidade da migra\u00e7\u00e3o<\/strong><\/h3>\n<p>Para os participantes, um dos aspectos principais abordados no curso \u00e9 ter um novo olhar para a quest\u00e3o da migra\u00e7\u00e3o. Atrav\u00e9s das assessorias, das tendas e da conviv\u00eancia, eles puderam repensar e ter um novo olhar para os migrantes e para esta realidade global. \u201cFoi bom para desmistificar o olhar de preconceito contra o migrante. A m\u00eddia constr\u00f3i uma imagem negativa, de que eles ir\u00e3o roubar nossos empregos, ocupar nossos espa\u00e7os. \u00c9 preciso come\u00e7ar a refletir sobre aquilo que nos \u00e9 falado\u201d, alertou Fl\u00e1via.<\/p>\n<p>Segundo os dados apresentados, hoje no Brasil 80 mil migrantes est\u00e3o esperando a documenta\u00e7\u00e3o para regularizar a situa\u00e7\u00e3o no pa\u00eds. Enquanto a situa\u00e7\u00e3o n\u00e3o \u00e9 regularizada, muitos acabam sofrendo abusos, como a escravid\u00e3o, por exemplo. Com o novo governo, a tend\u00eancia \u00e9 de um maior fechamento na acolhida aos migrantes e refugiados, indo contra a pol\u00edtica global e os incessantes pedidos do Papa Francisco.<\/p>\n<p>Para os participantes, a sa\u00edda do Pacto da Migra\u00e7\u00e3o pode trazer graves consequ\u00eancias. \u201cA sa\u00edda traz n\u00e3o s\u00f3 um problema para os migrantes, mas para os pr\u00f3prios brasileiros. Outros pa\u00edses podem fechar as fronteiras para n\u00f3s, mesmo que seja para o turismo\u201d, explica Luiz Henrique. \u201cH\u00e1 uma utopia ao acreditar que fechar as fronteiras ser\u00e1 o fim da crise no Brasil. Enquanto existir o pensamento de que o migrante \u00e9 um problema, o pa\u00eds n\u00e3o consegue se desenvolver 100%\u201d, concluiu Andressa.<\/p>\n<p>O Curso de Ver\u00e3o terminou nesta quinta-feira (17). Durante todo o ano, o CESEEP promove diversas forma\u00e7\u00f5es. Saiba mais no site:\u00a0<a href=\"https:\/\/ceseep.org.br\/\" target=\"_blank\" rel=\"noopener noreferrer\">ceseep.org.br<\/a><\/p>\n<p><em>Na foto no topo:\u00a0M\u00e1rcia, Manuel, Ata\u00edde, Geicy Kelly, Fl\u00e1via, Tiago, Luiz Henrique e Andressa.<\/em><\/p>\n","protected":false},"excerpt":{"rendered":"<p>Juventude da Prov\u00edncia<\/p>\n","protected":false},"author":1,"featured_media":194971,"comment_status":"open","ping_status":"open","sticky":false,"template":"","format":"standard","meta":[],"categories":[1],"tags":[1151],"acf":[],"yoast_head":"<!-- This site is optimized with the Yoast SEO plugin v19.2 - https:\/\/yoast.com\/wordpress\/plugins\/seo\/ -->\n<title>Participantes do Curso de Ver\u00e3o refletem sobre migra\u00e7\u00e3o e pol\u00edticas p\u00fablicas - Not\u00edcias - Franciscanos<\/title>\n<meta name=\"robots\" content=\"index, follow, max-snippet:-1, max-image-preview:large, max-video-preview:-1\" \/>\n<link rel=\"canonical\" href=\"https:\/\/franciscanos.org.br\/noticias\/participantes-do-curso-de-verao-refletem-sobre-migracao-e-politicas-publicas.html\" \/>\n<meta property=\"og:locale\" content=\"pt_BR\" \/>\n<meta property=\"og:type\" content=\"article\" \/>\n<meta property=\"og:title\" content=\"Participantes do Curso de Ver\u00e3o refletem sobre migra\u00e7\u00e3o e pol\u00edticas p\u00fablicas - Not\u00edcias - Franciscanos\" \/>\n<meta property=\"og:description\" content=\"Juventude da Prov\u00edncia\" \/>\n<meta property=\"og:url\" content=\"https:\/\/franciscanos.org.br\/noticias\/participantes-do-curso-de-verao-refletem-sobre-migracao-e-politicas-publicas.html\" \/>\n<meta property=\"og:site_name\" content=\"Not\u00edcias - Franciscanos\" \/>\n<meta property=\"article:published_time\" content=\"2019-01-18T14:48:10+00:00\" \/>\n<meta property=\"article:modified_time\" content=\"2020-08-06T19:48:26+00:00\" \/>\n<meta property=\"og:image\" content=\"https:\/\/franciscanos.org.br\/noticias\/wp-content\/uploads\/2019\/01\/cursoverao_180119p.jpg\" \/>\n\t<meta property=\"og:image:width\" content=\"273\" \/>\n\t<meta property=\"og:image:height\" content=\"181\" \/>\n\t<meta property=\"og:image:type\" content=\"image\/jpeg\" \/>\n<meta name=\"author\" content=\"admin\" \/>\n<meta name=\"twitter:card\" content=\"summary_large_image\" \/>\n<meta name=\"twitter:label1\" content=\"Escrito por\" \/>\n\t<meta name=\"twitter:data1\" content=\"admin\" \/>\n\t<meta name=\"twitter:label2\" content=\"Est. tempo de leitura\" \/>\n\t<meta name=\"twitter:data2\" content=\"5 minutos\" \/>\n<script type=\"application\/ld+json\" class=\"yoast-schema-graph\">{\"@context\":\"https:\/\/schema.org\",\"@graph\":[{\"@type\":\"WebSite\",\"@id\":\"https:\/\/franciscanos.org.br\/noticias\/#website\",\"url\":\"https:\/\/franciscanos.org.br\/noticias\/\",\"name\":\"Not\u00edcias - Franciscanos\",\"description\":\"Prov\u00edncia Franciscana da Imaculada Concei\u00e7\u00e3o do Brasil - Ordem dos Frades Menores - OFM\",\"potentialAction\":[{\"@type\":\"SearchAction\",\"target\":{\"@type\":\"EntryPoint\",\"urlTemplate\":\"https:\/\/franciscanos.org.br\/noticias\/?s={search_term_string}\"},\"query-input\":\"required name=search_term_string\"}],\"inLanguage\":\"pt-BR\"},{\"@type\":\"ImageObject\",\"inLanguage\":\"pt-BR\",\"@id\":\"https:\/\/franciscanos.org.br\/noticias\/participantes-do-curso-de-verao-refletem-sobre-migracao-e-politicas-publicas.html#primaryimage\",\"url\":\"https:\/\/franciscanos.org.br\/noticias\/wp-content\/uploads\/2019\/01\/cursoverao_180119p.jpg\",\"contentUrl\":\"https:\/\/franciscanos.org.br\/noticias\/wp-content\/uploads\/2019\/01\/cursoverao_180119p.jpg\",\"width\":273,\"height\":181},{\"@type\":\"WebPage\",\"@id\":\"https:\/\/franciscanos.org.br\/noticias\/participantes-do-curso-de-verao-refletem-sobre-migracao-e-politicas-publicas.html#webpage\",\"url\":\"https:\/\/franciscanos.org.br\/noticias\/participantes-do-curso-de-verao-refletem-sobre-migracao-e-politicas-publicas.html\",\"name\":\"Participantes do Curso de Ver\u00e3o refletem sobre migra\u00e7\u00e3o e pol\u00edticas p\u00fablicas - Not\u00edcias - Franciscanos\",\"isPartOf\":{\"@id\":\"https:\/\/franciscanos.org.br\/noticias\/#website\"},\"primaryImageOfPage\":{\"@id\":\"https:\/\/franciscanos.org.br\/noticias\/participantes-do-curso-de-verao-refletem-sobre-migracao-e-politicas-publicas.html#primaryimage\"},\"datePublished\":\"2019-01-18T14:48:10+00:00\",\"dateModified\":\"2020-08-06T19:48:26+00:00\",\"author\":{\"@id\":\"https:\/\/franciscanos.org.br\/noticias\/#\/schema\/person\/b38fbf43118f02820bd932f2e4b14ad3\"},\"breadcrumb\":{\"@id\":\"https:\/\/franciscanos.org.br\/noticias\/participantes-do-curso-de-verao-refletem-sobre-migracao-e-politicas-publicas.html#breadcrumb\"},\"inLanguage\":\"pt-BR\",\"potentialAction\":[{\"@type\":\"ReadAction\",\"target\":[\"https:\/\/franciscanos.org.br\/noticias\/participantes-do-curso-de-verao-refletem-sobre-migracao-e-politicas-publicas.html\"]}]},{\"@type\":\"BreadcrumbList\",\"@id\":\"https:\/\/franciscanos.org.br\/noticias\/participantes-do-curso-de-verao-refletem-sobre-migracao-e-politicas-publicas.html#breadcrumb\",\"itemListElement\":[{\"@type\":\"ListItem\",\"position\":1,\"name\":\"Home\",\"item\":\"https:\/\/franciscanos.org.br\/noticias\"},{\"@type\":\"ListItem\",\"position\":2,\"name\":\"Participantes do Curso de Ver\u00e3o refletem sobre migra\u00e7\u00e3o e pol\u00edticas p\u00fablicas\"}]},{\"@type\":\"Person\",\"@id\":\"https:\/\/franciscanos.org.br\/noticias\/#\/schema\/person\/b38fbf43118f02820bd932f2e4b14ad3\",\"name\":\"admin\",\"image\":{\"@type\":\"ImageObject\",\"inLanguage\":\"pt-BR\",\"@id\":\"https:\/\/franciscanos.org.br\/noticias\/#\/schema\/person\/image\/\",\"url\":\"https:\/\/secure.gravatar.com\/avatar\/e8495742d34d0ba6448ea1c628263b3e?s=96&d=mm&r=g\",\"contentUrl\":\"https:\/\/secure.gravatar.com\/avatar\/e8495742d34d0ba6448ea1c628263b3e?s=96&d=mm&r=g\",\"caption\":\"admin\"},\"url\":\"https:\/\/franciscanos.org.br\/noticias\/author\/admin\"}]}<\/script>\n<!-- \/ Yoast SEO plugin. -->","yoast_head_json":{"title":"Participantes do Curso de Ver\u00e3o refletem sobre migra\u00e7\u00e3o e pol\u00edticas p\u00fablicas - Not\u00edcias - Franciscanos","robots":{"index":"index","follow":"follow","max-snippet":"max-snippet:-1","max-image-preview":"max-image-preview:large","max-video-preview":"max-video-preview:-1"},"canonical":"https:\/\/franciscanos.org.br\/noticias\/participantes-do-curso-de-verao-refletem-sobre-migracao-e-politicas-publicas.html","og_locale":"pt_BR","og_type":"article","og_title":"Participantes do Curso de Ver\u00e3o refletem sobre migra\u00e7\u00e3o e pol\u00edticas p\u00fablicas - Not\u00edcias - Franciscanos","og_description":"Juventude da Prov\u00edncia","og_url":"https:\/\/franciscanos.org.br\/noticias\/participantes-do-curso-de-verao-refletem-sobre-migracao-e-politicas-publicas.html","og_site_name":"Not\u00edcias - Franciscanos","article_published_time":"2019-01-18T14:48:10+00:00","article_modified_time":"2020-08-06T19:48:26+00:00","og_image":[{"width":273,"height":181,"url":"https:\/\/franciscanos.org.br\/noticias\/wp-content\/uploads\/2019\/01\/cursoverao_180119p.jpg","type":"image\/jpeg"}],"author":"admin","twitter_card":"summary_large_image","twitter_misc":{"Escrito por":"admin","Est. tempo de leitura":"5 minutos"},"schema":{"@context":"https:\/\/schema.org","@graph":[{"@type":"WebSite","@id":"https:\/\/franciscanos.org.br\/noticias\/#website","url":"https:\/\/franciscanos.org.br\/noticias\/","name":"Not\u00edcias - Franciscanos","description":"Prov\u00edncia Franciscana da Imaculada Concei\u00e7\u00e3o do Brasil - Ordem dos Frades Menores - OFM","potentialAction":[{"@type":"SearchAction","target":{"@type":"EntryPoint","urlTemplate":"https:\/\/franciscanos.org.br\/noticias\/?s={search_term_string}"},"query-input":"required name=search_term_string"}],"inLanguage":"pt-BR"},{"@type":"ImageObject","inLanguage":"pt-BR","@id":"https:\/\/franciscanos.org.br\/noticias\/participantes-do-curso-de-verao-refletem-sobre-migracao-e-politicas-publicas.html#primaryimage","url":"https:\/\/franciscanos.org.br\/noticias\/wp-content\/uploads\/2019\/01\/cursoverao_180119p.jpg","contentUrl":"https:\/\/franciscanos.org.br\/noticias\/wp-content\/uploads\/2019\/01\/cursoverao_180119p.jpg","width":273,"height":181},{"@type":"WebPage","@id":"https:\/\/franciscanos.org.br\/noticias\/participantes-do-curso-de-verao-refletem-sobre-migracao-e-politicas-publicas.html#webpage","url":"https:\/\/franciscanos.org.br\/noticias\/participantes-do-curso-de-verao-refletem-sobre-migracao-e-politicas-publicas.html","name":"Participantes do Curso de Ver\u00e3o refletem sobre migra\u00e7\u00e3o e pol\u00edticas p\u00fablicas - Not\u00edcias - Franciscanos","isPartOf":{"@id":"https:\/\/franciscanos.org.br\/noticias\/#website"},"primaryImageOfPage":{"@id":"https:\/\/franciscanos.org.br\/noticias\/participantes-do-curso-de-verao-refletem-sobre-migracao-e-politicas-publicas.html#primaryimage"},"datePublished":"2019-01-18T14:48:10+00:00","dateModified":"2020-08-06T19:48:26+00:00","author":{"@id":"https:\/\/franciscanos.org.br\/noticias\/#\/schema\/person\/b38fbf43118f02820bd932f2e4b14ad3"},"breadcrumb":{"@id":"https:\/\/franciscanos.org.br\/noticias\/participantes-do-curso-de-verao-refletem-sobre-migracao-e-politicas-publicas.html#breadcrumb"},"inLanguage":"pt-BR","potentialAction":[{"@type":"ReadAction","target":["https:\/\/franciscanos.org.br\/noticias\/participantes-do-curso-de-verao-refletem-sobre-migracao-e-politicas-publicas.html"]}]},{"@type":"BreadcrumbList","@id":"https:\/\/franciscanos.org.br\/noticias\/participantes-do-curso-de-verao-refletem-sobre-migracao-e-politicas-publicas.html#breadcrumb","itemListElement":[{"@type":"ListItem","position":1,"name":"Home","item":"https:\/\/franciscanos.org.br\/noticias"},{"@type":"ListItem","position":2,"name":"Participantes do Curso de Ver\u00e3o refletem sobre migra\u00e7\u00e3o e pol\u00edticas p\u00fablicas"}]},{"@type":"Person","@id":"https:\/\/franciscanos.org.br\/noticias\/#\/schema\/person\/b38fbf43118f02820bd932f2e4b14ad3","name":"admin","image":{"@type":"ImageObject","inLanguage":"pt-BR","@id":"https:\/\/franciscanos.org.br\/noticias\/#\/schema\/person\/image\/","url":"https:\/\/secure.gravatar.com\/avatar\/e8495742d34d0ba6448ea1c628263b3e?s=96&d=mm&r=g","contentUrl":"https:\/\/secure.gravatar.com\/avatar\/e8495742d34d0ba6448ea1c628263b3e?s=96&d=mm&r=g","caption":"admin"},"url":"https:\/\/franciscanos.org.br\/noticias\/author\/admin"}]}},"_links":{"self":[{"href":"https:\/\/franciscanos.org.br\/noticias\/wp-json\/wp\/v2\/posts\/194969"}],"collection":[{"href":"https:\/\/franciscanos.org.br\/noticias\/wp-json\/wp\/v2\/posts"}],"about":[{"href":"https:\/\/franciscanos.org.br\/noticias\/wp-json\/wp\/v2\/types\/post"}],"author":[{"embeddable":true,"href":"https:\/\/franciscanos.org.br\/noticias\/wp-json\/wp\/v2\/users\/1"}],"replies":[{"embeddable":true,"href":"https:\/\/franciscanos.org.br\/noticias\/wp-json\/wp\/v2\/comments?post=194969"}],"version-history":[{"count":1,"href":"https:\/\/franciscanos.org.br\/noticias\/wp-json\/wp\/v2\/posts\/194969\/revisions"}],"predecessor-version":[{"id":227624,"href":"https:\/\/franciscanos.org.br\/noticias\/wp-json\/wp\/v2\/posts\/194969\/revisions\/227624"}],"wp:featuredmedia":[{"embeddable":true,"href":"https:\/\/franciscanos.org.br\/noticias\/wp-json\/wp\/v2\/media\/194971"}],"wp:attachment":[{"href":"https:\/\/franciscanos.org.br\/noticias\/wp-json\/wp\/v2\/media?parent=194969"}],"wp:term":[{"taxonomy":"category","embeddable":true,"href":"https:\/\/franciscanos.org.br\/noticias\/wp-json\/wp\/v2\/categories?post=194969"},{"taxonomy":"post_tag","embeddable":true,"href":"https:\/\/franciscanos.org.br\/noticias\/wp-json\/wp\/v2\/tags?post=194969"}],"curies":[{"name":"wp","href":"https:\/\/api.w.org\/{rel}","templated":true}]}}