{"id":194697,"date":"2019-01-17T07:17:36","date_gmt":"2019-01-17T09:17:36","guid":{"rendered":"https:\/\/franciscanos.org.br\/noticias\/?p=194697"},"modified":"2019-09-12T09:51:42","modified_gmt":"2019-09-12T12:51:42","slug":"paquistao-celebra-800-anos-do-encontro-de-sao-francisco-com-o-sultao","status":"publish","type":"post","link":"https:\/\/franciscanos.org.br\/noticias\/paquistao-celebra-800-anos-do-encontro-de-sao-francisco-com-o-sultao.html","title":{"rendered":"Paquist\u00e3o celebra 800 anos do encontro de S\u00e3o Francisco com o Sult\u00e3o"},"content":{"rendered":"<p><img loading=\"lazy\" class=\"alignnone size-full wp-image-194698\" src=\"https:\/\/franciscanos.org.br\/noticias\/wp-content\/uploads\/2019\/01\/sultao_170119.jpg\" alt=\"\" width=\"890\" height=\"461\" srcset=\"https:\/\/franciscanos.org.br\/noticias\/wp-content\/uploads\/2019\/01\/sultao_170119.jpg 890w, https:\/\/franciscanos.org.br\/noticias\/wp-content\/uploads\/2019\/01\/sultao_170119-450x233.jpg 450w, https:\/\/franciscanos.org.br\/noticias\/wp-content\/uploads\/2019\/01\/sultao_170119-768x398.jpg 768w, https:\/\/franciscanos.org.br\/noticias\/wp-content\/uploads\/2019\/01\/sultao_170119-150x78.jpg 150w\" sizes=\"(max-width: 890px) 100vw, 890px\" \/><\/p>\n<p>H\u00e1 800 anos realizava-se o hist\u00f3rico encontro entre S\u00e3o Francisco de Assis e o sult\u00e3o do Egito, AL-Kamil, um pilar na esteira do di\u00e1logo inter-religioso isl\u00e2mico-crist\u00e3o. O presidente dos bispos paquistaneses, Sebastian Shaw reitera que tamb\u00e9m hoje devemos ser embaixadores da paz.<\/p>\n<p>Era o ano de 1219 quando Francisco de Assis, em meio \u00e0s Cruzadas e ao clima de viol\u00eancia e conflito delas decorrente, decidiu dar a sua contribui\u00e7\u00e3o para promover a paz, com a b\u00ean\u00e7\u00e3o e permiss\u00e3o do Papa Hon\u00f3rio III.<\/p>\n<p>Assim, enquanto as duas margens do Mediterr\u00e2neo eram marcadas pelo \u00f3dio, o \u201cPobre de Assis\u201d foi a Damietta, a poucos quil\u00f4metros de dist\u00e2ncia do Cairo para conversar com o Sult\u00e3o do Egito Malik al Kamil, fazendo com que o Evangelho se encontrasse com o Alcor\u00e3o. Um gesto inesperado, forte nas inten\u00e7\u00f5es e implica\u00e7\u00f5es, mas que permaneceu por muito tempo &#8220;pouco glorioso&#8221;, sendo considerado at\u00e9 mesmo pela maioria como um fracasso.<\/p>\n<p>Mas desejo do pr\u00f3prio Francisco de Assis em ir at\u00e9 os mu\u00e7ulmanos, sem bolsa nem alforje, com a \u00fanica arma do respeito, que se coloca como caminho ainda hoje para buscar o entendimento e harmonia entre Oriente e Ocidente.<\/p>\n<p>O Pobrezinho de Assis, com sua vis\u00e3o de evangeliza\u00e7\u00e3o e com suas a\u00e7\u00f5es, faz parte de toda outra l\u00f3gica, desconhecida na \u00e9poca, e acaba at\u00e9 mesmo por prever a derrota aos cruzados.<\/p>\n<p><strong>Celebra\u00e7\u00f5es no Paquist\u00e3o<\/strong><\/p>\n<p>Oitocentos anos mais tarde, toma forma no Paquist\u00e3o &#8211; por iniciativa da Comiss\u00e3o Nacional para o Di\u00e1logo Inter-religioso e o Ecumenismo, no seio da Confer\u00eancia dos Bispos do Paquist\u00e3o &#8211; uma s\u00e9rie de importantes iniciativas e celebra\u00e7\u00f5es, voltadas a relan\u00e7ar a mensagem universal de toler\u00e2ncia, de amizade, do compromisso comum pela paz.<\/p>\n<p>A inaugura\u00e7\u00e3o deste ano especial dedicado ao di\u00e1logo ocorreu nos dias passados em Lahore, na presen\u00e7a de Dom Sebastian Shaw, arcebispo da cidade, e presidente da Confer\u00eancia Episcopal do Paquist\u00e3o e padre Francis Nadeem, Cust\u00f3dio dos Frades Capuchinhos paquistaneses, e secret\u00e1rio executivo da Comiss\u00e3o. Presentes numerosos franciscanos, religiosas, sacerdotes, leigos e eminentes estudiosos mu\u00e7ulmanos que tamb\u00e9m foram para a ocasi\u00e3o partindo de cidades como Sialkot, Gujranwala e Islamabad.<\/p>\n<p><strong>Da parte do di\u00e1logo<\/strong><\/p>\n<p>Os dois grandes l\u00edderes, Francisco e Al-kamil, &#8220;uniram-se em favor da paz e da toler\u00e2ncia em meio \u00e0 atmosfera de guerra e conflito durante as Cruzadas. Deram um exemplo de di\u00e1logo inter-religioso e compreens\u00e3o rec\u00edproca&#8221;, disse o padre Nadeem.<\/p>\n<p>No in\u00edcio da cerim\u00f4nia, tamb\u00e9m foi desvelada uma pintura &#8211; como relatado pela Ag. Fides &#8211; que retrata o encontro entre S\u00e3o Francisco de Assis e Al- Kamil, enquanto pombas eram soltas, simbolizando a esperan\u00e7a de difundir a mensagem de paz no Paquist\u00e3o e em todos aqueles lugares onde h\u00e1 conflitos religiosos e pol\u00edticos.<\/p>\n<p>O capuchino Shahzad Khokher a seguir, apresentou o contexto hist\u00f3rico e o significado deste encontro, narrado tamb\u00e9m em um livro da Livraria Editora Vaticana (LEV), intitulado &#8220;Bento XVI e S\u00e3o Francisco&#8221;, de Gianfranco Grieco, que investiga justamente a teologia, a catequese e a espiritualidade do Papa em\u00e9rito sobre o Pobrezinho de Assis, toda focada no fortalecimento do di\u00e1logo inter-religioso, tema caro tamb\u00e9m ao Papa Bergoglio, que do Frade Santo, escolheu o nome.<\/p>\n<p><strong>Embaixadores da paz<\/strong><\/p>\n<p>O arcebispo Shaw encorajou todos os presentes a &#8220;serem embaixadores da paz&#8221;, inspirando-se no exemplo demonstrado por esses grandes l\u00edderes em um tempo em que falar sobre a paz parecia quase inoportuno.<\/p>\n<p>Padre Nadeem, por sua vez, anunciou que em 2019 o evento ser\u00e1 celebrado em todo o Paquist\u00e3o, com diversas atividades: semin\u00e1rios para crian\u00e7as, jovens, estudantes universit\u00e1rios, envolvendo sempre mais crist\u00e3os e mu\u00e7ulmanos.<\/p>\n<p>&#8220;Pretendemos alcan\u00e7ar &#8211; disse ele &#8211; tamb\u00e9m aqueles 30% de l\u00edderes religiosos mu\u00e7ulmanos que s\u00e3o hostis em rela\u00e7\u00e3o aos crist\u00e3os. Como S\u00e3o Francisco, sem medo, com a ajuda dos mu\u00e7ulmanos que est\u00e3o do nosso lado, desejamos encontr\u00e1-los para promover a paz e a harmonia no Paquist\u00e3o&#8221;.<\/p>\n<p>Muhammad Asim Makhdoom, famoso estudioso entre os muitos l\u00edderes isl\u00e2micos presentes, concordou: &#8220;Promoveremos juntos a miss\u00e3o de S\u00e3o Francisco e do Sult\u00e3o. Cabe a n\u00f3s enfrentar os que espalham \u00f3dio e preconceito entre as religi\u00f5es. Cabe a n\u00f3s comprometemo-nos seriamente este ano para convencer outras pessoas a unirem-se a este movimento que promove o di\u00e1logo inter-religioso, a paz e a harmonia social, enquanto n\u00f3s celebramos o 800\u00ba anivers\u00e1rio daquele encontro hist\u00f3rico.&#8221;<\/p>\n<p>A cerim\u00f4nia foi conclu\u00edda com a ora\u00e7\u00e3o comum pela paz recitada pela assembleia.<\/p>\n","protected":false},"excerpt":{"rendered":"<p>Jubileu da Ordem Franciscana<\/p>\n","protected":false},"author":3,"featured_media":194699,"comment_status":"open","ping_status":"open","sticky":false,"template":"","format":"standard","meta":[],"categories":[1],"tags":[1231],"acf":[],"yoast_head":"<!-- This site is optimized with the Yoast SEO plugin v19.2 - https:\/\/yoast.com\/wordpress\/plugins\/seo\/ -->\n<title>Paquist\u00e3o celebra 800 anos do encontro de S\u00e3o Francisco com o Sult\u00e3o - Not\u00edcias - Franciscanos<\/title>\n<meta name=\"robots\" content=\"index, follow, max-snippet:-1, max-image-preview:large, max-video-preview:-1\" \/>\n<link rel=\"canonical\" href=\"https:\/\/franciscanos.org.br\/noticias\/paquistao-celebra-800-anos-do-encontro-de-sao-francisco-com-o-sultao.html\" \/>\n<meta property=\"og:locale\" content=\"pt_BR\" \/>\n<meta property=\"og:type\" content=\"article\" \/>\n<meta property=\"og:title\" content=\"Paquist\u00e3o celebra 800 anos do encontro de S\u00e3o Francisco com o Sult\u00e3o - Not\u00edcias - Franciscanos\" \/>\n<meta property=\"og:description\" content=\"Jubileu da Ordem Franciscana\" \/>\n<meta property=\"og:url\" content=\"https:\/\/franciscanos.org.br\/noticias\/paquistao-celebra-800-anos-do-encontro-de-sao-francisco-com-o-sultao.html\" \/>\n<meta property=\"og:site_name\" content=\"Not\u00edcias - Franciscanos\" \/>\n<meta property=\"article:published_time\" content=\"2019-01-17T09:17:36+00:00\" \/>\n<meta property=\"article:modified_time\" content=\"2019-09-12T12:51:42+00:00\" \/>\n<meta property=\"og:image\" content=\"https:\/\/franciscanos.org.br\/noticias\/wp-content\/uploads\/2019\/01\/francisco_170119d.jpg\" \/>\n\t<meta property=\"og:image:width\" content=\"273\" \/>\n\t<meta property=\"og:image:height\" content=\"181\" \/>\n\t<meta property=\"og:image:type\" content=\"image\/jpeg\" \/>\n<meta name=\"author\" content=\"moacir\" \/>\n<meta name=\"twitter:card\" content=\"summary_large_image\" \/>\n<meta name=\"twitter:label1\" content=\"Escrito por\" \/>\n\t<meta name=\"twitter:data1\" content=\"moacir\" \/>\n\t<meta name=\"twitter:label2\" content=\"Est. tempo de leitura\" \/>\n\t<meta name=\"twitter:data2\" content=\"4 minutos\" \/>\n<script type=\"application\/ld+json\" class=\"yoast-schema-graph\">{\"@context\":\"https:\/\/schema.org\",\"@graph\":[{\"@type\":\"WebSite\",\"@id\":\"https:\/\/franciscanos.org.br\/noticias\/#website\",\"url\":\"https:\/\/franciscanos.org.br\/noticias\/\",\"name\":\"Not\u00edcias - Franciscanos\",\"description\":\"Prov\u00edncia Franciscana da Imaculada Concei\u00e7\u00e3o do Brasil - Ordem dos Frades Menores - OFM\",\"potentialAction\":[{\"@type\":\"SearchAction\",\"target\":{\"@type\":\"EntryPoint\",\"urlTemplate\":\"https:\/\/franciscanos.org.br\/noticias\/?s={search_term_string}\"},\"query-input\":\"required name=search_term_string\"}],\"inLanguage\":\"pt-BR\"},{\"@type\":\"ImageObject\",\"inLanguage\":\"pt-BR\",\"@id\":\"https:\/\/franciscanos.org.br\/noticias\/paquistao-celebra-800-anos-do-encontro-de-sao-francisco-com-o-sultao.html#primaryimage\",\"url\":\"https:\/\/franciscanos.org.br\/noticias\/wp-content\/uploads\/2019\/01\/francisco_170119d.jpg\",\"contentUrl\":\"https:\/\/franciscanos.org.br\/noticias\/wp-content\/uploads\/2019\/01\/francisco_170119d.jpg\",\"width\":273,\"height\":181},{\"@type\":\"WebPage\",\"@id\":\"https:\/\/franciscanos.org.br\/noticias\/paquistao-celebra-800-anos-do-encontro-de-sao-francisco-com-o-sultao.html#webpage\",\"url\":\"https:\/\/franciscanos.org.br\/noticias\/paquistao-celebra-800-anos-do-encontro-de-sao-francisco-com-o-sultao.html\",\"name\":\"Paquist\u00e3o celebra 800 anos do encontro de S\u00e3o Francisco com o Sult\u00e3o - Not\u00edcias - Franciscanos\",\"isPartOf\":{\"@id\":\"https:\/\/franciscanos.org.br\/noticias\/#website\"},\"primaryImageOfPage\":{\"@id\":\"https:\/\/franciscanos.org.br\/noticias\/paquistao-celebra-800-anos-do-encontro-de-sao-francisco-com-o-sultao.html#primaryimage\"},\"datePublished\":\"2019-01-17T09:17:36+00:00\",\"dateModified\":\"2019-09-12T12:51:42+00:00\",\"author\":{\"@id\":\"https:\/\/franciscanos.org.br\/noticias\/#\/schema\/person\/b5c8cba458c330ccff548b056e95a5d4\"},\"breadcrumb\":{\"@id\":\"https:\/\/franciscanos.org.br\/noticias\/paquistao-celebra-800-anos-do-encontro-de-sao-francisco-com-o-sultao.html#breadcrumb\"},\"inLanguage\":\"pt-BR\",\"potentialAction\":[{\"@type\":\"ReadAction\",\"target\":[\"https:\/\/franciscanos.org.br\/noticias\/paquistao-celebra-800-anos-do-encontro-de-sao-francisco-com-o-sultao.html\"]}]},{\"@type\":\"BreadcrumbList\",\"@id\":\"https:\/\/franciscanos.org.br\/noticias\/paquistao-celebra-800-anos-do-encontro-de-sao-francisco-com-o-sultao.html#breadcrumb\",\"itemListElement\":[{\"@type\":\"ListItem\",\"position\":1,\"name\":\"Home\",\"item\":\"https:\/\/franciscanos.org.br\/noticias\"},{\"@type\":\"ListItem\",\"position\":2,\"name\":\"Paquist\u00e3o celebra 800 anos do encontro de S\u00e3o Francisco com o Sult\u00e3o\"}]},{\"@type\":\"Person\",\"@id\":\"https:\/\/franciscanos.org.br\/noticias\/#\/schema\/person\/b5c8cba458c330ccff548b056e95a5d4\",\"name\":\"moacir\",\"image\":{\"@type\":\"ImageObject\",\"inLanguage\":\"pt-BR\",\"@id\":\"https:\/\/franciscanos.org.br\/noticias\/#\/schema\/person\/image\/\",\"url\":\"https:\/\/secure.gravatar.com\/avatar\/d08aa2ce4c8dd416d4479aa8536fcf64?s=96&d=mm&r=g\",\"contentUrl\":\"https:\/\/secure.gravatar.com\/avatar\/d08aa2ce4c8dd416d4479aa8536fcf64?s=96&d=mm&r=g\",\"caption\":\"moacir\"},\"url\":\"https:\/\/franciscanos.org.br\/noticias\/author\/moacir\"}]}<\/script>\n<!-- \/ Yoast SEO plugin. -->","yoast_head_json":{"title":"Paquist\u00e3o celebra 800 anos do encontro de S\u00e3o Francisco com o Sult\u00e3o - Not\u00edcias - Franciscanos","robots":{"index":"index","follow":"follow","max-snippet":"max-snippet:-1","max-image-preview":"max-image-preview:large","max-video-preview":"max-video-preview:-1"},"canonical":"https:\/\/franciscanos.org.br\/noticias\/paquistao-celebra-800-anos-do-encontro-de-sao-francisco-com-o-sultao.html","og_locale":"pt_BR","og_type":"article","og_title":"Paquist\u00e3o celebra 800 anos do encontro de S\u00e3o Francisco com o Sult\u00e3o - Not\u00edcias - Franciscanos","og_description":"Jubileu da Ordem Franciscana","og_url":"https:\/\/franciscanos.org.br\/noticias\/paquistao-celebra-800-anos-do-encontro-de-sao-francisco-com-o-sultao.html","og_site_name":"Not\u00edcias - Franciscanos","article_published_time":"2019-01-17T09:17:36+00:00","article_modified_time":"2019-09-12T12:51:42+00:00","og_image":[{"width":273,"height":181,"url":"https:\/\/franciscanos.org.br\/noticias\/wp-content\/uploads\/2019\/01\/francisco_170119d.jpg","type":"image\/jpeg"}],"author":"moacir","twitter_card":"summary_large_image","twitter_misc":{"Escrito por":"moacir","Est. tempo de leitura":"4 minutos"},"schema":{"@context":"https:\/\/schema.org","@graph":[{"@type":"WebSite","@id":"https:\/\/franciscanos.org.br\/noticias\/#website","url":"https:\/\/franciscanos.org.br\/noticias\/","name":"Not\u00edcias - Franciscanos","description":"Prov\u00edncia Franciscana da Imaculada Concei\u00e7\u00e3o do Brasil - Ordem dos Frades Menores - OFM","potentialAction":[{"@type":"SearchAction","target":{"@type":"EntryPoint","urlTemplate":"https:\/\/franciscanos.org.br\/noticias\/?s={search_term_string}"},"query-input":"required name=search_term_string"}],"inLanguage":"pt-BR"},{"@type":"ImageObject","inLanguage":"pt-BR","@id":"https:\/\/franciscanos.org.br\/noticias\/paquistao-celebra-800-anos-do-encontro-de-sao-francisco-com-o-sultao.html#primaryimage","url":"https:\/\/franciscanos.org.br\/noticias\/wp-content\/uploads\/2019\/01\/francisco_170119d.jpg","contentUrl":"https:\/\/franciscanos.org.br\/noticias\/wp-content\/uploads\/2019\/01\/francisco_170119d.jpg","width":273,"height":181},{"@type":"WebPage","@id":"https:\/\/franciscanos.org.br\/noticias\/paquistao-celebra-800-anos-do-encontro-de-sao-francisco-com-o-sultao.html#webpage","url":"https:\/\/franciscanos.org.br\/noticias\/paquistao-celebra-800-anos-do-encontro-de-sao-francisco-com-o-sultao.html","name":"Paquist\u00e3o celebra 800 anos do encontro de S\u00e3o Francisco com o Sult\u00e3o - Not\u00edcias - Franciscanos","isPartOf":{"@id":"https:\/\/franciscanos.org.br\/noticias\/#website"},"primaryImageOfPage":{"@id":"https:\/\/franciscanos.org.br\/noticias\/paquistao-celebra-800-anos-do-encontro-de-sao-francisco-com-o-sultao.html#primaryimage"},"datePublished":"2019-01-17T09:17:36+00:00","dateModified":"2019-09-12T12:51:42+00:00","author":{"@id":"https:\/\/franciscanos.org.br\/noticias\/#\/schema\/person\/b5c8cba458c330ccff548b056e95a5d4"},"breadcrumb":{"@id":"https:\/\/franciscanos.org.br\/noticias\/paquistao-celebra-800-anos-do-encontro-de-sao-francisco-com-o-sultao.html#breadcrumb"},"inLanguage":"pt-BR","potentialAction":[{"@type":"ReadAction","target":["https:\/\/franciscanos.org.br\/noticias\/paquistao-celebra-800-anos-do-encontro-de-sao-francisco-com-o-sultao.html"]}]},{"@type":"BreadcrumbList","@id":"https:\/\/franciscanos.org.br\/noticias\/paquistao-celebra-800-anos-do-encontro-de-sao-francisco-com-o-sultao.html#breadcrumb","itemListElement":[{"@type":"ListItem","position":1,"name":"Home","item":"https:\/\/franciscanos.org.br\/noticias"},{"@type":"ListItem","position":2,"name":"Paquist\u00e3o celebra 800 anos do encontro de S\u00e3o Francisco com o Sult\u00e3o"}]},{"@type":"Person","@id":"https:\/\/franciscanos.org.br\/noticias\/#\/schema\/person\/b5c8cba458c330ccff548b056e95a5d4","name":"moacir","image":{"@type":"ImageObject","inLanguage":"pt-BR","@id":"https:\/\/franciscanos.org.br\/noticias\/#\/schema\/person\/image\/","url":"https:\/\/secure.gravatar.com\/avatar\/d08aa2ce4c8dd416d4479aa8536fcf64?s=96&d=mm&r=g","contentUrl":"https:\/\/secure.gravatar.com\/avatar\/d08aa2ce4c8dd416d4479aa8536fcf64?s=96&d=mm&r=g","caption":"moacir"},"url":"https:\/\/franciscanos.org.br\/noticias\/author\/moacir"}]}},"_links":{"self":[{"href":"https:\/\/franciscanos.org.br\/noticias\/wp-json\/wp\/v2\/posts\/194697"}],"collection":[{"href":"https:\/\/franciscanos.org.br\/noticias\/wp-json\/wp\/v2\/posts"}],"about":[{"href":"https:\/\/franciscanos.org.br\/noticias\/wp-json\/wp\/v2\/types\/post"}],"author":[{"embeddable":true,"href":"https:\/\/franciscanos.org.br\/noticias\/wp-json\/wp\/v2\/users\/3"}],"replies":[{"embeddable":true,"href":"https:\/\/franciscanos.org.br\/noticias\/wp-json\/wp\/v2\/comments?post=194697"}],"version-history":[{"count":0,"href":"https:\/\/franciscanos.org.br\/noticias\/wp-json\/wp\/v2\/posts\/194697\/revisions"}],"wp:featuredmedia":[{"embeddable":true,"href":"https:\/\/franciscanos.org.br\/noticias\/wp-json\/wp\/v2\/media\/194699"}],"wp:attachment":[{"href":"https:\/\/franciscanos.org.br\/noticias\/wp-json\/wp\/v2\/media?parent=194697"}],"wp:term":[{"taxonomy":"category","embeddable":true,"href":"https:\/\/franciscanos.org.br\/noticias\/wp-json\/wp\/v2\/categories?post=194697"},{"taxonomy":"post_tag","embeddable":true,"href":"https:\/\/franciscanos.org.br\/noticias\/wp-json\/wp\/v2\/tags?post=194697"}],"curies":[{"name":"wp","href":"https:\/\/api.w.org\/{rel}","templated":true}]}}