{"id":194540,"date":"2019-01-14T09:31:43","date_gmt":"2019-01-14T11:31:43","guid":{"rendered":"https:\/\/franciscanos.org.br\/noticias\/?p=194540"},"modified":"2020-08-06T16:50:20","modified_gmt":"2020-08-06T19:50:20","slug":"a-fraternidade-permanece-sendo-a-promessa-nao-cumprida-da-modernidade","status":"publish","type":"post","link":"https:\/\/franciscanos.org.br\/noticias\/a-fraternidade-permanece-sendo-a-promessa-nao-cumprida-da-modernidade.html","title":{"rendered":"A fraternidade permanece sendo a promessa n\u00e3o cumprida da modernidade"},"content":{"rendered":"<p><img loading=\"lazy\" class=\"alignnone size-full wp-image-194541\" src=\"https:\/\/franciscanos.org.br\/noticias\/wp-content\/uploads\/2019\/01\/papa_150119.jpg\" alt=\"\" width=\"890\" height=\"501\" srcset=\"https:\/\/franciscanos.org.br\/noticias\/wp-content\/uploads\/2019\/01\/papa_150119.jpg 890w, https:\/\/franciscanos.org.br\/noticias\/wp-content\/uploads\/2019\/01\/papa_150119-450x253.jpg 450w, https:\/\/franciscanos.org.br\/noticias\/wp-content\/uploads\/2019\/01\/papa_150119-768x432.jpg 768w, https:\/\/franciscanos.org.br\/noticias\/wp-content\/uploads\/2019\/01\/papa_150119-150x84.jpg 150w\" sizes=\"(max-width: 890px) 100vw, 890px\" \/><\/p>\n<p><strong>Cidade do Vaticano<\/strong> &#8211; O Papa Francisco enviou uma carta a Dom Vincenzo Paglia, presidente da Pontif\u00edcia Academia para a Vida por ocasi\u00e3o do 25\u00ba anivers\u00e1rio da sua institui\u00e7\u00e3o, em 11 de fevereiro de 1994. Ele inicia a Carta falando sobre a comunidade humana e sobre sua cria\u00e7\u00e3o a partir do sonho de Deus, sublinhando que \u201cno mist\u00e9rio da gera\u00e7\u00e3o a grande fam\u00edlia da humanidade pode reencontrar a si mesma\u201d.<\/p>\n<p>O Pont\u00edfice evidencia tamb\u00e9m que \u201cdevemos restituir import\u00e2ncia a esta paix\u00e3o de Deus pela criatura humana e o seu mundo\u201d, criatura que foi feita por Deus \u00e0 sua \u201cimagem\u201d \u2013 \u201chomem e mulher\u201d criatura espiritual e sens\u00edvel, consciente e livre. \u201cA rela\u00e7\u00e3o entre o homem e a mulher \u00e9 o ponto eminente no qual toda a cria\u00e7\u00e3o torna-se interlocutora de Deus e testemunha do seu amor\u201d, acrescentou o Papa. Por isso, escreve o Papa, no nosso tempo a Igreja \u00e9 chamada a relan\u00e7ar com for\u00e7a o humanismo da vida que irrompe desta paix\u00e3o de Deus pela criatura humana.<\/p>\n<p><strong>Bem-estar individual e coletivo<\/strong><br \/>\nOutro ponto citado pelo Pont\u00edfice refere-se \u00e0 degrada\u00e7\u00e3o do ser humano e o paradoxo com o progresso. O Papa explica: \u201cA dist\u00e2ncia entre a obsess\u00e3o pelo pr\u00f3prio bem-estar e a felicidade compartilhada de toda humanidade parece ampliar-se cada vez mais: chegando-se a pensar que entre o indiv\u00edduo e a comunidade humana esteja em curso um verdadeiro cisma\u201d.<\/p>\n<p>Francisco acrescenta depois que se \u201ctrata de uma verdadeira cultura \u2013 ou melhor anticultura \u2013 da indiferen\u00e7a pela comunidade: hostil aos homens e \u00e0s mulheres e aliada \u00e0 prepot\u00eancia do dinheiro\u201d.<\/p>\n<p>O Papa se pergunta ainda: como p\u00f4de acontecer este paradoxo? No momento que o mundo tem maiores disponibilidades de riquezas econ\u00f4micas e tecnol\u00f3gicas aparecem nossas divis\u00f5es mais agressivas e vive-se uma degrada\u00e7\u00e3o espiritual, \u2013 poder\u00edamos dizer niilismo \u2013 no qual o mundo \u00e9 submetido a esse paradoxo.<\/p>\n<p><strong>Uma escuta respons\u00e1vel<\/strong><br \/>\n\u201cO povo crist\u00e3o ouvindo o grito de sofrimento dos povos, deve reagir aos esp\u00edritos negativos que fomentam divis\u00f5es, indiferen\u00e7as e hostilidade\u201d, exorta o Papa depois de apresentar o quadro atual da condi\u00e7\u00e3o humana. Destacou a necessidade de se inspirar no ato do amor de Deus: \u201cA Igreja deve ser a primeira a reencontrar a beleza desta inspira\u00e7\u00e3o e fazer a sua parte, com renovado entusiasmo\u201d.<\/p>\n<p>O Santo Padre sugere que \u201c\u00e9 tempo de relan\u00e7ar uma nova vis\u00e3o para o humanismo fraterno e solid\u00e1rio das pessoas e dos povos colocando em primeiro lugar a criatura humana\u201d.<\/p>\n<p>\u201cPara esta miss\u00e3o h\u00e1 como sinais de encorajamento a a\u00e7\u00e3o de Deus nos nossos dias\u201d, continua o Pont\u00edfice. Os sinais \u201cdevem ser reconhecidos evitando que o horizonte seja obscurado pelos aspectos negativos\u201d.<\/p>\n<p>Falando sobre o futuro da Academia Pontif\u00edcia afirmou que, \u201cantes de tudo devemos conhecer a l\u00edngua e as hist\u00f3rias dos homens e das mulheres do nosso tempo, colocando o an\u00fancio do Evangelho na experi\u00eancia concreta\u201d \u2013 \u201cpara colher o sentido da vida humana, a experi\u00eancia \u00e0 qual devemos nos referir \u00e9 a que se pode reconhecer na din\u00e2mica da gera\u00e7\u00e3o\u201d. O Papa sublinha ainda: \u201cViver significa necessariamente ser filhos, acolhidos e cuidados, mesmo se algumas vezes de modo inadequado\u201d.<\/p>\n<p>O Pont\u00edfice exortou ent\u00e3o o trabalho da Pontif\u00edcia Academia: \u201cN\u00e3o tenham medo de elaborar argumenta\u00e7\u00f5es e linguagens que sejam utilizadas em um di\u00e1logo intercultural e interreligioso, assim como interdisciplinar\u201d.<\/p>\n<p>Francisco conclui reiterando a necessidade de \u201creconhecer que a fraternidade permanece sendo a promessa n\u00e3o cumprida da modernidade\u201d. \u201cA for\u00e7a da fraternidade, que a adora\u00e7\u00e3o de Deus em esp\u00edrito e verdade gera entre os homens, \u00e9 a nova fronteira do cristianismo\u201d.<\/p>\n","protected":false},"excerpt":{"rendered":"<p>Pontif\u00edcia Academia para a Vida<\/p>\n","protected":false},"author":3,"featured_media":194542,"comment_status":"open","ping_status":"open","sticky":false,"template":"","format":"standard","meta":[],"categories":[1428],"tags":[55],"acf":[],"yoast_head":"<!-- This site is optimized with the Yoast SEO plugin v19.2 - https:\/\/yoast.com\/wordpress\/plugins\/seo\/ -->\n<title>A fraternidade permanece sendo a promessa n\u00e3o cumprida da modernidade - Not\u00edcias - Franciscanos<\/title>\n<meta name=\"robots\" content=\"index, follow, max-snippet:-1, max-image-preview:large, max-video-preview:-1\" \/>\n<link rel=\"canonical\" href=\"https:\/\/franciscanos.org.br\/noticias\/a-fraternidade-permanece-sendo-a-promessa-nao-cumprida-da-modernidade.html\" \/>\n<meta property=\"og:locale\" content=\"pt_BR\" \/>\n<meta property=\"og:type\" content=\"article\" \/>\n<meta property=\"og:title\" content=\"A fraternidade permanece sendo a promessa n\u00e3o cumprida da modernidade - Not\u00edcias - Franciscanos\" \/>\n<meta property=\"og:description\" content=\"Pontif\u00edcia Academia para a Vida\" \/>\n<meta property=\"og:url\" content=\"https:\/\/franciscanos.org.br\/noticias\/a-fraternidade-permanece-sendo-a-promessa-nao-cumprida-da-modernidade.html\" \/>\n<meta property=\"og:site_name\" content=\"Not\u00edcias - Franciscanos\" \/>\n<meta property=\"article:published_time\" content=\"2019-01-14T11:31:43+00:00\" \/>\n<meta property=\"article:modified_time\" content=\"2020-08-06T19:50:20+00:00\" \/>\n<meta property=\"og:image\" content=\"https:\/\/franciscanos.org.br\/noticias\/wp-content\/uploads\/2019\/01\/papa_150119d.jpg\" \/>\n\t<meta property=\"og:image:width\" content=\"273\" \/>\n\t<meta property=\"og:image:height\" content=\"181\" \/>\n\t<meta property=\"og:image:type\" content=\"image\/jpeg\" \/>\n<meta name=\"author\" content=\"moacir\" \/>\n<meta name=\"twitter:card\" content=\"summary_large_image\" \/>\n<meta name=\"twitter:label1\" content=\"Escrito por\" \/>\n\t<meta name=\"twitter:data1\" content=\"moacir\" \/>\n\t<meta name=\"twitter:label2\" content=\"Est. tempo de leitura\" \/>\n\t<meta name=\"twitter:data2\" content=\"3 minutos\" \/>\n<script type=\"application\/ld+json\" class=\"yoast-schema-graph\">{\"@context\":\"https:\/\/schema.org\",\"@graph\":[{\"@type\":\"WebSite\",\"@id\":\"https:\/\/franciscanos.org.br\/noticias\/#website\",\"url\":\"https:\/\/franciscanos.org.br\/noticias\/\",\"name\":\"Not\u00edcias - Franciscanos\",\"description\":\"Prov\u00edncia Franciscana da Imaculada Concei\u00e7\u00e3o do Brasil - Ordem dos Frades Menores - OFM\",\"potentialAction\":[{\"@type\":\"SearchAction\",\"target\":{\"@type\":\"EntryPoint\",\"urlTemplate\":\"https:\/\/franciscanos.org.br\/noticias\/?s={search_term_string}\"},\"query-input\":\"required name=search_term_string\"}],\"inLanguage\":\"pt-BR\"},{\"@type\":\"ImageObject\",\"inLanguage\":\"pt-BR\",\"@id\":\"https:\/\/franciscanos.org.br\/noticias\/a-fraternidade-permanece-sendo-a-promessa-nao-cumprida-da-modernidade.html#primaryimage\",\"url\":\"https:\/\/franciscanos.org.br\/noticias\/wp-content\/uploads\/2019\/01\/papa_150119d.jpg\",\"contentUrl\":\"https:\/\/franciscanos.org.br\/noticias\/wp-content\/uploads\/2019\/01\/papa_150119d.jpg\",\"width\":273,\"height\":181},{\"@type\":\"WebPage\",\"@id\":\"https:\/\/franciscanos.org.br\/noticias\/a-fraternidade-permanece-sendo-a-promessa-nao-cumprida-da-modernidade.html#webpage\",\"url\":\"https:\/\/franciscanos.org.br\/noticias\/a-fraternidade-permanece-sendo-a-promessa-nao-cumprida-da-modernidade.html\",\"name\":\"A fraternidade permanece sendo a promessa n\u00e3o cumprida da modernidade - Not\u00edcias - Franciscanos\",\"isPartOf\":{\"@id\":\"https:\/\/franciscanos.org.br\/noticias\/#website\"},\"primaryImageOfPage\":{\"@id\":\"https:\/\/franciscanos.org.br\/noticias\/a-fraternidade-permanece-sendo-a-promessa-nao-cumprida-da-modernidade.html#primaryimage\"},\"datePublished\":\"2019-01-14T11:31:43+00:00\",\"dateModified\":\"2020-08-06T19:50:20+00:00\",\"author\":{\"@id\":\"https:\/\/franciscanos.org.br\/noticias\/#\/schema\/person\/b5c8cba458c330ccff548b056e95a5d4\"},\"breadcrumb\":{\"@id\":\"https:\/\/franciscanos.org.br\/noticias\/a-fraternidade-permanece-sendo-a-promessa-nao-cumprida-da-modernidade.html#breadcrumb\"},\"inLanguage\":\"pt-BR\",\"potentialAction\":[{\"@type\":\"ReadAction\",\"target\":[\"https:\/\/franciscanos.org.br\/noticias\/a-fraternidade-permanece-sendo-a-promessa-nao-cumprida-da-modernidade.html\"]}]},{\"@type\":\"BreadcrumbList\",\"@id\":\"https:\/\/franciscanos.org.br\/noticias\/a-fraternidade-permanece-sendo-a-promessa-nao-cumprida-da-modernidade.html#breadcrumb\",\"itemListElement\":[{\"@type\":\"ListItem\",\"position\":1,\"name\":\"Home\",\"item\":\"https:\/\/franciscanos.org.br\/noticias\"},{\"@type\":\"ListItem\",\"position\":2,\"name\":\"A fraternidade permanece sendo a promessa n\u00e3o cumprida da modernidade\"}]},{\"@type\":\"Person\",\"@id\":\"https:\/\/franciscanos.org.br\/noticias\/#\/schema\/person\/b5c8cba458c330ccff548b056e95a5d4\",\"name\":\"moacir\",\"image\":{\"@type\":\"ImageObject\",\"inLanguage\":\"pt-BR\",\"@id\":\"https:\/\/franciscanos.org.br\/noticias\/#\/schema\/person\/image\/\",\"url\":\"https:\/\/secure.gravatar.com\/avatar\/d08aa2ce4c8dd416d4479aa8536fcf64?s=96&d=mm&r=g\",\"contentUrl\":\"https:\/\/secure.gravatar.com\/avatar\/d08aa2ce4c8dd416d4479aa8536fcf64?s=96&d=mm&r=g\",\"caption\":\"moacir\"},\"url\":\"https:\/\/franciscanos.org.br\/noticias\/author\/moacir\"}]}<\/script>\n<!-- \/ Yoast SEO plugin. -->","yoast_head_json":{"title":"A fraternidade permanece sendo a promessa n\u00e3o cumprida da modernidade - Not\u00edcias - Franciscanos","robots":{"index":"index","follow":"follow","max-snippet":"max-snippet:-1","max-image-preview":"max-image-preview:large","max-video-preview":"max-video-preview:-1"},"canonical":"https:\/\/franciscanos.org.br\/noticias\/a-fraternidade-permanece-sendo-a-promessa-nao-cumprida-da-modernidade.html","og_locale":"pt_BR","og_type":"article","og_title":"A fraternidade permanece sendo a promessa n\u00e3o cumprida da modernidade - Not\u00edcias - Franciscanos","og_description":"Pontif\u00edcia Academia para a Vida","og_url":"https:\/\/franciscanos.org.br\/noticias\/a-fraternidade-permanece-sendo-a-promessa-nao-cumprida-da-modernidade.html","og_site_name":"Not\u00edcias - Franciscanos","article_published_time":"2019-01-14T11:31:43+00:00","article_modified_time":"2020-08-06T19:50:20+00:00","og_image":[{"width":273,"height":181,"url":"https:\/\/franciscanos.org.br\/noticias\/wp-content\/uploads\/2019\/01\/papa_150119d.jpg","type":"image\/jpeg"}],"author":"moacir","twitter_card":"summary_large_image","twitter_misc":{"Escrito por":"moacir","Est. tempo de leitura":"3 minutos"},"schema":{"@context":"https:\/\/schema.org","@graph":[{"@type":"WebSite","@id":"https:\/\/franciscanos.org.br\/noticias\/#website","url":"https:\/\/franciscanos.org.br\/noticias\/","name":"Not\u00edcias - Franciscanos","description":"Prov\u00edncia Franciscana da Imaculada Concei\u00e7\u00e3o do Brasil - Ordem dos Frades Menores - OFM","potentialAction":[{"@type":"SearchAction","target":{"@type":"EntryPoint","urlTemplate":"https:\/\/franciscanos.org.br\/noticias\/?s={search_term_string}"},"query-input":"required name=search_term_string"}],"inLanguage":"pt-BR"},{"@type":"ImageObject","inLanguage":"pt-BR","@id":"https:\/\/franciscanos.org.br\/noticias\/a-fraternidade-permanece-sendo-a-promessa-nao-cumprida-da-modernidade.html#primaryimage","url":"https:\/\/franciscanos.org.br\/noticias\/wp-content\/uploads\/2019\/01\/papa_150119d.jpg","contentUrl":"https:\/\/franciscanos.org.br\/noticias\/wp-content\/uploads\/2019\/01\/papa_150119d.jpg","width":273,"height":181},{"@type":"WebPage","@id":"https:\/\/franciscanos.org.br\/noticias\/a-fraternidade-permanece-sendo-a-promessa-nao-cumprida-da-modernidade.html#webpage","url":"https:\/\/franciscanos.org.br\/noticias\/a-fraternidade-permanece-sendo-a-promessa-nao-cumprida-da-modernidade.html","name":"A fraternidade permanece sendo a promessa n\u00e3o cumprida da modernidade - Not\u00edcias - Franciscanos","isPartOf":{"@id":"https:\/\/franciscanos.org.br\/noticias\/#website"},"primaryImageOfPage":{"@id":"https:\/\/franciscanos.org.br\/noticias\/a-fraternidade-permanece-sendo-a-promessa-nao-cumprida-da-modernidade.html#primaryimage"},"datePublished":"2019-01-14T11:31:43+00:00","dateModified":"2020-08-06T19:50:20+00:00","author":{"@id":"https:\/\/franciscanos.org.br\/noticias\/#\/schema\/person\/b5c8cba458c330ccff548b056e95a5d4"},"breadcrumb":{"@id":"https:\/\/franciscanos.org.br\/noticias\/a-fraternidade-permanece-sendo-a-promessa-nao-cumprida-da-modernidade.html#breadcrumb"},"inLanguage":"pt-BR","potentialAction":[{"@type":"ReadAction","target":["https:\/\/franciscanos.org.br\/noticias\/a-fraternidade-permanece-sendo-a-promessa-nao-cumprida-da-modernidade.html"]}]},{"@type":"BreadcrumbList","@id":"https:\/\/franciscanos.org.br\/noticias\/a-fraternidade-permanece-sendo-a-promessa-nao-cumprida-da-modernidade.html#breadcrumb","itemListElement":[{"@type":"ListItem","position":1,"name":"Home","item":"https:\/\/franciscanos.org.br\/noticias"},{"@type":"ListItem","position":2,"name":"A fraternidade permanece sendo a promessa n\u00e3o cumprida da modernidade"}]},{"@type":"Person","@id":"https:\/\/franciscanos.org.br\/noticias\/#\/schema\/person\/b5c8cba458c330ccff548b056e95a5d4","name":"moacir","image":{"@type":"ImageObject","inLanguage":"pt-BR","@id":"https:\/\/franciscanos.org.br\/noticias\/#\/schema\/person\/image\/","url":"https:\/\/secure.gravatar.com\/avatar\/d08aa2ce4c8dd416d4479aa8536fcf64?s=96&d=mm&r=g","contentUrl":"https:\/\/secure.gravatar.com\/avatar\/d08aa2ce4c8dd416d4479aa8536fcf64?s=96&d=mm&r=g","caption":"moacir"},"url":"https:\/\/franciscanos.org.br\/noticias\/author\/moacir"}]}},"_links":{"self":[{"href":"https:\/\/franciscanos.org.br\/noticias\/wp-json\/wp\/v2\/posts\/194540"}],"collection":[{"href":"https:\/\/franciscanos.org.br\/noticias\/wp-json\/wp\/v2\/posts"}],"about":[{"href":"https:\/\/franciscanos.org.br\/noticias\/wp-json\/wp\/v2\/types\/post"}],"author":[{"embeddable":true,"href":"https:\/\/franciscanos.org.br\/noticias\/wp-json\/wp\/v2\/users\/3"}],"replies":[{"embeddable":true,"href":"https:\/\/franciscanos.org.br\/noticias\/wp-json\/wp\/v2\/comments?post=194540"}],"version-history":[{"count":1,"href":"https:\/\/franciscanos.org.br\/noticias\/wp-json\/wp\/v2\/posts\/194540\/revisions"}],"predecessor-version":[{"id":227628,"href":"https:\/\/franciscanos.org.br\/noticias\/wp-json\/wp\/v2\/posts\/194540\/revisions\/227628"}],"wp:featuredmedia":[{"embeddable":true,"href":"https:\/\/franciscanos.org.br\/noticias\/wp-json\/wp\/v2\/media\/194542"}],"wp:attachment":[{"href":"https:\/\/franciscanos.org.br\/noticias\/wp-json\/wp\/v2\/media?parent=194540"}],"wp:term":[{"taxonomy":"category","embeddable":true,"href":"https:\/\/franciscanos.org.br\/noticias\/wp-json\/wp\/v2\/categories?post=194540"},{"taxonomy":"post_tag","embeddable":true,"href":"https:\/\/franciscanos.org.br\/noticias\/wp-json\/wp\/v2\/tags?post=194540"}],"curies":[{"name":"wp","href":"https:\/\/api.w.org\/{rel}","templated":true}]}}