{"id":194314,"date":"2019-01-09T17:25:46","date_gmt":"2019-01-09T19:25:46","guid":{"rendered":"https:\/\/franciscanos.org.br\/noticias\/?p=194314"},"modified":"2019-01-14T08:40:44","modified_gmt":"2019-01-14T10:40:44","slug":"provincia-do-maranhao-e-piaui-tem-novo-ministro-provincial","status":"publish","type":"post","link":"https:\/\/franciscanos.org.br\/noticias\/provincia-do-maranhao-e-piaui-tem-novo-ministro-provincial.html","title":{"rendered":"Prov\u00edncia do Maranh\u00e3o e Piau\u00ed tem novo Ministro Provincial"},"content":{"rendered":"<p><img loading=\"lazy\" class=\"alignleft size-full wp-image-194315\" src=\"https:\/\/franciscanos.org.br\/noticias\/wp-content\/uploads\/2019\/01\/ministro_090119.jpg\" alt=\"\" width=\"890\" height=\"622\" srcset=\"https:\/\/franciscanos.org.br\/noticias\/wp-content\/uploads\/2019\/01\/ministro_090119.jpg 890w, https:\/\/franciscanos.org.br\/noticias\/wp-content\/uploads\/2019\/01\/ministro_090119-450x314.jpg 450w, https:\/\/franciscanos.org.br\/noticias\/wp-content\/uploads\/2019\/01\/ministro_090119-768x537.jpg 768w, https:\/\/franciscanos.org.br\/noticias\/wp-content\/uploads\/2019\/01\/ministro_090119-150x105.jpg 150w, https:\/\/franciscanos.org.br\/noticias\/wp-content\/uploads\/2019\/01\/ministro_090119-474x332.jpg 474w\" sizes=\"(max-width: 890px) 100vw, 890px\" \/><\/p>\n<p>A Prov\u00edncia Franciscana Nossa Senhora da Assun\u00e7\u00e3o, presente nos estados do Maranh\u00e3o e Piau\u00ed, est\u00e1 em Cap\u00edtulo Provincial e elegeu, na manh\u00e3 desta quarta-feira, 9 de janeiro, o novo Ministro Provincial para o pr\u00f3ximo sex\u00eanio: Frei Ant\u00f4nio Pach\u00eaco Ramos.\u00a0 Para Vig\u00e1rio Provincial foi eleito Frei Miguel Kleinhans, que recentemente foi Visitador Geral da Prov\u00edncia da Imaculada Concei\u00e7\u00e3o. Para Definidores, foram eleitos:\u00a0Frei Jo\u00e3o Paulo Andrade Moreira;\u00a0Frei Ivaldo Evangelista Mendon\u00e7a;\u00a0Frei James Carneiro de S\u00e1 Alencar; e\u00a0Frei Crist\u00f3v\u00e3o Jackson dos Santos Melo.<\/p>\n<p>Natural de Copem, zona ruaral de Bacabal (MA), Frei Ant\u00f4nio, que substitui a Frei Bernardo Brand\u00e3o, nasceu em 4 de julho de 1960. \u00c9 filho de Jos\u00e9 Santos Ramos e Maria Pacheco Ramos. Ele ingressou na Ordem dos Frades Menores recebendo o h\u00e1bito franciscano no dia 1\u00ba de fevereiro de 1987 e fez a profiss\u00e3o dos primeiros votos em 2 de fevereiro de 1988. Sua profiss\u00e3o solene foi em 6 de janeiro de 1992. Cursou Filosofia e Teologia no Instituto Cat\u00f3lico de Estudos Superiores do Piau\u00ed. Foi ordenado presb\u00edtero na Igreja de S\u00e3o Francisco das Chagas, em Bacabal, pela imposi\u00e7\u00e3o das m\u00e3os de Dom Jos\u00e9 Alonso Gonzales no dia 14 de agosto de 1996.<\/p>\n<p>Como sacerdote, trabalhou na Par\u00f3quia de S\u00e3o Jos\u00e9, em Lago da Pedra; na Par\u00f3quia S\u00e3o Francisco das Chagas, em Bacabal; e atualmente \u00e9 vig\u00e1rio da Par\u00f3quia Nossa Senhora da Gl\u00f3ria e guardi\u00e3o do Convento anexo. Tamb\u00e9m foi Definidor Provincial de 2007-2012 e de 2016-2018.<\/p>\n<p>O Cap\u00edtulo Provincial tem como tema: \u201cFraternidade, solidariedade e miss\u00e3o\u201d e lema: \u201cCaminhando juntos, somos irm\u00e3os\u201d. Este momento analisa a caminhada provincial, os passos dados nos \u00faltimos seis anos, que foram conduzidos pelo Ministro Provincial Frei Bernardo Brand\u00e3o, e planeja os pr\u00f3ximos passos da miss\u00e3o provincial, com solidariedade e fraternidade.<\/p>\n<p>O Visitador Geral designado pela C\u00faria Geral da Ordem dos Frades Menores \u00e9 Frei Jo\u00e3o Carlos Karling, da Prov\u00edncia de S\u00e3o Francisco de Assis no Rio Grande do Sul. Ele acompanhou a Prov\u00edncia desde 2017 na sua miss\u00e3o de conhecer os frades da Prov\u00edncia, os conventos, e os servi\u00e7os at\u00e9 chegar \u00e0 presid\u00eancia deste Cap\u00edtulo.<\/p>\n<p>O Cap\u00edtulo se estender\u00e1 at\u00e9 sexta-feira \u00e0 noite (19 horas), no Centro Franciscano de Anima\u00e7\u00e3o Mission\u00e1ria (Cefram), encerrando-se com a Celebra\u00e7\u00e3o Eucar\u00edstica, presidida pelo bispo de Bacabal, Dom\u00a0Armando Mart\u00edn\u00a0 Guti\u00e9rrez.<\/p>\n","protected":false},"excerpt":{"rendered":"<p>Prov\u00edncia Franciscana Nossa Senhora da Assun\u00e7\u00e3o tem novo governo.<\/p>\n","protected":false},"author":3,"featured_media":194316,"comment_status":"open","ping_status":"open","sticky":false,"template":"","format":"standard","meta":[],"categories":[1],"tags":[323,1223],"acf":[],"yoast_head":"<!-- This site is optimized with the Yoast SEO plugin v19.2 - https:\/\/yoast.com\/wordpress\/plugins\/seo\/ -->\n<title>Prov\u00edncia do Maranh\u00e3o e Piau\u00ed tem novo Ministro Provincial - Not\u00edcias - Franciscanos<\/title>\n<meta name=\"robots\" content=\"index, follow, max-snippet:-1, max-image-preview:large, max-video-preview:-1\" \/>\n<link rel=\"canonical\" href=\"https:\/\/franciscanos.org.br\/noticias\/provincia-do-maranhao-e-piaui-tem-novo-ministro-provincial.html\" \/>\n<meta property=\"og:locale\" content=\"pt_BR\" \/>\n<meta property=\"og:type\" content=\"article\" \/>\n<meta property=\"og:title\" content=\"Prov\u00edncia do Maranh\u00e3o e Piau\u00ed tem novo Ministro Provincial - Not\u00edcias - Franciscanos\" \/>\n<meta property=\"og:description\" content=\"Prov\u00edncia Franciscana Nossa Senhora da Assun\u00e7\u00e3o tem novo governo.\" \/>\n<meta property=\"og:url\" content=\"https:\/\/franciscanos.org.br\/noticias\/provincia-do-maranhao-e-piaui-tem-novo-ministro-provincial.html\" \/>\n<meta property=\"og:site_name\" content=\"Not\u00edcias - Franciscanos\" \/>\n<meta property=\"article:published_time\" content=\"2019-01-09T19:25:46+00:00\" \/>\n<meta property=\"article:modified_time\" content=\"2019-01-14T10:40:44+00:00\" \/>\n<meta property=\"og:image\" content=\"https:\/\/franciscanos.org.br\/noticias\/wp-content\/uploads\/2019\/01\/ministro_090119d.jpg\" \/>\n\t<meta property=\"og:image:width\" content=\"273\" \/>\n\t<meta property=\"og:image:height\" content=\"181\" \/>\n\t<meta property=\"og:image:type\" content=\"image\/jpeg\" \/>\n<meta name=\"author\" content=\"moacir\" \/>\n<meta name=\"twitter:card\" content=\"summary_large_image\" \/>\n<meta name=\"twitter:label1\" content=\"Escrito por\" \/>\n\t<meta name=\"twitter:data1\" content=\"moacir\" \/>\n\t<meta name=\"twitter:label2\" content=\"Est. tempo de leitura\" \/>\n\t<meta name=\"twitter:data2\" content=\"2 minutos\" \/>\n<script type=\"application\/ld+json\" class=\"yoast-schema-graph\">{\"@context\":\"https:\/\/schema.org\",\"@graph\":[{\"@type\":\"WebSite\",\"@id\":\"https:\/\/franciscanos.org.br\/noticias\/#website\",\"url\":\"https:\/\/franciscanos.org.br\/noticias\/\",\"name\":\"Not\u00edcias - Franciscanos\",\"description\":\"Prov\u00edncia Franciscana da Imaculada Concei\u00e7\u00e3o do Brasil - Ordem dos Frades Menores - OFM\",\"potentialAction\":[{\"@type\":\"SearchAction\",\"target\":{\"@type\":\"EntryPoint\",\"urlTemplate\":\"https:\/\/franciscanos.org.br\/noticias\/?s={search_term_string}\"},\"query-input\":\"required name=search_term_string\"}],\"inLanguage\":\"pt-BR\"},{\"@type\":\"ImageObject\",\"inLanguage\":\"pt-BR\",\"@id\":\"https:\/\/franciscanos.org.br\/noticias\/provincia-do-maranhao-e-piaui-tem-novo-ministro-provincial.html#primaryimage\",\"url\":\"https:\/\/franciscanos.org.br\/noticias\/wp-content\/uploads\/2019\/01\/ministro_090119d.jpg\",\"contentUrl\":\"https:\/\/franciscanos.org.br\/noticias\/wp-content\/uploads\/2019\/01\/ministro_090119d.jpg\",\"width\":273,\"height\":181},{\"@type\":\"WebPage\",\"@id\":\"https:\/\/franciscanos.org.br\/noticias\/provincia-do-maranhao-e-piaui-tem-novo-ministro-provincial.html#webpage\",\"url\":\"https:\/\/franciscanos.org.br\/noticias\/provincia-do-maranhao-e-piaui-tem-novo-ministro-provincial.html\",\"name\":\"Prov\u00edncia do Maranh\u00e3o e Piau\u00ed tem novo Ministro Provincial - Not\u00edcias - Franciscanos\",\"isPartOf\":{\"@id\":\"https:\/\/franciscanos.org.br\/noticias\/#website\"},\"primaryImageOfPage\":{\"@id\":\"https:\/\/franciscanos.org.br\/noticias\/provincia-do-maranhao-e-piaui-tem-novo-ministro-provincial.html#primaryimage\"},\"datePublished\":\"2019-01-09T19:25:46+00:00\",\"dateModified\":\"2019-01-14T10:40:44+00:00\",\"author\":{\"@id\":\"https:\/\/franciscanos.org.br\/noticias\/#\/schema\/person\/b5c8cba458c330ccff548b056e95a5d4\"},\"breadcrumb\":{\"@id\":\"https:\/\/franciscanos.org.br\/noticias\/provincia-do-maranhao-e-piaui-tem-novo-ministro-provincial.html#breadcrumb\"},\"inLanguage\":\"pt-BR\",\"potentialAction\":[{\"@type\":\"ReadAction\",\"target\":[\"https:\/\/franciscanos.org.br\/noticias\/provincia-do-maranhao-e-piaui-tem-novo-ministro-provincial.html\"]}]},{\"@type\":\"BreadcrumbList\",\"@id\":\"https:\/\/franciscanos.org.br\/noticias\/provincia-do-maranhao-e-piaui-tem-novo-ministro-provincial.html#breadcrumb\",\"itemListElement\":[{\"@type\":\"ListItem\",\"position\":1,\"name\":\"Home\",\"item\":\"https:\/\/franciscanos.org.br\/noticias\"},{\"@type\":\"ListItem\",\"position\":2,\"name\":\"Prov\u00edncia do Maranh\u00e3o e Piau\u00ed tem novo Ministro Provincial\"}]},{\"@type\":\"Person\",\"@id\":\"https:\/\/franciscanos.org.br\/noticias\/#\/schema\/person\/b5c8cba458c330ccff548b056e95a5d4\",\"name\":\"moacir\",\"image\":{\"@type\":\"ImageObject\",\"inLanguage\":\"pt-BR\",\"@id\":\"https:\/\/franciscanos.org.br\/noticias\/#\/schema\/person\/image\/\",\"url\":\"https:\/\/secure.gravatar.com\/avatar\/d08aa2ce4c8dd416d4479aa8536fcf64?s=96&d=mm&r=g\",\"contentUrl\":\"https:\/\/secure.gravatar.com\/avatar\/d08aa2ce4c8dd416d4479aa8536fcf64?s=96&d=mm&r=g\",\"caption\":\"moacir\"},\"url\":\"https:\/\/franciscanos.org.br\/noticias\/author\/moacir\"}]}<\/script>\n<!-- \/ Yoast SEO plugin. -->","yoast_head_json":{"title":"Prov\u00edncia do Maranh\u00e3o e Piau\u00ed tem novo Ministro Provincial - Not\u00edcias - Franciscanos","robots":{"index":"index","follow":"follow","max-snippet":"max-snippet:-1","max-image-preview":"max-image-preview:large","max-video-preview":"max-video-preview:-1"},"canonical":"https:\/\/franciscanos.org.br\/noticias\/provincia-do-maranhao-e-piaui-tem-novo-ministro-provincial.html","og_locale":"pt_BR","og_type":"article","og_title":"Prov\u00edncia do Maranh\u00e3o e Piau\u00ed tem novo Ministro Provincial - Not\u00edcias - Franciscanos","og_description":"Prov\u00edncia Franciscana Nossa Senhora da Assun\u00e7\u00e3o tem novo governo.","og_url":"https:\/\/franciscanos.org.br\/noticias\/provincia-do-maranhao-e-piaui-tem-novo-ministro-provincial.html","og_site_name":"Not\u00edcias - Franciscanos","article_published_time":"2019-01-09T19:25:46+00:00","article_modified_time":"2019-01-14T10:40:44+00:00","og_image":[{"width":273,"height":181,"url":"https:\/\/franciscanos.org.br\/noticias\/wp-content\/uploads\/2019\/01\/ministro_090119d.jpg","type":"image\/jpeg"}],"author":"moacir","twitter_card":"summary_large_image","twitter_misc":{"Escrito por":"moacir","Est. tempo de leitura":"2 minutos"},"schema":{"@context":"https:\/\/schema.org","@graph":[{"@type":"WebSite","@id":"https:\/\/franciscanos.org.br\/noticias\/#website","url":"https:\/\/franciscanos.org.br\/noticias\/","name":"Not\u00edcias - Franciscanos","description":"Prov\u00edncia Franciscana da Imaculada Concei\u00e7\u00e3o do Brasil - Ordem dos Frades Menores - OFM","potentialAction":[{"@type":"SearchAction","target":{"@type":"EntryPoint","urlTemplate":"https:\/\/franciscanos.org.br\/noticias\/?s={search_term_string}"},"query-input":"required name=search_term_string"}],"inLanguage":"pt-BR"},{"@type":"ImageObject","inLanguage":"pt-BR","@id":"https:\/\/franciscanos.org.br\/noticias\/provincia-do-maranhao-e-piaui-tem-novo-ministro-provincial.html#primaryimage","url":"https:\/\/franciscanos.org.br\/noticias\/wp-content\/uploads\/2019\/01\/ministro_090119d.jpg","contentUrl":"https:\/\/franciscanos.org.br\/noticias\/wp-content\/uploads\/2019\/01\/ministro_090119d.jpg","width":273,"height":181},{"@type":"WebPage","@id":"https:\/\/franciscanos.org.br\/noticias\/provincia-do-maranhao-e-piaui-tem-novo-ministro-provincial.html#webpage","url":"https:\/\/franciscanos.org.br\/noticias\/provincia-do-maranhao-e-piaui-tem-novo-ministro-provincial.html","name":"Prov\u00edncia do Maranh\u00e3o e Piau\u00ed tem novo Ministro Provincial - Not\u00edcias - Franciscanos","isPartOf":{"@id":"https:\/\/franciscanos.org.br\/noticias\/#website"},"primaryImageOfPage":{"@id":"https:\/\/franciscanos.org.br\/noticias\/provincia-do-maranhao-e-piaui-tem-novo-ministro-provincial.html#primaryimage"},"datePublished":"2019-01-09T19:25:46+00:00","dateModified":"2019-01-14T10:40:44+00:00","author":{"@id":"https:\/\/franciscanos.org.br\/noticias\/#\/schema\/person\/b5c8cba458c330ccff548b056e95a5d4"},"breadcrumb":{"@id":"https:\/\/franciscanos.org.br\/noticias\/provincia-do-maranhao-e-piaui-tem-novo-ministro-provincial.html#breadcrumb"},"inLanguage":"pt-BR","potentialAction":[{"@type":"ReadAction","target":["https:\/\/franciscanos.org.br\/noticias\/provincia-do-maranhao-e-piaui-tem-novo-ministro-provincial.html"]}]},{"@type":"BreadcrumbList","@id":"https:\/\/franciscanos.org.br\/noticias\/provincia-do-maranhao-e-piaui-tem-novo-ministro-provincial.html#breadcrumb","itemListElement":[{"@type":"ListItem","position":1,"name":"Home","item":"https:\/\/franciscanos.org.br\/noticias"},{"@type":"ListItem","position":2,"name":"Prov\u00edncia do Maranh\u00e3o e Piau\u00ed tem novo Ministro Provincial"}]},{"@type":"Person","@id":"https:\/\/franciscanos.org.br\/noticias\/#\/schema\/person\/b5c8cba458c330ccff548b056e95a5d4","name":"moacir","image":{"@type":"ImageObject","inLanguage":"pt-BR","@id":"https:\/\/franciscanos.org.br\/noticias\/#\/schema\/person\/image\/","url":"https:\/\/secure.gravatar.com\/avatar\/d08aa2ce4c8dd416d4479aa8536fcf64?s=96&d=mm&r=g","contentUrl":"https:\/\/secure.gravatar.com\/avatar\/d08aa2ce4c8dd416d4479aa8536fcf64?s=96&d=mm&r=g","caption":"moacir"},"url":"https:\/\/franciscanos.org.br\/noticias\/author\/moacir"}]}},"_links":{"self":[{"href":"https:\/\/franciscanos.org.br\/noticias\/wp-json\/wp\/v2\/posts\/194314"}],"collection":[{"href":"https:\/\/franciscanos.org.br\/noticias\/wp-json\/wp\/v2\/posts"}],"about":[{"href":"https:\/\/franciscanos.org.br\/noticias\/wp-json\/wp\/v2\/types\/post"}],"author":[{"embeddable":true,"href":"https:\/\/franciscanos.org.br\/noticias\/wp-json\/wp\/v2\/users\/3"}],"replies":[{"embeddable":true,"href":"https:\/\/franciscanos.org.br\/noticias\/wp-json\/wp\/v2\/comments?post=194314"}],"version-history":[{"count":0,"href":"https:\/\/franciscanos.org.br\/noticias\/wp-json\/wp\/v2\/posts\/194314\/revisions"}],"wp:featuredmedia":[{"embeddable":true,"href":"https:\/\/franciscanos.org.br\/noticias\/wp-json\/wp\/v2\/media\/194316"}],"wp:attachment":[{"href":"https:\/\/franciscanos.org.br\/noticias\/wp-json\/wp\/v2\/media?parent=194314"}],"wp:term":[{"taxonomy":"category","embeddable":true,"href":"https:\/\/franciscanos.org.br\/noticias\/wp-json\/wp\/v2\/categories?post=194314"},{"taxonomy":"post_tag","embeddable":true,"href":"https:\/\/franciscanos.org.br\/noticias\/wp-json\/wp\/v2\/tags?post=194314"}],"curies":[{"name":"wp","href":"https:\/\/api.w.org\/{rel}","templated":true}]}}