{"id":194292,"date":"2019-01-08T09:46:05","date_gmt":"2019-01-08T11:46:05","guid":{"rendered":"https:\/\/franciscanos.org.br\/noticias\/?p=194292"},"modified":"2020-08-06T16:51:41","modified_gmt":"2020-08-06T19:51:41","slug":"papa-em-santa-marta-a-indiferenca-e-o-oposto-do-amor-de-deus","status":"publish","type":"post","link":"https:\/\/franciscanos.org.br\/noticias\/papa-em-santa-marta-a-indiferenca-e-o-oposto-do-amor-de-deus.html","title":{"rendered":"Papa em Santa Marta: A indiferen\u00e7a \u00e9 o oposto do amor de Deus"},"content":{"rendered":"<p><strong><img loading=\"lazy\" src=\"https:\/\/franciscanos.org.br\/noticias\/wp-content\/uploads\/2019\/01\/marta_080119.jpeg\" alt=\"\" width=\"980\" height=\"549\" \/><\/strong><\/p>\n<p><strong>Cidade do Vaticano &#8211;<\/strong> O Papa Francisco celebrou a missa nesta ter\u00e7a-feira (08\/01), na capela da Casa Santa Marta.\u00a0O pont\u00edfice se inspirou na liturgia de hoje, desde a exorta\u00e7\u00e3o ao amor, da Primeira Carta de S\u00e3o Jo\u00e3o Ap\u00f3stolo, ao evangelho de Marcos, sobre a multiplica\u00e7\u00e3o dos p\u00e3es.\u00a0Deus d\u00e1 o primeiro passo e ama a humanidade que n\u00e3o sabe amar, porque ele tem compaix\u00e3o e miseric\u00f3rdia, enquanto n\u00f3s mesmo sendo bons, muitas vezes n\u00e3o entendemos as necessidades dos outros e permanecemos indiferentes, talvez porque o amor de Deus n\u00e3o entrou em nossos cora\u00e7\u00f5es,\u00a0foi o que disse o Papa Francisco em sua homilia.<\/p>\n<p>A missa foi oferecida ao eterno descanso do arcebispo Giorgio Zur, N\u00fancio Apost\u00f3lico em\u00e9rito na \u00c1ustria, que viveu ali naquela casa e faleceu ontem \u00e0 meia-noite.<\/p>\n<p><strong>Deus deu o primeiro passo e nos amou primeiro<\/strong><\/p>\n<p>\u201cAmemo-nos uns aos outros, porque o amor\u201d vem de Deus, recordou o Papa, citando as palavras de S\u00e3o Jo\u00e3o na Primeira Leitura. O ap\u00f3stolo explica \u201ccomo o amor de Deus se manifestou em n\u00f3s\u201d: \u201cDeus enviou seu Filho unig\u00eanito ao mundo, para que tenhamos a vida atrav\u00e9s dele\u201d.<\/p>\n<p>\u201cEste \u00e9 o mist\u00e9rio do amor\u201d, esclareceu Francisco. Deus nos amou por primeiro. Ele deu o primeiro passo, um passo em dire\u00e7\u00e3o \u00e0 humanidade que n\u00e3o sabe amar, que precisa do carinho de Deus para amar, do testemunho de Deus. \u201cEste primeiro passo que Deus fez \u00e9 o seu Filho: ele o enviou para nos salvar e dar sentido \u00e0 vida, para nos renovar, para nos recriar\u201d, afirmou o Pont\u00edfice.<\/p>\n<p><strong>Jesus teve compaix\u00e3o da multid\u00e3o<\/strong><\/p>\n<p>A seguir, o Papa falou da passagem do evangelho de Marcos sobre a multiplica\u00e7\u00e3o dos p\u00e3es e dos peixes. \u201cPor que Deus fez isso?\u201d, perguntou. Por compaix\u00e3o. A compaix\u00e3o da grande multid\u00e3o de pessoas que v\u00ea descendo do barco, \u00e0s margens do Lago de Tiber\u00edades, porque estavam sozinhas, sublinhou o Papa Francisco: \u201cEram como ovelhas que n\u00e3o t\u00eam pastor\u201d.<\/p>\n<p>O cora\u00e7\u00e3o de Jesus se comove, v\u00ea aquelas pessoas e n\u00e3o pode ficar indiferente. O amor \u00e9 inquieto. O amor n\u00e3o tolera a indiferen\u00e7a. O amor tem compaix\u00e3o. Mas compaix\u00e3o significa colocar o cora\u00e7\u00e3o em risco; significa miseric\u00f3rdia. Jogar o pr\u00f3prio cora\u00e7\u00e3o para os outros: isso \u00e9 amor. O amor \u00e9 colocar o cora\u00e7\u00e3o em risco para os outros.<\/p>\n<p><strong>Os disc\u00edpulos: que se arranjem para encontrar comida<\/strong><\/p>\n<p>Depois, o Papa descreveu a cena de Jesus que ensina muitas coisas ao povo e os disc\u00edpulos acabam ficando entediados, porque Jesus sempre dizia as mesmas coisas. E enquanto Jesus ensina com amor e compaix\u00e3o, talvez comecem a falar entre eles. No final, eles olham para o rel\u00f3gio: \u201cMas \u00e9 tarde &#8230;\u201d.<\/p>\n<p>Francisco ainda citou o evangelista Marcos: \u201cMas Mestre, o lugar \u00e9 deserto e agora \u00e9 tarde. Mandem eles embora, de modo que, indo para os povoados vizinhos, possam comprar comida\u201d. Praticamente dizem \u201cpara eles se virarem\u201d e que comprem o p\u00e3o deles. \u201cMas temos certeza de que sabiam que tinham p\u00e3o para eles. Isso \u00e9 a indiferen\u00e7a\u201d, comentou o Pont\u00edfice.<\/p>\n<p>Aos disc\u00edpulos n\u00e3o interessava as pessoas: interessava Jesus, porque o queriam bem. N\u00e3o eram maus: eram indiferentes. Eles n\u00e3o sabiam o que era amar. Eles n\u00e3o sabiam o que era compaix\u00e3o. Eles n\u00e3o sabiam o que era indiferen\u00e7a. Eles tiveram que pecar, trair o Mestre, abandonar o Mestre, para entender o cerne da compaix\u00e3o e da miseric\u00f3rdia. E Jesus, a resposta \u00e9 pungente: &#8220;Dai-lhes v\u00f3s mesmos de comer&#8221;. Tomem conta deles. Esta \u00e9 a luta entre a compaix\u00e3o de Jesus e a indiferen\u00e7a, a indiferen\u00e7a que se repete na hist\u00f3ria sempre, sempre &#8230; Tantas pessoas que s\u00e3o boas, mas n\u00e3o compreendem as necessidades dos outros, n\u00e3o s\u00e3o capazes de compaix\u00e3o. S\u00e3o boas pessoas, talvez porque n\u00e3o entrou o amor de Deus em seus cora\u00e7\u00f5es ou n\u00e3o o deixaram entrar.<\/p>\n<p><strong>A fotografia das pessoas que desviam o olhar do sem-teto<\/strong><\/p>\n<p>E aqui o Papa Francisco descreve uma fotografia que est\u00e1 nas paredes da Esmolaria Apost\u00f3lica: &#8220;um clique espont\u00e2neo que fez um bravo jovem romano que a ofereceu \u00e0 Esmolaria&#8221;. O fez Daniele Garofani, hoje fot\u00f3grafo do &#8220;L&#8217;Osservatore Romano&#8221;, retornando de um servi\u00e7o de distribui\u00e7\u00e3o de refei\u00e7\u00f5es para os sem-teto junto com o cardeal Krajewski.\u00a0\u00c9 uma noite de inverno, se percebia pela maneira de vestir das pessoas &#8211; explica o Papa &#8211; que sa\u00edam de um restaurante. Pessoas bem cobertas e satisfeitas: haviam comido, estavam entre amigos.<\/p>\n<p>E l\u00e1 \u2013 prossegue Francisco na descri\u00e7\u00e3o da foto &#8211; &#8220;havia um homem sem-teto no ch\u00e3o, que faz assim &#8230;&#8221; (e imita o gesto da m\u00e3o estendida para pedir esmola). O fot\u00f3grafo, acrescenta ainda o Papa, foi capaz de tirar a fotografia no momento em que as pessoas desviam o olhar, para que os olhos n\u00e3o se cruzem. Isto, comentou Francisco, \u00e9 a cultura da indiferen\u00e7a. Isto \u00e9 o que os ap\u00f3stolos fizeram. &#8220;Deixe-os, que v\u00e3o para o campo, no escuro, com fome. Que eles se arranjem: \u00e9 problema deles&#8221;. Temos o que comer: cinco p\u00e3es e dois peixes para n\u00f3s.<\/p>\n<p><strong>O oposto do amor n\u00e3o \u00e9 o \u00f3dio, mas a indiferen\u00e7a<\/strong><\/p>\n<p>O amor de Deus sempre vai primeiro &#8211; explica o Papa &#8211; \u00e9 amor de compaix\u00e3o, de miseric\u00f3rdia. \u00c9 verdade que o oposto do amor \u00e9 o \u00f3dio, mas em tantas pessoas n\u00e3o existe um \u00f3dio consciente.\u00a0O oposto mais cotidiano ao amor de Deus, \u00e0 compaix\u00e3o de Deus, \u00e9 a indiferen\u00e7a.<\/p>\n<p>&#8220;Eu estou satisfeito, n\u00e3o me falta nada. Tenho tudo, assegurei esta vida, e tamb\u00e9m a eterna, porque vou \u00e0 Missa todos os domingos, sou um bom crist\u00e3o&#8221;. Mas, saindo do restaurante, eu olho para outra parte. Pensemos: este Deus que d\u00e1 o primeiro passo, que tem compaix\u00e3o, que tem miseric\u00f3rdia, e tantas vezes n\u00f3s, o nosso comportamento \u00e9 a indiferen\u00e7a. Rezemos ao Senhor para que cure a humanidade, come\u00e7ando por n\u00f3s: que o meu cora\u00e7\u00e3o seja curado dessa doen\u00e7a que \u00e9 a cultura da indiferen\u00e7a.<\/p>\n<p><strong>Felicita\u00e7\u00e3o a Kiko Arg\u00fcello pelo zelo apost\u00f3lico<\/strong><\/p>\n<p>No final da celebra\u00e7\u00e3o, Francisco envia uma cordial sauda\u00e7\u00e3o a Kiko Arg\u00fcello, iniciador do Caminho Neocatecumenal, pelo seu octog\u00e9simo anivers\u00e1rio, e agradece a ele pelo zelo apost\u00f3lico com que trabalha na Igreja.<\/p>\n<h1><strong>V\u00eddeo do Papa de janeiro pede ora\u00e7\u00e3o para os jovens<\/strong><\/h1>\n<p>O Papa Francisco, no primeiro v\u00eddeo do ano com a inten\u00e7\u00e3o de ora\u00e7\u00e3o para este m\u00eas de janeiro, divulgado nesta ter\u00e7a-feira (8), motiva para a evangeliza\u00e7\u00e3o dos jovens em v\u00e9spera de Jornada Mundial de Juventude:<\/p>\n<p>\u201cAproveitem a JMJ no Panam\u00e1 para contemplar Cristo com Maria. Cada um em seu idioma, rezemos o Ter\u00e7o pela paz.\u201d<\/p>\n<p>A Jornada, que acontece de 22 a 27 de janeiro, \u00e9 fonte de inspira\u00e7\u00e3o \u201cpara comunicar ao mundo a alegria do Evangelho\u201d, disse Francisco. O V\u00eddeo do Papa deste m\u00eas entra em conson\u00e2ncia com milhares de jovens de todo o mundo que est\u00e3o se deslocando para o Panam\u00e1 ao incentivar que sejam fi\u00e9is ao chamado de Jesus, superando todo tipo de diferen\u00e7a cultural, econ\u00f4mica ou social.<\/p>\n<p>Ora\u00e7\u00e3o especial aos jovens da Am\u00e9rica Latina<\/p>\n<p>O Papa Francisco, al\u00e9m de convidar cada um a rezar no seu pr\u00f3prio idioma \u201co Ter\u00e7o pela paz\u201d, pede para rezar por essa juventude, \u201cespecialmente os (jovens) da Am\u00e9rica Latina\u201d, para que tenham \u201cfor\u00e7as para sonhar e trabalhar pela paz\u201d.<\/p>\n<p>Confira:<\/p>\n<p><iframe loading=\"lazy\" src=\"https:\/\/www.youtube.com\/embed\/3n07f5gsppg\" width=\"100%\" height=\"420\" frameborder=\"0\" allowfullscreen=\"allowfullscreen\"><span data-mce-type=\"bookmark\" style=\"display: inline-block; width: 0px; overflow: hidden; line-height: 0;\" class=\"mce_SELRES_start\">\ufeff<\/span><\/iframe><\/p>\n","protected":false},"excerpt":{"rendered":"<p>Cidade do Vaticano &#8211; O Papa Francisco celebrou a missa nesta ter\u00e7a-feira (08\/01), na capela da Casa Santa Marta.\u00a0O pont\u00edfice se inspirou na liturgia de hoje, desde a exorta\u00e7\u00e3o ao amor, da Primeira Carta de S\u00e3o Jo\u00e3o Ap\u00f3stolo, ao evangelho de Marcos, sobre a multiplica\u00e7\u00e3o dos p\u00e3es.\u00a0Deus d\u00e1 o primeiro passo e ama a humanidade [&hellip;]<\/p>\n","protected":false},"author":1,"featured_media":194294,"comment_status":"open","ping_status":"open","sticky":false,"template":"","format":"standard","meta":[],"categories":[1428],"tags":[829],"acf":[],"yoast_head":"<!-- This site is optimized with the Yoast SEO plugin v19.2 - https:\/\/yoast.com\/wordpress\/plugins\/seo\/ -->\n<title>Papa em Santa Marta: A indiferen\u00e7a \u00e9 o oposto do amor de Deus - Not\u00edcias - Franciscanos<\/title>\n<meta name=\"robots\" content=\"index, follow, max-snippet:-1, max-image-preview:large, max-video-preview:-1\" \/>\n<link rel=\"canonical\" href=\"https:\/\/franciscanos.org.br\/noticias\/papa-em-santa-marta-a-indiferenca-e-o-oposto-do-amor-de-deus.html\" \/>\n<meta property=\"og:locale\" content=\"pt_BR\" \/>\n<meta property=\"og:type\" content=\"article\" \/>\n<meta property=\"og:title\" content=\"Papa em Santa Marta: A indiferen\u00e7a \u00e9 o oposto do amor de Deus - Not\u00edcias - Franciscanos\" \/>\n<meta property=\"og:description\" content=\"Cidade do Vaticano &#8211; O Papa Francisco celebrou a missa nesta ter\u00e7a-feira (08\/01), na capela da Casa Santa Marta.\u00a0O pont\u00edfice se inspirou na liturgia de hoje, desde a exorta\u00e7\u00e3o ao amor, da Primeira Carta de S\u00e3o Jo\u00e3o Ap\u00f3stolo, ao evangelho de Marcos, sobre a multiplica\u00e7\u00e3o dos p\u00e3es.\u00a0Deus d\u00e1 o primeiro passo e ama a humanidade [&hellip;]\" \/>\n<meta property=\"og:url\" content=\"https:\/\/franciscanos.org.br\/noticias\/papa-em-santa-marta-a-indiferenca-e-o-oposto-do-amor-de-deus.html\" \/>\n<meta property=\"og:site_name\" content=\"Not\u00edcias - Franciscanos\" \/>\n<meta property=\"article:published_time\" content=\"2019-01-08T11:46:05+00:00\" \/>\n<meta property=\"article:modified_time\" content=\"2020-08-06T19:51:41+00:00\" \/>\n<meta property=\"og:image\" content=\"https:\/\/franciscanos.org.br\/noticias\/wp-content\/uploads\/2019\/01\/marta_080119P.jpg\" \/>\n\t<meta property=\"og:image:width\" content=\"273\" \/>\n\t<meta property=\"og:image:height\" content=\"181\" \/>\n\t<meta property=\"og:image:type\" content=\"image\/jpeg\" \/>\n<meta name=\"author\" content=\"admin\" \/>\n<meta name=\"twitter:card\" content=\"summary_large_image\" \/>\n<meta name=\"twitter:label1\" content=\"Escrito por\" \/>\n\t<meta name=\"twitter:data1\" content=\"admin\" \/>\n\t<meta name=\"twitter:label2\" content=\"Est. tempo de leitura\" \/>\n\t<meta name=\"twitter:data2\" content=\"7 minutos\" \/>\n<script type=\"application\/ld+json\" class=\"yoast-schema-graph\">{\"@context\":\"https:\/\/schema.org\",\"@graph\":[{\"@type\":\"WebSite\",\"@id\":\"https:\/\/franciscanos.org.br\/noticias\/#website\",\"url\":\"https:\/\/franciscanos.org.br\/noticias\/\",\"name\":\"Not\u00edcias - Franciscanos\",\"description\":\"Prov\u00edncia Franciscana da Imaculada Concei\u00e7\u00e3o do Brasil - Ordem dos Frades Menores - OFM\",\"potentialAction\":[{\"@type\":\"SearchAction\",\"target\":{\"@type\":\"EntryPoint\",\"urlTemplate\":\"https:\/\/franciscanos.org.br\/noticias\/?s={search_term_string}\"},\"query-input\":\"required name=search_term_string\"}],\"inLanguage\":\"pt-BR\"},{\"@type\":\"ImageObject\",\"inLanguage\":\"pt-BR\",\"@id\":\"https:\/\/franciscanos.org.br\/noticias\/papa-em-santa-marta-a-indiferenca-e-o-oposto-do-amor-de-deus.html#primaryimage\",\"url\":\"https:\/\/franciscanos.org.br\/noticias\/wp-content\/uploads\/2019\/01\/marta_080119P.jpg\",\"contentUrl\":\"https:\/\/franciscanos.org.br\/noticias\/wp-content\/uploads\/2019\/01\/marta_080119P.jpg\",\"width\":273,\"height\":181},{\"@type\":\"WebPage\",\"@id\":\"https:\/\/franciscanos.org.br\/noticias\/papa-em-santa-marta-a-indiferenca-e-o-oposto-do-amor-de-deus.html#webpage\",\"url\":\"https:\/\/franciscanos.org.br\/noticias\/papa-em-santa-marta-a-indiferenca-e-o-oposto-do-amor-de-deus.html\",\"name\":\"Papa em Santa Marta: A indiferen\u00e7a \u00e9 o oposto do amor de Deus - Not\u00edcias - Franciscanos\",\"isPartOf\":{\"@id\":\"https:\/\/franciscanos.org.br\/noticias\/#website\"},\"primaryImageOfPage\":{\"@id\":\"https:\/\/franciscanos.org.br\/noticias\/papa-em-santa-marta-a-indiferenca-e-o-oposto-do-amor-de-deus.html#primaryimage\"},\"datePublished\":\"2019-01-08T11:46:05+00:00\",\"dateModified\":\"2020-08-06T19:51:41+00:00\",\"author\":{\"@id\":\"https:\/\/franciscanos.org.br\/noticias\/#\/schema\/person\/b38fbf43118f02820bd932f2e4b14ad3\"},\"breadcrumb\":{\"@id\":\"https:\/\/franciscanos.org.br\/noticias\/papa-em-santa-marta-a-indiferenca-e-o-oposto-do-amor-de-deus.html#breadcrumb\"},\"inLanguage\":\"pt-BR\",\"potentialAction\":[{\"@type\":\"ReadAction\",\"target\":[\"https:\/\/franciscanos.org.br\/noticias\/papa-em-santa-marta-a-indiferenca-e-o-oposto-do-amor-de-deus.html\"]}]},{\"@type\":\"BreadcrumbList\",\"@id\":\"https:\/\/franciscanos.org.br\/noticias\/papa-em-santa-marta-a-indiferenca-e-o-oposto-do-amor-de-deus.html#breadcrumb\",\"itemListElement\":[{\"@type\":\"ListItem\",\"position\":1,\"name\":\"Home\",\"item\":\"https:\/\/franciscanos.org.br\/noticias\"},{\"@type\":\"ListItem\",\"position\":2,\"name\":\"Papa em Santa Marta: A indiferen\u00e7a \u00e9 o oposto do amor de Deus\"}]},{\"@type\":\"Person\",\"@id\":\"https:\/\/franciscanos.org.br\/noticias\/#\/schema\/person\/b38fbf43118f02820bd932f2e4b14ad3\",\"name\":\"admin\",\"image\":{\"@type\":\"ImageObject\",\"inLanguage\":\"pt-BR\",\"@id\":\"https:\/\/franciscanos.org.br\/noticias\/#\/schema\/person\/image\/\",\"url\":\"https:\/\/secure.gravatar.com\/avatar\/e8495742d34d0ba6448ea1c628263b3e?s=96&d=mm&r=g\",\"contentUrl\":\"https:\/\/secure.gravatar.com\/avatar\/e8495742d34d0ba6448ea1c628263b3e?s=96&d=mm&r=g\",\"caption\":\"admin\"},\"url\":\"https:\/\/franciscanos.org.br\/noticias\/author\/admin\"}]}<\/script>\n<!-- \/ Yoast SEO plugin. -->","yoast_head_json":{"title":"Papa em Santa Marta: A indiferen\u00e7a \u00e9 o oposto do amor de Deus - Not\u00edcias - Franciscanos","robots":{"index":"index","follow":"follow","max-snippet":"max-snippet:-1","max-image-preview":"max-image-preview:large","max-video-preview":"max-video-preview:-1"},"canonical":"https:\/\/franciscanos.org.br\/noticias\/papa-em-santa-marta-a-indiferenca-e-o-oposto-do-amor-de-deus.html","og_locale":"pt_BR","og_type":"article","og_title":"Papa em Santa Marta: A indiferen\u00e7a \u00e9 o oposto do amor de Deus - Not\u00edcias - Franciscanos","og_description":"Cidade do Vaticano &#8211; O Papa Francisco celebrou a missa nesta ter\u00e7a-feira (08\/01), na capela da Casa Santa Marta.\u00a0O pont\u00edfice se inspirou na liturgia de hoje, desde a exorta\u00e7\u00e3o ao amor, da Primeira Carta de S\u00e3o Jo\u00e3o Ap\u00f3stolo, ao evangelho de Marcos, sobre a multiplica\u00e7\u00e3o dos p\u00e3es.\u00a0Deus d\u00e1 o primeiro passo e ama a humanidade [&hellip;]","og_url":"https:\/\/franciscanos.org.br\/noticias\/papa-em-santa-marta-a-indiferenca-e-o-oposto-do-amor-de-deus.html","og_site_name":"Not\u00edcias - Franciscanos","article_published_time":"2019-01-08T11:46:05+00:00","article_modified_time":"2020-08-06T19:51:41+00:00","og_image":[{"width":273,"height":181,"url":"https:\/\/franciscanos.org.br\/noticias\/wp-content\/uploads\/2019\/01\/marta_080119P.jpg","type":"image\/jpeg"}],"author":"admin","twitter_card":"summary_large_image","twitter_misc":{"Escrito por":"admin","Est. tempo de leitura":"7 minutos"},"schema":{"@context":"https:\/\/schema.org","@graph":[{"@type":"WebSite","@id":"https:\/\/franciscanos.org.br\/noticias\/#website","url":"https:\/\/franciscanos.org.br\/noticias\/","name":"Not\u00edcias - Franciscanos","description":"Prov\u00edncia Franciscana da Imaculada Concei\u00e7\u00e3o do Brasil - Ordem dos Frades Menores - OFM","potentialAction":[{"@type":"SearchAction","target":{"@type":"EntryPoint","urlTemplate":"https:\/\/franciscanos.org.br\/noticias\/?s={search_term_string}"},"query-input":"required name=search_term_string"}],"inLanguage":"pt-BR"},{"@type":"ImageObject","inLanguage":"pt-BR","@id":"https:\/\/franciscanos.org.br\/noticias\/papa-em-santa-marta-a-indiferenca-e-o-oposto-do-amor-de-deus.html#primaryimage","url":"https:\/\/franciscanos.org.br\/noticias\/wp-content\/uploads\/2019\/01\/marta_080119P.jpg","contentUrl":"https:\/\/franciscanos.org.br\/noticias\/wp-content\/uploads\/2019\/01\/marta_080119P.jpg","width":273,"height":181},{"@type":"WebPage","@id":"https:\/\/franciscanos.org.br\/noticias\/papa-em-santa-marta-a-indiferenca-e-o-oposto-do-amor-de-deus.html#webpage","url":"https:\/\/franciscanos.org.br\/noticias\/papa-em-santa-marta-a-indiferenca-e-o-oposto-do-amor-de-deus.html","name":"Papa em Santa Marta: A indiferen\u00e7a \u00e9 o oposto do amor de Deus - Not\u00edcias - Franciscanos","isPartOf":{"@id":"https:\/\/franciscanos.org.br\/noticias\/#website"},"primaryImageOfPage":{"@id":"https:\/\/franciscanos.org.br\/noticias\/papa-em-santa-marta-a-indiferenca-e-o-oposto-do-amor-de-deus.html#primaryimage"},"datePublished":"2019-01-08T11:46:05+00:00","dateModified":"2020-08-06T19:51:41+00:00","author":{"@id":"https:\/\/franciscanos.org.br\/noticias\/#\/schema\/person\/b38fbf43118f02820bd932f2e4b14ad3"},"breadcrumb":{"@id":"https:\/\/franciscanos.org.br\/noticias\/papa-em-santa-marta-a-indiferenca-e-o-oposto-do-amor-de-deus.html#breadcrumb"},"inLanguage":"pt-BR","potentialAction":[{"@type":"ReadAction","target":["https:\/\/franciscanos.org.br\/noticias\/papa-em-santa-marta-a-indiferenca-e-o-oposto-do-amor-de-deus.html"]}]},{"@type":"BreadcrumbList","@id":"https:\/\/franciscanos.org.br\/noticias\/papa-em-santa-marta-a-indiferenca-e-o-oposto-do-amor-de-deus.html#breadcrumb","itemListElement":[{"@type":"ListItem","position":1,"name":"Home","item":"https:\/\/franciscanos.org.br\/noticias"},{"@type":"ListItem","position":2,"name":"Papa em Santa Marta: A indiferen\u00e7a \u00e9 o oposto do amor de Deus"}]},{"@type":"Person","@id":"https:\/\/franciscanos.org.br\/noticias\/#\/schema\/person\/b38fbf43118f02820bd932f2e4b14ad3","name":"admin","image":{"@type":"ImageObject","inLanguage":"pt-BR","@id":"https:\/\/franciscanos.org.br\/noticias\/#\/schema\/person\/image\/","url":"https:\/\/secure.gravatar.com\/avatar\/e8495742d34d0ba6448ea1c628263b3e?s=96&d=mm&r=g","contentUrl":"https:\/\/secure.gravatar.com\/avatar\/e8495742d34d0ba6448ea1c628263b3e?s=96&d=mm&r=g","caption":"admin"},"url":"https:\/\/franciscanos.org.br\/noticias\/author\/admin"}]}},"_links":{"self":[{"href":"https:\/\/franciscanos.org.br\/noticias\/wp-json\/wp\/v2\/posts\/194292"}],"collection":[{"href":"https:\/\/franciscanos.org.br\/noticias\/wp-json\/wp\/v2\/posts"}],"about":[{"href":"https:\/\/franciscanos.org.br\/noticias\/wp-json\/wp\/v2\/types\/post"}],"author":[{"embeddable":true,"href":"https:\/\/franciscanos.org.br\/noticias\/wp-json\/wp\/v2\/users\/1"}],"replies":[{"embeddable":true,"href":"https:\/\/franciscanos.org.br\/noticias\/wp-json\/wp\/v2\/comments?post=194292"}],"version-history":[{"count":1,"href":"https:\/\/franciscanos.org.br\/noticias\/wp-json\/wp\/v2\/posts\/194292\/revisions"}],"predecessor-version":[{"id":227632,"href":"https:\/\/franciscanos.org.br\/noticias\/wp-json\/wp\/v2\/posts\/194292\/revisions\/227632"}],"wp:featuredmedia":[{"embeddable":true,"href":"https:\/\/franciscanos.org.br\/noticias\/wp-json\/wp\/v2\/media\/194294"}],"wp:attachment":[{"href":"https:\/\/franciscanos.org.br\/noticias\/wp-json\/wp\/v2\/media?parent=194292"}],"wp:term":[{"taxonomy":"category","embeddable":true,"href":"https:\/\/franciscanos.org.br\/noticias\/wp-json\/wp\/v2\/categories?post=194292"},{"taxonomy":"post_tag","embeddable":true,"href":"https:\/\/franciscanos.org.br\/noticias\/wp-json\/wp\/v2\/tags?post=194292"}],"curies":[{"name":"wp","href":"https:\/\/api.w.org\/{rel}","templated":true}]}}