{"id":194279,"date":"2019-01-07T06:19:14","date_gmt":"2019-01-07T08:19:14","guid":{"rendered":"https:\/\/franciscanos.org.br\/noticias\/?p=194279"},"modified":"2020-08-06T16:51:57","modified_gmt":"2020-08-06T19:51:57","slug":"papa-fala-ao-corpo-diplomatico-e-retoma-missa-em-santa-marta","status":"publish","type":"post","link":"https:\/\/franciscanos.org.br\/noticias\/papa-fala-ao-corpo-diplomatico-e-retoma-missa-em-santa-marta.html","title":{"rendered":"Papa fala ao Corpo Diplom\u00e1tico e retoma Missa em Santa Marta"},"content":{"rendered":"<p><img loading=\"lazy\" class=\"alignnone wp-image-194282 size-full\" src=\"https:\/\/franciscanos.org.br\/noticias\/wp-content\/uploads\/2019\/01\/papa_070119.jpeg\" alt=\"\" width=\"980\" height=\"550\" srcset=\"https:\/\/franciscanos.org.br\/noticias\/wp-content\/uploads\/2019\/01\/papa_070119.jpeg 980w, https:\/\/franciscanos.org.br\/noticias\/wp-content\/uploads\/2019\/01\/papa_070119-450x253.jpeg 450w, https:\/\/franciscanos.org.br\/noticias\/wp-content\/uploads\/2019\/01\/papa_070119-768x431.jpeg 768w, https:\/\/franciscanos.org.br\/noticias\/wp-content\/uploads\/2019\/01\/papa_070119-150x84.jpeg 150w\" sizes=\"(max-width: 980px) 100vw, 980px\" \/><\/p>\n<p><strong>Cidade do Vaticano &#8211;<\/strong> Nesta segunda-feira, 7\/01, o Papa Francisco retomou as celebra\u00e7\u00f5es na Capela Santa Marta. O Pont\u00edfice teve tamb\u00e9m uma Audi\u00eancia com os membros do Corpo Diplom\u00e1tico acreditado junto \u00e0 Santa S\u00e9. Participaram da Audi\u00eancia os representantes dos 183 Estados com os quais o Vaticano mant\u00e9m rela\u00e7\u00f5es, al\u00e9m da Uni\u00e3o Europ\u00e9ia e da Soberana Militar Ordem de Malta. Em seu discurso, o Papa abordou diversos temas relevantes para os pa\u00edses, frisando a import\u00e2ncia da acolhida aos refugiados, o cuidado com os mais pobres e marginalizados, as crian\u00e7as e os jovens e condenou o nacionalismo, solu\u00e7\u00f5es unilaterais, o uso de armas e a xenofobia.<\/p>\n<p>\u201cA obedi\u00eancia \u00e0 miss\u00e3o espiritual, que nasce do imperativo dado pelo Senhor Jesus ao ap\u00f3stolo Pedro \u201capascenta as minhas ovelhas\u201d (Jo 21, 15), impele o Papa \u2013 e consequentemente a Santa S\u00e9 \u2013 a preocupar-se com toda a fam\u00edlia humana e suas necessidades, inclusive no aspecto material e social. Entretanto, a Santa S\u00e9 n\u00e3o busca interferir na\u00a0vida\u00a0dos Estados, mas busca ser um observador atento e sens\u00edvel aos problemas humanidade, com o prop\u00f3sito sincero e humilde de colocar-se a servi\u00e7o do bem de todo o ser humano\u201d, assegurou o Pont\u00edfice, afirmando que a Igreja \u00e9 impulsionada a trabalhar na edifica\u00e7\u00e3o de sociedades pac\u00edficas e reconciliadas. O Santo Padre recordou os pa\u00edses visitados em 2018 e lembrou, de modo especial, a Nicar\u00e1gua, pa\u00eds centro-americano que vive um per\u00edodo de conflito. \u201cCom o desejo de que as distintas inst\u00e2ncias pol\u00edticas e sociais encontrem no di\u00e1logo o caminho principal para empenharem-se pelo bem de toda na\u00e7\u00e3o\u201d, acrescentou o Papa.<\/p>\n<p>Ele recordou ainda o acordo firmado no ano passado entre a China e a Santa S\u00e9. \u201cAgrade\u00e7o ao Senhor porque, pela primeira vez depois de tantos anos, todos os bispos da China est\u00e3o em plena comunh\u00e3o com o sucessor de Pedro e com a Igreja Universal\u201d, recordou, afirmando que um sinal vis\u00edvel do acordo foi a participa\u00e7\u00e3o dos bispos da China no S\u00ednodo dos Bispos, realizado no m\u00eas de outubro.<\/p>\n<p><strong>Buscar decis\u00f5es multilaterais, evitar as novas formas de coloniza\u00e7\u00e3o ideol\u00f3gica<\/strong><\/p>\n<p>Em sua fala, o Papa salientou que a diplomacia multilateral depende de diversos fatores, como boa vontade dos interlocutores. \u201cA premissa indispens\u00e1vel para o bom \u00eaxito da diplomacia multilateral \u00e9 a boa vontade e a boa f\u00e9 dos interlocutores, a disponibilidade a uma discuss\u00e3o leal e sincera, a vontade de aceitar as inevit\u00e1veis concess\u00f5es que nascem do di\u00e1logo entre as partes. Onde faltam estes elementos, prevalece a busca de solu\u00e7\u00f5es unilaterais e, em definitivo, o dom\u00ednio do mais forte sobre o mais fraco\u201d, acrescentou. Francisco afirmou que a comunidade internacional enfrenta momentos de dificuldade, com o \u201cressurgimento de tend\u00eancias nacionalistas, que minam a voca\u00e7\u00e3o das organiza\u00e7\u00f5es internacionais, de serem um espa\u00e7o de di\u00e1logo e encontro para todos os pa\u00edses\u201d, ponderou. \u201cEm parte, \u00e9 o resultado da evolu\u00e7\u00e3o das pol\u00edticas nacionais, condicionadas cada vez com maior frequ\u00eancia pela busca de um consenso imediato e sect\u00e1rio, em vez de buscar pacientemente o bem comum com r respostas a longo prazo\u201d, afirmou o Papa. Ele alertou para o crescimento de poderes e grupos que imp\u00f5em sua pr\u00f3pria vis\u00e3o e ideias, desencadeando novas formas de coloniza\u00e7\u00e3o ideol\u00f3gica, que n\u00e3o respeitam a identidade, dignidade e sensibilidade dos povos. \u201c\u00c9 necess\u00e1rio ter aten\u00e7\u00e3o \u00e0 dimens\u00e3o global sem perder de vista o que \u00e9 local\u201d, afirmou o Papa.<\/p>\n<p><img loading=\"lazy\" class=\"alignnone wp-image-194285 size-full\" src=\"https:\/\/franciscanos.org.br\/noticias\/wp-content\/uploads\/2019\/01\/papa_070119b.jpeg\" alt=\"\" width=\"980\" height=\"549\" srcset=\"https:\/\/franciscanos.org.br\/noticias\/wp-content\/uploads\/2019\/01\/papa_070119b.jpeg 980w, https:\/\/franciscanos.org.br\/noticias\/wp-content\/uploads\/2019\/01\/papa_070119b-450x252.jpeg 450w, https:\/\/franciscanos.org.br\/noticias\/wp-content\/uploads\/2019\/01\/papa_070119b-768x430.jpeg 768w, https:\/\/franciscanos.org.br\/noticias\/wp-content\/uploads\/2019\/01\/papa_070119b-150x84.jpeg 150w\" sizes=\"(max-width: 980px) 100vw, 980px\" \/><\/p>\n<p>Em seguida, o Papa recordou o discurso de S\u00e3o Paulo VI \u00e0 Assembleia da Organiza\u00e7\u00e3o das Na\u00e7\u00f5es Unidas (ONU), em 4 de outubro de 1965, salientando os seguintes aspectos:<\/p>\n<ul>\n<li><strong>Primado da justi\u00e7a e do direito<\/strong><\/li>\n<\/ul>\n<p>\u201c\u00c9 oportuno que os pol\u00edticos escutem a voz de seus povos e busquem solu\u00e7\u00f5es concretas para favorecer o bem maior. Isso exige, em d\u00favida, o respeito aos direito e \u00e0 justi\u00e7a, tanto dentro da comunidade nacional como internacional, porque solu\u00e7\u00f5es relativas, emotivas e apressadas podem conseguir um consenso ef\u00eamero, mas nunca contribuir\u00e3o para a solu\u00e7\u00e3o de problemas mais profundos, ao contr\u00e1rio, s\u00f3 aumentar\u00e3o\u201d, ponderou o Pont\u00edfice.<\/p>\n<p>Para o Papa, um aspecto essencial da boa pol\u00edtica \u00e9 buscar o bem comum de todos e promover uma condi\u00e7\u00e3o social que permita a cada pessoa e a cada comunidade alcan\u00e7ar seu bem-estar material e espiritual.\u00a0O respeito \u00e0 dignidade de cada ser humano \u00e9 a premissa indispens\u00e1vel para uma conviv\u00eancia realmente pac\u00edfica e o direito constitui o instrumento essencial para a realiza\u00e7\u00e3o da justi\u00e7a social e para alimentar os v\u00ednculos fraternos entre os povos, acrescentou.<\/p>\n<ul>\n<li><strong>Defesa dos mais fr\u00e1geis<\/strong><\/li>\n<\/ul>\n<p>O Pont\u00edfice recordou diversos projetos apoiados pela Santa S\u00e9 na defesa dos mais necessitados, como a ajuda humanit\u00e1ria na Ucr\u00e2nia, pa\u00eds que vive h\u00e1 5 anos um conflito, sobretudo nas regi\u00f5es orientais e com epis\u00f3dios recentes preocupantes no Mar Negro. \u201cCom sua a\u00e7\u00e3o e sua proximidade com a popula\u00e7\u00e3o, a Igreja busca fomentar, direta e indiretamente, a abertura de caminhos pac\u00edficos para a solu\u00e7\u00e3o do conflito, caminhos que respeitem a justi\u00e7a e a legalidade, inclusive a internacional, que \u00e9 a base da seguran\u00e7a e conviv\u00eancia de toda regi\u00e3o\u201d. O Papa recordou tamb\u00e9m as v\u00edtimas da guerra na S\u00edria, agradecendo de modo especial o L\u00edbano e a Jord\u00e2nia, na acolhida aos refugiados e tamb\u00e9m aos pa\u00edses europeus abertos a acolher estas pessoas. O Papa pediu pelo fim das viola\u00e7\u00f5es aos direitos humanos, \u201cque causam sofrimentos inenarr\u00e1veis a popula\u00e7\u00e3o civil, especialmente mulheres e crian\u00e7as, e afetam estruturas essenciais como hospitais, escolas e campos de refugiados\u201d, explicou.<\/p>\n<p>O Papa afirmou que n\u00e3o se deve criar inimizades entre mu\u00e7ulmanos e crist\u00e3os. E afirmou que em breve viajar\u00e1 para dois pa\u00edses de maioria mu\u00e7ulmana, Marrocos e Emirados \u00c1rabes. \u201cSer\u00e3o duas ocasi\u00f5es importantes para aumentar ainda mais o di\u00e1logo inter-religioso e o entendimento m\u00fatuo entre os fi\u00e9is de ambas religi\u00f5es\u201d, assegurou o Papa. Na ocasi\u00e3o, ser\u00e1 celebrado os 800 anos do encontro entre S\u00e3o Francisco de Assis e o sult\u00e3o al-Malik al-K\u0101mil.<\/p>\n<p>O Papa afirmou ainda que os migrantes e os refugiados est\u00e3o entre os mais fr\u00e1geis de nosso tempo e pediu que os governantes ajudem na acolhida destas pessoas. \u201cTodo ser humano deseja uma vida melhor e mais feliz, e n\u00e3o se pode resolver o desafio da migra\u00e7\u00e3o com a l\u00f3gica da viol\u00eancia e do descarte, nem com solu\u00e7\u00f5es parciais. As emerg\u00eancias recentes demonstram que \u00e9 necess\u00e1rio uma resposta comum, coordenada por todos os pa\u00edses, sem preven\u00e7\u00f5es, respeitando todas as inst\u00e2ncias leg\u00edtimas, tanto dos Estados como dos migrantes e refugiados\u201d, salientou.<\/p>\n<p>Os jovens e as crian\u00e7as tamb\u00e9m foram lembradas no discurso no Pont\u00edfice. Ele recordou o S\u00ednodo dos Bispos, dedicado aos jovens e a Jornada Mundial da Juventude, que acontecer\u00e1 no m\u00eas de janeiro no Panam\u00e1.\u00a0De modo especial, ele recordou o 30\u00ba anivers\u00e1rio da Conven\u00e7\u00e3o sobre os Direitos da Crian\u00e7a. O Pont\u00edfice abordou tamb\u00e9m a quest\u00e3o do abuso de menores. \u201cNesta circunst\u00e2ncia, n\u00e3o posso me calar ante uma das pagas de nosso tempo, que por desgra\u00e7a implica tamb\u00e9m v\u00e1rios membros do clero. O abuso contra os menores de idade \u00e9 um dos piores crimes e mais vis. A Santa S\u00e9 e toda a Igreja est\u00e3o se esfor\u00e7ando por combater e prevenir tais delitos e o seu encobrimento, para averiguar a a verdade dos fatos em que est\u00e3o envolvidos cl\u00e9rigos e fazer justi\u00e7a aos menores que sofreram viol\u00eancias sexuais, agravadas por abusos de poder e de consci\u00eancia\u201d, reiterou o Pont\u00edfice, recordando o encontro em fevereiro pr\u00f3ximo com os Episcopados de todo o mundo.<\/p>\n<p>O Pont\u00edfice tamb\u00e9m recordou o abuso contra as mulheres em seu discurso. \u201cDiante do flagelo do abuso f\u00edsico e psicol\u00f3gico causado \u00e0s mulheres, \u00e9 urgente voltar a encontrar formas de rela\u00e7\u00f5es justas e equilibradas, baseadas no respeito e no reconhecimento m\u00fatuos, em que cada um possa expressar sua identidade de maneira aut\u00eantica\u201d, pediu.<\/p>\n<p>O desemprego e a escravid\u00e3o tamb\u00e9m foram lembradas pelo Papa Francisco em seu discurso: \u00a0\u201cO trabalho, se n\u00e3o se protege adequadamente, deixa de ser o meio pelo qual o homem se realiza e se converte em uma forma moderna de escravid\u00e3o\u201d, reiterou. O Papa falou tamb\u00e9m do combate ao trabalho infantil, da diminui\u00e7\u00e3o progressiva do valor do sal\u00e1rio e da discrimina\u00e7\u00e3o das mulheres no \u00e2mbito do trabalho.<\/p>\n<ul>\n<li><strong>Ser ponte entre os povos e construtores da paz<\/strong><\/li>\n<\/ul>\n<p>Em sua fala, o Papa Francisco ponderou diversas iniciativas realizadas em favor da paz, como a assinatura do acordo entre a Eti\u00f3pia\u00a0e a\u00a0Eritreia, que visa o fim do conflito entre os dois pa\u00edses; o acordo entre os l\u00edderes do Sud\u00e3o do Sul; da Rep\u00fablica Democr\u00e1tica do Congo e a Cor\u00e9ia do Norte e Cor\u00e9ia do Sul.<\/p>\n<p>O Papa manifestou seu desejo de ver solucionada a crise pol\u00edtica na Venezuela, para \u201coferecer a todo povo venezuelano um horizonte de esperan\u00e7a e paz\u201d, e a retomada do di\u00e1logo entre israelenses e palestinos, \u201cpara que finalmente se chegue a um acordo que responda \u00e0s aspira\u00e7\u00f5es leg\u00edtimas de ambos povos, assegurando a conviv\u00eancia entre os dois estados e o alcance de uma paz t\u00e3o esperada e desejada\u201d, afirmou.<\/p>\n<p><strong>Repensando nosso destino comum<\/strong><\/p>\n<p>O quarto aspecto da diplomacia multilateral, recordou o Papa, \u00e9 repensar um destino comum. Neste sentido, o Papa destacou o perigo do uso de armas e a necessidade do cuidado com o meio ambiente.<\/p>\n<p>\u201cCausa preocupa\u00e7\u00e3o, especialmente que o desarme nuclear, t\u00e3o desejado e perseguido nas d\u00e9cadas passadas, esteja agora dando lugar a armas novas, cada vez mais sofisticadas e destrutivas\u201d, lamentou o Papa. \u201cAs rela\u00e7\u00f5es internacionais n\u00e3o podem ser dominadas pelas for\u00e7as militares, por intimida\u00e7\u00f5es rec\u00edprocas, pela ostenta\u00e7\u00e3o de arsenais b\u00e9licos. As armas de destrui\u00e7\u00e3o massiva, em particular as at\u00f4micas, n\u00e3o geram outra coisa que um enganoso sentido de seguran\u00e7a e n\u00e3o poder constituir a base da pac\u00edfica conviv\u00eancia entre os membros da fam\u00edlia humana, que deve sem d\u00favida, inspirar-se por uma \u00e9tica de solidariedade\u201d, afirmou.<\/p>\n<p>Em seguida, o Papa garantiu que repensar o destino comum significa tamb\u00e9m repensar a rela\u00e7\u00e3o do homem com o planeta. O Pont\u00edfice reafirmou a import\u00e2ncia da Confer\u00eancia Internacional sobre o Clima (COP 24), realizada em Katowice. \u201cEspero um compromisso mais decisivo dos Estados, que fortale\u00e7a a colabora\u00e7\u00e3o para fazer frente \u00e0 urg\u00eancia do fen\u00f4meno preocupante do aquecimento global. O Papa recordou ainda o S\u00ednodo da Amaz\u00f4nia, que ser\u00e1 celebrado em outubro de 2019. \u201cAinda que se ocupe principalmente dos caminhos da evangeliza\u00e7\u00e3o para o povo de Deus, n\u00e3o deixar\u00e1 de abordar os problemas ambientais e sua estreita rela\u00e7\u00e3o com as consequ\u00eancias sociais\u201d, assegurou.<\/p>\n<p><strong><a href=\"http:\/\/w2.vatican.va\/content\/francesco\/pt\/speeches\/2019\/january\/documents\/papa-francesco_20190107_corpo-diplomatico.html\" target=\"_blank\" rel=\"noopener noreferrer\">Confira na \u00edntegra<\/a><\/strong><\/p>\n<h2><strong>Papa em Santa Marta: a concretude \u00e9 o crit\u00e9rio do cristianismo<\/strong><\/h2>\n<h3><img loading=\"lazy\" class=\"alignnone wp-image-194283 size-full\" src=\"https:\/\/franciscanos.org.br\/noticias\/wp-content\/uploads\/2019\/01\/marta_070119.jpeg\" alt=\"\" width=\"980\" height=\"549\" srcset=\"https:\/\/franciscanos.org.br\/noticias\/wp-content\/uploads\/2019\/01\/marta_070119.jpeg 980w, https:\/\/franciscanos.org.br\/noticias\/wp-content\/uploads\/2019\/01\/marta_070119-450x252.jpeg 450w, https:\/\/franciscanos.org.br\/noticias\/wp-content\/uploads\/2019\/01\/marta_070119-768x430.jpeg 768w, https:\/\/franciscanos.org.br\/noticias\/wp-content\/uploads\/2019\/01\/marta_070119-150x84.jpeg 150w\" sizes=\"(max-width: 980px) 100vw, 980px\" \/><\/h3>\n<p>Nesta segunda-feira, o Papa Francisco retomou as celebra\u00e7\u00f5es na Casa Santa Marta.\u00a0Francisco inspirou-se na Primeira Carta de S\u00e3o Jo\u00e3o Ap\u00f3stolo: tudo o que pedimos, recebemos de Deus, sob condi\u00e7\u00e3o &#8211; explica o Pont\u00edfice &#8211; que observemos seus mandamentos e fa\u00e7amos o que \u00e9 de seu agrado.\u00a0Os mandamentos de Deus s\u00e3o &#8220;concretude&#8221;: este portanto, \u00e9 \u00a0o &#8220;crit\u00e9rio&#8221; do cristianismo, n\u00e3o as &#8220;belas palavras&#8221;.<\/p>\n<p>O acesso a Deus \u00e9 &#8220;aberto&#8221;, afirma o Papa, e a &#8220;chave&#8221; \u00e9 precisamente aquela sugerida pelo ap\u00f3stolo: acreditar &#8220;em nome de seu filho Jesus Cristo&#8221; e nos amar &#8220;uns aos outros&#8221;:\u00a0somente assim podemos pedir &#8220;o que queremos&#8221;, com &#8220;coragem&#8221;, &#8220;descaradamente&#8221;.<\/p>\n<p>O ap\u00f3stolo Jo\u00e3o, um \u201capaixonado da encarna\u00e7\u00e3o de Deus&#8221;, enfatiza o Papa, exorta ent\u00e3o a &#8220;examinar&#8221; os esp\u00edritos, isto \u00e9, explica que quando vem &#8220;uma ideia sobre Jesus, sobre as pessoas, sobre fazer alguma coisa, sobre pensar que a reden\u00e7\u00e3o segue por esse caminho\u201d, esta inspira\u00e7\u00e3o deve ser examinada. A vida do crist\u00e3o \u00e9, em \u00faltima an\u00e1lise, concretude na f\u00e9 em Jesus Cristo e na caridade, mas tamb\u00e9m \u00e9 &#8220;vigil\u00e2ncia espiritual&#8221;, acrescenta ele: \u201c<em>A vida do crist\u00e3o \u00e9 concretude na f\u00e9 em Jesus Cristo e na caridade, mas tamb\u00e9m \u00e9 luta, porque sempre se apresentam ideias ou falsos profetas que oferecem a voc\u00ea um Cristo &#8220;soft&#8221;, sem tanta carne e o amor ao pr\u00f3ximo \u00e9 um pouco relativo&#8230; &#8220;Sim, estes sim que est\u00e3o do meu lado, mas aqueles, n\u00e3o &#8230;\u201d.<\/em><\/p>\n<p><strong>Os falsos profetas<\/strong><\/p>\n<p>A exorta\u00e7\u00e3o do Pont\u00edfice \u00e9, portanto, acreditar em Cristo que &#8220;veio na carne&#8221;, e acreditar no &#8220;amor concreto&#8221; e a discernir, segundo a grande verdade da &#8220;encarna\u00e7\u00e3o do Verbo&#8221; e do &#8220;amor concreto&#8221;, para compreender se os &#8220;esp\u00edritos&#8221; &#8211; &#8220;isto \u00e9, a inspira\u00e7\u00e3o&#8221; &#8211;\u00a0 v\u00eam &#8220;verdadeiramente de Deus&#8221;, porque &#8220;muitos falsos profetas vieram ao mundo&#8221;: o diabo \u2013 reitera o Papa &#8211;\u00a0 sempre tenta &#8220;nos afastar de Jesus, do permanecer em Jesus\u201d,\u00a0 por isso, \u00e9 necess\u00e1ria \u201ca vigil\u00e2ncia espiritual&#8221;.<\/p>\n<p>Para al\u00e9m dos pecados cometidos, reflete Francisco, o crist\u00e3o &#8220;no final do dia deve tomar dois, tr\u00eas, cinco minutos&#8221; para se perguntar o que aconteceu em seu &#8220;cora\u00e7\u00e3o&#8221;, que inspira\u00e7\u00e3o ou quem sabe at\u00e9 mesmo que &#8220;loucura do Senhor&#8221; lhe surgiu: porque &#8220;o Esp\u00edrito \u00e0s vezes nos impele para a loucura, mas para as grandes loucuras de Deus&#8221;<\/p>\n<p><strong>A disciplina da Igreja<\/strong><\/p>\n<p>Por outro lado, reflete Francisco, mesmo no tempo de Jesus &#8220;havia pessoas com boa vontade&#8221;, mas que pensavam que o caminho de Deus era &#8220;outro&#8221;: o Papa cita os fariseus, os saduceus, os ess\u00eanios, os zelotes, &#8220;todos tinham a lei em\u00a0m\u00e3os&#8221;, mas nem sempre seguiam pelo melhor caminho.\u00a0 O chamado, portanto, \u00e9\u00a0 para a &#8220;mansid\u00e3o da obedi\u00eancia\u201d.<\/p>\n<p>Para isto \u2013 acrescenta o Papa \u2013 \u201co povo de Deus vai em frente na concretude\u201d, aquela da caridade, da f\u00e9, da Igreja: e este \u201c\u00e9 o sentido da disciplina da Igreja\u201d. Quando a disciplina da Igreja est\u00e1 em tal concretude \u201cajuda a crescer\u201d, assim evitando \u201cfilosofias dos fariseus e dos saduceus\u201d.<\/p>\n<p>\u00c9 Deus, conclui Francisco, que tornou-se \u00a0&#8220;concreto, nascido de uma mulher concreta, viveu uma vida concreta, morreu de morte concreta e nos pede para amar os irm\u00e3os e as irm\u00e3s concretos&#8221;, ainda que &#8220;alguns n\u00e3o sejam f\u00e1ceis de amar &#8220;.<\/p>\n","protected":false},"excerpt":{"rendered":"<p>Cidade do Vaticano &#8211; Nesta segunda-feira, 7\/01, o Papa Francisco retomou as celebra\u00e7\u00f5es na Capela Santa Marta. O Pont\u00edfice teve tamb\u00e9m uma Audi\u00eancia com os membros do Corpo Diplom\u00e1tico acreditado junto \u00e0 Santa S\u00e9. Participaram da Audi\u00eancia os representantes dos 183 Estados com os quais o Vaticano mant\u00e9m rela\u00e7\u00f5es, al\u00e9m da Uni\u00e3o Europ\u00e9ia e da [&hellip;]<\/p>\n","protected":false},"author":1,"featured_media":194284,"comment_status":"open","ping_status":"open","sticky":false,"template":"","format":"standard","meta":[],"categories":[1428],"tags":[55],"acf":[],"yoast_head":"<!-- This site is optimized with the Yoast SEO plugin v19.2 - https:\/\/yoast.com\/wordpress\/plugins\/seo\/ -->\n<title>Papa fala ao Corpo Diplom\u00e1tico e retoma Missa em Santa Marta - Not\u00edcias - Franciscanos<\/title>\n<meta name=\"robots\" content=\"index, follow, max-snippet:-1, max-image-preview:large, max-video-preview:-1\" \/>\n<link rel=\"canonical\" href=\"https:\/\/franciscanos.org.br\/noticias\/papa-fala-ao-corpo-diplomatico-e-retoma-missa-em-santa-marta.html\" \/>\n<meta property=\"og:locale\" content=\"pt_BR\" \/>\n<meta property=\"og:type\" content=\"article\" \/>\n<meta property=\"og:title\" content=\"Papa fala ao Corpo Diplom\u00e1tico e retoma Missa em Santa Marta - Not\u00edcias - Franciscanos\" \/>\n<meta property=\"og:description\" content=\"Cidade do Vaticano &#8211; Nesta segunda-feira, 7\/01, o Papa Francisco retomou as celebra\u00e7\u00f5es na Capela Santa Marta. O Pont\u00edfice teve tamb\u00e9m uma Audi\u00eancia com os membros do Corpo Diplom\u00e1tico acreditado junto \u00e0 Santa S\u00e9. Participaram da Audi\u00eancia os representantes dos 183 Estados com os quais o Vaticano mant\u00e9m rela\u00e7\u00f5es, al\u00e9m da Uni\u00e3o Europ\u00e9ia e da [&hellip;]\" \/>\n<meta property=\"og:url\" content=\"https:\/\/franciscanos.org.br\/noticias\/papa-fala-ao-corpo-diplomatico-e-retoma-missa-em-santa-marta.html\" \/>\n<meta property=\"og:site_name\" content=\"Not\u00edcias - Franciscanos\" \/>\n<meta property=\"article:published_time\" content=\"2019-01-07T08:19:14+00:00\" \/>\n<meta property=\"article:modified_time\" content=\"2020-08-06T19:51:57+00:00\" \/>\n<meta property=\"og:image\" content=\"https:\/\/franciscanos.org.br\/noticias\/wp-content\/uploads\/2019\/01\/papa_070119P.jpg\" \/>\n\t<meta property=\"og:image:width\" content=\"273\" \/>\n\t<meta property=\"og:image:height\" content=\"181\" \/>\n\t<meta property=\"og:image:type\" content=\"image\/jpeg\" \/>\n<meta name=\"author\" content=\"admin\" \/>\n<meta name=\"twitter:card\" content=\"summary_large_image\" \/>\n<meta name=\"twitter:label1\" content=\"Escrito por\" \/>\n\t<meta name=\"twitter:data1\" content=\"admin\" \/>\n\t<meta name=\"twitter:label2\" content=\"Est. tempo de leitura\" \/>\n\t<meta name=\"twitter:data2\" content=\"12 minutos\" \/>\n<script type=\"application\/ld+json\" class=\"yoast-schema-graph\">{\"@context\":\"https:\/\/schema.org\",\"@graph\":[{\"@type\":\"WebSite\",\"@id\":\"https:\/\/franciscanos.org.br\/noticias\/#website\",\"url\":\"https:\/\/franciscanos.org.br\/noticias\/\",\"name\":\"Not\u00edcias - Franciscanos\",\"description\":\"Prov\u00edncia Franciscana da Imaculada Concei\u00e7\u00e3o do Brasil - Ordem dos Frades Menores - OFM\",\"potentialAction\":[{\"@type\":\"SearchAction\",\"target\":{\"@type\":\"EntryPoint\",\"urlTemplate\":\"https:\/\/franciscanos.org.br\/noticias\/?s={search_term_string}\"},\"query-input\":\"required name=search_term_string\"}],\"inLanguage\":\"pt-BR\"},{\"@type\":\"ImageObject\",\"inLanguage\":\"pt-BR\",\"@id\":\"https:\/\/franciscanos.org.br\/noticias\/papa-fala-ao-corpo-diplomatico-e-retoma-missa-em-santa-marta.html#primaryimage\",\"url\":\"https:\/\/franciscanos.org.br\/noticias\/wp-content\/uploads\/2019\/01\/papa_070119P.jpg\",\"contentUrl\":\"https:\/\/franciscanos.org.br\/noticias\/wp-content\/uploads\/2019\/01\/papa_070119P.jpg\",\"width\":273,\"height\":181},{\"@type\":\"WebPage\",\"@id\":\"https:\/\/franciscanos.org.br\/noticias\/papa-fala-ao-corpo-diplomatico-e-retoma-missa-em-santa-marta.html#webpage\",\"url\":\"https:\/\/franciscanos.org.br\/noticias\/papa-fala-ao-corpo-diplomatico-e-retoma-missa-em-santa-marta.html\",\"name\":\"Papa fala ao Corpo Diplom\u00e1tico e retoma Missa em Santa Marta - Not\u00edcias - Franciscanos\",\"isPartOf\":{\"@id\":\"https:\/\/franciscanos.org.br\/noticias\/#website\"},\"primaryImageOfPage\":{\"@id\":\"https:\/\/franciscanos.org.br\/noticias\/papa-fala-ao-corpo-diplomatico-e-retoma-missa-em-santa-marta.html#primaryimage\"},\"datePublished\":\"2019-01-07T08:19:14+00:00\",\"dateModified\":\"2020-08-06T19:51:57+00:00\",\"author\":{\"@id\":\"https:\/\/franciscanos.org.br\/noticias\/#\/schema\/person\/b38fbf43118f02820bd932f2e4b14ad3\"},\"breadcrumb\":{\"@id\":\"https:\/\/franciscanos.org.br\/noticias\/papa-fala-ao-corpo-diplomatico-e-retoma-missa-em-santa-marta.html#breadcrumb\"},\"inLanguage\":\"pt-BR\",\"potentialAction\":[{\"@type\":\"ReadAction\",\"target\":[\"https:\/\/franciscanos.org.br\/noticias\/papa-fala-ao-corpo-diplomatico-e-retoma-missa-em-santa-marta.html\"]}]},{\"@type\":\"BreadcrumbList\",\"@id\":\"https:\/\/franciscanos.org.br\/noticias\/papa-fala-ao-corpo-diplomatico-e-retoma-missa-em-santa-marta.html#breadcrumb\",\"itemListElement\":[{\"@type\":\"ListItem\",\"position\":1,\"name\":\"Home\",\"item\":\"https:\/\/franciscanos.org.br\/noticias\"},{\"@type\":\"ListItem\",\"position\":2,\"name\":\"Papa fala ao Corpo Diplom\u00e1tico e retoma Missa em Santa Marta\"}]},{\"@type\":\"Person\",\"@id\":\"https:\/\/franciscanos.org.br\/noticias\/#\/schema\/person\/b38fbf43118f02820bd932f2e4b14ad3\",\"name\":\"admin\",\"image\":{\"@type\":\"ImageObject\",\"inLanguage\":\"pt-BR\",\"@id\":\"https:\/\/franciscanos.org.br\/noticias\/#\/schema\/person\/image\/\",\"url\":\"https:\/\/secure.gravatar.com\/avatar\/e8495742d34d0ba6448ea1c628263b3e?s=96&d=mm&r=g\",\"contentUrl\":\"https:\/\/secure.gravatar.com\/avatar\/e8495742d34d0ba6448ea1c628263b3e?s=96&d=mm&r=g\",\"caption\":\"admin\"},\"url\":\"https:\/\/franciscanos.org.br\/noticias\/author\/admin\"}]}<\/script>\n<!-- \/ Yoast SEO plugin. -->","yoast_head_json":{"title":"Papa fala ao Corpo Diplom\u00e1tico e retoma Missa em Santa Marta - Not\u00edcias - Franciscanos","robots":{"index":"index","follow":"follow","max-snippet":"max-snippet:-1","max-image-preview":"max-image-preview:large","max-video-preview":"max-video-preview:-1"},"canonical":"https:\/\/franciscanos.org.br\/noticias\/papa-fala-ao-corpo-diplomatico-e-retoma-missa-em-santa-marta.html","og_locale":"pt_BR","og_type":"article","og_title":"Papa fala ao Corpo Diplom\u00e1tico e retoma Missa em Santa Marta - Not\u00edcias - Franciscanos","og_description":"Cidade do Vaticano &#8211; Nesta segunda-feira, 7\/01, o Papa Francisco retomou as celebra\u00e7\u00f5es na Capela Santa Marta. O Pont\u00edfice teve tamb\u00e9m uma Audi\u00eancia com os membros do Corpo Diplom\u00e1tico acreditado junto \u00e0 Santa S\u00e9. Participaram da Audi\u00eancia os representantes dos 183 Estados com os quais o Vaticano mant\u00e9m rela\u00e7\u00f5es, al\u00e9m da Uni\u00e3o Europ\u00e9ia e da [&hellip;]","og_url":"https:\/\/franciscanos.org.br\/noticias\/papa-fala-ao-corpo-diplomatico-e-retoma-missa-em-santa-marta.html","og_site_name":"Not\u00edcias - Franciscanos","article_published_time":"2019-01-07T08:19:14+00:00","article_modified_time":"2020-08-06T19:51:57+00:00","og_image":[{"width":273,"height":181,"url":"https:\/\/franciscanos.org.br\/noticias\/wp-content\/uploads\/2019\/01\/papa_070119P.jpg","type":"image\/jpeg"}],"author":"admin","twitter_card":"summary_large_image","twitter_misc":{"Escrito por":"admin","Est. tempo de leitura":"12 minutos"},"schema":{"@context":"https:\/\/schema.org","@graph":[{"@type":"WebSite","@id":"https:\/\/franciscanos.org.br\/noticias\/#website","url":"https:\/\/franciscanos.org.br\/noticias\/","name":"Not\u00edcias - Franciscanos","description":"Prov\u00edncia Franciscana da Imaculada Concei\u00e7\u00e3o do Brasil - Ordem dos Frades Menores - OFM","potentialAction":[{"@type":"SearchAction","target":{"@type":"EntryPoint","urlTemplate":"https:\/\/franciscanos.org.br\/noticias\/?s={search_term_string}"},"query-input":"required name=search_term_string"}],"inLanguage":"pt-BR"},{"@type":"ImageObject","inLanguage":"pt-BR","@id":"https:\/\/franciscanos.org.br\/noticias\/papa-fala-ao-corpo-diplomatico-e-retoma-missa-em-santa-marta.html#primaryimage","url":"https:\/\/franciscanos.org.br\/noticias\/wp-content\/uploads\/2019\/01\/papa_070119P.jpg","contentUrl":"https:\/\/franciscanos.org.br\/noticias\/wp-content\/uploads\/2019\/01\/papa_070119P.jpg","width":273,"height":181},{"@type":"WebPage","@id":"https:\/\/franciscanos.org.br\/noticias\/papa-fala-ao-corpo-diplomatico-e-retoma-missa-em-santa-marta.html#webpage","url":"https:\/\/franciscanos.org.br\/noticias\/papa-fala-ao-corpo-diplomatico-e-retoma-missa-em-santa-marta.html","name":"Papa fala ao Corpo Diplom\u00e1tico e retoma Missa em Santa Marta - Not\u00edcias - Franciscanos","isPartOf":{"@id":"https:\/\/franciscanos.org.br\/noticias\/#website"},"primaryImageOfPage":{"@id":"https:\/\/franciscanos.org.br\/noticias\/papa-fala-ao-corpo-diplomatico-e-retoma-missa-em-santa-marta.html#primaryimage"},"datePublished":"2019-01-07T08:19:14+00:00","dateModified":"2020-08-06T19:51:57+00:00","author":{"@id":"https:\/\/franciscanos.org.br\/noticias\/#\/schema\/person\/b38fbf43118f02820bd932f2e4b14ad3"},"breadcrumb":{"@id":"https:\/\/franciscanos.org.br\/noticias\/papa-fala-ao-corpo-diplomatico-e-retoma-missa-em-santa-marta.html#breadcrumb"},"inLanguage":"pt-BR","potentialAction":[{"@type":"ReadAction","target":["https:\/\/franciscanos.org.br\/noticias\/papa-fala-ao-corpo-diplomatico-e-retoma-missa-em-santa-marta.html"]}]},{"@type":"BreadcrumbList","@id":"https:\/\/franciscanos.org.br\/noticias\/papa-fala-ao-corpo-diplomatico-e-retoma-missa-em-santa-marta.html#breadcrumb","itemListElement":[{"@type":"ListItem","position":1,"name":"Home","item":"https:\/\/franciscanos.org.br\/noticias"},{"@type":"ListItem","position":2,"name":"Papa fala ao Corpo Diplom\u00e1tico e retoma Missa em Santa Marta"}]},{"@type":"Person","@id":"https:\/\/franciscanos.org.br\/noticias\/#\/schema\/person\/b38fbf43118f02820bd932f2e4b14ad3","name":"admin","image":{"@type":"ImageObject","inLanguage":"pt-BR","@id":"https:\/\/franciscanos.org.br\/noticias\/#\/schema\/person\/image\/","url":"https:\/\/secure.gravatar.com\/avatar\/e8495742d34d0ba6448ea1c628263b3e?s=96&d=mm&r=g","contentUrl":"https:\/\/secure.gravatar.com\/avatar\/e8495742d34d0ba6448ea1c628263b3e?s=96&d=mm&r=g","caption":"admin"},"url":"https:\/\/franciscanos.org.br\/noticias\/author\/admin"}]}},"_links":{"self":[{"href":"https:\/\/franciscanos.org.br\/noticias\/wp-json\/wp\/v2\/posts\/194279"}],"collection":[{"href":"https:\/\/franciscanos.org.br\/noticias\/wp-json\/wp\/v2\/posts"}],"about":[{"href":"https:\/\/franciscanos.org.br\/noticias\/wp-json\/wp\/v2\/types\/post"}],"author":[{"embeddable":true,"href":"https:\/\/franciscanos.org.br\/noticias\/wp-json\/wp\/v2\/users\/1"}],"replies":[{"embeddable":true,"href":"https:\/\/franciscanos.org.br\/noticias\/wp-json\/wp\/v2\/comments?post=194279"}],"version-history":[{"count":1,"href":"https:\/\/franciscanos.org.br\/noticias\/wp-json\/wp\/v2\/posts\/194279\/revisions"}],"predecessor-version":[{"id":227633,"href":"https:\/\/franciscanos.org.br\/noticias\/wp-json\/wp\/v2\/posts\/194279\/revisions\/227633"}],"wp:featuredmedia":[{"embeddable":true,"href":"https:\/\/franciscanos.org.br\/noticias\/wp-json\/wp\/v2\/media\/194284"}],"wp:attachment":[{"href":"https:\/\/franciscanos.org.br\/noticias\/wp-json\/wp\/v2\/media?parent=194279"}],"wp:term":[{"taxonomy":"category","embeddable":true,"href":"https:\/\/franciscanos.org.br\/noticias\/wp-json\/wp\/v2\/categories?post=194279"},{"taxonomy":"post_tag","embeddable":true,"href":"https:\/\/franciscanos.org.br\/noticias\/wp-json\/wp\/v2\/tags?post=194279"}],"curies":[{"name":"wp","href":"https:\/\/api.w.org\/{rel}","templated":true}]}}