{"id":194271,"date":"2019-01-07T09:08:00","date_gmt":"2019-01-07T11:08:00","guid":{"rendered":"https:\/\/franciscanos.org.br\/noticias\/?p=194271"},"modified":"2019-01-07T09:08:40","modified_gmt":"2019-01-07T11:08:40","slug":"comunidade-carente-acolhe-o-novo-arcebispo-de-vitoria","status":"publish","type":"post","link":"https:\/\/franciscanos.org.br\/noticias\/comunidade-carente-acolhe-o-novo-arcebispo-de-vitoria.html","title":{"rendered":"Comunidade carente acolhe o novo Arcebispo de Vit\u00f3ria"},"content":{"rendered":"<p><img loading=\"lazy\" class=\"alignnone size-full wp-image-194272\" src=\"https:\/\/franciscanos.org.br\/noticias\/wp-content\/uploads\/2019\/01\/dario_070119.jpg\" alt=\"\" width=\"890\" height=\"594\" srcset=\"https:\/\/franciscanos.org.br\/noticias\/wp-content\/uploads\/2019\/01\/dario_070119.jpg 890w, https:\/\/franciscanos.org.br\/noticias\/wp-content\/uploads\/2019\/01\/dario_070119-450x300.jpg 450w, https:\/\/franciscanos.org.br\/noticias\/wp-content\/uploads\/2019\/01\/dario_070119-768x513.jpg 768w, https:\/\/franciscanos.org.br\/noticias\/wp-content\/uploads\/2019\/01\/dario_070119-150x100.jpg 150w\" sizes=\"(max-width: 890px) 100vw, 890px\" \/><br \/>\nA imagem de S\u00e3o Francisco de Assis foi o presente que o Arcebispo Metropolitano de Vit\u00f3ria, Dom Dario Campos entregou para a Comunidade de S\u00e3o Benedito no in\u00edcio da Missa que aconteceu no alto do morro, na quadra do Secri, e que celebrou a Festa da Epifania na manh\u00e3 deste domingo. A Missa marcou o in\u00edcio do minist\u00e9rio de Dom Dario na Arquidiocese de Vit\u00f3ria.<\/p>\n<p style=\"text-align: center;\"><em><a href=\"https:\/\/franciscanos.org.br\/noticias\/ministro-provincial-envia-mensagem-a-dom-dario.html\">Veja a Mensagem do Ministro Provincial, Frei C\u00e9sar K\u00fclkamp, a Dom Dario\u00a0<\/a><\/em><\/p>\n<p>A imagem do Santo dos pobres e pequeninos representa bem a popula\u00e7\u00e3o da comunidade, que sofre com o descaso do poder p\u00fablico e com a viol\u00eancia. Dom Dario Revelou que foi a \u00faltima pe\u00e7a retirada da capela onde rezava diariamente enquanto esteve como bispo na Diocese de Cachoeiro de Itapemirim.<\/p>\n<p>Ao entregar a imagem nas m\u00e3os de uma das fundadoras do bairro, Adalgisa Rabelo, Dom Dario pediu que todos rezassem pelos mais empobrecidos e adoentados do bairro, e tamb\u00e9m por ele, durante sua miss\u00e3o na Arquidiocese de Vit\u00f3ria.<\/p>\n<p>Tamb\u00e9m n\u00e3o faltou alegria e muitas cores na celebra\u00e7\u00e3o da Festa da Epifania, que teve in\u00edcio na Comunidade da Imaculada Concei\u00e7\u00e3o, na Par\u00f3quia Santa Teresa de Calcut\u00e1, com a primeira apresenta\u00e7\u00e3o do grupo de Folia de Reis do bairro S\u00e3o Benedito.<\/p>\n<p><img loading=\"lazy\" class=\"alignnone size-full wp-image-194273\" src=\"https:\/\/franciscanos.org.br\/noticias\/wp-content\/uploads\/2019\/01\/dario_070119_1.jpg\" alt=\"\" width=\"890\" height=\"592\" srcset=\"https:\/\/franciscanos.org.br\/noticias\/wp-content\/uploads\/2019\/01\/dario_070119_1.jpg 890w, https:\/\/franciscanos.org.br\/noticias\/wp-content\/uploads\/2019\/01\/dario_070119_1-450x299.jpg 450w, https:\/\/franciscanos.org.br\/noticias\/wp-content\/uploads\/2019\/01\/dario_070119_1-768x511.jpg 768w, https:\/\/franciscanos.org.br\/noticias\/wp-content\/uploads\/2019\/01\/dario_070119_1-150x100.jpg 150w\" sizes=\"(max-width: 890px) 100vw, 890px\" \/><\/p>\n<p>Com os estandartes representando v\u00e1rios santos, todos seguiram em prociss\u00e3o por cerca de 40 minutos at\u00e9 a quadra do Secri, onde foi celebrada a missa, presidida por Dom Dario e concelebrada pelos padres Kelder Brand\u00e3o, Renato Criste, Ivo Amorim, Dauri Batisti, Padre Arthur, Andherson Franklin, Jocemar Zagoto, Carlos e padre Eder da Prelazia de L\u00e1brea.<\/p>\n<p>Dom Dario lembrou que, assim como fizeram os Reis Magos, todos somos convidados a seguir o caminho para encontrar Jesus. \u201cCom coragem, somos chamados a fazer o mesmo caminho dos magos, saindo de nosso fechamento e ego\u00edsmo, colocando-nos \u00e0 caminho, na busca do Senhor. Sim! \u00c9 seguindo a estrela guia indo \u00e0s periferias, iluminados pela luz da f\u00e9, que nos encontraremos com o Senhor. Ele est\u00e1 nas periferias, humilde, pobre, exclu\u00eddo, esperando pelo nosso encontro, para iluminar a nossa vida com a luz do seu amor, afastando as trevas do ego\u00edsmo, da gan\u00e2ncia e da vaidade, para que encontremos a verdadeira felicidade\u201d, afirmou.<\/p>\n<p>&#8220;N\u00e3o podemos deixar nenhum irm\u00e3o na exclus\u00e3o pelo preconceito, intoler\u00e2ncia, mis\u00e9ria, fome e viol\u00eancia&#8221;, defendeu.<\/p>\n<p><strong>A POSSE<\/strong><\/p>\n<p><img loading=\"lazy\" class=\"alignleft wp-image-194275 size-full\" src=\"https:\/\/franciscanos.org.br\/noticias\/wp-content\/uploads\/2019\/01\/dario_070119_3.jpg\" alt=\"\" width=\"450\" height=\"362\" srcset=\"https:\/\/franciscanos.org.br\/noticias\/wp-content\/uploads\/2019\/01\/dario_070119_3.jpg 450w, https:\/\/franciscanos.org.br\/noticias\/wp-content\/uploads\/2019\/01\/dario_070119_3-150x121.jpg 150w\" sizes=\"(max-width: 450px) 100vw, 450px\" \/>O bispo franciscano Dom Dario Campos tomou posse neste domingo, 5 de janeiro, como novo Arcebispo da Arquidiocese de Vit\u00f3ria (ES) durante a Celebra\u00e7\u00e3o Eucar\u00edstica na Catedral de Vit\u00f3ria, quando o Dom Luiz Mancilha, Arcebispo em\u00e9rito que, ap\u00f3s a apresenta\u00e7\u00e3o da Bula de nomea\u00e7\u00e3o de Dom Dario, a leitura da mesma e a apresenta\u00e7\u00e3o ao povo, dirigiu a Dom Dario uma sauda\u00e7\u00e3o, entregou o b\u00e1culo (cajado) e o conduziu \u00e0 C\u00e1tedra de onde ele passou a presidir a Celebra\u00e7\u00e3o j\u00e1 como Arcebispo desta Igreja Particular.<\/p>\n<p>Na homilia, Dom Dario afirmou sua obedi\u00eancia ao Papa que lhe pediu na Bula de nomea\u00e7\u00e3o: \u201cNa vida como tamb\u00e9m no labor pastoral, segue diligentemente o exemplo de S\u00e3o Francisco de Assis \u2013 que de modo verdadeiramente especial foi sol\u00edcito com a cria\u00e7\u00e3o de Deus e com os pobres mais abandonados (Laudato Si)&#8221;, recordou.<\/p>\n<p>Ele tamb\u00e9m disse que no Lema de seu minist\u00e9rio episcopal &#8211; \u201cNas Tuas M\u00e3os&#8221; &#8211; encontrou o sentido mais profundo para dizer o seu &#8216;sim&#8217; ao pedido do Papa Francisco e assumir a miss\u00e3o de governar junto \u00e0 Arquidiocese governar. &#8220;Melhor dizendo, na nossa linguagem eclesial, pastorear a Arquidiocese. Hoje, mais uma vez, eu dirijo ao Senhor da Messe e ao Grande Pastor do Rebanho o meu olhar, o meu cora\u00e7\u00e3o e todas as minhas for\u00e7as, a fim de que Ele confirme, em nosso meio, a obra de Suas M\u00e3os. Com humildade, eu reconhe\u00e7o o tamanho da miss\u00e3o e os seus grandes desafios que precisam ser enfrentados, e sei que n\u00e3o posso enfrent\u00e1-los sozinho, por isso, conto com voc\u00eas e pe\u00e7o as ora\u00e7\u00f5es de todos voc\u00eas por mim&#8221;, pediu.<\/p>\n<p>Saudou e agradeceu Dom Luiz pelo trabalho realizado, saudou as autoridades presentes de jeito muito acolhedor.<\/p>\n<h6><strong>Fonte: Site da Arquidiocese de Vit\u00f3ria<\/strong><\/h6>\n","protected":false},"excerpt":{"rendered":"<p>O bispo franciscano Dom Dario Campos tome posse na Arquidiocese de Vit\u00f3ria<\/p>\n","protected":false},"author":3,"featured_media":194274,"comment_status":"open","ping_status":"open","sticky":false,"template":"","format":"standard","meta":[],"categories":[1],"tags":[1221],"acf":[],"yoast_head":"<!-- This site is optimized with the Yoast SEO plugin v19.2 - https:\/\/yoast.com\/wordpress\/plugins\/seo\/ -->\n<title>Comunidade carente acolhe o novo Arcebispo de Vit\u00f3ria - Not\u00edcias - Franciscanos<\/title>\n<meta name=\"robots\" content=\"index, follow, max-snippet:-1, max-image-preview:large, max-video-preview:-1\" \/>\n<link rel=\"canonical\" href=\"https:\/\/franciscanos.org.br\/noticias\/comunidade-carente-acolhe-o-novo-arcebispo-de-vitoria.html\" \/>\n<meta property=\"og:locale\" content=\"pt_BR\" \/>\n<meta property=\"og:type\" content=\"article\" \/>\n<meta property=\"og:title\" content=\"Comunidade carente acolhe o novo Arcebispo de Vit\u00f3ria - Not\u00edcias - Franciscanos\" \/>\n<meta property=\"og:description\" content=\"O bispo franciscano Dom Dario Campos tome posse na Arquidiocese de Vit\u00f3ria\" \/>\n<meta property=\"og:url\" content=\"https:\/\/franciscanos.org.br\/noticias\/comunidade-carente-acolhe-o-novo-arcebispo-de-vitoria.html\" \/>\n<meta property=\"og:site_name\" content=\"Not\u00edcias - Franciscanos\" \/>\n<meta property=\"article:published_time\" content=\"2019-01-07T11:08:00+00:00\" \/>\n<meta property=\"article:modified_time\" content=\"2019-01-07T11:08:40+00:00\" \/>\n<meta property=\"og:image\" content=\"https:\/\/franciscanos.org.br\/noticias\/wp-content\/uploads\/2019\/01\/dario_070119d.jpg\" \/>\n\t<meta property=\"og:image:width\" content=\"273\" \/>\n\t<meta property=\"og:image:height\" content=\"181\" \/>\n\t<meta property=\"og:image:type\" content=\"image\/jpeg\" \/>\n<meta name=\"author\" content=\"moacir\" \/>\n<meta name=\"twitter:card\" content=\"summary_large_image\" \/>\n<meta name=\"twitter:label1\" content=\"Escrito por\" \/>\n\t<meta name=\"twitter:data1\" content=\"moacir\" \/>\n\t<meta name=\"twitter:label2\" content=\"Est. tempo de leitura\" \/>\n\t<meta name=\"twitter:data2\" content=\"4 minutos\" \/>\n<script type=\"application\/ld+json\" class=\"yoast-schema-graph\">{\"@context\":\"https:\/\/schema.org\",\"@graph\":[{\"@type\":\"WebSite\",\"@id\":\"https:\/\/franciscanos.org.br\/noticias\/#website\",\"url\":\"https:\/\/franciscanos.org.br\/noticias\/\",\"name\":\"Not\u00edcias - Franciscanos\",\"description\":\"Prov\u00edncia Franciscana da Imaculada Concei\u00e7\u00e3o do Brasil - Ordem dos Frades Menores - OFM\",\"potentialAction\":[{\"@type\":\"SearchAction\",\"target\":{\"@type\":\"EntryPoint\",\"urlTemplate\":\"https:\/\/franciscanos.org.br\/noticias\/?s={search_term_string}\"},\"query-input\":\"required name=search_term_string\"}],\"inLanguage\":\"pt-BR\"},{\"@type\":\"ImageObject\",\"inLanguage\":\"pt-BR\",\"@id\":\"https:\/\/franciscanos.org.br\/noticias\/comunidade-carente-acolhe-o-novo-arcebispo-de-vitoria.html#primaryimage\",\"url\":\"https:\/\/franciscanos.org.br\/noticias\/wp-content\/uploads\/2019\/01\/dario_070119d.jpg\",\"contentUrl\":\"https:\/\/franciscanos.org.br\/noticias\/wp-content\/uploads\/2019\/01\/dario_070119d.jpg\",\"width\":273,\"height\":181},{\"@type\":\"WebPage\",\"@id\":\"https:\/\/franciscanos.org.br\/noticias\/comunidade-carente-acolhe-o-novo-arcebispo-de-vitoria.html#webpage\",\"url\":\"https:\/\/franciscanos.org.br\/noticias\/comunidade-carente-acolhe-o-novo-arcebispo-de-vitoria.html\",\"name\":\"Comunidade carente acolhe o novo Arcebispo de Vit\u00f3ria - Not\u00edcias - Franciscanos\",\"isPartOf\":{\"@id\":\"https:\/\/franciscanos.org.br\/noticias\/#website\"},\"primaryImageOfPage\":{\"@id\":\"https:\/\/franciscanos.org.br\/noticias\/comunidade-carente-acolhe-o-novo-arcebispo-de-vitoria.html#primaryimage\"},\"datePublished\":\"2019-01-07T11:08:00+00:00\",\"dateModified\":\"2019-01-07T11:08:40+00:00\",\"author\":{\"@id\":\"https:\/\/franciscanos.org.br\/noticias\/#\/schema\/person\/b5c8cba458c330ccff548b056e95a5d4\"},\"breadcrumb\":{\"@id\":\"https:\/\/franciscanos.org.br\/noticias\/comunidade-carente-acolhe-o-novo-arcebispo-de-vitoria.html#breadcrumb\"},\"inLanguage\":\"pt-BR\",\"potentialAction\":[{\"@type\":\"ReadAction\",\"target\":[\"https:\/\/franciscanos.org.br\/noticias\/comunidade-carente-acolhe-o-novo-arcebispo-de-vitoria.html\"]}]},{\"@type\":\"BreadcrumbList\",\"@id\":\"https:\/\/franciscanos.org.br\/noticias\/comunidade-carente-acolhe-o-novo-arcebispo-de-vitoria.html#breadcrumb\",\"itemListElement\":[{\"@type\":\"ListItem\",\"position\":1,\"name\":\"Home\",\"item\":\"https:\/\/franciscanos.org.br\/noticias\"},{\"@type\":\"ListItem\",\"position\":2,\"name\":\"Comunidade carente acolhe o novo Arcebispo de Vit\u00f3ria\"}]},{\"@type\":\"Person\",\"@id\":\"https:\/\/franciscanos.org.br\/noticias\/#\/schema\/person\/b5c8cba458c330ccff548b056e95a5d4\",\"name\":\"moacir\",\"image\":{\"@type\":\"ImageObject\",\"inLanguage\":\"pt-BR\",\"@id\":\"https:\/\/franciscanos.org.br\/noticias\/#\/schema\/person\/image\/\",\"url\":\"https:\/\/secure.gravatar.com\/avatar\/d08aa2ce4c8dd416d4479aa8536fcf64?s=96&d=mm&r=g\",\"contentUrl\":\"https:\/\/secure.gravatar.com\/avatar\/d08aa2ce4c8dd416d4479aa8536fcf64?s=96&d=mm&r=g\",\"caption\":\"moacir\"},\"url\":\"https:\/\/franciscanos.org.br\/noticias\/author\/moacir\"}]}<\/script>\n<!-- \/ Yoast SEO plugin. -->","yoast_head_json":{"title":"Comunidade carente acolhe o novo Arcebispo de Vit\u00f3ria - Not\u00edcias - Franciscanos","robots":{"index":"index","follow":"follow","max-snippet":"max-snippet:-1","max-image-preview":"max-image-preview:large","max-video-preview":"max-video-preview:-1"},"canonical":"https:\/\/franciscanos.org.br\/noticias\/comunidade-carente-acolhe-o-novo-arcebispo-de-vitoria.html","og_locale":"pt_BR","og_type":"article","og_title":"Comunidade carente acolhe o novo Arcebispo de Vit\u00f3ria - Not\u00edcias - Franciscanos","og_description":"O bispo franciscano Dom Dario Campos tome posse na Arquidiocese de Vit\u00f3ria","og_url":"https:\/\/franciscanos.org.br\/noticias\/comunidade-carente-acolhe-o-novo-arcebispo-de-vitoria.html","og_site_name":"Not\u00edcias - Franciscanos","article_published_time":"2019-01-07T11:08:00+00:00","article_modified_time":"2019-01-07T11:08:40+00:00","og_image":[{"width":273,"height":181,"url":"https:\/\/franciscanos.org.br\/noticias\/wp-content\/uploads\/2019\/01\/dario_070119d.jpg","type":"image\/jpeg"}],"author":"moacir","twitter_card":"summary_large_image","twitter_misc":{"Escrito por":"moacir","Est. tempo de leitura":"4 minutos"},"schema":{"@context":"https:\/\/schema.org","@graph":[{"@type":"WebSite","@id":"https:\/\/franciscanos.org.br\/noticias\/#website","url":"https:\/\/franciscanos.org.br\/noticias\/","name":"Not\u00edcias - Franciscanos","description":"Prov\u00edncia Franciscana da Imaculada Concei\u00e7\u00e3o do Brasil - Ordem dos Frades Menores - OFM","potentialAction":[{"@type":"SearchAction","target":{"@type":"EntryPoint","urlTemplate":"https:\/\/franciscanos.org.br\/noticias\/?s={search_term_string}"},"query-input":"required name=search_term_string"}],"inLanguage":"pt-BR"},{"@type":"ImageObject","inLanguage":"pt-BR","@id":"https:\/\/franciscanos.org.br\/noticias\/comunidade-carente-acolhe-o-novo-arcebispo-de-vitoria.html#primaryimage","url":"https:\/\/franciscanos.org.br\/noticias\/wp-content\/uploads\/2019\/01\/dario_070119d.jpg","contentUrl":"https:\/\/franciscanos.org.br\/noticias\/wp-content\/uploads\/2019\/01\/dario_070119d.jpg","width":273,"height":181},{"@type":"WebPage","@id":"https:\/\/franciscanos.org.br\/noticias\/comunidade-carente-acolhe-o-novo-arcebispo-de-vitoria.html#webpage","url":"https:\/\/franciscanos.org.br\/noticias\/comunidade-carente-acolhe-o-novo-arcebispo-de-vitoria.html","name":"Comunidade carente acolhe o novo Arcebispo de Vit\u00f3ria - Not\u00edcias - Franciscanos","isPartOf":{"@id":"https:\/\/franciscanos.org.br\/noticias\/#website"},"primaryImageOfPage":{"@id":"https:\/\/franciscanos.org.br\/noticias\/comunidade-carente-acolhe-o-novo-arcebispo-de-vitoria.html#primaryimage"},"datePublished":"2019-01-07T11:08:00+00:00","dateModified":"2019-01-07T11:08:40+00:00","author":{"@id":"https:\/\/franciscanos.org.br\/noticias\/#\/schema\/person\/b5c8cba458c330ccff548b056e95a5d4"},"breadcrumb":{"@id":"https:\/\/franciscanos.org.br\/noticias\/comunidade-carente-acolhe-o-novo-arcebispo-de-vitoria.html#breadcrumb"},"inLanguage":"pt-BR","potentialAction":[{"@type":"ReadAction","target":["https:\/\/franciscanos.org.br\/noticias\/comunidade-carente-acolhe-o-novo-arcebispo-de-vitoria.html"]}]},{"@type":"BreadcrumbList","@id":"https:\/\/franciscanos.org.br\/noticias\/comunidade-carente-acolhe-o-novo-arcebispo-de-vitoria.html#breadcrumb","itemListElement":[{"@type":"ListItem","position":1,"name":"Home","item":"https:\/\/franciscanos.org.br\/noticias"},{"@type":"ListItem","position":2,"name":"Comunidade carente acolhe o novo Arcebispo de Vit\u00f3ria"}]},{"@type":"Person","@id":"https:\/\/franciscanos.org.br\/noticias\/#\/schema\/person\/b5c8cba458c330ccff548b056e95a5d4","name":"moacir","image":{"@type":"ImageObject","inLanguage":"pt-BR","@id":"https:\/\/franciscanos.org.br\/noticias\/#\/schema\/person\/image\/","url":"https:\/\/secure.gravatar.com\/avatar\/d08aa2ce4c8dd416d4479aa8536fcf64?s=96&d=mm&r=g","contentUrl":"https:\/\/secure.gravatar.com\/avatar\/d08aa2ce4c8dd416d4479aa8536fcf64?s=96&d=mm&r=g","caption":"moacir"},"url":"https:\/\/franciscanos.org.br\/noticias\/author\/moacir"}]}},"_links":{"self":[{"href":"https:\/\/franciscanos.org.br\/noticias\/wp-json\/wp\/v2\/posts\/194271"}],"collection":[{"href":"https:\/\/franciscanos.org.br\/noticias\/wp-json\/wp\/v2\/posts"}],"about":[{"href":"https:\/\/franciscanos.org.br\/noticias\/wp-json\/wp\/v2\/types\/post"}],"author":[{"embeddable":true,"href":"https:\/\/franciscanos.org.br\/noticias\/wp-json\/wp\/v2\/users\/3"}],"replies":[{"embeddable":true,"href":"https:\/\/franciscanos.org.br\/noticias\/wp-json\/wp\/v2\/comments?post=194271"}],"version-history":[{"count":0,"href":"https:\/\/franciscanos.org.br\/noticias\/wp-json\/wp\/v2\/posts\/194271\/revisions"}],"wp:featuredmedia":[{"embeddable":true,"href":"https:\/\/franciscanos.org.br\/noticias\/wp-json\/wp\/v2\/media\/194274"}],"wp:attachment":[{"href":"https:\/\/franciscanos.org.br\/noticias\/wp-json\/wp\/v2\/media?parent=194271"}],"wp:term":[{"taxonomy":"category","embeddable":true,"href":"https:\/\/franciscanos.org.br\/noticias\/wp-json\/wp\/v2\/categories?post=194271"},{"taxonomy":"post_tag","embeddable":true,"href":"https:\/\/franciscanos.org.br\/noticias\/wp-json\/wp\/v2\/tags?post=194271"}],"curies":[{"name":"wp","href":"https:\/\/api.w.org\/{rel}","templated":true}]}}