{"id":194246,"date":"2019-01-05T07:37:40","date_gmt":"2019-01-05T09:37:40","guid":{"rendered":"https:\/\/franciscanos.org.br\/noticias\/?p=194246"},"modified":"2019-01-05T07:37:40","modified_gmt":"2019-01-05T09:37:40","slug":"ministro-provincial-envia-mensagem-a-dom-dario","status":"publish","type":"post","link":"https:\/\/franciscanos.org.br\/noticias\/ministro-provincial-envia-mensagem-a-dom-dario.html","title":{"rendered":"Ministro Provincial envia mensagem a Dom Dario"},"content":{"rendered":"<p><img loading=\"lazy\" class=\"alignnone size-full wp-image-194247\" src=\"https:\/\/franciscanos.org.br\/noticias\/wp-content\/uploads\/2019\/01\/dario_050119.jpg\" alt=\"\" width=\"890\" height=\"536\" srcset=\"https:\/\/franciscanos.org.br\/noticias\/wp-content\/uploads\/2019\/01\/dario_050119.jpg 890w, https:\/\/franciscanos.org.br\/noticias\/wp-content\/uploads\/2019\/01\/dario_050119-450x271.jpg 450w, https:\/\/franciscanos.org.br\/noticias\/wp-content\/uploads\/2019\/01\/dario_050119-768x463.jpg 768w, https:\/\/franciscanos.org.br\/noticias\/wp-content\/uploads\/2019\/01\/dario_050119-150x90.jpg 150w\" sizes=\"(max-width: 890px) 100vw, 890px\" \/><br \/>\nO Ministro Provincial da Prov\u00edncia Franciscana da Imaculada Concei\u00e7\u00e3o, Frei C\u00e9sar K\u00fclkamp, enviou mensagem a Dom Dario Campos, OFM, o 4\u00b0 Arcebispo Metropolitano da Arquidiocese de Vit\u00f3ria (ES), que toma posse neste s\u00e1bado, 5 de janeiro, \u00e0s 10 horas na Catedral Metropolitana de Vit\u00f3ria.<\/p>\n<p>O franciscano Dom Dario Campos, que era bispo da Diocese de Cachoeiro de Itapemirim, foi nomeado pelo Papa Francisco como o novo Arcebispo de Vit\u00f3ria no dia 7 de novembro de 2018. Como lembra o Ministro Provincial, o Esp\u00edrito Santo tem dois santu\u00e1rios franciscanos que marcam a hist\u00f3ria da presen\u00e7a franciscana que come\u00e7ou com o irm\u00e3o leigo franciscano, Frei Pedro Pal\u00e1cios, ao chegar na Capitania do Esp\u00edrito Santo em 1558. Ele \u00e9 o fundador de um dos santu\u00e1rios dedicados a Nossa Senhora mais visitados do Brasil, o Convento da Penha. Acompanhando o crescimento da cidade de Vila Velha, o Santu\u00e1rio do Divino Esp\u00edrito Santo \u00e9 outro marco da presen\u00e7a franciscana entre os capixabas.<\/p>\n<p><strong>\u00a0\u00cdNTEGRA DA MENSAGEM DE FREI C\u00c9SAR<\/strong><\/p>\n<p><em>S\u00e3o Paulo, 05 de janeiro de 2019.<\/em><\/p>\n<p><em>A V. Ex.\u00aa Revma. <\/em><br \/>\n<em>Dom Dario Campos, ofm<\/em><br \/>\n<em>Arcebispo de Vit\u00f3ria &#8211; ES<\/em><\/p>\n<p><em>Estimado Dom Dario,<\/em><br \/>\n<em>Paz e Bem!<\/em><\/p>\n<p><em>Atrav\u00e9s de nossas Fraternidades em Vila Velha, chegou a mim o convite para a Celebra\u00e7\u00e3o Eucar\u00edstica com a tomada de posse de V. Exa. Revma. como 4\u00ba Arcebispo da Arquidiocese de Vit\u00f3ria, neste s\u00e1bado, 5 de janeiro. J\u00e1 a not\u00edcia de vossa nomea\u00e7\u00e3o nos deixou felizes por podermos contar com o apoio e a orienta\u00e7\u00e3o de um Arcebispo frade menor.<\/em><\/p>\n<p><em>Assim como vosso lema episcopal: \u201cNas Tuas M\u00e3os\u201d, queremos, como Prov\u00edncia Franciscana da Imaculada Concei\u00e7\u00e3o do Brasil, presentes em duas Fraternidades e a servi\u00e7o de dois campos muito significativos de evangeliza\u00e7\u00e3o para a Igreja de Vit\u00f3ria: o Convento da Penha e o Santu\u00e1rio do Divino Esp\u00edrito Santo \u2013 Par\u00f3quia Nossa Senhora do Ros\u00e1rio, manifestar nossa acolhida \u00e0 vossa pessoa e confiar-lhe nossa obedi\u00eancia e colabora\u00e7\u00e3o para a vida e a miss\u00e3o da Igreja Local de Vit\u00f3ria.<\/em><\/p>\n<p><em>Nossa Prov\u00edncia acaba de celebrar seu Cap\u00edtulo Provincial, com o tema \u201ca minoridade franciscana: lugar de encontro e comunh\u00e3o\u201d, inspirado na fala do Papa Francisco \u00e0 Fam\u00edlia Franciscana. Ali refor\u00e7amos nosso compromisso de ver o mundo e a Igreja com os olhos dos menores e reassumimos nossas dimens\u00f5es franciscanas da Evangeliza\u00e7\u00e3o, entre elas a Comunh\u00e3o com a Igreja, vivendo nossa voca\u00e7\u00e3o e miss\u00e3o na e com a Igreja, Povo de Deus, em esp\u00edrito de obedi\u00eancia e rever\u00eancia aos seus pastores. Assim nos colocamos diante da Igreja de Vit\u00f3ria e de seu Arcebispo!<\/em><\/p>\n<p><em>Fa\u00e7o chegar estas palavras \u00e0 vossa Exa Revma., atrav\u00e9s de Frei Paulo Roberto Pereira, Guardi\u00e3o do Convento da Penha e membro do nosso Definit\u00f3rio.<\/em><\/p>\n<p><em>Confiamos em vossas preces e pedimos a vossa b\u00ean\u00e7\u00e3o!<\/em><\/p>\n<p><em>Cordialmente,<\/em><\/p>\n<p><strong>Frei C\u00e9sar K\u00fclkamp, ofm<\/strong><br \/>\n<em>Ministro Provincial<\/em><\/p>\n<hr \/>\n<p><strong>PRIMEIRA ENTREVISTA COLETIVA<\/strong><\/p>\n<h2>\nOP\u00c7\u00c3O PREFERENCIAL PELOS POBRES<\/h2>\n<p><img loading=\"lazy\" class=\"alignleft wp-image-194249 size-full\" src=\"https:\/\/franciscanos.org.br\/noticias\/wp-content\/uploads\/2019\/01\/dario_050119_1.jpg\" alt=\"\" width=\"500\" height=\"439\" srcset=\"https:\/\/franciscanos.org.br\/noticias\/wp-content\/uploads\/2019\/01\/dario_050119_1.jpg 500w, https:\/\/franciscanos.org.br\/noticias\/wp-content\/uploads\/2019\/01\/dario_050119_1-450x395.jpg 450w, https:\/\/franciscanos.org.br\/noticias\/wp-content\/uploads\/2019\/01\/dario_050119_1-150x132.jpg 150w\" sizes=\"(max-width: 500px) 100vw, 500px\" \/>Na entrevista antes da posse, Dom Dario Campos, se reuniu com a imprensa na sua resid\u00eancia em Ponta Formosa, na Praia do Canto, na sexta-feira (4\/1), abrindo a coletiva com a sauda\u00e7\u00e3o franciscana \u201cPaz e bem\u201d. Segundo o novo Arcebispo,<\/p>\n<p>a Arquidiocese de Vit\u00f3ria tem um papel fundamental na hist\u00f3ria da Igreja do Estado do Esp\u00edrito Santo.<\/p>\n<p>\u201cAqui, em Vit\u00f3ria, est\u00e1 a sede da nossa Arquidiocese, da nossa Prov\u00edncia Eclesi\u00e1stica, e temos compromisso evang\u00e9lico, pela nossa a\u00e7\u00e3o transformadora como uma Igreja que tem op\u00e7\u00e3o preferencial pelos pobres, como Igreja com a\u00e7\u00e3o nas Comunidades Eclesiais de Base (Cebs), de n\u00e3o perdermos nossa mem\u00f3ria. O modo de ser igreja no Estado do Esp\u00edrito Santo \u00e9 refer\u00eancia no Brasil\u201d, disse.<\/p>\n<p>Dom Dario lembrou que o pr\u00f3prio Papa Francisco pediu que ele tenha especial aten\u00e7\u00e3o com os menos favorecidos, deixando isso claro em sua Carta de nomea\u00e7\u00e3o. Este foi o principal motivo da escolha de Dom Dario para o in\u00edcio de seu minist\u00e9rio na Arquidiocese de Vit\u00f3ria, o bairro S\u00e3o Benedito, onde vai celebrar no domingo, \u00e0s 9 horas, a Missa da Epifania. &#8220;A escolha \u00e9 por um bairro de periferia, onde nossos irm\u00e3os s\u00e3o esquecidos pelo poder p\u00fablico. Al\u00e9m de atender o pedido do Papa, tamb\u00e9m satisfaz profundamente meu desejo, minha escolha de estar junto dos irm\u00e3os abandonados\u201d, afirmou.<\/p>\n<p>Dom Dario tamb\u00e9m refor\u00e7ou a import\u00e2ncia dos leigos e leigas na a\u00e7\u00e3o evangelizadora da Igreja. \u201cN\u00f3s precisamos estar constantemente alertas para o protagonismo dos leigos. N\u00e3o podemos colocar o leigo a leiga \u00e0 parte, especialmente das mulheres. Ai de n\u00f3s se n\u00e3o fossem as mulheres na Igreja. Foi uma mulher que teve coragem de ir de madrugada para encontrar com Jesus no t\u00famulo e foi ela que saiu para anunciar que Jesus n\u00e3o estava mais l\u00e1, que havia ressuscitado. A coragem de uma mulher fez com que a Igreja nascesse para fora\u201d, lembrou.<\/p>\n<p>O novo Arcebispo falou da import\u00e2ncia de fortalecer os trabalhos sociais, n\u00e3o s\u00f3 nas par\u00f3quias da Arquidiocese mas em todo o Estado. \u201cCada uma de nossas par\u00f3quias e tamb\u00e9m nas par\u00f3quias de nossas Igrejas irm\u00e3s tem que fortalecer os trabalhos sociais e fazer emergir o que est\u00e1 sendo feito\u201d.<\/p>\n<p>Dom Dario lembrou o pedido de Papa Francisco e de ser uma Igreja em sa\u00edda. \u201cSair \u00e9 ir para as periferias, tanto as geogr\u00e1ficas como as existenciais, pois a pobreza e as mazelas existem tanto na periferia quanto na classe A. Quantos n\u00e3o est\u00e3o abandonados ou esquecidos tamb\u00e9m na classe A\u201d, destacou.<\/p>\n<p>Para o novo Arcebispo, \u00e9 importante tamb\u00e9m manter um di\u00e1logo intenso com os poderes constitu\u00eddos. Ele lembrou que a Campanha da Fraternidade deste ano apresenta as quest\u00f5es das pol\u00edticas p\u00fablicas, que devem ser amplamente discutidas e colocadas em pr\u00e1tica. \u201cN\u00f3s, junto com o povo, precisamos clamar pelos mais necessitados. O Papa quer que o irm\u00e3o que est\u00e1 abandonado tenha um dignidade, tenha uma vida melhor. O interc\u00e2mbio com os poderes constitu\u00eddos e com a ajuda da imprensa pode nos ajudar muito a melhorar a qualidade de vida dos nossos irm\u00e3os empobrecidos.\u201d<\/p>\n<p>A quest\u00e3o da viol\u00eancia no Estado foi outro ponto abordado por Dom Dario, que v\u00ea com preocupa\u00e7\u00e3o os altos \u00edndices e disse que mesmo que as pesquisas mostrem que eles atualmente tiveram uma diminui\u00e7\u00e3o, n\u00e3o h\u00e1 motivos para comemora\u00e7\u00f5es.<\/p>\n<p>\u201cTemos que dialogar com toda sociedade civil a respeito da viol\u00eancia crescente no Estado. N\u00e3o podemos ficar satisfeitos com a diminui\u00e7\u00e3o desses \u00edndices e sim trabalharmos para que eles acabem. O poder p\u00fablico fica satisfeito com essa queda, mas enquanto tiver um irm\u00e3o sofrendo, um irm\u00e3o morrendo, uma mulher sendo assassinada, um jovem negro ou branco sendo morto, n\u00e3o h\u00e1 comemora\u00e7\u00f5es. Jesus nos chamou \u00e0 vida e n\u00e3o \u00e0 morte\u201d, enfatizou.<\/p>\n<p>Situando sua pose na Epifania, Dom Dario deixou a seguinte mensagem: &#8220;Quem encontra com Jesus, retorna por um outro caminho. Herodes queria matar Jesus e contava que os Reis Magos dissessem onde ele se encontrava. Mas guidados por uma estrela e por um sonho, eles foram avisados das inten\u00e7\u00f5es de Herodes e voltaram para suas terras por outros caminhos. Ele continuou sem achar Jesus e mandou matar todas as crian\u00e7as com menos de dois anos. Ent\u00e3o, quem encontra com Jesus, retorna por um outro caminho, e quem n\u00e3o encontra, continua com sua viol\u00eancia interna. A presen\u00e7a da Igreja no Estado \u00e9 fazer com que as pessoas encontrem com Jesus e retornem por um novo caminho\u201d, finalizou.\u00a0 <em>(Fonte: Site da Arquidiocese de Vit\u00f3ria)<\/em><\/p>\n","protected":false},"excerpt":{"rendered":"<p>O franciscano Dom Dario toma posse hoje na Arquidiocese de Vit\u00f3ria<\/p>\n","protected":false},"author":3,"featured_media":194248,"comment_status":"open","ping_status":"open","sticky":false,"template":"","format":"standard","meta":[],"categories":[1],"tags":[1222,1221],"acf":[],"yoast_head":"<!-- This site is optimized with the Yoast SEO plugin v19.2 - https:\/\/yoast.com\/wordpress\/plugins\/seo\/ -->\n<title>Ministro Provincial envia mensagem a Dom Dario - Not\u00edcias - Franciscanos<\/title>\n<meta name=\"robots\" content=\"index, follow, max-snippet:-1, max-image-preview:large, max-video-preview:-1\" \/>\n<link rel=\"canonical\" href=\"https:\/\/franciscanos.org.br\/noticias\/ministro-provincial-envia-mensagem-a-dom-dario.html\" \/>\n<meta property=\"og:locale\" content=\"pt_BR\" \/>\n<meta property=\"og:type\" content=\"article\" \/>\n<meta property=\"og:title\" content=\"Ministro Provincial envia mensagem a Dom Dario - Not\u00edcias - Franciscanos\" \/>\n<meta property=\"og:description\" content=\"O franciscano Dom Dario toma posse hoje na Arquidiocese de Vit\u00f3ria\" \/>\n<meta property=\"og:url\" content=\"https:\/\/franciscanos.org.br\/noticias\/ministro-provincial-envia-mensagem-a-dom-dario.html\" \/>\n<meta property=\"og:site_name\" content=\"Not\u00edcias - Franciscanos\" \/>\n<meta property=\"article:published_time\" content=\"2019-01-05T09:37:40+00:00\" \/>\n<meta property=\"og:image\" content=\"https:\/\/franciscanos.org.br\/noticias\/wp-content\/uploads\/2019\/01\/dario_050119d.jpg\" \/>\n\t<meta property=\"og:image:width\" content=\"273\" \/>\n\t<meta property=\"og:image:height\" content=\"181\" \/>\n\t<meta property=\"og:image:type\" content=\"image\/jpeg\" \/>\n<meta name=\"author\" content=\"moacir\" \/>\n<meta name=\"twitter:card\" content=\"summary_large_image\" \/>\n<meta name=\"twitter:label1\" content=\"Escrito por\" \/>\n\t<meta name=\"twitter:data1\" content=\"moacir\" \/>\n\t<meta name=\"twitter:label2\" content=\"Est. tempo de leitura\" \/>\n\t<meta name=\"twitter:data2\" content=\"7 minutos\" \/>\n<script type=\"application\/ld+json\" class=\"yoast-schema-graph\">{\"@context\":\"https:\/\/schema.org\",\"@graph\":[{\"@type\":\"WebSite\",\"@id\":\"https:\/\/franciscanos.org.br\/noticias\/#website\",\"url\":\"https:\/\/franciscanos.org.br\/noticias\/\",\"name\":\"Not\u00edcias - Franciscanos\",\"description\":\"Prov\u00edncia Franciscana da Imaculada Concei\u00e7\u00e3o do Brasil - Ordem dos Frades Menores - OFM\",\"potentialAction\":[{\"@type\":\"SearchAction\",\"target\":{\"@type\":\"EntryPoint\",\"urlTemplate\":\"https:\/\/franciscanos.org.br\/noticias\/?s={search_term_string}\"},\"query-input\":\"required name=search_term_string\"}],\"inLanguage\":\"pt-BR\"},{\"@type\":\"ImageObject\",\"inLanguage\":\"pt-BR\",\"@id\":\"https:\/\/franciscanos.org.br\/noticias\/ministro-provincial-envia-mensagem-a-dom-dario.html#primaryimage\",\"url\":\"https:\/\/franciscanos.org.br\/noticias\/wp-content\/uploads\/2019\/01\/dario_050119d.jpg\",\"contentUrl\":\"https:\/\/franciscanos.org.br\/noticias\/wp-content\/uploads\/2019\/01\/dario_050119d.jpg\",\"width\":273,\"height\":181},{\"@type\":\"WebPage\",\"@id\":\"https:\/\/franciscanos.org.br\/noticias\/ministro-provincial-envia-mensagem-a-dom-dario.html#webpage\",\"url\":\"https:\/\/franciscanos.org.br\/noticias\/ministro-provincial-envia-mensagem-a-dom-dario.html\",\"name\":\"Ministro Provincial envia mensagem a Dom Dario - Not\u00edcias - Franciscanos\",\"isPartOf\":{\"@id\":\"https:\/\/franciscanos.org.br\/noticias\/#website\"},\"primaryImageOfPage\":{\"@id\":\"https:\/\/franciscanos.org.br\/noticias\/ministro-provincial-envia-mensagem-a-dom-dario.html#primaryimage\"},\"datePublished\":\"2019-01-05T09:37:40+00:00\",\"dateModified\":\"2019-01-05T09:37:40+00:00\",\"author\":{\"@id\":\"https:\/\/franciscanos.org.br\/noticias\/#\/schema\/person\/b5c8cba458c330ccff548b056e95a5d4\"},\"breadcrumb\":{\"@id\":\"https:\/\/franciscanos.org.br\/noticias\/ministro-provincial-envia-mensagem-a-dom-dario.html#breadcrumb\"},\"inLanguage\":\"pt-BR\",\"potentialAction\":[{\"@type\":\"ReadAction\",\"target\":[\"https:\/\/franciscanos.org.br\/noticias\/ministro-provincial-envia-mensagem-a-dom-dario.html\"]}]},{\"@type\":\"BreadcrumbList\",\"@id\":\"https:\/\/franciscanos.org.br\/noticias\/ministro-provincial-envia-mensagem-a-dom-dario.html#breadcrumb\",\"itemListElement\":[{\"@type\":\"ListItem\",\"position\":1,\"name\":\"Home\",\"item\":\"https:\/\/franciscanos.org.br\/noticias\"},{\"@type\":\"ListItem\",\"position\":2,\"name\":\"Ministro Provincial envia mensagem a Dom Dario\"}]},{\"@type\":\"Person\",\"@id\":\"https:\/\/franciscanos.org.br\/noticias\/#\/schema\/person\/b5c8cba458c330ccff548b056e95a5d4\",\"name\":\"moacir\",\"image\":{\"@type\":\"ImageObject\",\"inLanguage\":\"pt-BR\",\"@id\":\"https:\/\/franciscanos.org.br\/noticias\/#\/schema\/person\/image\/\",\"url\":\"https:\/\/secure.gravatar.com\/avatar\/d08aa2ce4c8dd416d4479aa8536fcf64?s=96&d=mm&r=g\",\"contentUrl\":\"https:\/\/secure.gravatar.com\/avatar\/d08aa2ce4c8dd416d4479aa8536fcf64?s=96&d=mm&r=g\",\"caption\":\"moacir\"},\"url\":\"https:\/\/franciscanos.org.br\/noticias\/author\/moacir\"}]}<\/script>\n<!-- \/ Yoast SEO plugin. -->","yoast_head_json":{"title":"Ministro Provincial envia mensagem a Dom Dario - Not\u00edcias - Franciscanos","robots":{"index":"index","follow":"follow","max-snippet":"max-snippet:-1","max-image-preview":"max-image-preview:large","max-video-preview":"max-video-preview:-1"},"canonical":"https:\/\/franciscanos.org.br\/noticias\/ministro-provincial-envia-mensagem-a-dom-dario.html","og_locale":"pt_BR","og_type":"article","og_title":"Ministro Provincial envia mensagem a Dom Dario - Not\u00edcias - Franciscanos","og_description":"O franciscano Dom Dario toma posse hoje na Arquidiocese de Vit\u00f3ria","og_url":"https:\/\/franciscanos.org.br\/noticias\/ministro-provincial-envia-mensagem-a-dom-dario.html","og_site_name":"Not\u00edcias - Franciscanos","article_published_time":"2019-01-05T09:37:40+00:00","og_image":[{"width":273,"height":181,"url":"https:\/\/franciscanos.org.br\/noticias\/wp-content\/uploads\/2019\/01\/dario_050119d.jpg","type":"image\/jpeg"}],"author":"moacir","twitter_card":"summary_large_image","twitter_misc":{"Escrito por":"moacir","Est. tempo de leitura":"7 minutos"},"schema":{"@context":"https:\/\/schema.org","@graph":[{"@type":"WebSite","@id":"https:\/\/franciscanos.org.br\/noticias\/#website","url":"https:\/\/franciscanos.org.br\/noticias\/","name":"Not\u00edcias - Franciscanos","description":"Prov\u00edncia Franciscana da Imaculada Concei\u00e7\u00e3o do Brasil - Ordem dos Frades Menores - OFM","potentialAction":[{"@type":"SearchAction","target":{"@type":"EntryPoint","urlTemplate":"https:\/\/franciscanos.org.br\/noticias\/?s={search_term_string}"},"query-input":"required name=search_term_string"}],"inLanguage":"pt-BR"},{"@type":"ImageObject","inLanguage":"pt-BR","@id":"https:\/\/franciscanos.org.br\/noticias\/ministro-provincial-envia-mensagem-a-dom-dario.html#primaryimage","url":"https:\/\/franciscanos.org.br\/noticias\/wp-content\/uploads\/2019\/01\/dario_050119d.jpg","contentUrl":"https:\/\/franciscanos.org.br\/noticias\/wp-content\/uploads\/2019\/01\/dario_050119d.jpg","width":273,"height":181},{"@type":"WebPage","@id":"https:\/\/franciscanos.org.br\/noticias\/ministro-provincial-envia-mensagem-a-dom-dario.html#webpage","url":"https:\/\/franciscanos.org.br\/noticias\/ministro-provincial-envia-mensagem-a-dom-dario.html","name":"Ministro Provincial envia mensagem a Dom Dario - Not\u00edcias - Franciscanos","isPartOf":{"@id":"https:\/\/franciscanos.org.br\/noticias\/#website"},"primaryImageOfPage":{"@id":"https:\/\/franciscanos.org.br\/noticias\/ministro-provincial-envia-mensagem-a-dom-dario.html#primaryimage"},"datePublished":"2019-01-05T09:37:40+00:00","dateModified":"2019-01-05T09:37:40+00:00","author":{"@id":"https:\/\/franciscanos.org.br\/noticias\/#\/schema\/person\/b5c8cba458c330ccff548b056e95a5d4"},"breadcrumb":{"@id":"https:\/\/franciscanos.org.br\/noticias\/ministro-provincial-envia-mensagem-a-dom-dario.html#breadcrumb"},"inLanguage":"pt-BR","potentialAction":[{"@type":"ReadAction","target":["https:\/\/franciscanos.org.br\/noticias\/ministro-provincial-envia-mensagem-a-dom-dario.html"]}]},{"@type":"BreadcrumbList","@id":"https:\/\/franciscanos.org.br\/noticias\/ministro-provincial-envia-mensagem-a-dom-dario.html#breadcrumb","itemListElement":[{"@type":"ListItem","position":1,"name":"Home","item":"https:\/\/franciscanos.org.br\/noticias"},{"@type":"ListItem","position":2,"name":"Ministro Provincial envia mensagem a Dom Dario"}]},{"@type":"Person","@id":"https:\/\/franciscanos.org.br\/noticias\/#\/schema\/person\/b5c8cba458c330ccff548b056e95a5d4","name":"moacir","image":{"@type":"ImageObject","inLanguage":"pt-BR","@id":"https:\/\/franciscanos.org.br\/noticias\/#\/schema\/person\/image\/","url":"https:\/\/secure.gravatar.com\/avatar\/d08aa2ce4c8dd416d4479aa8536fcf64?s=96&d=mm&r=g","contentUrl":"https:\/\/secure.gravatar.com\/avatar\/d08aa2ce4c8dd416d4479aa8536fcf64?s=96&d=mm&r=g","caption":"moacir"},"url":"https:\/\/franciscanos.org.br\/noticias\/author\/moacir"}]}},"_links":{"self":[{"href":"https:\/\/franciscanos.org.br\/noticias\/wp-json\/wp\/v2\/posts\/194246"}],"collection":[{"href":"https:\/\/franciscanos.org.br\/noticias\/wp-json\/wp\/v2\/posts"}],"about":[{"href":"https:\/\/franciscanos.org.br\/noticias\/wp-json\/wp\/v2\/types\/post"}],"author":[{"embeddable":true,"href":"https:\/\/franciscanos.org.br\/noticias\/wp-json\/wp\/v2\/users\/3"}],"replies":[{"embeddable":true,"href":"https:\/\/franciscanos.org.br\/noticias\/wp-json\/wp\/v2\/comments?post=194246"}],"version-history":[{"count":0,"href":"https:\/\/franciscanos.org.br\/noticias\/wp-json\/wp\/v2\/posts\/194246\/revisions"}],"wp:featuredmedia":[{"embeddable":true,"href":"https:\/\/franciscanos.org.br\/noticias\/wp-json\/wp\/v2\/media\/194248"}],"wp:attachment":[{"href":"https:\/\/franciscanos.org.br\/noticias\/wp-json\/wp\/v2\/media?parent=194246"}],"wp:term":[{"taxonomy":"category","embeddable":true,"href":"https:\/\/franciscanos.org.br\/noticias\/wp-json\/wp\/v2\/categories?post=194246"},{"taxonomy":"post_tag","embeddable":true,"href":"https:\/\/franciscanos.org.br\/noticias\/wp-json\/wp\/v2\/tags?post=194246"}],"curies":[{"name":"wp","href":"https:\/\/api.w.org\/{rel}","templated":true}]}}