{"id":193379,"date":"2018-12-31T16:56:56","date_gmt":"2018-12-31T18:56:56","guid":{"rendered":"https:\/\/franciscanos.org.br\/noticias\/?p=193379"},"modified":"2020-08-06T16:53:13","modified_gmt":"2020-08-06T19:53:13","slug":"papa-a-igreja-nao-quer-ficar-indiferente-as-escravidoes-do-nosso-tempo","status":"publish","type":"post","link":"https:\/\/franciscanos.org.br\/noticias\/papa-a-igreja-nao-quer-ficar-indiferente-as-escravidoes-do-nosso-tempo.html","title":{"rendered":"Papa: \u201cA Igreja n\u00e3o quer ficar indiferente \u00e0s escravid\u00f5es do nosso tempo&#8221;"},"content":{"rendered":"<p><img loading=\"lazy\" class=\"alignnone size-full wp-image-193380\" src=\"https:\/\/franciscanos.org.br\/noticias\/wp-content\/uploads\/2018\/12\/tedeum_311218_1.jpg\" alt=\"\" width=\"890\" height=\"593\" srcset=\"https:\/\/franciscanos.org.br\/noticias\/wp-content\/uploads\/2018\/12\/tedeum_311218_1.jpg 890w, https:\/\/franciscanos.org.br\/noticias\/wp-content\/uploads\/2018\/12\/tedeum_311218_1-450x300.jpg 450w, https:\/\/franciscanos.org.br\/noticias\/wp-content\/uploads\/2018\/12\/tedeum_311218_1-768x512.jpg 768w, https:\/\/franciscanos.org.br\/noticias\/wp-content\/uploads\/2018\/12\/tedeum_311218_1-150x100.jpg 150w\" sizes=\"(max-width: 890px) 100vw, 890px\" \/><\/p>\n<p><strong>Cidade do Vaticano<\/strong> &#8211; \u201cTamb\u00e9m durante este ano que chega ao fim, muitos homens e mulheres viveram, e vivem, em condi\u00e7\u00f5es de escravid\u00e3o, condi\u00e7\u00f5es indignas de pessoas humanas\u201d, disse o Papa Francisco no final da tarde desta segunda-feira, 31 de dezembro, no <em>Te Deum<\/em> \u2013 celebra\u00e7\u00e3o de A\u00e7\u00e3o de Gra\u00e7as \u2013 na Bas\u00edlica de S\u00e3o Pedro, durante as Primeiras V\u00e9speras da Solenidade da Santa M\u00e3e de Deus, Maria, que a Igreja celebra em 1\u00ba de janeiro.<\/p>\n<p>No final do ano, a Palavra de Deus acompanha-nos com estes dois vers\u00edculos do ap\u00f3stolo Paulo (cf. Gal 4, 4-5). S\u00e3o express\u00f5es breves e densas: uma s\u00edntese do Novo Testamento que d\u00e1 sentido a um momento \u201ccr\u00edtico\u201d como \u00e9 sempre uma passagem de ano, ressaltou o Pont\u00edfice no in\u00edcio da homilia, atendo-se \u00e0 liturgia das Primeiras V\u00e9speras.<\/p>\n<p><strong>Plenitude do tempo<\/strong><br \/>\nA primeira express\u00e3o que nos sensibiliza, disse Francisco, \u00e9 \u201cplenitude do tempo\u201d. Assume uma resson\u00e2ncia particular nestas horas finais de um ano solar, em que sentimos ainda mais a necessidade de algo que encha de significado o transcorrer do tempo. Algo, ou melhor, algu\u00e9m. E este \u201calgu\u00e9m\u201d veio. Deus enviou-o: \u00e9 \u201co seu Filho\u201d, Jesus.<\/p>\n<p><img loading=\"lazy\" class=\"alignnone size-full wp-image-193381\" src=\"https:\/\/franciscanos.org.br\/noticias\/wp-content\/uploads\/2018\/12\/tedeum_311218_3.jpg\" alt=\"\" width=\"890\" height=\"593\" srcset=\"https:\/\/franciscanos.org.br\/noticias\/wp-content\/uploads\/2018\/12\/tedeum_311218_3.jpg 890w, https:\/\/franciscanos.org.br\/noticias\/wp-content\/uploads\/2018\/12\/tedeum_311218_3-450x300.jpg 450w, https:\/\/franciscanos.org.br\/noticias\/wp-content\/uploads\/2018\/12\/tedeum_311218_3-768x512.jpg 768w, https:\/\/franciscanos.org.br\/noticias\/wp-content\/uploads\/2018\/12\/tedeum_311218_3-150x100.jpg 150w\" sizes=\"(max-width: 890px) 100vw, 890px\" \/><\/p>\n<p>\u201cCelebramos h\u00e1 pouco o seu nascimento: nasceu duma mulher, a Virgem Maria; nasceu sob a Lei, um menino judeu, sujeito \u00e0 Lei do Senhor.\u201d Mas, como \u00e9 poss\u00edvel? Como pode ser isto o sinal da \u201cplenitude do tempo\u201d?, questionou o Santo Padre, acrescentando:<\/p>\n<p>\u201cClaro, por enquanto \u00e9 quase invis\u00edvel e insignificante, mas, dentro de pouco mais de trinta anos, aquele Jesus desencadear\u00e1 uma for\u00e7a inaudita, que dura ainda e durar\u00e1 ao longo da hist\u00f3ria inteira. Esta for\u00e7a chama-se Amor. \u00c9 o amor que d\u00e1 plenitude a tudo, mesmo ao tempo; e Jesus \u00e9 o \u2018concentrado\u2019 de todo o amor de Deus num ser humano\u201d.<\/p>\n<p><strong>Para resgatar: fazer sair da escravid\u00e3o e restituir a liberdade<\/strong><br \/>\nS\u00e3o Paulo diz, claramente, o motivo por que o Filho de Deus nasceu no tempo, qual \u00e9 a miss\u00e3o que o Pai Lhe confiou para realizar: nasceu \u201cpara resgatar\u201d, frisou o Papa.<\/p>\n<p>\u201cEsta \u00e9 a segunda palavra que nos sensibiliza: resgatar, isto \u00e9 \u2013 prosseguiu \u2013, fazer sair de uma condi\u00e7\u00e3o de escravid\u00e3o e restituir \u00e0 liberdade \u2013 \u00e0 dignidade e \u00e0 liberdade pr\u00f3prias de filhos\u201d.<\/p>\n<p>A escravid\u00e3o que o ap\u00f3stolo tem em mente \u00e9 a da \u201cLei\u201d, explicou Francisco, \u201centendida como um conjunto de preceitos que devem ser observados, uma Lei que certamente educa o homem, \u00e9 pedag\u00f3gica, mas n\u00e3o o liberta da sua condi\u00e7\u00e3o de pecador\u201d; antes, de certo modo \u201ccrava-o\u201d a esta condi\u00e7\u00e3o, impedindo-o de atingir a liberdade do filho, observou.<\/p>\n<p><strong>Convite \u00e0 reflex\u00e3o e ao arrependimento<\/strong><br \/>\n\u201cDeus Pai enviou ao mundo o seu Filho Unig\u00eanito para desenraizar do cora\u00e7\u00e3o do homem a escravid\u00e3o antiga do pecado e, assim, restituir-lhe a sua dignidade\u201d, disse Francisco convidando \u00e0 reflex\u00e3o e ao arrependimento: \u201cDevemos deter-nos; deter-nos a refletir com amargura e arrependimento porque tamb\u00e9m durante este ano que chega ao fim, muitos homens e mulheres viveram, e vivem, em condi\u00e7\u00f5es de escravid\u00e3o, condi\u00e7\u00f5es indignas de pessoas humanas\u201d.<\/p>\n<p><img loading=\"lazy\" class=\"alignnone size-full wp-image-193382\" src=\"https:\/\/franciscanos.org.br\/noticias\/wp-content\/uploads\/2018\/12\/tedeum_311218_2.jpg\" alt=\"\" width=\"890\" height=\"593\" srcset=\"https:\/\/franciscanos.org.br\/noticias\/wp-content\/uploads\/2018\/12\/tedeum_311218_2.jpg 890w, https:\/\/franciscanos.org.br\/noticias\/wp-content\/uploads\/2018\/12\/tedeum_311218_2-450x300.jpg 450w, https:\/\/franciscanos.org.br\/noticias\/wp-content\/uploads\/2018\/12\/tedeum_311218_2-768x512.jpg 768w, https:\/\/franciscanos.org.br\/noticias\/wp-content\/uploads\/2018\/12\/tedeum_311218_2-150x100.jpg 150w\" sizes=\"(max-width: 890px) 100vw, 890px\" \/><\/p>\n<p>\u201cTamb\u00e9m na nossa cidade de Roma, h\u00e1 irm\u00e3os e irm\u00e3s que, por v\u00e1rios motivos, est\u00e3o neste estado. Penso, de modo particular, naqueles que vivem sem um lar. S\u00e3o mais de dez mil. No inverno, a sua situa\u00e7\u00e3o \u00e9 particularmente dura. Todos eles s\u00e3o filhos e filhas de Deus, mas diferentes formas de escravid\u00e3o, por vezes muito complexas, levaram-nos a viver no limite extremo da dignidade humana.\u201d<\/p>\n<p><strong>Manifesta\u00e7\u00e3o do amor de Deus pelos humildes e os pobres<\/strong><br \/>\nFrancisco disse ainda que o pr\u00f3prio Jesus nasceu em condi\u00e7\u00e3o semelhante, \u201cn\u00e3o por acaso nem por um incidente\u201d, observou, mas \u201cquis nascer assim, para manifestar o amor de Deus pelos humildes e os pobres e, deste modo, lan\u00e7ar no mundo a semente do Reino de Deus, Reino de justi\u00e7a, amor e paz\u201d.<\/p>\n<p>\u201cA Igreja que est\u00e1 em Roma n\u00e3o quer ficar indiferente \u00e0s escravid\u00f5es do nosso tempo, nem limitar-se a observ\u00e1-las e prestar-lhes assist\u00eancia, mas quer estar dentro desta realidade, pr\u00f3xima a estas pessoas e situa\u00e7\u00f5es.\u201d<\/p>\n<p><strong>A santa m\u00e3e Igreja eleva seu hino de louvor a Deus<\/strong><br \/>\n\u201cApraz-me encorajar esta forma da maternidade da Igreja, ao celebrarmos a maternidade divina da Virgem Maria\u201d, disse por fim o Papa, acrescentando:<\/p>\n<p><img loading=\"lazy\" class=\"alignnone size-full wp-image-193384\" src=\"https:\/\/franciscanos.org.br\/noticias\/wp-content\/uploads\/2018\/12\/tedeum_311218_4.jpg\" alt=\"\" width=\"890\" height=\"593\" srcset=\"https:\/\/franciscanos.org.br\/noticias\/wp-content\/uploads\/2018\/12\/tedeum_311218_4.jpg 890w, https:\/\/franciscanos.org.br\/noticias\/wp-content\/uploads\/2018\/12\/tedeum_311218_4-450x300.jpg 450w, https:\/\/franciscanos.org.br\/noticias\/wp-content\/uploads\/2018\/12\/tedeum_311218_4-768x512.jpg 768w, https:\/\/franciscanos.org.br\/noticias\/wp-content\/uploads\/2018\/12\/tedeum_311218_4-150x100.jpg 150w\" sizes=\"(max-width: 890px) 100vw, 890px\" \/><\/p>\n<p>\u201cContemplando este mist\u00e9rio, reconhecemos que Deus \u2018nasceu de uma mulher\u2019 para que n\u00f3s pud\u00e9ssemos receber a plenitude da nossa humanidade, \u2018a ado\u00e7\u00e3o de filhos\u2019. Pelo seu abaixamento, fomos solevados. Da sua pequenez, veio a nossa grandeza. Da sua fragilidade, a nossa for\u00e7a. De Ele Se fazer servo, a nossa liberdade.\u201d<\/p>\n<p>\u201cQue nome dar a tudo isso, sen\u00e3o Amor? Amor do Pai e do Filho e do Esp\u00edrito Santo, a Quem a santa m\u00e3e Igreja eleva em todo o mundo, nesta tarde, o seu hino de louvor e agradecimento\u201d, concluiu Francisco.<\/p>\n<p>A liturgia encerrou-se com a exposi\u00e7\u00e3o do Sant\u00edssimo Sacramento, o canto do tradicional hino <em>Te Deum<\/em> de a\u00e7\u00e3o de gra\u00e7as pelo ano transcorrido e a B\u00ean\u00e7\u00e3o Eucar\u00edstica, ao t\u00e9rmino da qual o Santo Padre, deixando a Bas\u00edlica Vaticana, deslocou-se at\u00e9 a Pra\u00e7a S\u00e3o Pedro detendo-se em ora\u00e7\u00e3o diante do Pres\u00e9pio montado no centro da pra\u00e7a.<\/p>\n<p><img loading=\"lazy\" class=\"alignnone size-full wp-image-193385\" src=\"https:\/\/franciscanos.org.br\/noticias\/wp-content\/uploads\/2018\/12\/tedeum_311218_5.jpg\" alt=\"\" width=\"890\" height=\"593\" srcset=\"https:\/\/franciscanos.org.br\/noticias\/wp-content\/uploads\/2018\/12\/tedeum_311218_5.jpg 890w, https:\/\/franciscanos.org.br\/noticias\/wp-content\/uploads\/2018\/12\/tedeum_311218_5-450x300.jpg 450w, https:\/\/franciscanos.org.br\/noticias\/wp-content\/uploads\/2018\/12\/tedeum_311218_5-768x512.jpg 768w, https:\/\/franciscanos.org.br\/noticias\/wp-content\/uploads\/2018\/12\/tedeum_311218_5-150x100.jpg 150w\" sizes=\"(max-width: 890px) 100vw, 890px\" \/><\/p>\n","protected":false},"excerpt":{"rendered":"<p>Cidade do Vaticano &#8211; \u201cTamb\u00e9m durante este ano que chega ao fim, muitos homens e mulheres viveram, e vivem, em condi\u00e7\u00f5es de escravid\u00e3o, condi\u00e7\u00f5es indignas de pessoas humanas\u201d, disse o Papa Francisco no final da tarde desta segunda-feira, 31 de dezembro, no Te Deum \u2013 celebra\u00e7\u00e3o de A\u00e7\u00e3o de Gra\u00e7as \u2013 na Bas\u00edlica de S\u00e3o [&hellip;]<\/p>\n","protected":false},"author":3,"featured_media":193383,"comment_status":"open","ping_status":"open","sticky":false,"template":"","format":"standard","meta":[],"categories":[1428],"tags":[1156],"acf":[],"yoast_head":"<!-- This site is optimized with the Yoast SEO plugin v19.2 - https:\/\/yoast.com\/wordpress\/plugins\/seo\/ -->\n<title>Papa: \u201cA Igreja n\u00e3o quer ficar indiferente \u00e0s escravid\u00f5es do nosso tempo&quot; - Not\u00edcias - Franciscanos<\/title>\n<meta name=\"robots\" content=\"index, follow, max-snippet:-1, max-image-preview:large, max-video-preview:-1\" \/>\n<link rel=\"canonical\" href=\"https:\/\/franciscanos.org.br\/noticias\/papa-a-igreja-nao-quer-ficar-indiferente-as-escravidoes-do-nosso-tempo.html\" \/>\n<meta property=\"og:locale\" content=\"pt_BR\" \/>\n<meta property=\"og:type\" content=\"article\" \/>\n<meta property=\"og:title\" content=\"Papa: \u201cA Igreja n\u00e3o quer ficar indiferente \u00e0s escravid\u00f5es do nosso tempo&quot; - Not\u00edcias - Franciscanos\" \/>\n<meta property=\"og:description\" content=\"Cidade do Vaticano &#8211; \u201cTamb\u00e9m durante este ano que chega ao fim, muitos homens e mulheres viveram, e vivem, em condi\u00e7\u00f5es de escravid\u00e3o, condi\u00e7\u00f5es indignas de pessoas humanas\u201d, disse o Papa Francisco no final da tarde desta segunda-feira, 31 de dezembro, no Te Deum \u2013 celebra\u00e7\u00e3o de A\u00e7\u00e3o de Gra\u00e7as \u2013 na Bas\u00edlica de S\u00e3o [&hellip;]\" \/>\n<meta property=\"og:url\" content=\"https:\/\/franciscanos.org.br\/noticias\/papa-a-igreja-nao-quer-ficar-indiferente-as-escravidoes-do-nosso-tempo.html\" \/>\n<meta property=\"og:site_name\" content=\"Not\u00edcias - Franciscanos\" \/>\n<meta property=\"article:published_time\" content=\"2018-12-31T18:56:56+00:00\" \/>\n<meta property=\"article:modified_time\" content=\"2020-08-06T19:53:13+00:00\" \/>\n<meta property=\"og:image\" content=\"https:\/\/franciscanos.org.br\/noticias\/wp-content\/uploads\/2018\/12\/tedeum_311218d.jpg\" \/>\n\t<meta property=\"og:image:width\" content=\"273\" \/>\n\t<meta property=\"og:image:height\" content=\"181\" \/>\n\t<meta property=\"og:image:type\" content=\"image\/jpeg\" \/>\n<meta name=\"author\" content=\"moacir\" \/>\n<meta name=\"twitter:card\" content=\"summary_large_image\" \/>\n<meta name=\"twitter:label1\" content=\"Escrito por\" \/>\n\t<meta name=\"twitter:data1\" content=\"moacir\" \/>\n\t<meta name=\"twitter:label2\" content=\"Est. tempo de leitura\" \/>\n\t<meta name=\"twitter:data2\" content=\"5 minutos\" \/>\n<script type=\"application\/ld+json\" class=\"yoast-schema-graph\">{\"@context\":\"https:\/\/schema.org\",\"@graph\":[{\"@type\":\"WebSite\",\"@id\":\"https:\/\/franciscanos.org.br\/noticias\/#website\",\"url\":\"https:\/\/franciscanos.org.br\/noticias\/\",\"name\":\"Not\u00edcias - Franciscanos\",\"description\":\"Prov\u00edncia Franciscana da Imaculada Concei\u00e7\u00e3o do Brasil - Ordem dos Frades Menores - OFM\",\"potentialAction\":[{\"@type\":\"SearchAction\",\"target\":{\"@type\":\"EntryPoint\",\"urlTemplate\":\"https:\/\/franciscanos.org.br\/noticias\/?s={search_term_string}\"},\"query-input\":\"required name=search_term_string\"}],\"inLanguage\":\"pt-BR\"},{\"@type\":\"ImageObject\",\"inLanguage\":\"pt-BR\",\"@id\":\"https:\/\/franciscanos.org.br\/noticias\/papa-a-igreja-nao-quer-ficar-indiferente-as-escravidoes-do-nosso-tempo.html#primaryimage\",\"url\":\"https:\/\/franciscanos.org.br\/noticias\/wp-content\/uploads\/2018\/12\/tedeum_311218d.jpg\",\"contentUrl\":\"https:\/\/franciscanos.org.br\/noticias\/wp-content\/uploads\/2018\/12\/tedeum_311218d.jpg\",\"width\":273,\"height\":181},{\"@type\":\"WebPage\",\"@id\":\"https:\/\/franciscanos.org.br\/noticias\/papa-a-igreja-nao-quer-ficar-indiferente-as-escravidoes-do-nosso-tempo.html#webpage\",\"url\":\"https:\/\/franciscanos.org.br\/noticias\/papa-a-igreja-nao-quer-ficar-indiferente-as-escravidoes-do-nosso-tempo.html\",\"name\":\"Papa: \u201cA Igreja n\u00e3o quer ficar indiferente \u00e0s escravid\u00f5es do nosso tempo\\\" - Not\u00edcias - Franciscanos\",\"isPartOf\":{\"@id\":\"https:\/\/franciscanos.org.br\/noticias\/#website\"},\"primaryImageOfPage\":{\"@id\":\"https:\/\/franciscanos.org.br\/noticias\/papa-a-igreja-nao-quer-ficar-indiferente-as-escravidoes-do-nosso-tempo.html#primaryimage\"},\"datePublished\":\"2018-12-31T18:56:56+00:00\",\"dateModified\":\"2020-08-06T19:53:13+00:00\",\"author\":{\"@id\":\"https:\/\/franciscanos.org.br\/noticias\/#\/schema\/person\/b5c8cba458c330ccff548b056e95a5d4\"},\"breadcrumb\":{\"@id\":\"https:\/\/franciscanos.org.br\/noticias\/papa-a-igreja-nao-quer-ficar-indiferente-as-escravidoes-do-nosso-tempo.html#breadcrumb\"},\"inLanguage\":\"pt-BR\",\"potentialAction\":[{\"@type\":\"ReadAction\",\"target\":[\"https:\/\/franciscanos.org.br\/noticias\/papa-a-igreja-nao-quer-ficar-indiferente-as-escravidoes-do-nosso-tempo.html\"]}]},{\"@type\":\"BreadcrumbList\",\"@id\":\"https:\/\/franciscanos.org.br\/noticias\/papa-a-igreja-nao-quer-ficar-indiferente-as-escravidoes-do-nosso-tempo.html#breadcrumb\",\"itemListElement\":[{\"@type\":\"ListItem\",\"position\":1,\"name\":\"Home\",\"item\":\"https:\/\/franciscanos.org.br\/noticias\"},{\"@type\":\"ListItem\",\"position\":2,\"name\":\"Papa: \u201cA Igreja n\u00e3o quer ficar indiferente \u00e0s escravid\u00f5es do nosso tempo&#8221;\"}]},{\"@type\":\"Person\",\"@id\":\"https:\/\/franciscanos.org.br\/noticias\/#\/schema\/person\/b5c8cba458c330ccff548b056e95a5d4\",\"name\":\"moacir\",\"image\":{\"@type\":\"ImageObject\",\"inLanguage\":\"pt-BR\",\"@id\":\"https:\/\/franciscanos.org.br\/noticias\/#\/schema\/person\/image\/\",\"url\":\"https:\/\/secure.gravatar.com\/avatar\/d08aa2ce4c8dd416d4479aa8536fcf64?s=96&d=mm&r=g\",\"contentUrl\":\"https:\/\/secure.gravatar.com\/avatar\/d08aa2ce4c8dd416d4479aa8536fcf64?s=96&d=mm&r=g\",\"caption\":\"moacir\"},\"url\":\"https:\/\/franciscanos.org.br\/noticias\/author\/moacir\"}]}<\/script>\n<!-- \/ Yoast SEO plugin. -->","yoast_head_json":{"title":"Papa: \u201cA Igreja n\u00e3o quer ficar indiferente \u00e0s escravid\u00f5es do nosso tempo\" - Not\u00edcias - Franciscanos","robots":{"index":"index","follow":"follow","max-snippet":"max-snippet:-1","max-image-preview":"max-image-preview:large","max-video-preview":"max-video-preview:-1"},"canonical":"https:\/\/franciscanos.org.br\/noticias\/papa-a-igreja-nao-quer-ficar-indiferente-as-escravidoes-do-nosso-tempo.html","og_locale":"pt_BR","og_type":"article","og_title":"Papa: \u201cA Igreja n\u00e3o quer ficar indiferente \u00e0s escravid\u00f5es do nosso tempo\" - Not\u00edcias - Franciscanos","og_description":"Cidade do Vaticano &#8211; \u201cTamb\u00e9m durante este ano que chega ao fim, muitos homens e mulheres viveram, e vivem, em condi\u00e7\u00f5es de escravid\u00e3o, condi\u00e7\u00f5es indignas de pessoas humanas\u201d, disse o Papa Francisco no final da tarde desta segunda-feira, 31 de dezembro, no Te Deum \u2013 celebra\u00e7\u00e3o de A\u00e7\u00e3o de Gra\u00e7as \u2013 na Bas\u00edlica de S\u00e3o [&hellip;]","og_url":"https:\/\/franciscanos.org.br\/noticias\/papa-a-igreja-nao-quer-ficar-indiferente-as-escravidoes-do-nosso-tempo.html","og_site_name":"Not\u00edcias - Franciscanos","article_published_time":"2018-12-31T18:56:56+00:00","article_modified_time":"2020-08-06T19:53:13+00:00","og_image":[{"width":273,"height":181,"url":"https:\/\/franciscanos.org.br\/noticias\/wp-content\/uploads\/2018\/12\/tedeum_311218d.jpg","type":"image\/jpeg"}],"author":"moacir","twitter_card":"summary_large_image","twitter_misc":{"Escrito por":"moacir","Est. tempo de leitura":"5 minutos"},"schema":{"@context":"https:\/\/schema.org","@graph":[{"@type":"WebSite","@id":"https:\/\/franciscanos.org.br\/noticias\/#website","url":"https:\/\/franciscanos.org.br\/noticias\/","name":"Not\u00edcias - Franciscanos","description":"Prov\u00edncia Franciscana da Imaculada Concei\u00e7\u00e3o do Brasil - Ordem dos Frades Menores - OFM","potentialAction":[{"@type":"SearchAction","target":{"@type":"EntryPoint","urlTemplate":"https:\/\/franciscanos.org.br\/noticias\/?s={search_term_string}"},"query-input":"required name=search_term_string"}],"inLanguage":"pt-BR"},{"@type":"ImageObject","inLanguage":"pt-BR","@id":"https:\/\/franciscanos.org.br\/noticias\/papa-a-igreja-nao-quer-ficar-indiferente-as-escravidoes-do-nosso-tempo.html#primaryimage","url":"https:\/\/franciscanos.org.br\/noticias\/wp-content\/uploads\/2018\/12\/tedeum_311218d.jpg","contentUrl":"https:\/\/franciscanos.org.br\/noticias\/wp-content\/uploads\/2018\/12\/tedeum_311218d.jpg","width":273,"height":181},{"@type":"WebPage","@id":"https:\/\/franciscanos.org.br\/noticias\/papa-a-igreja-nao-quer-ficar-indiferente-as-escravidoes-do-nosso-tempo.html#webpage","url":"https:\/\/franciscanos.org.br\/noticias\/papa-a-igreja-nao-quer-ficar-indiferente-as-escravidoes-do-nosso-tempo.html","name":"Papa: \u201cA Igreja n\u00e3o quer ficar indiferente \u00e0s escravid\u00f5es do nosso tempo\" - Not\u00edcias - Franciscanos","isPartOf":{"@id":"https:\/\/franciscanos.org.br\/noticias\/#website"},"primaryImageOfPage":{"@id":"https:\/\/franciscanos.org.br\/noticias\/papa-a-igreja-nao-quer-ficar-indiferente-as-escravidoes-do-nosso-tempo.html#primaryimage"},"datePublished":"2018-12-31T18:56:56+00:00","dateModified":"2020-08-06T19:53:13+00:00","author":{"@id":"https:\/\/franciscanos.org.br\/noticias\/#\/schema\/person\/b5c8cba458c330ccff548b056e95a5d4"},"breadcrumb":{"@id":"https:\/\/franciscanos.org.br\/noticias\/papa-a-igreja-nao-quer-ficar-indiferente-as-escravidoes-do-nosso-tempo.html#breadcrumb"},"inLanguage":"pt-BR","potentialAction":[{"@type":"ReadAction","target":["https:\/\/franciscanos.org.br\/noticias\/papa-a-igreja-nao-quer-ficar-indiferente-as-escravidoes-do-nosso-tempo.html"]}]},{"@type":"BreadcrumbList","@id":"https:\/\/franciscanos.org.br\/noticias\/papa-a-igreja-nao-quer-ficar-indiferente-as-escravidoes-do-nosso-tempo.html#breadcrumb","itemListElement":[{"@type":"ListItem","position":1,"name":"Home","item":"https:\/\/franciscanos.org.br\/noticias"},{"@type":"ListItem","position":2,"name":"Papa: \u201cA Igreja n\u00e3o quer ficar indiferente \u00e0s escravid\u00f5es do nosso tempo&#8221;"}]},{"@type":"Person","@id":"https:\/\/franciscanos.org.br\/noticias\/#\/schema\/person\/b5c8cba458c330ccff548b056e95a5d4","name":"moacir","image":{"@type":"ImageObject","inLanguage":"pt-BR","@id":"https:\/\/franciscanos.org.br\/noticias\/#\/schema\/person\/image\/","url":"https:\/\/secure.gravatar.com\/avatar\/d08aa2ce4c8dd416d4479aa8536fcf64?s=96&d=mm&r=g","contentUrl":"https:\/\/secure.gravatar.com\/avatar\/d08aa2ce4c8dd416d4479aa8536fcf64?s=96&d=mm&r=g","caption":"moacir"},"url":"https:\/\/franciscanos.org.br\/noticias\/author\/moacir"}]}},"_links":{"self":[{"href":"https:\/\/franciscanos.org.br\/noticias\/wp-json\/wp\/v2\/posts\/193379"}],"collection":[{"href":"https:\/\/franciscanos.org.br\/noticias\/wp-json\/wp\/v2\/posts"}],"about":[{"href":"https:\/\/franciscanos.org.br\/noticias\/wp-json\/wp\/v2\/types\/post"}],"author":[{"embeddable":true,"href":"https:\/\/franciscanos.org.br\/noticias\/wp-json\/wp\/v2\/users\/3"}],"replies":[{"embeddable":true,"href":"https:\/\/franciscanos.org.br\/noticias\/wp-json\/wp\/v2\/comments?post=193379"}],"version-history":[{"count":1,"href":"https:\/\/franciscanos.org.br\/noticias\/wp-json\/wp\/v2\/posts\/193379\/revisions"}],"predecessor-version":[{"id":227637,"href":"https:\/\/franciscanos.org.br\/noticias\/wp-json\/wp\/v2\/posts\/193379\/revisions\/227637"}],"wp:featuredmedia":[{"embeddable":true,"href":"https:\/\/franciscanos.org.br\/noticias\/wp-json\/wp\/v2\/media\/193383"}],"wp:attachment":[{"href":"https:\/\/franciscanos.org.br\/noticias\/wp-json\/wp\/v2\/media?parent=193379"}],"wp:term":[{"taxonomy":"category","embeddable":true,"href":"https:\/\/franciscanos.org.br\/noticias\/wp-json\/wp\/v2\/categories?post=193379"},{"taxonomy":"post_tag","embeddable":true,"href":"https:\/\/franciscanos.org.br\/noticias\/wp-json\/wp\/v2\/tags?post=193379"}],"curies":[{"name":"wp","href":"https:\/\/api.w.org\/{rel}","templated":true}]}}