{"id":193374,"date":"2018-12-30T11:49:23","date_gmt":"2018-12-30T13:49:23","guid":{"rendered":"https:\/\/franciscanos.org.br\/noticias\/?p=193374"},"modified":"2020-08-06T16:53:27","modified_gmt":"2020-08-06T19:53:27","slug":"angelus-familia-um-tesouro-a-ser-protegido-e-defendido","status":"publish","type":"post","link":"https:\/\/franciscanos.org.br\/noticias\/angelus-familia-um-tesouro-a-ser-protegido-e-defendido.html","title":{"rendered":"Angelus: &#8220;Fam\u00edlia, um tesouro a ser protegido e defendido&#8221;"},"content":{"rendered":"<p><img loading=\"lazy\" class=\"wp-image-193375 size-full alignleft\" src=\"https:\/\/franciscanos.org.br\/noticias\/wp-content\/uploads\/2018\/12\/angelus_301218.jpg\" alt=\"\" width=\"890\" height=\"500\" srcset=\"https:\/\/franciscanos.org.br\/noticias\/wp-content\/uploads\/2018\/12\/angelus_301218.jpg 890w, https:\/\/franciscanos.org.br\/noticias\/wp-content\/uploads\/2018\/12\/angelus_301218-450x253.jpg 450w, https:\/\/franciscanos.org.br\/noticias\/wp-content\/uploads\/2018\/12\/angelus_301218-768x431.jpg 768w, https:\/\/franciscanos.org.br\/noticias\/wp-content\/uploads\/2018\/12\/angelus_301218-150x84.jpg 150w\" sizes=\"(max-width: 890px) 100vw, 890px\" \/><\/p>\n<p><strong>Cidade do Vaticano &#8211;<\/strong> \u201cEis porque a fam\u00edlia de Nazar\u00e9 \u00e9 santa: por estar centrada em Jesus\u201d. Eram \u201cunidos por um amor intenso e animados por uma grande confian\u00e7a em Deus\u201d. No \u00faltimo Angelus de 2018, o Papa Francisco dedicou sua reflex\u00e3o \u00e0 Sagrada Fam\u00edlia, festejada pela Igreja neste domingo.<\/p>\n<p>Mas o Papa recordou tamb\u00e9m das fam\u00edlias com problemas, convidando-nos a aprender a nos maravilhar com as coisas boas que os outros t\u00eam, especialmente com quem nos \u00e9 mais dif\u00edcil. Dirigindo-se aos milhares de peregrinos presentes na Pra\u00e7a S\u00e3o Pedro, o Pont\u00edfice chamou a aten\u00e7\u00e3o para dois elementos presentes da narrativa de S\u00e3o Lucas: estupor e ang\u00fastia.<\/p>\n<p>De fato, a fam\u00edlia de Nazar\u00e9 foi \u00e0 Jerusal\u00e9m para a Festa de P\u00e1scoa, mas na viagem de retorno, Maria e Jos\u00e9 percebem que o filho de doze anos n\u00e3o est\u00e1 na caravana, e depois \u201cde tr\u00eas dias de busca e de medo, o encontram no templo, sentado entre os doutores, decidido a discutir com eles\u201d. Maria e Jos\u00e9 ficam &#8220;admirados&#8221; com a cena e Maria diz a Jesus que Jos\u00e9 e ela ficaram angustiados a sua procura.<\/p>\n<p><strong>Estupor<\/strong><\/p>\n<p>Nunca faltou o estupor na fam\u00edlia de Nazar\u00e9 \u2013 explicou o Papa \u2013 que \u00e9 \u201ca capacidade de se maravilhar diante da gradual manifesta\u00e7\u00e3o do Filho de Deus\u201d. Tamb\u00e9m os doutores no templo ficaram admirados &#8220;por sua intelig\u00eancia e suas respostas&#8221;. Maravilhar-se \u2013 observou Francisco &#8211; \u00e9 o oposto de tomar tudo como certo, de interpretar a realidade que nos rodeia e os acontecimentos da hist\u00f3ria somente segundo os nossos crit\u00e9rios:<\/p>\n<p>\u201cMaravilhar-se \u00e9 abrir-se aos outros, compreender as raz\u00f5es dos outros: essa atitude \u00e9 importante para curar relacionamentos comprometidos entre as pessoas e \u00e9 tamb\u00e9m indispens\u00e1vel para curar feridas abertas no \u00e2mbito familiar\u201d.<\/p>\n<p><strong>Curar as feridas na fam\u00edlia<\/strong><\/p>\n<p>O Papa recordou ent\u00e3o, que quando existem problemas nas fam\u00edlias, n\u00f3s sempre achamos que temos raz\u00e3o e fechamos as portas aos outros, mas dever\u00edamos, pelo contr\u00e1rio, pensar o que a outra pessoa tem de bom e se maravilhar por este &#8220;bom&#8221;. E explicou: &#8220;Isto ajuda a unidade da fam\u00edlia. Se voc\u00eas t\u00eam problemas na fam\u00edlia, pensem nas coisas boas que tem a pessoa da fam\u00edlia com a qual voc\u00eas t\u00eam problemas, e se maravilhem disto. E isto ajudar\u00e1 a curar as feridas familiares.<\/p>\n<p><strong>Ang\u00fastia<\/strong><\/p>\n<p>O Papa fala ent\u00e3o da ang\u00fastia que Jos\u00e9 e Maria sentiram com a perda do filho, o que \u201cmanifesta a centralidade de Jesus na Sagrada Fam\u00edlia\u201d: \u201cA Virgem e seu esposo haviam acolhido aquele Filho, eles o protegiam e o viam crescer em idade, sabedoria e gra\u00e7a em meio a eles, mas acima de tudo ele crescia dentro de seus cora\u00e7\u00f5es; e, pouco a pouco, aumentava seu afeto e sua compreens\u00e3o em rela\u00e7\u00e3o a ele\u201d.<\/p>\n<p>\u201c Eis porque a fam\u00edlia de Nazar\u00e9 \u00e9 santa: por estar centrada em Jesus, todas as aten\u00e7\u00f5es e solicitudes de Maria e Jos\u00e9 eram dirigidas a ele \u201d. Esta mesma ang\u00fastia, disse Francisco, deveria ser experimentada por n\u00f3s, \u201cquando estamos distantes dele\u201d: \u201cDever\u00edamos ficar angustiados quando por mais de tr\u00eas dias nos esquecemos de Jesus, sem rezar, sem ler o Evangelho, sem sentir a necessidade de sua presen\u00e7a e de sua amizade consoladora\u201d. E tantas vezes passam os dias sem que eu me recorde de Jesus. Mas isso \u00e9 feio, isto \u00e9 muito feio. Dever\u00edamos nos angustiar quando estas coisas acontecem.&#8221;<\/p>\n<p><strong>Encontrar Jesus na Casa de Deus<\/strong><\/p>\n<p>Assim como Maria e Jos\u00e9 o encontraram no templo ensinando, tamb\u00e9m n\u00f3s \u201cpodemos encontrar o divino Mestre e acolher a sua mensagem de salva\u00e7\u00e3o\u201d na Casa de Deus: \u201cNa celebra\u00e7\u00e3o eucar\u00edstica, fazemos experi\u00eancia viva de Cristo; Ele nos fala, nos oferece a sua Palavra, nos ilumina, nos ilumina o nosso caminho, nos d\u00e1 o seu corpo na Eucaristia, da qual tiramos for\u00e7a para enfrentar as dificuldades de todos os dias\u201d.<\/p>\n<p><strong>Rezar pelas fam\u00edlias onde n\u00e3o h\u00e1 paz<\/strong><\/p>\n<p>Ao concluir, o Santo Padre convidou a todos para rezar \u201cpor todas as fam\u00edlias do mundo, especialmente por aquelas em que, por v\u00e1rias raz\u00f5es, h\u00e1 falta de paz e harmonia. E as confiemos \u00e0 prote\u00e7\u00e3o da Sagrada Fam\u00edlia de Nazar\u00e9\u201d.<br \/>\nFam\u00edlia, tesouro a ser protegido e defendido.<\/p>\n<p>Ap\u00f3s rezar o Angelus, o Papa saudou os peregrinos, em especial as fam\u00edlias presentes na Pra\u00e7a S\u00e3o Pedro: &#8220;Hoje dirijo uma sauda\u00e7\u00f5es especial \u00e0s fam\u00edlias aqui presentes. Um aplauso \u00e0s fam\u00edlias que est\u00e3o aqui, todas; e tamb\u00e9m para aquelas que acompanham de casa pela televis\u00e3o e pela r\u00e1dio. A fam\u00edlia \u00e9 um tesouro: \u00e9 preciso proteg\u00ea-la sempre, defend\u00ea-la. Que a Sagrada Fam\u00edlia de Nazar\u00e9 sempre proteja e ilumine o seu caminho\u201d.<\/p>\n<p>Antes de despedir-se com o tradicional \u201cbom almo\u00e7o e at\u00e9 logo\u201d, Francisco desejou a todos um \u201csereno final de ano. Acabar o ano com serenidade\u201d, sugeriu. E agradeceu novamente pelas felicita\u00e7\u00f5es de Natal e pelas ora\u00e7\u00f5es recebidas.<\/p>\n<p><strong>FONTE: <a href=\"https:\/\/www.vaticannews.va\/pt\/papa\/news\/2018-12\/papa-francisco-angelus-30-dezembro-2018.html\">Vatican News<\/a><\/strong><\/p>\n","protected":false},"excerpt":{"rendered":"<p>Cidade do Vaticano &#8211; \u201cEis porque a fam\u00edlia de Nazar\u00e9 \u00e9 santa: por estar centrada em Jesus\u201d. Eram \u201cunidos por um amor intenso e animados por uma grande confian\u00e7a em Deus\u201d. No \u00faltimo Angelus de 2018, o Papa Francisco dedicou sua reflex\u00e3o \u00e0 Sagrada Fam\u00edlia, festejada pela Igreja neste domingo. Mas o Papa recordou tamb\u00e9m [&hellip;]<\/p>\n","protected":false},"author":5,"featured_media":195913,"comment_status":"open","ping_status":"open","sticky":false,"template":"","format":"standard","meta":[],"categories":[1428],"tags":[403,55],"acf":[],"yoast_head":"<!-- This site is optimized with the Yoast SEO plugin v19.2 - https:\/\/yoast.com\/wordpress\/plugins\/seo\/ -->\n<title>Angelus: &quot;Fam\u00edlia, um tesouro a ser protegido e defendido&quot; - Not\u00edcias - Franciscanos<\/title>\n<meta name=\"robots\" content=\"index, follow, max-snippet:-1, max-image-preview:large, max-video-preview:-1\" \/>\n<link rel=\"canonical\" href=\"https:\/\/franciscanos.org.br\/noticias\/angelus-familia-um-tesouro-a-ser-protegido-e-defendido.html\" \/>\n<meta property=\"og:locale\" content=\"pt_BR\" \/>\n<meta property=\"og:type\" content=\"article\" \/>\n<meta property=\"og:title\" content=\"Angelus: &quot;Fam\u00edlia, um tesouro a ser protegido e defendido&quot; - Not\u00edcias - Franciscanos\" \/>\n<meta property=\"og:description\" content=\"Cidade do Vaticano &#8211; \u201cEis porque a fam\u00edlia de Nazar\u00e9 \u00e9 santa: por estar centrada em Jesus\u201d. Eram \u201cunidos por um amor intenso e animados por uma grande confian\u00e7a em Deus\u201d. No \u00faltimo Angelus de 2018, o Papa Francisco dedicou sua reflex\u00e3o \u00e0 Sagrada Fam\u00edlia, festejada pela Igreja neste domingo. Mas o Papa recordou tamb\u00e9m [&hellip;]\" \/>\n<meta property=\"og:url\" content=\"https:\/\/franciscanos.org.br\/noticias\/angelus-familia-um-tesouro-a-ser-protegido-e-defendido.html\" \/>\n<meta property=\"og:site_name\" content=\"Not\u00edcias - Franciscanos\" \/>\n<meta property=\"article:published_time\" content=\"2018-12-30T13:49:23+00:00\" \/>\n<meta property=\"article:modified_time\" content=\"2020-08-06T19:53:27+00:00\" \/>\n<meta property=\"og:image\" content=\"https:\/\/franciscanos.org.br\/noticias\/wp-content\/uploads\/2018\/12\/angelus_301218-1.jpg\" \/>\n\t<meta property=\"og:image:width\" content=\"273\" \/>\n\t<meta property=\"og:image:height\" content=\"181\" \/>\n\t<meta property=\"og:image:type\" content=\"image\/jpeg\" \/>\n<meta name=\"author\" content=\"freiaugusto\" \/>\n<meta name=\"twitter:card\" content=\"summary_large_image\" \/>\n<meta name=\"twitter:label1\" content=\"Escrito por\" \/>\n\t<meta name=\"twitter:data1\" content=\"freiaugusto\" \/>\n\t<meta name=\"twitter:label2\" content=\"Est. tempo de leitura\" \/>\n\t<meta name=\"twitter:data2\" content=\"4 minutos\" \/>\n<script type=\"application\/ld+json\" class=\"yoast-schema-graph\">{\"@context\":\"https:\/\/schema.org\",\"@graph\":[{\"@type\":\"WebSite\",\"@id\":\"https:\/\/franciscanos.org.br\/noticias\/#website\",\"url\":\"https:\/\/franciscanos.org.br\/noticias\/\",\"name\":\"Not\u00edcias - Franciscanos\",\"description\":\"Prov\u00edncia Franciscana da Imaculada Concei\u00e7\u00e3o do Brasil - Ordem dos Frades Menores - OFM\",\"potentialAction\":[{\"@type\":\"SearchAction\",\"target\":{\"@type\":\"EntryPoint\",\"urlTemplate\":\"https:\/\/franciscanos.org.br\/noticias\/?s={search_term_string}\"},\"query-input\":\"required name=search_term_string\"}],\"inLanguage\":\"pt-BR\"},{\"@type\":\"ImageObject\",\"inLanguage\":\"pt-BR\",\"@id\":\"https:\/\/franciscanos.org.br\/noticias\/angelus-familia-um-tesouro-a-ser-protegido-e-defendido.html#primaryimage\",\"url\":\"https:\/\/franciscanos.org.br\/noticias\/wp-content\/uploads\/2018\/12\/angelus_301218-1.jpg\",\"contentUrl\":\"https:\/\/franciscanos.org.br\/noticias\/wp-content\/uploads\/2018\/12\/angelus_301218-1.jpg\",\"width\":273,\"height\":181},{\"@type\":\"WebPage\",\"@id\":\"https:\/\/franciscanos.org.br\/noticias\/angelus-familia-um-tesouro-a-ser-protegido-e-defendido.html#webpage\",\"url\":\"https:\/\/franciscanos.org.br\/noticias\/angelus-familia-um-tesouro-a-ser-protegido-e-defendido.html\",\"name\":\"Angelus: \\\"Fam\u00edlia, um tesouro a ser protegido e defendido\\\" - Not\u00edcias - Franciscanos\",\"isPartOf\":{\"@id\":\"https:\/\/franciscanos.org.br\/noticias\/#website\"},\"primaryImageOfPage\":{\"@id\":\"https:\/\/franciscanos.org.br\/noticias\/angelus-familia-um-tesouro-a-ser-protegido-e-defendido.html#primaryimage\"},\"datePublished\":\"2018-12-30T13:49:23+00:00\",\"dateModified\":\"2020-08-06T19:53:27+00:00\",\"author\":{\"@id\":\"https:\/\/franciscanos.org.br\/noticias\/#\/schema\/person\/37f88f0d111cd5358b12a6556a99eb91\"},\"breadcrumb\":{\"@id\":\"https:\/\/franciscanos.org.br\/noticias\/angelus-familia-um-tesouro-a-ser-protegido-e-defendido.html#breadcrumb\"},\"inLanguage\":\"pt-BR\",\"potentialAction\":[{\"@type\":\"ReadAction\",\"target\":[\"https:\/\/franciscanos.org.br\/noticias\/angelus-familia-um-tesouro-a-ser-protegido-e-defendido.html\"]}]},{\"@type\":\"BreadcrumbList\",\"@id\":\"https:\/\/franciscanos.org.br\/noticias\/angelus-familia-um-tesouro-a-ser-protegido-e-defendido.html#breadcrumb\",\"itemListElement\":[{\"@type\":\"ListItem\",\"position\":1,\"name\":\"Home\",\"item\":\"https:\/\/franciscanos.org.br\/noticias\"},{\"@type\":\"ListItem\",\"position\":2,\"name\":\"Angelus: &#8220;Fam\u00edlia, um tesouro a ser protegido e defendido&#8221;\"}]},{\"@type\":\"Person\",\"@id\":\"https:\/\/franciscanos.org.br\/noticias\/#\/schema\/person\/37f88f0d111cd5358b12a6556a99eb91\",\"name\":\"freiaugusto\",\"image\":{\"@type\":\"ImageObject\",\"inLanguage\":\"pt-BR\",\"@id\":\"https:\/\/franciscanos.org.br\/noticias\/#\/schema\/person\/image\/\",\"url\":\"https:\/\/secure.gravatar.com\/avatar\/9840b940e621801b24f3e6b059efb4b7?s=96&d=mm&r=g\",\"contentUrl\":\"https:\/\/secure.gravatar.com\/avatar\/9840b940e621801b24f3e6b059efb4b7?s=96&d=mm&r=g\",\"caption\":\"freiaugusto\"},\"url\":\"https:\/\/franciscanos.org.br\/noticias\/author\/freiaugusto\"}]}<\/script>\n<!-- \/ Yoast SEO plugin. -->","yoast_head_json":{"title":"Angelus: \"Fam\u00edlia, um tesouro a ser protegido e defendido\" - Not\u00edcias - Franciscanos","robots":{"index":"index","follow":"follow","max-snippet":"max-snippet:-1","max-image-preview":"max-image-preview:large","max-video-preview":"max-video-preview:-1"},"canonical":"https:\/\/franciscanos.org.br\/noticias\/angelus-familia-um-tesouro-a-ser-protegido-e-defendido.html","og_locale":"pt_BR","og_type":"article","og_title":"Angelus: \"Fam\u00edlia, um tesouro a ser protegido e defendido\" - Not\u00edcias - Franciscanos","og_description":"Cidade do Vaticano &#8211; \u201cEis porque a fam\u00edlia de Nazar\u00e9 \u00e9 santa: por estar centrada em Jesus\u201d. Eram \u201cunidos por um amor intenso e animados por uma grande confian\u00e7a em Deus\u201d. No \u00faltimo Angelus de 2018, o Papa Francisco dedicou sua reflex\u00e3o \u00e0 Sagrada Fam\u00edlia, festejada pela Igreja neste domingo. Mas o Papa recordou tamb\u00e9m [&hellip;]","og_url":"https:\/\/franciscanos.org.br\/noticias\/angelus-familia-um-tesouro-a-ser-protegido-e-defendido.html","og_site_name":"Not\u00edcias - Franciscanos","article_published_time":"2018-12-30T13:49:23+00:00","article_modified_time":"2020-08-06T19:53:27+00:00","og_image":[{"width":273,"height":181,"url":"https:\/\/franciscanos.org.br\/noticias\/wp-content\/uploads\/2018\/12\/angelus_301218-1.jpg","type":"image\/jpeg"}],"author":"freiaugusto","twitter_card":"summary_large_image","twitter_misc":{"Escrito por":"freiaugusto","Est. tempo de leitura":"4 minutos"},"schema":{"@context":"https:\/\/schema.org","@graph":[{"@type":"WebSite","@id":"https:\/\/franciscanos.org.br\/noticias\/#website","url":"https:\/\/franciscanos.org.br\/noticias\/","name":"Not\u00edcias - Franciscanos","description":"Prov\u00edncia Franciscana da Imaculada Concei\u00e7\u00e3o do Brasil - Ordem dos Frades Menores - OFM","potentialAction":[{"@type":"SearchAction","target":{"@type":"EntryPoint","urlTemplate":"https:\/\/franciscanos.org.br\/noticias\/?s={search_term_string}"},"query-input":"required name=search_term_string"}],"inLanguage":"pt-BR"},{"@type":"ImageObject","inLanguage":"pt-BR","@id":"https:\/\/franciscanos.org.br\/noticias\/angelus-familia-um-tesouro-a-ser-protegido-e-defendido.html#primaryimage","url":"https:\/\/franciscanos.org.br\/noticias\/wp-content\/uploads\/2018\/12\/angelus_301218-1.jpg","contentUrl":"https:\/\/franciscanos.org.br\/noticias\/wp-content\/uploads\/2018\/12\/angelus_301218-1.jpg","width":273,"height":181},{"@type":"WebPage","@id":"https:\/\/franciscanos.org.br\/noticias\/angelus-familia-um-tesouro-a-ser-protegido-e-defendido.html#webpage","url":"https:\/\/franciscanos.org.br\/noticias\/angelus-familia-um-tesouro-a-ser-protegido-e-defendido.html","name":"Angelus: \"Fam\u00edlia, um tesouro a ser protegido e defendido\" - Not\u00edcias - Franciscanos","isPartOf":{"@id":"https:\/\/franciscanos.org.br\/noticias\/#website"},"primaryImageOfPage":{"@id":"https:\/\/franciscanos.org.br\/noticias\/angelus-familia-um-tesouro-a-ser-protegido-e-defendido.html#primaryimage"},"datePublished":"2018-12-30T13:49:23+00:00","dateModified":"2020-08-06T19:53:27+00:00","author":{"@id":"https:\/\/franciscanos.org.br\/noticias\/#\/schema\/person\/37f88f0d111cd5358b12a6556a99eb91"},"breadcrumb":{"@id":"https:\/\/franciscanos.org.br\/noticias\/angelus-familia-um-tesouro-a-ser-protegido-e-defendido.html#breadcrumb"},"inLanguage":"pt-BR","potentialAction":[{"@type":"ReadAction","target":["https:\/\/franciscanos.org.br\/noticias\/angelus-familia-um-tesouro-a-ser-protegido-e-defendido.html"]}]},{"@type":"BreadcrumbList","@id":"https:\/\/franciscanos.org.br\/noticias\/angelus-familia-um-tesouro-a-ser-protegido-e-defendido.html#breadcrumb","itemListElement":[{"@type":"ListItem","position":1,"name":"Home","item":"https:\/\/franciscanos.org.br\/noticias"},{"@type":"ListItem","position":2,"name":"Angelus: &#8220;Fam\u00edlia, um tesouro a ser protegido e defendido&#8221;"}]},{"@type":"Person","@id":"https:\/\/franciscanos.org.br\/noticias\/#\/schema\/person\/37f88f0d111cd5358b12a6556a99eb91","name":"freiaugusto","image":{"@type":"ImageObject","inLanguage":"pt-BR","@id":"https:\/\/franciscanos.org.br\/noticias\/#\/schema\/person\/image\/","url":"https:\/\/secure.gravatar.com\/avatar\/9840b940e621801b24f3e6b059efb4b7?s=96&d=mm&r=g","contentUrl":"https:\/\/secure.gravatar.com\/avatar\/9840b940e621801b24f3e6b059efb4b7?s=96&d=mm&r=g","caption":"freiaugusto"},"url":"https:\/\/franciscanos.org.br\/noticias\/author\/freiaugusto"}]}},"_links":{"self":[{"href":"https:\/\/franciscanos.org.br\/noticias\/wp-json\/wp\/v2\/posts\/193374"}],"collection":[{"href":"https:\/\/franciscanos.org.br\/noticias\/wp-json\/wp\/v2\/posts"}],"about":[{"href":"https:\/\/franciscanos.org.br\/noticias\/wp-json\/wp\/v2\/types\/post"}],"author":[{"embeddable":true,"href":"https:\/\/franciscanos.org.br\/noticias\/wp-json\/wp\/v2\/users\/5"}],"replies":[{"embeddable":true,"href":"https:\/\/franciscanos.org.br\/noticias\/wp-json\/wp\/v2\/comments?post=193374"}],"version-history":[{"count":1,"href":"https:\/\/franciscanos.org.br\/noticias\/wp-json\/wp\/v2\/posts\/193374\/revisions"}],"predecessor-version":[{"id":227638,"href":"https:\/\/franciscanos.org.br\/noticias\/wp-json\/wp\/v2\/posts\/193374\/revisions\/227638"}],"wp:featuredmedia":[{"embeddable":true,"href":"https:\/\/franciscanos.org.br\/noticias\/wp-json\/wp\/v2\/media\/195913"}],"wp:attachment":[{"href":"https:\/\/franciscanos.org.br\/noticias\/wp-json\/wp\/v2\/media?parent=193374"}],"wp:term":[{"taxonomy":"category","embeddable":true,"href":"https:\/\/franciscanos.org.br\/noticias\/wp-json\/wp\/v2\/categories?post=193374"},{"taxonomy":"post_tag","embeddable":true,"href":"https:\/\/franciscanos.org.br\/noticias\/wp-json\/wp\/v2\/tags?post=193374"}],"curies":[{"name":"wp","href":"https:\/\/api.w.org\/{rel}","templated":true}]}}