{"id":193247,"date":"2018-12-26T14:59:03","date_gmt":"2018-12-26T16:59:03","guid":{"rendered":"https:\/\/franciscanos.org.br\/noticias\/?p=193247"},"modified":"2018-12-26T15:26:43","modified_gmt":"2018-12-26T17:26:43","slug":"a-visita-fraterna-do-ministro-provincial-a-angola","status":"publish","type":"post","link":"https:\/\/franciscanos.org.br\/noticias\/a-visita-fraterna-do-ministro-provincial-a-angola.html","title":{"rendered":"A visita fraterna do Ministro Provincial Frei C\u00e9sar K\u00fclkamp a Angola"},"content":{"rendered":"<p><img loading=\"lazy\" class=\"alignnone size-full wp-image-193249\" src=\"https:\/\/franciscanos.org.br\/noticias\/wp-content\/uploads\/2018\/12\/miudos_261018.jpg\" alt=\"\" width=\"890\" height=\"590\" srcset=\"https:\/\/franciscanos.org.br\/noticias\/wp-content\/uploads\/2018\/12\/miudos_261018.jpg 890w, https:\/\/franciscanos.org.br\/noticias\/wp-content\/uploads\/2018\/12\/miudos_261018-450x298.jpg 450w, https:\/\/franciscanos.org.br\/noticias\/wp-content\/uploads\/2018\/12\/miudos_261018-768x509.jpg 768w, https:\/\/franciscanos.org.br\/noticias\/wp-content\/uploads\/2018\/12\/miudos_261018-150x99.jpg 150w\" sizes=\"(max-width: 890px) 100vw, 890px\" \/><\/p>\n<p><strong>Frei Cris\u00f3stomo Pinto \u00d1gala<\/strong><\/p>\n<p><strong>Luanda (Angola)<\/strong> &#8211; Um m\u00eas depois de ser eleito Ministro Provincial no Cap\u00edtulo Eletivo em Agudos e de participar das duas etapas do Congresso Capitular, Frei C\u00e9sar K\u00fclkamp, visitou, de 14 de 23 de dezembro, a Funda\u00e7\u00e3o Imaculada M\u00e3e de Deus de Angola. Este foi o seu primeiro compromisso como Provincial e a quarta viagem \u00e0 Miss\u00e3o Franciscana de Angola, onde os frades da Prov\u00edncia da Imaculada est\u00e3o presentes h\u00e1 28 anos. Frei C\u00e9sar viajou em companhia de Frei Diego Melo, animador do Servi\u00e7o Vocacional (SAV) da Prov\u00edncia.<\/p>\n<p>&#8220;Foi uma viagem r\u00e1pida, mas intensa e muito proveitosa, tanto no contato com meus confrades neste momento p\u00f3s-Cap\u00edtulo e Congresso Capitular, como no contato com os seminaristas, com o povo e os assistidos dos projetos sociais nos lugares onde estamos como Prov\u00edncia na Funda\u00e7\u00e3o Imaculada M\u00e3e de Deus&#8221;, contou Frei C\u00e9sar, enfatizando a acolhida fraterna dos frades nas visitas a Kibala, Malange e Luanda. O presidente da Funda\u00e7\u00e3o, Frei Jos\u00e9 Ant\u00f4nio dos Santos, recebeu Frei C\u00e9sar.<\/p>\n<p>O primeiro compromisso do Ministro Provincial foi durante a Primeira Missa de Frei Jo\u00e3o Bunga, no dia 16, quando foi o pregador convidado pelo neopresb\u00edtero. &#8220;Gostei muito de participar desse momento especial na vida de Frei Jo\u00e3o, da Fraternidade e da Miss\u00e3o. Momento de beleza na liturgia pr\u00f3pria e muito viva do povo angolano. A receptividade do povo foi muito bonita&#8221;, disse Frei C\u00e9sar, que na segunda-feira, dia 17, viajou para Kibala, onde est\u00e1 a Fraternidade que vai receber pela primeira vez o Noviciado da Funda\u00e7\u00e3o Imaculada M\u00e3e de Deus. At\u00e9 este ano, os novi\u00e7os de Angola fazem o Noviciado em Rodeio (SC) junto com os brasileiros. &#8220;Pude celebrar com Frei Ivair de Carvalho e Frei David Belineli e alguns postulantes que ainda estavam ali&#8221;, lembrou o Ministro Provincial.<\/p>\n<p><img loading=\"lazy\" class=\"alignnone size-full wp-image-193248\" src=\"https:\/\/franciscanos.org.br\/noticias\/wp-content\/uploads\/2018\/12\/angola_261218.jpg\" alt=\"\" width=\"890\" height=\"485\" srcset=\"https:\/\/franciscanos.org.br\/noticias\/wp-content\/uploads\/2018\/12\/angola_261218.jpg 890w, https:\/\/franciscanos.org.br\/noticias\/wp-content\/uploads\/2018\/12\/angola_261218-450x245.jpg 450w, https:\/\/franciscanos.org.br\/noticias\/wp-content\/uploads\/2018\/12\/angola_261218-768x419.jpg 768w, https:\/\/franciscanos.org.br\/noticias\/wp-content\/uploads\/2018\/12\/angola_261218-150x82.jpg 150w\" sizes=\"(max-width: 890px) 100vw, 890px\" \/><\/p>\n<p>No dia 18, Frei C\u00e9sar partiu para Malange, onde h\u00e1 duas Fraternidades: a do Semin\u00e1rio Monte Alverne e a S\u00e3o Dami\u00e3o, al\u00e9m das Irm\u00e3s Clarissas. Foi em Malange que teve in\u00edcio a Miss\u00e3o da Prov\u00edncia h\u00e1 28 anos, quando o bispo fez o convite aos frades para dar assist\u00eancia \u00e0s Irm\u00e3s Clarissas. Frei C\u00e9sar p\u00f4de conhecer as adapta\u00e7\u00f5es e melhorias no Semin\u00e1rio para receber a nova turma em 2019. &#8220;Estava l\u00e1 o Frei Ermelindo Bambi, rec\u00e9m-ordenado presb\u00edtero e orientador do Semin\u00e1rio, muito animado para as atividades que v\u00e3o come\u00e7ar&#8221;, adiantou.<\/p>\n<p>No retorno a Luanda, Frei C\u00e9sar se encontrou com os frades no tempo da profiss\u00e3o tempor\u00e1ria e com as 43 Irm\u00e3s Clarissas do Mosteiro de Luanda. &#8220;Um dos pedidos das Clarissas \u00e9 que os frades continuem presentes na forma\u00e7\u00e3o delas&#8221;, contou o Ministro Provincial.<\/p>\n<p>Frei C\u00e9sar tamb\u00e9m conheceu o Centro Franciscano de Solidariedade (Solcefra), formado pelos Projetos Nossos Mi\u00fados (fundado por Frei M\u00e1rcio Terra), Bola da Paz, P\u00e3o da Paz, Inzo Digital, Biblioteca S\u00e3o Boaventura e Justi\u00e7a e Paz e Integridade da Cria\u00e7\u00e3o. Frei Jos\u00e9 Ant\u00f4nio, que acompanhou o Ministro Provincial, apresentou primeiro as antigas instala\u00e7\u00f5es do Projeto Nossos Mi\u00fados, que est\u00e3o sendo reformadas para serem a sede administrava e servi\u00e7os sociais e resid\u00eancia dos volunt\u00e1rios da Miss\u00e3o. A nova sede do projeto Nossos Mi\u00fados fica no Bairro do Bita-Sap\u00fa, onde funciona desde agosto \u00faltimo a Casa S\u00e3o Francisco. &#8220;Trata-se de um espa\u00e7o, adaptado e amplo, onde vivem 11 meninos, que poderiam estar nas ruas, ou que s\u00e3o oriundos de fam\u00edlias muito carentes. Ali recebem todo o cuidado e aten\u00e7\u00e3o dos frades&#8221;, explicou Frei C\u00e9sar, que tomou conhecimento da vida quotidiana deles e do funcionamento do centro, partilhou o lanche com eles e ouviu um pouco da experi\u00eancia que cada um dos meninos.<\/p>\n<p><img loading=\"lazy\" class=\"alignnone size-full wp-image-193269\" src=\"https:\/\/franciscanos.org.br\/noticias\/wp-content\/uploads\/2018\/12\/angola_261218_2.jpg\" alt=\"\" width=\"890\" height=\"450\" srcset=\"https:\/\/franciscanos.org.br\/noticias\/wp-content\/uploads\/2018\/12\/angola_261218_2.jpg 890w, https:\/\/franciscanos.org.br\/noticias\/wp-content\/uploads\/2018\/12\/angola_261218_2-450x228.jpg 450w, https:\/\/franciscanos.org.br\/noticias\/wp-content\/uploads\/2018\/12\/angola_261218_2-768x388.jpg 768w, https:\/\/franciscanos.org.br\/noticias\/wp-content\/uploads\/2018\/12\/angola_261218_2-150x76.jpg 150w\" sizes=\"(max-width: 890px) 100vw, 890px\" \/><\/p>\n<p>Frei C\u00e9sar tamb\u00e9m visitou, em Viana, a casa do Postulantando. &#8220;\u00c9 necess\u00e1rio fazer v\u00e1rias melhorias e adapta\u00e7\u00f5es para esta etapa, j\u00e1 que junto a esta etapa vai funcionar o Aspirantado Adulto, chamado assim porque, no Semin\u00e1rio Monte Alverne, h\u00e1 os aspirantes que cursam o \u00faltimo ano do Ensino M\u00e9dio. Em Viana ficam os aspirantes que j\u00e1 conclu\u00edram o Ensino M\u00e9dio. Existe uma expectativa muito grande de um Noviciado numeroso em 2020. Isso tudo precisa ser bem preparado. Os frades est\u00e3o animados, como Frei Laurindo J\u00fanior nesse trabalho formador e Frei Valdemiro Wastchuk na Par\u00f3quia Nossa Senhora F\u00e1tima&#8221;, acrescentou Frei C\u00e9sar, que neste dia 26, dia de Santo Est\u00eav\u00e3o, presidiu a Missa Solene na Par\u00f3quia Santo Est\u00eav\u00e3o de Ituporanga e seguiu para o Noviciado de Rodeio (SC).<\/p>\n<hr \/>\n\n\t\t<style type=\"text\/css\">\n\t\t\t#gallery-1 {\n\t\t\t\tmargin: auto;\n\t\t\t}\n\t\t\t#gallery-1 .gallery-item {\n\t\t\t\tfloat: left;\n\t\t\t\tmargin-top: 10px;\n\t\t\t\ttext-align: center;\n\t\t\t\twidth: 25%;\n\t\t\t}\n\t\t\t#gallery-1 img {\n\t\t\t\tborder: 2px solid #cfcfcf;\n\t\t\t}\n\t\t\t#gallery-1 .gallery-caption {\n\t\t\t\tmargin-left: 0;\n\t\t\t}\n\t\t\t\/* see gallery_shortcode() in wp-includes\/media.php *\/\n\t\t<\/style>\n\t\t<div id='gallery-1' class='gallery galleryid-193247 gallery-columns-4 gallery-size-thumbnail'><dl class='gallery-item'>\n\t\t\t<dt class='gallery-icon landscape'>\n\t\t\t\t<a href='https:\/\/franciscanos.org.br\/noticias\/wp-content\/uploads\/2018\/12\/01-7.jpg'><img width=\"300\" height=\"300\" src=\"https:\/\/franciscanos.org.br\/noticias\/wp-content\/uploads\/2018\/12\/01-7-300x300.jpg\" class=\"attachment-thumbnail size-thumbnail\" alt=\"\" loading=\"lazy\" srcset=\"https:\/\/franciscanos.org.br\/noticias\/wp-content\/uploads\/2018\/12\/01-7-300x300.jpg 300w, https:\/\/franciscanos.org.br\/noticias\/wp-content\/uploads\/2018\/12\/01-7-400x400.jpg 400w\" sizes=\"(max-width: 300px) 100vw, 300px\" \/><\/a>\n\t\t\t<\/dt><\/dl><dl class='gallery-item'>\n\t\t\t<dt class='gallery-icon landscape'>\n\t\t\t\t<a href='https:\/\/franciscanos.org.br\/noticias\/wp-content\/uploads\/2018\/12\/02-8.jpg'><img width=\"300\" height=\"300\" src=\"https:\/\/franciscanos.org.br\/noticias\/wp-content\/uploads\/2018\/12\/02-8-300x300.jpg\" class=\"attachment-thumbnail size-thumbnail\" alt=\"\" loading=\"lazy\" srcset=\"https:\/\/franciscanos.org.br\/noticias\/wp-content\/uploads\/2018\/12\/02-8-300x300.jpg 300w, https:\/\/franciscanos.org.br\/noticias\/wp-content\/uploads\/2018\/12\/02-8-400x400.jpg 400w\" sizes=\"(max-width: 300px) 100vw, 300px\" \/><\/a>\n\t\t\t<\/dt><\/dl><dl class='gallery-item'>\n\t\t\t<dt class='gallery-icon landscape'>\n\t\t\t\t<a href='https:\/\/franciscanos.org.br\/noticias\/wp-content\/uploads\/2018\/12\/03-8.jpg'><img width=\"300\" height=\"300\" src=\"https:\/\/franciscanos.org.br\/noticias\/wp-content\/uploads\/2018\/12\/03-8-300x300.jpg\" class=\"attachment-thumbnail size-thumbnail\" alt=\"\" loading=\"lazy\" srcset=\"https:\/\/franciscanos.org.br\/noticias\/wp-content\/uploads\/2018\/12\/03-8-300x300.jpg 300w, https:\/\/franciscanos.org.br\/noticias\/wp-content\/uploads\/2018\/12\/03-8-400x400.jpg 400w\" sizes=\"(max-width: 300px) 100vw, 300px\" \/><\/a>\n\t\t\t<\/dt><\/dl><dl class='gallery-item'>\n\t\t\t<dt class='gallery-icon landscape'>\n\t\t\t\t<a href='https:\/\/franciscanos.org.br\/noticias\/wp-content\/uploads\/2018\/12\/04-8.jpg'><img width=\"300\" height=\"300\" src=\"https:\/\/franciscanos.org.br\/noticias\/wp-content\/uploads\/2018\/12\/04-8-300x300.jpg\" class=\"attachment-thumbnail size-thumbnail\" alt=\"\" loading=\"lazy\" srcset=\"https:\/\/franciscanos.org.br\/noticias\/wp-content\/uploads\/2018\/12\/04-8-300x300.jpg 300w, https:\/\/franciscanos.org.br\/noticias\/wp-content\/uploads\/2018\/12\/04-8-400x400.jpg 400w\" sizes=\"(max-width: 300px) 100vw, 300px\" \/><\/a>\n\t\t\t<\/dt><\/dl><br style=\"clear: both\" \/><dl class='gallery-item'>\n\t\t\t<dt class='gallery-icon landscape'>\n\t\t\t\t<a href='https:\/\/franciscanos.org.br\/noticias\/wp-content\/uploads\/2018\/12\/05-8.jpg'><img width=\"300\" height=\"300\" src=\"https:\/\/franciscanos.org.br\/noticias\/wp-content\/uploads\/2018\/12\/05-8-300x300.jpg\" class=\"attachment-thumbnail size-thumbnail\" alt=\"\" loading=\"lazy\" srcset=\"https:\/\/franciscanos.org.br\/noticias\/wp-content\/uploads\/2018\/12\/05-8-300x300.jpg 300w, https:\/\/franciscanos.org.br\/noticias\/wp-content\/uploads\/2018\/12\/05-8-400x400.jpg 400w\" sizes=\"(max-width: 300px) 100vw, 300px\" \/><\/a>\n\t\t\t<\/dt><\/dl><dl class='gallery-item'>\n\t\t\t<dt class='gallery-icon landscape'>\n\t\t\t\t<a href='https:\/\/franciscanos.org.br\/noticias\/wp-content\/uploads\/2018\/12\/06-8.jpg'><img width=\"300\" height=\"300\" src=\"https:\/\/franciscanos.org.br\/noticias\/wp-content\/uploads\/2018\/12\/06-8-300x300.jpg\" class=\"attachment-thumbnail size-thumbnail\" alt=\"\" loading=\"lazy\" srcset=\"https:\/\/franciscanos.org.br\/noticias\/wp-content\/uploads\/2018\/12\/06-8-300x300.jpg 300w, https:\/\/franciscanos.org.br\/noticias\/wp-content\/uploads\/2018\/12\/06-8-400x400.jpg 400w\" sizes=\"(max-width: 300px) 100vw, 300px\" \/><\/a>\n\t\t\t<\/dt><\/dl><dl class='gallery-item'>\n\t\t\t<dt class='gallery-icon landscape'>\n\t\t\t\t<a href='https:\/\/franciscanos.org.br\/noticias\/wp-content\/uploads\/2018\/12\/08-5.jpg'><img width=\"300\" height=\"300\" src=\"https:\/\/franciscanos.org.br\/noticias\/wp-content\/uploads\/2018\/12\/08-5-300x300.jpg\" class=\"attachment-thumbnail size-thumbnail\" alt=\"\" loading=\"lazy\" srcset=\"https:\/\/franciscanos.org.br\/noticias\/wp-content\/uploads\/2018\/12\/08-5-300x300.jpg 300w, https:\/\/franciscanos.org.br\/noticias\/wp-content\/uploads\/2018\/12\/08-5-400x400.jpg 400w\" sizes=\"(max-width: 300px) 100vw, 300px\" \/><\/a>\n\t\t\t<\/dt><\/dl><dl class='gallery-item'>\n\t\t\t<dt class='gallery-icon landscape'>\n\t\t\t\t<a href='https:\/\/franciscanos.org.br\/noticias\/wp-content\/uploads\/2018\/12\/09-5.jpg'><img width=\"300\" height=\"300\" src=\"https:\/\/franciscanos.org.br\/noticias\/wp-content\/uploads\/2018\/12\/09-5-300x300.jpg\" class=\"attachment-thumbnail size-thumbnail\" alt=\"\" loading=\"lazy\" srcset=\"https:\/\/franciscanos.org.br\/noticias\/wp-content\/uploads\/2018\/12\/09-5-300x300.jpg 300w, https:\/\/franciscanos.org.br\/noticias\/wp-content\/uploads\/2018\/12\/09-5-400x400.jpg 400w\" sizes=\"(max-width: 300px) 100vw, 300px\" \/><\/a>\n\t\t\t<\/dt><\/dl><br style=\"clear: both\" \/><dl class='gallery-item'>\n\t\t\t<dt class='gallery-icon landscape'>\n\t\t\t\t<a href='https:\/\/franciscanos.org.br\/noticias\/wp-content\/uploads\/2018\/12\/10-4.jpg'><img width=\"300\" height=\"300\" src=\"https:\/\/franciscanos.org.br\/noticias\/wp-content\/uploads\/2018\/12\/10-4-300x300.jpg\" class=\"attachment-thumbnail size-thumbnail\" alt=\"\" loading=\"lazy\" srcset=\"https:\/\/franciscanos.org.br\/noticias\/wp-content\/uploads\/2018\/12\/10-4-300x300.jpg 300w, https:\/\/franciscanos.org.br\/noticias\/wp-content\/uploads\/2018\/12\/10-4-400x400.jpg 400w\" sizes=\"(max-width: 300px) 100vw, 300px\" \/><\/a>\n\t\t\t<\/dt><\/dl><dl class='gallery-item'>\n\t\t\t<dt class='gallery-icon landscape'>\n\t\t\t\t<a href='https:\/\/franciscanos.org.br\/noticias\/wp-content\/uploads\/2018\/12\/11-3.jpg'><img width=\"300\" height=\"300\" src=\"https:\/\/franciscanos.org.br\/noticias\/wp-content\/uploads\/2018\/12\/11-3-300x300.jpg\" class=\"attachment-thumbnail size-thumbnail\" alt=\"\" loading=\"lazy\" srcset=\"https:\/\/franciscanos.org.br\/noticias\/wp-content\/uploads\/2018\/12\/11-3-300x300.jpg 300w, https:\/\/franciscanos.org.br\/noticias\/wp-content\/uploads\/2018\/12\/11-3-400x400.jpg 400w\" sizes=\"(max-width: 300px) 100vw, 300px\" \/><\/a>\n\t\t\t<\/dt><\/dl><dl class='gallery-item'>\n\t\t\t<dt class='gallery-icon landscape'>\n\t\t\t\t<a href='https:\/\/franciscanos.org.br\/noticias\/wp-content\/uploads\/2018\/12\/12-2.jpg'><img width=\"300\" height=\"300\" src=\"https:\/\/franciscanos.org.br\/noticias\/wp-content\/uploads\/2018\/12\/12-2-300x300.jpg\" class=\"attachment-thumbnail size-thumbnail\" alt=\"\" loading=\"lazy\" srcset=\"https:\/\/franciscanos.org.br\/noticias\/wp-content\/uploads\/2018\/12\/12-2-300x300.jpg 300w, https:\/\/franciscanos.org.br\/noticias\/wp-content\/uploads\/2018\/12\/12-2-400x400.jpg 400w\" sizes=\"(max-width: 300px) 100vw, 300px\" \/><\/a>\n\t\t\t<\/dt><\/dl><dl class='gallery-item'>\n\t\t\t<dt class='gallery-icon landscape'>\n\t\t\t\t<a href='https:\/\/franciscanos.org.br\/noticias\/wp-content\/uploads\/2018\/12\/13-1.jpg'><img width=\"300\" height=\"300\" src=\"https:\/\/franciscanos.org.br\/noticias\/wp-content\/uploads\/2018\/12\/13-1-300x300.jpg\" class=\"attachment-thumbnail size-thumbnail\" alt=\"\" loading=\"lazy\" srcset=\"https:\/\/franciscanos.org.br\/noticias\/wp-content\/uploads\/2018\/12\/13-1-300x300.jpg 300w, https:\/\/franciscanos.org.br\/noticias\/wp-content\/uploads\/2018\/12\/13-1-400x400.jpg 400w\" sizes=\"(max-width: 300px) 100vw, 300px\" \/><\/a>\n\t\t\t<\/dt><\/dl><br style=\"clear: both\" \/>\n\t\t<\/div>\n\n","protected":false},"excerpt":{"rendered":"<p>Frei Cris\u00f3stomo Pinto \u00d1gala Luanda (Angola) &#8211; Um m\u00eas depois de ser eleito Ministro Provincial no Cap\u00edtulo Eletivo em Agudos e de participar das duas etapas do Congresso Capitular, Frei C\u00e9sar K\u00fclkamp, visitou, de 14 de 23 de dezembro, a Funda\u00e7\u00e3o Imaculada M\u00e3e de Deus de Angola. Este foi o seu primeiro compromisso como Provincial [&hellip;]<\/p>\n","protected":false},"author":3,"featured_media":193250,"comment_status":"open","ping_status":"open","sticky":false,"template":"","format":"standard","meta":[],"categories":[1],"tags":[360],"acf":[],"yoast_head":"<!-- This site is optimized with the Yoast SEO plugin v19.2 - https:\/\/yoast.com\/wordpress\/plugins\/seo\/ -->\n<title>A visita fraterna do Ministro Provincial Frei C\u00e9sar K\u00fclkamp a Angola - Not\u00edcias - Franciscanos<\/title>\n<meta name=\"robots\" content=\"index, follow, max-snippet:-1, max-image-preview:large, max-video-preview:-1\" \/>\n<link rel=\"canonical\" href=\"https:\/\/franciscanos.org.br\/noticias\/a-visita-fraterna-do-ministro-provincial-a-angola.html\" \/>\n<meta property=\"og:locale\" content=\"pt_BR\" \/>\n<meta property=\"og:type\" content=\"article\" \/>\n<meta property=\"og:title\" content=\"A visita fraterna do Ministro Provincial Frei C\u00e9sar K\u00fclkamp a Angola - Not\u00edcias - Franciscanos\" \/>\n<meta property=\"og:description\" content=\"Frei Cris\u00f3stomo Pinto \u00d1gala Luanda (Angola) &#8211; Um m\u00eas depois de ser eleito Ministro Provincial no Cap\u00edtulo Eletivo em Agudos e de participar das duas etapas do Congresso Capitular, Frei C\u00e9sar K\u00fclkamp, visitou, de 14 de 23 de dezembro, a Funda\u00e7\u00e3o Imaculada M\u00e3e de Deus de Angola. Este foi o seu primeiro compromisso como Provincial [&hellip;]\" \/>\n<meta property=\"og:url\" content=\"https:\/\/franciscanos.org.br\/noticias\/a-visita-fraterna-do-ministro-provincial-a-angola.html\" \/>\n<meta property=\"og:site_name\" content=\"Not\u00edcias - Franciscanos\" \/>\n<meta property=\"article:published_time\" content=\"2018-12-26T16:59:03+00:00\" \/>\n<meta property=\"article:modified_time\" content=\"2018-12-26T17:26:43+00:00\" \/>\n<meta property=\"og:image\" content=\"https:\/\/franciscanos.org.br\/noticias\/wp-content\/uploads\/2018\/12\/miudos_261018d.jpg\" \/>\n\t<meta property=\"og:image:width\" content=\"273\" \/>\n\t<meta property=\"og:image:height\" content=\"181\" \/>\n\t<meta property=\"og:image:type\" content=\"image\/jpeg\" \/>\n<meta name=\"author\" content=\"moacir\" \/>\n<meta name=\"twitter:card\" content=\"summary_large_image\" \/>\n<meta name=\"twitter:label1\" content=\"Escrito por\" \/>\n\t<meta name=\"twitter:data1\" content=\"moacir\" \/>\n\t<meta name=\"twitter:label2\" content=\"Est. tempo de leitura\" \/>\n\t<meta name=\"twitter:data2\" content=\"4 minutos\" \/>\n<script type=\"application\/ld+json\" class=\"yoast-schema-graph\">{\"@context\":\"https:\/\/schema.org\",\"@graph\":[{\"@type\":\"WebSite\",\"@id\":\"https:\/\/franciscanos.org.br\/noticias\/#website\",\"url\":\"https:\/\/franciscanos.org.br\/noticias\/\",\"name\":\"Not\u00edcias - Franciscanos\",\"description\":\"Prov\u00edncia Franciscana da Imaculada Concei\u00e7\u00e3o do Brasil - Ordem dos Frades Menores - OFM\",\"potentialAction\":[{\"@type\":\"SearchAction\",\"target\":{\"@type\":\"EntryPoint\",\"urlTemplate\":\"https:\/\/franciscanos.org.br\/noticias\/?s={search_term_string}\"},\"query-input\":\"required name=search_term_string\"}],\"inLanguage\":\"pt-BR\"},{\"@type\":\"ImageObject\",\"inLanguage\":\"pt-BR\",\"@id\":\"https:\/\/franciscanos.org.br\/noticias\/a-visita-fraterna-do-ministro-provincial-a-angola.html#primaryimage\",\"url\":\"https:\/\/franciscanos.org.br\/noticias\/wp-content\/uploads\/2018\/12\/miudos_261018d.jpg\",\"contentUrl\":\"https:\/\/franciscanos.org.br\/noticias\/wp-content\/uploads\/2018\/12\/miudos_261018d.jpg\",\"width\":273,\"height\":181},{\"@type\":\"WebPage\",\"@id\":\"https:\/\/franciscanos.org.br\/noticias\/a-visita-fraterna-do-ministro-provincial-a-angola.html#webpage\",\"url\":\"https:\/\/franciscanos.org.br\/noticias\/a-visita-fraterna-do-ministro-provincial-a-angola.html\",\"name\":\"A visita fraterna do Ministro Provincial Frei C\u00e9sar K\u00fclkamp a Angola - Not\u00edcias - Franciscanos\",\"isPartOf\":{\"@id\":\"https:\/\/franciscanos.org.br\/noticias\/#website\"},\"primaryImageOfPage\":{\"@id\":\"https:\/\/franciscanos.org.br\/noticias\/a-visita-fraterna-do-ministro-provincial-a-angola.html#primaryimage\"},\"datePublished\":\"2018-12-26T16:59:03+00:00\",\"dateModified\":\"2018-12-26T17:26:43+00:00\",\"author\":{\"@id\":\"https:\/\/franciscanos.org.br\/noticias\/#\/schema\/person\/b5c8cba458c330ccff548b056e95a5d4\"},\"breadcrumb\":{\"@id\":\"https:\/\/franciscanos.org.br\/noticias\/a-visita-fraterna-do-ministro-provincial-a-angola.html#breadcrumb\"},\"inLanguage\":\"pt-BR\",\"potentialAction\":[{\"@type\":\"ReadAction\",\"target\":[\"https:\/\/franciscanos.org.br\/noticias\/a-visita-fraterna-do-ministro-provincial-a-angola.html\"]}]},{\"@type\":\"BreadcrumbList\",\"@id\":\"https:\/\/franciscanos.org.br\/noticias\/a-visita-fraterna-do-ministro-provincial-a-angola.html#breadcrumb\",\"itemListElement\":[{\"@type\":\"ListItem\",\"position\":1,\"name\":\"Home\",\"item\":\"https:\/\/franciscanos.org.br\/noticias\"},{\"@type\":\"ListItem\",\"position\":2,\"name\":\"A visita fraterna do Ministro Provincial Frei C\u00e9sar K\u00fclkamp a Angola\"}]},{\"@type\":\"Person\",\"@id\":\"https:\/\/franciscanos.org.br\/noticias\/#\/schema\/person\/b5c8cba458c330ccff548b056e95a5d4\",\"name\":\"moacir\",\"image\":{\"@type\":\"ImageObject\",\"inLanguage\":\"pt-BR\",\"@id\":\"https:\/\/franciscanos.org.br\/noticias\/#\/schema\/person\/image\/\",\"url\":\"https:\/\/secure.gravatar.com\/avatar\/d08aa2ce4c8dd416d4479aa8536fcf64?s=96&d=mm&r=g\",\"contentUrl\":\"https:\/\/secure.gravatar.com\/avatar\/d08aa2ce4c8dd416d4479aa8536fcf64?s=96&d=mm&r=g\",\"caption\":\"moacir\"},\"url\":\"https:\/\/franciscanos.org.br\/noticias\/author\/moacir\"}]}<\/script>\n<!-- \/ Yoast SEO plugin. -->","yoast_head_json":{"title":"A visita fraterna do Ministro Provincial Frei C\u00e9sar K\u00fclkamp a Angola - Not\u00edcias - Franciscanos","robots":{"index":"index","follow":"follow","max-snippet":"max-snippet:-1","max-image-preview":"max-image-preview:large","max-video-preview":"max-video-preview:-1"},"canonical":"https:\/\/franciscanos.org.br\/noticias\/a-visita-fraterna-do-ministro-provincial-a-angola.html","og_locale":"pt_BR","og_type":"article","og_title":"A visita fraterna do Ministro Provincial Frei C\u00e9sar K\u00fclkamp a Angola - Not\u00edcias - Franciscanos","og_description":"Frei Cris\u00f3stomo Pinto \u00d1gala Luanda (Angola) &#8211; Um m\u00eas depois de ser eleito Ministro Provincial no Cap\u00edtulo Eletivo em Agudos e de participar das duas etapas do Congresso Capitular, Frei C\u00e9sar K\u00fclkamp, visitou, de 14 de 23 de dezembro, a Funda\u00e7\u00e3o Imaculada M\u00e3e de Deus de Angola. Este foi o seu primeiro compromisso como Provincial [&hellip;]","og_url":"https:\/\/franciscanos.org.br\/noticias\/a-visita-fraterna-do-ministro-provincial-a-angola.html","og_site_name":"Not\u00edcias - Franciscanos","article_published_time":"2018-12-26T16:59:03+00:00","article_modified_time":"2018-12-26T17:26:43+00:00","og_image":[{"width":273,"height":181,"url":"https:\/\/franciscanos.org.br\/noticias\/wp-content\/uploads\/2018\/12\/miudos_261018d.jpg","type":"image\/jpeg"}],"author":"moacir","twitter_card":"summary_large_image","twitter_misc":{"Escrito por":"moacir","Est. tempo de leitura":"4 minutos"},"schema":{"@context":"https:\/\/schema.org","@graph":[{"@type":"WebSite","@id":"https:\/\/franciscanos.org.br\/noticias\/#website","url":"https:\/\/franciscanos.org.br\/noticias\/","name":"Not\u00edcias - Franciscanos","description":"Prov\u00edncia Franciscana da Imaculada Concei\u00e7\u00e3o do Brasil - Ordem dos Frades Menores - OFM","potentialAction":[{"@type":"SearchAction","target":{"@type":"EntryPoint","urlTemplate":"https:\/\/franciscanos.org.br\/noticias\/?s={search_term_string}"},"query-input":"required name=search_term_string"}],"inLanguage":"pt-BR"},{"@type":"ImageObject","inLanguage":"pt-BR","@id":"https:\/\/franciscanos.org.br\/noticias\/a-visita-fraterna-do-ministro-provincial-a-angola.html#primaryimage","url":"https:\/\/franciscanos.org.br\/noticias\/wp-content\/uploads\/2018\/12\/miudos_261018d.jpg","contentUrl":"https:\/\/franciscanos.org.br\/noticias\/wp-content\/uploads\/2018\/12\/miudos_261018d.jpg","width":273,"height":181},{"@type":"WebPage","@id":"https:\/\/franciscanos.org.br\/noticias\/a-visita-fraterna-do-ministro-provincial-a-angola.html#webpage","url":"https:\/\/franciscanos.org.br\/noticias\/a-visita-fraterna-do-ministro-provincial-a-angola.html","name":"A visita fraterna do Ministro Provincial Frei C\u00e9sar K\u00fclkamp a Angola - Not\u00edcias - Franciscanos","isPartOf":{"@id":"https:\/\/franciscanos.org.br\/noticias\/#website"},"primaryImageOfPage":{"@id":"https:\/\/franciscanos.org.br\/noticias\/a-visita-fraterna-do-ministro-provincial-a-angola.html#primaryimage"},"datePublished":"2018-12-26T16:59:03+00:00","dateModified":"2018-12-26T17:26:43+00:00","author":{"@id":"https:\/\/franciscanos.org.br\/noticias\/#\/schema\/person\/b5c8cba458c330ccff548b056e95a5d4"},"breadcrumb":{"@id":"https:\/\/franciscanos.org.br\/noticias\/a-visita-fraterna-do-ministro-provincial-a-angola.html#breadcrumb"},"inLanguage":"pt-BR","potentialAction":[{"@type":"ReadAction","target":["https:\/\/franciscanos.org.br\/noticias\/a-visita-fraterna-do-ministro-provincial-a-angola.html"]}]},{"@type":"BreadcrumbList","@id":"https:\/\/franciscanos.org.br\/noticias\/a-visita-fraterna-do-ministro-provincial-a-angola.html#breadcrumb","itemListElement":[{"@type":"ListItem","position":1,"name":"Home","item":"https:\/\/franciscanos.org.br\/noticias"},{"@type":"ListItem","position":2,"name":"A visita fraterna do Ministro Provincial Frei C\u00e9sar K\u00fclkamp a Angola"}]},{"@type":"Person","@id":"https:\/\/franciscanos.org.br\/noticias\/#\/schema\/person\/b5c8cba458c330ccff548b056e95a5d4","name":"moacir","image":{"@type":"ImageObject","inLanguage":"pt-BR","@id":"https:\/\/franciscanos.org.br\/noticias\/#\/schema\/person\/image\/","url":"https:\/\/secure.gravatar.com\/avatar\/d08aa2ce4c8dd416d4479aa8536fcf64?s=96&d=mm&r=g","contentUrl":"https:\/\/secure.gravatar.com\/avatar\/d08aa2ce4c8dd416d4479aa8536fcf64?s=96&d=mm&r=g","caption":"moacir"},"url":"https:\/\/franciscanos.org.br\/noticias\/author\/moacir"}]}},"_links":{"self":[{"href":"https:\/\/franciscanos.org.br\/noticias\/wp-json\/wp\/v2\/posts\/193247"}],"collection":[{"href":"https:\/\/franciscanos.org.br\/noticias\/wp-json\/wp\/v2\/posts"}],"about":[{"href":"https:\/\/franciscanos.org.br\/noticias\/wp-json\/wp\/v2\/types\/post"}],"author":[{"embeddable":true,"href":"https:\/\/franciscanos.org.br\/noticias\/wp-json\/wp\/v2\/users\/3"}],"replies":[{"embeddable":true,"href":"https:\/\/franciscanos.org.br\/noticias\/wp-json\/wp\/v2\/comments?post=193247"}],"version-history":[{"count":0,"href":"https:\/\/franciscanos.org.br\/noticias\/wp-json\/wp\/v2\/posts\/193247\/revisions"}],"wp:featuredmedia":[{"embeddable":true,"href":"https:\/\/franciscanos.org.br\/noticias\/wp-json\/wp\/v2\/media\/193250"}],"wp:attachment":[{"href":"https:\/\/franciscanos.org.br\/noticias\/wp-json\/wp\/v2\/media?parent=193247"}],"wp:term":[{"taxonomy":"category","embeddable":true,"href":"https:\/\/franciscanos.org.br\/noticias\/wp-json\/wp\/v2\/categories?post=193247"},{"taxonomy":"post_tag","embeddable":true,"href":"https:\/\/franciscanos.org.br\/noticias\/wp-json\/wp\/v2\/tags?post=193247"}],"curies":[{"name":"wp","href":"https:\/\/api.w.org\/{rel}","templated":true}]}}