{"id":193241,"date":"2018-12-26T11:52:07","date_gmt":"2018-12-26T13:52:07","guid":{"rendered":"https:\/\/franciscanos.org.br\/noticias\/?p=193241"},"modified":"2020-06-06T12:47:09","modified_gmt":"2020-06-06T15:47:09","slug":"angelus-a-logica-do-perdao-e-da-misericordia-e-sempre-vitoriosa","status":"publish","type":"post","link":"https:\/\/franciscanos.org.br\/noticias\/angelus-a-logica-do-perdao-e-da-misericordia-e-sempre-vitoriosa.html","title":{"rendered":"Papa: \u201cA l\u00f3gica do perd\u00e3o e da miseric\u00f3rdia \u00e9 sempre vitoriosa&#8221;"},"content":{"rendered":"<p><img loading=\"lazy\" class=\"alignnone size-full wp-image-193242\" src=\"https:\/\/franciscanos.org.br\/noticias\/wp-content\/uploads\/2018\/12\/angelus_261218.jpg\" alt=\"\" width=\"890\" height=\"396\" srcset=\"https:\/\/franciscanos.org.br\/noticias\/wp-content\/uploads\/2018\/12\/angelus_261218.jpg 890w, https:\/\/franciscanos.org.br\/noticias\/wp-content\/uploads\/2018\/12\/angelus_261218-450x200.jpg 450w, https:\/\/franciscanos.org.br\/noticias\/wp-content\/uploads\/2018\/12\/angelus_261218-768x342.jpg 768w, https:\/\/franciscanos.org.br\/noticias\/wp-content\/uploads\/2018\/12\/angelus_261218-150x67.jpg 150w\" sizes=\"(max-width: 890px) 100vw, 890px\" \/><\/p>\n<p><strong>Cidade do Vaticano<\/strong> &#8211; Ainda no clima de alegria pelo an\u00fancio do nascimento de Cristo, a Igreja celebra neste dia 26 de dezembro a festividade de Santo Est\u00eav\u00e3o, di\u00e1cono e primeiro m\u00e1rtir, perseguido e morto em Jerusal\u00e9m.\u00a0Antes de rezar a ora\u00e7\u00e3o mariana do Angelus, nesta quarta-feira de sol na Pra\u00e7a S\u00e3o Pedro, o Papa falou aos fi\u00e9is sobre as analogias na vida de Est\u00eav\u00e3o e do pr\u00f3prio Jesus. Ambos entregaram seu esp\u00edrito a Deus no momento da morte: Est\u00eav\u00e3o ao ser lapidado, e Jesus na cruz.<\/p>\n<p>\u201cO comportamento de Est\u00eav\u00e3o que imita fielmente o gesto de Jesus \u00e9 um convite a cada um de n\u00f3s a receber com f\u00e9, das m\u00e3os do Senhor, aquilo que a vida nos oferece de positivo e de negativo&#8221;.<\/p>\n<p>Nossa exist\u00eancia n\u00e3o \u00e9 marcada apenas por circunst\u00e2ncias felizes, mas tamb\u00e9m por dificuldades e perdas; mas a confian\u00e7a em Deus nos ajuda a acolher os momentos fadigosos e a viv\u00ea-los como ocasi\u00e3o de crescimento na f\u00e9 e constru\u00e7\u00e3o de novas rela\u00e7\u00f5es com os irm\u00e3os. Trata-se de abandonar-nos nas m\u00e3os do Senhor, que sabemos ser um Pai rico de bondade com seus filhos\u201d.<\/p>\n<p><strong>Saber perdoar e rezar sempre<\/strong><br \/>\nA segunda atitude indicada por Francisco como comum entre Est\u00eav\u00e3o e Jesus foi o perd\u00e3o. Nenhum dos dois maldisse seus perseguidores, mas rezaram por eles. \u201cO perd\u00e3o engradece o cora\u00e7\u00e3o, gera partilha, doa serenidade e paz. O protom\u00e1rtir Est\u00eav\u00e3o nos aponta o caminho a percorrer nas rela\u00e7\u00f5es interpessoais de fam\u00edlia, na escola e no trabalho, na par\u00f3quia e nas comunidades&#8221;.<\/p>\n<p>\u201cA l\u00f3gica do perd\u00e3o e da miseric\u00f3rdia \u00e9 sempre vitoriosa e abre horizontes de esperan\u00e7a; mas o perd\u00e3o se cultiva com a ora\u00e7\u00e3o, que nos permite fixar o olhar em Jesus\u201d, disse.<\/p>\n<p>Terminando, o Pont\u00edfice lembrou que \u00e9 a ora\u00e7\u00e3o que nos fortalece, e por isso, temos que pedir sempre ao Esp\u00edrito Santo para que derrame sobre n\u00f3s o dom da for\u00e7a, que cura nossos medos, nossas fraquezas, nossa pequenez.<\/p>\n<hr \/>\n<p><em>Fonte: Vatican News<\/em><\/p>\n","protected":false},"excerpt":{"rendered":"<p>Angelus<\/p>\n","protected":false},"author":3,"featured_media":193243,"comment_status":"open","ping_status":"open","sticky":false,"template":"","format":"standard","meta":[],"categories":[1428],"tags":[403],"acf":[],"yoast_head":"<!-- This site is optimized with the Yoast SEO plugin v19.2 - https:\/\/yoast.com\/wordpress\/plugins\/seo\/ -->\n<title>Papa: \u201cA l\u00f3gica do perd\u00e3o e da miseric\u00f3rdia \u00e9 sempre vitoriosa&quot; - Not\u00edcias - Franciscanos<\/title>\n<meta name=\"robots\" content=\"index, follow, max-snippet:-1, max-image-preview:large, max-video-preview:-1\" \/>\n<link rel=\"canonical\" href=\"https:\/\/franciscanos.org.br\/noticias\/angelus-a-logica-do-perdao-e-da-misericordia-e-sempre-vitoriosa.html\" \/>\n<meta property=\"og:locale\" content=\"pt_BR\" \/>\n<meta property=\"og:type\" content=\"article\" \/>\n<meta property=\"og:title\" content=\"Papa: \u201cA l\u00f3gica do perd\u00e3o e da miseric\u00f3rdia \u00e9 sempre vitoriosa&quot; - Not\u00edcias - Franciscanos\" \/>\n<meta property=\"og:description\" content=\"Angelus\" \/>\n<meta property=\"og:url\" content=\"https:\/\/franciscanos.org.br\/noticias\/angelus-a-logica-do-perdao-e-da-misericordia-e-sempre-vitoriosa.html\" \/>\n<meta property=\"og:site_name\" content=\"Not\u00edcias - Franciscanos\" \/>\n<meta property=\"article:published_time\" content=\"2018-12-26T13:52:07+00:00\" \/>\n<meta property=\"article:modified_time\" content=\"2020-06-06T15:47:09+00:00\" \/>\n<meta property=\"og:image\" content=\"https:\/\/franciscanos.org.br\/noticias\/wp-content\/uploads\/2018\/12\/angelus_261218d.jpg\" \/>\n\t<meta property=\"og:image:width\" content=\"273\" \/>\n\t<meta property=\"og:image:height\" content=\"181\" \/>\n\t<meta property=\"og:image:type\" content=\"image\/jpeg\" \/>\n<meta name=\"author\" content=\"moacir\" \/>\n<meta name=\"twitter:card\" content=\"summary_large_image\" \/>\n<meta name=\"twitter:label1\" content=\"Escrito por\" \/>\n\t<meta name=\"twitter:data1\" content=\"moacir\" \/>\n\t<meta name=\"twitter:label2\" content=\"Est. tempo de leitura\" \/>\n\t<meta name=\"twitter:data2\" content=\"2 minutos\" \/>\n<script type=\"application\/ld+json\" class=\"yoast-schema-graph\">{\"@context\":\"https:\/\/schema.org\",\"@graph\":[{\"@type\":\"WebSite\",\"@id\":\"https:\/\/franciscanos.org.br\/noticias\/#website\",\"url\":\"https:\/\/franciscanos.org.br\/noticias\/\",\"name\":\"Not\u00edcias - Franciscanos\",\"description\":\"Prov\u00edncia Franciscana da Imaculada Concei\u00e7\u00e3o do Brasil - Ordem dos Frades Menores - OFM\",\"potentialAction\":[{\"@type\":\"SearchAction\",\"target\":{\"@type\":\"EntryPoint\",\"urlTemplate\":\"https:\/\/franciscanos.org.br\/noticias\/?s={search_term_string}\"},\"query-input\":\"required name=search_term_string\"}],\"inLanguage\":\"pt-BR\"},{\"@type\":\"ImageObject\",\"inLanguage\":\"pt-BR\",\"@id\":\"https:\/\/franciscanos.org.br\/noticias\/angelus-a-logica-do-perdao-e-da-misericordia-e-sempre-vitoriosa.html#primaryimage\",\"url\":\"https:\/\/franciscanos.org.br\/noticias\/wp-content\/uploads\/2018\/12\/angelus_261218d.jpg\",\"contentUrl\":\"https:\/\/franciscanos.org.br\/noticias\/wp-content\/uploads\/2018\/12\/angelus_261218d.jpg\",\"width\":273,\"height\":181},{\"@type\":\"WebPage\",\"@id\":\"https:\/\/franciscanos.org.br\/noticias\/angelus-a-logica-do-perdao-e-da-misericordia-e-sempre-vitoriosa.html#webpage\",\"url\":\"https:\/\/franciscanos.org.br\/noticias\/angelus-a-logica-do-perdao-e-da-misericordia-e-sempre-vitoriosa.html\",\"name\":\"Papa: \u201cA l\u00f3gica do perd\u00e3o e da miseric\u00f3rdia \u00e9 sempre vitoriosa\\\" - Not\u00edcias - Franciscanos\",\"isPartOf\":{\"@id\":\"https:\/\/franciscanos.org.br\/noticias\/#website\"},\"primaryImageOfPage\":{\"@id\":\"https:\/\/franciscanos.org.br\/noticias\/angelus-a-logica-do-perdao-e-da-misericordia-e-sempre-vitoriosa.html#primaryimage\"},\"datePublished\":\"2018-12-26T13:52:07+00:00\",\"dateModified\":\"2020-06-06T15:47:09+00:00\",\"author\":{\"@id\":\"https:\/\/franciscanos.org.br\/noticias\/#\/schema\/person\/b5c8cba458c330ccff548b056e95a5d4\"},\"breadcrumb\":{\"@id\":\"https:\/\/franciscanos.org.br\/noticias\/angelus-a-logica-do-perdao-e-da-misericordia-e-sempre-vitoriosa.html#breadcrumb\"},\"inLanguage\":\"pt-BR\",\"potentialAction\":[{\"@type\":\"ReadAction\",\"target\":[\"https:\/\/franciscanos.org.br\/noticias\/angelus-a-logica-do-perdao-e-da-misericordia-e-sempre-vitoriosa.html\"]}]},{\"@type\":\"BreadcrumbList\",\"@id\":\"https:\/\/franciscanos.org.br\/noticias\/angelus-a-logica-do-perdao-e-da-misericordia-e-sempre-vitoriosa.html#breadcrumb\",\"itemListElement\":[{\"@type\":\"ListItem\",\"position\":1,\"name\":\"Home\",\"item\":\"https:\/\/franciscanos.org.br\/noticias\"},{\"@type\":\"ListItem\",\"position\":2,\"name\":\"Papa: \u201cA l\u00f3gica do perd\u00e3o e da miseric\u00f3rdia \u00e9 sempre vitoriosa&#8221;\"}]},{\"@type\":\"Person\",\"@id\":\"https:\/\/franciscanos.org.br\/noticias\/#\/schema\/person\/b5c8cba458c330ccff548b056e95a5d4\",\"name\":\"moacir\",\"image\":{\"@type\":\"ImageObject\",\"inLanguage\":\"pt-BR\",\"@id\":\"https:\/\/franciscanos.org.br\/noticias\/#\/schema\/person\/image\/\",\"url\":\"https:\/\/secure.gravatar.com\/avatar\/d08aa2ce4c8dd416d4479aa8536fcf64?s=96&d=mm&r=g\",\"contentUrl\":\"https:\/\/secure.gravatar.com\/avatar\/d08aa2ce4c8dd416d4479aa8536fcf64?s=96&d=mm&r=g\",\"caption\":\"moacir\"},\"url\":\"https:\/\/franciscanos.org.br\/noticias\/author\/moacir\"}]}<\/script>\n<!-- \/ Yoast SEO plugin. -->","yoast_head_json":{"title":"Papa: \u201cA l\u00f3gica do perd\u00e3o e da miseric\u00f3rdia \u00e9 sempre vitoriosa\" - Not\u00edcias - Franciscanos","robots":{"index":"index","follow":"follow","max-snippet":"max-snippet:-1","max-image-preview":"max-image-preview:large","max-video-preview":"max-video-preview:-1"},"canonical":"https:\/\/franciscanos.org.br\/noticias\/angelus-a-logica-do-perdao-e-da-misericordia-e-sempre-vitoriosa.html","og_locale":"pt_BR","og_type":"article","og_title":"Papa: \u201cA l\u00f3gica do perd\u00e3o e da miseric\u00f3rdia \u00e9 sempre vitoriosa\" - Not\u00edcias - Franciscanos","og_description":"Angelus","og_url":"https:\/\/franciscanos.org.br\/noticias\/angelus-a-logica-do-perdao-e-da-misericordia-e-sempre-vitoriosa.html","og_site_name":"Not\u00edcias - Franciscanos","article_published_time":"2018-12-26T13:52:07+00:00","article_modified_time":"2020-06-06T15:47:09+00:00","og_image":[{"width":273,"height":181,"url":"https:\/\/franciscanos.org.br\/noticias\/wp-content\/uploads\/2018\/12\/angelus_261218d.jpg","type":"image\/jpeg"}],"author":"moacir","twitter_card":"summary_large_image","twitter_misc":{"Escrito por":"moacir","Est. tempo de leitura":"2 minutos"},"schema":{"@context":"https:\/\/schema.org","@graph":[{"@type":"WebSite","@id":"https:\/\/franciscanos.org.br\/noticias\/#website","url":"https:\/\/franciscanos.org.br\/noticias\/","name":"Not\u00edcias - Franciscanos","description":"Prov\u00edncia Franciscana da Imaculada Concei\u00e7\u00e3o do Brasil - Ordem dos Frades Menores - OFM","potentialAction":[{"@type":"SearchAction","target":{"@type":"EntryPoint","urlTemplate":"https:\/\/franciscanos.org.br\/noticias\/?s={search_term_string}"},"query-input":"required name=search_term_string"}],"inLanguage":"pt-BR"},{"@type":"ImageObject","inLanguage":"pt-BR","@id":"https:\/\/franciscanos.org.br\/noticias\/angelus-a-logica-do-perdao-e-da-misericordia-e-sempre-vitoriosa.html#primaryimage","url":"https:\/\/franciscanos.org.br\/noticias\/wp-content\/uploads\/2018\/12\/angelus_261218d.jpg","contentUrl":"https:\/\/franciscanos.org.br\/noticias\/wp-content\/uploads\/2018\/12\/angelus_261218d.jpg","width":273,"height":181},{"@type":"WebPage","@id":"https:\/\/franciscanos.org.br\/noticias\/angelus-a-logica-do-perdao-e-da-misericordia-e-sempre-vitoriosa.html#webpage","url":"https:\/\/franciscanos.org.br\/noticias\/angelus-a-logica-do-perdao-e-da-misericordia-e-sempre-vitoriosa.html","name":"Papa: \u201cA l\u00f3gica do perd\u00e3o e da miseric\u00f3rdia \u00e9 sempre vitoriosa\" - Not\u00edcias - Franciscanos","isPartOf":{"@id":"https:\/\/franciscanos.org.br\/noticias\/#website"},"primaryImageOfPage":{"@id":"https:\/\/franciscanos.org.br\/noticias\/angelus-a-logica-do-perdao-e-da-misericordia-e-sempre-vitoriosa.html#primaryimage"},"datePublished":"2018-12-26T13:52:07+00:00","dateModified":"2020-06-06T15:47:09+00:00","author":{"@id":"https:\/\/franciscanos.org.br\/noticias\/#\/schema\/person\/b5c8cba458c330ccff548b056e95a5d4"},"breadcrumb":{"@id":"https:\/\/franciscanos.org.br\/noticias\/angelus-a-logica-do-perdao-e-da-misericordia-e-sempre-vitoriosa.html#breadcrumb"},"inLanguage":"pt-BR","potentialAction":[{"@type":"ReadAction","target":["https:\/\/franciscanos.org.br\/noticias\/angelus-a-logica-do-perdao-e-da-misericordia-e-sempre-vitoriosa.html"]}]},{"@type":"BreadcrumbList","@id":"https:\/\/franciscanos.org.br\/noticias\/angelus-a-logica-do-perdao-e-da-misericordia-e-sempre-vitoriosa.html#breadcrumb","itemListElement":[{"@type":"ListItem","position":1,"name":"Home","item":"https:\/\/franciscanos.org.br\/noticias"},{"@type":"ListItem","position":2,"name":"Papa: \u201cA l\u00f3gica do perd\u00e3o e da miseric\u00f3rdia \u00e9 sempre vitoriosa&#8221;"}]},{"@type":"Person","@id":"https:\/\/franciscanos.org.br\/noticias\/#\/schema\/person\/b5c8cba458c330ccff548b056e95a5d4","name":"moacir","image":{"@type":"ImageObject","inLanguage":"pt-BR","@id":"https:\/\/franciscanos.org.br\/noticias\/#\/schema\/person\/image\/","url":"https:\/\/secure.gravatar.com\/avatar\/d08aa2ce4c8dd416d4479aa8536fcf64?s=96&d=mm&r=g","contentUrl":"https:\/\/secure.gravatar.com\/avatar\/d08aa2ce4c8dd416d4479aa8536fcf64?s=96&d=mm&r=g","caption":"moacir"},"url":"https:\/\/franciscanos.org.br\/noticias\/author\/moacir"}]}},"_links":{"self":[{"href":"https:\/\/franciscanos.org.br\/noticias\/wp-json\/wp\/v2\/posts\/193241"}],"collection":[{"href":"https:\/\/franciscanos.org.br\/noticias\/wp-json\/wp\/v2\/posts"}],"about":[{"href":"https:\/\/franciscanos.org.br\/noticias\/wp-json\/wp\/v2\/types\/post"}],"author":[{"embeddable":true,"href":"https:\/\/franciscanos.org.br\/noticias\/wp-json\/wp\/v2\/users\/3"}],"replies":[{"embeddable":true,"href":"https:\/\/franciscanos.org.br\/noticias\/wp-json\/wp\/v2\/comments?post=193241"}],"version-history":[{"count":3,"href":"https:\/\/franciscanos.org.br\/noticias\/wp-json\/wp\/v2\/posts\/193241\/revisions"}],"predecessor-version":[{"id":224605,"href":"https:\/\/franciscanos.org.br\/noticias\/wp-json\/wp\/v2\/posts\/193241\/revisions\/224605"}],"wp:featuredmedia":[{"embeddable":true,"href":"https:\/\/franciscanos.org.br\/noticias\/wp-json\/wp\/v2\/media\/193243"}],"wp:attachment":[{"href":"https:\/\/franciscanos.org.br\/noticias\/wp-json\/wp\/v2\/media?parent=193241"}],"wp:term":[{"taxonomy":"category","embeddable":true,"href":"https:\/\/franciscanos.org.br\/noticias\/wp-json\/wp\/v2\/categories?post=193241"},{"taxonomy":"post_tag","embeddable":true,"href":"https:\/\/franciscanos.org.br\/noticias\/wp-json\/wp\/v2\/tags?post=193241"}],"curies":[{"name":"wp","href":"https:\/\/api.w.org\/{rel}","templated":true}]}}