{"id":19319,"date":"2012-06-18T11:07:28","date_gmt":"2012-06-18T14:07:28","guid":{"rendered":"http:\/\/new.franciscanos.org.br\/?p=19319"},"modified":"2020-11-09T16:01:44","modified_gmt":"2020-11-09T19:01:44","slug":"um-dia-com-maria-e-frei-galvao","status":"publish","type":"post","link":"https:\/\/franciscanos.org.br\/noticias\/um-dia-com-maria-e-frei-galvao.html","title":{"rendered":"Benfeitores t\u00eam \u201cUm dia com Maria e Frei Galv\u00e3o\u201d"},"content":{"rendered":"<p><a href=\"http:\/\/franciscanos.org.br\/wp-content\/uploads\/2012\/06\/2587_180612.jpg\"><img loading=\"lazy\" class=\"alignright size-full wp-image-19320\" title=\"2587_180612\" src=\"http:\/\/franciscanos.org.br\/wp-content\/uploads\/2012\/06\/2587_180612.jpg\" alt=\"\" width=\"400\" height=\"299\" \/><\/a><strong>Por Frei Alexandre Rohling<\/strong><\/p>\n<p>Ao alvorecer do dia dezessete de junho, n\u00f3s frades e um grupo de benfeitores do Pr\u00f3- Voca\u00e7\u00f5es e Miss\u00f5es Franciscanas partimos em Romaria para a casa da M\u00e3e Aparecida e de nosso querido Santo Brasileiro: Santo Ant\u00f4nio de Santana Galv\u00e3o em Guaratinguet\u00e1.\u00a0 Este dia foi marcado por profundos momentos de ora\u00e7\u00e3o e devo\u00e7\u00e3o. J\u00e1 ao partirmos da cidade de S\u00e3o Paulo, Frei Alvaci Mendes da Luz, nos convidou a ora\u00e7\u00e3o para assim, caminharmos em Prociss\u00e3o e Romaria para casa de Maria. Ao chegarmos ao Santu\u00e1rio Nacional, como filhos e filhas desta grande m\u00e3e, caminhamos em prociss\u00e3o em dire\u00e7\u00e3o \u00e0 imagem querida de Aparecida para junto dela pedir a sua intercess\u00e3o a Deus por n\u00f3s, nossos familiares, parentes e amigos.<\/p>\n<p>J\u00e1 pr\u00f3ximo a hora do almo\u00e7o, partimos para o Convento Nossa Senhora das Gra\u00e7as em Guaratinguet\u00e1. L\u00e1 fomos recebidos pelos frades da casa e nos deliciamos com um saboroso almo\u00e7o. Ap\u00f3s um tempo livre nos reunimos todos novamente e nos dirigimos para o Semin\u00e1rio Frei Galv\u00e3o nesta mesma cidade, local este que recebe romeiros devotos e devotas de Frei Galv\u00e3o h\u00e1 muitos anos. Os romeiros ali puderam conhecer mais e melhor a vida e a hist\u00f3ria deste primeiro santo brasileiro. Celebramos juntos o profundo gesto de amor e de partilha: a Eucaristia.<\/p>\n<p><a href=\"http:\/\/franciscanos.org.br\/wp-content\/uploads\/2012\/06\/2589_180612.jpg\"><img loading=\"lazy\" class=\"alignleft size-full wp-image-19322\" title=\"2589_180612\" src=\"http:\/\/franciscanos.org.br\/wp-content\/uploads\/2012\/06\/2589_180612.jpg\" alt=\"\" width=\"400\" height=\"299\" \/><\/a>Depois cada um recebeu suas p\u00edlulas de f\u00e9. Os benfeitores andaram pelos corredores daquela bela casa, visitaram a exposi\u00e7\u00e3o permanente de pres\u00e9pios oriundos de v\u00e1rias partes do mundo, respiraram o ar puro daqueles \u00a0jardins do semin\u00e1rio e at\u00e9 balan\u00e7aram-se num balan\u00e7o pendurado numa \u00e1rvore pr\u00f3ximo a gruta do semin\u00e1rio. Realmente Deus nos aben\u00e7oou por intercess\u00e3o de Frei Galv\u00e3o, com momentos de profunda integra\u00e7\u00e3o entre Ele e n\u00f3s atrav\u00e9s de sua magn\u00edfica obra: a m\u00e3e natureza.<\/p>\n<p>Ao findar nosso dia, nada melhor do que visitar o mosteiro das irm\u00e3s Clarissas nas pedrinhas em Guaratinguet\u00e1.\u00a0 Os benfeitores pelo que vimos ficaram maravilhados com nossas irm\u00e3s, uns pensavam outros at\u00e9 falavam: que paz sentimos nesta casa. Outros diziam: como \u00e9 bom estarmos aqui. Outros expressavam: realmente Deus aqui se faz morada no meio destas queridas irm\u00e3s clarissas. Que nossa m\u00e3e Aparecida e seu filho Frei Galv\u00e3o intercedam a Deus por todos os nossos confrades, benfeitores e familiares, para que nunca lhes falte o necess\u00e1rio para vida.<\/p>\n","protected":false},"excerpt":{"rendered":"<p>PVF<\/p>\n","protected":false},"author":1,"featured_media":212910,"comment_status":"open","ping_status":"open","sticky":false,"template":"","format":"standard","meta":[],"categories":[1],"tags":[254],"acf":[],"yoast_head":"<!-- This site is optimized with the Yoast SEO plugin v19.2 - https:\/\/yoast.com\/wordpress\/plugins\/seo\/ -->\n<title>Benfeitores t\u00eam \u201cUm dia com Maria e Frei Galv\u00e3o\u201d - Not\u00edcias - Franciscanos<\/title>\n<meta name=\"robots\" content=\"index, follow, max-snippet:-1, max-image-preview:large, max-video-preview:-1\" \/>\n<link rel=\"canonical\" href=\"https:\/\/franciscanos.org.br\/noticias\/um-dia-com-maria-e-frei-galvao.html\" \/>\n<meta property=\"og:locale\" content=\"pt_BR\" \/>\n<meta property=\"og:type\" content=\"article\" \/>\n<meta property=\"og:title\" content=\"Benfeitores t\u00eam \u201cUm dia com Maria e Frei Galv\u00e3o\u201d - Not\u00edcias - Franciscanos\" \/>\n<meta property=\"og:description\" content=\"PVF\" \/>\n<meta property=\"og:url\" content=\"https:\/\/franciscanos.org.br\/noticias\/um-dia-com-maria-e-frei-galvao.html\" \/>\n<meta property=\"og:site_name\" content=\"Not\u00edcias - Franciscanos\" \/>\n<meta property=\"article:published_time\" content=\"2012-06-18T14:07:28+00:00\" \/>\n<meta property=\"article:modified_time\" content=\"2020-11-09T19:01:44+00:00\" \/>\n<meta property=\"og:image\" content=\"https:\/\/franciscanos.org.br\/noticias\/wp-content\/uploads\/2012\/06\/2587_180612-1-150x112.jpg\" \/>\n\t<meta property=\"og:image:width\" content=\"273\" \/>\n\t<meta property=\"og:image:height\" content=\"182\" \/>\n\t<meta property=\"og:image:type\" content=\"image\/jpeg\" \/>\n<meta name=\"author\" content=\"admin\" \/>\n<meta name=\"twitter:card\" content=\"summary_large_image\" \/>\n<meta name=\"twitter:label1\" content=\"Escrito por\" \/>\n\t<meta name=\"twitter:data1\" content=\"admin\" \/>\n\t<meta name=\"twitter:label2\" content=\"Est. tempo de leitura\" \/>\n\t<meta name=\"twitter:data2\" content=\"2 minutos\" \/>\n<script type=\"application\/ld+json\" class=\"yoast-schema-graph\">{\"@context\":\"https:\/\/schema.org\",\"@graph\":[{\"@type\":\"WebSite\",\"@id\":\"https:\/\/franciscanos.org.br\/noticias\/#website\",\"url\":\"https:\/\/franciscanos.org.br\/noticias\/\",\"name\":\"Not\u00edcias - Franciscanos\",\"description\":\"Prov\u00edncia Franciscana da Imaculada Concei\u00e7\u00e3o do Brasil - Ordem dos Frades Menores - OFM\",\"potentialAction\":[{\"@type\":\"SearchAction\",\"target\":{\"@type\":\"EntryPoint\",\"urlTemplate\":\"https:\/\/franciscanos.org.br\/noticias\/?s={search_term_string}\"},\"query-input\":\"required name=search_term_string\"}],\"inLanguage\":\"pt-BR\"},{\"@type\":\"ImageObject\",\"inLanguage\":\"pt-BR\",\"@id\":\"https:\/\/franciscanos.org.br\/noticias\/um-dia-com-maria-e-frei-galvao.html#primaryimage\",\"url\":\"https:\/\/franciscanos.org.br\/noticias\/wp-content\/uploads\/2012\/06\/2587_180612-1-150x112.jpg\",\"contentUrl\":\"https:\/\/franciscanos.org.br\/noticias\/wp-content\/uploads\/2012\/06\/2587_180612-1-150x112.jpg\",\"width\":273,\"height\":182},{\"@type\":\"WebPage\",\"@id\":\"https:\/\/franciscanos.org.br\/noticias\/um-dia-com-maria-e-frei-galvao.html#webpage\",\"url\":\"https:\/\/franciscanos.org.br\/noticias\/um-dia-com-maria-e-frei-galvao.html\",\"name\":\"Benfeitores t\u00eam \u201cUm dia com Maria e Frei Galv\u00e3o\u201d - Not\u00edcias - Franciscanos\",\"isPartOf\":{\"@id\":\"https:\/\/franciscanos.org.br\/noticias\/#website\"},\"primaryImageOfPage\":{\"@id\":\"https:\/\/franciscanos.org.br\/noticias\/um-dia-com-maria-e-frei-galvao.html#primaryimage\"},\"datePublished\":\"2012-06-18T14:07:28+00:00\",\"dateModified\":\"2020-11-09T19:01:44+00:00\",\"author\":{\"@id\":\"https:\/\/franciscanos.org.br\/noticias\/#\/schema\/person\/b38fbf43118f02820bd932f2e4b14ad3\"},\"breadcrumb\":{\"@id\":\"https:\/\/franciscanos.org.br\/noticias\/um-dia-com-maria-e-frei-galvao.html#breadcrumb\"},\"inLanguage\":\"pt-BR\",\"potentialAction\":[{\"@type\":\"ReadAction\",\"target\":[\"https:\/\/franciscanos.org.br\/noticias\/um-dia-com-maria-e-frei-galvao.html\"]}]},{\"@type\":\"BreadcrumbList\",\"@id\":\"https:\/\/franciscanos.org.br\/noticias\/um-dia-com-maria-e-frei-galvao.html#breadcrumb\",\"itemListElement\":[{\"@type\":\"ListItem\",\"position\":1,\"name\":\"Home\",\"item\":\"https:\/\/franciscanos.org.br\/noticias\"},{\"@type\":\"ListItem\",\"position\":2,\"name\":\"Benfeitores t\u00eam \u201cUm dia com Maria e Frei Galv\u00e3o\u201d\"}]},{\"@type\":\"Person\",\"@id\":\"https:\/\/franciscanos.org.br\/noticias\/#\/schema\/person\/b38fbf43118f02820bd932f2e4b14ad3\",\"name\":\"admin\",\"image\":{\"@type\":\"ImageObject\",\"inLanguage\":\"pt-BR\",\"@id\":\"https:\/\/franciscanos.org.br\/noticias\/#\/schema\/person\/image\/\",\"url\":\"https:\/\/secure.gravatar.com\/avatar\/e8495742d34d0ba6448ea1c628263b3e?s=96&d=mm&r=g\",\"contentUrl\":\"https:\/\/secure.gravatar.com\/avatar\/e8495742d34d0ba6448ea1c628263b3e?s=96&d=mm&r=g\",\"caption\":\"admin\"},\"url\":\"https:\/\/franciscanos.org.br\/noticias\/author\/admin\"}]}<\/script>\n<!-- \/ Yoast SEO plugin. -->","yoast_head_json":{"title":"Benfeitores t\u00eam \u201cUm dia com Maria e Frei Galv\u00e3o\u201d - Not\u00edcias - Franciscanos","robots":{"index":"index","follow":"follow","max-snippet":"max-snippet:-1","max-image-preview":"max-image-preview:large","max-video-preview":"max-video-preview:-1"},"canonical":"https:\/\/franciscanos.org.br\/noticias\/um-dia-com-maria-e-frei-galvao.html","og_locale":"pt_BR","og_type":"article","og_title":"Benfeitores t\u00eam \u201cUm dia com Maria e Frei Galv\u00e3o\u201d - Not\u00edcias - Franciscanos","og_description":"PVF","og_url":"https:\/\/franciscanos.org.br\/noticias\/um-dia-com-maria-e-frei-galvao.html","og_site_name":"Not\u00edcias - Franciscanos","article_published_time":"2012-06-18T14:07:28+00:00","article_modified_time":"2020-11-09T19:01:44+00:00","og_image":[{"width":273,"height":182,"url":"https:\/\/franciscanos.org.br\/noticias\/wp-content\/uploads\/2012\/06\/2587_180612-1-150x112.jpg","type":"image\/jpeg"}],"author":"admin","twitter_card":"summary_large_image","twitter_misc":{"Escrito por":"admin","Est. tempo de leitura":"2 minutos"},"schema":{"@context":"https:\/\/schema.org","@graph":[{"@type":"WebSite","@id":"https:\/\/franciscanos.org.br\/noticias\/#website","url":"https:\/\/franciscanos.org.br\/noticias\/","name":"Not\u00edcias - Franciscanos","description":"Prov\u00edncia Franciscana da Imaculada Concei\u00e7\u00e3o do Brasil - Ordem dos Frades Menores - OFM","potentialAction":[{"@type":"SearchAction","target":{"@type":"EntryPoint","urlTemplate":"https:\/\/franciscanos.org.br\/noticias\/?s={search_term_string}"},"query-input":"required name=search_term_string"}],"inLanguage":"pt-BR"},{"@type":"ImageObject","inLanguage":"pt-BR","@id":"https:\/\/franciscanos.org.br\/noticias\/um-dia-com-maria-e-frei-galvao.html#primaryimage","url":"https:\/\/franciscanos.org.br\/noticias\/wp-content\/uploads\/2012\/06\/2587_180612-1-150x112.jpg","contentUrl":"https:\/\/franciscanos.org.br\/noticias\/wp-content\/uploads\/2012\/06\/2587_180612-1-150x112.jpg","width":273,"height":182},{"@type":"WebPage","@id":"https:\/\/franciscanos.org.br\/noticias\/um-dia-com-maria-e-frei-galvao.html#webpage","url":"https:\/\/franciscanos.org.br\/noticias\/um-dia-com-maria-e-frei-galvao.html","name":"Benfeitores t\u00eam \u201cUm dia com Maria e Frei Galv\u00e3o\u201d - Not\u00edcias - Franciscanos","isPartOf":{"@id":"https:\/\/franciscanos.org.br\/noticias\/#website"},"primaryImageOfPage":{"@id":"https:\/\/franciscanos.org.br\/noticias\/um-dia-com-maria-e-frei-galvao.html#primaryimage"},"datePublished":"2012-06-18T14:07:28+00:00","dateModified":"2020-11-09T19:01:44+00:00","author":{"@id":"https:\/\/franciscanos.org.br\/noticias\/#\/schema\/person\/b38fbf43118f02820bd932f2e4b14ad3"},"breadcrumb":{"@id":"https:\/\/franciscanos.org.br\/noticias\/um-dia-com-maria-e-frei-galvao.html#breadcrumb"},"inLanguage":"pt-BR","potentialAction":[{"@type":"ReadAction","target":["https:\/\/franciscanos.org.br\/noticias\/um-dia-com-maria-e-frei-galvao.html"]}]},{"@type":"BreadcrumbList","@id":"https:\/\/franciscanos.org.br\/noticias\/um-dia-com-maria-e-frei-galvao.html#breadcrumb","itemListElement":[{"@type":"ListItem","position":1,"name":"Home","item":"https:\/\/franciscanos.org.br\/noticias"},{"@type":"ListItem","position":2,"name":"Benfeitores t\u00eam \u201cUm dia com Maria e Frei Galv\u00e3o\u201d"}]},{"@type":"Person","@id":"https:\/\/franciscanos.org.br\/noticias\/#\/schema\/person\/b38fbf43118f02820bd932f2e4b14ad3","name":"admin","image":{"@type":"ImageObject","inLanguage":"pt-BR","@id":"https:\/\/franciscanos.org.br\/noticias\/#\/schema\/person\/image\/","url":"https:\/\/secure.gravatar.com\/avatar\/e8495742d34d0ba6448ea1c628263b3e?s=96&d=mm&r=g","contentUrl":"https:\/\/secure.gravatar.com\/avatar\/e8495742d34d0ba6448ea1c628263b3e?s=96&d=mm&r=g","caption":"admin"},"url":"https:\/\/franciscanos.org.br\/noticias\/author\/admin"}]}},"_links":{"self":[{"href":"https:\/\/franciscanos.org.br\/noticias\/wp-json\/wp\/v2\/posts\/19319"}],"collection":[{"href":"https:\/\/franciscanos.org.br\/noticias\/wp-json\/wp\/v2\/posts"}],"about":[{"href":"https:\/\/franciscanos.org.br\/noticias\/wp-json\/wp\/v2\/types\/post"}],"author":[{"embeddable":true,"href":"https:\/\/franciscanos.org.br\/noticias\/wp-json\/wp\/v2\/users\/1"}],"replies":[{"embeddable":true,"href":"https:\/\/franciscanos.org.br\/noticias\/wp-json\/wp\/v2\/comments?post=19319"}],"version-history":[{"count":1,"href":"https:\/\/franciscanos.org.br\/noticias\/wp-json\/wp\/v2\/posts\/19319\/revisions"}],"predecessor-version":[{"id":229116,"href":"https:\/\/franciscanos.org.br\/noticias\/wp-json\/wp\/v2\/posts\/19319\/revisions\/229116"}],"wp:featuredmedia":[{"embeddable":true,"href":"https:\/\/franciscanos.org.br\/noticias\/wp-json\/wp\/v2\/media\/212910"}],"wp:attachment":[{"href":"https:\/\/franciscanos.org.br\/noticias\/wp-json\/wp\/v2\/media?parent=19319"}],"wp:term":[{"taxonomy":"category","embeddable":true,"href":"https:\/\/franciscanos.org.br\/noticias\/wp-json\/wp\/v2\/categories?post=19319"},{"taxonomy":"post_tag","embeddable":true,"href":"https:\/\/franciscanos.org.br\/noticias\/wp-json\/wp\/v2\/tags?post=19319"}],"curies":[{"name":"wp","href":"https:\/\/api.w.org\/{rel}","templated":true}]}}