{"id":193164,"date":"2018-12-24T22:36:02","date_gmt":"2018-12-25T00:36:02","guid":{"rendered":"https:\/\/franciscanos.org.br\/noticias\/?p=193164"},"modified":"2020-06-06T12:48:00","modified_gmt":"2020-06-06T15:48:00","slug":"missa-do-galo-jesus-alimento-de-amor-e-simplicidade","status":"publish","type":"post","link":"https:\/\/franciscanos.org.br\/noticias\/missa-do-galo-jesus-alimento-de-amor-e-simplicidade.html","title":{"rendered":"B\u00ean\u00e7\u00e3o &#8216;Urbi et Orbi&#8217; do Papa Francisco"},"content":{"rendered":"<p><img loading=\"lazy\" class=\"alignnone wp-image-193211 size-full\" src=\"https:\/\/franciscanos.org.br\/noticias\/wp-content\/uploads\/2018\/12\/bencao_urbi_et_orbi_251218.jpg\" alt=\"\" width=\"890\" height=\"500\" \/><\/p>\n<p><strong>Cidade do Vaticano &#8211;<\/strong>\u00a0\u201cGl\u00f3ria a Deus nas Alturas e Paz na terra aos homens de boa vontade\u201d. Votos natalinos de fraternidade a todos os irm\u00e3os em humanidade! Ap\u00f3s a solene celebra\u00e7\u00e3o da Missa do Galo na Noite de Natal, o Santo Padre pronunciou sua Mensagem natalina ao meio dia desta ter\u00e7a-feira (25.12), Dia de Natal, na sacada central da Bas\u00edlica de S\u00e3o Pedro, dirigida aos fi\u00e9is do mundo inteiro.<\/p>\n<p>\u201cQueridos irm\u00e3os e irm\u00e3s, Feliz Natal! Aos fi\u00e9is de Roma, aos peregrinos e a todos os que, das diversas partes do mundo, est\u00e3o sintonizados conosco, renovo o jubiloso an\u00fancio de Bel\u00e9m: \u201cGl\u00f3ria a Deus nas alturas e paz na terra aos homens de boa vontade\u201d.Como os pastores, os primeiros que acorreram \u00e0 gruta, disse o Papa, ficamos maravilhados com o sinal que Deus nos deu: \u201cUm Menino envolto em panos e deitado numa manjedoura\u201d. Em sil\u00eancio, ajoelhemos e O adoremos! E perguntou: \u201cO que aquele Menino, que nasceu para n\u00f3s da Virgem Maria quer nos dizer neste dia\u00ad\u00ad? Qual a sua mensagem universal? E Francisco respondeu:<\/p>\n<p>\u201cEle nos diz que Deus \u00e9 um bom Pai e n\u00f3s somos todos irm\u00e3os. Esta verdade est\u00e1 na base da vis\u00e3o crist\u00e3 da humanidade. Sem a fraternidade que Jesus Cristo nos concedeu, os nossos esfor\u00e7os por um mundo mais justo n\u00e3o t\u00eam sentido e at\u00e9 os nossos melhores projetos correm o risco de se tornar sem alma. Por isso, as minhas felicita\u00e7\u00f5es natalinas s\u00e3o os votos de fraternidade\u201d. Seus votos de Fraternidade v\u00e3o \u00e0s pessoas de todas as na\u00e7\u00f5es e culturas; \u00e0s de ideias diferentes, mas capazes de se respeitar e ouvir umas \u00e0s outras; e \u00e0s pessoas das diferentes religi\u00f5es. E acrescentou: \u201cJesus veio revelar o rosto de Deus a todos os que procuram. O rosto de Deus manifestou-se em um rosto humano, concreto; n\u00e3o sob a forma de um anjo, mas de homem, nascido em um tempo e lugar concretos. Assim, com a sua encarna\u00e7\u00e3o, o Filho de Deus nos indica que a salva\u00e7\u00e3o passa atrav\u00e9s do amor, da hospitalidade, do respeito pela nossa pobre humanidade, com a sua variedade de etnias, l\u00ednguas, culturas. Mas, todos somos irm\u00e3os em humanidade!\u201d<\/p>\n<p>Logo, disse Francisco, as nossas diferen\u00e7as n\u00e3o constituem um dano nem um perigo, pelo contr\u00e1rio, s\u00e3o uma riqueza, como nos ensina a nossa experi\u00eancia de fam\u00edlia, onde h\u00e1 um la\u00e7o indissol\u00favel de amor. E expressou seus sinceros votos de que este Natal nos fa\u00e7a redescobrir os la\u00e7os de fraternidade que nos unem como seres humanos e interligam todos os povos:<\/p>\n<p><img loading=\"lazy\" class=\"alignnone wp-image-193212 size-full\" src=\"https:\/\/franciscanos.org.br\/noticias\/wp-content\/uploads\/2018\/12\/bencao_urbi_et_orbi_251218_1.jpg\" alt=\"\" width=\"890\" height=\"400\" srcset=\"https:\/\/franciscanos.org.br\/noticias\/wp-content\/uploads\/2018\/12\/bencao_urbi_et_orbi_251218_1.jpg 890w, https:\/\/franciscanos.org.br\/noticias\/wp-content\/uploads\/2018\/12\/bencao_urbi_et_orbi_251218_1-450x202.jpg 450w, https:\/\/franciscanos.org.br\/noticias\/wp-content\/uploads\/2018\/12\/bencao_urbi_et_orbi_251218_1-768x345.jpg 768w, https:\/\/franciscanos.org.br\/noticias\/wp-content\/uploads\/2018\/12\/bencao_urbi_et_orbi_251218_1-150x67.jpg 150w\" sizes=\"(max-width: 890px) 100vw, 890px\" \/><\/p>\n<p><strong>Israelenses e Palestinos<\/strong><\/p>\n<p>\u201cQue este Natal permita a Israelenses e Palestinos retomar o di\u00e1logo e embocar um caminho de paz; que possam colocar um ponto final em um conflito que, h\u00e1 mais de setenta anos, dilacera a Terra que o Senhor escolheu para mostrar seu rosto de amor\u201d. O Santo Padre fez seus votos de Natal, acompanhados de seus apelos. tamb\u00e9m a outros povos:<\/p>\n<p><strong>S\u00edria<\/strong><\/p>\n<p>\u201cQue o Menino Jesus permita, \u00e0 amada e atormentada S\u00edria, reencontrar a fraternidade depois destes longos anos de guerra. Que a Comunidade Internacional trabalhe com decis\u00e3o para uma solu\u00e7\u00e3o pol\u00edtica que acabe com as divis\u00f5es e os interesses de parte, de modo que o povo s\u00edrio, especialmente os que foram obrigados a deixar as suas terras e buscar ref\u00fagio em outros lugares, possa voltar a viver em paz na sua p\u00e1tria\u201d. Francisco continuou elevando seu pensamento a outros pa\u00edses, aos quais faz seus apelos de paz, por ocasi\u00e3o do Natal do Senhor:<\/p>\n<p><strong>I\u00eamen<\/strong><\/p>\n<p>\u201cPenso no I\u00eamen, com a esperan\u00e7a de que a tr\u00e9gua mediada pela Comunidade Internacional possa, finalmente, levar al\u00edvio a tantas crian\u00e7as e \u00e0s popula\u00e7\u00f5es exaustas pela guerra e a carestia\u201d.<\/p>\n<p><strong>\u00c1frica<\/strong><\/p>\n<p>\u201cPenso na \u00c1frica, onde milh\u00f5es de pessoas refugiadas ou deslocadas precisam de assist\u00eancia humanit\u00e1ria e seguran\u00e7a alimentar. O Deus Menino, Rei da Paz, fa\u00e7a calar as armas e surgir uma nova aurora de fraternidade em todo o Continente, aben\u00e7oando os esfor\u00e7os de quantos trabalham para favorecer percursos de reconcilia\u00e7\u00e3o a n\u00edvel pol\u00edtico e social\u201d.<\/p>\n<p><img loading=\"lazy\" class=\"alignnone wp-image-193213 size-full\" src=\"https:\/\/franciscanos.org.br\/noticias\/wp-content\/uploads\/2018\/12\/bencao_urbi_et_orbi_251218_2.jpg\" alt=\"\" width=\"890\" height=\"400\" \/><strong>Pen\u00ednsula Coreana<\/strong><\/p>\n<p>\u201cQue o Natal fortale\u00e7a os v\u00ednculos fraternos, que unem a pen\u00ednsula da Coreia, e permita prosseguir no caminho de aproxima\u00e7\u00e3o empreendido para se chegar a solu\u00e7\u00f5es compartilhadas e a todos assegurar progresso e bem-estar\u201d.<\/p>\n<p><strong>Venezuela<\/strong><\/p>\n<p>\u201cQue este tempo de b\u00ean\u00e7\u00e3o permita \u00e0 Venezuela reencontrar a conc\u00f3rdia e, a todos os componentes da sociedade, trabalhar fraternalmente para o desenvolvimento do pa\u00eds e prestar assist\u00eancia aos setores mais vulner\u00e1veis da popula\u00e7\u00e3o\u201d.<\/p>\n<p><strong>Ucr\u00e2nia<\/strong><\/p>\n<p>\u201cO Rec\u00e9m-nascido leve al\u00edvio \u00e0 amada Ucr\u00e2nia, ansiosa de ter uma paz duradoura, que tarda a chegar. S\u00f3 com a paz, respeitadora dos direitos de cada na\u00e7\u00e3o, \u00e9 que o pa\u00eds poder\u00e1 se recuperar das tribula\u00e7\u00f5es sofridas e restabelecer condi\u00e7\u00f5es de vida dignas para os seus cidad\u00e3os. Solid\u00e1rio com as comunidades crist\u00e3s daquela Regi\u00e3o, rezo para que possam tecer rela\u00e7\u00f5es de fraternidade e amizade\u201d.<\/p>\n<p><strong>Nicar\u00e1gua<\/strong><\/p>\n<p>\u201cQue, diante do Menino Jesus, os habitantes da querida Nicar\u00e1gua redescubram ser irm\u00e3os, que n\u00e3o prevale\u00e7am as divis\u00f5es e as disc\u00f3rdias, mas todos trabalhem para favorecer a reconcilia\u00e7\u00e3o e, juntos, construir o futuro do pa\u00eds\u201d.<\/p>\n<p>O Santo Padre recordou tamb\u00e9m os povos que sofrem coloniza\u00e7\u00f5es ideol\u00f3gicas, culturais e econ\u00f4micas, que veem dilaceradas a sua liberdade e identidade e sofrem por causa da fome e da car\u00eancia de servi\u00e7os educativos e sanit\u00e1rios.<\/p>\n<p><img loading=\"lazy\" class=\"alignnone wp-image-193214 size-full\" src=\"https:\/\/franciscanos.org.br\/noticias\/wp-content\/uploads\/2018\/12\/bencao_urbi_et_orbi_251218_3.jpg\" alt=\"\" width=\"890\" height=\"400\" srcset=\"https:\/\/franciscanos.org.br\/noticias\/wp-content\/uploads\/2018\/12\/bencao_urbi_et_orbi_251218_3.jpg 890w, https:\/\/franciscanos.org.br\/noticias\/wp-content\/uploads\/2018\/12\/bencao_urbi_et_orbi_251218_3-450x202.jpg 450w, https:\/\/franciscanos.org.br\/noticias\/wp-content\/uploads\/2018\/12\/bencao_urbi_et_orbi_251218_3-768x345.jpg 768w, https:\/\/franciscanos.org.br\/noticias\/wp-content\/uploads\/2018\/12\/bencao_urbi_et_orbi_251218_3-150x67.jpg 150w\" sizes=\"(max-width: 890px) 100vw, 890px\" \/><\/p>\n<p><strong>Crist\u00e3os perseguidos<\/strong><\/p>\n<p>Por fim, Francisco dirigiu seu pensamento \u00e0s in\u00fameras pessoas que n\u00e3o t\u00eam voz e sofrem por causa do nome do Senhor Jesus: \u201cMeu pensamento vai, de modo particular, aos nossos irm\u00e3os e irm\u00e3s que celebram a Natividade do Senhor em contextos dif\u00edceis, para n\u00e3o dizer hostis, especialmente onde a comunidade crist\u00e3 \u00e9 uma minoria, por vezes fr\u00e1gil ou desconsiderada. Que o Senhor conceda a eles e a todas as minorias, a gra\u00e7a de viver em paz e ver reconhecidos os seus direitos, sobretudo a liberdade religiosa\u201d.<\/p>\n<p><strong>Crian\u00e7as<\/strong><\/p>\n<p>Francisco concluiu sua Mensagem de Natal pedindo ao Menino Jesus, que hoje contemplamos na manjedoura, que proteja todas as crian\u00e7as da terra e todas as pessoas fr\u00e1geis, indefesas e descartadas. \u201cQue todos n\u00f3s possamos receber a paz e o conforto do Nascimento do Salvador, para que, sentindo-nos amados pelo \u00fanico Pai celeste, possamos nos reencontrar e viver como irm\u00e3os!<\/p>\n<p>Ap\u00f3s a sua Mensagem de Natal, &#8211; um verdadeiro apelo de Paz para muitas Na\u00e7\u00f5es, &#8211; o Santo Padre concedeu a sua B\u00ean\u00e7\u00e3o apost\u00f3lica \u201cUrbi et Orbi\u201d \u00e0 Cidade de Roma, aos peregrinos presentes na Pra\u00e7a S\u00e3o Pedro e a todos os fi\u00e9is espalhados pelo mundo.<\/p>\n<hr \/>\n<h4 style=\"text-align: center;\">VEJA MAIS IMAGENS<\/h4>\n\n\t\t<style type=\"text\/css\">\n\t\t\t#gallery-1 {\n\t\t\t\tmargin: auto;\n\t\t\t}\n\t\t\t#gallery-1 .gallery-item {\n\t\t\t\tfloat: left;\n\t\t\t\tmargin-top: 10px;\n\t\t\t\ttext-align: center;\n\t\t\t\twidth: 25%;\n\t\t\t}\n\t\t\t#gallery-1 img {\n\t\t\t\tborder: 2px solid #cfcfcf;\n\t\t\t}\n\t\t\t#gallery-1 .gallery-caption {\n\t\t\t\tmargin-left: 0;\n\t\t\t}\n\t\t\t\/* see gallery_shortcode() in wp-includes\/media.php *\/\n\t\t<\/style>\n\t\t<div id='gallery-1' class='gallery galleryid-193164 gallery-columns-4 gallery-size-thumbnail'><dl class='gallery-item'>\n\t\t\t<dt class='gallery-icon landscape'>\n\t\t\t\t<a href='https:\/\/franciscanos.org.br\/noticias\/wp-content\/uploads\/2018\/12\/urbi_orbi_251218-1.jpeg'><img width=\"300\" height=\"300\" src=\"https:\/\/franciscanos.org.br\/noticias\/wp-content\/uploads\/2018\/12\/urbi_orbi_251218-1-300x300.jpeg\" class=\"attachment-thumbnail size-thumbnail\" alt=\"\" loading=\"lazy\" srcset=\"https:\/\/franciscanos.org.br\/noticias\/wp-content\/uploads\/2018\/12\/urbi_orbi_251218-1-300x300.jpeg 300w, https:\/\/franciscanos.org.br\/noticias\/wp-content\/uploads\/2018\/12\/urbi_orbi_251218-1-400x400.jpeg 400w\" sizes=\"(max-width: 300px) 100vw, 300px\" \/><\/a>\n\t\t\t<\/dt><\/dl><dl class='gallery-item'>\n\t\t\t<dt class='gallery-icon landscape'>\n\t\t\t\t<a href='https:\/\/franciscanos.org.br\/noticias\/wp-content\/uploads\/2018\/12\/urbi_orbi_251218-2.jpeg'><img width=\"300\" height=\"300\" src=\"https:\/\/franciscanos.org.br\/noticias\/wp-content\/uploads\/2018\/12\/urbi_orbi_251218-2-300x300.jpeg\" class=\"attachment-thumbnail size-thumbnail\" alt=\"\" loading=\"lazy\" srcset=\"https:\/\/franciscanos.org.br\/noticias\/wp-content\/uploads\/2018\/12\/urbi_orbi_251218-2-300x300.jpeg 300w, https:\/\/franciscanos.org.br\/noticias\/wp-content\/uploads\/2018\/12\/urbi_orbi_251218-2-400x400.jpeg 400w\" sizes=\"(max-width: 300px) 100vw, 300px\" \/><\/a>\n\t\t\t<\/dt><\/dl><dl class='gallery-item'>\n\t\t\t<dt class='gallery-icon landscape'>\n\t\t\t\t<a href='https:\/\/franciscanos.org.br\/noticias\/wp-content\/uploads\/2018\/12\/urbi_orbi_251218-3.jpeg'><img width=\"300\" height=\"300\" src=\"https:\/\/franciscanos.org.br\/noticias\/wp-content\/uploads\/2018\/12\/urbi_orbi_251218-3-300x300.jpeg\" class=\"attachment-thumbnail size-thumbnail\" alt=\"\" loading=\"lazy\" srcset=\"https:\/\/franciscanos.org.br\/noticias\/wp-content\/uploads\/2018\/12\/urbi_orbi_251218-3-300x300.jpeg 300w, https:\/\/franciscanos.org.br\/noticias\/wp-content\/uploads\/2018\/12\/urbi_orbi_251218-3-400x400.jpeg 400w\" sizes=\"(max-width: 300px) 100vw, 300px\" \/><\/a>\n\t\t\t<\/dt><\/dl><dl class='gallery-item'>\n\t\t\t<dt class='gallery-icon landscape'>\n\t\t\t\t<a href='https:\/\/franciscanos.org.br\/noticias\/wp-content\/uploads\/2018\/12\/urbi_orbi_251218-5.jpeg'><img width=\"300\" height=\"300\" src=\"https:\/\/franciscanos.org.br\/noticias\/wp-content\/uploads\/2018\/12\/urbi_orbi_251218-5-300x300.jpeg\" class=\"attachment-thumbnail size-thumbnail\" alt=\"\" loading=\"lazy\" srcset=\"https:\/\/franciscanos.org.br\/noticias\/wp-content\/uploads\/2018\/12\/urbi_orbi_251218-5-300x300.jpeg 300w, https:\/\/franciscanos.org.br\/noticias\/wp-content\/uploads\/2018\/12\/urbi_orbi_251218-5-400x400.jpeg 400w\" sizes=\"(max-width: 300px) 100vw, 300px\" \/><\/a>\n\t\t\t<\/dt><\/dl><br style=\"clear: both\" \/><dl class='gallery-item'>\n\t\t\t<dt class='gallery-icon landscape'>\n\t\t\t\t<a href='https:\/\/franciscanos.org.br\/noticias\/wp-content\/uploads\/2018\/12\/urbi_orbi_251218-6.jpeg'><img width=\"300\" height=\"300\" src=\"https:\/\/franciscanos.org.br\/noticias\/wp-content\/uploads\/2018\/12\/urbi_orbi_251218-6-300x300.jpeg\" class=\"attachment-thumbnail size-thumbnail\" alt=\"\" loading=\"lazy\" srcset=\"https:\/\/franciscanos.org.br\/noticias\/wp-content\/uploads\/2018\/12\/urbi_orbi_251218-6-300x300.jpeg 300w, https:\/\/franciscanos.org.br\/noticias\/wp-content\/uploads\/2018\/12\/urbi_orbi_251218-6-400x400.jpeg 400w\" sizes=\"(max-width: 300px) 100vw, 300px\" \/><\/a>\n\t\t\t<\/dt><\/dl><dl class='gallery-item'>\n\t\t\t<dt class='gallery-icon landscape'>\n\t\t\t\t<a href='https:\/\/franciscanos.org.br\/noticias\/wp-content\/uploads\/2018\/12\/urbi_orbi_251218-7.jpeg'><img width=\"300\" height=\"300\" src=\"https:\/\/franciscanos.org.br\/noticias\/wp-content\/uploads\/2018\/12\/urbi_orbi_251218-7-300x300.jpeg\" class=\"attachment-thumbnail size-thumbnail\" alt=\"\" loading=\"lazy\" srcset=\"https:\/\/franciscanos.org.br\/noticias\/wp-content\/uploads\/2018\/12\/urbi_orbi_251218-7-300x300.jpeg 300w, https:\/\/franciscanos.org.br\/noticias\/wp-content\/uploads\/2018\/12\/urbi_orbi_251218-7-400x400.jpeg 400w\" sizes=\"(max-width: 300px) 100vw, 300px\" \/><\/a>\n\t\t\t<\/dt><\/dl><dl class='gallery-item'>\n\t\t\t<dt class='gallery-icon landscape'>\n\t\t\t\t<a href='https:\/\/franciscanos.org.br\/noticias\/wp-content\/uploads\/2018\/12\/urbi_orbi_251218-8.jpeg'><img width=\"300\" height=\"300\" src=\"https:\/\/franciscanos.org.br\/noticias\/wp-content\/uploads\/2018\/12\/urbi_orbi_251218-8-300x300.jpeg\" class=\"attachment-thumbnail size-thumbnail\" alt=\"\" loading=\"lazy\" srcset=\"https:\/\/franciscanos.org.br\/noticias\/wp-content\/uploads\/2018\/12\/urbi_orbi_251218-8-300x300.jpeg 300w, https:\/\/franciscanos.org.br\/noticias\/wp-content\/uploads\/2018\/12\/urbi_orbi_251218-8-400x400.jpeg 400w\" sizes=\"(max-width: 300px) 100vw, 300px\" \/><\/a>\n\t\t\t<\/dt><\/dl><dl class='gallery-item'>\n\t\t\t<dt class='gallery-icon landscape'>\n\t\t\t\t<a href='https:\/\/franciscanos.org.br\/noticias\/wp-content\/uploads\/2018\/12\/urbi_orbi_251218-9.jpeg'><img width=\"300\" height=\"300\" src=\"https:\/\/franciscanos.org.br\/noticias\/wp-content\/uploads\/2018\/12\/urbi_orbi_251218-9-300x300.jpeg\" class=\"attachment-thumbnail size-thumbnail\" alt=\"\" loading=\"lazy\" srcset=\"https:\/\/franciscanos.org.br\/noticias\/wp-content\/uploads\/2018\/12\/urbi_orbi_251218-9-300x300.jpeg 300w, https:\/\/franciscanos.org.br\/noticias\/wp-content\/uploads\/2018\/12\/urbi_orbi_251218-9-400x400.jpeg 400w\" sizes=\"(max-width: 300px) 100vw, 300px\" \/><\/a>\n\t\t\t<\/dt><\/dl><br style=\"clear: both\" \/><dl class='gallery-item'>\n\t\t\t<dt class='gallery-icon landscape'>\n\t\t\t\t<a href='https:\/\/franciscanos.org.br\/noticias\/wp-content\/uploads\/2018\/12\/urbi_orbi_251218-11.jpeg'><img width=\"300\" height=\"300\" src=\"https:\/\/franciscanos.org.br\/noticias\/wp-content\/uploads\/2018\/12\/urbi_orbi_251218-11-300x300.jpeg\" class=\"attachment-thumbnail size-thumbnail\" alt=\"\" loading=\"lazy\" srcset=\"https:\/\/franciscanos.org.br\/noticias\/wp-content\/uploads\/2018\/12\/urbi_orbi_251218-11-300x300.jpeg 300w, https:\/\/franciscanos.org.br\/noticias\/wp-content\/uploads\/2018\/12\/urbi_orbi_251218-11-400x400.jpeg 400w\" sizes=\"(max-width: 300px) 100vw, 300px\" \/><\/a>\n\t\t\t<\/dt><\/dl><dl class='gallery-item'>\n\t\t\t<dt class='gallery-icon landscape'>\n\t\t\t\t<a href='https:\/\/franciscanos.org.br\/noticias\/wp-content\/uploads\/2018\/12\/urbi_orbi_251218-13.jpeg'><img width=\"300\" height=\"300\" src=\"https:\/\/franciscanos.org.br\/noticias\/wp-content\/uploads\/2018\/12\/urbi_orbi_251218-13-300x300.jpeg\" class=\"attachment-thumbnail size-thumbnail\" alt=\"\" loading=\"lazy\" srcset=\"https:\/\/franciscanos.org.br\/noticias\/wp-content\/uploads\/2018\/12\/urbi_orbi_251218-13-300x300.jpeg 300w, https:\/\/franciscanos.org.br\/noticias\/wp-content\/uploads\/2018\/12\/urbi_orbi_251218-13-400x400.jpeg 400w\" sizes=\"(max-width: 300px) 100vw, 300px\" \/><\/a>\n\t\t\t<\/dt><\/dl><dl class='gallery-item'>\n\t\t\t<dt class='gallery-icon landscape'>\n\t\t\t\t<a href='https:\/\/franciscanos.org.br\/noticias\/wp-content\/uploads\/2018\/12\/urbi_orbi_251218-15.jpeg'><img width=\"300\" height=\"300\" src=\"https:\/\/franciscanos.org.br\/noticias\/wp-content\/uploads\/2018\/12\/urbi_orbi_251218-15-300x300.jpeg\" class=\"attachment-thumbnail size-thumbnail\" alt=\"\" loading=\"lazy\" srcset=\"https:\/\/franciscanos.org.br\/noticias\/wp-content\/uploads\/2018\/12\/urbi_orbi_251218-15-300x300.jpeg 300w, https:\/\/franciscanos.org.br\/noticias\/wp-content\/uploads\/2018\/12\/urbi_orbi_251218-15-400x400.jpeg 400w\" sizes=\"(max-width: 300px) 100vw, 300px\" \/><\/a>\n\t\t\t<\/dt><\/dl><dl class='gallery-item'>\n\t\t\t<dt class='gallery-icon landscape'>\n\t\t\t\t<a href='https:\/\/franciscanos.org.br\/noticias\/wp-content\/uploads\/2018\/12\/urbi_orbi_251218-20.jpeg'><img width=\"300\" height=\"300\" src=\"https:\/\/franciscanos.org.br\/noticias\/wp-content\/uploads\/2018\/12\/urbi_orbi_251218-20-300x300.jpeg\" class=\"attachment-thumbnail size-thumbnail\" alt=\"\" loading=\"lazy\" srcset=\"https:\/\/franciscanos.org.br\/noticias\/wp-content\/uploads\/2018\/12\/urbi_orbi_251218-20-300x300.jpeg 300w, https:\/\/franciscanos.org.br\/noticias\/wp-content\/uploads\/2018\/12\/urbi_orbi_251218-20-400x400.jpeg 400w\" sizes=\"(max-width: 300px) 100vw, 300px\" \/><\/a>\n\t\t\t<\/dt><\/dl><br style=\"clear: both\" \/><dl class='gallery-item'>\n\t\t\t<dt class='gallery-icon landscape'>\n\t\t\t\t<a href='https:\/\/franciscanos.org.br\/noticias\/wp-content\/uploads\/2018\/12\/urbi_orbi_251218-21.jpeg'><img width=\"300\" height=\"300\" src=\"https:\/\/franciscanos.org.br\/noticias\/wp-content\/uploads\/2018\/12\/urbi_orbi_251218-21-300x300.jpeg\" class=\"attachment-thumbnail size-thumbnail\" alt=\"\" loading=\"lazy\" srcset=\"https:\/\/franciscanos.org.br\/noticias\/wp-content\/uploads\/2018\/12\/urbi_orbi_251218-21-300x300.jpeg 300w, https:\/\/franciscanos.org.br\/noticias\/wp-content\/uploads\/2018\/12\/urbi_orbi_251218-21-400x400.jpeg 400w\" sizes=\"(max-width: 300px) 100vw, 300px\" \/><\/a>\n\t\t\t<\/dt><\/dl><dl class='gallery-item'>\n\t\t\t<dt class='gallery-icon landscape'>\n\t\t\t\t<a href='https:\/\/franciscanos.org.br\/noticias\/wp-content\/uploads\/2018\/12\/urbi_orbi_251218-24.jpeg'><img width=\"300\" height=\"300\" src=\"https:\/\/franciscanos.org.br\/noticias\/wp-content\/uploads\/2018\/12\/urbi_orbi_251218-24-300x300.jpeg\" class=\"attachment-thumbnail size-thumbnail\" alt=\"\" loading=\"lazy\" srcset=\"https:\/\/franciscanos.org.br\/noticias\/wp-content\/uploads\/2018\/12\/urbi_orbi_251218-24-300x300.jpeg 300w, https:\/\/franciscanos.org.br\/noticias\/wp-content\/uploads\/2018\/12\/urbi_orbi_251218-24-400x400.jpeg 400w\" sizes=\"(max-width: 300px) 100vw, 300px\" \/><\/a>\n\t\t\t<\/dt><\/dl><dl class='gallery-item'>\n\t\t\t<dt class='gallery-icon landscape'>\n\t\t\t\t<a href='https:\/\/franciscanos.org.br\/noticias\/wp-content\/uploads\/2018\/12\/urbi_orbi_251218-25.jpeg'><img width=\"300\" height=\"300\" src=\"https:\/\/franciscanos.org.br\/noticias\/wp-content\/uploads\/2018\/12\/urbi_orbi_251218-25-300x300.jpeg\" class=\"attachment-thumbnail size-thumbnail\" alt=\"\" loading=\"lazy\" srcset=\"https:\/\/franciscanos.org.br\/noticias\/wp-content\/uploads\/2018\/12\/urbi_orbi_251218-25-300x300.jpeg 300w, https:\/\/franciscanos.org.br\/noticias\/wp-content\/uploads\/2018\/12\/urbi_orbi_251218-25-400x400.jpeg 400w\" sizes=\"(max-width: 300px) 100vw, 300px\" \/><\/a>\n\t\t\t<\/dt><\/dl>\n\t\t\t<br style='clear: both' \/>\n\t\t<\/div>\n\n<hr \/>\n<h1 style=\"text-align: center;\"><strong>Missa do Galo: Jesus, alimento de amor e simplicidade<\/strong><\/h1>\n<p><img loading=\"lazy\" class=\"alignnone wp-image-193165 size-full\" src=\"https:\/\/franciscanos.org.br\/noticias\/wp-content\/uploads\/2018\/12\/missa_galo_241218.jpg\" alt=\"\" width=\"890\" height=\"500\" srcset=\"https:\/\/franciscanos.org.br\/noticias\/wp-content\/uploads\/2018\/12\/missa_galo_241218.jpg 890w, https:\/\/franciscanos.org.br\/noticias\/wp-content\/uploads\/2018\/12\/missa_galo_241218-450x253.jpg 450w, https:\/\/franciscanos.org.br\/noticias\/wp-content\/uploads\/2018\/12\/missa_galo_241218-768x431.jpg 768w, https:\/\/franciscanos.org.br\/noticias\/wp-content\/uploads\/2018\/12\/missa_galo_241218-150x84.jpg 150w\" sizes=\"(max-width: 890px) 100vw, 890px\" \/><\/p>\n<p><strong>Cidade do Vaticano &#8211;<\/strong> A tradicional Missa do Galo foi celebrada pelo Papa Francisco na Bas\u00edlica de S\u00e3o Pedro na noite desta segunda-feira (24). A cerim\u00f4nia, um dos momentos lit\u00fargicos mais aguardados do ano, foi retransmitida ao vivo para o mundo todo em 8 idiomas, como em portugu\u00eas para o Brasil, com imagens em alt\u00edssima defini\u00e7\u00e3o (standard 4K) e em elevado padr\u00e3o tecnol\u00f3gico.<\/p>\n<p>A Santa Missa foi precedida pela \u201cKalenda\u201d, tradicional canto grego do an\u00fancio lit\u00fargico do Natal do Senhor. Francisco revelou a imagem do Menino Jesus, quando ent\u00e3o os sinos da Bas\u00edlica tocaram e as luzes foram acesas.<\/p>\n<p><strong>O caminho at\u00e9 Bel\u00e9m, \u201ca casa do p\u00e3o\u201d<\/strong><br \/>\nNa homilia, para descobrir juntos o mist\u00e9rio do Natal, o Papa Francisco convidou a percorrer, com Maria e Jos\u00e9, o caminho at\u00e9 Bel\u00e9m, cujo nome significa \u201ccasa do p\u00e3o\u201d. Nessa \u201ccasa\u201d, diz o Pont\u00edfice, \u201co Senhor marca encontro com a humanidade\u201d para oferecer o alimento que d\u00e1 vida, porque aqueles do mundo \u201cn\u00e3o saciam o cora\u00e7\u00e3o\u201d.<\/p>\n<p><img loading=\"lazy\" class=\"alignnone wp-image-193166 size-full\" src=\"https:\/\/franciscanos.org.br\/noticias\/wp-content\/uploads\/2018\/12\/missa_galo_241218_1.jpg\" alt=\"\" width=\"890\" height=\"400\" srcset=\"https:\/\/franciscanos.org.br\/noticias\/wp-content\/uploads\/2018\/12\/missa_galo_241218_1.jpg 890w, https:\/\/franciscanos.org.br\/noticias\/wp-content\/uploads\/2018\/12\/missa_galo_241218_1-450x202.jpg 450w, https:\/\/franciscanos.org.br\/noticias\/wp-content\/uploads\/2018\/12\/missa_galo_241218_1-768x345.jpg 768w, https:\/\/franciscanos.org.br\/noticias\/wp-content\/uploads\/2018\/12\/missa_galo_241218_1-150x67.jpg 150w\" sizes=\"(max-width: 890px) 100vw, 890px\" \/><\/p>\n<p>O homem tornou-se \u00e1vido e voraz. Para muitos, o sentido da vida parece ser possuir, estar cheio de coisas. Uma gan\u00e2ncia insaci\u00e1vel atravessa a hist\u00f3ria humana, chegando ao paradoxo de hoje em que alguns se banqueteiam lautamente enquanto muitos n\u00e3o t\u00eam p\u00e3o para viver. Bel\u00e9m \u00e9 o ponto de viragem no curso da hist\u00f3ria. L\u00e1 Deus, na casa do p\u00e3o, nasce numa manjedoura; como se quisesse nos dizer: Estou aqui ao vosso dispor, como vosso alimento.<\/p>\n<p>Deus, ent\u00e3o, oferece de comer, diz o Papa, \u201cn\u00e3o d\u00e1 uma coisa, mas Se d\u00e1 a Si mesmo. Em Bel\u00e9m, descobrimos que Deus n\u00e3o \u00e9 algu\u00e9m que agarra a vida, mas Aquele que d\u00e1 a vida\u201d.<\/p>\n<p><strong>Com Jesus, nasce um modelo de vida<\/strong><br \/>\nO Santo Padre apresenta, assim, \u201cum novo modelo de vida\u201d atrav\u00e9s da imagem do corpo pequeno do Menino Jesus e para renascer no amor e romper a espiral da avidez e da gan\u00e2ncia: \u201cn\u00e3o devorar e acumular, mas partilhar e dar\u201d.<\/p>\n<p><img loading=\"lazy\" class=\"alignnone wp-image-193167 size-full\" src=\"https:\/\/franciscanos.org.br\/noticias\/wp-content\/uploads\/2018\/12\/missa_galo_241218_2.jpg\" alt=\"\" width=\"890\" height=\"400\" srcset=\"https:\/\/franciscanos.org.br\/noticias\/wp-content\/uploads\/2018\/12\/missa_galo_241218_2.jpg 890w, https:\/\/franciscanos.org.br\/noticias\/wp-content\/uploads\/2018\/12\/missa_galo_241218_2-450x202.jpg 450w, https:\/\/franciscanos.org.br\/noticias\/wp-content\/uploads\/2018\/12\/missa_galo_241218_2-768x345.jpg 768w, https:\/\/franciscanos.org.br\/noticias\/wp-content\/uploads\/2018\/12\/missa_galo_241218_2-150x67.jpg 150w\" sizes=\"(max-width: 890px) 100vw, 890px\" \/><\/p>\n<p>\u201cDiante da manjedoura, compreendemos que n\u00e3o s\u00e3o os bens que alimentam a vida, mas o amor; n\u00e3o a voracidade, mas a caridade; n\u00e3o a abund\u00e2ncia ostentada, mas a simplicidade que devemos preservar. \u201d<\/p>\n<p>No Natal, acrescenta o Papa, recebemos Jesus, \u201cP\u00e3o do c\u00e9u na terra\u201d, um alimento sem data de validade e que ajuda a mudar o nosso cora\u00e7\u00e3o, j\u00e1 que o centro da vida n\u00e3o \u00e9 mais o \u201ceu, faminto e ego\u00edsta\u201d, mas Jesus, que nasce e vive por amor.<\/p>\n<p>Nesta noite, chamados a ir at\u00e9 Bel\u00e9m, casa do p\u00e3o, nos interroguemos: Qual \u00e9 o alimento de que n\u00e3o posso prescindir na minha vida? \u00c9 o Senhor ou outra coisa qualquer? [&#8230;] Ser\u00e1 verdade que preciso de tantas coisas, de receitas complicadas para viver? Quais s\u00e3o os contornos sup\u00e9rfluos de que consigo prescindir para abra\u00e7ar uma vida mais simples? [&#8230;] No Natal, reparto o meu p\u00e3o com aqueles que est\u00e3o sem ele?<\/p>\n<p><strong>O exemplo dos pastores de Bel\u00e9m<\/strong><br \/>\nDepois de Bel\u00e9m, a casa do p\u00e3o, o Papa Francisco convida a refletir sobre Bel\u00e9m, cidade de David, um pastor e, como tal, escolhido por Deus para guiar o seu povo. Assim como o Filho de David, nasceu e foi acolhido pelos pastores, uma figura que vence medos e ama todos, sem exce\u00e7\u00e3o, disse o Papa.<\/p>\n<p><img loading=\"lazy\" class=\"alignnone wp-image-193168 size-full\" src=\"https:\/\/franciscanos.org.br\/noticias\/wp-content\/uploads\/2018\/12\/missa_galo_241218_3.jpg\" alt=\"\" width=\"890\" height=\"400\" srcset=\"https:\/\/franciscanos.org.br\/noticias\/wp-content\/uploads\/2018\/12\/missa_galo_241218_3.jpg 890w, https:\/\/franciscanos.org.br\/noticias\/wp-content\/uploads\/2018\/12\/missa_galo_241218_3-450x202.jpg 450w, https:\/\/franciscanos.org.br\/noticias\/wp-content\/uploads\/2018\/12\/missa_galo_241218_3-768x345.jpg 768w, https:\/\/franciscanos.org.br\/noticias\/wp-content\/uploads\/2018\/12\/missa_galo_241218_3-150x67.jpg 150w\" sizes=\"(max-width: 890px) 100vw, 890px\" \/><\/p>\n<p>Os pr\u00f3prios pastores de Bel\u00e9m s\u00e3o pessoas simples que \u201cn\u00e3o primavam por garbo, nem devo\u00e7\u00e3o\u201d, al\u00e9m de permanecerem sempre vigilantes: \u201c O mesmo vale para n\u00f3s. A nossa vida pode ser uma expeta\u00e7\u00e3o, em que a pessoa, mesmo nas noites dos problemas, se confia ao Senhor e O deseja; ent\u00e3o receber\u00e1 a sua luz. Ou ent\u00e3o uma pretens\u00e3o, na qual contam apenas as pr\u00f3prias for\u00e7as e meios; mas, neste caso, o cora\u00e7\u00e3o permanece fechado \u00e0 luz de Deus. O Senhor gosta de ser aguardado e n\u00e3o \u00e9 poss\u00edvel aguard\u00e1-Lo no sof\u00e1, dormindo. \u201d<\/p>\n<p>Os pastores t\u00eam essa caracter\u00edstica de n\u00e3o ficarem parados, diz o Papa, mas de ir e arriscar por Deus, \u201ccontar a beleza s\u00e3o gestos de amor\u201d.<\/p>\n<p>\u00abVamos a Bel\u00e9m\u2026\u00bb (Lc 2, 15): assim disseram e fizeram os pastores. Tamb\u00e9m n\u00f3s, Senhor, queremos vir a Bel\u00e9m. O caminho, ainda hoje, \u00e9 dif\u00edcil: \u00e9 preciso superar os cumes do ego\u00edsmo, evitar escorregar nos precip\u00edcios da mundanidade e do consumismo. Quero chegar a Bel\u00e9m, Senhor, porque \u00e9 l\u00e1 que me esperas. E me dar conta de que Tu, colocado numa manjedoura, \u00e9s o p\u00e3o da minha vida. Preciso da terna fragr\u00e2ncia do teu amor, a fim de me tornar, por minha vez, p\u00e3o repartido para o mundo. Toma-me sobre os teus ombros, bom Pastor: amado por Ti, conseguirei tamb\u00e9m eu, amar, tomando pela m\u00e3o os irm\u00e3os.<\/p>\n<p>No final da celebra\u00e7\u00e3o, o Santo Padre levou a imagem do Menino Jesus em prociss\u00e3o at\u00e9 o pres\u00e9pio.<\/p>\n<hr \/>\n<p style=\"text-align: center;\"><strong>VEJA MAIS IMAGENS<\/strong><\/p>\n\n\t\t<style type=\"text\/css\">\n\t\t\t#gallery-2 {\n\t\t\t\tmargin: auto;\n\t\t\t}\n\t\t\t#gallery-2 .gallery-item {\n\t\t\t\tfloat: left;\n\t\t\t\tmargin-top: 10px;\n\t\t\t\ttext-align: center;\n\t\t\t\twidth: 25%;\n\t\t\t}\n\t\t\t#gallery-2 img {\n\t\t\t\tborder: 2px solid #cfcfcf;\n\t\t\t}\n\t\t\t#gallery-2 .gallery-caption {\n\t\t\t\tmargin-left: 0;\n\t\t\t}\n\t\t\t\/* see gallery_shortcode() in wp-includes\/media.php *\/\n\t\t<\/style>\n\t\t<div id='gallery-2' class='gallery galleryid-193164 gallery-columns-4 gallery-size-thumbnail'><dl class='gallery-item'>\n\t\t\t<dt class='gallery-icon landscape'>\n\t\t\t\t<a href='https:\/\/franciscanos.org.br\/noticias\/wp-content\/uploads\/2018\/12\/missa_galo_241218-1.jpeg'><img width=\"300\" height=\"300\" src=\"https:\/\/franciscanos.org.br\/noticias\/wp-content\/uploads\/2018\/12\/missa_galo_241218-1-300x300.jpeg\" class=\"attachment-thumbnail size-thumbnail\" alt=\"\" loading=\"lazy\" srcset=\"https:\/\/franciscanos.org.br\/noticias\/wp-content\/uploads\/2018\/12\/missa_galo_241218-1-300x300.jpeg 300w, https:\/\/franciscanos.org.br\/noticias\/wp-content\/uploads\/2018\/12\/missa_galo_241218-1-400x400.jpeg 400w\" sizes=\"(max-width: 300px) 100vw, 300px\" \/><\/a>\n\t\t\t<\/dt><\/dl><dl class='gallery-item'>\n\t\t\t<dt class='gallery-icon landscape'>\n\t\t\t\t<a href='https:\/\/franciscanos.org.br\/noticias\/wp-content\/uploads\/2018\/12\/missa_galo_241218-1.jpg'><img width=\"300\" height=\"300\" src=\"https:\/\/franciscanos.org.br\/noticias\/wp-content\/uploads\/2018\/12\/missa_galo_241218-1-300x300.jpg\" class=\"attachment-thumbnail size-thumbnail\" alt=\"\" loading=\"lazy\" srcset=\"https:\/\/franciscanos.org.br\/noticias\/wp-content\/uploads\/2018\/12\/missa_galo_241218-1-300x300.jpg 300w, https:\/\/franciscanos.org.br\/noticias\/wp-content\/uploads\/2018\/12\/missa_galo_241218-1-400x400.jpg 400w\" sizes=\"(max-width: 300px) 100vw, 300px\" \/><\/a>\n\t\t\t<\/dt><\/dl><dl class='gallery-item'>\n\t\t\t<dt class='gallery-icon landscape'>\n\t\t\t\t<a href='https:\/\/franciscanos.org.br\/noticias\/wp-content\/uploads\/2018\/12\/missa_galo_241218-2.jpeg'><img width=\"300\" height=\"300\" src=\"https:\/\/franciscanos.org.br\/noticias\/wp-content\/uploads\/2018\/12\/missa_galo_241218-2-300x300.jpeg\" class=\"attachment-thumbnail size-thumbnail\" alt=\"\" loading=\"lazy\" srcset=\"https:\/\/franciscanos.org.br\/noticias\/wp-content\/uploads\/2018\/12\/missa_galo_241218-2-300x300.jpeg 300w, https:\/\/franciscanos.org.br\/noticias\/wp-content\/uploads\/2018\/12\/missa_galo_241218-2-400x400.jpeg 400w\" sizes=\"(max-width: 300px) 100vw, 300px\" \/><\/a>\n\t\t\t<\/dt><\/dl><dl class='gallery-item'>\n\t\t\t<dt class='gallery-icon landscape'>\n\t\t\t\t<a href='https:\/\/franciscanos.org.br\/noticias\/wp-content\/uploads\/2018\/12\/missa_galo_241218-3.jpeg'><img width=\"300\" height=\"300\" src=\"https:\/\/franciscanos.org.br\/noticias\/wp-content\/uploads\/2018\/12\/missa_galo_241218-3-300x300.jpeg\" class=\"attachment-thumbnail size-thumbnail\" alt=\"\" loading=\"lazy\" srcset=\"https:\/\/franciscanos.org.br\/noticias\/wp-content\/uploads\/2018\/12\/missa_galo_241218-3-300x300.jpeg 300w, https:\/\/franciscanos.org.br\/noticias\/wp-content\/uploads\/2018\/12\/missa_galo_241218-3-400x400.jpeg 400w\" sizes=\"(max-width: 300px) 100vw, 300px\" \/><\/a>\n\t\t\t<\/dt><\/dl><br style=\"clear: both\" \/><dl class='gallery-item'>\n\t\t\t<dt class='gallery-icon landscape'>\n\t\t\t\t<a href='https:\/\/franciscanos.org.br\/noticias\/wp-content\/uploads\/2018\/12\/missa_galo_241218-4.jpeg'><img width=\"300\" height=\"300\" src=\"https:\/\/franciscanos.org.br\/noticias\/wp-content\/uploads\/2018\/12\/missa_galo_241218-4-300x300.jpeg\" class=\"attachment-thumbnail size-thumbnail\" alt=\"\" loading=\"lazy\" srcset=\"https:\/\/franciscanos.org.br\/noticias\/wp-content\/uploads\/2018\/12\/missa_galo_241218-4-300x300.jpeg 300w, https:\/\/franciscanos.org.br\/noticias\/wp-content\/uploads\/2018\/12\/missa_galo_241218-4-400x400.jpeg 400w\" sizes=\"(max-width: 300px) 100vw, 300px\" \/><\/a>\n\t\t\t<\/dt><\/dl><dl class='gallery-item'>\n\t\t\t<dt class='gallery-icon landscape'>\n\t\t\t\t<a href='https:\/\/franciscanos.org.br\/noticias\/wp-content\/uploads\/2018\/12\/missa_galo_241218-5.jpeg'><img width=\"300\" height=\"300\" src=\"https:\/\/franciscanos.org.br\/noticias\/wp-content\/uploads\/2018\/12\/missa_galo_241218-5-300x300.jpeg\" class=\"attachment-thumbnail size-thumbnail\" alt=\"\" loading=\"lazy\" srcset=\"https:\/\/franciscanos.org.br\/noticias\/wp-content\/uploads\/2018\/12\/missa_galo_241218-5-300x300.jpeg 300w, https:\/\/franciscanos.org.br\/noticias\/wp-content\/uploads\/2018\/12\/missa_galo_241218-5-400x400.jpeg 400w\" sizes=\"(max-width: 300px) 100vw, 300px\" \/><\/a>\n\t\t\t<\/dt><\/dl><dl class='gallery-item'>\n\t\t\t<dt class='gallery-icon landscape'>\n\t\t\t\t<a href='https:\/\/franciscanos.org.br\/noticias\/wp-content\/uploads\/2018\/12\/missa_galo_241218-6.jpeg'><img width=\"300\" height=\"300\" src=\"https:\/\/franciscanos.org.br\/noticias\/wp-content\/uploads\/2018\/12\/missa_galo_241218-6-300x300.jpeg\" class=\"attachment-thumbnail size-thumbnail\" alt=\"\" loading=\"lazy\" srcset=\"https:\/\/franciscanos.org.br\/noticias\/wp-content\/uploads\/2018\/12\/missa_galo_241218-6-300x300.jpeg 300w, https:\/\/franciscanos.org.br\/noticias\/wp-content\/uploads\/2018\/12\/missa_galo_241218-6-400x400.jpeg 400w\" sizes=\"(max-width: 300px) 100vw, 300px\" \/><\/a>\n\t\t\t<\/dt><\/dl><dl class='gallery-item'>\n\t\t\t<dt class='gallery-icon landscape'>\n\t\t\t\t<a href='https:\/\/franciscanos.org.br\/noticias\/wp-content\/uploads\/2018\/12\/missa_galo_241218-7.jpeg'><img width=\"300\" height=\"300\" src=\"https:\/\/franciscanos.org.br\/noticias\/wp-content\/uploads\/2018\/12\/missa_galo_241218-7-300x300.jpeg\" class=\"attachment-thumbnail size-thumbnail\" alt=\"\" loading=\"lazy\" srcset=\"https:\/\/franciscanos.org.br\/noticias\/wp-content\/uploads\/2018\/12\/missa_galo_241218-7-300x300.jpeg 300w, https:\/\/franciscanos.org.br\/noticias\/wp-content\/uploads\/2018\/12\/missa_galo_241218-7-400x400.jpeg 400w\" sizes=\"(max-width: 300px) 100vw, 300px\" \/><\/a>\n\t\t\t<\/dt><\/dl><br style=\"clear: both\" \/><dl class='gallery-item'>\n\t\t\t<dt class='gallery-icon landscape'>\n\t\t\t\t<a href='https:\/\/franciscanos.org.br\/noticias\/wp-content\/uploads\/2018\/12\/missa_galo_241218-8.jpeg'><img width=\"300\" height=\"300\" src=\"https:\/\/franciscanos.org.br\/noticias\/wp-content\/uploads\/2018\/12\/missa_galo_241218-8-300x300.jpeg\" class=\"attachment-thumbnail size-thumbnail\" alt=\"\" loading=\"lazy\" srcset=\"https:\/\/franciscanos.org.br\/noticias\/wp-content\/uploads\/2018\/12\/missa_galo_241218-8-300x300.jpeg 300w, https:\/\/franciscanos.org.br\/noticias\/wp-content\/uploads\/2018\/12\/missa_galo_241218-8-400x400.jpeg 400w\" sizes=\"(max-width: 300px) 100vw, 300px\" \/><\/a>\n\t\t\t<\/dt><\/dl><dl class='gallery-item'>\n\t\t\t<dt class='gallery-icon landscape'>\n\t\t\t\t<a href='https:\/\/franciscanos.org.br\/noticias\/wp-content\/uploads\/2018\/12\/missa_galo_241218-9.jpeg'><img width=\"300\" height=\"300\" src=\"https:\/\/franciscanos.org.br\/noticias\/wp-content\/uploads\/2018\/12\/missa_galo_241218-9-300x300.jpeg\" class=\"attachment-thumbnail size-thumbnail\" alt=\"\" loading=\"lazy\" srcset=\"https:\/\/franciscanos.org.br\/noticias\/wp-content\/uploads\/2018\/12\/missa_galo_241218-9-300x300.jpeg 300w, https:\/\/franciscanos.org.br\/noticias\/wp-content\/uploads\/2018\/12\/missa_galo_241218-9-400x400.jpeg 400w\" sizes=\"(max-width: 300px) 100vw, 300px\" \/><\/a>\n\t\t\t<\/dt><\/dl><dl class='gallery-item'>\n\t\t\t<dt class='gallery-icon landscape'>\n\t\t\t\t<a href='https:\/\/franciscanos.org.br\/noticias\/wp-content\/uploads\/2018\/12\/missa_galo_241218-10.jpeg'><img width=\"300\" height=\"300\" src=\"https:\/\/franciscanos.org.br\/noticias\/wp-content\/uploads\/2018\/12\/missa_galo_241218-10-300x300.jpeg\" class=\"attachment-thumbnail size-thumbnail\" alt=\"\" loading=\"lazy\" srcset=\"https:\/\/franciscanos.org.br\/noticias\/wp-content\/uploads\/2018\/12\/missa_galo_241218-10-300x300.jpeg 300w, https:\/\/franciscanos.org.br\/noticias\/wp-content\/uploads\/2018\/12\/missa_galo_241218-10-400x400.jpeg 400w\" sizes=\"(max-width: 300px) 100vw, 300px\" \/><\/a>\n\t\t\t<\/dt><\/dl><dl class='gallery-item'>\n\t\t\t<dt class='gallery-icon landscape'>\n\t\t\t\t<a href='https:\/\/franciscanos.org.br\/noticias\/wp-content\/uploads\/2018\/12\/missa_galo_241218-11.jpeg'><img width=\"300\" height=\"300\" src=\"https:\/\/franciscanos.org.br\/noticias\/wp-content\/uploads\/2018\/12\/missa_galo_241218-11-300x300.jpeg\" class=\"attachment-thumbnail size-thumbnail\" alt=\"\" loading=\"lazy\" srcset=\"https:\/\/franciscanos.org.br\/noticias\/wp-content\/uploads\/2018\/12\/missa_galo_241218-11-300x300.jpeg 300w, https:\/\/franciscanos.org.br\/noticias\/wp-content\/uploads\/2018\/12\/missa_galo_241218-11-400x400.jpeg 400w\" sizes=\"(max-width: 300px) 100vw, 300px\" \/><\/a>\n\t\t\t<\/dt><\/dl><br style=\"clear: both\" \/><dl class='gallery-item'>\n\t\t\t<dt class='gallery-icon landscape'>\n\t\t\t\t<a href='https:\/\/franciscanos.org.br\/noticias\/wp-content\/uploads\/2018\/12\/missa_galo_241218-12.jpeg'><img width=\"300\" height=\"300\" src=\"https:\/\/franciscanos.org.br\/noticias\/wp-content\/uploads\/2018\/12\/missa_galo_241218-12-300x300.jpeg\" class=\"attachment-thumbnail size-thumbnail\" alt=\"\" loading=\"lazy\" srcset=\"https:\/\/franciscanos.org.br\/noticias\/wp-content\/uploads\/2018\/12\/missa_galo_241218-12-300x300.jpeg 300w, https:\/\/franciscanos.org.br\/noticias\/wp-content\/uploads\/2018\/12\/missa_galo_241218-12-400x400.jpeg 400w\" sizes=\"(max-width: 300px) 100vw, 300px\" \/><\/a>\n\t\t\t<\/dt><\/dl><dl class='gallery-item'>\n\t\t\t<dt class='gallery-icon landscape'>\n\t\t\t\t<a href='https:\/\/franciscanos.org.br\/noticias\/wp-content\/uploads\/2018\/12\/missa_galo_241218-13.jpeg'><img width=\"300\" height=\"300\" src=\"https:\/\/franciscanos.org.br\/noticias\/wp-content\/uploads\/2018\/12\/missa_galo_241218-13-300x300.jpeg\" class=\"attachment-thumbnail size-thumbnail\" alt=\"\" loading=\"lazy\" srcset=\"https:\/\/franciscanos.org.br\/noticias\/wp-content\/uploads\/2018\/12\/missa_galo_241218-13-300x300.jpeg 300w, https:\/\/franciscanos.org.br\/noticias\/wp-content\/uploads\/2018\/12\/missa_galo_241218-13-400x400.jpeg 400w\" sizes=\"(max-width: 300px) 100vw, 300px\" \/><\/a>\n\t\t\t<\/dt><\/dl><dl class='gallery-item'>\n\t\t\t<dt class='gallery-icon landscape'>\n\t\t\t\t<a href='https:\/\/franciscanos.org.br\/noticias\/wp-content\/uploads\/2018\/12\/missa_galo_241218-14.jpeg'><img width=\"300\" height=\"300\" src=\"https:\/\/franciscanos.org.br\/noticias\/wp-content\/uploads\/2018\/12\/missa_galo_241218-14-300x300.jpeg\" class=\"attachment-thumbnail size-thumbnail\" alt=\"\" loading=\"lazy\" srcset=\"https:\/\/franciscanos.org.br\/noticias\/wp-content\/uploads\/2018\/12\/missa_galo_241218-14-300x300.jpeg 300w, https:\/\/franciscanos.org.br\/noticias\/wp-content\/uploads\/2018\/12\/missa_galo_241218-14-400x400.jpeg 400w\" sizes=\"(max-width: 300px) 100vw, 300px\" \/><\/a>\n\t\t\t<\/dt><\/dl><dl class='gallery-item'>\n\t\t\t<dt class='gallery-icon landscape'>\n\t\t\t\t<a href='https:\/\/franciscanos.org.br\/noticias\/wp-content\/uploads\/2018\/12\/missa_galo_241218-15.jpeg'><img width=\"300\" height=\"300\" src=\"https:\/\/franciscanos.org.br\/noticias\/wp-content\/uploads\/2018\/12\/missa_galo_241218-15-300x300.jpeg\" class=\"attachment-thumbnail size-thumbnail\" alt=\"\" loading=\"lazy\" srcset=\"https:\/\/franciscanos.org.br\/noticias\/wp-content\/uploads\/2018\/12\/missa_galo_241218-15-300x300.jpeg 300w, https:\/\/franciscanos.org.br\/noticias\/wp-content\/uploads\/2018\/12\/missa_galo_241218-15-400x400.jpeg 400w\" sizes=\"(max-width: 300px) 100vw, 300px\" \/><\/a>\n\t\t\t<\/dt><\/dl><br style=\"clear: both\" \/><dl class='gallery-item'>\n\t\t\t<dt class='gallery-icon landscape'>\n\t\t\t\t<a href='https:\/\/franciscanos.org.br\/noticias\/wp-content\/uploads\/2018\/12\/missa_galo_241218-16.jpeg'><img width=\"300\" height=\"300\" src=\"https:\/\/franciscanos.org.br\/noticias\/wp-content\/uploads\/2018\/12\/missa_galo_241218-16-300x300.jpeg\" class=\"attachment-thumbnail size-thumbnail\" alt=\"\" loading=\"lazy\" srcset=\"https:\/\/franciscanos.org.br\/noticias\/wp-content\/uploads\/2018\/12\/missa_galo_241218-16-300x300.jpeg 300w, https:\/\/franciscanos.org.br\/noticias\/wp-content\/uploads\/2018\/12\/missa_galo_241218-16-400x400.jpeg 400w\" sizes=\"(max-width: 300px) 100vw, 300px\" \/><\/a>\n\t\t\t<\/dt><\/dl><dl class='gallery-item'>\n\t\t\t<dt class='gallery-icon landscape'>\n\t\t\t\t<a href='https:\/\/franciscanos.org.br\/noticias\/wp-content\/uploads\/2018\/12\/missa_galo_241218-17.jpeg'><img width=\"300\" height=\"300\" src=\"https:\/\/franciscanos.org.br\/noticias\/wp-content\/uploads\/2018\/12\/missa_galo_241218-17-300x300.jpeg\" class=\"attachment-thumbnail size-thumbnail\" alt=\"\" loading=\"lazy\" srcset=\"https:\/\/franciscanos.org.br\/noticias\/wp-content\/uploads\/2018\/12\/missa_galo_241218-17-300x300.jpeg 300w, https:\/\/franciscanos.org.br\/noticias\/wp-content\/uploads\/2018\/12\/missa_galo_241218-17-400x400.jpeg 400w\" sizes=\"(max-width: 300px) 100vw, 300px\" \/><\/a>\n\t\t\t<\/dt><\/dl><dl class='gallery-item'>\n\t\t\t<dt class='gallery-icon landscape'>\n\t\t\t\t<a href='https:\/\/franciscanos.org.br\/noticias\/wp-content\/uploads\/2018\/12\/missa_galo_241218-18.jpeg'><img width=\"300\" height=\"300\" src=\"https:\/\/franciscanos.org.br\/noticias\/wp-content\/uploads\/2018\/12\/missa_galo_241218-18-300x300.jpeg\" class=\"attachment-thumbnail size-thumbnail\" alt=\"\" loading=\"lazy\" srcset=\"https:\/\/franciscanos.org.br\/noticias\/wp-content\/uploads\/2018\/12\/missa_galo_241218-18-300x300.jpeg 300w, https:\/\/franciscanos.org.br\/noticias\/wp-content\/uploads\/2018\/12\/missa_galo_241218-18-400x400.jpeg 400w\" sizes=\"(max-width: 300px) 100vw, 300px\" \/><\/a>\n\t\t\t<\/dt><\/dl><dl class='gallery-item'>\n\t\t\t<dt class='gallery-icon landscape'>\n\t\t\t\t<a href='https:\/\/franciscanos.org.br\/noticias\/wp-content\/uploads\/2018\/12\/missa_galo_241218-19.jpeg'><img width=\"300\" height=\"300\" src=\"https:\/\/franciscanos.org.br\/noticias\/wp-content\/uploads\/2018\/12\/missa_galo_241218-19-300x300.jpeg\" class=\"attachment-thumbnail size-thumbnail\" alt=\"\" loading=\"lazy\" srcset=\"https:\/\/franciscanos.org.br\/noticias\/wp-content\/uploads\/2018\/12\/missa_galo_241218-19-300x300.jpeg 300w, https:\/\/franciscanos.org.br\/noticias\/wp-content\/uploads\/2018\/12\/missa_galo_241218-19-400x400.jpeg 400w\" sizes=\"(max-width: 300px) 100vw, 300px\" \/><\/a>\n\t\t\t<\/dt><\/dl><br style=\"clear: both\" \/><dl class='gallery-item'>\n\t\t\t<dt class='gallery-icon landscape'>\n\t\t\t\t<a href='https:\/\/franciscanos.org.br\/noticias\/wp-content\/uploads\/2018\/12\/missa_galo_241218-20.jpeg'><img width=\"300\" height=\"300\" src=\"https:\/\/franciscanos.org.br\/noticias\/wp-content\/uploads\/2018\/12\/missa_galo_241218-20-300x300.jpeg\" class=\"attachment-thumbnail size-thumbnail\" alt=\"\" loading=\"lazy\" srcset=\"https:\/\/franciscanos.org.br\/noticias\/wp-content\/uploads\/2018\/12\/missa_galo_241218-20-300x300.jpeg 300w, https:\/\/franciscanos.org.br\/noticias\/wp-content\/uploads\/2018\/12\/missa_galo_241218-20-400x400.jpeg 400w\" sizes=\"(max-width: 300px) 100vw, 300px\" \/><\/a>\n\t\t\t<\/dt><\/dl><dl class='gallery-item'>\n\t\t\t<dt class='gallery-icon landscape'>\n\t\t\t\t<a href='https:\/\/franciscanos.org.br\/noticias\/wp-content\/uploads\/2018\/12\/missa_galo_241218-21.jpeg'><img width=\"300\" height=\"300\" src=\"https:\/\/franciscanos.org.br\/noticias\/wp-content\/uploads\/2018\/12\/missa_galo_241218-21-300x300.jpeg\" class=\"attachment-thumbnail size-thumbnail\" alt=\"\" loading=\"lazy\" srcset=\"https:\/\/franciscanos.org.br\/noticias\/wp-content\/uploads\/2018\/12\/missa_galo_241218-21-300x300.jpeg 300w, https:\/\/franciscanos.org.br\/noticias\/wp-content\/uploads\/2018\/12\/missa_galo_241218-21-400x400.jpeg 400w\" sizes=\"(max-width: 300px) 100vw, 300px\" \/><\/a>\n\t\t\t<\/dt><\/dl><dl class='gallery-item'>\n\t\t\t<dt class='gallery-icon landscape'>\n\t\t\t\t<a href='https:\/\/franciscanos.org.br\/noticias\/wp-content\/uploads\/2018\/12\/missa_galo_241218-22.jpeg'><img width=\"300\" height=\"300\" src=\"https:\/\/franciscanos.org.br\/noticias\/wp-content\/uploads\/2018\/12\/missa_galo_241218-22-300x300.jpeg\" class=\"attachment-thumbnail size-thumbnail\" alt=\"\" loading=\"lazy\" srcset=\"https:\/\/franciscanos.org.br\/noticias\/wp-content\/uploads\/2018\/12\/missa_galo_241218-22-300x300.jpeg 300w, https:\/\/franciscanos.org.br\/noticias\/wp-content\/uploads\/2018\/12\/missa_galo_241218-22-400x400.jpeg 400w\" sizes=\"(max-width: 300px) 100vw, 300px\" \/><\/a>\n\t\t\t<\/dt><\/dl><dl class='gallery-item'>\n\t\t\t<dt class='gallery-icon landscape'>\n\t\t\t\t<a href='https:\/\/franciscanos.org.br\/noticias\/wp-content\/uploads\/2018\/12\/missa_galo_241218-23.jpeg'><img width=\"300\" height=\"300\" src=\"https:\/\/franciscanos.org.br\/noticias\/wp-content\/uploads\/2018\/12\/missa_galo_241218-23-300x300.jpeg\" class=\"attachment-thumbnail size-thumbnail\" alt=\"\" loading=\"lazy\" srcset=\"https:\/\/franciscanos.org.br\/noticias\/wp-content\/uploads\/2018\/12\/missa_galo_241218-23-300x300.jpeg 300w, https:\/\/franciscanos.org.br\/noticias\/wp-content\/uploads\/2018\/12\/missa_galo_241218-23-400x400.jpeg 400w\" sizes=\"(max-width: 300px) 100vw, 300px\" \/><\/a>\n\t\t\t<\/dt><\/dl><br style=\"clear: both\" \/><dl class='gallery-item'>\n\t\t\t<dt class='gallery-icon landscape'>\n\t\t\t\t<a href='https:\/\/franciscanos.org.br\/noticias\/wp-content\/uploads\/2018\/12\/missa_galo_241218-24.jpeg'><img width=\"300\" height=\"300\" src=\"https:\/\/franciscanos.org.br\/noticias\/wp-content\/uploads\/2018\/12\/missa_galo_241218-24-300x300.jpeg\" class=\"attachment-thumbnail size-thumbnail\" alt=\"\" loading=\"lazy\" srcset=\"https:\/\/franciscanos.org.br\/noticias\/wp-content\/uploads\/2018\/12\/missa_galo_241218-24-300x300.jpeg 300w, https:\/\/franciscanos.org.br\/noticias\/wp-content\/uploads\/2018\/12\/missa_galo_241218-24-400x400.jpeg 400w\" sizes=\"(max-width: 300px) 100vw, 300px\" \/><\/a>\n\t\t\t<\/dt><\/dl><dl class='gallery-item'>\n\t\t\t<dt class='gallery-icon landscape'>\n\t\t\t\t<a href='https:\/\/franciscanos.org.br\/noticias\/wp-content\/uploads\/2018\/12\/missa_galo_241218-25.jpeg'><img width=\"300\" height=\"300\" src=\"https:\/\/franciscanos.org.br\/noticias\/wp-content\/uploads\/2018\/12\/missa_galo_241218-25-300x300.jpeg\" class=\"attachment-thumbnail size-thumbnail\" alt=\"\" loading=\"lazy\" srcset=\"https:\/\/franciscanos.org.br\/noticias\/wp-content\/uploads\/2018\/12\/missa_galo_241218-25-300x300.jpeg 300w, https:\/\/franciscanos.org.br\/noticias\/wp-content\/uploads\/2018\/12\/missa_galo_241218-25-400x400.jpeg 400w\" sizes=\"(max-width: 300px) 100vw, 300px\" \/><\/a>\n\t\t\t<\/dt><\/dl><dl class='gallery-item'>\n\t\t\t<dt class='gallery-icon landscape'>\n\t\t\t\t<a href='https:\/\/franciscanos.org.br\/noticias\/wp-content\/uploads\/2018\/12\/missa_galo_241218-26.jpeg'><img width=\"300\" height=\"300\" src=\"https:\/\/franciscanos.org.br\/noticias\/wp-content\/uploads\/2018\/12\/missa_galo_241218-26-300x300.jpeg\" class=\"attachment-thumbnail size-thumbnail\" alt=\"\" loading=\"lazy\" srcset=\"https:\/\/franciscanos.org.br\/noticias\/wp-content\/uploads\/2018\/12\/missa_galo_241218-26-300x300.jpeg 300w, https:\/\/franciscanos.org.br\/noticias\/wp-content\/uploads\/2018\/12\/missa_galo_241218-26-400x400.jpeg 400w\" sizes=\"(max-width: 300px) 100vw, 300px\" \/><\/a>\n\t\t\t<\/dt><\/dl><dl class='gallery-item'>\n\t\t\t<dt class='gallery-icon landscape'>\n\t\t\t\t<a href='https:\/\/franciscanos.org.br\/noticias\/wp-content\/uploads\/2018\/12\/missa_galo_241218-27.jpeg'><img width=\"300\" height=\"300\" src=\"https:\/\/franciscanos.org.br\/noticias\/wp-content\/uploads\/2018\/12\/missa_galo_241218-27-300x300.jpeg\" class=\"attachment-thumbnail size-thumbnail\" alt=\"\" loading=\"lazy\" srcset=\"https:\/\/franciscanos.org.br\/noticias\/wp-content\/uploads\/2018\/12\/missa_galo_241218-27-300x300.jpeg 300w, https:\/\/franciscanos.org.br\/noticias\/wp-content\/uploads\/2018\/12\/missa_galo_241218-27-400x400.jpeg 400w\" sizes=\"(max-width: 300px) 100vw, 300px\" \/><\/a>\n\t\t\t<\/dt><\/dl><br style=\"clear: both\" \/><dl class='gallery-item'>\n\t\t\t<dt class='gallery-icon landscape'>\n\t\t\t\t<a href='https:\/\/franciscanos.org.br\/noticias\/wp-content\/uploads\/2018\/12\/missa_galo_241218-28.jpeg'><img width=\"300\" height=\"300\" src=\"https:\/\/franciscanos.org.br\/noticias\/wp-content\/uploads\/2018\/12\/missa_galo_241218-28-300x300.jpeg\" class=\"attachment-thumbnail size-thumbnail\" alt=\"\" loading=\"lazy\" srcset=\"https:\/\/franciscanos.org.br\/noticias\/wp-content\/uploads\/2018\/12\/missa_galo_241218-28-300x300.jpeg 300w, https:\/\/franciscanos.org.br\/noticias\/wp-content\/uploads\/2018\/12\/missa_galo_241218-28-400x400.jpeg 400w\" sizes=\"(max-width: 300px) 100vw, 300px\" \/><\/a>\n\t\t\t<\/dt><\/dl><dl class='gallery-item'>\n\t\t\t<dt class='gallery-icon landscape'>\n\t\t\t\t<a href='https:\/\/franciscanos.org.br\/noticias\/wp-content\/uploads\/2018\/12\/missa_galo_241218-29.jpeg'><img width=\"300\" height=\"300\" src=\"https:\/\/franciscanos.org.br\/noticias\/wp-content\/uploads\/2018\/12\/missa_galo_241218-29-300x300.jpeg\" class=\"attachment-thumbnail size-thumbnail\" alt=\"\" loading=\"lazy\" srcset=\"https:\/\/franciscanos.org.br\/noticias\/wp-content\/uploads\/2018\/12\/missa_galo_241218-29-300x300.jpeg 300w, https:\/\/franciscanos.org.br\/noticias\/wp-content\/uploads\/2018\/12\/missa_galo_241218-29-400x400.jpeg 400w\" sizes=\"(max-width: 300px) 100vw, 300px\" \/><\/a>\n\t\t\t<\/dt><\/dl><dl class='gallery-item'>\n\t\t\t<dt class='gallery-icon landscape'>\n\t\t\t\t<a href='https:\/\/franciscanos.org.br\/noticias\/wp-content\/uploads\/2018\/12\/missa_galo_241218-30.jpeg'><img width=\"300\" height=\"300\" src=\"https:\/\/franciscanos.org.br\/noticias\/wp-content\/uploads\/2018\/12\/missa_galo_241218-30-300x300.jpeg\" class=\"attachment-thumbnail size-thumbnail\" alt=\"\" loading=\"lazy\" srcset=\"https:\/\/franciscanos.org.br\/noticias\/wp-content\/uploads\/2018\/12\/missa_galo_241218-30-300x300.jpeg 300w, https:\/\/franciscanos.org.br\/noticias\/wp-content\/uploads\/2018\/12\/missa_galo_241218-30-400x400.jpeg 400w\" sizes=\"(max-width: 300px) 100vw, 300px\" \/><\/a>\n\t\t\t<\/dt><\/dl><dl class='gallery-item'>\n\t\t\t<dt class='gallery-icon landscape'>\n\t\t\t\t<a href='https:\/\/franciscanos.org.br\/noticias\/wp-content\/uploads\/2018\/12\/missa_galo_241218-31.jpeg'><img width=\"300\" height=\"300\" src=\"https:\/\/franciscanos.org.br\/noticias\/wp-content\/uploads\/2018\/12\/missa_galo_241218-31-300x300.jpeg\" class=\"attachment-thumbnail size-thumbnail\" alt=\"\" loading=\"lazy\" srcset=\"https:\/\/franciscanos.org.br\/noticias\/wp-content\/uploads\/2018\/12\/missa_galo_241218-31-300x300.jpeg 300w, https:\/\/franciscanos.org.br\/noticias\/wp-content\/uploads\/2018\/12\/missa_galo_241218-31-400x400.jpeg 400w\" sizes=\"(max-width: 300px) 100vw, 300px\" \/><\/a>\n\t\t\t<\/dt><\/dl><br style=\"clear: both\" \/><dl class='gallery-item'>\n\t\t\t<dt class='gallery-icon landscape'>\n\t\t\t\t<a href='https:\/\/franciscanos.org.br\/noticias\/wp-content\/uploads\/2018\/12\/missa_galo_241218-32.jpeg'><img width=\"300\" height=\"300\" src=\"https:\/\/franciscanos.org.br\/noticias\/wp-content\/uploads\/2018\/12\/missa_galo_241218-32-300x300.jpeg\" class=\"attachment-thumbnail size-thumbnail\" alt=\"\" loading=\"lazy\" srcset=\"https:\/\/franciscanos.org.br\/noticias\/wp-content\/uploads\/2018\/12\/missa_galo_241218-32-300x300.jpeg 300w, https:\/\/franciscanos.org.br\/noticias\/wp-content\/uploads\/2018\/12\/missa_galo_241218-32-400x400.jpeg 400w\" sizes=\"(max-width: 300px) 100vw, 300px\" \/><\/a>\n\t\t\t<\/dt><\/dl><dl class='gallery-item'>\n\t\t\t<dt class='gallery-icon landscape'>\n\t\t\t\t<a href='https:\/\/franciscanos.org.br\/noticias\/wp-content\/uploads\/2018\/12\/missa_galo_241218-33.jpeg'><img width=\"300\" height=\"300\" src=\"https:\/\/franciscanos.org.br\/noticias\/wp-content\/uploads\/2018\/12\/missa_galo_241218-33-300x300.jpeg\" class=\"attachment-thumbnail size-thumbnail\" alt=\"\" loading=\"lazy\" srcset=\"https:\/\/franciscanos.org.br\/noticias\/wp-content\/uploads\/2018\/12\/missa_galo_241218-33-300x300.jpeg 300w, https:\/\/franciscanos.org.br\/noticias\/wp-content\/uploads\/2018\/12\/missa_galo_241218-33-400x400.jpeg 400w\" sizes=\"(max-width: 300px) 100vw, 300px\" \/><\/a>\n\t\t\t<\/dt><\/dl><dl class='gallery-item'>\n\t\t\t<dt class='gallery-icon landscape'>\n\t\t\t\t<a href='https:\/\/franciscanos.org.br\/noticias\/wp-content\/uploads\/2018\/12\/missa_galo_241218-34.jpeg'><img width=\"300\" height=\"300\" src=\"https:\/\/franciscanos.org.br\/noticias\/wp-content\/uploads\/2018\/12\/missa_galo_241218-34-300x300.jpeg\" class=\"attachment-thumbnail size-thumbnail\" alt=\"\" loading=\"lazy\" srcset=\"https:\/\/franciscanos.org.br\/noticias\/wp-content\/uploads\/2018\/12\/missa_galo_241218-34-300x300.jpeg 300w, https:\/\/franciscanos.org.br\/noticias\/wp-content\/uploads\/2018\/12\/missa_galo_241218-34-400x400.jpeg 400w\" sizes=\"(max-width: 300px) 100vw, 300px\" \/><\/a>\n\t\t\t<\/dt><\/dl><dl class='gallery-item'>\n\t\t\t<dt class='gallery-icon landscape'>\n\t\t\t\t<a href='https:\/\/franciscanos.org.br\/noticias\/wp-content\/uploads\/2018\/12\/missa_galo_241218-35.jpeg'><img width=\"300\" height=\"300\" src=\"https:\/\/franciscanos.org.br\/noticias\/wp-content\/uploads\/2018\/12\/missa_galo_241218-35-300x300.jpeg\" class=\"attachment-thumbnail size-thumbnail\" alt=\"\" loading=\"lazy\" srcset=\"https:\/\/franciscanos.org.br\/noticias\/wp-content\/uploads\/2018\/12\/missa_galo_241218-35-300x300.jpeg 300w, https:\/\/franciscanos.org.br\/noticias\/wp-content\/uploads\/2018\/12\/missa_galo_241218-35-400x400.jpeg 400w\" sizes=\"(max-width: 300px) 100vw, 300px\" \/><\/a>\n\t\t\t<\/dt><\/dl><br style=\"clear: both\" \/>\n\t\t<\/div>\n\n<hr \/>\n<p><strong>Fonte: Vatican News<\/strong><\/p>\n","protected":false},"excerpt":{"rendered":"<p>B\u00ean\u00e7\u00e3o Urbi et Orbi e Missa do Galo<\/p>\n","protected":false},"author":5,"featured_media":0,"comment_status":"open","ping_status":"open","sticky":false,"template":"","format":"standard","meta":[],"categories":[1428],"tags":[78,55],"acf":[],"yoast_head":"<!-- This site is optimized with the Yoast SEO plugin v19.2 - https:\/\/yoast.com\/wordpress\/plugins\/seo\/ -->\n<title>B\u00ean\u00e7\u00e3o &#039;Urbi et Orbi&#039; do Papa Francisco - Not\u00edcias - Franciscanos<\/title>\n<meta name=\"robots\" content=\"index, follow, max-snippet:-1, max-image-preview:large, max-video-preview:-1\" \/>\n<link rel=\"canonical\" href=\"https:\/\/franciscanos.org.br\/noticias\/missa-do-galo-jesus-alimento-de-amor-e-simplicidade.html\" \/>\n<meta property=\"og:locale\" content=\"pt_BR\" \/>\n<meta property=\"og:type\" content=\"article\" \/>\n<meta property=\"og:title\" content=\"B\u00ean\u00e7\u00e3o &#039;Urbi et Orbi&#039; do Papa Francisco - Not\u00edcias - Franciscanos\" \/>\n<meta property=\"og:description\" content=\"B\u00ean\u00e7\u00e3o Urbi et Orbi e Missa do Galo\" \/>\n<meta property=\"og:url\" content=\"https:\/\/franciscanos.org.br\/noticias\/missa-do-galo-jesus-alimento-de-amor-e-simplicidade.html\" \/>\n<meta property=\"og:site_name\" content=\"Not\u00edcias - Franciscanos\" \/>\n<meta property=\"article:published_time\" content=\"2018-12-25T00:36:02+00:00\" \/>\n<meta property=\"article:modified_time\" content=\"2020-06-06T15:48:00+00:00\" \/>\n<meta property=\"og:image\" content=\"https:\/\/franciscanos.org.br\/noticias\/wp-content\/uploads\/2018\/12\/urbi_orbi_251218-1-300x300.jpeg\" \/>\n<meta name=\"author\" content=\"freiaugusto\" \/>\n<meta name=\"twitter:card\" content=\"summary_large_image\" \/>\n<meta name=\"twitter:label1\" content=\"Escrito por\" \/>\n\t<meta name=\"twitter:data1\" content=\"freiaugusto\" \/>\n\t<meta name=\"twitter:label2\" content=\"Est. tempo de leitura\" \/>\n\t<meta name=\"twitter:data2\" content=\"10 minutos\" \/>\n<script type=\"application\/ld+json\" class=\"yoast-schema-graph\">{\"@context\":\"https:\/\/schema.org\",\"@graph\":[{\"@type\":\"WebSite\",\"@id\":\"https:\/\/franciscanos.org.br\/noticias\/#website\",\"url\":\"https:\/\/franciscanos.org.br\/noticias\/\",\"name\":\"Not\u00edcias - Franciscanos\",\"description\":\"Prov\u00edncia Franciscana da Imaculada Concei\u00e7\u00e3o do Brasil - Ordem dos Frades Menores - OFM\",\"potentialAction\":[{\"@type\":\"SearchAction\",\"target\":{\"@type\":\"EntryPoint\",\"urlTemplate\":\"https:\/\/franciscanos.org.br\/noticias\/?s={search_term_string}\"},\"query-input\":\"required name=search_term_string\"}],\"inLanguage\":\"pt-BR\"},{\"@type\":\"ImageObject\",\"inLanguage\":\"pt-BR\",\"@id\":\"https:\/\/franciscanos.org.br\/noticias\/missa-do-galo-jesus-alimento-de-amor-e-simplicidade.html#primaryimage\",\"url\":\"https:\/\/franciscanos.org.br\/noticias\/wp-content\/uploads\/2018\/12\/bencao_urbi_et_orbi_251218.jpg\",\"contentUrl\":\"https:\/\/franciscanos.org.br\/noticias\/wp-content\/uploads\/2018\/12\/bencao_urbi_et_orbi_251218.jpg\"},{\"@type\":\"WebPage\",\"@id\":\"https:\/\/franciscanos.org.br\/noticias\/missa-do-galo-jesus-alimento-de-amor-e-simplicidade.html#webpage\",\"url\":\"https:\/\/franciscanos.org.br\/noticias\/missa-do-galo-jesus-alimento-de-amor-e-simplicidade.html\",\"name\":\"B\u00ean\u00e7\u00e3o 'Urbi et Orbi' do Papa Francisco - Not\u00edcias - Franciscanos\",\"isPartOf\":{\"@id\":\"https:\/\/franciscanos.org.br\/noticias\/#website\"},\"primaryImageOfPage\":{\"@id\":\"https:\/\/franciscanos.org.br\/noticias\/missa-do-galo-jesus-alimento-de-amor-e-simplicidade.html#primaryimage\"},\"datePublished\":\"2018-12-25T00:36:02+00:00\",\"dateModified\":\"2020-06-06T15:48:00+00:00\",\"author\":{\"@id\":\"https:\/\/franciscanos.org.br\/noticias\/#\/schema\/person\/37f88f0d111cd5358b12a6556a99eb91\"},\"breadcrumb\":{\"@id\":\"https:\/\/franciscanos.org.br\/noticias\/missa-do-galo-jesus-alimento-de-amor-e-simplicidade.html#breadcrumb\"},\"inLanguage\":\"pt-BR\",\"potentialAction\":[{\"@type\":\"ReadAction\",\"target\":[\"https:\/\/franciscanos.org.br\/noticias\/missa-do-galo-jesus-alimento-de-amor-e-simplicidade.html\"]}]},{\"@type\":\"BreadcrumbList\",\"@id\":\"https:\/\/franciscanos.org.br\/noticias\/missa-do-galo-jesus-alimento-de-amor-e-simplicidade.html#breadcrumb\",\"itemListElement\":[{\"@type\":\"ListItem\",\"position\":1,\"name\":\"Home\",\"item\":\"https:\/\/franciscanos.org.br\/noticias\"},{\"@type\":\"ListItem\",\"position\":2,\"name\":\"B\u00ean\u00e7\u00e3o &#8216;Urbi et Orbi&#8217; do Papa Francisco\"}]},{\"@type\":\"Person\",\"@id\":\"https:\/\/franciscanos.org.br\/noticias\/#\/schema\/person\/37f88f0d111cd5358b12a6556a99eb91\",\"name\":\"freiaugusto\",\"image\":{\"@type\":\"ImageObject\",\"inLanguage\":\"pt-BR\",\"@id\":\"https:\/\/franciscanos.org.br\/noticias\/#\/schema\/person\/image\/\",\"url\":\"https:\/\/secure.gravatar.com\/avatar\/9840b940e621801b24f3e6b059efb4b7?s=96&d=mm&r=g\",\"contentUrl\":\"https:\/\/secure.gravatar.com\/avatar\/9840b940e621801b24f3e6b059efb4b7?s=96&d=mm&r=g\",\"caption\":\"freiaugusto\"},\"url\":\"https:\/\/franciscanos.org.br\/noticias\/author\/freiaugusto\"}]}<\/script>\n<!-- \/ Yoast SEO plugin. -->","yoast_head_json":{"title":"B\u00ean\u00e7\u00e3o 'Urbi et Orbi' do Papa Francisco - Not\u00edcias - Franciscanos","robots":{"index":"index","follow":"follow","max-snippet":"max-snippet:-1","max-image-preview":"max-image-preview:large","max-video-preview":"max-video-preview:-1"},"canonical":"https:\/\/franciscanos.org.br\/noticias\/missa-do-galo-jesus-alimento-de-amor-e-simplicidade.html","og_locale":"pt_BR","og_type":"article","og_title":"B\u00ean\u00e7\u00e3o 'Urbi et Orbi' do Papa Francisco - Not\u00edcias - Franciscanos","og_description":"B\u00ean\u00e7\u00e3o Urbi et Orbi e Missa do Galo","og_url":"https:\/\/franciscanos.org.br\/noticias\/missa-do-galo-jesus-alimento-de-amor-e-simplicidade.html","og_site_name":"Not\u00edcias - Franciscanos","article_published_time":"2018-12-25T00:36:02+00:00","article_modified_time":"2020-06-06T15:48:00+00:00","og_image":[{"url":"https:\/\/franciscanos.org.br\/noticias\/wp-content\/uploads\/2018\/12\/urbi_orbi_251218-1-300x300.jpeg"}],"author":"freiaugusto","twitter_card":"summary_large_image","twitter_misc":{"Escrito por":"freiaugusto","Est. tempo de leitura":"10 minutos"},"schema":{"@context":"https:\/\/schema.org","@graph":[{"@type":"WebSite","@id":"https:\/\/franciscanos.org.br\/noticias\/#website","url":"https:\/\/franciscanos.org.br\/noticias\/","name":"Not\u00edcias - Franciscanos","description":"Prov\u00edncia Franciscana da Imaculada Concei\u00e7\u00e3o do Brasil - Ordem dos Frades Menores - OFM","potentialAction":[{"@type":"SearchAction","target":{"@type":"EntryPoint","urlTemplate":"https:\/\/franciscanos.org.br\/noticias\/?s={search_term_string}"},"query-input":"required name=search_term_string"}],"inLanguage":"pt-BR"},{"@type":"ImageObject","inLanguage":"pt-BR","@id":"https:\/\/franciscanos.org.br\/noticias\/missa-do-galo-jesus-alimento-de-amor-e-simplicidade.html#primaryimage","url":"https:\/\/franciscanos.org.br\/noticias\/wp-content\/uploads\/2018\/12\/bencao_urbi_et_orbi_251218.jpg","contentUrl":"https:\/\/franciscanos.org.br\/noticias\/wp-content\/uploads\/2018\/12\/bencao_urbi_et_orbi_251218.jpg"},{"@type":"WebPage","@id":"https:\/\/franciscanos.org.br\/noticias\/missa-do-galo-jesus-alimento-de-amor-e-simplicidade.html#webpage","url":"https:\/\/franciscanos.org.br\/noticias\/missa-do-galo-jesus-alimento-de-amor-e-simplicidade.html","name":"B\u00ean\u00e7\u00e3o 'Urbi et Orbi' do Papa Francisco - Not\u00edcias - Franciscanos","isPartOf":{"@id":"https:\/\/franciscanos.org.br\/noticias\/#website"},"primaryImageOfPage":{"@id":"https:\/\/franciscanos.org.br\/noticias\/missa-do-galo-jesus-alimento-de-amor-e-simplicidade.html#primaryimage"},"datePublished":"2018-12-25T00:36:02+00:00","dateModified":"2020-06-06T15:48:00+00:00","author":{"@id":"https:\/\/franciscanos.org.br\/noticias\/#\/schema\/person\/37f88f0d111cd5358b12a6556a99eb91"},"breadcrumb":{"@id":"https:\/\/franciscanos.org.br\/noticias\/missa-do-galo-jesus-alimento-de-amor-e-simplicidade.html#breadcrumb"},"inLanguage":"pt-BR","potentialAction":[{"@type":"ReadAction","target":["https:\/\/franciscanos.org.br\/noticias\/missa-do-galo-jesus-alimento-de-amor-e-simplicidade.html"]}]},{"@type":"BreadcrumbList","@id":"https:\/\/franciscanos.org.br\/noticias\/missa-do-galo-jesus-alimento-de-amor-e-simplicidade.html#breadcrumb","itemListElement":[{"@type":"ListItem","position":1,"name":"Home","item":"https:\/\/franciscanos.org.br\/noticias"},{"@type":"ListItem","position":2,"name":"B\u00ean\u00e7\u00e3o &#8216;Urbi et Orbi&#8217; do Papa Francisco"}]},{"@type":"Person","@id":"https:\/\/franciscanos.org.br\/noticias\/#\/schema\/person\/37f88f0d111cd5358b12a6556a99eb91","name":"freiaugusto","image":{"@type":"ImageObject","inLanguage":"pt-BR","@id":"https:\/\/franciscanos.org.br\/noticias\/#\/schema\/person\/image\/","url":"https:\/\/secure.gravatar.com\/avatar\/9840b940e621801b24f3e6b059efb4b7?s=96&d=mm&r=g","contentUrl":"https:\/\/secure.gravatar.com\/avatar\/9840b940e621801b24f3e6b059efb4b7?s=96&d=mm&r=g","caption":"freiaugusto"},"url":"https:\/\/franciscanos.org.br\/noticias\/author\/freiaugusto"}]}},"_links":{"self":[{"href":"https:\/\/franciscanos.org.br\/noticias\/wp-json\/wp\/v2\/posts\/193164"}],"collection":[{"href":"https:\/\/franciscanos.org.br\/noticias\/wp-json\/wp\/v2\/posts"}],"about":[{"href":"https:\/\/franciscanos.org.br\/noticias\/wp-json\/wp\/v2\/types\/post"}],"author":[{"embeddable":true,"href":"https:\/\/franciscanos.org.br\/noticias\/wp-json\/wp\/v2\/users\/5"}],"replies":[{"embeddable":true,"href":"https:\/\/franciscanos.org.br\/noticias\/wp-json\/wp\/v2\/comments?post=193164"}],"version-history":[{"count":3,"href":"https:\/\/franciscanos.org.br\/noticias\/wp-json\/wp\/v2\/posts\/193164\/revisions"}],"predecessor-version":[{"id":224604,"href":"https:\/\/franciscanos.org.br\/noticias\/wp-json\/wp\/v2\/posts\/193164\/revisions\/224604"}],"wp:attachment":[{"href":"https:\/\/franciscanos.org.br\/noticias\/wp-json\/wp\/v2\/media?parent=193164"}],"wp:term":[{"taxonomy":"category","embeddable":true,"href":"https:\/\/franciscanos.org.br\/noticias\/wp-json\/wp\/v2\/categories?post=193164"},{"taxonomy":"post_tag","embeddable":true,"href":"https:\/\/franciscanos.org.br\/noticias\/wp-json\/wp\/v2\/tags?post=193164"}],"curies":[{"name":"wp","href":"https:\/\/api.w.org\/{rel}","templated":true}]}}