{"id":193107,"date":"2018-12-22T10:03:17","date_gmt":"2018-12-22T12:03:17","guid":{"rendered":"https:\/\/franciscanos.org.br\/noticias\/?p=193107"},"modified":"2019-03-07T11:23:55","modified_gmt":"2019-03-07T14:23:55","slug":"natal-feliz-na-paroquia-da-imaculada-conceicao-de-curitibanos","status":"publish","type":"post","link":"https:\/\/franciscanos.org.br\/noticias\/natal-feliz-na-paroquia-da-imaculada-conceicao-de-curitibanos.html","title":{"rendered":"\u201cNatal Feliz\u201d na Par\u00f3quia Imaculada Concei\u00e7\u00e3o de Curitibanos (SC)"},"content":{"rendered":"<p><img loading=\"lazy\" class=\"alignnone wp-image-193108 size-full\" src=\"https:\/\/franciscanos.org.br\/noticias\/wp-content\/uploads\/2018\/12\/curitibanso_201218.jpg\" alt=\"\" width=\"890\" height=\"400\" srcset=\"https:\/\/franciscanos.org.br\/noticias\/wp-content\/uploads\/2018\/12\/curitibanso_201218.jpg 890w, https:\/\/franciscanos.org.br\/noticias\/wp-content\/uploads\/2018\/12\/curitibanso_201218-450x202.jpg 450w, https:\/\/franciscanos.org.br\/noticias\/wp-content\/uploads\/2018\/12\/curitibanso_201218-768x345.jpg 768w, https:\/\/franciscanos.org.br\/noticias\/wp-content\/uploads\/2018\/12\/curitibanso_201218-150x67.jpg 150w\" sizes=\"(max-width: 890px) 100vw, 890px\" \/><\/p>\n<p><strong>Curitibanos (SC) \u2013<\/strong> Na Par\u00f3quia da Imaculada Concei\u00e7\u00e3o de Curitibanos (SC) as celebra\u00e7\u00f5es natalinas j\u00e1 come\u00e7aram. No \u00faltimo dia 20, depois de muito tempo de trabalho e organiza\u00e7\u00e3o, teve inicio oficialmente o \u201cNatal Feliz\u201d. O evento acontece at\u00e9 este s\u00e1bado, (22\/12).<\/p>\n<p>O objetivo \u00e9 dar uma dose cultural para a comunidade valorizando os artistas e talentos locais, e tamb\u00e9m despertar em cada crist\u00e3o o esp\u00edrito fraterno do Natal no conv\u00edvio com a comunidade. \u00a0A iniciativa e organiza\u00e7\u00e3o \u00e9 de Raquel Ferreira Peretti e do p\u00e1roco Frei Roberto Carlos Nunes.<\/p>\n<p><img loading=\"lazy\" class=\"wp-image-193109 alignright\" src=\"https:\/\/franciscanos.org.br\/noticias\/wp-content\/uploads\/2018\/12\/IMG-20181221-WA0071-e1545479952107-325x450.jpeg\" alt=\"\" width=\"314\" height=\"435\" srcset=\"https:\/\/franciscanos.org.br\/noticias\/wp-content\/uploads\/2018\/12\/IMG-20181221-WA0071-e1545479952107-325x450.jpeg 325w, https:\/\/franciscanos.org.br\/noticias\/wp-content\/uploads\/2018\/12\/IMG-20181221-WA0071-e1545479952107-768x1064.jpeg 768w, https:\/\/franciscanos.org.br\/noticias\/wp-content\/uploads\/2018\/12\/IMG-20181221-WA0071-e1545479952107-739x1024.jpeg 739w, https:\/\/franciscanos.org.br\/noticias\/wp-content\/uploads\/2018\/12\/IMG-20181221-WA0071-e1545479952107-150x208.jpeg 150w, https:\/\/franciscanos.org.br\/noticias\/wp-content\/uploads\/2018\/12\/IMG-20181221-WA0071-e1545479952107.jpeg 800w\" sizes=\"(max-width: 314px) 100vw, 314px\" \/><\/p>\n<p>Por\u00e9m, Institui\u00e7\u00f5es Filantr\u00f3picas, \u00d3rg\u00e3os P\u00fablicos, o com\u00e9rcio do munic\u00edpio e a comunidade paroquial, n\u00e3o mediram esfor\u00e7os para que tudo acontecesse conforme havia sido planejado e com bom \u00eaxito. \u00a0O p\u00e1tio da Igreja foi escolhido para ser a sede do evento por conta da sua import\u00e2ncia tur\u00edstica e por sua beleza.<\/p>\n<p>A noite da abertura do \u201cNatal Feliz na Igreja Matriz\u201d, foi marcada pela expectativa, mas uma forte chuva fez com que a coordena\u00e7\u00e3o transferisse as apresenta\u00e7\u00f5es para o Centro Comunit\u00e1rio Frei Eliseu Tambosi; entretanto houve uma grande participa\u00e7\u00e3o da comunidade curitibanense.<\/p>\n<p>O Prefeito Municipal, Jos\u00e9 Antonio Guidi (Dud\u00e3o), refor\u00e7ou que uma parceria entre prefeitura e a comunidade \u00e9 muito importante. Segundo ele, isto gera algo sempre de bom para o povo de Curitibanos.<\/p>\n<p>As apresenta\u00e7\u00f5es iniciaram com a Banda do Ex\u00e9rcito de Florian\u00f3polis (SC). Eles apresentaram diversas m\u00fasicas de v\u00e1rios g\u00eaneros, inclusive a m\u00fasica ga\u00facha que fez a comunidade dan\u00e7ar e cantar com o cora\u00e7\u00e3o, lembrando-se de suas origens. No final foram ovacionados pela comunidade.<\/p>\n<p>Em seguida, a melhor idade da Academia Stadium, dan\u00e7ou a m\u00fasica: \u201cO que \u00e9 que a baiana tem\u201d de Carmem Miranda. Os alunos da ATG (Associa\u00e7\u00e3o Cultural T\u00e2nia Gaboardi) dan\u00e7aram bal\u00e9 e jazz. E uma volta aos anos 60, animou os participantes encerrando a noite de apresenta\u00e7\u00f5es.<\/p>\n<p>Durante o evento, as crian\u00e7as puderam tirar fotos com o Papai Noel, e, o grupo de jovens franciscanos, (JUCE), encenou a apresenta\u00e7\u00e3o do pres\u00e9pio. A Igreja ganhou toda uma ilumina\u00e7\u00e3o especial, pois \u00e9 a 1\u00aa vez que ocorre um evento assim na Igreja Matriz de Curitibanos.<\/p>\n<p><strong>Frei Camilo Martins e Bruno Almeida de Mello, especial para este site.<\/strong><\/p>\n<p style=\"text-align: center;\"><strong>VEJA MAIS IMAGENS<\/strong><\/p>\n\n\t\t<style type=\"text\/css\">\n\t\t\t#gallery-1 {\n\t\t\t\tmargin: auto;\n\t\t\t}\n\t\t\t#gallery-1 .gallery-item {\n\t\t\t\tfloat: left;\n\t\t\t\tmargin-top: 10px;\n\t\t\t\ttext-align: center;\n\t\t\t\twidth: 25%;\n\t\t\t}\n\t\t\t#gallery-1 img {\n\t\t\t\tborder: 2px solid #cfcfcf;\n\t\t\t}\n\t\t\t#gallery-1 .gallery-caption {\n\t\t\t\tmargin-left: 0;\n\t\t\t}\n\t\t\t\/* see gallery_shortcode() in wp-includes\/media.php *\/\n\t\t<\/style>\n\t\t<div id='gallery-1' class='gallery galleryid-193107 gallery-columns-4 gallery-size-thumbnail'><dl class='gallery-item'>\n\t\t\t<dt class='gallery-icon landscape'>\n\t\t\t\t<a href='https:\/\/franciscanos.org.br\/noticias\/wp-content\/uploads\/2018\/12\/natal_curitibanos_201218-1.jpeg'><img width=\"300\" height=\"300\" src=\"https:\/\/franciscanos.org.br\/noticias\/wp-content\/uploads\/2018\/12\/natal_curitibanos_201218-1-300x300.jpeg\" class=\"attachment-thumbnail size-thumbnail\" alt=\"\" loading=\"lazy\" srcset=\"https:\/\/franciscanos.org.br\/noticias\/wp-content\/uploads\/2018\/12\/natal_curitibanos_201218-1-300x300.jpeg 300w, https:\/\/franciscanos.org.br\/noticias\/wp-content\/uploads\/2018\/12\/natal_curitibanos_201218-1-400x400.jpeg 400w\" sizes=\"(max-width: 300px) 100vw, 300px\" \/><\/a>\n\t\t\t<\/dt><\/dl><dl class='gallery-item'>\n\t\t\t<dt class='gallery-icon landscape'>\n\t\t\t\t<a href='https:\/\/franciscanos.org.br\/noticias\/wp-content\/uploads\/2018\/12\/natal_curitibanos_201218-2.jpeg'><img width=\"300\" height=\"300\" src=\"https:\/\/franciscanos.org.br\/noticias\/wp-content\/uploads\/2018\/12\/natal_curitibanos_201218-2-300x300.jpeg\" class=\"attachment-thumbnail size-thumbnail\" alt=\"\" loading=\"lazy\" srcset=\"https:\/\/franciscanos.org.br\/noticias\/wp-content\/uploads\/2018\/12\/natal_curitibanos_201218-2-300x300.jpeg 300w, https:\/\/franciscanos.org.br\/noticias\/wp-content\/uploads\/2018\/12\/natal_curitibanos_201218-2-400x400.jpeg 400w\" sizes=\"(max-width: 300px) 100vw, 300px\" \/><\/a>\n\t\t\t<\/dt><\/dl><dl class='gallery-item'>\n\t\t\t<dt class='gallery-icon landscape'>\n\t\t\t\t<a href='https:\/\/franciscanos.org.br\/noticias\/wp-content\/uploads\/2018\/12\/natal_curitibanos_201218-3.jpeg'><img width=\"300\" height=\"300\" src=\"https:\/\/franciscanos.org.br\/noticias\/wp-content\/uploads\/2018\/12\/natal_curitibanos_201218-3-300x300.jpeg\" class=\"attachment-thumbnail size-thumbnail\" alt=\"\" loading=\"lazy\" srcset=\"https:\/\/franciscanos.org.br\/noticias\/wp-content\/uploads\/2018\/12\/natal_curitibanos_201218-3-300x300.jpeg 300w, https:\/\/franciscanos.org.br\/noticias\/wp-content\/uploads\/2018\/12\/natal_curitibanos_201218-3-400x400.jpeg 400w\" sizes=\"(max-width: 300px) 100vw, 300px\" \/><\/a>\n\t\t\t<\/dt><\/dl><dl class='gallery-item'>\n\t\t\t<dt class='gallery-icon portrait'>\n\t\t\t\t<a href='https:\/\/franciscanos.org.br\/noticias\/wp-content\/uploads\/2018\/12\/natal_curitibanos_201218-4.jpeg'><img width=\"300\" height=\"300\" src=\"https:\/\/franciscanos.org.br\/noticias\/wp-content\/uploads\/2018\/12\/natal_curitibanos_201218-4-300x300.jpeg\" class=\"attachment-thumbnail size-thumbnail\" alt=\"\" loading=\"lazy\" srcset=\"https:\/\/franciscanos.org.br\/noticias\/wp-content\/uploads\/2018\/12\/natal_curitibanos_201218-4-300x300.jpeg 300w, https:\/\/franciscanos.org.br\/noticias\/wp-content\/uploads\/2018\/12\/natal_curitibanos_201218-4-400x400.jpeg 400w\" sizes=\"(max-width: 300px) 100vw, 300px\" \/><\/a>\n\t\t\t<\/dt><\/dl><br style=\"clear: both\" \/><dl class='gallery-item'>\n\t\t\t<dt class='gallery-icon landscape'>\n\t\t\t\t<a href='https:\/\/franciscanos.org.br\/noticias\/wp-content\/uploads\/2018\/12\/natal_curitibanos_201218-5.jpeg'><img width=\"300\" height=\"300\" src=\"https:\/\/franciscanos.org.br\/noticias\/wp-content\/uploads\/2018\/12\/natal_curitibanos_201218-5-300x300.jpeg\" class=\"attachment-thumbnail size-thumbnail\" alt=\"\" loading=\"lazy\" srcset=\"https:\/\/franciscanos.org.br\/noticias\/wp-content\/uploads\/2018\/12\/natal_curitibanos_201218-5-300x300.jpeg 300w, https:\/\/franciscanos.org.br\/noticias\/wp-content\/uploads\/2018\/12\/natal_curitibanos_201218-5-400x400.jpeg 400w\" sizes=\"(max-width: 300px) 100vw, 300px\" \/><\/a>\n\t\t\t<\/dt><\/dl><dl class='gallery-item'>\n\t\t\t<dt class='gallery-icon landscape'>\n\t\t\t\t<a href='https:\/\/franciscanos.org.br\/noticias\/wp-content\/uploads\/2018\/12\/natal_curitibanos_201218-6.jpeg'><img width=\"300\" height=\"300\" src=\"https:\/\/franciscanos.org.br\/noticias\/wp-content\/uploads\/2018\/12\/natal_curitibanos_201218-6-300x300.jpeg\" class=\"attachment-thumbnail size-thumbnail\" alt=\"\" loading=\"lazy\" srcset=\"https:\/\/franciscanos.org.br\/noticias\/wp-content\/uploads\/2018\/12\/natal_curitibanos_201218-6-300x300.jpeg 300w, https:\/\/franciscanos.org.br\/noticias\/wp-content\/uploads\/2018\/12\/natal_curitibanos_201218-6-400x400.jpeg 400w\" sizes=\"(max-width: 300px) 100vw, 300px\" \/><\/a>\n\t\t\t<\/dt><\/dl><dl class='gallery-item'>\n\t\t\t<dt class='gallery-icon portrait'>\n\t\t\t\t<a href='https:\/\/franciscanos.org.br\/noticias\/wp-content\/uploads\/2018\/12\/natal_curitibanos_201218-7.jpeg'><img width=\"300\" height=\"300\" src=\"https:\/\/franciscanos.org.br\/noticias\/wp-content\/uploads\/2018\/12\/natal_curitibanos_201218-7-300x300.jpeg\" class=\"attachment-thumbnail size-thumbnail\" alt=\"\" loading=\"lazy\" srcset=\"https:\/\/franciscanos.org.br\/noticias\/wp-content\/uploads\/2018\/12\/natal_curitibanos_201218-7-300x300.jpeg 300w, https:\/\/franciscanos.org.br\/noticias\/wp-content\/uploads\/2018\/12\/natal_curitibanos_201218-7-400x400.jpeg 400w\" sizes=\"(max-width: 300px) 100vw, 300px\" \/><\/a>\n\t\t\t<\/dt><\/dl><dl class='gallery-item'>\n\t\t\t<dt class='gallery-icon landscape'>\n\t\t\t\t<a href='https:\/\/franciscanos.org.br\/noticias\/wp-content\/uploads\/2018\/12\/natal_curitibanos_201218-8.jpeg'><img width=\"300\" height=\"300\" src=\"https:\/\/franciscanos.org.br\/noticias\/wp-content\/uploads\/2018\/12\/natal_curitibanos_201218-8-300x300.jpeg\" class=\"attachment-thumbnail size-thumbnail\" alt=\"\" loading=\"lazy\" srcset=\"https:\/\/franciscanos.org.br\/noticias\/wp-content\/uploads\/2018\/12\/natal_curitibanos_201218-8-300x300.jpeg 300w, https:\/\/franciscanos.org.br\/noticias\/wp-content\/uploads\/2018\/12\/natal_curitibanos_201218-8-400x400.jpeg 400w\" sizes=\"(max-width: 300px) 100vw, 300px\" \/><\/a>\n\t\t\t<\/dt><\/dl><br style=\"clear: both\" \/><dl class='gallery-item'>\n\t\t\t<dt class='gallery-icon landscape'>\n\t\t\t\t<a href='https:\/\/franciscanos.org.br\/noticias\/wp-content\/uploads\/2018\/12\/natal_curitibanos_201218-9.jpeg'><img width=\"300\" height=\"300\" src=\"https:\/\/franciscanos.org.br\/noticias\/wp-content\/uploads\/2018\/12\/natal_curitibanos_201218-9-300x300.jpeg\" class=\"attachment-thumbnail size-thumbnail\" alt=\"\" loading=\"lazy\" srcset=\"https:\/\/franciscanos.org.br\/noticias\/wp-content\/uploads\/2018\/12\/natal_curitibanos_201218-9-300x300.jpeg 300w, https:\/\/franciscanos.org.br\/noticias\/wp-content\/uploads\/2018\/12\/natal_curitibanos_201218-9-400x400.jpeg 400w\" sizes=\"(max-width: 300px) 100vw, 300px\" \/><\/a>\n\t\t\t<\/dt><\/dl><dl class='gallery-item'>\n\t\t\t<dt class='gallery-icon portrait'>\n\t\t\t\t<a href='https:\/\/franciscanos.org.br\/noticias\/wp-content\/uploads\/2018\/12\/natal_curitibanos_201218-10.jpeg'><img width=\"300\" height=\"300\" src=\"https:\/\/franciscanos.org.br\/noticias\/wp-content\/uploads\/2018\/12\/natal_curitibanos_201218-10-300x300.jpeg\" class=\"attachment-thumbnail size-thumbnail\" alt=\"\" loading=\"lazy\" srcset=\"https:\/\/franciscanos.org.br\/noticias\/wp-content\/uploads\/2018\/12\/natal_curitibanos_201218-10-300x300.jpeg 300w, https:\/\/franciscanos.org.br\/noticias\/wp-content\/uploads\/2018\/12\/natal_curitibanos_201218-10-400x400.jpeg 400w\" sizes=\"(max-width: 300px) 100vw, 300px\" \/><\/a>\n\t\t\t<\/dt><\/dl><dl class='gallery-item'>\n\t\t\t<dt class='gallery-icon landscape'>\n\t\t\t\t<a href='https:\/\/franciscanos.org.br\/noticias\/wp-content\/uploads\/2018\/12\/natal_curitibanos_201218-11.jpeg'><img width=\"300\" height=\"300\" src=\"https:\/\/franciscanos.org.br\/noticias\/wp-content\/uploads\/2018\/12\/natal_curitibanos_201218-11-300x300.jpeg\" class=\"attachment-thumbnail size-thumbnail\" alt=\"\" loading=\"lazy\" srcset=\"https:\/\/franciscanos.org.br\/noticias\/wp-content\/uploads\/2018\/12\/natal_curitibanos_201218-11-300x300.jpeg 300w, https:\/\/franciscanos.org.br\/noticias\/wp-content\/uploads\/2018\/12\/natal_curitibanos_201218-11-400x400.jpeg 400w\" sizes=\"(max-width: 300px) 100vw, 300px\" \/><\/a>\n\t\t\t<\/dt><\/dl><dl class='gallery-item'>\n\t\t\t<dt class='gallery-icon portrait'>\n\t\t\t\t<a href='https:\/\/franciscanos.org.br\/noticias\/wp-content\/uploads\/2018\/12\/natal_curitibanos_201218-12.jpeg'><img width=\"300\" height=\"300\" src=\"https:\/\/franciscanos.org.br\/noticias\/wp-content\/uploads\/2018\/12\/natal_curitibanos_201218-12-300x300.jpeg\" class=\"attachment-thumbnail size-thumbnail\" alt=\"\" loading=\"lazy\" srcset=\"https:\/\/franciscanos.org.br\/noticias\/wp-content\/uploads\/2018\/12\/natal_curitibanos_201218-12-300x300.jpeg 300w, https:\/\/franciscanos.org.br\/noticias\/wp-content\/uploads\/2018\/12\/natal_curitibanos_201218-12-400x400.jpeg 400w\" sizes=\"(max-width: 300px) 100vw, 300px\" \/><\/a>\n\t\t\t<\/dt><\/dl><br style=\"clear: both\" \/><dl class='gallery-item'>\n\t\t\t<dt class='gallery-icon landscape'>\n\t\t\t\t<a href='https:\/\/franciscanos.org.br\/noticias\/wp-content\/uploads\/2018\/12\/natal_curitibanos_201218-13.jpeg'><img width=\"300\" height=\"300\" src=\"https:\/\/franciscanos.org.br\/noticias\/wp-content\/uploads\/2018\/12\/natal_curitibanos_201218-13-300x300.jpeg\" class=\"attachment-thumbnail size-thumbnail\" alt=\"\" loading=\"lazy\" srcset=\"https:\/\/franciscanos.org.br\/noticias\/wp-content\/uploads\/2018\/12\/natal_curitibanos_201218-13-300x300.jpeg 300w, https:\/\/franciscanos.org.br\/noticias\/wp-content\/uploads\/2018\/12\/natal_curitibanos_201218-13-400x400.jpeg 400w\" sizes=\"(max-width: 300px) 100vw, 300px\" \/><\/a>\n\t\t\t<\/dt><\/dl><dl class='gallery-item'>\n\t\t\t<dt class='gallery-icon landscape'>\n\t\t\t\t<a href='https:\/\/franciscanos.org.br\/noticias\/wp-content\/uploads\/2018\/12\/natal_curitibanos_201218-14.jpeg'><img width=\"300\" height=\"300\" src=\"https:\/\/franciscanos.org.br\/noticias\/wp-content\/uploads\/2018\/12\/natal_curitibanos_201218-14-300x300.jpeg\" class=\"attachment-thumbnail size-thumbnail\" alt=\"\" loading=\"lazy\" srcset=\"https:\/\/franciscanos.org.br\/noticias\/wp-content\/uploads\/2018\/12\/natal_curitibanos_201218-14-300x300.jpeg 300w, https:\/\/franciscanos.org.br\/noticias\/wp-content\/uploads\/2018\/12\/natal_curitibanos_201218-14-400x400.jpeg 400w\" sizes=\"(max-width: 300px) 100vw, 300px\" \/><\/a>\n\t\t\t<\/dt><\/dl><dl class='gallery-item'>\n\t\t\t<dt class='gallery-icon landscape'>\n\t\t\t\t<a href='https:\/\/franciscanos.org.br\/noticias\/wp-content\/uploads\/2018\/12\/natal_curitibanos_201218-15.jpeg'><img width=\"300\" height=\"300\" src=\"https:\/\/franciscanos.org.br\/noticias\/wp-content\/uploads\/2018\/12\/natal_curitibanos_201218-15-300x300.jpeg\" class=\"attachment-thumbnail size-thumbnail\" alt=\"\" loading=\"lazy\" srcset=\"https:\/\/franciscanos.org.br\/noticias\/wp-content\/uploads\/2018\/12\/natal_curitibanos_201218-15-300x300.jpeg 300w, https:\/\/franciscanos.org.br\/noticias\/wp-content\/uploads\/2018\/12\/natal_curitibanos_201218-15-400x400.jpeg 400w\" sizes=\"(max-width: 300px) 100vw, 300px\" \/><\/a>\n\t\t\t<\/dt><\/dl><dl class='gallery-item'>\n\t\t\t<dt class='gallery-icon portrait'>\n\t\t\t\t<a href='https:\/\/franciscanos.org.br\/noticias\/wp-content\/uploads\/2018\/12\/natal_curitibanos_201218-16.jpeg'><img width=\"300\" height=\"300\" src=\"https:\/\/franciscanos.org.br\/noticias\/wp-content\/uploads\/2018\/12\/natal_curitibanos_201218-16-300x300.jpeg\" class=\"attachment-thumbnail size-thumbnail\" alt=\"\" loading=\"lazy\" srcset=\"https:\/\/franciscanos.org.br\/noticias\/wp-content\/uploads\/2018\/12\/natal_curitibanos_201218-16-300x300.jpeg 300w, https:\/\/franciscanos.org.br\/noticias\/wp-content\/uploads\/2018\/12\/natal_curitibanos_201218-16-400x400.jpeg 400w\" sizes=\"(max-width: 300px) 100vw, 300px\" \/><\/a>\n\t\t\t<\/dt><\/dl><br style=\"clear: both\" \/><dl class='gallery-item'>\n\t\t\t<dt class='gallery-icon landscape'>\n\t\t\t\t<a href='https:\/\/franciscanos.org.br\/noticias\/wp-content\/uploads\/2018\/12\/natal_curitibanos_201218-17.jpeg'><img width=\"300\" height=\"300\" src=\"https:\/\/franciscanos.org.br\/noticias\/wp-content\/uploads\/2018\/12\/natal_curitibanos_201218-17-300x300.jpeg\" class=\"attachment-thumbnail size-thumbnail\" alt=\"\" loading=\"lazy\" srcset=\"https:\/\/franciscanos.org.br\/noticias\/wp-content\/uploads\/2018\/12\/natal_curitibanos_201218-17-300x300.jpeg 300w, https:\/\/franciscanos.org.br\/noticias\/wp-content\/uploads\/2018\/12\/natal_curitibanos_201218-17-400x400.jpeg 400w\" sizes=\"(max-width: 300px) 100vw, 300px\" \/><\/a>\n\t\t\t<\/dt><\/dl><dl class='gallery-item'>\n\t\t\t<dt class='gallery-icon landscape'>\n\t\t\t\t<a href='https:\/\/franciscanos.org.br\/noticias\/wp-content\/uploads\/2018\/12\/natal_curitibanos_201218-18.jpeg'><img width=\"300\" height=\"300\" src=\"https:\/\/franciscanos.org.br\/noticias\/wp-content\/uploads\/2018\/12\/natal_curitibanos_201218-18-300x300.jpeg\" class=\"attachment-thumbnail size-thumbnail\" alt=\"\" loading=\"lazy\" srcset=\"https:\/\/franciscanos.org.br\/noticias\/wp-content\/uploads\/2018\/12\/natal_curitibanos_201218-18-300x300.jpeg 300w, https:\/\/franciscanos.org.br\/noticias\/wp-content\/uploads\/2018\/12\/natal_curitibanos_201218-18-400x400.jpeg 400w\" sizes=\"(max-width: 300px) 100vw, 300px\" \/><\/a>\n\t\t\t<\/dt><\/dl><dl class='gallery-item'>\n\t\t\t<dt class='gallery-icon landscape'>\n\t\t\t\t<a href='https:\/\/franciscanos.org.br\/noticias\/wp-content\/uploads\/2018\/12\/natal_curitibanos_201218-19.jpeg'><img width=\"300\" height=\"300\" src=\"https:\/\/franciscanos.org.br\/noticias\/wp-content\/uploads\/2018\/12\/natal_curitibanos_201218-19-300x300.jpeg\" class=\"attachment-thumbnail size-thumbnail\" alt=\"\" loading=\"lazy\" srcset=\"https:\/\/franciscanos.org.br\/noticias\/wp-content\/uploads\/2018\/12\/natal_curitibanos_201218-19-300x300.jpeg 300w, https:\/\/franciscanos.org.br\/noticias\/wp-content\/uploads\/2018\/12\/natal_curitibanos_201218-19-400x400.jpeg 400w\" sizes=\"(max-width: 300px) 100vw, 300px\" \/><\/a>\n\t\t\t<\/dt><\/dl><dl class='gallery-item'>\n\t\t\t<dt class='gallery-icon portrait'>\n\t\t\t\t<a href='https:\/\/franciscanos.org.br\/noticias\/wp-content\/uploads\/2018\/12\/IMG-20181221-WA0071-e1545479952107.jpeg'><img width=\"300\" height=\"300\" src=\"https:\/\/franciscanos.org.br\/noticias\/wp-content\/uploads\/2018\/12\/IMG-20181221-WA0071-e1545479952107-300x300.jpeg\" class=\"attachment-thumbnail size-thumbnail\" alt=\"\" loading=\"lazy\" srcset=\"https:\/\/franciscanos.org.br\/noticias\/wp-content\/uploads\/2018\/12\/IMG-20181221-WA0071-e1545479952107-300x300.jpeg 300w, https:\/\/franciscanos.org.br\/noticias\/wp-content\/uploads\/2018\/12\/IMG-20181221-WA0071-e1545479952107-400x400.jpeg 400w\" sizes=\"(max-width: 300px) 100vw, 300px\" \/><\/a>\n\t\t\t<\/dt><\/dl><br style=\"clear: both\" \/>\n\t\t<\/div>\n\n","protected":false},"excerpt":{"rendered":"<p>Curitibanos (SC) \u2013 Na Par\u00f3quia da Imaculada Concei\u00e7\u00e3o de Curitibanos (SC) as celebra\u00e7\u00f5es natalinas j\u00e1 come\u00e7aram. No \u00faltimo dia 20, depois de muito tempo de trabalho e organiza\u00e7\u00e3o, teve inicio oficialmente o \u201cNatal Feliz\u201d. O evento acontece at\u00e9 este s\u00e1bado, (22\/12). O objetivo \u00e9 dar uma dose cultural para a comunidade valorizando os artistas e [&hellip;]<\/p>\n","protected":false},"author":5,"featured_media":201099,"comment_status":"open","ping_status":"open","sticky":false,"template":"","format":"standard","meta":[],"categories":[1],"tags":[1155,78],"acf":[],"yoast_head":"<!-- This site is optimized with the Yoast SEO plugin v19.2 - https:\/\/yoast.com\/wordpress\/plugins\/seo\/ -->\n<title>\u201cNatal Feliz\u201d na Par\u00f3quia Imaculada Concei\u00e7\u00e3o de Curitibanos (SC) - Not\u00edcias - Franciscanos<\/title>\n<meta name=\"robots\" content=\"index, follow, max-snippet:-1, max-image-preview:large, max-video-preview:-1\" \/>\n<link rel=\"canonical\" href=\"https:\/\/franciscanos.org.br\/noticias\/natal-feliz-na-paroquia-da-imaculada-conceicao-de-curitibanos.html\" \/>\n<meta property=\"og:locale\" content=\"pt_BR\" \/>\n<meta property=\"og:type\" content=\"article\" \/>\n<meta property=\"og:title\" content=\"\u201cNatal Feliz\u201d na Par\u00f3quia Imaculada Concei\u00e7\u00e3o de Curitibanos (SC) - Not\u00edcias - Franciscanos\" \/>\n<meta property=\"og:description\" content=\"Curitibanos (SC) \u2013 Na Par\u00f3quia da Imaculada Concei\u00e7\u00e3o de Curitibanos (SC) as celebra\u00e7\u00f5es natalinas j\u00e1 come\u00e7aram. No \u00faltimo dia 20, depois de muito tempo de trabalho e organiza\u00e7\u00e3o, teve inicio oficialmente o \u201cNatal Feliz\u201d. O evento acontece at\u00e9 este s\u00e1bado, (22\/12). O objetivo \u00e9 dar uma dose cultural para a comunidade valorizando os artistas e [&hellip;]\" \/>\n<meta property=\"og:url\" content=\"https:\/\/franciscanos.org.br\/noticias\/natal-feliz-na-paroquia-da-imaculada-conceicao-de-curitibanos.html\" \/>\n<meta property=\"og:site_name\" content=\"Not\u00edcias - Franciscanos\" \/>\n<meta property=\"article:published_time\" content=\"2018-12-22T12:03:17+00:00\" \/>\n<meta property=\"article:modified_time\" content=\"2019-03-07T14:23:55+00:00\" \/>\n<meta property=\"og:image\" content=\"https:\/\/franciscanos.org.br\/noticias\/wp-content\/uploads\/2018\/12\/natal_curitibanos_201218-19-300x300-1.jpeg\" \/>\n\t<meta property=\"og:image:width\" content=\"273\" \/>\n\t<meta property=\"og:image:height\" content=\"180\" \/>\n\t<meta property=\"og:image:type\" content=\"image\/jpeg\" \/>\n<meta name=\"author\" content=\"freiaugusto\" \/>\n<meta name=\"twitter:card\" content=\"summary_large_image\" \/>\n<meta name=\"twitter:label1\" content=\"Escrito por\" \/>\n\t<meta name=\"twitter:data1\" content=\"freiaugusto\" \/>\n\t<meta name=\"twitter:label2\" content=\"Est. tempo de leitura\" \/>\n\t<meta name=\"twitter:data2\" content=\"2 minutos\" \/>\n<script type=\"application\/ld+json\" class=\"yoast-schema-graph\">{\"@context\":\"https:\/\/schema.org\",\"@graph\":[{\"@type\":\"WebSite\",\"@id\":\"https:\/\/franciscanos.org.br\/noticias\/#website\",\"url\":\"https:\/\/franciscanos.org.br\/noticias\/\",\"name\":\"Not\u00edcias - Franciscanos\",\"description\":\"Prov\u00edncia Franciscana da Imaculada Concei\u00e7\u00e3o do Brasil - Ordem dos Frades Menores - OFM\",\"potentialAction\":[{\"@type\":\"SearchAction\",\"target\":{\"@type\":\"EntryPoint\",\"urlTemplate\":\"https:\/\/franciscanos.org.br\/noticias\/?s={search_term_string}\"},\"query-input\":\"required name=search_term_string\"}],\"inLanguage\":\"pt-BR\"},{\"@type\":\"ImageObject\",\"inLanguage\":\"pt-BR\",\"@id\":\"https:\/\/franciscanos.org.br\/noticias\/natal-feliz-na-paroquia-da-imaculada-conceicao-de-curitibanos.html#primaryimage\",\"url\":\"https:\/\/franciscanos.org.br\/noticias\/wp-content\/uploads\/2018\/12\/natal_curitibanos_201218-19-300x300-1.jpeg\",\"contentUrl\":\"https:\/\/franciscanos.org.br\/noticias\/wp-content\/uploads\/2018\/12\/natal_curitibanos_201218-19-300x300-1.jpeg\",\"width\":273,\"height\":180},{\"@type\":\"WebPage\",\"@id\":\"https:\/\/franciscanos.org.br\/noticias\/natal-feliz-na-paroquia-da-imaculada-conceicao-de-curitibanos.html#webpage\",\"url\":\"https:\/\/franciscanos.org.br\/noticias\/natal-feliz-na-paroquia-da-imaculada-conceicao-de-curitibanos.html\",\"name\":\"\u201cNatal Feliz\u201d na Par\u00f3quia Imaculada Concei\u00e7\u00e3o de Curitibanos (SC) - Not\u00edcias - Franciscanos\",\"isPartOf\":{\"@id\":\"https:\/\/franciscanos.org.br\/noticias\/#website\"},\"primaryImageOfPage\":{\"@id\":\"https:\/\/franciscanos.org.br\/noticias\/natal-feliz-na-paroquia-da-imaculada-conceicao-de-curitibanos.html#primaryimage\"},\"datePublished\":\"2018-12-22T12:03:17+00:00\",\"dateModified\":\"2019-03-07T14:23:55+00:00\",\"author\":{\"@id\":\"https:\/\/franciscanos.org.br\/noticias\/#\/schema\/person\/37f88f0d111cd5358b12a6556a99eb91\"},\"breadcrumb\":{\"@id\":\"https:\/\/franciscanos.org.br\/noticias\/natal-feliz-na-paroquia-da-imaculada-conceicao-de-curitibanos.html#breadcrumb\"},\"inLanguage\":\"pt-BR\",\"potentialAction\":[{\"@type\":\"ReadAction\",\"target\":[\"https:\/\/franciscanos.org.br\/noticias\/natal-feliz-na-paroquia-da-imaculada-conceicao-de-curitibanos.html\"]}]},{\"@type\":\"BreadcrumbList\",\"@id\":\"https:\/\/franciscanos.org.br\/noticias\/natal-feliz-na-paroquia-da-imaculada-conceicao-de-curitibanos.html#breadcrumb\",\"itemListElement\":[{\"@type\":\"ListItem\",\"position\":1,\"name\":\"Home\",\"item\":\"https:\/\/franciscanos.org.br\/noticias\"},{\"@type\":\"ListItem\",\"position\":2,\"name\":\"\u201cNatal Feliz\u201d na Par\u00f3quia Imaculada Concei\u00e7\u00e3o de Curitibanos (SC)\"}]},{\"@type\":\"Person\",\"@id\":\"https:\/\/franciscanos.org.br\/noticias\/#\/schema\/person\/37f88f0d111cd5358b12a6556a99eb91\",\"name\":\"freiaugusto\",\"image\":{\"@type\":\"ImageObject\",\"inLanguage\":\"pt-BR\",\"@id\":\"https:\/\/franciscanos.org.br\/noticias\/#\/schema\/person\/image\/\",\"url\":\"https:\/\/secure.gravatar.com\/avatar\/9840b940e621801b24f3e6b059efb4b7?s=96&d=mm&r=g\",\"contentUrl\":\"https:\/\/secure.gravatar.com\/avatar\/9840b940e621801b24f3e6b059efb4b7?s=96&d=mm&r=g\",\"caption\":\"freiaugusto\"},\"url\":\"https:\/\/franciscanos.org.br\/noticias\/author\/freiaugusto\"}]}<\/script>\n<!-- \/ Yoast SEO plugin. -->","yoast_head_json":{"title":"\u201cNatal Feliz\u201d na Par\u00f3quia Imaculada Concei\u00e7\u00e3o de Curitibanos (SC) - Not\u00edcias - Franciscanos","robots":{"index":"index","follow":"follow","max-snippet":"max-snippet:-1","max-image-preview":"max-image-preview:large","max-video-preview":"max-video-preview:-1"},"canonical":"https:\/\/franciscanos.org.br\/noticias\/natal-feliz-na-paroquia-da-imaculada-conceicao-de-curitibanos.html","og_locale":"pt_BR","og_type":"article","og_title":"\u201cNatal Feliz\u201d na Par\u00f3quia Imaculada Concei\u00e7\u00e3o de Curitibanos (SC) - Not\u00edcias - Franciscanos","og_description":"Curitibanos (SC) \u2013 Na Par\u00f3quia da Imaculada Concei\u00e7\u00e3o de Curitibanos (SC) as celebra\u00e7\u00f5es natalinas j\u00e1 come\u00e7aram. No \u00faltimo dia 20, depois de muito tempo de trabalho e organiza\u00e7\u00e3o, teve inicio oficialmente o \u201cNatal Feliz\u201d. O evento acontece at\u00e9 este s\u00e1bado, (22\/12). O objetivo \u00e9 dar uma dose cultural para a comunidade valorizando os artistas e [&hellip;]","og_url":"https:\/\/franciscanos.org.br\/noticias\/natal-feliz-na-paroquia-da-imaculada-conceicao-de-curitibanos.html","og_site_name":"Not\u00edcias - Franciscanos","article_published_time":"2018-12-22T12:03:17+00:00","article_modified_time":"2019-03-07T14:23:55+00:00","og_image":[{"width":273,"height":180,"url":"https:\/\/franciscanos.org.br\/noticias\/wp-content\/uploads\/2018\/12\/natal_curitibanos_201218-19-300x300-1.jpeg","type":"image\/jpeg"}],"author":"freiaugusto","twitter_card":"summary_large_image","twitter_misc":{"Escrito por":"freiaugusto","Est. tempo de leitura":"2 minutos"},"schema":{"@context":"https:\/\/schema.org","@graph":[{"@type":"WebSite","@id":"https:\/\/franciscanos.org.br\/noticias\/#website","url":"https:\/\/franciscanos.org.br\/noticias\/","name":"Not\u00edcias - Franciscanos","description":"Prov\u00edncia Franciscana da Imaculada Concei\u00e7\u00e3o do Brasil - Ordem dos Frades Menores - OFM","potentialAction":[{"@type":"SearchAction","target":{"@type":"EntryPoint","urlTemplate":"https:\/\/franciscanos.org.br\/noticias\/?s={search_term_string}"},"query-input":"required name=search_term_string"}],"inLanguage":"pt-BR"},{"@type":"ImageObject","inLanguage":"pt-BR","@id":"https:\/\/franciscanos.org.br\/noticias\/natal-feliz-na-paroquia-da-imaculada-conceicao-de-curitibanos.html#primaryimage","url":"https:\/\/franciscanos.org.br\/noticias\/wp-content\/uploads\/2018\/12\/natal_curitibanos_201218-19-300x300-1.jpeg","contentUrl":"https:\/\/franciscanos.org.br\/noticias\/wp-content\/uploads\/2018\/12\/natal_curitibanos_201218-19-300x300-1.jpeg","width":273,"height":180},{"@type":"WebPage","@id":"https:\/\/franciscanos.org.br\/noticias\/natal-feliz-na-paroquia-da-imaculada-conceicao-de-curitibanos.html#webpage","url":"https:\/\/franciscanos.org.br\/noticias\/natal-feliz-na-paroquia-da-imaculada-conceicao-de-curitibanos.html","name":"\u201cNatal Feliz\u201d na Par\u00f3quia Imaculada Concei\u00e7\u00e3o de Curitibanos (SC) - Not\u00edcias - Franciscanos","isPartOf":{"@id":"https:\/\/franciscanos.org.br\/noticias\/#website"},"primaryImageOfPage":{"@id":"https:\/\/franciscanos.org.br\/noticias\/natal-feliz-na-paroquia-da-imaculada-conceicao-de-curitibanos.html#primaryimage"},"datePublished":"2018-12-22T12:03:17+00:00","dateModified":"2019-03-07T14:23:55+00:00","author":{"@id":"https:\/\/franciscanos.org.br\/noticias\/#\/schema\/person\/37f88f0d111cd5358b12a6556a99eb91"},"breadcrumb":{"@id":"https:\/\/franciscanos.org.br\/noticias\/natal-feliz-na-paroquia-da-imaculada-conceicao-de-curitibanos.html#breadcrumb"},"inLanguage":"pt-BR","potentialAction":[{"@type":"ReadAction","target":["https:\/\/franciscanos.org.br\/noticias\/natal-feliz-na-paroquia-da-imaculada-conceicao-de-curitibanos.html"]}]},{"@type":"BreadcrumbList","@id":"https:\/\/franciscanos.org.br\/noticias\/natal-feliz-na-paroquia-da-imaculada-conceicao-de-curitibanos.html#breadcrumb","itemListElement":[{"@type":"ListItem","position":1,"name":"Home","item":"https:\/\/franciscanos.org.br\/noticias"},{"@type":"ListItem","position":2,"name":"\u201cNatal Feliz\u201d na Par\u00f3quia Imaculada Concei\u00e7\u00e3o de Curitibanos (SC)"}]},{"@type":"Person","@id":"https:\/\/franciscanos.org.br\/noticias\/#\/schema\/person\/37f88f0d111cd5358b12a6556a99eb91","name":"freiaugusto","image":{"@type":"ImageObject","inLanguage":"pt-BR","@id":"https:\/\/franciscanos.org.br\/noticias\/#\/schema\/person\/image\/","url":"https:\/\/secure.gravatar.com\/avatar\/9840b940e621801b24f3e6b059efb4b7?s=96&d=mm&r=g","contentUrl":"https:\/\/secure.gravatar.com\/avatar\/9840b940e621801b24f3e6b059efb4b7?s=96&d=mm&r=g","caption":"freiaugusto"},"url":"https:\/\/franciscanos.org.br\/noticias\/author\/freiaugusto"}]}},"_links":{"self":[{"href":"https:\/\/franciscanos.org.br\/noticias\/wp-json\/wp\/v2\/posts\/193107"}],"collection":[{"href":"https:\/\/franciscanos.org.br\/noticias\/wp-json\/wp\/v2\/posts"}],"about":[{"href":"https:\/\/franciscanos.org.br\/noticias\/wp-json\/wp\/v2\/types\/post"}],"author":[{"embeddable":true,"href":"https:\/\/franciscanos.org.br\/noticias\/wp-json\/wp\/v2\/users\/5"}],"replies":[{"embeddable":true,"href":"https:\/\/franciscanos.org.br\/noticias\/wp-json\/wp\/v2\/comments?post=193107"}],"version-history":[{"count":0,"href":"https:\/\/franciscanos.org.br\/noticias\/wp-json\/wp\/v2\/posts\/193107\/revisions"}],"wp:featuredmedia":[{"embeddable":true,"href":"https:\/\/franciscanos.org.br\/noticias\/wp-json\/wp\/v2\/media\/201099"}],"wp:attachment":[{"href":"https:\/\/franciscanos.org.br\/noticias\/wp-json\/wp\/v2\/media?parent=193107"}],"wp:term":[{"taxonomy":"category","embeddable":true,"href":"https:\/\/franciscanos.org.br\/noticias\/wp-json\/wp\/v2\/categories?post=193107"},{"taxonomy":"post_tag","embeddable":true,"href":"https:\/\/franciscanos.org.br\/noticias\/wp-json\/wp\/v2\/tags?post=193107"}],"curies":[{"name":"wp","href":"https:\/\/api.w.org\/{rel}","templated":true}]}}