{"id":193063,"date":"2019-01-15T08:56:45","date_gmt":"2019-01-15T10:56:45","guid":{"rendered":"https:\/\/franciscanos.org.br\/noticias\/?p=193063"},"modified":"2021-01-20T09:12:51","modified_gmt":"2021-01-20T12:12:51","slug":"jmj-a-primeira-da-america-central","status":"publish","type":"post","link":"https:\/\/franciscanos.org.br\/noticias\/jmj-a-primeira-da-america-central.html","title":{"rendered":"JMJ &#8211; A primeira da Am\u00e9rica Central"},"content":{"rendered":"<p>&nbsp;<\/p>\n<p><img loading=\"lazy\" src=\"https:\/\/franciscanos.org.br\/noticias\/wp-content\/uploads\/2018\/12\/jmj-191218-1200-b.jpg\" alt=\"\" width=\"1200\" height=\"226\" \/><\/p>\n<p>O Panam\u00e1, pa\u00eds da Am\u00e9rica Central com pouco mais de 4 milh\u00f5es de habitantes, se prepara para receber a 15\u00aa edi\u00e7\u00e3o da Jornada Mundial da Juventude (JMJ), que acontece de 22 a 27 de janeiro. O tema escolhido para esta edi\u00e7\u00e3o \u00e9: \u201cEis aqui a serva do Senhor. Fa\u00e7a-se em mim segundo a tua palavra (Lc 1, 38)\u201d.<\/p>\n<p>A JMJ \u00e9 um grande evento religioso e cultural, que acontece a cada tr\u00eas anos. \u00c9 um encontro de jovens de todo o mundo com o Papa, em um ambiente festivo, religioso e cultural, que mostra o dinamismo da Igreja e d\u00e1 testemunho da atualidade da mensagem de Jesus. \u201c\u00c9 muito mais do que um acontecimento. \u00c9 um tempo de profunda renova\u00e7\u00e3o espiritual, de cujos frutos se beneficia toda a sociedade\u201d (Bento XVI). Trata-se de um meio extraordin\u00e1rio de evangeliza\u00e7\u00e3o para fortalecer a pastoral juvenil.<\/p>\n<p><strong>Agenda do Papa<\/strong><\/p>\n<p>O Pont\u00edfice chega no dia 23 de janeiro, \u00e0s 16h30 (hor\u00e1rio local), no Aeroporto Internacional de Tocumen. No dia seguinte, o Pont\u00edfice encontra-se com o presidente Juan Carlos Varela. Em seguida, tem um encontro com mais de 70 bispos da Am\u00e9rica Central. Neste mesmo dia, \u00e0s 17h30, o Papa far\u00e1 a cerim\u00f4nia de boas-vindas na Cinta Costera, local dos atos principais da JMJ.<br \/>\nNo dia 25, \u00e0s 10h, o Pont\u00edfice ir\u00e1 ao Centro de Reabilita\u00e7\u00e3o de Menores Las Garzas de Pacora, onde far\u00e1 uma celebra\u00e7\u00e3o penitencial com os jovens reclusos. Neste mesmo dia, \u00e0s 18h, o Papa participar\u00e1 da Via-Sacra na Cinta Costera.<\/p>\n<p>No s\u00e1bado, dia 26, o Papa far\u00e1 a consagra\u00e7\u00e3o do altar da Catedral Santa Maria de La Antigua, que passou por um longo processo de restaura\u00e7\u00e3o para acolher os peregrinos. A Catedral possui mais de 400 anos e tem capacidade para 600 pessoas. Neste mesmo dia, \u00e0s 18h, o Papa participa da Vig\u00edlia com os jovens no campo S\u00e3o Jo\u00e3o Paulo II, no Metropark.<\/p>\n<p>No \u00faltimo dia da JMJ, 27, \u00e0s 7h30, o Papa preside a Eucaristia no Metropark, de onde faz o envio dos jovens peregrinos. \u00c0s 10h30, o Papa visitar\u00e1 a Casa Hogar Buen Samaritano, um centro de acolhida para portadores do v\u00edrus HIV. Neste local, o Papa Francisco rezar\u00e1 a ora\u00e7\u00e3o mariana do Angelus e conversar\u00e1 com os acolhidos.<\/p>\n<p><strong>Presidi\u00e1rios constroem confession\u00e1rios para JMJ<\/strong><\/p>\n<p>Al\u00e9m da visita do Papa Francisco ao Centro de Reabilita\u00e7\u00e3o de Menores Las Garzas de Pacora, os detentos de La Joya e Nueva Joya, Centros de Deten\u00e7\u00e3o do Panam\u00e1, participar\u00e3o \u00e0 sua maneira da JMJ. Trinta e cinco reclusos s\u00e3o os respons\u00e1veis pela constru\u00e7\u00e3o de 250 confession\u00e1rios que estar\u00e3o no Parque Omar, que se chamar\u00e1 Parque do Perd\u00e3o durante os dias do encontro.<br \/>\n\u201cEmbora n\u00f3s n\u00e3o possamos estar l\u00e1 (na JMJ), j\u00e1 sentimos que estamos fazendo algo importante e dou gra\u00e7as a Deus pela oportunidade que nos deu, como privados de liberdade, de colaborar com uma miss\u00e3o t\u00e3o importante como \u00e9 a JMJ\u201d, explicou Luis Dom\u00ednguez, que \u00e9 encarregado por pintar e supervisionar o lixamento dos confession\u00e1rios, em entrevista ao ACI Digital.<\/p>\n<p><strong>Jovens da Prov\u00edncia se preparam para a JMJ<\/strong><\/p>\n<p><img loading=\"lazy\" src=\"https:\/\/franciscanos.org.br\/noticias\/wp-content\/uploads\/2019\/01\/jovens.jpg\" alt=\"\" width=\"1200\" height=\"408\" \/><\/p>\n<p>Em todo pa\u00eds, diversos grupos se organizam para participar da JMJ. Junto ao grupo da Arquidiocese de Niter\u00f3i (RJ), ir\u00e3o duas jovens paroquianas da Par\u00f3quia Porci\u00fancula de Santana, Kaury Miranda, de 27 anos e Larissa Rodrigues, de 25 anos. Para Kaury, a expectativa maior \u00e9 o encontro com jovens de diversos locais do mundo. \u201cEspero muito sentir a Igreja jovem e viva durante o encontro. Acho que \u00e9 isso que torna a JMJ t\u00e3o especial. Ver a juventude de todo mundo junta em ora\u00e7\u00e3o. Ver diferentes povos e ouvir o Pai-Nosso em todas l\u00ednguas. Acho que vai ser emocionante\u201d, confessa.<\/p>\n<p>Sobre a prepara\u00e7\u00e3o, Larissa conta que al\u00e9m do lado financeiro, as jovens tamb\u00e9m se cuidaram do lado espiritual. \u201cNossa prepara\u00e7\u00e3o desde o in\u00edcio tem sido de muita ora\u00e7\u00e3o e buscando as respostas em Deus. Por outro lado, para ajudar financeiramente, estamos vendendo bolos no final das missas e fizemos uma rifa\u201d, afirma.<\/p>\n<p>J\u00e1 em S\u00e3o Paulo, na cidade de Campos do Jord\u00e3o, o aspirante \u00e0 vida religiosa franciscana Arthur Vin\u00edcius de Faria Ferreira, de 16 anos, se prepara tamb\u00e9m para sua primeira JMJ. Ele participou das Miss\u00f5es Franciscanas da Juventude, em janeiro de 2018 nas cidades de Agudos e Bauru (SP) e da Caminhada Franciscana da Juventude, em abril de 2018, em sua cidade natal. A partir destes encontros, ele sentiu o desejo de discernir sua voca\u00e7\u00e3o junto aos frades. \u201cO que mais me chamou a aten\u00e7\u00e3o nos franciscanos foi a fraternidade com que vivem entre si e com o povo. A harmonia com as criaturas de Deus e a felicidade transmitida, n\u00e3o somente por risos e momentos de alegria, mas tamb\u00e9m no sil\u00eancio pacificador, em que se pode sentir grandemente a presen\u00e7a de Deus\u201d, afirma.<\/p>\n<p>Sobre o Pontificado do Papa Francisco, Arthur manifesta admira\u00e7\u00e3o: \u201cPenso que o Papa Francisco cumpre fielmente com o papel na Igreja. Ele tem sido um bom Pastor e exemplo de como ser um cat\u00f3lico verdadeiro. Admiro o nome que escolheu: Francisco, tendo como exemplo o modo com que S\u00e3o Francisco viveu sua f\u00e9\u201d, explica.<\/p>\n<hr \/>\n<h2>TODAS AS JORNADAS<\/h2>\n<p><img loading=\"lazy\" src=\"https:\/\/franciscanos.org.br\/noticias\/wp-content\/uploads\/2018\/12\/jmj-191218-1200-box.jpg\" alt=\"\" width=\"1200\" height=\"296\" \/><\/p>\n<p><strong>Cria\u00e7\u00e3o de Jo\u00e3o Paulo II<\/strong><\/p>\n<p>A JMJ foi institu\u00edda em 20 de dezembro de 1985. Durante um encontro por ocasi\u00e3o do Natal, S\u00e3o Jo\u00e3o Paulo II disse aos cardeais e membros da C\u00faria Romana que queria que a JMJ acontecesse todos os anos no Domingo de Ramos, como um encontro de dioceses, e tamb\u00e9m a cada dois ou tr\u00eas anos, como um encontro internacional, em um lugar estabelecido por ele.<\/p>\n<p>A ideia do evento foi concebida com o objetivo de favorecer o encontro pessoal com Cristo, que muda a vida, e promover a paz, a unidade e a fraternidade dos povos e das na\u00e7\u00f5es atrav\u00e9s da juventude como embaixadora; al\u00e9m de desenvolver processos de nova evangeliza\u00e7\u00e3o destinada aos jovens.<\/p>\n<p>Al\u00e9m de momentos de ora\u00e7\u00e3o, os jovens participam de catequeses, momentos de forma\u00e7\u00e3o, apresenta\u00e7\u00f5es musicais, etc. Os momentos mais esperados da JMJ s\u00e3o os encontros com o Papa. Esta ser\u00e1 a terceira JMJ do Papa Francisco. Ele esteve no Rio de Janeiro, em 2013; em Crac\u00f3via, em 2016 e confirmou presen\u00e7a no Panam\u00e1.<\/p>\n<h3>JMJ em n\u00fameros<\/h3>\n<p><strong><span style=\"color: #993366;\">&gt;&gt;<\/span><\/strong> S\u00e3o esperados entre <strong>250 mil<\/strong> e <strong>350 mil<\/strong> visitantes no Panam\u00e1, entre peregrinos, volunt\u00e1rios, meios de comunica\u00e7\u00e3o e bispos de 187 pa\u00edses.<br \/>\n<strong><span style=\"color: #993366;\">&gt;&gt;<\/span><\/strong> S\u00e3o necess\u00e1rios 180 mil locais de acolhida para os peregrinos.<br \/>\n<strong><span style=\"color: #993366;\">&gt;&gt;<\/span><\/strong> At\u00e9 julho, <strong>34 centros educativos<\/strong> foram aprovados para acolher peregrinos.<br \/>\n<strong><span style=\"color: #993366;\">&gt;&gt;<\/span><\/strong> S\u00e3o necess\u00e1rios<strong> 1500 restaurantes<\/strong> para alimenta\u00e7\u00e3o dos peregrinos durante os dias da JMJ.<br \/>\n<strong><span style=\"color: #993366;\">&gt;&gt;<\/span><\/strong> O investimento estimado para o evento \u00e9 de<strong> 54 milh\u00f5es de d\u00f3lares<\/strong>, segundo estimativas do Comit\u00ea Organizador Local (COL).<br \/>\n<strong><span style=\"color: #993366;\">&gt;&gt;<\/span> 172 mil peregrinos<\/strong> se inscreveram na primeira fase e <strong>70 mil<\/strong> na segunda fase das inscri\u00e7\u00f5es.<br \/>\n<strong><span style=\"color: #993366;\">&gt;&gt;<\/span> 62% dos peregrinos<\/strong> s\u00e3o do continente americano: a maioria de pa\u00edses como M\u00e9xico, Col\u00f4mbia, Brasil, Argentina e Costa Rica.<br \/>\n<strong><span style=\"color: #993366;\">&gt;&gt;<\/span><\/strong> Aproximadamente <strong>2 mil volunt\u00e1rios<\/strong> se inscreveram, dos quais <strong>77%<\/strong> s\u00e3o do continente americano.<br \/>\n<strong><span style=\"color: #993366;\">&gt;&gt;<\/span><\/strong> Cerca de <strong>30 empresas<\/strong> panamenhas tornaram-se benfeitoras da JMJ.<br \/>\n<strong><span style=\"color: #993366;\">&gt;&gt;<\/span><\/strong> \u201cOs Dias na Diocese\u201d, a pr\u00e9-JMJ acontecer\u00e1 em <strong>8 Dioceses<\/strong> do Panam\u00e1 e 8 da Costa Rica, incluindo<strong> 1 Prelazia<\/strong>, <strong>1 Vicariato<\/strong> e <strong>2 Arquidioceses<\/strong>.<br \/>\n<strong><span style=\"color: #993366;\">&gt;&gt;<\/span> 20 mil volunt\u00e1rios<\/strong> residentes no Panam\u00e1 e <strong>5 mil<\/strong>, provenientes do exterior, ser\u00e3o distribu\u00eddos nas <strong>95 tarefas<\/strong> j\u00e1 estabelecidas pelo COL.<br \/>\n<strong><span style=\"color: #993366;\">&gt;&gt;<\/span><\/strong> Ser\u00e3o disponibilizados <strong>250 confession\u00e1rios<\/strong>, divididos nos 5 idiomas oficiais para os jovens.<br \/>\n<strong><span style=\"color: #993366;\">&gt;&gt;<\/span><\/strong> Haver\u00e1<strong> 150 expositores<\/strong> na Feira Vocacional, incluindo Confer\u00eancias Episcopais, Movimentos de Fam\u00edlia, Comunidades Leigas e de Vida Consagrada.<br \/>\n<strong><span style=\"color: #993366;\">&gt;&gt;<\/span><\/strong> Ser\u00e3o constru\u00eddos<strong> 6 palcos<\/strong> ao ar livre ao longo de toda a costa, para o Festival da Juventude, que tamb\u00e9m contar\u00e1 com <strong>2 teatros<\/strong> e salas para confer\u00eancia.<\/p>\n<p style=\"text-align: right;\"><em>Fonte: TNV Not\u00edcias<\/em><\/p>\n<hr \/>\n<h3><strong><img loading=\"lazy\" class=\"size-full wp-image-193082 alignright\" src=\"https:\/\/franciscanos.org.br\/noticias\/wp-content\/uploads\/2018\/12\/jmj-como-surgiu.jpg\" alt=\"\" width=\"300\" height=\"326\" srcset=\"https:\/\/franciscanos.org.br\/noticias\/wp-content\/uploads\/2018\/12\/jmj-como-surgiu.jpg 300w, https:\/\/franciscanos.org.br\/noticias\/wp-content\/uploads\/2018\/12\/jmj-como-surgiu-150x163.jpg 150w\" sizes=\"(max-width: 300px) 100vw, 300px\" \/>Como surgiu a JMJ?<\/strong><\/h3>\n<p><strong>Pe. Eric Jacquinet<\/strong><\/p>\n<p>Segundo a opini\u00e3o de muitas pessoas, a Jornada Mundial da Juventude foi a inven\u00e7\u00e3o mais bonita do Papa S\u00e3o Jo\u00e3o Paulo II. Mas ele afirmava: \u201cForam os jovens que inventaram a JMJ\u201d. Vejamos como come\u00e7ou esta bonita aventura. Nos anos 1983-1984, era celebrado o Ano Santo da Reden\u00e7\u00e3o: 1950 anos da Paix\u00e3o de Cristo. Entre as diversas atividades, S\u00e3o Jo\u00e3o Paulo II quis promover um encontro jovem para o Domingo de Ramos. O comit\u00ea organizador previa cerca de 60 mil participantes. Foram 250 mil!<\/p>\n<p>Em 1985, a ONU proclamou o Ano Internacional da Juventude. O Papa, desejando manifestar a aten\u00e7\u00e3o da Igreja pelas novas gera\u00e7\u00f5es, convocou novamente os jovens de Roma para celebrar o Domingo de Ramos. Tamb\u00e9m nesta ocasi\u00e3o a resposta foi positiva: 300 mil jovens se dividiram entre as igrejas da cidade para os diferentes momentos de ora\u00e7\u00e3o e catequese, reunindo-se depois na Pra\u00e7a de S\u00e3o Pedro para participar da celebra\u00e7\u00e3o com o Santo Padre.<\/p>\n<p>Depois destes encontros, muitos se perguntavam: \u201cPor que esta resposta generosa? O que buscam os jovens hoje? O que eles querem?\u201d. Mas S\u00e3o Jo\u00e3o Paulo II j\u00e1 havia intu\u00eddo: os jovens sentiam o desejo de encontrar-se entre eles, compartilhar sua experi\u00eancia, escutar uma Palavra de f\u00e9, olhar juntos para o futuro, renovar e confirmar seu pr\u00f3prio compromisso. \u00c9 assim que, no fim de 1985, o Papa anunciou a institui\u00e7\u00e3o da Jornada Mundial da Juventude.<\/p>\n<hr \/>\n<h2><strong>\u00cdcones da JMJ<\/strong><\/h2>\n<p><strong><img loading=\"lazy\" class=\"alignleft wp-image-193083 size-full\" src=\"https:\/\/franciscanos.org.br\/noticias\/wp-content\/uploads\/2018\/12\/jmj-cruz.jpg\" alt=\"\" width=\"300\" height=\"360\" srcset=\"https:\/\/franciscanos.org.br\/noticias\/wp-content\/uploads\/2018\/12\/jmj-cruz.jpg 300w, https:\/\/franciscanos.org.br\/noticias\/wp-content\/uploads\/2018\/12\/jmj-cruz-150x180.jpg 150w\" sizes=\"(max-width: 300px) 100vw, 300px\" \/>Cruz peregrina<\/strong><br \/>\nA cruz de madeira, hoje conhecida como \u201cCruz da Jornada Mundial da Juventude\u201d foi feita em 1983 por ocasi\u00e3o do in\u00edcio do Ano Santo da Reden\u00e7\u00e3o (25 de mar\u00e7o de 1983 a 22 de abril de 1984). Durante a celebra\u00e7\u00e3o de abertura do Ano Santo, os jovens entraram com a cruz na Bas\u00edlica de S\u00e3o Pedro, onde permaneceu durante todo o jubileu. Foi colocada junto ao sepulcro de S\u00e3o Pedro e esteve presente nas celebra\u00e7\u00f5es, acompanhando os grupos de peregrinos que visitavam o Vaticano. Entre eles n\u00e3o faltaram os jovens: representantes dos movimentos e comunidades que, juntos, responderam ao convite do Santo Padre. Foram eles quem pediram ao Papa que, depois de finalizadas as celebra\u00e7\u00f5es, lhes entregasse a cruz. O Santo Padre atendeu ao pedido e, no Domingo da Ressurrei\u00e7\u00e3o, entregou aos jovens a Cruz do Jubileu.<\/p>\n<p>A cruz j\u00e1 esteve em todos os continentes, inclusive em pa\u00edses em guerra e conflito. Junto a ela, rezou-se no lugar do ataque ao World Trade Center, em Nova Iorque. Ela tamb\u00e9m passou por Ruanda, que sofria com os efeitos da sangrenta guerra civil. A cruz j\u00e1 visitou a sede da ONU, mas tamb\u00e9m escolas pequenas, hospitais e pris\u00f5es.<\/p>\n<p>&nbsp;<\/p>\n<p><strong><img loading=\"lazy\" class=\"size-full wp-image-193084 alignright\" src=\"https:\/\/franciscanos.org.br\/noticias\/wp-content\/uploads\/2018\/12\/jmj-icone.jpg\" alt=\"\" width=\"300\" height=\"328\" srcset=\"https:\/\/franciscanos.org.br\/noticias\/wp-content\/uploads\/2018\/12\/jmj-icone.jpg 300w, https:\/\/franciscanos.org.br\/noticias\/wp-content\/uploads\/2018\/12\/jmj-icone-150x164.jpg 150w\" sizes=\"(max-width: 300px) 100vw, 300px\" \/>Nossa Senhora Salus Populi Romani<\/strong><\/p>\n<p>O \u00edcone de Nossa Senhora Salus Populi Romani \u00e9 a imagem da Virgem de maior devo\u00e7\u00e3o na It\u00e1lia. O nome \u201cProtetora do povo romano\u201d remonta sua origem aos acontecimentos do final do s\u00e9culo VI, quando os habitantes de Roma sofriam por causa de uma peste.<\/p>\n<p>Nossa Senhora Salus Populi Romani apareceu na Jornada Mundial da Juventude pela primeira vez no ano 2000, quando a r\u00e9plica do \u00edcone tinha lugar junto ao altar papal instalado em Tor Vergata.<\/p>\n<p>Tr\u00eas anos depois, durante a Jornada Mundial da Juventude celebrada em n\u00edvel diocesano, o Papa animava os jovens para que se aproximassem mais de Jesus por meio de sua m\u00e3e. Em sua homilia da Jornada Mundial da Juventude de 2003, disse: \u201cA Virgem Maria nos \u00e9 dada para ajudar-nos a entrar em um contato mais sincero e pessoal com Jesus. Com seu exemplo, ela nos ensina a olhar com amor a Ele, que nos amou primeiro\u201d.<\/p>\n<p>&nbsp;<\/p>\n<p><strong><img loading=\"lazy\" class=\"alignleft wp-image-193085 size-full\" src=\"https:\/\/franciscanos.org.br\/noticias\/wp-content\/uploads\/2018\/12\/jmj-oracao.jpg\" alt=\"\" width=\"300\" height=\"484\" srcset=\"https:\/\/franciscanos.org.br\/noticias\/wp-content\/uploads\/2018\/12\/jmj-oracao.jpg 300w, https:\/\/franciscanos.org.br\/noticias\/wp-content\/uploads\/2018\/12\/jmj-oracao-279x450.jpg 279w, https:\/\/franciscanos.org.br\/noticias\/wp-content\/uploads\/2018\/12\/jmj-oracao-150x242.jpg 150w\" sizes=\"(max-width: 300px) 100vw, 300px\" \/>Ora\u00e7\u00e3o<\/strong><\/p>\n<p>Pai Misericordioso, Tu nos chamas a viver nossa vida como um caminho de salva\u00e7\u00e3o. Ajuda-nos a contemplar o passado com gratid\u00e3o, a assumir o presente com coragem, a construir o futuro com esperan\u00e7a.<\/p>\n<p>Senhor Jesus, amigo e irm\u00e3o, agrade\u00e7o por teu olhar de amor; faze que escutemos tua voz, que ressoa no cora\u00e7\u00e3o de cada um com a for\u00e7a e a luz do Esp\u00edrito Santo.<\/p>\n<p>Concede-nos a gra\u00e7a de ser Igreja em sa\u00edda, anunciando com f\u00e9 viva e com rosto jovem a alegria do Evangelho, para trabalhar na constru\u00e7\u00e3o da sociedade mais justa e fraterna que sonhamos.<br \/>\nPedimos-te pelo Papa e pelos bispos; pelos sacerdotes e di\u00e1conos; pela vida consagrada e pelos volunt\u00e1rios; pelos jovens, por todos que participar\u00e3o da pr\u00f3xima Jornada Mundial da Juventude no Panam\u00e1 e por todos que se preparam para acolh\u00ea-los.<\/p>\n<p>Santa Maria la Antigua, Padroeira do Panam\u00e1, faze que possamos orar e viver com tua mesma generosidade: \u201cEis aqui a serva do Senhor, fa\u00e7a-se em mim segundo a tua palavra\u201d (Lc 1,38).<br \/>\nAm\u00e9m.<\/p>\n<p>&nbsp;<\/p>\n<p>&nbsp;<\/p>\n<p style=\"text-align: right;\">\n","protected":false},"excerpt":{"rendered":"<p>&nbsp; O Panam\u00e1, pa\u00eds da Am\u00e9rica Central com pouco mais de 4 milh\u00f5es de habitantes, se prepara para receber a 15\u00aa edi\u00e7\u00e3o da Jornada Mundial da Juventude (JMJ), que acontece de 22 a 27 de janeiro. O tema escolhido para esta edi\u00e7\u00e3o \u00e9: \u201cEis aqui a serva do Senhor. Fa\u00e7a-se em mim segundo a tua [&hellip;]<\/p>\n","protected":false},"author":7,"featured_media":194960,"comment_status":"open","ping_status":"open","sticky":false,"template":"","format":"standard","meta":[],"categories":[1],"tags":[97],"acf":[],"yoast_head":"<!-- This site is optimized with the Yoast SEO plugin v19.2 - https:\/\/yoast.com\/wordpress\/plugins\/seo\/ -->\n<title>JMJ - A primeira da Am\u00e9rica Central - Not\u00edcias - Franciscanos<\/title>\n<meta name=\"robots\" content=\"index, follow, max-snippet:-1, max-image-preview:large, max-video-preview:-1\" \/>\n<link rel=\"canonical\" href=\"https:\/\/franciscanos.org.br\/noticias\/jmj-a-primeira-da-america-central.html\" \/>\n<meta property=\"og:locale\" content=\"pt_BR\" \/>\n<meta property=\"og:type\" content=\"article\" \/>\n<meta property=\"og:title\" content=\"JMJ - A primeira da Am\u00e9rica Central - Not\u00edcias - Franciscanos\" \/>\n<meta property=\"og:description\" content=\"&nbsp; O Panam\u00e1, pa\u00eds da Am\u00e9rica Central com pouco mais de 4 milh\u00f5es de habitantes, se prepara para receber a 15\u00aa edi\u00e7\u00e3o da Jornada Mundial da Juventude (JMJ), que acontece de 22 a 27 de janeiro. O tema escolhido para esta edi\u00e7\u00e3o \u00e9: \u201cEis aqui a serva do Senhor. Fa\u00e7a-se em mim segundo a tua [&hellip;]\" \/>\n<meta property=\"og:url\" content=\"https:\/\/franciscanos.org.br\/noticias\/jmj-a-primeira-da-america-central.html\" \/>\n<meta property=\"og:site_name\" content=\"Not\u00edcias - Franciscanos\" \/>\n<meta property=\"article:published_time\" content=\"2019-01-15T10:56:45+00:00\" \/>\n<meta property=\"article:modified_time\" content=\"2021-01-20T12:12:51+00:00\" \/>\n<meta property=\"og:image\" content=\"https:\/\/franciscanos.org.br\/noticias\/wp-content\/uploads\/2018\/12\/Panama_180119.jpg\" \/>\n\t<meta property=\"og:image:width\" content=\"273\" \/>\n\t<meta property=\"og:image:height\" content=\"181\" \/>\n\t<meta property=\"og:image:type\" content=\"image\/jpeg\" \/>\n<meta name=\"author\" content=\"jovenal\" \/>\n<meta name=\"twitter:card\" content=\"summary_large_image\" \/>\n<meta name=\"twitter:label1\" content=\"Escrito por\" \/>\n\t<meta name=\"twitter:data1\" content=\"jovenal\" \/>\n\t<meta name=\"twitter:label2\" content=\"Est. tempo de leitura\" \/>\n\t<meta name=\"twitter:data2\" content=\"11 minutos\" \/>\n<script type=\"application\/ld+json\" class=\"yoast-schema-graph\">{\"@context\":\"https:\/\/schema.org\",\"@graph\":[{\"@type\":\"WebSite\",\"@id\":\"https:\/\/franciscanos.org.br\/noticias\/#website\",\"url\":\"https:\/\/franciscanos.org.br\/noticias\/\",\"name\":\"Not\u00edcias - Franciscanos\",\"description\":\"Prov\u00edncia Franciscana da Imaculada Concei\u00e7\u00e3o do Brasil - Ordem dos Frades Menores - OFM\",\"potentialAction\":[{\"@type\":\"SearchAction\",\"target\":{\"@type\":\"EntryPoint\",\"urlTemplate\":\"https:\/\/franciscanos.org.br\/noticias\/?s={search_term_string}\"},\"query-input\":\"required name=search_term_string\"}],\"inLanguage\":\"pt-BR\"},{\"@type\":\"ImageObject\",\"inLanguage\":\"pt-BR\",\"@id\":\"https:\/\/franciscanos.org.br\/noticias\/jmj-a-primeira-da-america-central.html#primaryimage\",\"url\":\"https:\/\/franciscanos.org.br\/noticias\/wp-content\/uploads\/2018\/12\/Panama_180119.jpg\",\"contentUrl\":\"https:\/\/franciscanos.org.br\/noticias\/wp-content\/uploads\/2018\/12\/Panama_180119.jpg\",\"width\":273,\"height\":181},{\"@type\":\"WebPage\",\"@id\":\"https:\/\/franciscanos.org.br\/noticias\/jmj-a-primeira-da-america-central.html#webpage\",\"url\":\"https:\/\/franciscanos.org.br\/noticias\/jmj-a-primeira-da-america-central.html\",\"name\":\"JMJ - A primeira da Am\u00e9rica Central - Not\u00edcias - Franciscanos\",\"isPartOf\":{\"@id\":\"https:\/\/franciscanos.org.br\/noticias\/#website\"},\"primaryImageOfPage\":{\"@id\":\"https:\/\/franciscanos.org.br\/noticias\/jmj-a-primeira-da-america-central.html#primaryimage\"},\"datePublished\":\"2019-01-15T10:56:45+00:00\",\"dateModified\":\"2021-01-20T12:12:51+00:00\",\"author\":{\"@id\":\"https:\/\/franciscanos.org.br\/noticias\/#\/schema\/person\/c3a26b08313dd1772495ce300ab257cc\"},\"breadcrumb\":{\"@id\":\"https:\/\/franciscanos.org.br\/noticias\/jmj-a-primeira-da-america-central.html#breadcrumb\"},\"inLanguage\":\"pt-BR\",\"potentialAction\":[{\"@type\":\"ReadAction\",\"target\":[\"https:\/\/franciscanos.org.br\/noticias\/jmj-a-primeira-da-america-central.html\"]}]},{\"@type\":\"BreadcrumbList\",\"@id\":\"https:\/\/franciscanos.org.br\/noticias\/jmj-a-primeira-da-america-central.html#breadcrumb\",\"itemListElement\":[{\"@type\":\"ListItem\",\"position\":1,\"name\":\"Home\",\"item\":\"https:\/\/franciscanos.org.br\/noticias\"},{\"@type\":\"ListItem\",\"position\":2,\"name\":\"JMJ &#8211; A primeira da Am\u00e9rica Central\"}]},{\"@type\":\"Person\",\"@id\":\"https:\/\/franciscanos.org.br\/noticias\/#\/schema\/person\/c3a26b08313dd1772495ce300ab257cc\",\"name\":\"jovenal\",\"image\":{\"@type\":\"ImageObject\",\"inLanguage\":\"pt-BR\",\"@id\":\"https:\/\/franciscanos.org.br\/noticias\/#\/schema\/person\/image\/\",\"url\":\"https:\/\/secure.gravatar.com\/avatar\/e94509f531086e2eaf97e72f29ea00f9?s=96&d=mm&r=g\",\"contentUrl\":\"https:\/\/secure.gravatar.com\/avatar\/e94509f531086e2eaf97e72f29ea00f9?s=96&d=mm&r=g\",\"caption\":\"jovenal\"},\"url\":\"https:\/\/franciscanos.org.br\/noticias\/author\/jovenal\"}]}<\/script>\n<!-- \/ Yoast SEO plugin. -->","yoast_head_json":{"title":"JMJ - A primeira da Am\u00e9rica Central - Not\u00edcias - Franciscanos","robots":{"index":"index","follow":"follow","max-snippet":"max-snippet:-1","max-image-preview":"max-image-preview:large","max-video-preview":"max-video-preview:-1"},"canonical":"https:\/\/franciscanos.org.br\/noticias\/jmj-a-primeira-da-america-central.html","og_locale":"pt_BR","og_type":"article","og_title":"JMJ - A primeira da Am\u00e9rica Central - Not\u00edcias - Franciscanos","og_description":"&nbsp; O Panam\u00e1, pa\u00eds da Am\u00e9rica Central com pouco mais de 4 milh\u00f5es de habitantes, se prepara para receber a 15\u00aa edi\u00e7\u00e3o da Jornada Mundial da Juventude (JMJ), que acontece de 22 a 27 de janeiro. O tema escolhido para esta edi\u00e7\u00e3o \u00e9: \u201cEis aqui a serva do Senhor. Fa\u00e7a-se em mim segundo a tua [&hellip;]","og_url":"https:\/\/franciscanos.org.br\/noticias\/jmj-a-primeira-da-america-central.html","og_site_name":"Not\u00edcias - Franciscanos","article_published_time":"2019-01-15T10:56:45+00:00","article_modified_time":"2021-01-20T12:12:51+00:00","og_image":[{"width":273,"height":181,"url":"https:\/\/franciscanos.org.br\/noticias\/wp-content\/uploads\/2018\/12\/Panama_180119.jpg","type":"image\/jpeg"}],"author":"jovenal","twitter_card":"summary_large_image","twitter_misc":{"Escrito por":"jovenal","Est. tempo de leitura":"11 minutos"},"schema":{"@context":"https:\/\/schema.org","@graph":[{"@type":"WebSite","@id":"https:\/\/franciscanos.org.br\/noticias\/#website","url":"https:\/\/franciscanos.org.br\/noticias\/","name":"Not\u00edcias - Franciscanos","description":"Prov\u00edncia Franciscana da Imaculada Concei\u00e7\u00e3o do Brasil - Ordem dos Frades Menores - OFM","potentialAction":[{"@type":"SearchAction","target":{"@type":"EntryPoint","urlTemplate":"https:\/\/franciscanos.org.br\/noticias\/?s={search_term_string}"},"query-input":"required name=search_term_string"}],"inLanguage":"pt-BR"},{"@type":"ImageObject","inLanguage":"pt-BR","@id":"https:\/\/franciscanos.org.br\/noticias\/jmj-a-primeira-da-america-central.html#primaryimage","url":"https:\/\/franciscanos.org.br\/noticias\/wp-content\/uploads\/2018\/12\/Panama_180119.jpg","contentUrl":"https:\/\/franciscanos.org.br\/noticias\/wp-content\/uploads\/2018\/12\/Panama_180119.jpg","width":273,"height":181},{"@type":"WebPage","@id":"https:\/\/franciscanos.org.br\/noticias\/jmj-a-primeira-da-america-central.html#webpage","url":"https:\/\/franciscanos.org.br\/noticias\/jmj-a-primeira-da-america-central.html","name":"JMJ - A primeira da Am\u00e9rica Central - Not\u00edcias - Franciscanos","isPartOf":{"@id":"https:\/\/franciscanos.org.br\/noticias\/#website"},"primaryImageOfPage":{"@id":"https:\/\/franciscanos.org.br\/noticias\/jmj-a-primeira-da-america-central.html#primaryimage"},"datePublished":"2019-01-15T10:56:45+00:00","dateModified":"2021-01-20T12:12:51+00:00","author":{"@id":"https:\/\/franciscanos.org.br\/noticias\/#\/schema\/person\/c3a26b08313dd1772495ce300ab257cc"},"breadcrumb":{"@id":"https:\/\/franciscanos.org.br\/noticias\/jmj-a-primeira-da-america-central.html#breadcrumb"},"inLanguage":"pt-BR","potentialAction":[{"@type":"ReadAction","target":["https:\/\/franciscanos.org.br\/noticias\/jmj-a-primeira-da-america-central.html"]}]},{"@type":"BreadcrumbList","@id":"https:\/\/franciscanos.org.br\/noticias\/jmj-a-primeira-da-america-central.html#breadcrumb","itemListElement":[{"@type":"ListItem","position":1,"name":"Home","item":"https:\/\/franciscanos.org.br\/noticias"},{"@type":"ListItem","position":2,"name":"JMJ &#8211; A primeira da Am\u00e9rica Central"}]},{"@type":"Person","@id":"https:\/\/franciscanos.org.br\/noticias\/#\/schema\/person\/c3a26b08313dd1772495ce300ab257cc","name":"jovenal","image":{"@type":"ImageObject","inLanguage":"pt-BR","@id":"https:\/\/franciscanos.org.br\/noticias\/#\/schema\/person\/image\/","url":"https:\/\/secure.gravatar.com\/avatar\/e94509f531086e2eaf97e72f29ea00f9?s=96&d=mm&r=g","contentUrl":"https:\/\/secure.gravatar.com\/avatar\/e94509f531086e2eaf97e72f29ea00f9?s=96&d=mm&r=g","caption":"jovenal"},"url":"https:\/\/franciscanos.org.br\/noticias\/author\/jovenal"}]}},"_links":{"self":[{"href":"https:\/\/franciscanos.org.br\/noticias\/wp-json\/wp\/v2\/posts\/193063"}],"collection":[{"href":"https:\/\/franciscanos.org.br\/noticias\/wp-json\/wp\/v2\/posts"}],"about":[{"href":"https:\/\/franciscanos.org.br\/noticias\/wp-json\/wp\/v2\/types\/post"}],"author":[{"embeddable":true,"href":"https:\/\/franciscanos.org.br\/noticias\/wp-json\/wp\/v2\/users\/7"}],"replies":[{"embeddable":true,"href":"https:\/\/franciscanos.org.br\/noticias\/wp-json\/wp\/v2\/comments?post=193063"}],"version-history":[{"count":2,"href":"https:\/\/franciscanos.org.br\/noticias\/wp-json\/wp\/v2\/posts\/193063\/revisions"}],"predecessor-version":[{"id":230510,"href":"https:\/\/franciscanos.org.br\/noticias\/wp-json\/wp\/v2\/posts\/193063\/revisions\/230510"}],"wp:featuredmedia":[{"embeddable":true,"href":"https:\/\/franciscanos.org.br\/noticias\/wp-json\/wp\/v2\/media\/194960"}],"wp:attachment":[{"href":"https:\/\/franciscanos.org.br\/noticias\/wp-json\/wp\/v2\/media?parent=193063"}],"wp:term":[{"taxonomy":"category","embeddable":true,"href":"https:\/\/franciscanos.org.br\/noticias\/wp-json\/wp\/v2\/categories?post=193063"},{"taxonomy":"post_tag","embeddable":true,"href":"https:\/\/franciscanos.org.br\/noticias\/wp-json\/wp\/v2\/tags?post=193063"}],"curies":[{"name":"wp","href":"https:\/\/api.w.org\/{rel}","templated":true}]}}