{"id":193052,"date":"2019-01-01T08:11:58","date_gmt":"2019-01-01T10:11:58","guid":{"rendered":"https:\/\/franciscanos.org.br\/noticias\/?p=193052"},"modified":"2019-09-02T08:41:11","modified_gmt":"2019-09-02T11:41:11","slug":"nasce-a-casa-mae-de-angola","status":"publish","type":"post","link":"https:\/\/franciscanos.org.br\/noticias\/nasce-a-casa-mae-de-angola.html","title":{"rendered":"Funda\u00e7\u00e3o de Angola inicia seu Noviciado em Quibala"},"content":{"rendered":"<p><img loading=\"lazy\" src=\"https:\/\/franciscanos.org.br\/noticias\/wp-content\/uploads\/2018\/12\/novicos-angola-191218-1200.jpg\" alt=\"\" width=\"1200\" height=\"995\" \/><\/p>\n<p>A Funda\u00e7\u00e3o Imaculada M\u00e3e de Deus de Angola viver\u00e1 mais um momento hist\u00f3rico em 28 anos de miss\u00e3o naquele pa\u00eds. No dia 20 de janeiro, \u00e0s 16 horas, ter\u00e1 in\u00edcio o primeiro ano do Noviciado na Funda\u00e7\u00e3o. A &#8220;Casa-M\u00e3e&#8221; ser\u00e1 em Quibala, onde at\u00e9 2018 funcionou o Postulantado Santo Ant\u00f4nio. Frei Marco Ant\u00f4nio dos Santos, que preparou os postulantes para esta etapa, ser\u00e1 o mestre dos novi\u00e7os nesta nova etapa formativa. Os primeiros novi\u00e7os a fazerem parte deste processo hist\u00f3rico ser\u00e3o:\u00a0Adriano Fernando Sumbelelo, Daniel Carlos Teresa, Fernando Jos\u00e9 Dange, Francisco Lu\u00eds Lupasso, Herculano Jos\u00e9 Nu\u00f1gulo, Il\u00e1rio Kapingala, In\u00e1cio Felipe Puto, Jer\u00f3nimo Cheia M\u00e1rio, Jo\u00e3o Pedro Pessoa Lima, Ven\u00e2ncio Canombelo Candundo.<\/p>\n<div id=\"attachment_193405\" style=\"width: 236px\" class=\"wp-caption alignleft\"><img aria-describedby=\"caption-attachment-193405\" loading=\"lazy\" class=\"wp-image-193405\" src=\"https:\/\/franciscanos.org.br\/noticias\/wp-content\/uploads\/2018\/12\/marco_mestre_020119.jpg\" alt=\"\" width=\"226\" height=\"217\" srcset=\"https:\/\/franciscanos.org.br\/noticias\/wp-content\/uploads\/2018\/12\/marco_mestre_020119.jpg 400w, https:\/\/franciscanos.org.br\/noticias\/wp-content\/uploads\/2018\/12\/marco_mestre_020119-150x144.jpg 150w\" sizes=\"(max-width: 226px) 100vw, 226px\" \/><p id=\"caption-attachment-193405\" class=\"wp-caption-text\"><em>Frei Marco Ant\u00f4nio dos Santos<\/em><\/p><\/div>\n<p>&#8220;Est\u00e1 \u00e9 uma grande alegria e b\u00ean\u00e7\u00e3o para o tempo que estamos vivendo em nossa Miss\u00e3o, em Angola. O Noviciado ser\u00e1 feito aqui e n\u00e3o mais no Brasil. Esta Fraternidade que at\u00e9 ent\u00e3o acolheu os postulantes, a partir de janeiro acolher\u00e1 os novi\u00e7os angolanos. O que muda?! Enquanto processo formativo, no que \u00e9 essencial e vital para o Noviciado, a experi\u00eancia ser\u00e1 a mesma. Entretanto, cientes de que &#8216;novi\u00e7o come\u00e7a a vida na Ordem, e continua o seu discernimento e o aprofundamento da pr\u00f3pria decis\u00e3o de seguir a Jesus Cristo na Igreja e no mundo de hoje, segundo o esp\u00edrito de S\u00e3o Francisco, conhecendo e experimentando mais profundamente a forma de vida franciscana&#8217;, o fato de se viver esta intensa experi\u00eancia na pr\u00f3pria realidade eclesial e cultural, \u00e9 de fundamental valor para o processo formativo deles. Isto, uma vez que a nossa Forma de Vida \u00e9 igual para todos os frades do mundo, mesmo que respeitando a individualidade de cada na\u00e7\u00e3o, de cada indiv\u00edduo, uma vez que procedemos de ambientes geogr\u00e1ficos e de valores culturais bem diversos. \u00c9 deste esp\u00edrito que nasce e se firma a nossa identidade de Ordem no mundo globalizado de hoje, uma Ordem aberta \u00e0 internacionalidade, enquanto \u201cperegrina e estrangeira\u201d, porque cada irm\u00e3o bem formado na sua entidade tem consci\u00eancia de que \u00e9 parte de um projeto muito maior, que nos une e nos integra como fam\u00edlia onde quer que esteja um de nossos irm\u00e3os. Temos a mesma identidade&#8221;, explica Frei Marco.<\/p>\n<p>&#8220;\u00c9 esta a experi\u00eancia que, junto aos nossos irm\u00e3os novi\u00e7os em Rodeio, buscaremos viver aqui em Quibala. Como citado, a ess\u00eancia n\u00e3o pode e nem deve mudar nunca, mas, a busca de amadurecer este processo formativo, nesta realidade, com a coparticipa\u00e7\u00e3o de nossos confrades e novi\u00e7os angolanos ser\u00e1 extraordinariamente pulsante em nossos cora\u00e7\u00f5es, pois o noviciado \u00e9 a &#8216;Casa-m\u00e3e&#8217; e, com a gra\u00e7a de Deus e a ilumina\u00e7\u00e3o do Esp\u00edrito Santo, depois de 28 anos em miss\u00e3o nestas terras, estamos acolhendo a nossa &#8216;Casa-m\u00e3e&#8217; da forma\u00e7\u00e3o, nesta aben\u00e7oada e f\u00e9rtil terra&#8221;, acrescentou o mestre.<\/p>\n<p><img loading=\"lazy\" class=\"alignnone size-full wp-image-193407\" src=\"https:\/\/franciscanos.org.br\/noticias\/wp-content\/uploads\/2019\/01\/quibala_020119.jpg\" alt=\"\" width=\"890\" height=\"668\" srcset=\"https:\/\/franciscanos.org.br\/noticias\/wp-content\/uploads\/2019\/01\/quibala_020119.jpg 890w, https:\/\/franciscanos.org.br\/noticias\/wp-content\/uploads\/2019\/01\/quibala_020119-450x338.jpg 450w, https:\/\/franciscanos.org.br\/noticias\/wp-content\/uploads\/2019\/01\/quibala_020119-768x576.jpg 768w, https:\/\/franciscanos.org.br\/noticias\/wp-content\/uploads\/2019\/01\/quibala_020119-150x113.jpg 150w\" sizes=\"(max-width: 890px) 100vw, 890px\" \/><\/p>\n<p>O ano de\u00a0Postulantado teve\u00a0 11 candidatos, mas, por fatalidade, um veio a falecer\u00a0 e 10 far\u00e3o o noviciado. &#8220;Eles far\u00e3o esta experi\u00eancia de livre e espont\u00e2nea vontade, com brilho no olhar e firme prop\u00f3sito no discipulado de Nosso Senhor Jesus Cristo, a exemplo de S\u00e3o Francisco de Assis. Rezemos para que eles perseverem no chamado que Deus lhes fez!&#8221;, pediu Frei Marco, lembrando que foi um ano intenso e frut\u00edfero no caminho de aprendizado e discipulado na vida franciscana. &#8220;Um ano que nos provocou a passar por um processo de convers\u00e3o pessoal e fraterna e, assim, aos poucos, foi nos preparando para o ano de noviciado. E, neste sentido, posso dizer que esta turma abriu-se para fazer conosco uma experi\u00eancia de Deus, e fazer a experi\u00eancia de Deus \u00e9 se deixar formar pelo esp\u00edrito que nos move e que, aos poucos, vai gerando o nosso jeito, o nosso modo de ser como Frades Menores, firmando assim nossa identidade religiosa. E como \u00e9 gratificante ver e sentir o crescimento deles nesta busca. Com simplicidade fomos, ent\u00e3o, construindo o nosso dia a dia pela ora\u00e7\u00e3o, pelo estudo, pelo trabalho, pela vida em fraternidade e, nesta pr\u00e1xis, \u00e9 forte se deixar surpreender pelo cotidiano, n\u00e3o se deixar perder na \u201cmesmice\u201d de cada dia, serenar as inquietudes, o que \u00e9 bem desafiante para os jovens nesta fase formativa, e creio que para todos n\u00f3s, segundo o tempo que estamos vivendo. Assim sendo, afirmo que \u00e9 gratificante chegar ao final deste ano e ver nos olhos de nossos jovens irm\u00e3os o brilho e a alegria de quem est\u00e1 de cora\u00e7\u00e3o livre e espont\u00e2neo para acolher a nova etapa formativa: o Noviciado.\u00a0Estamos em comunh\u00e3o de ora\u00e7\u00e3o com todos! Em S\u00e3o Francisco e Santa Clara: Paz e Bem!&#8221;, completou Frei Marco.<\/p>\n","protected":false},"excerpt":{"rendered":"<p>A Funda\u00e7\u00e3o Imaculada M\u00e3e de Deus de Angola viver\u00e1 mais um momento hist\u00f3rico em 28 anos de miss\u00e3o naquele pa\u00eds. No dia 20 de janeiro, \u00e0s 16 horas, ter\u00e1 in\u00edcio o primeiro ano do Noviciado na Funda\u00e7\u00e3o. A &#8220;Casa-M\u00e3e&#8221; ser\u00e1 em Quibala, onde at\u00e9 2018 funcionou o Postulantado Santo Ant\u00f4nio. Frei Marco Ant\u00f4nio dos Santos, [&hellip;]<\/p>\n","protected":false},"author":7,"featured_media":209945,"comment_status":"open","ping_status":"open","sticky":false,"template":"","format":"standard","meta":[],"categories":[1],"tags":[360],"acf":[],"yoast_head":"<!-- This site is optimized with the Yoast SEO plugin v19.2 - https:\/\/yoast.com\/wordpress\/plugins\/seo\/ -->\n<title>Funda\u00e7\u00e3o de Angola inicia seu Noviciado em Quibala - Not\u00edcias - Franciscanos<\/title>\n<meta name=\"robots\" content=\"index, follow, max-snippet:-1, max-image-preview:large, max-video-preview:-1\" \/>\n<link rel=\"canonical\" href=\"https:\/\/franciscanos.org.br\/noticias\/nasce-a-casa-mae-de-angola.html\" \/>\n<meta property=\"og:locale\" content=\"pt_BR\" \/>\n<meta property=\"og:type\" content=\"article\" \/>\n<meta property=\"og:title\" content=\"Funda\u00e7\u00e3o de Angola inicia seu Noviciado em Quibala - Not\u00edcias - Franciscanos\" \/>\n<meta property=\"og:description\" content=\"A Funda\u00e7\u00e3o Imaculada M\u00e3e de Deus de Angola viver\u00e1 mais um momento hist\u00f3rico em 28 anos de miss\u00e3o naquele pa\u00eds. No dia 20 de janeiro, \u00e0s 16 horas, ter\u00e1 in\u00edcio o primeiro ano do Noviciado na Funda\u00e7\u00e3o. A &#8220;Casa-M\u00e3e&#8221; ser\u00e1 em Quibala, onde at\u00e9 2018 funcionou o Postulantado Santo Ant\u00f4nio. Frei Marco Ant\u00f4nio dos Santos, [&hellip;]\" \/>\n<meta property=\"og:url\" content=\"https:\/\/franciscanos.org.br\/noticias\/nasce-a-casa-mae-de-angola.html\" \/>\n<meta property=\"og:site_name\" content=\"Not\u00edcias - Franciscanos\" \/>\n<meta property=\"article:published_time\" content=\"2019-01-01T10:11:58+00:00\" \/>\n<meta property=\"article:modified_time\" content=\"2019-09-02T11:41:11+00:00\" \/>\n<meta property=\"og:image\" content=\"https:\/\/franciscanos.org.br\/noticias\/wp-content\/uploads\/2019\/01\/quibala_020119-1.jpg\" \/>\n\t<meta property=\"og:image:width\" content=\"273\" \/>\n\t<meta property=\"og:image:height\" content=\"181\" \/>\n\t<meta property=\"og:image:type\" content=\"image\/jpeg\" \/>\n<meta name=\"author\" content=\"jovenal\" \/>\n<meta name=\"twitter:card\" content=\"summary_large_image\" \/>\n<meta name=\"twitter:label1\" content=\"Escrito por\" \/>\n\t<meta name=\"twitter:data1\" content=\"jovenal\" \/>\n\t<meta name=\"twitter:label2\" content=\"Est. tempo de leitura\" \/>\n\t<meta name=\"twitter:data2\" content=\"4 minutos\" \/>\n<script type=\"application\/ld+json\" class=\"yoast-schema-graph\">{\"@context\":\"https:\/\/schema.org\",\"@graph\":[{\"@type\":\"WebSite\",\"@id\":\"https:\/\/franciscanos.org.br\/noticias\/#website\",\"url\":\"https:\/\/franciscanos.org.br\/noticias\/\",\"name\":\"Not\u00edcias - Franciscanos\",\"description\":\"Prov\u00edncia Franciscana da Imaculada Concei\u00e7\u00e3o do Brasil - Ordem dos Frades Menores - OFM\",\"potentialAction\":[{\"@type\":\"SearchAction\",\"target\":{\"@type\":\"EntryPoint\",\"urlTemplate\":\"https:\/\/franciscanos.org.br\/noticias\/?s={search_term_string}\"},\"query-input\":\"required name=search_term_string\"}],\"inLanguage\":\"pt-BR\"},{\"@type\":\"ImageObject\",\"inLanguage\":\"pt-BR\",\"@id\":\"https:\/\/franciscanos.org.br\/noticias\/nasce-a-casa-mae-de-angola.html#primaryimage\",\"url\":\"https:\/\/franciscanos.org.br\/noticias\/wp-content\/uploads\/2019\/01\/quibala_020119-1.jpg\",\"contentUrl\":\"https:\/\/franciscanos.org.br\/noticias\/wp-content\/uploads\/2019\/01\/quibala_020119-1.jpg\",\"width\":273,\"height\":181},{\"@type\":\"WebPage\",\"@id\":\"https:\/\/franciscanos.org.br\/noticias\/nasce-a-casa-mae-de-angola.html#webpage\",\"url\":\"https:\/\/franciscanos.org.br\/noticias\/nasce-a-casa-mae-de-angola.html\",\"name\":\"Funda\u00e7\u00e3o de Angola inicia seu Noviciado em Quibala - Not\u00edcias - Franciscanos\",\"isPartOf\":{\"@id\":\"https:\/\/franciscanos.org.br\/noticias\/#website\"},\"primaryImageOfPage\":{\"@id\":\"https:\/\/franciscanos.org.br\/noticias\/nasce-a-casa-mae-de-angola.html#primaryimage\"},\"datePublished\":\"2019-01-01T10:11:58+00:00\",\"dateModified\":\"2019-09-02T11:41:11+00:00\",\"author\":{\"@id\":\"https:\/\/franciscanos.org.br\/noticias\/#\/schema\/person\/c3a26b08313dd1772495ce300ab257cc\"},\"breadcrumb\":{\"@id\":\"https:\/\/franciscanos.org.br\/noticias\/nasce-a-casa-mae-de-angola.html#breadcrumb\"},\"inLanguage\":\"pt-BR\",\"potentialAction\":[{\"@type\":\"ReadAction\",\"target\":[\"https:\/\/franciscanos.org.br\/noticias\/nasce-a-casa-mae-de-angola.html\"]}]},{\"@type\":\"BreadcrumbList\",\"@id\":\"https:\/\/franciscanos.org.br\/noticias\/nasce-a-casa-mae-de-angola.html#breadcrumb\",\"itemListElement\":[{\"@type\":\"ListItem\",\"position\":1,\"name\":\"Home\",\"item\":\"https:\/\/franciscanos.org.br\/noticias\"},{\"@type\":\"ListItem\",\"position\":2,\"name\":\"Funda\u00e7\u00e3o de Angola inicia seu Noviciado em Quibala\"}]},{\"@type\":\"Person\",\"@id\":\"https:\/\/franciscanos.org.br\/noticias\/#\/schema\/person\/c3a26b08313dd1772495ce300ab257cc\",\"name\":\"jovenal\",\"image\":{\"@type\":\"ImageObject\",\"inLanguage\":\"pt-BR\",\"@id\":\"https:\/\/franciscanos.org.br\/noticias\/#\/schema\/person\/image\/\",\"url\":\"https:\/\/secure.gravatar.com\/avatar\/e94509f531086e2eaf97e72f29ea00f9?s=96&d=mm&r=g\",\"contentUrl\":\"https:\/\/secure.gravatar.com\/avatar\/e94509f531086e2eaf97e72f29ea00f9?s=96&d=mm&r=g\",\"caption\":\"jovenal\"},\"url\":\"https:\/\/franciscanos.org.br\/noticias\/author\/jovenal\"}]}<\/script>\n<!-- \/ Yoast SEO plugin. -->","yoast_head_json":{"title":"Funda\u00e7\u00e3o de Angola inicia seu Noviciado em Quibala - Not\u00edcias - Franciscanos","robots":{"index":"index","follow":"follow","max-snippet":"max-snippet:-1","max-image-preview":"max-image-preview:large","max-video-preview":"max-video-preview:-1"},"canonical":"https:\/\/franciscanos.org.br\/noticias\/nasce-a-casa-mae-de-angola.html","og_locale":"pt_BR","og_type":"article","og_title":"Funda\u00e7\u00e3o de Angola inicia seu Noviciado em Quibala - Not\u00edcias - Franciscanos","og_description":"A Funda\u00e7\u00e3o Imaculada M\u00e3e de Deus de Angola viver\u00e1 mais um momento hist\u00f3rico em 28 anos de miss\u00e3o naquele pa\u00eds. No dia 20 de janeiro, \u00e0s 16 horas, ter\u00e1 in\u00edcio o primeiro ano do Noviciado na Funda\u00e7\u00e3o. A &#8220;Casa-M\u00e3e&#8221; ser\u00e1 em Quibala, onde at\u00e9 2018 funcionou o Postulantado Santo Ant\u00f4nio. Frei Marco Ant\u00f4nio dos Santos, [&hellip;]","og_url":"https:\/\/franciscanos.org.br\/noticias\/nasce-a-casa-mae-de-angola.html","og_site_name":"Not\u00edcias - Franciscanos","article_published_time":"2019-01-01T10:11:58+00:00","article_modified_time":"2019-09-02T11:41:11+00:00","og_image":[{"width":273,"height":181,"url":"https:\/\/franciscanos.org.br\/noticias\/wp-content\/uploads\/2019\/01\/quibala_020119-1.jpg","type":"image\/jpeg"}],"author":"jovenal","twitter_card":"summary_large_image","twitter_misc":{"Escrito por":"jovenal","Est. tempo de leitura":"4 minutos"},"schema":{"@context":"https:\/\/schema.org","@graph":[{"@type":"WebSite","@id":"https:\/\/franciscanos.org.br\/noticias\/#website","url":"https:\/\/franciscanos.org.br\/noticias\/","name":"Not\u00edcias - Franciscanos","description":"Prov\u00edncia Franciscana da Imaculada Concei\u00e7\u00e3o do Brasil - Ordem dos Frades Menores - OFM","potentialAction":[{"@type":"SearchAction","target":{"@type":"EntryPoint","urlTemplate":"https:\/\/franciscanos.org.br\/noticias\/?s={search_term_string}"},"query-input":"required name=search_term_string"}],"inLanguage":"pt-BR"},{"@type":"ImageObject","inLanguage":"pt-BR","@id":"https:\/\/franciscanos.org.br\/noticias\/nasce-a-casa-mae-de-angola.html#primaryimage","url":"https:\/\/franciscanos.org.br\/noticias\/wp-content\/uploads\/2019\/01\/quibala_020119-1.jpg","contentUrl":"https:\/\/franciscanos.org.br\/noticias\/wp-content\/uploads\/2019\/01\/quibala_020119-1.jpg","width":273,"height":181},{"@type":"WebPage","@id":"https:\/\/franciscanos.org.br\/noticias\/nasce-a-casa-mae-de-angola.html#webpage","url":"https:\/\/franciscanos.org.br\/noticias\/nasce-a-casa-mae-de-angola.html","name":"Funda\u00e7\u00e3o de Angola inicia seu Noviciado em Quibala - Not\u00edcias - Franciscanos","isPartOf":{"@id":"https:\/\/franciscanos.org.br\/noticias\/#website"},"primaryImageOfPage":{"@id":"https:\/\/franciscanos.org.br\/noticias\/nasce-a-casa-mae-de-angola.html#primaryimage"},"datePublished":"2019-01-01T10:11:58+00:00","dateModified":"2019-09-02T11:41:11+00:00","author":{"@id":"https:\/\/franciscanos.org.br\/noticias\/#\/schema\/person\/c3a26b08313dd1772495ce300ab257cc"},"breadcrumb":{"@id":"https:\/\/franciscanos.org.br\/noticias\/nasce-a-casa-mae-de-angola.html#breadcrumb"},"inLanguage":"pt-BR","potentialAction":[{"@type":"ReadAction","target":["https:\/\/franciscanos.org.br\/noticias\/nasce-a-casa-mae-de-angola.html"]}]},{"@type":"BreadcrumbList","@id":"https:\/\/franciscanos.org.br\/noticias\/nasce-a-casa-mae-de-angola.html#breadcrumb","itemListElement":[{"@type":"ListItem","position":1,"name":"Home","item":"https:\/\/franciscanos.org.br\/noticias"},{"@type":"ListItem","position":2,"name":"Funda\u00e7\u00e3o de Angola inicia seu Noviciado em Quibala"}]},{"@type":"Person","@id":"https:\/\/franciscanos.org.br\/noticias\/#\/schema\/person\/c3a26b08313dd1772495ce300ab257cc","name":"jovenal","image":{"@type":"ImageObject","inLanguage":"pt-BR","@id":"https:\/\/franciscanos.org.br\/noticias\/#\/schema\/person\/image\/","url":"https:\/\/secure.gravatar.com\/avatar\/e94509f531086e2eaf97e72f29ea00f9?s=96&d=mm&r=g","contentUrl":"https:\/\/secure.gravatar.com\/avatar\/e94509f531086e2eaf97e72f29ea00f9?s=96&d=mm&r=g","caption":"jovenal"},"url":"https:\/\/franciscanos.org.br\/noticias\/author\/jovenal"}]}},"_links":{"self":[{"href":"https:\/\/franciscanos.org.br\/noticias\/wp-json\/wp\/v2\/posts\/193052"}],"collection":[{"href":"https:\/\/franciscanos.org.br\/noticias\/wp-json\/wp\/v2\/posts"}],"about":[{"href":"https:\/\/franciscanos.org.br\/noticias\/wp-json\/wp\/v2\/types\/post"}],"author":[{"embeddable":true,"href":"https:\/\/franciscanos.org.br\/noticias\/wp-json\/wp\/v2\/users\/7"}],"replies":[{"embeddable":true,"href":"https:\/\/franciscanos.org.br\/noticias\/wp-json\/wp\/v2\/comments?post=193052"}],"version-history":[{"count":0,"href":"https:\/\/franciscanos.org.br\/noticias\/wp-json\/wp\/v2\/posts\/193052\/revisions"}],"wp:featuredmedia":[{"embeddable":true,"href":"https:\/\/franciscanos.org.br\/noticias\/wp-json\/wp\/v2\/media\/209945"}],"wp:attachment":[{"href":"https:\/\/franciscanos.org.br\/noticias\/wp-json\/wp\/v2\/media?parent=193052"}],"wp:term":[{"taxonomy":"category","embeddable":true,"href":"https:\/\/franciscanos.org.br\/noticias\/wp-json\/wp\/v2\/categories?post=193052"},{"taxonomy":"post_tag","embeddable":true,"href":"https:\/\/franciscanos.org.br\/noticias\/wp-json\/wp\/v2\/tags?post=193052"}],"curies":[{"name":"wp","href":"https:\/\/api.w.org\/{rel}","templated":true}]}}