{"id":193041,"date":"2019-01-08T15:57:54","date_gmt":"2019-01-08T17:57:54","guid":{"rendered":"https:\/\/franciscanos.org.br\/noticias\/?p=193041"},"modified":"2019-09-02T08:46:12","modified_gmt":"2019-09-02T11:46:12","slug":"8a-edicao-da-caminhada-franciscana-da-juventude-em-curitibanos","status":"publish","type":"post","link":"https:\/\/franciscanos.org.br\/noticias\/8a-edicao-da-caminhada-franciscana-da-juventude-em-curitibanos.html","title":{"rendered":"Em Curitibanos, a 8\u00aa edi\u00e7\u00e3o da Caminhada Franciscana da Juventude"},"content":{"rendered":"<h2><img loading=\"lazy\" src=\"https:\/\/franciscanos.org.br\/noticias\/wp-content\/uploads\/2018\/12\/caminhada-191218-1200.jpg\" alt=\"\" width=\"1200\" height=\"800\" \/><\/h2>\n<p>&nbsp;<\/p>\n<p><strong>\u00c9rika Augusto<\/strong><\/p>\n<p>Quando a Caminhada Franciscana da Juventude (CFJ) surgiu, em 2012, talvez ningu\u00e9m imaginasse que essa iniciativa evangelizadora daria t\u00e3o certo. De l\u00e1 para c\u00e1, foram realizadas sete edi\u00e7\u00f5es em tr\u00eas estados da Prov\u00edncia: S\u00e3o Paulo, Santa Catarina e Paran\u00e1. No total, mais de 2.200 jovens participaram das CFJ. Somente nos dias do evento, foram percorridos 255 km. Isso sem contar as idas e vindas para as reuni\u00f5es de prepara\u00e7\u00e3o, as caminhadas feitas pelos organizadores para ver a viabilidade do trajeto, a ida e vinda dos participantes para sua cidade local e tantos outros quil\u00f4metros percorridos.<\/p>\n<p>Desta vez, a serra catarinense acolhe a atividade, que chega \u00e0 sua 8\u00aa edi\u00e7\u00e3o. A cidade de Curitibanos, com pouco mais de 40 mil habitantes, est\u00e1 de bra\u00e7os abertos para receber os mais de 500 participantes, n\u00famero esperado pela organiza\u00e7\u00e3o da CFJ. Entre os dias 11 e 13 de janeiro, jovens vestidos com os famosos coletes amarelos estar\u00e3o pelas ruas de Curitibanos, levando muita f\u00e9 e anima\u00e7\u00e3o por onde passarem.<\/p>\n<p>Neste ano, os 800 anos do encontro de S\u00e3o Francisco com o Sult\u00e3o ser\u00e1 trabalhado durante a atividade. O tema escolhido foi S\u00e3o Francisco e o Sult\u00e3o: rompendo fronteiras no di\u00e1logo pela paz, e o lema: \u201cTodos saber\u00e3o que sois meus disc\u00edpulos, se vos amardes uns aos outros.\u201d (Jo 13, 35). Durante os momentos de m\u00edstica, este cap\u00edtulo da vida de S\u00e3o Francisco ser\u00e1 recordado e atualizado para a realidade atual.<\/p>\n<p>Frei Diego Atalino de Melo, coordenador do Servi\u00e7o de Anima\u00e7\u00e3o Vocacional (SAV), destaca que esta edi\u00e7\u00e3o atende um pedido dos jovens e das fam\u00edlias acolhedoras. A CFJ acontecer\u00e1 em 3 dias, e n\u00e3o 2, como acontecia. Segundo ele, a motiva\u00e7\u00e3o nasce do desejo de que os jovens tenham mais contato com os anfitri\u00f5es e a realidade local. \u201cA estadia nas fam\u00edlias \u00e9 um momento forte e oportuno de evangeliza\u00e7\u00e3o, troca de conhecimentos, cultura, partilha de vida. Viver a cultura do encontro, como pede o Papa Francisco\u201d, afirma o frade.<\/p>\n<p>Para esta edi\u00e7\u00e3o, al\u00e9m do aumento no n\u00famero de dias, outra novidade \u00e9 a inscri\u00e7\u00e3o, que foi feita totalmente online, atrav\u00e9s de uma plataforma digital. Frei Diego destaca que al\u00e9m da facilidade no recebimento dos dados do inscrito, a mudan\u00e7a ajudou tamb\u00e9m os participantes, por dar a op\u00e7\u00e3o de pagamento com boleto ou parcelamento com cart\u00e3o de cr\u00e9dito. Al\u00e9m da inscri\u00e7\u00e3o, os jovens se organizam nas comunidades para custear outros gastos, como a viagem, que muitas vezes tem um custo alto.<\/p>\n<p>Al\u00e9m disso, o frade destaca outro aspecto desta 8\u00aa edi\u00e7\u00e3o: \u201cNesta Caminhada, seremos acolhidos em grande parte por comunidades rurais. Os jovens ter\u00e3o contato com a realidade de quem vive e trabalha no campo, se alimenta daquilo que produz\u201d, celebra Frei Diego.<\/p>\n<p>O jovem Vin\u00edcius Ortiz, de 20 anos, que est\u00e1 na equipe de Comunica\u00e7\u00e3o da CFJ, afirma que mais de 80 pessoas est\u00e3o na organiza\u00e7\u00e3o da CFJ, que ser\u00e1 sediada na Par\u00f3quia Imaculada Concei\u00e7\u00e3o, em Curitibanos. \u201cEm maio formamos um grupo inicial para discutir os primeiros detalhes em rela\u00e7\u00e3o ao trajeto, apoiadores, divulga\u00e7\u00e3o, etc. A prepara\u00e7\u00e3o est\u00e1 a todo vapor! J\u00e1 realizamos a separa\u00e7\u00e3o dos setores, conversamos com as comunidades e divulgamos a caminhada, principalmente para os jovens da cidade. A regi\u00e3o de Curitibanos tem uma cultura agropecu\u00e1ria muito forte, fato que colaborou para a escolha do trajeto. Estamos em cerca de 80 pessoas ligadas \u00e0 organiza\u00e7\u00e3o, envolvendo a juventude, coordenadores de pastorais, l\u00edderes das comunidades, al\u00e9m dos frades e das religiosas\u201d, afirma.<\/p>\n<p>Para ele, que j\u00e1 participou de duas edi\u00e7\u00f5es da CFJ, receber a atividade em sua cidade ser\u00e1 um momento de emo\u00e7\u00e3o e testemunho. \u201cA caminhada nos proporciona v\u00e1rios momentos maravilhosos em que Cristo e S\u00e3o Francisco de Assis se fazem presentes, mesmo quando nem percebemos. Ver v\u00e1rios jovens saindo de suas cidades (algumas muito longe) para caminhar tr\u00eas dias chega a ser loucura, mas uma loucura boa, pois sabemos que dentro de cada cora\u00e7\u00e3o existe um sentimento de alegria, amor e esperan\u00e7a. S\u00e3o esses pequenos detalhes que me mostram que este \u00e9 o caminho certo a se seguir\u201d, assegura Vin\u00edcius.<\/p>\n<p>Para Frei Diego Melo, este tipo de contato direto com a juventude tem trazido muitos frutos para a Prov\u00edncia. \u201cNo Cap\u00edtulo Provincial as atividades do SAV foram avaliadas positivamente. Cada vez mais vamos consolidando um trabalho de evangeliza\u00e7\u00e3o da juventude, criando v\u00ednculos de amizade e refor\u00e7ando a divulga\u00e7\u00e3o do nosso carisma. A cada ano que passa, voca\u00e7\u00f5es s\u00e3o despertadas e\/ou confirmadas atrav\u00e9s destes eventos\u201d, salienta.<\/p>\n<p><img loading=\"lazy\" src=\"https:\/\/franciscanos.org.br\/noticias\/wp-content\/uploads\/2018\/12\/caminhada-191218-850.jpg\" alt=\"\" width=\"850\" height=\"567\" \/><\/p>\n<h3><strong>Presen\u00e7a franciscana com mais de 120 anos<\/strong><\/h3>\n<p>No dia 20 de junho de 1894, Frei Herculano Limpinsel foi nomeado vig\u00e1rio de Curitibanos. At\u00e9 ent\u00e3o, os franciscanos marcavam presen\u00e7a na serra catarinense na cidade de Lages. Em 2 de outubro de 1891, falece o Pe. Ant\u00f4nio Luiz Esteves de Carvalho, pertencente ao bispado do Rio de Janeiro e h\u00e1 38 anos trabalhando em Lages. Em virtude disso, o bispo do Rio de Janeiro confia a par\u00f3quia aos cuidados dos franciscanos.<\/p>\n<p>Somente em 15 de fevereiro de 1896, Dom Jos\u00e9 de Camargo Barros, bispo de Curitiba, dava a provis\u00e3o de vig\u00e1rio de Curitibanos a Frei Herculano. Frei Rog\u00e9rio Neuhaus (+ 1934) e Frei Redento Kullmann (+ 1957) assumiram, neste mesmo ano, as fun\u00e7\u00f5es de vig\u00e1rio e coadjuntor das par\u00f3quias de Curitibanos e Campos Novos.<\/p>\n<p>No dia 27 de junho de 1899, Frei Herculano requereu da Prefeitura e recebeu um terreno ao lado da matriz para a constru\u00e7\u00e3o de uma casa paroquial. A constru\u00e7\u00e3o teve in\u00edcio imediatamente.<\/p>\n<p>No dia 24 de julho de 1900, chega a Curitibanos o novo vig\u00e1rio residente, Frei Osvaldo Schlenger que, n\u00e3o encontrando pronta a casa paroquial, hospedou-se provisoriamente na casa de dona C\u00e2ndida Hoefling. Como, naquele 24 de julho, se celebrava a festa do grande mission\u00e1rio franciscano S\u00e3o Francisco Solano (1549-1610), a resid\u00eancia em constru\u00e7\u00e3o foi batizada de Casa S\u00e3o Francisco Solano, nome que a Casa Paroquial conserva at\u00e9 hoje.<\/p>\n<p>Al\u00e9m da Par\u00f3quia, os frades tamb\u00e9m marcam presen\u00e7a importante no campo da Comunica\u00e7\u00e3o, atrav\u00e9s das R\u00e1dios Coroado e Movimento, pertencentes \u00e0 Funda\u00e7\u00e3o Frei Rog\u00e9rio.<\/p>\n<h3><strong>N\u00fameros da CFJ<\/strong><\/h3>\n<p style=\"padding-left: 30px;\"><strong>1\u00aa edi\u00e7\u00e3o:<\/strong> Guaratinguet\u00e1 (SP), 60 km, 36 participantes.<br \/>\n<strong>2\u00aa edi\u00e7\u00e3o:<\/strong> Guaratinguet\u00e1\/ Fazenda da Esperan\u00e7a (SP), 29 km, 120 participantes.<br \/>\n<strong>3\u00aa edi\u00e7\u00e3o:<\/strong> Angelina (SC), 22 km, 180 participantes.<br \/>\n<strong>4\u00aa edi\u00e7\u00e3o:<\/strong> Curitiba (PR), 20 km, 300 participantes.<br \/>\n<strong>5\u00aa edi\u00e7\u00e3o:<\/strong> Bauru\/ Agudos (SP), 50 km, 270 participantes.<br \/>\n<strong>6\u00aa edi\u00e7\u00e3o:<\/strong> Rodeio (SC), 36 km, 550 participantes.<br \/>\n<strong>7\u00aa edi\u00e7\u00e3o:<\/strong> Campos do Jord\u00e3o (SP), 38 km, 800 participantes.<\/p>\n","protected":false},"excerpt":{"rendered":"<p>&nbsp; \u00c9rika Augusto Quando a Caminhada Franciscana da Juventude (CFJ) surgiu, em 2012, talvez ningu\u00e9m imaginasse que essa iniciativa evangelizadora daria t\u00e3o certo. De l\u00e1 para c\u00e1, foram realizadas sete edi\u00e7\u00f5es em tr\u00eas estados da Prov\u00edncia: S\u00e3o Paulo, Santa Catarina e Paran\u00e1. No total, mais de 2.200 jovens participaram das CFJ. Somente nos dias do [&hellip;]<\/p>\n","protected":false},"author":7,"featured_media":209953,"comment_status":"open","ping_status":"open","sticky":false,"template":"","format":"standard","meta":[],"categories":[1],"tags":[699],"acf":[],"yoast_head":"<!-- This site is optimized with the Yoast SEO plugin v19.2 - https:\/\/yoast.com\/wordpress\/plugins\/seo\/ -->\n<title>Em Curitibanos, a 8\u00aa edi\u00e7\u00e3o da Caminhada Franciscana da Juventude - Not\u00edcias - Franciscanos<\/title>\n<meta name=\"robots\" content=\"index, follow, max-snippet:-1, max-image-preview:large, max-video-preview:-1\" \/>\n<link rel=\"canonical\" href=\"https:\/\/franciscanos.org.br\/noticias\/8a-edicao-da-caminhada-franciscana-da-juventude-em-curitibanos.html\" \/>\n<meta property=\"og:locale\" content=\"pt_BR\" \/>\n<meta property=\"og:type\" content=\"article\" \/>\n<meta property=\"og:title\" content=\"Em Curitibanos, a 8\u00aa edi\u00e7\u00e3o da Caminhada Franciscana da Juventude - Not\u00edcias - Franciscanos\" \/>\n<meta property=\"og:description\" content=\"&nbsp; \u00c9rika Augusto Quando a Caminhada Franciscana da Juventude (CFJ) surgiu, em 2012, talvez ningu\u00e9m imaginasse que essa iniciativa evangelizadora daria t\u00e3o certo. De l\u00e1 para c\u00e1, foram realizadas sete edi\u00e7\u00f5es em tr\u00eas estados da Prov\u00edncia: S\u00e3o Paulo, Santa Catarina e Paran\u00e1. No total, mais de 2.200 jovens participaram das CFJ. Somente nos dias do [&hellip;]\" \/>\n<meta property=\"og:url\" content=\"https:\/\/franciscanos.org.br\/noticias\/8a-edicao-da-caminhada-franciscana-da-juventude-em-curitibanos.html\" \/>\n<meta property=\"og:site_name\" content=\"Not\u00edcias - Franciscanos\" \/>\n<meta property=\"article:published_time\" content=\"2019-01-08T17:57:54+00:00\" \/>\n<meta property=\"article:modified_time\" content=\"2019-09-02T11:46:12+00:00\" \/>\n<meta property=\"og:image\" content=\"https:\/\/franciscanos.org.br\/noticias\/wp-content\/uploads\/2019\/01\/caminhada-191218-1200.jpg\" \/>\n\t<meta property=\"og:image:width\" content=\"273\" \/>\n\t<meta property=\"og:image:height\" content=\"182\" \/>\n\t<meta property=\"og:image:type\" content=\"image\/jpeg\" \/>\n<meta name=\"author\" content=\"jovenal\" \/>\n<meta name=\"twitter:card\" content=\"summary_large_image\" \/>\n<meta name=\"twitter:label1\" content=\"Escrito por\" \/>\n\t<meta name=\"twitter:data1\" content=\"jovenal\" \/>\n\t<meta name=\"twitter:label2\" content=\"Est. tempo de leitura\" \/>\n\t<meta name=\"twitter:data2\" content=\"6 minutos\" \/>\n<script type=\"application\/ld+json\" class=\"yoast-schema-graph\">{\"@context\":\"https:\/\/schema.org\",\"@graph\":[{\"@type\":\"WebSite\",\"@id\":\"https:\/\/franciscanos.org.br\/noticias\/#website\",\"url\":\"https:\/\/franciscanos.org.br\/noticias\/\",\"name\":\"Not\u00edcias - Franciscanos\",\"description\":\"Prov\u00edncia Franciscana da Imaculada Concei\u00e7\u00e3o do Brasil - Ordem dos Frades Menores - OFM\",\"potentialAction\":[{\"@type\":\"SearchAction\",\"target\":{\"@type\":\"EntryPoint\",\"urlTemplate\":\"https:\/\/franciscanos.org.br\/noticias\/?s={search_term_string}\"},\"query-input\":\"required name=search_term_string\"}],\"inLanguage\":\"pt-BR\"},{\"@type\":\"ImageObject\",\"inLanguage\":\"pt-BR\",\"@id\":\"https:\/\/franciscanos.org.br\/noticias\/8a-edicao-da-caminhada-franciscana-da-juventude-em-curitibanos.html#primaryimage\",\"url\":\"https:\/\/franciscanos.org.br\/noticias\/wp-content\/uploads\/2019\/01\/caminhada-191218-1200.jpg\",\"contentUrl\":\"https:\/\/franciscanos.org.br\/noticias\/wp-content\/uploads\/2019\/01\/caminhada-191218-1200.jpg\",\"width\":273,\"height\":182},{\"@type\":\"WebPage\",\"@id\":\"https:\/\/franciscanos.org.br\/noticias\/8a-edicao-da-caminhada-franciscana-da-juventude-em-curitibanos.html#webpage\",\"url\":\"https:\/\/franciscanos.org.br\/noticias\/8a-edicao-da-caminhada-franciscana-da-juventude-em-curitibanos.html\",\"name\":\"Em Curitibanos, a 8\u00aa edi\u00e7\u00e3o da Caminhada Franciscana da Juventude - Not\u00edcias - Franciscanos\",\"isPartOf\":{\"@id\":\"https:\/\/franciscanos.org.br\/noticias\/#website\"},\"primaryImageOfPage\":{\"@id\":\"https:\/\/franciscanos.org.br\/noticias\/8a-edicao-da-caminhada-franciscana-da-juventude-em-curitibanos.html#primaryimage\"},\"datePublished\":\"2019-01-08T17:57:54+00:00\",\"dateModified\":\"2019-09-02T11:46:12+00:00\",\"author\":{\"@id\":\"https:\/\/franciscanos.org.br\/noticias\/#\/schema\/person\/c3a26b08313dd1772495ce300ab257cc\"},\"breadcrumb\":{\"@id\":\"https:\/\/franciscanos.org.br\/noticias\/8a-edicao-da-caminhada-franciscana-da-juventude-em-curitibanos.html#breadcrumb\"},\"inLanguage\":\"pt-BR\",\"potentialAction\":[{\"@type\":\"ReadAction\",\"target\":[\"https:\/\/franciscanos.org.br\/noticias\/8a-edicao-da-caminhada-franciscana-da-juventude-em-curitibanos.html\"]}]},{\"@type\":\"BreadcrumbList\",\"@id\":\"https:\/\/franciscanos.org.br\/noticias\/8a-edicao-da-caminhada-franciscana-da-juventude-em-curitibanos.html#breadcrumb\",\"itemListElement\":[{\"@type\":\"ListItem\",\"position\":1,\"name\":\"Home\",\"item\":\"https:\/\/franciscanos.org.br\/noticias\"},{\"@type\":\"ListItem\",\"position\":2,\"name\":\"Em Curitibanos, a 8\u00aa edi\u00e7\u00e3o da Caminhada Franciscana da Juventude\"}]},{\"@type\":\"Person\",\"@id\":\"https:\/\/franciscanos.org.br\/noticias\/#\/schema\/person\/c3a26b08313dd1772495ce300ab257cc\",\"name\":\"jovenal\",\"image\":{\"@type\":\"ImageObject\",\"inLanguage\":\"pt-BR\",\"@id\":\"https:\/\/franciscanos.org.br\/noticias\/#\/schema\/person\/image\/\",\"url\":\"https:\/\/secure.gravatar.com\/avatar\/e94509f531086e2eaf97e72f29ea00f9?s=96&d=mm&r=g\",\"contentUrl\":\"https:\/\/secure.gravatar.com\/avatar\/e94509f531086e2eaf97e72f29ea00f9?s=96&d=mm&r=g\",\"caption\":\"jovenal\"},\"url\":\"https:\/\/franciscanos.org.br\/noticias\/author\/jovenal\"}]}<\/script>\n<!-- \/ Yoast SEO plugin. -->","yoast_head_json":{"title":"Em Curitibanos, a 8\u00aa edi\u00e7\u00e3o da Caminhada Franciscana da Juventude - Not\u00edcias - Franciscanos","robots":{"index":"index","follow":"follow","max-snippet":"max-snippet:-1","max-image-preview":"max-image-preview:large","max-video-preview":"max-video-preview:-1"},"canonical":"https:\/\/franciscanos.org.br\/noticias\/8a-edicao-da-caminhada-franciscana-da-juventude-em-curitibanos.html","og_locale":"pt_BR","og_type":"article","og_title":"Em Curitibanos, a 8\u00aa edi\u00e7\u00e3o da Caminhada Franciscana da Juventude - Not\u00edcias - Franciscanos","og_description":"&nbsp; \u00c9rika Augusto Quando a Caminhada Franciscana da Juventude (CFJ) surgiu, em 2012, talvez ningu\u00e9m imaginasse que essa iniciativa evangelizadora daria t\u00e3o certo. De l\u00e1 para c\u00e1, foram realizadas sete edi\u00e7\u00f5es em tr\u00eas estados da Prov\u00edncia: S\u00e3o Paulo, Santa Catarina e Paran\u00e1. No total, mais de 2.200 jovens participaram das CFJ. Somente nos dias do [&hellip;]","og_url":"https:\/\/franciscanos.org.br\/noticias\/8a-edicao-da-caminhada-franciscana-da-juventude-em-curitibanos.html","og_site_name":"Not\u00edcias - Franciscanos","article_published_time":"2019-01-08T17:57:54+00:00","article_modified_time":"2019-09-02T11:46:12+00:00","og_image":[{"width":273,"height":182,"url":"https:\/\/franciscanos.org.br\/noticias\/wp-content\/uploads\/2019\/01\/caminhada-191218-1200.jpg","type":"image\/jpeg"}],"author":"jovenal","twitter_card":"summary_large_image","twitter_misc":{"Escrito por":"jovenal","Est. tempo de leitura":"6 minutos"},"schema":{"@context":"https:\/\/schema.org","@graph":[{"@type":"WebSite","@id":"https:\/\/franciscanos.org.br\/noticias\/#website","url":"https:\/\/franciscanos.org.br\/noticias\/","name":"Not\u00edcias - Franciscanos","description":"Prov\u00edncia Franciscana da Imaculada Concei\u00e7\u00e3o do Brasil - Ordem dos Frades Menores - OFM","potentialAction":[{"@type":"SearchAction","target":{"@type":"EntryPoint","urlTemplate":"https:\/\/franciscanos.org.br\/noticias\/?s={search_term_string}"},"query-input":"required name=search_term_string"}],"inLanguage":"pt-BR"},{"@type":"ImageObject","inLanguage":"pt-BR","@id":"https:\/\/franciscanos.org.br\/noticias\/8a-edicao-da-caminhada-franciscana-da-juventude-em-curitibanos.html#primaryimage","url":"https:\/\/franciscanos.org.br\/noticias\/wp-content\/uploads\/2019\/01\/caminhada-191218-1200.jpg","contentUrl":"https:\/\/franciscanos.org.br\/noticias\/wp-content\/uploads\/2019\/01\/caminhada-191218-1200.jpg","width":273,"height":182},{"@type":"WebPage","@id":"https:\/\/franciscanos.org.br\/noticias\/8a-edicao-da-caminhada-franciscana-da-juventude-em-curitibanos.html#webpage","url":"https:\/\/franciscanos.org.br\/noticias\/8a-edicao-da-caminhada-franciscana-da-juventude-em-curitibanos.html","name":"Em Curitibanos, a 8\u00aa edi\u00e7\u00e3o da Caminhada Franciscana da Juventude - Not\u00edcias - Franciscanos","isPartOf":{"@id":"https:\/\/franciscanos.org.br\/noticias\/#website"},"primaryImageOfPage":{"@id":"https:\/\/franciscanos.org.br\/noticias\/8a-edicao-da-caminhada-franciscana-da-juventude-em-curitibanos.html#primaryimage"},"datePublished":"2019-01-08T17:57:54+00:00","dateModified":"2019-09-02T11:46:12+00:00","author":{"@id":"https:\/\/franciscanos.org.br\/noticias\/#\/schema\/person\/c3a26b08313dd1772495ce300ab257cc"},"breadcrumb":{"@id":"https:\/\/franciscanos.org.br\/noticias\/8a-edicao-da-caminhada-franciscana-da-juventude-em-curitibanos.html#breadcrumb"},"inLanguage":"pt-BR","potentialAction":[{"@type":"ReadAction","target":["https:\/\/franciscanos.org.br\/noticias\/8a-edicao-da-caminhada-franciscana-da-juventude-em-curitibanos.html"]}]},{"@type":"BreadcrumbList","@id":"https:\/\/franciscanos.org.br\/noticias\/8a-edicao-da-caminhada-franciscana-da-juventude-em-curitibanos.html#breadcrumb","itemListElement":[{"@type":"ListItem","position":1,"name":"Home","item":"https:\/\/franciscanos.org.br\/noticias"},{"@type":"ListItem","position":2,"name":"Em Curitibanos, a 8\u00aa edi\u00e7\u00e3o da Caminhada Franciscana da Juventude"}]},{"@type":"Person","@id":"https:\/\/franciscanos.org.br\/noticias\/#\/schema\/person\/c3a26b08313dd1772495ce300ab257cc","name":"jovenal","image":{"@type":"ImageObject","inLanguage":"pt-BR","@id":"https:\/\/franciscanos.org.br\/noticias\/#\/schema\/person\/image\/","url":"https:\/\/secure.gravatar.com\/avatar\/e94509f531086e2eaf97e72f29ea00f9?s=96&d=mm&r=g","contentUrl":"https:\/\/secure.gravatar.com\/avatar\/e94509f531086e2eaf97e72f29ea00f9?s=96&d=mm&r=g","caption":"jovenal"},"url":"https:\/\/franciscanos.org.br\/noticias\/author\/jovenal"}]}},"_links":{"self":[{"href":"https:\/\/franciscanos.org.br\/noticias\/wp-json\/wp\/v2\/posts\/193041"}],"collection":[{"href":"https:\/\/franciscanos.org.br\/noticias\/wp-json\/wp\/v2\/posts"}],"about":[{"href":"https:\/\/franciscanos.org.br\/noticias\/wp-json\/wp\/v2\/types\/post"}],"author":[{"embeddable":true,"href":"https:\/\/franciscanos.org.br\/noticias\/wp-json\/wp\/v2\/users\/7"}],"replies":[{"embeddable":true,"href":"https:\/\/franciscanos.org.br\/noticias\/wp-json\/wp\/v2\/comments?post=193041"}],"version-history":[{"count":0,"href":"https:\/\/franciscanos.org.br\/noticias\/wp-json\/wp\/v2\/posts\/193041\/revisions"}],"wp:featuredmedia":[{"embeddable":true,"href":"https:\/\/franciscanos.org.br\/noticias\/wp-json\/wp\/v2\/media\/209953"}],"wp:attachment":[{"href":"https:\/\/franciscanos.org.br\/noticias\/wp-json\/wp\/v2\/media?parent=193041"}],"wp:term":[{"taxonomy":"category","embeddable":true,"href":"https:\/\/franciscanos.org.br\/noticias\/wp-json\/wp\/v2\/categories?post=193041"},{"taxonomy":"post_tag","embeddable":true,"href":"https:\/\/franciscanos.org.br\/noticias\/wp-json\/wp\/v2\/tags?post=193041"}],"curies":[{"name":"wp","href":"https:\/\/api.w.org\/{rel}","templated":true}]}}