{"id":193026,"date":"2018-12-23T13:12:17","date_gmt":"2018-12-23T15:12:17","guid":{"rendered":"https:\/\/franciscanos.org.br\/noticias\/?p=193026"},"modified":"2019-08-08T09:13:25","modified_gmt":"2019-08-08T12:13:25","slug":"e-o-verbo-se-faz-carne-em-nos","status":"publish","type":"post","link":"https:\/\/franciscanos.org.br\/noticias\/e-o-verbo-se-faz-carne-em-nos.html","title":{"rendered":"Mensagem da Prov\u00edncia: &#8220;E o Verbo se faz carne em n\u00f3s!&#8221;"},"content":{"rendered":"<p><img loading=\"lazy\" src=\"https:\/\/franciscanos.org.br\/noticias\/wp-content\/uploads\/2018\/12\/mensagem_191218-1200.jpg\" alt=\"\" width=\"1200\" height=\"800\" \/><\/p>\n<p><strong>Paz e Bem!<\/strong><\/p>\n<p>\u201cE o Verbo se fez carne e habitou entre n\u00f3s\u201d (Jo 1,14). A afirma\u00e7\u00e3o b\u00edblica de S\u00e3o Jo\u00e3o \u00e9, ao mesmo tempo, relato e atualiza\u00e7\u00e3o do mesmo e \u00fanico Mist\u00e9rio. O Verbo se fez carne, \u00e9 verdade! Mas tamb\u00e9m \u00e9 verdadeiro que o Verbo se faz carne, no presente. Atualizar o Mist\u00e9rio do Natal significa, ent\u00e3o, emprestar nossa vida ao Senhor para que Ele possa continuar nascendo no seio de uma humanidade t\u00e3o necessitada de Sua presen\u00e7a.<\/p>\n<p>Embora inst\u00e1veis e limitados, o Menino espera poder contar conosco, assim como p\u00f4de, \u00e0 \u00e9poca, contar com aquela jovem fam\u00edlia pobre e peregrina. Num contexto de car\u00eancia e improviso, o Imenso-Infinito veio tocar-nos no espa\u00e7o e no tempo. Em Jesus, o mesmo Deus que nos toca e nos visita, envia-nos para sermos sua presen\u00e7a entre as pessoas, especialmente aquelas que sofrem a dor do abandono, da exclus\u00e3o, da viol\u00eancia, da pobreza, do desrespeito. Onde estes est\u00e3o, devemos estar.<\/p>\n<p>Tendo com inspira\u00e7\u00e3o o convite \u00e0 Minoridade, queremos buscar for\u00e7as para encarnar este ideal diante de um Menino fr\u00e1gil, discreto, humilde e menor. Daquele ber\u00e7o montado \u00e0s pressas com um punhado de palha sobre um cocho de estrebaria, Ele toca de cheio o nosso cora\u00e7\u00e3o e nos chama a colocar nossa aten\u00e7\u00e3o sobre o que de fato \u00e9 importante na Voca\u00e7\u00e3o que abra\u00e7amos. Como Irm\u00e3os Menores, nossa miss\u00e3o \u00e9 levar a todos aquilo que temos de mais precioso: a esperan\u00e7a da crian\u00e7a que nasce, a alegria de uma nova vida que surge, a certeza de que o mundo pode ser melhor se colocarmos em pr\u00e1tica as li\u00e7\u00f5es que Deus nos d\u00e1 ao assumir o c\u00famulo da pequenez. Este \u00e9 o testemunho d\u00f3cil e discreto que o mundo espera de n\u00f3s.<\/p>\n<p><iframe loading=\"lazy\" src=\"https:\/\/www.youtube.com\/embed\/EC3d5zCc62A\" width=\"100%\" height=\"480\" frameborder=\"0\" allowfullscreen=\"allowfullscreen\"><span data-mce-type=\"bookmark\" style=\"display: inline-block; width: 0px; overflow: hidden; line-height: 0;\" class=\"mce_SELRES_start\">\ufeff<\/span><\/iframe><\/p>\n<p>A Manjedoura de Bel\u00e9m \u00e9 ponto de encontro de quem deseja cultivar um cora\u00e7\u00e3o de frade menor. Diante do pres\u00e9pio, devem ser depostas as ambi\u00e7\u00f5es, os medos, as rivalidades e as desconfian\u00e7as m\u00fatuas. Ali n\u00e3o h\u00e1 espa\u00e7o para outra atitude que n\u00e3o seja a da acolhida em suas express\u00f5es mais variadas: acolhida de nossas pr\u00f3prias mis\u00e9rias, daqueles que s\u00e3o diferentes, dos irm\u00e3os que o Senhor nos d\u00e1, da miss\u00e3o que o Senhor nos confia: tudo isso \u00e9 comunh\u00e3o.<\/p>\n<p>Com Francisco, queremos mais uma vez contemplar no Pres\u00e9pio a origem de nossa voca\u00e7\u00e3o de Irm\u00e3os Menores. No in\u00edcio de mais um tri\u00eanio, o Menino-Deus novamente nos estende os bra\u00e7os para ser aconchegado no calor de nosso cora\u00e7\u00e3o. E, diante da cena que comoveu nosso Ser\u00e1fico Pai no epis\u00f3dio de Greccio, tamb\u00e9m n\u00f3s queremos nos mover a partir de dentro, deixando de lado todas as amarras que nos tiram a mobilidade e a for\u00e7a para caminharmos como irm\u00e3os menores em dire\u00e7\u00e3o ao Menino de Bel\u00e9m.<\/p>\n<h2><em>Desejamos a todos um Santo Natal, com as mais<\/em><br \/>\n<em>generosas b\u00ean\u00e7\u00e3os de Deus, e aben\u00e7oado 2019!<\/em><\/h2>\n<p><strong>Frei C\u00e9sar K\u00fclkamp, OFM\u00a0<\/strong><br \/>\nMinistro Provincial<\/p>\n<p><strong>Frei Gustavo Wayand Medella, OFM<\/strong><br \/>\nVig\u00e1rio Provincial<\/p>\n","protected":false},"excerpt":{"rendered":"<p>Paz e Bem! \u201cE o Verbo se fez carne e habitou entre n\u00f3s\u201d (Jo 1,14). A afirma\u00e7\u00e3o b\u00edblica de S\u00e3o Jo\u00e3o \u00e9, ao mesmo tempo, relato e atualiza\u00e7\u00e3o do mesmo e \u00fanico Mist\u00e9rio. O Verbo se fez carne, \u00e9 verdade! Mas tamb\u00e9m \u00e9 verdadeiro que o Verbo se faz carne, no presente. Atualizar o Mist\u00e9rio [&hellip;]<\/p>\n","protected":false},"author":7,"featured_media":209085,"comment_status":"open","ping_status":"open","sticky":false,"template":"","format":"standard","meta":[],"categories":[1],"tags":[676,78],"acf":[],"yoast_head":"<!-- This site is optimized with the Yoast SEO plugin v19.2 - https:\/\/yoast.com\/wordpress\/plugins\/seo\/ -->\n<title>Mensagem da Prov\u00edncia: &quot;E o Verbo se faz carne em n\u00f3s!&quot; - Not\u00edcias - Franciscanos<\/title>\n<meta name=\"robots\" content=\"index, follow, max-snippet:-1, max-image-preview:large, max-video-preview:-1\" \/>\n<link rel=\"canonical\" href=\"https:\/\/franciscanos.org.br\/noticias\/e-o-verbo-se-faz-carne-em-nos.html\" \/>\n<meta property=\"og:locale\" content=\"pt_BR\" \/>\n<meta property=\"og:type\" content=\"article\" \/>\n<meta property=\"og:title\" content=\"Mensagem da Prov\u00edncia: &quot;E o Verbo se faz carne em n\u00f3s!&quot; - Not\u00edcias - Franciscanos\" \/>\n<meta property=\"og:description\" content=\"Paz e Bem! \u201cE o Verbo se fez carne e habitou entre n\u00f3s\u201d (Jo 1,14). A afirma\u00e7\u00e3o b\u00edblica de S\u00e3o Jo\u00e3o \u00e9, ao mesmo tempo, relato e atualiza\u00e7\u00e3o do mesmo e \u00fanico Mist\u00e9rio. O Verbo se fez carne, \u00e9 verdade! Mas tamb\u00e9m \u00e9 verdadeiro que o Verbo se faz carne, no presente. Atualizar o Mist\u00e9rio [&hellip;]\" \/>\n<meta property=\"og:url\" content=\"https:\/\/franciscanos.org.br\/noticias\/e-o-verbo-se-faz-carne-em-nos.html\" \/>\n<meta property=\"og:site_name\" content=\"Not\u00edcias - Franciscanos\" \/>\n<meta property=\"article:published_time\" content=\"2018-12-23T15:12:17+00:00\" \/>\n<meta property=\"article:modified_time\" content=\"2019-08-08T12:13:25+00:00\" \/>\n<meta property=\"og:image\" content=\"https:\/\/franciscanos.org.br\/noticias\/wp-content\/uploads\/2018\/12\/mensagem_191218-1200-1.jpg\" \/>\n\t<meta property=\"og:image:width\" content=\"273\" \/>\n\t<meta property=\"og:image:height\" content=\"181\" \/>\n\t<meta property=\"og:image:type\" content=\"image\/jpeg\" \/>\n<meta name=\"author\" content=\"jovenal\" \/>\n<meta name=\"twitter:card\" content=\"summary_large_image\" \/>\n<meta name=\"twitter:label1\" content=\"Escrito por\" \/>\n\t<meta name=\"twitter:data1\" content=\"jovenal\" \/>\n\t<meta name=\"twitter:label2\" content=\"Est. tempo de leitura\" \/>\n\t<meta name=\"twitter:data2\" content=\"3 minutos\" \/>\n<script type=\"application\/ld+json\" class=\"yoast-schema-graph\">{\"@context\":\"https:\/\/schema.org\",\"@graph\":[{\"@type\":\"WebSite\",\"@id\":\"https:\/\/franciscanos.org.br\/noticias\/#website\",\"url\":\"https:\/\/franciscanos.org.br\/noticias\/\",\"name\":\"Not\u00edcias - Franciscanos\",\"description\":\"Prov\u00edncia Franciscana da Imaculada Concei\u00e7\u00e3o do Brasil - Ordem dos Frades Menores - OFM\",\"potentialAction\":[{\"@type\":\"SearchAction\",\"target\":{\"@type\":\"EntryPoint\",\"urlTemplate\":\"https:\/\/franciscanos.org.br\/noticias\/?s={search_term_string}\"},\"query-input\":\"required name=search_term_string\"}],\"inLanguage\":\"pt-BR\"},{\"@type\":\"ImageObject\",\"inLanguage\":\"pt-BR\",\"@id\":\"https:\/\/franciscanos.org.br\/noticias\/e-o-verbo-se-faz-carne-em-nos.html#primaryimage\",\"url\":\"https:\/\/franciscanos.org.br\/noticias\/wp-content\/uploads\/2018\/12\/mensagem_191218-1200-1.jpg\",\"contentUrl\":\"https:\/\/franciscanos.org.br\/noticias\/wp-content\/uploads\/2018\/12\/mensagem_191218-1200-1.jpg\",\"width\":273,\"height\":181},{\"@type\":\"WebPage\",\"@id\":\"https:\/\/franciscanos.org.br\/noticias\/e-o-verbo-se-faz-carne-em-nos.html#webpage\",\"url\":\"https:\/\/franciscanos.org.br\/noticias\/e-o-verbo-se-faz-carne-em-nos.html\",\"name\":\"Mensagem da Prov\u00edncia: \\\"E o Verbo se faz carne em n\u00f3s!\\\" - Not\u00edcias - Franciscanos\",\"isPartOf\":{\"@id\":\"https:\/\/franciscanos.org.br\/noticias\/#website\"},\"primaryImageOfPage\":{\"@id\":\"https:\/\/franciscanos.org.br\/noticias\/e-o-verbo-se-faz-carne-em-nos.html#primaryimage\"},\"datePublished\":\"2018-12-23T15:12:17+00:00\",\"dateModified\":\"2019-08-08T12:13:25+00:00\",\"author\":{\"@id\":\"https:\/\/franciscanos.org.br\/noticias\/#\/schema\/person\/c3a26b08313dd1772495ce300ab257cc\"},\"breadcrumb\":{\"@id\":\"https:\/\/franciscanos.org.br\/noticias\/e-o-verbo-se-faz-carne-em-nos.html#breadcrumb\"},\"inLanguage\":\"pt-BR\",\"potentialAction\":[{\"@type\":\"ReadAction\",\"target\":[\"https:\/\/franciscanos.org.br\/noticias\/e-o-verbo-se-faz-carne-em-nos.html\"]}]},{\"@type\":\"BreadcrumbList\",\"@id\":\"https:\/\/franciscanos.org.br\/noticias\/e-o-verbo-se-faz-carne-em-nos.html#breadcrumb\",\"itemListElement\":[{\"@type\":\"ListItem\",\"position\":1,\"name\":\"Home\",\"item\":\"https:\/\/franciscanos.org.br\/noticias\"},{\"@type\":\"ListItem\",\"position\":2,\"name\":\"Mensagem da Prov\u00edncia: &#8220;E o Verbo se faz carne em n\u00f3s!&#8221;\"}]},{\"@type\":\"Person\",\"@id\":\"https:\/\/franciscanos.org.br\/noticias\/#\/schema\/person\/c3a26b08313dd1772495ce300ab257cc\",\"name\":\"jovenal\",\"image\":{\"@type\":\"ImageObject\",\"inLanguage\":\"pt-BR\",\"@id\":\"https:\/\/franciscanos.org.br\/noticias\/#\/schema\/person\/image\/\",\"url\":\"https:\/\/secure.gravatar.com\/avatar\/e94509f531086e2eaf97e72f29ea00f9?s=96&d=mm&r=g\",\"contentUrl\":\"https:\/\/secure.gravatar.com\/avatar\/e94509f531086e2eaf97e72f29ea00f9?s=96&d=mm&r=g\",\"caption\":\"jovenal\"},\"url\":\"https:\/\/franciscanos.org.br\/noticias\/author\/jovenal\"}]}<\/script>\n<!-- \/ Yoast SEO plugin. -->","yoast_head_json":{"title":"Mensagem da Prov\u00edncia: \"E o Verbo se faz carne em n\u00f3s!\" - Not\u00edcias - Franciscanos","robots":{"index":"index","follow":"follow","max-snippet":"max-snippet:-1","max-image-preview":"max-image-preview:large","max-video-preview":"max-video-preview:-1"},"canonical":"https:\/\/franciscanos.org.br\/noticias\/e-o-verbo-se-faz-carne-em-nos.html","og_locale":"pt_BR","og_type":"article","og_title":"Mensagem da Prov\u00edncia: \"E o Verbo se faz carne em n\u00f3s!\" - Not\u00edcias - Franciscanos","og_description":"Paz e Bem! \u201cE o Verbo se fez carne e habitou entre n\u00f3s\u201d (Jo 1,14). A afirma\u00e7\u00e3o b\u00edblica de S\u00e3o Jo\u00e3o \u00e9, ao mesmo tempo, relato e atualiza\u00e7\u00e3o do mesmo e \u00fanico Mist\u00e9rio. O Verbo se fez carne, \u00e9 verdade! Mas tamb\u00e9m \u00e9 verdadeiro que o Verbo se faz carne, no presente. Atualizar o Mist\u00e9rio [&hellip;]","og_url":"https:\/\/franciscanos.org.br\/noticias\/e-o-verbo-se-faz-carne-em-nos.html","og_site_name":"Not\u00edcias - Franciscanos","article_published_time":"2018-12-23T15:12:17+00:00","article_modified_time":"2019-08-08T12:13:25+00:00","og_image":[{"width":273,"height":181,"url":"https:\/\/franciscanos.org.br\/noticias\/wp-content\/uploads\/2018\/12\/mensagem_191218-1200-1.jpg","type":"image\/jpeg"}],"author":"jovenal","twitter_card":"summary_large_image","twitter_misc":{"Escrito por":"jovenal","Est. tempo de leitura":"3 minutos"},"schema":{"@context":"https:\/\/schema.org","@graph":[{"@type":"WebSite","@id":"https:\/\/franciscanos.org.br\/noticias\/#website","url":"https:\/\/franciscanos.org.br\/noticias\/","name":"Not\u00edcias - Franciscanos","description":"Prov\u00edncia Franciscana da Imaculada Concei\u00e7\u00e3o do Brasil - Ordem dos Frades Menores - OFM","potentialAction":[{"@type":"SearchAction","target":{"@type":"EntryPoint","urlTemplate":"https:\/\/franciscanos.org.br\/noticias\/?s={search_term_string}"},"query-input":"required name=search_term_string"}],"inLanguage":"pt-BR"},{"@type":"ImageObject","inLanguage":"pt-BR","@id":"https:\/\/franciscanos.org.br\/noticias\/e-o-verbo-se-faz-carne-em-nos.html#primaryimage","url":"https:\/\/franciscanos.org.br\/noticias\/wp-content\/uploads\/2018\/12\/mensagem_191218-1200-1.jpg","contentUrl":"https:\/\/franciscanos.org.br\/noticias\/wp-content\/uploads\/2018\/12\/mensagem_191218-1200-1.jpg","width":273,"height":181},{"@type":"WebPage","@id":"https:\/\/franciscanos.org.br\/noticias\/e-o-verbo-se-faz-carne-em-nos.html#webpage","url":"https:\/\/franciscanos.org.br\/noticias\/e-o-verbo-se-faz-carne-em-nos.html","name":"Mensagem da Prov\u00edncia: \"E o Verbo se faz carne em n\u00f3s!\" - Not\u00edcias - Franciscanos","isPartOf":{"@id":"https:\/\/franciscanos.org.br\/noticias\/#website"},"primaryImageOfPage":{"@id":"https:\/\/franciscanos.org.br\/noticias\/e-o-verbo-se-faz-carne-em-nos.html#primaryimage"},"datePublished":"2018-12-23T15:12:17+00:00","dateModified":"2019-08-08T12:13:25+00:00","author":{"@id":"https:\/\/franciscanos.org.br\/noticias\/#\/schema\/person\/c3a26b08313dd1772495ce300ab257cc"},"breadcrumb":{"@id":"https:\/\/franciscanos.org.br\/noticias\/e-o-verbo-se-faz-carne-em-nos.html#breadcrumb"},"inLanguage":"pt-BR","potentialAction":[{"@type":"ReadAction","target":["https:\/\/franciscanos.org.br\/noticias\/e-o-verbo-se-faz-carne-em-nos.html"]}]},{"@type":"BreadcrumbList","@id":"https:\/\/franciscanos.org.br\/noticias\/e-o-verbo-se-faz-carne-em-nos.html#breadcrumb","itemListElement":[{"@type":"ListItem","position":1,"name":"Home","item":"https:\/\/franciscanos.org.br\/noticias"},{"@type":"ListItem","position":2,"name":"Mensagem da Prov\u00edncia: &#8220;E o Verbo se faz carne em n\u00f3s!&#8221;"}]},{"@type":"Person","@id":"https:\/\/franciscanos.org.br\/noticias\/#\/schema\/person\/c3a26b08313dd1772495ce300ab257cc","name":"jovenal","image":{"@type":"ImageObject","inLanguage":"pt-BR","@id":"https:\/\/franciscanos.org.br\/noticias\/#\/schema\/person\/image\/","url":"https:\/\/secure.gravatar.com\/avatar\/e94509f531086e2eaf97e72f29ea00f9?s=96&d=mm&r=g","contentUrl":"https:\/\/secure.gravatar.com\/avatar\/e94509f531086e2eaf97e72f29ea00f9?s=96&d=mm&r=g","caption":"jovenal"},"url":"https:\/\/franciscanos.org.br\/noticias\/author\/jovenal"}]}},"_links":{"self":[{"href":"https:\/\/franciscanos.org.br\/noticias\/wp-json\/wp\/v2\/posts\/193026"}],"collection":[{"href":"https:\/\/franciscanos.org.br\/noticias\/wp-json\/wp\/v2\/posts"}],"about":[{"href":"https:\/\/franciscanos.org.br\/noticias\/wp-json\/wp\/v2\/types\/post"}],"author":[{"embeddable":true,"href":"https:\/\/franciscanos.org.br\/noticias\/wp-json\/wp\/v2\/users\/7"}],"replies":[{"embeddable":true,"href":"https:\/\/franciscanos.org.br\/noticias\/wp-json\/wp\/v2\/comments?post=193026"}],"version-history":[{"count":0,"href":"https:\/\/franciscanos.org.br\/noticias\/wp-json\/wp\/v2\/posts\/193026\/revisions"}],"wp:featuredmedia":[{"embeddable":true,"href":"https:\/\/franciscanos.org.br\/noticias\/wp-json\/wp\/v2\/media\/209085"}],"wp:attachment":[{"href":"https:\/\/franciscanos.org.br\/noticias\/wp-json\/wp\/v2\/media?parent=193026"}],"wp:term":[{"taxonomy":"category","embeddable":true,"href":"https:\/\/franciscanos.org.br\/noticias\/wp-json\/wp\/v2\/categories?post=193026"},{"taxonomy":"post_tag","embeddable":true,"href":"https:\/\/franciscanos.org.br\/noticias\/wp-json\/wp\/v2\/tags?post=193026"}],"curies":[{"name":"wp","href":"https:\/\/api.w.org\/{rel}","templated":true}]}}