{"id":192989,"date":"2018-12-19T09:50:16","date_gmt":"2018-12-19T11:50:16","guid":{"rendered":"https:\/\/franciscanos.org.br\/noticias\/?p=192989"},"modified":"2018-12-19T11:11:32","modified_gmt":"2018-12-19T13:11:32","slug":"vila-velha-espetaculo-natalino-encanta-o-publico","status":"publish","type":"post","link":"https:\/\/franciscanos.org.br\/noticias\/vila-velha-espetaculo-natalino-encanta-o-publico.html","title":{"rendered":"Vila Velha: espet\u00e1culo natalino encanta o p\u00fablico"},"content":{"rendered":"<p><strong><img loading=\"lazy\" class=\"alignnone size-full wp-image-192990\" src=\"https:\/\/franciscanos.org.br\/noticias\/wp-content\/uploads\/2018\/12\/vilavelha-181218-G.jpg\" alt=\"\" width=\"980\" height=\"600\" srcset=\"https:\/\/franciscanos.org.br\/noticias\/wp-content\/uploads\/2018\/12\/vilavelha-181218-G.jpg 980w, https:\/\/franciscanos.org.br\/noticias\/wp-content\/uploads\/2018\/12\/vilavelha-181218-G-450x276.jpg 450w, https:\/\/franciscanos.org.br\/noticias\/wp-content\/uploads\/2018\/12\/vilavelha-181218-G-768x470.jpg 768w, https:\/\/franciscanos.org.br\/noticias\/wp-content\/uploads\/2018\/12\/vilavelha-181218-G-150x92.jpg 150w\" sizes=\"(max-width: 980px) 100vw, 980px\" \/><\/strong><\/p>\n<p><strong>Vila Velha (ES) &#8211;<\/strong>\u00a0Celebrando a festa de Deus que se fez menino, foi realizada na noite da sexta-feira (14\/12), no Santu\u00e1rio Divino Esp\u00edrito Santo, em Vila Velha (ES), o 2\u00ba Concerto de Natal da Par\u00f3quia do Ros\u00e1rio e dos Franciscanos de Vila Velha. \u201cLembran\u00e7as de um Natal\u201d foi o tema de uma noite hist\u00f3rica, inesquec\u00edvel e emocionante, com a participa\u00e7\u00e3o de crian\u00e7as, jovens, adultos da Par\u00f3quia, dos frades e de um grupo de surdos.<\/p>\n<p>Ap\u00f3s quase dois meses de organiza\u00e7\u00e3o e ensaios, o concerto, que nasceu no cora\u00e7\u00e3o dos Freis Djalmo Fuck, Florival Mariano de Toledo e Leandro Costa, foi apresentado com perfei\u00e7\u00e3o, tendo tamb\u00e9m como objetivo unir cada vez mais os paroquianos, devotos, fi\u00e9is e a Fraternidade.<\/p>\n<p>O evento teve in\u00edcio \u00e0s 19h30, com a apresenta\u00e7\u00e3o da produtora e uma das organizadoras, Gabriela Spalla. Ela deu as boas-vindas a todos e explicou o p\u00fablico iria assistir. Em seguida, teve in\u00edcio o espet\u00e1culo: as luzes se apagaram e sons de chuva, vento, p\u00e1ssaros, ambientavam os momentos iniciais. A voz do Frei Florival narrava o in\u00edcio da hist\u00f3ria: \u201cNo princ\u00edpio era o Verbo, e o Verbo estava junto de Deus e o Verbo era Deus. Ele estava no princ\u00edpio junto de Deus. Tudo foi feito por ele, e sem ele nada foi feito. Nele havia vida, e a vida era a luz dos homens. A luz resplandece nas trevas, e as trevas n\u00e3o a compreenderam\u2026\u201d<\/p>\n<p>Na sequ\u00eancia, um quarteto vocal do Santu\u00e1rio entoou a can\u00e7\u00e3o: \u201cOh! Vinde adoremos, Oh! Vinde adoremos, Oh! Vinde adoremos o Salvador!\u201d (Crist\u00e3os, Vinde Todos).<\/p>\n<p>As crian\u00e7as se apresentaram em seguida. O Coro de Crian\u00e7as e Adolescentes introduziu o c\u00e2ntico \u201cVamos todos celebrar, hoje \u00e9 dia de folia, Jesus nasceu, gl\u00f3ria a Deus! Que alegria!\u201d, em uma vers\u00e3o mais popular. Quando o menino Daniel entrou, a \u201cfolia\u201d ficou completa, com o \u201critmo nordestino do Forr\u00f3 dos Anjos\u201d. Ainda com a presen\u00e7a das crian\u00e7as, as nove lavadeiras entraram e come\u00e7aram o desenvolvimento da hist\u00f3ria. Com bacias, roupas e vestidas tipicamente com vestidos coloridos, elas dan\u00e7aram forr\u00f3 e depois sentaram, ilustrando o cen\u00e1rio das antigas lavadeiras de roupas. Em determinado momento das \u201cconversas de lavadeiras\u201d, uma delas sugeriu: \u201cAcho que tive uma ideia muito da boa. J\u00e1 que esse povo todo veio aqui para nos \u2018espi\u00e1\u2019, a gente chamasse aqueles nossos dois amigos\u2026 Maria e Jos\u00e9!\u201d<\/p>\n<p>Frei Leandro entrou em cena interpretando Jos\u00e9, o pai de Jesus, e a jovem Mariana Daleprani fez a interpreta\u00e7\u00e3o de Maria. Eles entraram conversando, relatando a hist\u00f3ria do nascimento e da vida de Jesus, a partir da experi\u00eancia deles. Jos\u00e9 segurava um \u201c\u00e1lbum com as muitas pinturas e os relatos dos escritos de Lucas\u201d. A cada folha que passavam, davam risadas e Maria demonstrava emo\u00e7\u00e3o por \u201crecordar o nascimento do Menino Deus. Foi a\u00ed que ent\u00e3o, para ambientar melhor a hist\u00f3ria, uma jovem interpretou a can\u00e7\u00e3o \u201cMagnificat\u201d, do Evangelho primeiro de Lucas: \u201cO Senhor fez em mim maravilhas, Santo \u00e9 Teu nome\u2026\u201d tendo um anjo perto de Maria e de Jos\u00e9, para representar a Anuncia\u00e7\u00e3o.<\/p>\n<p>O momento mais emocionante e reflexivo ainda estava por vir. Um grupo de deficientes auditivos, composto por 15 pessoas integrantes da \u201cPastoral dos Surdos\u201d, foi regido por Br\u00edgida, K\u00e1tia e Romulo. Eles interpretaram uma vers\u00e3o em libras da m\u00fasica \u201cNoite Feliz\u201d. N\u00e3o havia quem n\u00e3o se emocionasse. Ainda com a presen\u00e7a dos surdos, foi apresentada a m\u00fasica \u201cTrem-Bala\u201d.<\/p>\n<p>A orquestra de viol\u00f5es apresentou as can\u00e7\u00f5es \u201cOde \u00e0 Alegria, de Bethoven\u201d e \u201cAnuncia\u00e7\u00e3o\u201d, j\u00e1 com todos no palco. Com presen\u00e7a dos surdos, agora com os rostos pintados, Frei Florival cantou \u201cEu quero apenas\u201d, de Roberto Carlos. Todos entoavam o refr\u00e3o: \u201cEu quero ter um milh\u00e3o de amigos e bem mais forte poder cantar\u2026\u201d No meio dos surdos, ele fez o refr\u00e3o em libras, emocionando muitas pessoas.<\/p>\n<p>Frei Paulo C\u00e9sar Ferreira, do Convento da Penha, cantou \u201cAve Maria do Morro\u201d, indo do grave ao agudo, soltando a voz e encantando a todos com a bela e afinad\u00edssima voz.<\/p>\n<p>Finalizando o inesquec\u00edvel espet\u00e1culo, Frei Florival cantou \u201cOs Pastores\u201d, com o coral das crian\u00e7as e adolescentes. Por fim, enquanto cantavam \u201cFeliz Natal\u201d, foi erguido um varal onde Maria, Jos\u00e9 e as lavadeiras estendiam as roupas e len\u00e7\u00f3is.<\/p>\n<p>Frei Djalmo agradeceu a todos: \u201cFoi uma noite de prece, ora\u00e7\u00e3o, comunh\u00e3o e, principalmente inclus\u00e3o, onde todos puderam festejar o Menino Jesus. Foi o Natal mais inclusivo que j\u00e1 celebramos\u2026 Um feliz e aben\u00e7oado Natal!\u201d<\/p>\n<p><strong>CONVENTO DA PENHA TER\u00c1 PROGRAMA\u00c7\u00c3O ESPECIAL<\/strong><\/p>\n<p>Nos dias 20 e 21 de dezembro, \u00e0s 20h30, o Convento da Penha apresentar\u00e1 o evento &#8220;Natal da Paz e do Bem&#8221;, com inaugura\u00e7\u00e3o de pres\u00e9pio em tamanho real, apresenta\u00e7\u00e3o de corais, orquestras e proje\u00e7\u00e3o de v\u00eddeo mapping. Os ingressos custam R$ 25,00 e podem ser adquiridos na lanchonete do Convento ou no site: <a href=\"http:\/\/www.blueticket.com.br\" target=\"_blank\" rel=\"noopener\">www.blueticket.com.br<\/a><\/p>\n<p><strong>Confira algumas fotos:<\/strong><\/p>\n\n\t\t<style type=\"text\/css\">\n\t\t\t#gallery-1 {\n\t\t\t\tmargin: auto;\n\t\t\t}\n\t\t\t#gallery-1 .gallery-item {\n\t\t\t\tfloat: left;\n\t\t\t\tmargin-top: 10px;\n\t\t\t\ttext-align: center;\n\t\t\t\twidth: 25%;\n\t\t\t}\n\t\t\t#gallery-1 img {\n\t\t\t\tborder: 2px solid #cfcfcf;\n\t\t\t}\n\t\t\t#gallery-1 .gallery-caption {\n\t\t\t\tmargin-left: 0;\n\t\t\t}\n\t\t\t\/* see gallery_shortcode() in wp-includes\/media.php *\/\n\t\t<\/style>\n\t\t<div id='gallery-1' class='gallery galleryid-192989 gallery-columns-4 gallery-size-thumbnail'><dl class='gallery-item'>\n\t\t\t<dt class='gallery-icon landscape'>\n\t\t\t\t<a href='https:\/\/franciscanos.org.br\/noticias\/wp-content\/uploads\/2018\/12\/vilavelha-181218-.jpg'><img width=\"300\" height=\"300\" src=\"https:\/\/franciscanos.org.br\/noticias\/wp-content\/uploads\/2018\/12\/vilavelha-181218--300x300.jpg\" class=\"attachment-thumbnail size-thumbnail\" alt=\"\" loading=\"lazy\" srcset=\"https:\/\/franciscanos.org.br\/noticias\/wp-content\/uploads\/2018\/12\/vilavelha-181218--300x300.jpg 300w, https:\/\/franciscanos.org.br\/noticias\/wp-content\/uploads\/2018\/12\/vilavelha-181218--400x400.jpg 400w\" sizes=\"(max-width: 300px) 100vw, 300px\" \/><\/a>\n\t\t\t<\/dt><\/dl><dl class='gallery-item'>\n\t\t\t<dt class='gallery-icon landscape'>\n\t\t\t\t<a href='https:\/\/franciscanos.org.br\/noticias\/wp-content\/uploads\/2018\/12\/vilavelha-181218-2.jpg'><img width=\"300\" height=\"300\" src=\"https:\/\/franciscanos.org.br\/noticias\/wp-content\/uploads\/2018\/12\/vilavelha-181218-2-300x300.jpg\" class=\"attachment-thumbnail size-thumbnail\" alt=\"\" loading=\"lazy\" srcset=\"https:\/\/franciscanos.org.br\/noticias\/wp-content\/uploads\/2018\/12\/vilavelha-181218-2-300x300.jpg 300w, https:\/\/franciscanos.org.br\/noticias\/wp-content\/uploads\/2018\/12\/vilavelha-181218-2-400x400.jpg 400w\" sizes=\"(max-width: 300px) 100vw, 300px\" \/><\/a>\n\t\t\t<\/dt><\/dl><dl class='gallery-item'>\n\t\t\t<dt class='gallery-icon landscape'>\n\t\t\t\t<a href='https:\/\/franciscanos.org.br\/noticias\/wp-content\/uploads\/2018\/12\/vilavelha-181218-3.jpg'><img width=\"300\" height=\"300\" src=\"https:\/\/franciscanos.org.br\/noticias\/wp-content\/uploads\/2018\/12\/vilavelha-181218-3-300x300.jpg\" class=\"attachment-thumbnail size-thumbnail\" alt=\"\" loading=\"lazy\" srcset=\"https:\/\/franciscanos.org.br\/noticias\/wp-content\/uploads\/2018\/12\/vilavelha-181218-3-300x300.jpg 300w, https:\/\/franciscanos.org.br\/noticias\/wp-content\/uploads\/2018\/12\/vilavelha-181218-3-400x400.jpg 400w\" sizes=\"(max-width: 300px) 100vw, 300px\" \/><\/a>\n\t\t\t<\/dt><\/dl><dl class='gallery-item'>\n\t\t\t<dt class='gallery-icon landscape'>\n\t\t\t\t<a href='https:\/\/franciscanos.org.br\/noticias\/wp-content\/uploads\/2018\/12\/vilavelha-181218-4.jpg'><img width=\"300\" height=\"300\" src=\"https:\/\/franciscanos.org.br\/noticias\/wp-content\/uploads\/2018\/12\/vilavelha-181218-4-300x300.jpg\" class=\"attachment-thumbnail size-thumbnail\" alt=\"\" loading=\"lazy\" srcset=\"https:\/\/franciscanos.org.br\/noticias\/wp-content\/uploads\/2018\/12\/vilavelha-181218-4-300x300.jpg 300w, https:\/\/franciscanos.org.br\/noticias\/wp-content\/uploads\/2018\/12\/vilavelha-181218-4-400x400.jpg 400w\" sizes=\"(max-width: 300px) 100vw, 300px\" \/><\/a>\n\t\t\t<\/dt><\/dl><br style=\"clear: both\" \/><dl class='gallery-item'>\n\t\t\t<dt class='gallery-icon landscape'>\n\t\t\t\t<a href='https:\/\/franciscanos.org.br\/noticias\/wp-content\/uploads\/2018\/12\/vilavelha-181218-5.jpg'><img width=\"300\" height=\"300\" src=\"https:\/\/franciscanos.org.br\/noticias\/wp-content\/uploads\/2018\/12\/vilavelha-181218-5-300x300.jpg\" class=\"attachment-thumbnail size-thumbnail\" alt=\"\" loading=\"lazy\" srcset=\"https:\/\/franciscanos.org.br\/noticias\/wp-content\/uploads\/2018\/12\/vilavelha-181218-5-300x300.jpg 300w, https:\/\/franciscanos.org.br\/noticias\/wp-content\/uploads\/2018\/12\/vilavelha-181218-5-400x400.jpg 400w\" sizes=\"(max-width: 300px) 100vw, 300px\" \/><\/a>\n\t\t\t<\/dt><\/dl><dl class='gallery-item'>\n\t\t\t<dt class='gallery-icon landscape'>\n\t\t\t\t<a href='https:\/\/franciscanos.org.br\/noticias\/wp-content\/uploads\/2018\/12\/vilavelha-181218-6.jpg'><img width=\"300\" height=\"300\" src=\"https:\/\/franciscanos.org.br\/noticias\/wp-content\/uploads\/2018\/12\/vilavelha-181218-6-300x300.jpg\" class=\"attachment-thumbnail size-thumbnail\" alt=\"\" loading=\"lazy\" srcset=\"https:\/\/franciscanos.org.br\/noticias\/wp-content\/uploads\/2018\/12\/vilavelha-181218-6-300x300.jpg 300w, https:\/\/franciscanos.org.br\/noticias\/wp-content\/uploads\/2018\/12\/vilavelha-181218-6-400x400.jpg 400w\" sizes=\"(max-width: 300px) 100vw, 300px\" \/><\/a>\n\t\t\t<\/dt><\/dl><dl class='gallery-item'>\n\t\t\t<dt class='gallery-icon landscape'>\n\t\t\t\t<a href='https:\/\/franciscanos.org.br\/noticias\/wp-content\/uploads\/2018\/12\/vilavelha-181218-7.jpg'><img width=\"300\" height=\"300\" src=\"https:\/\/franciscanos.org.br\/noticias\/wp-content\/uploads\/2018\/12\/vilavelha-181218-7-300x300.jpg\" class=\"attachment-thumbnail size-thumbnail\" alt=\"\" loading=\"lazy\" srcset=\"https:\/\/franciscanos.org.br\/noticias\/wp-content\/uploads\/2018\/12\/vilavelha-181218-7-300x300.jpg 300w, https:\/\/franciscanos.org.br\/noticias\/wp-content\/uploads\/2018\/12\/vilavelha-181218-7-400x400.jpg 400w\" sizes=\"(max-width: 300px) 100vw, 300px\" \/><\/a>\n\t\t\t<\/dt><\/dl><dl class='gallery-item'>\n\t\t\t<dt class='gallery-icon landscape'>\n\t\t\t\t<a href='https:\/\/franciscanos.org.br\/noticias\/wp-content\/uploads\/2018\/12\/vilavelha-181218-8.jpg'><img width=\"300\" height=\"300\" src=\"https:\/\/franciscanos.org.br\/noticias\/wp-content\/uploads\/2018\/12\/vilavelha-181218-8-300x300.jpg\" class=\"attachment-thumbnail size-thumbnail\" alt=\"\" loading=\"lazy\" srcset=\"https:\/\/franciscanos.org.br\/noticias\/wp-content\/uploads\/2018\/12\/vilavelha-181218-8-300x300.jpg 300w, https:\/\/franciscanos.org.br\/noticias\/wp-content\/uploads\/2018\/12\/vilavelha-181218-8-400x400.jpg 400w\" sizes=\"(max-width: 300px) 100vw, 300px\" \/><\/a>\n\t\t\t<\/dt><\/dl><br style=\"clear: both\" \/>\n\t\t<\/div>\n\n<p>Fonte: <a href=\"http:\/\/conventodapenha.org.br\/lembrancas-de-um-natal-noite-historica-e-emocionante\/?fbclid=IwAR3Sv5wIJRC-VqGFKjGfZtoC3nhLXmWHS37EqX4xJD99Dmd1mjkGa-STZPY\" target=\"_blank\" rel=\"noopener\">Convento da Penha<\/a><\/p>\n","protected":false},"excerpt":{"rendered":"<p>Vila Velha (ES) &#8211;\u00a0Celebrando a festa de Deus que se fez menino, foi realizada na noite da sexta-feira (14\/12), no Santu\u00e1rio Divino Esp\u00edrito Santo, em Vila Velha (ES), o 2\u00ba Concerto de Natal da Par\u00f3quia do Ros\u00e1rio e dos Franciscanos de Vila Velha. \u201cLembran\u00e7as de um Natal\u201d foi o tema de uma noite hist\u00f3rica, inesquec\u00edvel [&hellip;]<\/p>\n","protected":false},"author":1,"featured_media":192991,"comment_status":"open","ping_status":"open","sticky":false,"template":"","format":"standard","meta":[],"categories":[1],"tags":[231],"acf":[],"yoast_head":"<!-- This site is optimized with the Yoast SEO plugin v19.2 - https:\/\/yoast.com\/wordpress\/plugins\/seo\/ -->\n<title>Vila Velha: espet\u00e1culo natalino encanta o p\u00fablico - Not\u00edcias - Franciscanos<\/title>\n<meta name=\"robots\" content=\"index, follow, max-snippet:-1, max-image-preview:large, max-video-preview:-1\" \/>\n<link rel=\"canonical\" href=\"https:\/\/franciscanos.org.br\/noticias\/vila-velha-espetaculo-natalino-encanta-o-publico.html\" \/>\n<meta property=\"og:locale\" content=\"pt_BR\" \/>\n<meta property=\"og:type\" content=\"article\" \/>\n<meta property=\"og:title\" content=\"Vila Velha: espet\u00e1culo natalino encanta o p\u00fablico - Not\u00edcias - Franciscanos\" \/>\n<meta property=\"og:description\" content=\"Vila Velha (ES) &#8211;\u00a0Celebrando a festa de Deus que se fez menino, foi realizada na noite da sexta-feira (14\/12), no Santu\u00e1rio Divino Esp\u00edrito Santo, em Vila Velha (ES), o 2\u00ba Concerto de Natal da Par\u00f3quia do Ros\u00e1rio e dos Franciscanos de Vila Velha. \u201cLembran\u00e7as de um Natal\u201d foi o tema de uma noite hist\u00f3rica, inesquec\u00edvel [&hellip;]\" \/>\n<meta property=\"og:url\" content=\"https:\/\/franciscanos.org.br\/noticias\/vila-velha-espetaculo-natalino-encanta-o-publico.html\" \/>\n<meta property=\"og:site_name\" content=\"Not\u00edcias - Franciscanos\" \/>\n<meta property=\"article:published_time\" content=\"2018-12-19T11:50:16+00:00\" \/>\n<meta property=\"article:modified_time\" content=\"2018-12-19T13:11:32+00:00\" \/>\n<meta property=\"og:image\" content=\"https:\/\/franciscanos.org.br\/noticias\/wp-content\/uploads\/2018\/12\/vilavelha-181218-P.jpg\" \/>\n\t<meta property=\"og:image:width\" content=\"273\" \/>\n\t<meta property=\"og:image:height\" content=\"181\" \/>\n\t<meta property=\"og:image:type\" content=\"image\/jpeg\" \/>\n<meta name=\"author\" content=\"admin\" \/>\n<meta name=\"twitter:card\" content=\"summary_large_image\" \/>\n<meta name=\"twitter:label1\" content=\"Escrito por\" \/>\n\t<meta name=\"twitter:data1\" content=\"admin\" \/>\n\t<meta name=\"twitter:label2\" content=\"Est. tempo de leitura\" \/>\n\t<meta name=\"twitter:data2\" content=\"4 minutos\" \/>\n<script type=\"application\/ld+json\" class=\"yoast-schema-graph\">{\"@context\":\"https:\/\/schema.org\",\"@graph\":[{\"@type\":\"WebSite\",\"@id\":\"https:\/\/franciscanos.org.br\/noticias\/#website\",\"url\":\"https:\/\/franciscanos.org.br\/noticias\/\",\"name\":\"Not\u00edcias - Franciscanos\",\"description\":\"Prov\u00edncia Franciscana da Imaculada Concei\u00e7\u00e3o do Brasil - Ordem dos Frades Menores - OFM\",\"potentialAction\":[{\"@type\":\"SearchAction\",\"target\":{\"@type\":\"EntryPoint\",\"urlTemplate\":\"https:\/\/franciscanos.org.br\/noticias\/?s={search_term_string}\"},\"query-input\":\"required name=search_term_string\"}],\"inLanguage\":\"pt-BR\"},{\"@type\":\"ImageObject\",\"inLanguage\":\"pt-BR\",\"@id\":\"https:\/\/franciscanos.org.br\/noticias\/vila-velha-espetaculo-natalino-encanta-o-publico.html#primaryimage\",\"url\":\"https:\/\/franciscanos.org.br\/noticias\/wp-content\/uploads\/2018\/12\/vilavelha-181218-P.jpg\",\"contentUrl\":\"https:\/\/franciscanos.org.br\/noticias\/wp-content\/uploads\/2018\/12\/vilavelha-181218-P.jpg\",\"width\":273,\"height\":181},{\"@type\":\"WebPage\",\"@id\":\"https:\/\/franciscanos.org.br\/noticias\/vila-velha-espetaculo-natalino-encanta-o-publico.html#webpage\",\"url\":\"https:\/\/franciscanos.org.br\/noticias\/vila-velha-espetaculo-natalino-encanta-o-publico.html\",\"name\":\"Vila Velha: espet\u00e1culo natalino encanta o p\u00fablico - Not\u00edcias - Franciscanos\",\"isPartOf\":{\"@id\":\"https:\/\/franciscanos.org.br\/noticias\/#website\"},\"primaryImageOfPage\":{\"@id\":\"https:\/\/franciscanos.org.br\/noticias\/vila-velha-espetaculo-natalino-encanta-o-publico.html#primaryimage\"},\"datePublished\":\"2018-12-19T11:50:16+00:00\",\"dateModified\":\"2018-12-19T13:11:32+00:00\",\"author\":{\"@id\":\"https:\/\/franciscanos.org.br\/noticias\/#\/schema\/person\/b38fbf43118f02820bd932f2e4b14ad3\"},\"breadcrumb\":{\"@id\":\"https:\/\/franciscanos.org.br\/noticias\/vila-velha-espetaculo-natalino-encanta-o-publico.html#breadcrumb\"},\"inLanguage\":\"pt-BR\",\"potentialAction\":[{\"@type\":\"ReadAction\",\"target\":[\"https:\/\/franciscanos.org.br\/noticias\/vila-velha-espetaculo-natalino-encanta-o-publico.html\"]}]},{\"@type\":\"BreadcrumbList\",\"@id\":\"https:\/\/franciscanos.org.br\/noticias\/vila-velha-espetaculo-natalino-encanta-o-publico.html#breadcrumb\",\"itemListElement\":[{\"@type\":\"ListItem\",\"position\":1,\"name\":\"Home\",\"item\":\"https:\/\/franciscanos.org.br\/noticias\"},{\"@type\":\"ListItem\",\"position\":2,\"name\":\"Vila Velha: espet\u00e1culo natalino encanta o p\u00fablico\"}]},{\"@type\":\"Person\",\"@id\":\"https:\/\/franciscanos.org.br\/noticias\/#\/schema\/person\/b38fbf43118f02820bd932f2e4b14ad3\",\"name\":\"admin\",\"image\":{\"@type\":\"ImageObject\",\"inLanguage\":\"pt-BR\",\"@id\":\"https:\/\/franciscanos.org.br\/noticias\/#\/schema\/person\/image\/\",\"url\":\"https:\/\/secure.gravatar.com\/avatar\/e8495742d34d0ba6448ea1c628263b3e?s=96&d=mm&r=g\",\"contentUrl\":\"https:\/\/secure.gravatar.com\/avatar\/e8495742d34d0ba6448ea1c628263b3e?s=96&d=mm&r=g\",\"caption\":\"admin\"},\"url\":\"https:\/\/franciscanos.org.br\/noticias\/author\/admin\"}]}<\/script>\n<!-- \/ Yoast SEO plugin. -->","yoast_head_json":{"title":"Vila Velha: espet\u00e1culo natalino encanta o p\u00fablico - Not\u00edcias - Franciscanos","robots":{"index":"index","follow":"follow","max-snippet":"max-snippet:-1","max-image-preview":"max-image-preview:large","max-video-preview":"max-video-preview:-1"},"canonical":"https:\/\/franciscanos.org.br\/noticias\/vila-velha-espetaculo-natalino-encanta-o-publico.html","og_locale":"pt_BR","og_type":"article","og_title":"Vila Velha: espet\u00e1culo natalino encanta o p\u00fablico - Not\u00edcias - Franciscanos","og_description":"Vila Velha (ES) &#8211;\u00a0Celebrando a festa de Deus que se fez menino, foi realizada na noite da sexta-feira (14\/12), no Santu\u00e1rio Divino Esp\u00edrito Santo, em Vila Velha (ES), o 2\u00ba Concerto de Natal da Par\u00f3quia do Ros\u00e1rio e dos Franciscanos de Vila Velha. \u201cLembran\u00e7as de um Natal\u201d foi o tema de uma noite hist\u00f3rica, inesquec\u00edvel [&hellip;]","og_url":"https:\/\/franciscanos.org.br\/noticias\/vila-velha-espetaculo-natalino-encanta-o-publico.html","og_site_name":"Not\u00edcias - Franciscanos","article_published_time":"2018-12-19T11:50:16+00:00","article_modified_time":"2018-12-19T13:11:32+00:00","og_image":[{"width":273,"height":181,"url":"https:\/\/franciscanos.org.br\/noticias\/wp-content\/uploads\/2018\/12\/vilavelha-181218-P.jpg","type":"image\/jpeg"}],"author":"admin","twitter_card":"summary_large_image","twitter_misc":{"Escrito por":"admin","Est. tempo de leitura":"4 minutos"},"schema":{"@context":"https:\/\/schema.org","@graph":[{"@type":"WebSite","@id":"https:\/\/franciscanos.org.br\/noticias\/#website","url":"https:\/\/franciscanos.org.br\/noticias\/","name":"Not\u00edcias - Franciscanos","description":"Prov\u00edncia Franciscana da Imaculada Concei\u00e7\u00e3o do Brasil - Ordem dos Frades Menores - OFM","potentialAction":[{"@type":"SearchAction","target":{"@type":"EntryPoint","urlTemplate":"https:\/\/franciscanos.org.br\/noticias\/?s={search_term_string}"},"query-input":"required name=search_term_string"}],"inLanguage":"pt-BR"},{"@type":"ImageObject","inLanguage":"pt-BR","@id":"https:\/\/franciscanos.org.br\/noticias\/vila-velha-espetaculo-natalino-encanta-o-publico.html#primaryimage","url":"https:\/\/franciscanos.org.br\/noticias\/wp-content\/uploads\/2018\/12\/vilavelha-181218-P.jpg","contentUrl":"https:\/\/franciscanos.org.br\/noticias\/wp-content\/uploads\/2018\/12\/vilavelha-181218-P.jpg","width":273,"height":181},{"@type":"WebPage","@id":"https:\/\/franciscanos.org.br\/noticias\/vila-velha-espetaculo-natalino-encanta-o-publico.html#webpage","url":"https:\/\/franciscanos.org.br\/noticias\/vila-velha-espetaculo-natalino-encanta-o-publico.html","name":"Vila Velha: espet\u00e1culo natalino encanta o p\u00fablico - Not\u00edcias - Franciscanos","isPartOf":{"@id":"https:\/\/franciscanos.org.br\/noticias\/#website"},"primaryImageOfPage":{"@id":"https:\/\/franciscanos.org.br\/noticias\/vila-velha-espetaculo-natalino-encanta-o-publico.html#primaryimage"},"datePublished":"2018-12-19T11:50:16+00:00","dateModified":"2018-12-19T13:11:32+00:00","author":{"@id":"https:\/\/franciscanos.org.br\/noticias\/#\/schema\/person\/b38fbf43118f02820bd932f2e4b14ad3"},"breadcrumb":{"@id":"https:\/\/franciscanos.org.br\/noticias\/vila-velha-espetaculo-natalino-encanta-o-publico.html#breadcrumb"},"inLanguage":"pt-BR","potentialAction":[{"@type":"ReadAction","target":["https:\/\/franciscanos.org.br\/noticias\/vila-velha-espetaculo-natalino-encanta-o-publico.html"]}]},{"@type":"BreadcrumbList","@id":"https:\/\/franciscanos.org.br\/noticias\/vila-velha-espetaculo-natalino-encanta-o-publico.html#breadcrumb","itemListElement":[{"@type":"ListItem","position":1,"name":"Home","item":"https:\/\/franciscanos.org.br\/noticias"},{"@type":"ListItem","position":2,"name":"Vila Velha: espet\u00e1culo natalino encanta o p\u00fablico"}]},{"@type":"Person","@id":"https:\/\/franciscanos.org.br\/noticias\/#\/schema\/person\/b38fbf43118f02820bd932f2e4b14ad3","name":"admin","image":{"@type":"ImageObject","inLanguage":"pt-BR","@id":"https:\/\/franciscanos.org.br\/noticias\/#\/schema\/person\/image\/","url":"https:\/\/secure.gravatar.com\/avatar\/e8495742d34d0ba6448ea1c628263b3e?s=96&d=mm&r=g","contentUrl":"https:\/\/secure.gravatar.com\/avatar\/e8495742d34d0ba6448ea1c628263b3e?s=96&d=mm&r=g","caption":"admin"},"url":"https:\/\/franciscanos.org.br\/noticias\/author\/admin"}]}},"_links":{"self":[{"href":"https:\/\/franciscanos.org.br\/noticias\/wp-json\/wp\/v2\/posts\/192989"}],"collection":[{"href":"https:\/\/franciscanos.org.br\/noticias\/wp-json\/wp\/v2\/posts"}],"about":[{"href":"https:\/\/franciscanos.org.br\/noticias\/wp-json\/wp\/v2\/types\/post"}],"author":[{"embeddable":true,"href":"https:\/\/franciscanos.org.br\/noticias\/wp-json\/wp\/v2\/users\/1"}],"replies":[{"embeddable":true,"href":"https:\/\/franciscanos.org.br\/noticias\/wp-json\/wp\/v2\/comments?post=192989"}],"version-history":[{"count":0,"href":"https:\/\/franciscanos.org.br\/noticias\/wp-json\/wp\/v2\/posts\/192989\/revisions"}],"wp:featuredmedia":[{"embeddable":true,"href":"https:\/\/franciscanos.org.br\/noticias\/wp-json\/wp\/v2\/media\/192991"}],"wp:attachment":[{"href":"https:\/\/franciscanos.org.br\/noticias\/wp-json\/wp\/v2\/media?parent=192989"}],"wp:term":[{"taxonomy":"category","embeddable":true,"href":"https:\/\/franciscanos.org.br\/noticias\/wp-json\/wp\/v2\/categories?post=192989"},{"taxonomy":"post_tag","embeddable":true,"href":"https:\/\/franciscanos.org.br\/noticias\/wp-json\/wp\/v2\/tags?post=192989"}],"curies":[{"name":"wp","href":"https:\/\/api.w.org\/{rel}","templated":true}]}}