{"id":192979,"date":"2018-12-18T09:14:19","date_gmt":"2018-12-18T11:14:19","guid":{"rendered":"https:\/\/franciscanos.org.br\/noticias\/?p=192979"},"modified":"2020-06-06T12:54:30","modified_gmt":"2020-06-06T15:54:30","slug":"papa-sao-jose-homem-concreto","status":"publish","type":"post","link":"https:\/\/franciscanos.org.br\/noticias\/papa-sao-jose-homem-concreto.html","title":{"rendered":"Papa sobre S\u00e3o Jos\u00e9: homem concreto, de cora\u00e7\u00e3o aberto"},"content":{"rendered":"<p><img loading=\"lazy\" class=\"alignnone size-full wp-image-192980\" src=\"https:\/\/franciscanos.org.br\/noticias\/wp-content\/uploads\/2018\/12\/marta-181218-G.jpg\" alt=\"\" width=\"980\" height=\"549\" srcset=\"https:\/\/franciscanos.org.br\/noticias\/wp-content\/uploads\/2018\/12\/marta-181218-G.jpg 980w, https:\/\/franciscanos.org.br\/noticias\/wp-content\/uploads\/2018\/12\/marta-181218-G-450x252.jpg 450w, https:\/\/franciscanos.org.br\/noticias\/wp-content\/uploads\/2018\/12\/marta-181218-G-768x430.jpg 768w, https:\/\/franciscanos.org.br\/noticias\/wp-content\/uploads\/2018\/12\/marta-181218-G-150x84.jpg 150w\" sizes=\"(max-width: 980px) 100vw, 980px\" \/><\/p>\n<p><strong>Cidade do Vaticano &#8211;<\/strong> \u201cJos\u00e9 \u00e9 o homem que sabe acompanhar em sil\u00eancio\u201d e \u00e9 \u201co homem dos sonhos\u201d. Nessas duas express\u00f5es, o Papa Francisco definiu as caracter\u00edsticas de S\u00e3o Jos\u00e9, ao qual dedica a homilia desta manh\u00e3 (18\/12) na capela da Casa Santa Marta. Neste tempo de Advento, o Pont\u00edfice recordou as crian\u00e7as com defici\u00eancia da Eslov\u00e1quia, que realizaram as bolas para a \u00e1rvore de Natal colocada no altar.<\/p>\n<p>Nas Sagradas Escrituras, explicou o Papa, conhecemos Jos\u00e9 como \u201cum homem justo, que observa a lei, um trabalhador, humilde, apaixonado por Maria\u201d. Num primeiro momento, diante do incompreens\u00edvel, \u201cprefere colocar-se de lado\u201d, mas depois \u201cDeus lhe revela a sua miss\u00e3o\u201d. E assim Jos\u00e9 abra\u00e7a a sua tarefa, o seu papel, e acompanha o crescimento do Filho de Deus \u201cem sil\u00eancio, sem julgar, sem falar mal, sem fofocar\u201d.<\/p>\n<p>Ajuda a crescer, a se desenvolver. Assim procurou um lugar para que o filho nascesse; cuidou dele; o ajudou a crescer; lhe ensinou a profiss\u00e3o: muitas coisas&#8230; Em sil\u00eancio. Jamais tomou para si a propriedade do filho: o deixou crescer em sil\u00eancio. Deixa crescer: seria a palavra que nos ajudaria muito, a n\u00f3s, que por natureza sempre queremos colocar o nariz em tudo, sobretudo na vida dos outros. \u201cE por que faz isso? Por que faz aquilo\u2026?\u201d E come\u00e7am a fofocar, falar\u2026. E ele deixa crescer. Protege. Ajuda, mas em sil\u00eancio.<\/p>\n<p>Uma atitude s\u00e1bia que o Papa reconhece em muitos pais: a capacidade de esperar, sem dar bronca logo, mesmo diante do erro. \u00c9 fundamental saber esperar, antes de dizer a palavra capaz de fazer crescer. Esperar em sil\u00eancio, como faz Deus com os seus filhos, com os quais tem muita paci\u00eancia.<\/p>\n<p><strong>O homem dos sonhos<\/strong><\/p>\n<p>Na homilia, o Pont\u00edfice esclarece que S\u00e3o Jos\u00e9 era um homem concreto, mas com o cora\u00e7\u00e3o aberto, \u201co homem dos sonhos\u201d, n\u00e3o \u201cum sonhador\u201d.<\/p>\n<p>O sonho \u00e9 um lugar privilegiado para buscar a verdade, porque ali n\u00e3o nos defendemos da verdade. V\u00eam e\u2026 Deus fala tamb\u00e9m nos sonhos. Nem sempre, porque normalmente \u00e9 o nosso inconsciente que vem, mas Deus muitas vezes escolheu falar nos sonhos. E o fez muitas vezes, na B\u00edblia se v\u00ea, n\u00e3o? Nos sonhos. Mas Jos\u00e9 era o homem dos sonhos, mas n\u00e3o era um sonhador, eh? N\u00e3o tinha fantasias. Um sonhador \u00e9 outra coisa: \u00e9 aquele que cr\u00ea\u2026 vai\u2026 est\u00e1 no ar e n\u00e3o tem os p\u00e9s no ch\u00e3o. Jos\u00e9 tinha os p\u00e9s no ch\u00e3o. Mas era aberto.<\/p>\n<p><strong>N\u00e3o perder o prazer de sonhar<\/strong><\/p>\n<p>Por fim, Francisco pede que n\u00e3o se perca a capacidade de sonhar, a capacidade de se abrir ao amanh\u00e3 com confian\u00e7a, apesar das dificuldades que possam aparecer.<\/p>\n<p>N\u00e3o perder a capacidade de sonhar o futuro: cada um de n\u00f3s. Cada um de n\u00f3s: sonhar a nossa fam\u00edlia, os nossos filhos, os nossos pais. Ver como eu gostaria que fosse a vida deles. Os sacerdotes tamb\u00e9m: sonhar os nossos fi\u00e9is, o que queremos para eles. Sonhar como sonham os jovens, que s\u00e3o \u201csem pudor\u201d ao sonhar, e ali encontram um caminho. N\u00e3o perder a capacidade de sonhar, porque sonhar \u00e9 abrir as portas para o futuro. Ser fecundos no futuro.<\/p>\n<hr \/>\n<p><em>Fonte: Vatican News<\/em><\/p>\n","protected":false},"excerpt":{"rendered":"<p>Missa em Santa Marta<\/p>\n","protected":false},"author":1,"featured_media":192981,"comment_status":"open","ping_status":"open","sticky":false,"template":"","format":"standard","meta":[],"categories":[1428],"tags":[829],"acf":[],"yoast_head":"<!-- This site is optimized with the Yoast SEO plugin v19.2 - https:\/\/yoast.com\/wordpress\/plugins\/seo\/ -->\n<title>Papa sobre S\u00e3o Jos\u00e9: homem concreto, de cora\u00e7\u00e3o aberto - Not\u00edcias - Franciscanos<\/title>\n<meta name=\"robots\" content=\"index, follow, max-snippet:-1, max-image-preview:large, max-video-preview:-1\" \/>\n<link rel=\"canonical\" href=\"https:\/\/franciscanos.org.br\/noticias\/papa-sao-jose-homem-concreto.html\" \/>\n<meta property=\"og:locale\" content=\"pt_BR\" \/>\n<meta property=\"og:type\" content=\"article\" \/>\n<meta property=\"og:title\" content=\"Papa sobre S\u00e3o Jos\u00e9: homem concreto, de cora\u00e7\u00e3o aberto - Not\u00edcias - Franciscanos\" \/>\n<meta property=\"og:description\" content=\"Missa em Santa Marta\" \/>\n<meta property=\"og:url\" content=\"https:\/\/franciscanos.org.br\/noticias\/papa-sao-jose-homem-concreto.html\" \/>\n<meta property=\"og:site_name\" content=\"Not\u00edcias - Franciscanos\" \/>\n<meta property=\"article:published_time\" content=\"2018-12-18T11:14:19+00:00\" \/>\n<meta property=\"article:modified_time\" content=\"2020-06-06T15:54:30+00:00\" \/>\n<meta property=\"og:image\" content=\"https:\/\/franciscanos.org.br\/noticias\/wp-content\/uploads\/2018\/12\/marta-181218-P.jpg\" \/>\n\t<meta property=\"og:image:width\" content=\"273\" \/>\n\t<meta property=\"og:image:height\" content=\"181\" \/>\n\t<meta property=\"og:image:type\" content=\"image\/jpeg\" \/>\n<meta name=\"author\" content=\"admin\" \/>\n<meta name=\"twitter:card\" content=\"summary_large_image\" \/>\n<meta name=\"twitter:label1\" content=\"Escrito por\" \/>\n\t<meta name=\"twitter:data1\" content=\"admin\" \/>\n\t<meta name=\"twitter:label2\" content=\"Est. tempo de leitura\" \/>\n\t<meta name=\"twitter:data2\" content=\"3 minutos\" \/>\n<script type=\"application\/ld+json\" class=\"yoast-schema-graph\">{\"@context\":\"https:\/\/schema.org\",\"@graph\":[{\"@type\":\"WebSite\",\"@id\":\"https:\/\/franciscanos.org.br\/noticias\/#website\",\"url\":\"https:\/\/franciscanos.org.br\/noticias\/\",\"name\":\"Not\u00edcias - Franciscanos\",\"description\":\"Prov\u00edncia Franciscana da Imaculada Concei\u00e7\u00e3o do Brasil - Ordem dos Frades Menores - OFM\",\"potentialAction\":[{\"@type\":\"SearchAction\",\"target\":{\"@type\":\"EntryPoint\",\"urlTemplate\":\"https:\/\/franciscanos.org.br\/noticias\/?s={search_term_string}\"},\"query-input\":\"required name=search_term_string\"}],\"inLanguage\":\"pt-BR\"},{\"@type\":\"ImageObject\",\"inLanguage\":\"pt-BR\",\"@id\":\"https:\/\/franciscanos.org.br\/noticias\/papa-sao-jose-homem-concreto.html#primaryimage\",\"url\":\"https:\/\/franciscanos.org.br\/noticias\/wp-content\/uploads\/2018\/12\/marta-181218-P.jpg\",\"contentUrl\":\"https:\/\/franciscanos.org.br\/noticias\/wp-content\/uploads\/2018\/12\/marta-181218-P.jpg\",\"width\":273,\"height\":181},{\"@type\":\"WebPage\",\"@id\":\"https:\/\/franciscanos.org.br\/noticias\/papa-sao-jose-homem-concreto.html#webpage\",\"url\":\"https:\/\/franciscanos.org.br\/noticias\/papa-sao-jose-homem-concreto.html\",\"name\":\"Papa sobre S\u00e3o Jos\u00e9: homem concreto, de cora\u00e7\u00e3o aberto - Not\u00edcias - Franciscanos\",\"isPartOf\":{\"@id\":\"https:\/\/franciscanos.org.br\/noticias\/#website\"},\"primaryImageOfPage\":{\"@id\":\"https:\/\/franciscanos.org.br\/noticias\/papa-sao-jose-homem-concreto.html#primaryimage\"},\"datePublished\":\"2018-12-18T11:14:19+00:00\",\"dateModified\":\"2020-06-06T15:54:30+00:00\",\"author\":{\"@id\":\"https:\/\/franciscanos.org.br\/noticias\/#\/schema\/person\/b38fbf43118f02820bd932f2e4b14ad3\"},\"breadcrumb\":{\"@id\":\"https:\/\/franciscanos.org.br\/noticias\/papa-sao-jose-homem-concreto.html#breadcrumb\"},\"inLanguage\":\"pt-BR\",\"potentialAction\":[{\"@type\":\"ReadAction\",\"target\":[\"https:\/\/franciscanos.org.br\/noticias\/papa-sao-jose-homem-concreto.html\"]}]},{\"@type\":\"BreadcrumbList\",\"@id\":\"https:\/\/franciscanos.org.br\/noticias\/papa-sao-jose-homem-concreto.html#breadcrumb\",\"itemListElement\":[{\"@type\":\"ListItem\",\"position\":1,\"name\":\"Home\",\"item\":\"https:\/\/franciscanos.org.br\/noticias\"},{\"@type\":\"ListItem\",\"position\":2,\"name\":\"Papa sobre S\u00e3o Jos\u00e9: homem concreto, de cora\u00e7\u00e3o aberto\"}]},{\"@type\":\"Person\",\"@id\":\"https:\/\/franciscanos.org.br\/noticias\/#\/schema\/person\/b38fbf43118f02820bd932f2e4b14ad3\",\"name\":\"admin\",\"image\":{\"@type\":\"ImageObject\",\"inLanguage\":\"pt-BR\",\"@id\":\"https:\/\/franciscanos.org.br\/noticias\/#\/schema\/person\/image\/\",\"url\":\"https:\/\/secure.gravatar.com\/avatar\/e8495742d34d0ba6448ea1c628263b3e?s=96&d=mm&r=g\",\"contentUrl\":\"https:\/\/secure.gravatar.com\/avatar\/e8495742d34d0ba6448ea1c628263b3e?s=96&d=mm&r=g\",\"caption\":\"admin\"},\"url\":\"https:\/\/franciscanos.org.br\/noticias\/author\/admin\"}]}<\/script>\n<!-- \/ Yoast SEO plugin. -->","yoast_head_json":{"title":"Papa sobre S\u00e3o Jos\u00e9: homem concreto, de cora\u00e7\u00e3o aberto - Not\u00edcias - Franciscanos","robots":{"index":"index","follow":"follow","max-snippet":"max-snippet:-1","max-image-preview":"max-image-preview:large","max-video-preview":"max-video-preview:-1"},"canonical":"https:\/\/franciscanos.org.br\/noticias\/papa-sao-jose-homem-concreto.html","og_locale":"pt_BR","og_type":"article","og_title":"Papa sobre S\u00e3o Jos\u00e9: homem concreto, de cora\u00e7\u00e3o aberto - Not\u00edcias - Franciscanos","og_description":"Missa em Santa Marta","og_url":"https:\/\/franciscanos.org.br\/noticias\/papa-sao-jose-homem-concreto.html","og_site_name":"Not\u00edcias - Franciscanos","article_published_time":"2018-12-18T11:14:19+00:00","article_modified_time":"2020-06-06T15:54:30+00:00","og_image":[{"width":273,"height":181,"url":"https:\/\/franciscanos.org.br\/noticias\/wp-content\/uploads\/2018\/12\/marta-181218-P.jpg","type":"image\/jpeg"}],"author":"admin","twitter_card":"summary_large_image","twitter_misc":{"Escrito por":"admin","Est. tempo de leitura":"3 minutos"},"schema":{"@context":"https:\/\/schema.org","@graph":[{"@type":"WebSite","@id":"https:\/\/franciscanos.org.br\/noticias\/#website","url":"https:\/\/franciscanos.org.br\/noticias\/","name":"Not\u00edcias - Franciscanos","description":"Prov\u00edncia Franciscana da Imaculada Concei\u00e7\u00e3o do Brasil - Ordem dos Frades Menores - OFM","potentialAction":[{"@type":"SearchAction","target":{"@type":"EntryPoint","urlTemplate":"https:\/\/franciscanos.org.br\/noticias\/?s={search_term_string}"},"query-input":"required name=search_term_string"}],"inLanguage":"pt-BR"},{"@type":"ImageObject","inLanguage":"pt-BR","@id":"https:\/\/franciscanos.org.br\/noticias\/papa-sao-jose-homem-concreto.html#primaryimage","url":"https:\/\/franciscanos.org.br\/noticias\/wp-content\/uploads\/2018\/12\/marta-181218-P.jpg","contentUrl":"https:\/\/franciscanos.org.br\/noticias\/wp-content\/uploads\/2018\/12\/marta-181218-P.jpg","width":273,"height":181},{"@type":"WebPage","@id":"https:\/\/franciscanos.org.br\/noticias\/papa-sao-jose-homem-concreto.html#webpage","url":"https:\/\/franciscanos.org.br\/noticias\/papa-sao-jose-homem-concreto.html","name":"Papa sobre S\u00e3o Jos\u00e9: homem concreto, de cora\u00e7\u00e3o aberto - Not\u00edcias - Franciscanos","isPartOf":{"@id":"https:\/\/franciscanos.org.br\/noticias\/#website"},"primaryImageOfPage":{"@id":"https:\/\/franciscanos.org.br\/noticias\/papa-sao-jose-homem-concreto.html#primaryimage"},"datePublished":"2018-12-18T11:14:19+00:00","dateModified":"2020-06-06T15:54:30+00:00","author":{"@id":"https:\/\/franciscanos.org.br\/noticias\/#\/schema\/person\/b38fbf43118f02820bd932f2e4b14ad3"},"breadcrumb":{"@id":"https:\/\/franciscanos.org.br\/noticias\/papa-sao-jose-homem-concreto.html#breadcrumb"},"inLanguage":"pt-BR","potentialAction":[{"@type":"ReadAction","target":["https:\/\/franciscanos.org.br\/noticias\/papa-sao-jose-homem-concreto.html"]}]},{"@type":"BreadcrumbList","@id":"https:\/\/franciscanos.org.br\/noticias\/papa-sao-jose-homem-concreto.html#breadcrumb","itemListElement":[{"@type":"ListItem","position":1,"name":"Home","item":"https:\/\/franciscanos.org.br\/noticias"},{"@type":"ListItem","position":2,"name":"Papa sobre S\u00e3o Jos\u00e9: homem concreto, de cora\u00e7\u00e3o aberto"}]},{"@type":"Person","@id":"https:\/\/franciscanos.org.br\/noticias\/#\/schema\/person\/b38fbf43118f02820bd932f2e4b14ad3","name":"admin","image":{"@type":"ImageObject","inLanguage":"pt-BR","@id":"https:\/\/franciscanos.org.br\/noticias\/#\/schema\/person\/image\/","url":"https:\/\/secure.gravatar.com\/avatar\/e8495742d34d0ba6448ea1c628263b3e?s=96&d=mm&r=g","contentUrl":"https:\/\/secure.gravatar.com\/avatar\/e8495742d34d0ba6448ea1c628263b3e?s=96&d=mm&r=g","caption":"admin"},"url":"https:\/\/franciscanos.org.br\/noticias\/author\/admin"}]}},"_links":{"self":[{"href":"https:\/\/franciscanos.org.br\/noticias\/wp-json\/wp\/v2\/posts\/192979"}],"collection":[{"href":"https:\/\/franciscanos.org.br\/noticias\/wp-json\/wp\/v2\/posts"}],"about":[{"href":"https:\/\/franciscanos.org.br\/noticias\/wp-json\/wp\/v2\/types\/post"}],"author":[{"embeddable":true,"href":"https:\/\/franciscanos.org.br\/noticias\/wp-json\/wp\/v2\/users\/1"}],"replies":[{"embeddable":true,"href":"https:\/\/franciscanos.org.br\/noticias\/wp-json\/wp\/v2\/comments?post=192979"}],"version-history":[{"count":1,"href":"https:\/\/franciscanos.org.br\/noticias\/wp-json\/wp\/v2\/posts\/192979\/revisions"}],"predecessor-version":[{"id":224609,"href":"https:\/\/franciscanos.org.br\/noticias\/wp-json\/wp\/v2\/posts\/192979\/revisions\/224609"}],"wp:featuredmedia":[{"embeddable":true,"href":"https:\/\/franciscanos.org.br\/noticias\/wp-json\/wp\/v2\/media\/192981"}],"wp:attachment":[{"href":"https:\/\/franciscanos.org.br\/noticias\/wp-json\/wp\/v2\/media?parent=192979"}],"wp:term":[{"taxonomy":"category","embeddable":true,"href":"https:\/\/franciscanos.org.br\/noticias\/wp-json\/wp\/v2\/categories?post=192979"},{"taxonomy":"post_tag","embeddable":true,"href":"https:\/\/franciscanos.org.br\/noticias\/wp-json\/wp\/v2\/tags?post=192979"}],"curies":[{"name":"wp","href":"https:\/\/api.w.org\/{rel}","templated":true}]}}