{"id":192964,"date":"2018-12-16T14:46:36","date_gmt":"2018-12-16T16:46:36","guid":{"rendered":"https:\/\/franciscanos.org.br\/noticias\/?p=192964"},"modified":"2019-09-02T08:29:28","modified_gmt":"2019-09-02T11:29:28","slug":"seminario-frei-galvao-apresenta-exposicao-de-presepios","status":"publish","type":"post","link":"https:\/\/franciscanos.org.br\/noticias\/seminario-frei-galvao-apresenta-exposicao-de-presepios.html","title":{"rendered":"Semin\u00e1rio Frei Galv\u00e3o apresenta Exposi\u00e7\u00e3o de Pres\u00e9pios"},"content":{"rendered":"<p><img loading=\"lazy\" class=\"alignnone size-full wp-image-192965\" src=\"https:\/\/franciscanos.org.br\/noticias\/wp-content\/uploads\/2018\/12\/guara-171218-g.jpg\" alt=\"\" width=\"980\" height=\"551\" srcset=\"https:\/\/franciscanos.org.br\/noticias\/wp-content\/uploads\/2018\/12\/guara-171218-g.jpg 980w, https:\/\/franciscanos.org.br\/noticias\/wp-content\/uploads\/2018\/12\/guara-171218-g-450x253.jpg 450w, https:\/\/franciscanos.org.br\/noticias\/wp-content\/uploads\/2018\/12\/guara-171218-g-768x432.jpg 768w, https:\/\/franciscanos.org.br\/noticias\/wp-content\/uploads\/2018\/12\/guara-171218-g-150x84.jpg 150w\" sizes=\"(max-width: 980px) 100vw, 980px\" \/>Com o tema <strong>\u201cOntem, nasceu na gruta de Bel\u00e9m. Hoje, na gruta do seu cora\u00e7\u00e3o\u201d<\/strong>, o Semin\u00e1rio Franciscano Frei Galv\u00e3o, em Guaratinguet\u00e1, apresenta a Exposi\u00e7\u00e3o Franciscana Permanente de Pres\u00e9pios.<\/p>\n<p>Durante todo o ano, os romeiros que visitam o Semin\u00e1rio s\u00e3o convidados a visitar a Exposi\u00e7\u00e3o de Pres\u00e9pios. Neste tempo de Advento, a tradi\u00e7\u00e3o se refor\u00e7a, espalhando-se por Conventos e Santu\u00e1rios da Prov\u00edncia.<\/p>\n<p>Em Guaratinguet\u00e1, todos os pres\u00e9pios s\u00e3o do acervo da Prov\u00edncia Franciscana. A curadoria \u00e9 de Frei R\u00f3ger Brun\u00f3rio.<\/p>\n<p><strong>Hist\u00f3rico<\/strong><\/p>\n<p>Em meados dos anos 70, Frei Paulo Limper e Frei Est\u00eav\u00e3o Ottenbreit iniciaram na Prov\u00edncia da Imaculada a tradi\u00e7\u00e3o de fazer exposi\u00e7\u00e3o de pres\u00e9pios pelos conventos. Desde ent\u00e3o, o acervo faz parte de uma grande cole\u00e7\u00e3o de pres\u00e9pios do mundo inteiro e conta com conjuntos de diversos tipos, tamanhos, materiais e t\u00e9cnicas que revelam o mist\u00e9rio do Nascimento de Jesus nas mais variadas formas, materiais e t\u00e9cnicas de representa\u00e7\u00e3o pl\u00e1stica.<\/p>\n<p><strong>Servi\u00e7o:<\/strong><\/p>\n<p><strong>Semin\u00e1rio Franciscano Frei Galv\u00e3o<\/strong><br \/>\nAv. Integra\u00e7\u00e3o, 151<br \/>\nS\u00e3o Bento \u2013 Guaratinguet\u00e1, SP<br \/>\n<a href=\"http:\/\/seminariofreigalvao.org.br\/\" target=\"_blank\" rel=\"noopener noreferrer\">seminariofreigalvao.org.br<\/a><\/p>\n\n\t\t<style type=\"text\/css\">\n\t\t\t#gallery-1 {\n\t\t\t\tmargin: auto;\n\t\t\t}\n\t\t\t#gallery-1 .gallery-item {\n\t\t\t\tfloat: left;\n\t\t\t\tmargin-top: 10px;\n\t\t\t\ttext-align: center;\n\t\t\t\twidth: 25%;\n\t\t\t}\n\t\t\t#gallery-1 img {\n\t\t\t\tborder: 2px solid #cfcfcf;\n\t\t\t}\n\t\t\t#gallery-1 .gallery-caption {\n\t\t\t\tmargin-left: 0;\n\t\t\t}\n\t\t\t\/* see gallery_shortcode() in wp-includes\/media.php *\/\n\t\t<\/style>\n\t\t<div id='gallery-1' class='gallery galleryid-192964 gallery-columns-4 gallery-size-thumbnail'><dl class='gallery-item'>\n\t\t\t<dt class='gallery-icon landscape'>\n\t\t\t\t<a href='https:\/\/franciscanos.org.br\/noticias\/wp-content\/uploads\/2018\/12\/guara-171218.jpg'><img width=\"300\" height=\"300\" src=\"https:\/\/franciscanos.org.br\/noticias\/wp-content\/uploads\/2018\/12\/guara-171218-300x300.jpg\" class=\"attachment-thumbnail size-thumbnail\" alt=\"\" loading=\"lazy\" srcset=\"https:\/\/franciscanos.org.br\/noticias\/wp-content\/uploads\/2018\/12\/guara-171218-300x300.jpg 300w, https:\/\/franciscanos.org.br\/noticias\/wp-content\/uploads\/2018\/12\/guara-171218-400x400.jpg 400w\" sizes=\"(max-width: 300px) 100vw, 300px\" \/><\/a>\n\t\t\t<\/dt><\/dl><dl class='gallery-item'>\n\t\t\t<dt class='gallery-icon landscape'>\n\t\t\t\t<a href='https:\/\/franciscanos.org.br\/noticias\/wp-content\/uploads\/2018\/12\/guara-171218-2.jpg'><img width=\"300\" height=\"300\" src=\"https:\/\/franciscanos.org.br\/noticias\/wp-content\/uploads\/2018\/12\/guara-171218-2-300x300.jpg\" class=\"attachment-thumbnail size-thumbnail\" alt=\"\" loading=\"lazy\" srcset=\"https:\/\/franciscanos.org.br\/noticias\/wp-content\/uploads\/2018\/12\/guara-171218-2-300x300.jpg 300w, https:\/\/franciscanos.org.br\/noticias\/wp-content\/uploads\/2018\/12\/guara-171218-2-400x400.jpg 400w\" sizes=\"(max-width: 300px) 100vw, 300px\" \/><\/a>\n\t\t\t<\/dt><\/dl><dl class='gallery-item'>\n\t\t\t<dt class='gallery-icon landscape'>\n\t\t\t\t<a href='https:\/\/franciscanos.org.br\/noticias\/wp-content\/uploads\/2018\/12\/guara-171218-3.jpg'><img width=\"300\" height=\"300\" src=\"https:\/\/franciscanos.org.br\/noticias\/wp-content\/uploads\/2018\/12\/guara-171218-3-300x300.jpg\" class=\"attachment-thumbnail size-thumbnail\" alt=\"\" loading=\"lazy\" srcset=\"https:\/\/franciscanos.org.br\/noticias\/wp-content\/uploads\/2018\/12\/guara-171218-3-300x300.jpg 300w, https:\/\/franciscanos.org.br\/noticias\/wp-content\/uploads\/2018\/12\/guara-171218-3-400x400.jpg 400w\" sizes=\"(max-width: 300px) 100vw, 300px\" \/><\/a>\n\t\t\t<\/dt><\/dl><dl class='gallery-item'>\n\t\t\t<dt class='gallery-icon landscape'>\n\t\t\t\t<a href='https:\/\/franciscanos.org.br\/noticias\/wp-content\/uploads\/2018\/12\/guara-171218-4.jpg'><img width=\"300\" height=\"300\" src=\"https:\/\/franciscanos.org.br\/noticias\/wp-content\/uploads\/2018\/12\/guara-171218-4-300x300.jpg\" class=\"attachment-thumbnail size-thumbnail\" alt=\"\" loading=\"lazy\" srcset=\"https:\/\/franciscanos.org.br\/noticias\/wp-content\/uploads\/2018\/12\/guara-171218-4-300x300.jpg 300w, https:\/\/franciscanos.org.br\/noticias\/wp-content\/uploads\/2018\/12\/guara-171218-4-400x400.jpg 400w\" sizes=\"(max-width: 300px) 100vw, 300px\" \/><\/a>\n\t\t\t<\/dt><\/dl><br style=\"clear: both\" \/><dl class='gallery-item'>\n\t\t\t<dt class='gallery-icon landscape'>\n\t\t\t\t<a href='https:\/\/franciscanos.org.br\/noticias\/wp-content\/uploads\/2018\/12\/guara-171218-5.jpg'><img width=\"300\" height=\"300\" src=\"https:\/\/franciscanos.org.br\/noticias\/wp-content\/uploads\/2018\/12\/guara-171218-5-300x300.jpg\" class=\"attachment-thumbnail size-thumbnail\" alt=\"\" loading=\"lazy\" srcset=\"https:\/\/franciscanos.org.br\/noticias\/wp-content\/uploads\/2018\/12\/guara-171218-5-300x300.jpg 300w, https:\/\/franciscanos.org.br\/noticias\/wp-content\/uploads\/2018\/12\/guara-171218-5-400x400.jpg 400w\" sizes=\"(max-width: 300px) 100vw, 300px\" \/><\/a>\n\t\t\t<\/dt><\/dl><dl class='gallery-item'>\n\t\t\t<dt class='gallery-icon landscape'>\n\t\t\t\t<a href='https:\/\/franciscanos.org.br\/noticias\/wp-content\/uploads\/2018\/12\/guara-171218-6.jpg'><img width=\"300\" height=\"300\" src=\"https:\/\/franciscanos.org.br\/noticias\/wp-content\/uploads\/2018\/12\/guara-171218-6-300x300.jpg\" class=\"attachment-thumbnail size-thumbnail\" alt=\"\" loading=\"lazy\" srcset=\"https:\/\/franciscanos.org.br\/noticias\/wp-content\/uploads\/2018\/12\/guara-171218-6-300x300.jpg 300w, https:\/\/franciscanos.org.br\/noticias\/wp-content\/uploads\/2018\/12\/guara-171218-6-400x400.jpg 400w\" sizes=\"(max-width: 300px) 100vw, 300px\" \/><\/a>\n\t\t\t<\/dt><\/dl><dl class='gallery-item'>\n\t\t\t<dt class='gallery-icon landscape'>\n\t\t\t\t<a href='https:\/\/franciscanos.org.br\/noticias\/wp-content\/uploads\/2018\/12\/guara-171218-7.jpg'><img width=\"300\" height=\"300\" src=\"https:\/\/franciscanos.org.br\/noticias\/wp-content\/uploads\/2018\/12\/guara-171218-7-300x300.jpg\" class=\"attachment-thumbnail size-thumbnail\" alt=\"\" loading=\"lazy\" srcset=\"https:\/\/franciscanos.org.br\/noticias\/wp-content\/uploads\/2018\/12\/guara-171218-7-300x300.jpg 300w, https:\/\/franciscanos.org.br\/noticias\/wp-content\/uploads\/2018\/12\/guara-171218-7-400x400.jpg 400w\" sizes=\"(max-width: 300px) 100vw, 300px\" \/><\/a>\n\t\t\t<\/dt><\/dl><dl class='gallery-item'>\n\t\t\t<dt class='gallery-icon landscape'>\n\t\t\t\t<a href='https:\/\/franciscanos.org.br\/noticias\/wp-content\/uploads\/2018\/12\/guara-171218-8.jpg'><img width=\"300\" height=\"300\" src=\"https:\/\/franciscanos.org.br\/noticias\/wp-content\/uploads\/2018\/12\/guara-171218-8-300x300.jpg\" class=\"attachment-thumbnail size-thumbnail\" alt=\"\" loading=\"lazy\" srcset=\"https:\/\/franciscanos.org.br\/noticias\/wp-content\/uploads\/2018\/12\/guara-171218-8-300x300.jpg 300w, https:\/\/franciscanos.org.br\/noticias\/wp-content\/uploads\/2018\/12\/guara-171218-8-400x400.jpg 400w\" sizes=\"(max-width: 300px) 100vw, 300px\" \/><\/a>\n\t\t\t<\/dt><\/dl><br style=\"clear: both\" \/>\n\t\t<\/div>\n\n","protected":false},"excerpt":{"rendered":"<p>Com o tema \u201cOntem, nasceu na gruta de Bel\u00e9m. Hoje, na gruta do seu cora\u00e7\u00e3o\u201d, o Semin\u00e1rio Franciscano Frei Galv\u00e3o, em Guaratinguet\u00e1, apresenta a Exposi\u00e7\u00e3o Franciscana Permanente de Pres\u00e9pios. Durante todo o ano, os romeiros que visitam o Semin\u00e1rio s\u00e3o convidados a visitar a Exposi\u00e7\u00e3o de Pres\u00e9pios. Neste tempo de Advento, a tradi\u00e7\u00e3o se refor\u00e7a, [&hellip;]<\/p>\n","protected":false},"author":1,"featured_media":192974,"comment_status":"open","ping_status":"open","sticky":false,"template":"","format":"standard","meta":[],"categories":[1],"tags":[421],"acf":[],"yoast_head":"<!-- This site is optimized with the Yoast SEO plugin v19.2 - https:\/\/yoast.com\/wordpress\/plugins\/seo\/ -->\n<title>Semin\u00e1rio Frei Galv\u00e3o apresenta Exposi\u00e7\u00e3o de Pres\u00e9pios - Not\u00edcias - Franciscanos<\/title>\n<meta name=\"robots\" content=\"index, follow, max-snippet:-1, max-image-preview:large, max-video-preview:-1\" \/>\n<link rel=\"canonical\" href=\"https:\/\/franciscanos.org.br\/noticias\/seminario-frei-galvao-apresenta-exposicao-de-presepios.html\" \/>\n<meta property=\"og:locale\" content=\"pt_BR\" \/>\n<meta property=\"og:type\" content=\"article\" \/>\n<meta property=\"og:title\" content=\"Semin\u00e1rio Frei Galv\u00e3o apresenta Exposi\u00e7\u00e3o de Pres\u00e9pios - Not\u00edcias - Franciscanos\" \/>\n<meta property=\"og:description\" content=\"Com o tema \u201cOntem, nasceu na gruta de Bel\u00e9m. Hoje, na gruta do seu cora\u00e7\u00e3o\u201d, o Semin\u00e1rio Franciscano Frei Galv\u00e3o, em Guaratinguet\u00e1, apresenta a Exposi\u00e7\u00e3o Franciscana Permanente de Pres\u00e9pios. Durante todo o ano, os romeiros que visitam o Semin\u00e1rio s\u00e3o convidados a visitar a Exposi\u00e7\u00e3o de Pres\u00e9pios. Neste tempo de Advento, a tradi\u00e7\u00e3o se refor\u00e7a, [&hellip;]\" \/>\n<meta property=\"og:url\" content=\"https:\/\/franciscanos.org.br\/noticias\/seminario-frei-galvao-apresenta-exposicao-de-presepios.html\" \/>\n<meta property=\"og:site_name\" content=\"Not\u00edcias - Franciscanos\" \/>\n<meta property=\"article:published_time\" content=\"2018-12-16T16:46:36+00:00\" \/>\n<meta property=\"article:modified_time\" content=\"2019-09-02T11:29:28+00:00\" \/>\n<meta property=\"og:image\" content=\"https:\/\/franciscanos.org.br\/noticias\/wp-content\/uploads\/2018\/12\/guara-171218-P.jpg\" \/>\n\t<meta property=\"og:image:width\" content=\"273\" \/>\n\t<meta property=\"og:image:height\" content=\"181\" \/>\n\t<meta property=\"og:image:type\" content=\"image\/jpeg\" \/>\n<meta name=\"author\" content=\"admin\" \/>\n<meta name=\"twitter:card\" content=\"summary_large_image\" \/>\n<meta name=\"twitter:label1\" content=\"Escrito por\" \/>\n\t<meta name=\"twitter:data1\" content=\"admin\" \/>\n\t<meta name=\"twitter:label2\" content=\"Est. tempo de leitura\" \/>\n\t<meta name=\"twitter:data2\" content=\"1 minuto\" \/>\n<script type=\"application\/ld+json\" class=\"yoast-schema-graph\">{\"@context\":\"https:\/\/schema.org\",\"@graph\":[{\"@type\":\"WebSite\",\"@id\":\"https:\/\/franciscanos.org.br\/noticias\/#website\",\"url\":\"https:\/\/franciscanos.org.br\/noticias\/\",\"name\":\"Not\u00edcias - Franciscanos\",\"description\":\"Prov\u00edncia Franciscana da Imaculada Concei\u00e7\u00e3o do Brasil - Ordem dos Frades Menores - OFM\",\"potentialAction\":[{\"@type\":\"SearchAction\",\"target\":{\"@type\":\"EntryPoint\",\"urlTemplate\":\"https:\/\/franciscanos.org.br\/noticias\/?s={search_term_string}\"},\"query-input\":\"required name=search_term_string\"}],\"inLanguage\":\"pt-BR\"},{\"@type\":\"ImageObject\",\"inLanguage\":\"pt-BR\",\"@id\":\"https:\/\/franciscanos.org.br\/noticias\/seminario-frei-galvao-apresenta-exposicao-de-presepios.html#primaryimage\",\"url\":\"https:\/\/franciscanos.org.br\/noticias\/wp-content\/uploads\/2018\/12\/guara-171218-P.jpg\",\"contentUrl\":\"https:\/\/franciscanos.org.br\/noticias\/wp-content\/uploads\/2018\/12\/guara-171218-P.jpg\",\"width\":273,\"height\":181},{\"@type\":\"WebPage\",\"@id\":\"https:\/\/franciscanos.org.br\/noticias\/seminario-frei-galvao-apresenta-exposicao-de-presepios.html#webpage\",\"url\":\"https:\/\/franciscanos.org.br\/noticias\/seminario-frei-galvao-apresenta-exposicao-de-presepios.html\",\"name\":\"Semin\u00e1rio Frei Galv\u00e3o apresenta Exposi\u00e7\u00e3o de Pres\u00e9pios - Not\u00edcias - Franciscanos\",\"isPartOf\":{\"@id\":\"https:\/\/franciscanos.org.br\/noticias\/#website\"},\"primaryImageOfPage\":{\"@id\":\"https:\/\/franciscanos.org.br\/noticias\/seminario-frei-galvao-apresenta-exposicao-de-presepios.html#primaryimage\"},\"datePublished\":\"2018-12-16T16:46:36+00:00\",\"dateModified\":\"2019-09-02T11:29:28+00:00\",\"author\":{\"@id\":\"https:\/\/franciscanos.org.br\/noticias\/#\/schema\/person\/b38fbf43118f02820bd932f2e4b14ad3\"},\"breadcrumb\":{\"@id\":\"https:\/\/franciscanos.org.br\/noticias\/seminario-frei-galvao-apresenta-exposicao-de-presepios.html#breadcrumb\"},\"inLanguage\":\"pt-BR\",\"potentialAction\":[{\"@type\":\"ReadAction\",\"target\":[\"https:\/\/franciscanos.org.br\/noticias\/seminario-frei-galvao-apresenta-exposicao-de-presepios.html\"]}]},{\"@type\":\"BreadcrumbList\",\"@id\":\"https:\/\/franciscanos.org.br\/noticias\/seminario-frei-galvao-apresenta-exposicao-de-presepios.html#breadcrumb\",\"itemListElement\":[{\"@type\":\"ListItem\",\"position\":1,\"name\":\"Home\",\"item\":\"https:\/\/franciscanos.org.br\/noticias\"},{\"@type\":\"ListItem\",\"position\":2,\"name\":\"Semin\u00e1rio Frei Galv\u00e3o apresenta Exposi\u00e7\u00e3o de Pres\u00e9pios\"}]},{\"@type\":\"Person\",\"@id\":\"https:\/\/franciscanos.org.br\/noticias\/#\/schema\/person\/b38fbf43118f02820bd932f2e4b14ad3\",\"name\":\"admin\",\"image\":{\"@type\":\"ImageObject\",\"inLanguage\":\"pt-BR\",\"@id\":\"https:\/\/franciscanos.org.br\/noticias\/#\/schema\/person\/image\/\",\"url\":\"https:\/\/secure.gravatar.com\/avatar\/e8495742d34d0ba6448ea1c628263b3e?s=96&d=mm&r=g\",\"contentUrl\":\"https:\/\/secure.gravatar.com\/avatar\/e8495742d34d0ba6448ea1c628263b3e?s=96&d=mm&r=g\",\"caption\":\"admin\"},\"url\":\"https:\/\/franciscanos.org.br\/noticias\/author\/admin\"}]}<\/script>\n<!-- \/ Yoast SEO plugin. -->","yoast_head_json":{"title":"Semin\u00e1rio Frei Galv\u00e3o apresenta Exposi\u00e7\u00e3o de Pres\u00e9pios - Not\u00edcias - Franciscanos","robots":{"index":"index","follow":"follow","max-snippet":"max-snippet:-1","max-image-preview":"max-image-preview:large","max-video-preview":"max-video-preview:-1"},"canonical":"https:\/\/franciscanos.org.br\/noticias\/seminario-frei-galvao-apresenta-exposicao-de-presepios.html","og_locale":"pt_BR","og_type":"article","og_title":"Semin\u00e1rio Frei Galv\u00e3o apresenta Exposi\u00e7\u00e3o de Pres\u00e9pios - Not\u00edcias - Franciscanos","og_description":"Com o tema \u201cOntem, nasceu na gruta de Bel\u00e9m. Hoje, na gruta do seu cora\u00e7\u00e3o\u201d, o Semin\u00e1rio Franciscano Frei Galv\u00e3o, em Guaratinguet\u00e1, apresenta a Exposi\u00e7\u00e3o Franciscana Permanente de Pres\u00e9pios. Durante todo o ano, os romeiros que visitam o Semin\u00e1rio s\u00e3o convidados a visitar a Exposi\u00e7\u00e3o de Pres\u00e9pios. Neste tempo de Advento, a tradi\u00e7\u00e3o se refor\u00e7a, [&hellip;]","og_url":"https:\/\/franciscanos.org.br\/noticias\/seminario-frei-galvao-apresenta-exposicao-de-presepios.html","og_site_name":"Not\u00edcias - Franciscanos","article_published_time":"2018-12-16T16:46:36+00:00","article_modified_time":"2019-09-02T11:29:28+00:00","og_image":[{"width":273,"height":181,"url":"https:\/\/franciscanos.org.br\/noticias\/wp-content\/uploads\/2018\/12\/guara-171218-P.jpg","type":"image\/jpeg"}],"author":"admin","twitter_card":"summary_large_image","twitter_misc":{"Escrito por":"admin","Est. tempo de leitura":"1 minuto"},"schema":{"@context":"https:\/\/schema.org","@graph":[{"@type":"WebSite","@id":"https:\/\/franciscanos.org.br\/noticias\/#website","url":"https:\/\/franciscanos.org.br\/noticias\/","name":"Not\u00edcias - Franciscanos","description":"Prov\u00edncia Franciscana da Imaculada Concei\u00e7\u00e3o do Brasil - Ordem dos Frades Menores - OFM","potentialAction":[{"@type":"SearchAction","target":{"@type":"EntryPoint","urlTemplate":"https:\/\/franciscanos.org.br\/noticias\/?s={search_term_string}"},"query-input":"required name=search_term_string"}],"inLanguage":"pt-BR"},{"@type":"ImageObject","inLanguage":"pt-BR","@id":"https:\/\/franciscanos.org.br\/noticias\/seminario-frei-galvao-apresenta-exposicao-de-presepios.html#primaryimage","url":"https:\/\/franciscanos.org.br\/noticias\/wp-content\/uploads\/2018\/12\/guara-171218-P.jpg","contentUrl":"https:\/\/franciscanos.org.br\/noticias\/wp-content\/uploads\/2018\/12\/guara-171218-P.jpg","width":273,"height":181},{"@type":"WebPage","@id":"https:\/\/franciscanos.org.br\/noticias\/seminario-frei-galvao-apresenta-exposicao-de-presepios.html#webpage","url":"https:\/\/franciscanos.org.br\/noticias\/seminario-frei-galvao-apresenta-exposicao-de-presepios.html","name":"Semin\u00e1rio Frei Galv\u00e3o apresenta Exposi\u00e7\u00e3o de Pres\u00e9pios - Not\u00edcias - Franciscanos","isPartOf":{"@id":"https:\/\/franciscanos.org.br\/noticias\/#website"},"primaryImageOfPage":{"@id":"https:\/\/franciscanos.org.br\/noticias\/seminario-frei-galvao-apresenta-exposicao-de-presepios.html#primaryimage"},"datePublished":"2018-12-16T16:46:36+00:00","dateModified":"2019-09-02T11:29:28+00:00","author":{"@id":"https:\/\/franciscanos.org.br\/noticias\/#\/schema\/person\/b38fbf43118f02820bd932f2e4b14ad3"},"breadcrumb":{"@id":"https:\/\/franciscanos.org.br\/noticias\/seminario-frei-galvao-apresenta-exposicao-de-presepios.html#breadcrumb"},"inLanguage":"pt-BR","potentialAction":[{"@type":"ReadAction","target":["https:\/\/franciscanos.org.br\/noticias\/seminario-frei-galvao-apresenta-exposicao-de-presepios.html"]}]},{"@type":"BreadcrumbList","@id":"https:\/\/franciscanos.org.br\/noticias\/seminario-frei-galvao-apresenta-exposicao-de-presepios.html#breadcrumb","itemListElement":[{"@type":"ListItem","position":1,"name":"Home","item":"https:\/\/franciscanos.org.br\/noticias"},{"@type":"ListItem","position":2,"name":"Semin\u00e1rio Frei Galv\u00e3o apresenta Exposi\u00e7\u00e3o de Pres\u00e9pios"}]},{"@type":"Person","@id":"https:\/\/franciscanos.org.br\/noticias\/#\/schema\/person\/b38fbf43118f02820bd932f2e4b14ad3","name":"admin","image":{"@type":"ImageObject","inLanguage":"pt-BR","@id":"https:\/\/franciscanos.org.br\/noticias\/#\/schema\/person\/image\/","url":"https:\/\/secure.gravatar.com\/avatar\/e8495742d34d0ba6448ea1c628263b3e?s=96&d=mm&r=g","contentUrl":"https:\/\/secure.gravatar.com\/avatar\/e8495742d34d0ba6448ea1c628263b3e?s=96&d=mm&r=g","caption":"admin"},"url":"https:\/\/franciscanos.org.br\/noticias\/author\/admin"}]}},"_links":{"self":[{"href":"https:\/\/franciscanos.org.br\/noticias\/wp-json\/wp\/v2\/posts\/192964"}],"collection":[{"href":"https:\/\/franciscanos.org.br\/noticias\/wp-json\/wp\/v2\/posts"}],"about":[{"href":"https:\/\/franciscanos.org.br\/noticias\/wp-json\/wp\/v2\/types\/post"}],"author":[{"embeddable":true,"href":"https:\/\/franciscanos.org.br\/noticias\/wp-json\/wp\/v2\/users\/1"}],"replies":[{"embeddable":true,"href":"https:\/\/franciscanos.org.br\/noticias\/wp-json\/wp\/v2\/comments?post=192964"}],"version-history":[{"count":0,"href":"https:\/\/franciscanos.org.br\/noticias\/wp-json\/wp\/v2\/posts\/192964\/revisions"}],"wp:featuredmedia":[{"embeddable":true,"href":"https:\/\/franciscanos.org.br\/noticias\/wp-json\/wp\/v2\/media\/192974"}],"wp:attachment":[{"href":"https:\/\/franciscanos.org.br\/noticias\/wp-json\/wp\/v2\/media?parent=192964"}],"wp:term":[{"taxonomy":"category","embeddable":true,"href":"https:\/\/franciscanos.org.br\/noticias\/wp-json\/wp\/v2\/categories?post=192964"},{"taxonomy":"post_tag","embeddable":true,"href":"https:\/\/franciscanos.org.br\/noticias\/wp-json\/wp\/v2\/tags?post=192964"}],"curies":[{"name":"wp","href":"https:\/\/api.w.org\/{rel}","templated":true}]}}