{"id":192960,"date":"2018-12-18T22:08:16","date_gmt":"2018-12-19T00:08:16","guid":{"rendered":"https:\/\/franciscanos.org.br\/noticias\/?p=192960"},"modified":"2021-07-05T20:13:57","modified_gmt":"2021-07-05T23:13:57","slug":"corais-dos-canarinhos-realizam-concerto-de-natal","status":"publish","type":"post","link":"https:\/\/franciscanos.org.br\/noticias\/corais-dos-canarinhos-realizam-concerto-de-natal.html","title":{"rendered":"Corais dos Canarinhos realizam Concerto de Natal\u00a0"},"content":{"rendered":"<p style=\"font-weight: 400;\"><strong><img loading=\"lazy\" class=\"alignnone size-full wp-image-192961\" src=\"https:\/\/franciscanos.org.br\/noticias\/wp-content\/uploads\/2018\/12\/canarinhos-171218-g.jpg\" alt=\"\" width=\"980\" height=\"550\" srcset=\"https:\/\/franciscanos.org.br\/noticias\/wp-content\/uploads\/2018\/12\/canarinhos-171218-g.jpg 980w, https:\/\/franciscanos.org.br\/noticias\/wp-content\/uploads\/2018\/12\/canarinhos-171218-g-450x253.jpg 450w, https:\/\/franciscanos.org.br\/noticias\/wp-content\/uploads\/2018\/12\/canarinhos-171218-g-768x431.jpg 768w, https:\/\/franciscanos.org.br\/noticias\/wp-content\/uploads\/2018\/12\/canarinhos-171218-g-150x84.jpg 150w\" sizes=\"(max-width: 980px) 100vw, 980px\" \/><\/strong><\/p>\n<p style=\"font-weight: 400;\"><strong>Petr\u00f3polis (RJ) &#8211;<\/strong> O Natal ser\u00e1 celebrado mais uma vez pelo tradicional Concerto de Natal do Instituto dos Meninos Cantores de Petr\u00f3polis (IMCP). Ao todo, 200 vozes integrar\u00e3o a apresenta\u00e7\u00e3o que trar\u00e1 ao p\u00fablico um momento de reflex\u00e3o sobre o esp\u00edrito de Natal. O Concerto ser\u00e1 realizado no dia 22, \u00e0s 20h, na Igreja do Sagrado Cora\u00e7\u00e3o de Jesus, com entrada franca.<\/p>\n<p style=\"font-weight: 400;\">A apresenta\u00e7\u00e3o contar\u00e1 com a presen\u00e7a do Coral dos Canarinhos, das Meninas dos Canarinhos, dos alunos do Curso de Aprendizes e do Coral Mirim do Col\u00e9gio Bom Jesus. O concerto ser\u00e1 dividido em quatro \u00a0partes. A primeira ser\u00e1 com o coro feminino, regido pelo maestro Marcelo Vizani, que trar\u00e1 um programa com obras como \u201cResonet in laudibus\u201d, de Jacobus Gallus; \u201cVerbum caro factum est\u201d, de Pe. Jos\u00e9 Maur\u00edcio Nunes Garcia; e \u201cAve Maria\u201d, de Paulo Pantale\u00e3o. O Coral dos Canarinhos ter\u00e1 reg\u00eancia do maestro Marco Aur\u00e9lio Lisch e far\u00e1 a segunda parte do Concerto. Entre as can\u00e7\u00f5es estar\u00e3o \u201cWeihnachten op 79\u201d, de Felix Mendelssohn-Bartholdy; \u201cVerbum caro factum est\u201d, de Hans Leo Hassler; e \u201cTomorrow shall be may dancing Day\u201d, de Carol\/ David Willcocks.<\/p>\n<p style=\"font-weight: 400;\">Na terceira parte do programa, a entrada da imagem do Menino Jesus ser\u00e1 embalada pela composi\u00e7\u00e3o \u201cWillkommen s\u00fcsser Br\u00e4utigam\u201d, de Vincent L\u00fcbeck. Na quarta parte, os corais dos Canarinhos e das Meninas dos Canarinhos se unem aos alunos do Curso de Aprendizes e ao Coral Mirim do Col\u00e9gio Bom Jesus para cantar \u201cNatal, Natal das crian\u00e7as\u201d, de Ot\u00e1vio Henrique de Oliveira\/ A. Gast\u00e3o; \u201cBate o sino\u201d, de James Pierpoint\/ A. Gast\u00e3o; \u201cNoite Feliz\u201d, de Franz Gruber\/ A. Gast\u00e3o; e \u201cBoas festas\u201d, de Assis Valente\/ A. Gast\u00e3o.<\/p>\n<p style=\"font-weight: 400;\">Ao final do concerto, o p\u00fablico presente poder\u00e1 realizar doa\u00e7\u00f5es espont\u00e2neas em dinheiro. O valor arrecado ser\u00e1 revertido para a manuten\u00e7\u00e3o dos trabalhos do IMCP.<\/p>\n<p style=\"font-weight: 400;\"><strong>Servi\u00e7o:<\/strong><\/p>\n<p style=\"font-weight: 400;\"><strong>Concerto de Natal do IMCP<\/strong><\/p>\n<p style=\"font-weight: 400;\">Data:\u00a022\u00a0de dezembro<br \/>\nHor\u00e1rio:\u00a020h<br \/>\nLocal: Igreja do Sagrado Cora\u00e7\u00e3o de Jesus\u00a0\u2013 Rua Montecaseros, n\u00famero 95, no Centro de Petr\u00f3polis.<br \/>\nEntrada:\u00a0Gratuita<\/p>\n<p style=\"font-weight: 400;\">Mais informa\u00e7\u00f5es sobre as atividades do Instituto podem ser consultadas pelo site\u00a0<a href=\"http:\/\/canarinhos.com.br\/\" data-saferedirecturl=\"https:\/\/www.google.com\/url?q=http:\/\/canarinhos.com.br\/&amp;source=gmail&amp;ust=1545155396006000&amp;usg=AFQjCNHEg1chl4Xyly-406FlaxFKit85LQ\">http:\/\/canarinhos.com.br<\/a>, pelo Facebook\u00a0<a href=\"http:\/\/fb.com\/canarinhosdepetropolis\" data-saferedirecturl=\"https:\/\/www.google.com\/url?q=http:\/\/fb.com\/canarinhosdepetropolis&amp;source=gmail&amp;ust=1545155396006000&amp;usg=AFQjCNHU6t8pBX-TKyydqhhtoUi5AK9qtQ\">http:\/\/fb.com\/canarinhosdepetropolis<\/a>\u00a0ou pelo telefone\u00a0(24) 2104-4141.<\/p>\n","protected":false},"excerpt":{"rendered":"<p>Petr\u00f3polis (RJ) &#8211; O Natal ser\u00e1 celebrado mais uma vez pelo tradicional Concerto de Natal do Instituto dos Meninos Cantores de Petr\u00f3polis (IMCP). Ao todo, 200 vozes integrar\u00e3o a apresenta\u00e7\u00e3o que trar\u00e1 ao p\u00fablico um momento de reflex\u00e3o sobre o esp\u00edrito de Natal. O Concerto ser\u00e1 realizado no dia 22, \u00e0s 20h, na Igreja do [&hellip;]<\/p>\n","protected":false},"author":1,"featured_media":192962,"comment_status":"open","ping_status":"open","sticky":false,"template":"","format":"standard","meta":[],"categories":[1],"tags":[1378,1531],"acf":[],"yoast_head":"<!-- This site is optimized with the Yoast SEO plugin v19.2 - https:\/\/yoast.com\/wordpress\/plugins\/seo\/ -->\n<title>Corais dos Canarinhos realizam Concerto de Natal\u00a0 - Not\u00edcias - Franciscanos<\/title>\n<meta name=\"robots\" content=\"index, follow, max-snippet:-1, max-image-preview:large, max-video-preview:-1\" \/>\n<link rel=\"canonical\" href=\"https:\/\/franciscanos.org.br\/noticias\/corais-dos-canarinhos-realizam-concerto-de-natal.html\" \/>\n<meta property=\"og:locale\" content=\"pt_BR\" \/>\n<meta property=\"og:type\" content=\"article\" \/>\n<meta property=\"og:title\" content=\"Corais dos Canarinhos realizam Concerto de Natal\u00a0 - Not\u00edcias - Franciscanos\" \/>\n<meta property=\"og:description\" content=\"Petr\u00f3polis (RJ) &#8211; O Natal ser\u00e1 celebrado mais uma vez pelo tradicional Concerto de Natal do Instituto dos Meninos Cantores de Petr\u00f3polis (IMCP). Ao todo, 200 vozes integrar\u00e3o a apresenta\u00e7\u00e3o que trar\u00e1 ao p\u00fablico um momento de reflex\u00e3o sobre o esp\u00edrito de Natal. O Concerto ser\u00e1 realizado no dia 22, \u00e0s 20h, na Igreja do [&hellip;]\" \/>\n<meta property=\"og:url\" content=\"https:\/\/franciscanos.org.br\/noticias\/corais-dos-canarinhos-realizam-concerto-de-natal.html\" \/>\n<meta property=\"og:site_name\" content=\"Not\u00edcias - Franciscanos\" \/>\n<meta property=\"article:published_time\" content=\"2018-12-19T00:08:16+00:00\" \/>\n<meta property=\"article:modified_time\" content=\"2021-07-05T23:13:57+00:00\" \/>\n<meta property=\"og:image\" content=\"https:\/\/franciscanos.org.br\/noticias\/wp-content\/uploads\/2018\/12\/canarinhos-171218-p.jpg\" \/>\n\t<meta property=\"og:image:width\" content=\"273\" \/>\n\t<meta property=\"og:image:height\" content=\"181\" \/>\n\t<meta property=\"og:image:type\" content=\"image\/jpeg\" \/>\n<meta name=\"author\" content=\"admin\" \/>\n<meta name=\"twitter:card\" content=\"summary_large_image\" \/>\n<meta name=\"twitter:label1\" content=\"Escrito por\" \/>\n\t<meta name=\"twitter:data1\" content=\"admin\" \/>\n\t<meta name=\"twitter:label2\" content=\"Est. tempo de leitura\" \/>\n\t<meta name=\"twitter:data2\" content=\"2 minutos\" \/>\n<script type=\"application\/ld+json\" class=\"yoast-schema-graph\">{\"@context\":\"https:\/\/schema.org\",\"@graph\":[{\"@type\":\"WebSite\",\"@id\":\"https:\/\/franciscanos.org.br\/noticias\/#website\",\"url\":\"https:\/\/franciscanos.org.br\/noticias\/\",\"name\":\"Not\u00edcias - Franciscanos\",\"description\":\"Prov\u00edncia Franciscana da Imaculada Concei\u00e7\u00e3o do Brasil - Ordem dos Frades Menores - OFM\",\"potentialAction\":[{\"@type\":\"SearchAction\",\"target\":{\"@type\":\"EntryPoint\",\"urlTemplate\":\"https:\/\/franciscanos.org.br\/noticias\/?s={search_term_string}\"},\"query-input\":\"required name=search_term_string\"}],\"inLanguage\":\"pt-BR\"},{\"@type\":\"ImageObject\",\"inLanguage\":\"pt-BR\",\"@id\":\"https:\/\/franciscanos.org.br\/noticias\/corais-dos-canarinhos-realizam-concerto-de-natal.html#primaryimage\",\"url\":\"https:\/\/franciscanos.org.br\/noticias\/wp-content\/uploads\/2018\/12\/canarinhos-171218-p.jpg\",\"contentUrl\":\"https:\/\/franciscanos.org.br\/noticias\/wp-content\/uploads\/2018\/12\/canarinhos-171218-p.jpg\",\"width\":273,\"height\":181},{\"@type\":\"WebPage\",\"@id\":\"https:\/\/franciscanos.org.br\/noticias\/corais-dos-canarinhos-realizam-concerto-de-natal.html#webpage\",\"url\":\"https:\/\/franciscanos.org.br\/noticias\/corais-dos-canarinhos-realizam-concerto-de-natal.html\",\"name\":\"Corais dos Canarinhos realizam Concerto de Natal\u00a0 - Not\u00edcias - Franciscanos\",\"isPartOf\":{\"@id\":\"https:\/\/franciscanos.org.br\/noticias\/#website\"},\"primaryImageOfPage\":{\"@id\":\"https:\/\/franciscanos.org.br\/noticias\/corais-dos-canarinhos-realizam-concerto-de-natal.html#primaryimage\"},\"datePublished\":\"2018-12-19T00:08:16+00:00\",\"dateModified\":\"2021-07-05T23:13:57+00:00\",\"author\":{\"@id\":\"https:\/\/franciscanos.org.br\/noticias\/#\/schema\/person\/b38fbf43118f02820bd932f2e4b14ad3\"},\"breadcrumb\":{\"@id\":\"https:\/\/franciscanos.org.br\/noticias\/corais-dos-canarinhos-realizam-concerto-de-natal.html#breadcrumb\"},\"inLanguage\":\"pt-BR\",\"potentialAction\":[{\"@type\":\"ReadAction\",\"target\":[\"https:\/\/franciscanos.org.br\/noticias\/corais-dos-canarinhos-realizam-concerto-de-natal.html\"]}]},{\"@type\":\"BreadcrumbList\",\"@id\":\"https:\/\/franciscanos.org.br\/noticias\/corais-dos-canarinhos-realizam-concerto-de-natal.html#breadcrumb\",\"itemListElement\":[{\"@type\":\"ListItem\",\"position\":1,\"name\":\"Home\",\"item\":\"https:\/\/franciscanos.org.br\/noticias\"},{\"@type\":\"ListItem\",\"position\":2,\"name\":\"Corais dos Canarinhos realizam Concerto de Natal\u00a0\"}]},{\"@type\":\"Person\",\"@id\":\"https:\/\/franciscanos.org.br\/noticias\/#\/schema\/person\/b38fbf43118f02820bd932f2e4b14ad3\",\"name\":\"admin\",\"image\":{\"@type\":\"ImageObject\",\"inLanguage\":\"pt-BR\",\"@id\":\"https:\/\/franciscanos.org.br\/noticias\/#\/schema\/person\/image\/\",\"url\":\"https:\/\/secure.gravatar.com\/avatar\/e8495742d34d0ba6448ea1c628263b3e?s=96&d=mm&r=g\",\"contentUrl\":\"https:\/\/secure.gravatar.com\/avatar\/e8495742d34d0ba6448ea1c628263b3e?s=96&d=mm&r=g\",\"caption\":\"admin\"},\"url\":\"https:\/\/franciscanos.org.br\/noticias\/author\/admin\"}]}<\/script>\n<!-- \/ Yoast SEO plugin. -->","yoast_head_json":{"title":"Corais dos Canarinhos realizam Concerto de Natal\u00a0 - Not\u00edcias - Franciscanos","robots":{"index":"index","follow":"follow","max-snippet":"max-snippet:-1","max-image-preview":"max-image-preview:large","max-video-preview":"max-video-preview:-1"},"canonical":"https:\/\/franciscanos.org.br\/noticias\/corais-dos-canarinhos-realizam-concerto-de-natal.html","og_locale":"pt_BR","og_type":"article","og_title":"Corais dos Canarinhos realizam Concerto de Natal\u00a0 - Not\u00edcias - Franciscanos","og_description":"Petr\u00f3polis (RJ) &#8211; O Natal ser\u00e1 celebrado mais uma vez pelo tradicional Concerto de Natal do Instituto dos Meninos Cantores de Petr\u00f3polis (IMCP). Ao todo, 200 vozes integrar\u00e3o a apresenta\u00e7\u00e3o que trar\u00e1 ao p\u00fablico um momento de reflex\u00e3o sobre o esp\u00edrito de Natal. O Concerto ser\u00e1 realizado no dia 22, \u00e0s 20h, na Igreja do [&hellip;]","og_url":"https:\/\/franciscanos.org.br\/noticias\/corais-dos-canarinhos-realizam-concerto-de-natal.html","og_site_name":"Not\u00edcias - Franciscanos","article_published_time":"2018-12-19T00:08:16+00:00","article_modified_time":"2021-07-05T23:13:57+00:00","og_image":[{"width":273,"height":181,"url":"https:\/\/franciscanos.org.br\/noticias\/wp-content\/uploads\/2018\/12\/canarinhos-171218-p.jpg","type":"image\/jpeg"}],"author":"admin","twitter_card":"summary_large_image","twitter_misc":{"Escrito por":"admin","Est. tempo de leitura":"2 minutos"},"schema":{"@context":"https:\/\/schema.org","@graph":[{"@type":"WebSite","@id":"https:\/\/franciscanos.org.br\/noticias\/#website","url":"https:\/\/franciscanos.org.br\/noticias\/","name":"Not\u00edcias - Franciscanos","description":"Prov\u00edncia Franciscana da Imaculada Concei\u00e7\u00e3o do Brasil - Ordem dos Frades Menores - OFM","potentialAction":[{"@type":"SearchAction","target":{"@type":"EntryPoint","urlTemplate":"https:\/\/franciscanos.org.br\/noticias\/?s={search_term_string}"},"query-input":"required name=search_term_string"}],"inLanguage":"pt-BR"},{"@type":"ImageObject","inLanguage":"pt-BR","@id":"https:\/\/franciscanos.org.br\/noticias\/corais-dos-canarinhos-realizam-concerto-de-natal.html#primaryimage","url":"https:\/\/franciscanos.org.br\/noticias\/wp-content\/uploads\/2018\/12\/canarinhos-171218-p.jpg","contentUrl":"https:\/\/franciscanos.org.br\/noticias\/wp-content\/uploads\/2018\/12\/canarinhos-171218-p.jpg","width":273,"height":181},{"@type":"WebPage","@id":"https:\/\/franciscanos.org.br\/noticias\/corais-dos-canarinhos-realizam-concerto-de-natal.html#webpage","url":"https:\/\/franciscanos.org.br\/noticias\/corais-dos-canarinhos-realizam-concerto-de-natal.html","name":"Corais dos Canarinhos realizam Concerto de Natal\u00a0 - Not\u00edcias - Franciscanos","isPartOf":{"@id":"https:\/\/franciscanos.org.br\/noticias\/#website"},"primaryImageOfPage":{"@id":"https:\/\/franciscanos.org.br\/noticias\/corais-dos-canarinhos-realizam-concerto-de-natal.html#primaryimage"},"datePublished":"2018-12-19T00:08:16+00:00","dateModified":"2021-07-05T23:13:57+00:00","author":{"@id":"https:\/\/franciscanos.org.br\/noticias\/#\/schema\/person\/b38fbf43118f02820bd932f2e4b14ad3"},"breadcrumb":{"@id":"https:\/\/franciscanos.org.br\/noticias\/corais-dos-canarinhos-realizam-concerto-de-natal.html#breadcrumb"},"inLanguage":"pt-BR","potentialAction":[{"@type":"ReadAction","target":["https:\/\/franciscanos.org.br\/noticias\/corais-dos-canarinhos-realizam-concerto-de-natal.html"]}]},{"@type":"BreadcrumbList","@id":"https:\/\/franciscanos.org.br\/noticias\/corais-dos-canarinhos-realizam-concerto-de-natal.html#breadcrumb","itemListElement":[{"@type":"ListItem","position":1,"name":"Home","item":"https:\/\/franciscanos.org.br\/noticias"},{"@type":"ListItem","position":2,"name":"Corais dos Canarinhos realizam Concerto de Natal\u00a0"}]},{"@type":"Person","@id":"https:\/\/franciscanos.org.br\/noticias\/#\/schema\/person\/b38fbf43118f02820bd932f2e4b14ad3","name":"admin","image":{"@type":"ImageObject","inLanguage":"pt-BR","@id":"https:\/\/franciscanos.org.br\/noticias\/#\/schema\/person\/image\/","url":"https:\/\/secure.gravatar.com\/avatar\/e8495742d34d0ba6448ea1c628263b3e?s=96&d=mm&r=g","contentUrl":"https:\/\/secure.gravatar.com\/avatar\/e8495742d34d0ba6448ea1c628263b3e?s=96&d=mm&r=g","caption":"admin"},"url":"https:\/\/franciscanos.org.br\/noticias\/author\/admin"}]}},"_links":{"self":[{"href":"https:\/\/franciscanos.org.br\/noticias\/wp-json\/wp\/v2\/posts\/192960"}],"collection":[{"href":"https:\/\/franciscanos.org.br\/noticias\/wp-json\/wp\/v2\/posts"}],"about":[{"href":"https:\/\/franciscanos.org.br\/noticias\/wp-json\/wp\/v2\/types\/post"}],"author":[{"embeddable":true,"href":"https:\/\/franciscanos.org.br\/noticias\/wp-json\/wp\/v2\/users\/1"}],"replies":[{"embeddable":true,"href":"https:\/\/franciscanos.org.br\/noticias\/wp-json\/wp\/v2\/comments?post=192960"}],"version-history":[{"count":1,"href":"https:\/\/franciscanos.org.br\/noticias\/wp-json\/wp\/v2\/posts\/192960\/revisions"}],"predecessor-version":[{"id":232871,"href":"https:\/\/franciscanos.org.br\/noticias\/wp-json\/wp\/v2\/posts\/192960\/revisions\/232871"}],"wp:featuredmedia":[{"embeddable":true,"href":"https:\/\/franciscanos.org.br\/noticias\/wp-json\/wp\/v2\/media\/192962"}],"wp:attachment":[{"href":"https:\/\/franciscanos.org.br\/noticias\/wp-json\/wp\/v2\/media?parent=192960"}],"wp:term":[{"taxonomy":"category","embeddable":true,"href":"https:\/\/franciscanos.org.br\/noticias\/wp-json\/wp\/v2\/categories?post=192960"},{"taxonomy":"post_tag","embeddable":true,"href":"https:\/\/franciscanos.org.br\/noticias\/wp-json\/wp\/v2\/tags?post=192960"}],"curies":[{"name":"wp","href":"https:\/\/api.w.org\/{rel}","templated":true}]}}