{"id":192950,"date":"2018-12-17T10:53:41","date_gmt":"2018-12-17T12:53:41","guid":{"rendered":"https:\/\/franciscanos.org.br\/noticias\/?p=192950"},"modified":"2018-12-17T10:56:27","modified_gmt":"2018-12-17T12:56:27","slug":"itf-passa-a-oferecer-curso-de-teologia-ead","status":"publish","type":"post","link":"https:\/\/franciscanos.org.br\/noticias\/itf-passa-a-oferecer-curso-de-teologia-ead.html","title":{"rendered":"ITF passa a oferecer curso de Teologia EAD"},"content":{"rendered":"<p><img loading=\"lazy\" class=\"alignnone size-full wp-image-192952\" src=\"https:\/\/franciscanos.org.br\/noticias\/wp-content\/uploads\/2018\/12\/ead_181218-980.jpg\" alt=\"\" width=\"980\" height=\"550\" srcset=\"https:\/\/franciscanos.org.br\/noticias\/wp-content\/uploads\/2018\/12\/ead_181218-980.jpg 980w, https:\/\/franciscanos.org.br\/noticias\/wp-content\/uploads\/2018\/12\/ead_181218-980-450x253.jpg 450w, https:\/\/franciscanos.org.br\/noticias\/wp-content\/uploads\/2018\/12\/ead_181218-980-768x431.jpg 768w, https:\/\/franciscanos.org.br\/noticias\/wp-content\/uploads\/2018\/12\/ead_181218-980-150x84.jpg 150w\" sizes=\"(max-width: 980px) 100vw, 980px\" \/><\/p>\n<p>Em 2019, o Instituto Teol\u00f3gico Franciscano (ITF) ser\u00e1 polo da Educa\u00e7\u00e3o a Dist\u00e2ncia (EAD) da Universidade S\u00e3o Francisco (USF). No total, ser\u00e3o 21 cursos oferecidos na modalidade, incluindo a Teologia. Para realizar a inscri\u00e7\u00e3o, o candidato pode utilizar a nota do ENEM ou prova agendada, sendo isento de taxa de inscri\u00e7\u00e3o.<\/p>\n<p>Com 122 anos de hist\u00f3ria, a abertura do polo EAD em Petr\u00f3polis \u00e9 um marco para o Instituto. Para o diretor do ITF, \u00a0Frei Ant\u00f4nio Everaldo Palubiak Marinho, a iniciativa \u00e9 vista como uma forma de oferecer a mesma excel\u00eancia de ensino para os estudantes que optam pela modalidade n\u00e3o presencial. \u201cO ITF tem como miss\u00e3o oferecer a seus estudantes uma forma\u00e7\u00e3o acad\u00eamica de boa qualidade humano-teol\u00f3gica, na linha da evangeliza\u00e7\u00e3o e da perspectiva franciscana. Ao mesmo tempo, atendendo aos sinais dos tempos, corpo docente e corpo discente sabem que necessitam buscar novas formas para corresponder aos anseios atuais. Neste sentido, a EAD chega para somar e agregar mais valor \u00e0 nossa Institui\u00e7\u00e3o. A abertura de 21 novos cursos na modalidade EAD, aqui, pela Universidade S\u00e3o Francisco (USF), visa a forma\u00e7\u00e3o da pessoa humana e a capacita\u00e7\u00e3o profissional de um modo flex\u00edvel, atendendo \u00e0 demanda daqueles estudantes que n\u00e3o disp\u00f5em de tempo para frequentar um curso presencial\u201d, assegura o diretor.<\/p>\n<p>Atualmente no Brasil, mais de 1,8 milh\u00e3o de estudantes optam pela EAD, o que representa 21% do total de alunos no pa\u00eds, segundo o Censo da Educa\u00e7\u00e3o Superior, divulgado pelo Instituto Nacional de Estudos e Pesquisas Educacionais An\u00edsio Teixeira (Inep).<\/p>\n<p>H\u00e1 4 anos, a USF oferece cursos EAD, por\u00e9m, com a nova regulamenta\u00e7\u00e3o do Minist\u00e9rio da Educa\u00e7\u00e3o (MEC), que amplia a possibilidade das universidades oferecerem cursos nesta modalidade, a institui\u00e7\u00e3o decidiu aumentar a oferta e o n\u00famero de polos de apoio presenciais. \u201cA oferta de EAD responde, de modo muito feliz, \u00e0 pr\u00f3pria miss\u00e3o da USF de promover e difundir o conhecimento, sendo a EAD uma plataforma para isso, j\u00e1 que consegue atingir uma capilaridade bastante significativa. Consegue oferecer um ensino com forte tra\u00e7o de acessibilidade e democratiza\u00e7\u00e3o\u201d, garante o coordenador do N\u00facleo de Educa\u00e7\u00e3o a Dist\u00e2ncia da USF, Renato Adriano Pezenti.<\/p>\n<p>Para Frei Everaldo, a oferta supre uma demanda dos estudantes do pa\u00eds. \u201cAtualmente, a grande import\u00e2ncia da EAD no Brasil \u00e9 a de possibilitar acesso \u00e0 educa\u00e7\u00e3o, quebrando v\u00e1rias barreiras (de locomo\u00e7\u00e3o, de dist\u00e2ncia geogr\u00e1fica, de morosidade), que dificultam ou at\u00e9 impedem a uma grande parte de nossa popula\u00e7\u00e3o ter acesso a uma educa\u00e7\u00e3o de qualidade e com um investimento acess\u00edvel\u201d, afirma.\u00a0A meta \u00e9 atingir 100 estudantes at\u00e9 fevereiro.<\/p>\n<p>Os cursos que ser\u00e3o oferecidos no ITF na modalidade EAD s\u00e3o: Administra\u00e7\u00e3o, Ci\u00eancias Biol\u00f3gicas, Ci\u00eancias Cont\u00e1beis, Com\u00e9rcio Exterior, Educa\u00e7\u00e3o F\u00edsica (Bacharelado e Licenciatura), Gest\u00e3o Comercial, Gest\u00e3o Financeira, Gest\u00e3o Hospitalar, Gest\u00e3o P\u00fablica, Gest\u00e3o de Recursos Humanos, Hist\u00f3ria, Letras \u2013 Ingl\u00eas\/Portugu\u00eas, Log\u00edstica, Marketing, Pedagogia, Processos Gerenciais, Servi\u00e7o Social e Teologia.<\/p>\n<p>Para mais informa\u00e7\u00f5es e inscri\u00e7\u00e3o, acesse: <a href=\"http:\/\/usf.edu.br\/vestibular\" target=\"_blank\" rel=\"noopener\">usf.edu.br\/vestibular<\/a><\/p>\n<p><em>Foto:\u00a0Equipe da USF visita ITF para implementa\u00e7\u00e3o do EAD.<\/em><\/p>\n","protected":false},"excerpt":{"rendered":"<p>Em 2019, o Instituto Teol\u00f3gico Franciscano (ITF) ser\u00e1 polo da Educa\u00e7\u00e3o a Dist\u00e2ncia (EAD) da Universidade S\u00e3o Francisco (USF). No total, ser\u00e3o 21 cursos oferecidos na modalidade, incluindo a Teologia. Para realizar a inscri\u00e7\u00e3o, o candidato pode utilizar a nota do ENEM ou prova agendada, sendo isento de taxa de inscri\u00e7\u00e3o. Com 122 anos de [&hellip;]<\/p>\n","protected":false},"author":1,"featured_media":192953,"comment_status":"open","ping_status":"open","sticky":false,"template":"","format":"standard","meta":[],"categories":[1],"tags":[189,354],"acf":[],"yoast_head":"<!-- This site is optimized with the Yoast SEO plugin v19.2 - https:\/\/yoast.com\/wordpress\/plugins\/seo\/ -->\n<title>ITF passa a oferecer curso de Teologia EAD - Not\u00edcias - Franciscanos<\/title>\n<meta name=\"robots\" content=\"index, follow, max-snippet:-1, max-image-preview:large, max-video-preview:-1\" \/>\n<link rel=\"canonical\" href=\"https:\/\/franciscanos.org.br\/noticias\/itf-passa-a-oferecer-curso-de-teologia-ead.html\" \/>\n<meta property=\"og:locale\" content=\"pt_BR\" \/>\n<meta property=\"og:type\" content=\"article\" \/>\n<meta property=\"og:title\" content=\"ITF passa a oferecer curso de Teologia EAD - Not\u00edcias - Franciscanos\" \/>\n<meta property=\"og:description\" content=\"Em 2019, o Instituto Teol\u00f3gico Franciscano (ITF) ser\u00e1 polo da Educa\u00e7\u00e3o a Dist\u00e2ncia (EAD) da Universidade S\u00e3o Francisco (USF). No total, ser\u00e3o 21 cursos oferecidos na modalidade, incluindo a Teologia. Para realizar a inscri\u00e7\u00e3o, o candidato pode utilizar a nota do ENEM ou prova agendada, sendo isento de taxa de inscri\u00e7\u00e3o. Com 122 anos de [&hellip;]\" \/>\n<meta property=\"og:url\" content=\"https:\/\/franciscanos.org.br\/noticias\/itf-passa-a-oferecer-curso-de-teologia-ead.html\" \/>\n<meta property=\"og:site_name\" content=\"Not\u00edcias - Franciscanos\" \/>\n<meta property=\"article:published_time\" content=\"2018-12-17T12:53:41+00:00\" \/>\n<meta property=\"article:modified_time\" content=\"2018-12-17T12:56:27+00:00\" \/>\n<meta property=\"og:image\" content=\"https:\/\/franciscanos.org.br\/noticias\/wp-content\/uploads\/2018\/12\/ead_181218-273.jpg\" \/>\n\t<meta property=\"og:image:width\" content=\"273\" \/>\n\t<meta property=\"og:image:height\" content=\"181\" \/>\n\t<meta property=\"og:image:type\" content=\"image\/jpeg\" \/>\n<meta name=\"author\" content=\"admin\" \/>\n<meta name=\"twitter:card\" content=\"summary_large_image\" \/>\n<meta name=\"twitter:label1\" content=\"Escrito por\" \/>\n\t<meta name=\"twitter:data1\" content=\"admin\" \/>\n\t<meta name=\"twitter:label2\" content=\"Est. tempo de leitura\" \/>\n\t<meta name=\"twitter:data2\" content=\"3 minutos\" \/>\n<script type=\"application\/ld+json\" class=\"yoast-schema-graph\">{\"@context\":\"https:\/\/schema.org\",\"@graph\":[{\"@type\":\"WebSite\",\"@id\":\"https:\/\/franciscanos.org.br\/noticias\/#website\",\"url\":\"https:\/\/franciscanos.org.br\/noticias\/\",\"name\":\"Not\u00edcias - Franciscanos\",\"description\":\"Prov\u00edncia Franciscana da Imaculada Concei\u00e7\u00e3o do Brasil - Ordem dos Frades Menores - OFM\",\"potentialAction\":[{\"@type\":\"SearchAction\",\"target\":{\"@type\":\"EntryPoint\",\"urlTemplate\":\"https:\/\/franciscanos.org.br\/noticias\/?s={search_term_string}\"},\"query-input\":\"required name=search_term_string\"}],\"inLanguage\":\"pt-BR\"},{\"@type\":\"ImageObject\",\"inLanguage\":\"pt-BR\",\"@id\":\"https:\/\/franciscanos.org.br\/noticias\/itf-passa-a-oferecer-curso-de-teologia-ead.html#primaryimage\",\"url\":\"https:\/\/franciscanos.org.br\/noticias\/wp-content\/uploads\/2018\/12\/ead_181218-273.jpg\",\"contentUrl\":\"https:\/\/franciscanos.org.br\/noticias\/wp-content\/uploads\/2018\/12\/ead_181218-273.jpg\",\"width\":273,\"height\":181},{\"@type\":\"WebPage\",\"@id\":\"https:\/\/franciscanos.org.br\/noticias\/itf-passa-a-oferecer-curso-de-teologia-ead.html#webpage\",\"url\":\"https:\/\/franciscanos.org.br\/noticias\/itf-passa-a-oferecer-curso-de-teologia-ead.html\",\"name\":\"ITF passa a oferecer curso de Teologia EAD - Not\u00edcias - Franciscanos\",\"isPartOf\":{\"@id\":\"https:\/\/franciscanos.org.br\/noticias\/#website\"},\"primaryImageOfPage\":{\"@id\":\"https:\/\/franciscanos.org.br\/noticias\/itf-passa-a-oferecer-curso-de-teologia-ead.html#primaryimage\"},\"datePublished\":\"2018-12-17T12:53:41+00:00\",\"dateModified\":\"2018-12-17T12:56:27+00:00\",\"author\":{\"@id\":\"https:\/\/franciscanos.org.br\/noticias\/#\/schema\/person\/b38fbf43118f02820bd932f2e4b14ad3\"},\"breadcrumb\":{\"@id\":\"https:\/\/franciscanos.org.br\/noticias\/itf-passa-a-oferecer-curso-de-teologia-ead.html#breadcrumb\"},\"inLanguage\":\"pt-BR\",\"potentialAction\":[{\"@type\":\"ReadAction\",\"target\":[\"https:\/\/franciscanos.org.br\/noticias\/itf-passa-a-oferecer-curso-de-teologia-ead.html\"]}]},{\"@type\":\"BreadcrumbList\",\"@id\":\"https:\/\/franciscanos.org.br\/noticias\/itf-passa-a-oferecer-curso-de-teologia-ead.html#breadcrumb\",\"itemListElement\":[{\"@type\":\"ListItem\",\"position\":1,\"name\":\"Home\",\"item\":\"https:\/\/franciscanos.org.br\/noticias\"},{\"@type\":\"ListItem\",\"position\":2,\"name\":\"ITF passa a oferecer curso de Teologia EAD\"}]},{\"@type\":\"Person\",\"@id\":\"https:\/\/franciscanos.org.br\/noticias\/#\/schema\/person\/b38fbf43118f02820bd932f2e4b14ad3\",\"name\":\"admin\",\"image\":{\"@type\":\"ImageObject\",\"inLanguage\":\"pt-BR\",\"@id\":\"https:\/\/franciscanos.org.br\/noticias\/#\/schema\/person\/image\/\",\"url\":\"https:\/\/secure.gravatar.com\/avatar\/e8495742d34d0ba6448ea1c628263b3e?s=96&d=mm&r=g\",\"contentUrl\":\"https:\/\/secure.gravatar.com\/avatar\/e8495742d34d0ba6448ea1c628263b3e?s=96&d=mm&r=g\",\"caption\":\"admin\"},\"url\":\"https:\/\/franciscanos.org.br\/noticias\/author\/admin\"}]}<\/script>\n<!-- \/ Yoast SEO plugin. -->","yoast_head_json":{"title":"ITF passa a oferecer curso de Teologia EAD - Not\u00edcias - Franciscanos","robots":{"index":"index","follow":"follow","max-snippet":"max-snippet:-1","max-image-preview":"max-image-preview:large","max-video-preview":"max-video-preview:-1"},"canonical":"https:\/\/franciscanos.org.br\/noticias\/itf-passa-a-oferecer-curso-de-teologia-ead.html","og_locale":"pt_BR","og_type":"article","og_title":"ITF passa a oferecer curso de Teologia EAD - Not\u00edcias - Franciscanos","og_description":"Em 2019, o Instituto Teol\u00f3gico Franciscano (ITF) ser\u00e1 polo da Educa\u00e7\u00e3o a Dist\u00e2ncia (EAD) da Universidade S\u00e3o Francisco (USF). No total, ser\u00e3o 21 cursos oferecidos na modalidade, incluindo a Teologia. Para realizar a inscri\u00e7\u00e3o, o candidato pode utilizar a nota do ENEM ou prova agendada, sendo isento de taxa de inscri\u00e7\u00e3o. Com 122 anos de [&hellip;]","og_url":"https:\/\/franciscanos.org.br\/noticias\/itf-passa-a-oferecer-curso-de-teologia-ead.html","og_site_name":"Not\u00edcias - Franciscanos","article_published_time":"2018-12-17T12:53:41+00:00","article_modified_time":"2018-12-17T12:56:27+00:00","og_image":[{"width":273,"height":181,"url":"https:\/\/franciscanos.org.br\/noticias\/wp-content\/uploads\/2018\/12\/ead_181218-273.jpg","type":"image\/jpeg"}],"author":"admin","twitter_card":"summary_large_image","twitter_misc":{"Escrito por":"admin","Est. tempo de leitura":"3 minutos"},"schema":{"@context":"https:\/\/schema.org","@graph":[{"@type":"WebSite","@id":"https:\/\/franciscanos.org.br\/noticias\/#website","url":"https:\/\/franciscanos.org.br\/noticias\/","name":"Not\u00edcias - Franciscanos","description":"Prov\u00edncia Franciscana da Imaculada Concei\u00e7\u00e3o do Brasil - Ordem dos Frades Menores - OFM","potentialAction":[{"@type":"SearchAction","target":{"@type":"EntryPoint","urlTemplate":"https:\/\/franciscanos.org.br\/noticias\/?s={search_term_string}"},"query-input":"required name=search_term_string"}],"inLanguage":"pt-BR"},{"@type":"ImageObject","inLanguage":"pt-BR","@id":"https:\/\/franciscanos.org.br\/noticias\/itf-passa-a-oferecer-curso-de-teologia-ead.html#primaryimage","url":"https:\/\/franciscanos.org.br\/noticias\/wp-content\/uploads\/2018\/12\/ead_181218-273.jpg","contentUrl":"https:\/\/franciscanos.org.br\/noticias\/wp-content\/uploads\/2018\/12\/ead_181218-273.jpg","width":273,"height":181},{"@type":"WebPage","@id":"https:\/\/franciscanos.org.br\/noticias\/itf-passa-a-oferecer-curso-de-teologia-ead.html#webpage","url":"https:\/\/franciscanos.org.br\/noticias\/itf-passa-a-oferecer-curso-de-teologia-ead.html","name":"ITF passa a oferecer curso de Teologia EAD - Not\u00edcias - Franciscanos","isPartOf":{"@id":"https:\/\/franciscanos.org.br\/noticias\/#website"},"primaryImageOfPage":{"@id":"https:\/\/franciscanos.org.br\/noticias\/itf-passa-a-oferecer-curso-de-teologia-ead.html#primaryimage"},"datePublished":"2018-12-17T12:53:41+00:00","dateModified":"2018-12-17T12:56:27+00:00","author":{"@id":"https:\/\/franciscanos.org.br\/noticias\/#\/schema\/person\/b38fbf43118f02820bd932f2e4b14ad3"},"breadcrumb":{"@id":"https:\/\/franciscanos.org.br\/noticias\/itf-passa-a-oferecer-curso-de-teologia-ead.html#breadcrumb"},"inLanguage":"pt-BR","potentialAction":[{"@type":"ReadAction","target":["https:\/\/franciscanos.org.br\/noticias\/itf-passa-a-oferecer-curso-de-teologia-ead.html"]}]},{"@type":"BreadcrumbList","@id":"https:\/\/franciscanos.org.br\/noticias\/itf-passa-a-oferecer-curso-de-teologia-ead.html#breadcrumb","itemListElement":[{"@type":"ListItem","position":1,"name":"Home","item":"https:\/\/franciscanos.org.br\/noticias"},{"@type":"ListItem","position":2,"name":"ITF passa a oferecer curso de Teologia EAD"}]},{"@type":"Person","@id":"https:\/\/franciscanos.org.br\/noticias\/#\/schema\/person\/b38fbf43118f02820bd932f2e4b14ad3","name":"admin","image":{"@type":"ImageObject","inLanguage":"pt-BR","@id":"https:\/\/franciscanos.org.br\/noticias\/#\/schema\/person\/image\/","url":"https:\/\/secure.gravatar.com\/avatar\/e8495742d34d0ba6448ea1c628263b3e?s=96&d=mm&r=g","contentUrl":"https:\/\/secure.gravatar.com\/avatar\/e8495742d34d0ba6448ea1c628263b3e?s=96&d=mm&r=g","caption":"admin"},"url":"https:\/\/franciscanos.org.br\/noticias\/author\/admin"}]}},"_links":{"self":[{"href":"https:\/\/franciscanos.org.br\/noticias\/wp-json\/wp\/v2\/posts\/192950"}],"collection":[{"href":"https:\/\/franciscanos.org.br\/noticias\/wp-json\/wp\/v2\/posts"}],"about":[{"href":"https:\/\/franciscanos.org.br\/noticias\/wp-json\/wp\/v2\/types\/post"}],"author":[{"embeddable":true,"href":"https:\/\/franciscanos.org.br\/noticias\/wp-json\/wp\/v2\/users\/1"}],"replies":[{"embeddable":true,"href":"https:\/\/franciscanos.org.br\/noticias\/wp-json\/wp\/v2\/comments?post=192950"}],"version-history":[{"count":0,"href":"https:\/\/franciscanos.org.br\/noticias\/wp-json\/wp\/v2\/posts\/192950\/revisions"}],"wp:featuredmedia":[{"embeddable":true,"href":"https:\/\/franciscanos.org.br\/noticias\/wp-json\/wp\/v2\/media\/192953"}],"wp:attachment":[{"href":"https:\/\/franciscanos.org.br\/noticias\/wp-json\/wp\/v2\/media?parent=192950"}],"wp:term":[{"taxonomy":"category","embeddable":true,"href":"https:\/\/franciscanos.org.br\/noticias\/wp-json\/wp\/v2\/categories?post=192950"},{"taxonomy":"post_tag","embeddable":true,"href":"https:\/\/franciscanos.org.br\/noticias\/wp-json\/wp\/v2\/tags?post=192950"}],"curies":[{"name":"wp","href":"https:\/\/api.w.org\/{rel}","templated":true}]}}